{"id":457220,"date":"2026-03-13T17:56:53","date_gmt":"2026-03-13T20:56:53","guid":{"rendered":"https:\/\/mrnews.com.br\/index.php\/2026\/03\/13\/governo-reconhece-situacao-de-emergencia-em-30-municipios\/"},"modified":"2026-03-13T17:56:53","modified_gmt":"2026-03-13T20:56:53","slug":"governo-reconhece-situacao-de-emergencia-em-30-municipios","status":"publish","type":"post","link":"https:\/\/mrnews.com.br\/index.php\/2026\/03\/13\/governo-reconhece-situacao-de-emergencia-em-30-municipios\/","title":{"rendered":"Governo reconhece situa\u00e7\u00e3o de emerg\u00eancia em 30 munic\u00edpios"},"content":{"rendered":"<p>Por EBC, <\/p>\n<div>\n<p><strong>O Minist\u00e9rio da Integra\u00e7\u00e3o e do Desenvolvimento Regional (MIDR) reconheceu nesta sexta-feira (13) a situa\u00e7\u00e3o de emerg\u00eancia em 30 cidades afetadas por desastres.<\/strong> As cidades contempladas est\u00e3o nos estados do Amazonas, Bahia, Mato Grosso, Mato Grosso do Sul, Minas Gerais, Par\u00e1, Para\u00edba, Pernambuco, Piau\u00ed, Rio de Janeiro, Rio Grande do Sul, Santa Catarina, S\u00e3o Paulo e Sergipe.\u00a0<\/p>\n<p><strong>Com o reconhecimento da situa\u00e7\u00e3o de emerg\u00eancia, as prefeituras podem solicitar recursos do governo federal para a\u00e7\u00f5es de defesa civil, como compra de cestas b\u00e1sicas, \u00e1gua mineral, refei\u00e7\u00e3o para trabalhadores e volunt\u00e1rios, kits de limpeza de resid\u00eancia, higiene pessoal e dormit\u00f3rio, entre outros.<\/strong><\/p>\n<p>A situa\u00e7\u00e3o de emerg\u00eancia foi reconhecida em raz\u00e3o de fortes chuvas que castigaram os munic\u00edpios de Arataca, Cachoeira, Camacan, Medeiros Neto e Nova Ibi\u00e1, na Bahia; Peixoto de Azevedo, no Mato Grosso; Rio Negro, no Mato Grosso do Sul;<\/p>\n<p>O mesmo motivo levou ao reconhecimento da emerg\u00eancia em Argirita, Mato Verde, Padre Para\u00edso, Pescador, Santa Maria do Salto e Taparuba, em Minas Gerais; Bel\u00e9m e Rio Maria, no Par\u00e1; Jucati, em Pernambuco; Bom Jardim, Japeri e Natividade, no Rio de Janeiro; Maximiliano de Almeida, no Rio Grande do Sul; Imbituba, em Santa Catarina, e Canind\u00e9 de S\u00e3o Francisco, em Sergipe.<\/p>\n<p>&gt;&gt; Siga o canal da <strong>Ag\u00eancia Brasil <\/strong>no WhatsApp<\/p>\n<p>J\u00e1 as cidades de Eirunep\u00e9 e Itamarati, no Amazonas, e Aperib\u00e9, no Rio de Janeiro, obtiveram o reconhecimento federal de situa\u00e7\u00e3o de emerg\u00eancia por causa de inunda\u00e7\u00f5es. A cidade de Estrela, no Rio Grande do Sul, teve o reconhecimento devido ao vendaval.<\/p>\n<p>A seca a estiagem foi o motivo do reconhecimento da situa\u00e7\u00e3o de emerg\u00eancia nos munic\u00edpios de Mogeiro, na Para\u00edba, e S\u00e3o Francisco de Assis do Piau\u00ed, no Piau\u00ed, O munic\u00edpio de \u00d3bidos, no Par\u00e1, registrou eros\u00e3o continental\/bo\u00e7orocas, e Dumont, em S\u00e3o Paulo, eros\u00e3o continental\/laminar.<\/p>\n<p>      <!-- Relacionada --><\/p>\n<p>            <!-- Relacionada -->\n    <\/div>\n","protected":false},"excerpt":{"rendered":"<p>Por EBC, O Minist\u00e9rio da Integra\u00e7\u00e3o e do Desenvolvimento Regional (MIDR) reconheceu nesta sexta-feira (13) a situa\u00e7\u00e3o de emerg\u00eancia em 30 cidades afetadas por desastres. As cidades contempladas est\u00e3o nos estados do Amazonas, Bahia, Mato Grosso, Mato Grosso do Sul, Minas Gerais, Par\u00e1, Para\u00edba, Pernambuco, Piau\u00ed, Rio de Janeiro, Rio Grande do Sul, Santa Catarina, &hellip;<\/p>\n","protected":false},"author":1,"featured_media":0,"comment_status":"open","ping_status":"open","sticky":false,"template":"","format":"standard","meta":{"_jetpack_memberships_contains_paid_content":false,"footnotes":""},"categories":[2,12225,4],"tags":[],"class_list":["post-457220","post","type-post","status-publish","format-standard","hentry","category-entretenimento","category-noticias","category-servicos"],"yoast_head":"<!-- This site is optimized with the Yoast SEO plugin v27.5 - https:\/\/yoast.com\/product\/yoast-seo-wordpress\/ -->\n<title>Governo reconhece situa\u00e7\u00e3o de emerg\u00eancia em 30 munic\u00edpios<\/title>\n<meta name=\"robots\" content=\"index, follow, max-snippet:-1, max-image-preview:large, max-video-preview:-1\" \/>\n<link rel=\"canonical\" href=\"https:\/\/agenciabrasil.ebc.com.br\/geral\/noticia\/2026-03\/governo-reconhece-situacao-de-emergencia-em-30-municipios\" \/>\n<meta property=\"og:locale\" content=\"pt_BR\" \/>\n<meta property=\"og:type\" content=\"article\" \/>\n<meta property=\"og:title\" content=\"Governo reconhece situa\u00e7\u00e3o de emerg\u00eancia em 30 munic\u00edpios\" \/>\n<meta property=\"og:description\" content=\"Por EBC, O Minist\u00e9rio da Integra\u00e7\u00e3o e do Desenvolvimento Regional (MIDR) reconheceu nesta sexta-feira (13) a situa\u00e7\u00e3o de emerg\u00eancia em 30 cidades afetadas por desastres. As cidades contempladas est\u00e3o nos estados do Amazonas, Bahia, Mato Grosso, Mato Grosso do Sul, Minas Gerais, Par\u00e1, Para\u00edba, Pernambuco, Piau\u00ed, Rio de Janeiro, Rio Grande do Sul, Santa Catarina, &hellip;\" \/>\n<meta property=\"og:url\" content=\"https:\/\/agenciabrasil.ebc.com.br\/geral\/noticia\/2026-03\/governo-reconhece-situacao-de-emergencia-em-30-municipios\" \/>\n<meta property=\"og:site_name\" content=\"MRNews\" \/>\n<meta property=\"article:publisher\" content=\"https:\/\/www.facebook.com\/eaipahpah\/?locale2=pt_BR\" \/>\n<meta property=\"article:published_time\" content=\"2026-03-13T20:56:53+00:00\" \/>\n<meta name=\"author\" content=\"MR News\" \/>\n<meta name=\"twitter:card\" content=\"summary_large_image\" \/>\n<meta name=\"twitter:creator\" content=\"@conspirou\" \/>\n<meta name=\"twitter:site\" content=\"@conspirou\" \/>\n<meta name=\"twitter:label1\" content=\"Escrito por\" \/>\n\t<meta name=\"twitter:data1\" content=\"MR News\" \/>\n\t<meta name=\"twitter:label2\" content=\"Est. tempo de leitura\" \/>\n\t<meta name=\"twitter:data2\" content=\"2 minutos\" \/>\n<script type=\"application\/ld+json\" class=\"yoast-schema-graph\">{\"@context\":\"https:\\\/\\\/schema.org\",\"@graph\":[{\"@type\":\"Article\",\"@id\":\"https:\\\/\\\/agenciabrasil.ebc.com.br\\\/geral\\\/noticia\\\/2026-03\\\/governo-reconhece-situacao-de-emergencia-em-30-municipios#article\",\"isPartOf\":{\"@id\":\"https:\\\/\\\/mrnews.com.br\\\/index.php\\\/2026\\\/03\\\/13\\\/governo-reconhece-situacao-de-emergencia-em-30-municipios\\\/\"},\"author\":{\"name\":\"MR News\",\"@id\":\"https:\\\/\\\/mrnews.com.br\\\/#\\\/schema\\\/person\\\/be3203154562a9f207407861cef7827b\"},\"headline\":\"Governo reconhece situa\u00e7\u00e3o de emerg\u00eancia em 30 munic\u00edpios\",\"datePublished\":\"2026-03-13T20:56:53+00:00\",\"mainEntityOfPage\":{\"@id\":\"https:\\\/\\\/mrnews.com.br\\\/index.php\\\/2026\\\/03\\\/13\\\/governo-reconhece-situacao-de-emergencia-em-30-municipios\\\/\"},\"wordCount\":345,\"commentCount\":0,\"publisher\":{\"@id\":\"https:\\\/\\\/mrnews.com.br\\\/#organization\"},\"articleSection\":[\"ENTRETENIMENTO\",\"NOTICIAS\",\"SERVI\u00c7OS\"],\"inLanguage\":\"pt-BR\",\"potentialAction\":[{\"@type\":\"CommentAction\",\"name\":\"Comment\",\"target\":[\"https:\\\/\\\/agenciabrasil.ebc.com.br\\\/geral\\\/noticia\\\/2026-03\\\/governo-reconhece-situacao-de-emergencia-em-30-municipios#respond\"]}]},{\"@type\":\"WebPage\",\"@id\":\"https:\\\/\\\/mrnews.com.br\\\/index.php\\\/2026\\\/03\\\/13\\\/governo-reconhece-situacao-de-emergencia-em-30-municipios\\\/\",\"url\":\"https:\\\/\\\/agenciabrasil.ebc.com.br\\\/geral\\\/noticia\\\/2026-03\\\/governo-reconhece-situacao-de-emergencia-em-30-municipios\",\"name\":\"Governo reconhece situa\u00e7\u00e3o de emerg\u00eancia em 30 munic\u00edpios\",\"isPartOf\":{\"@id\":\"https:\\\/\\\/mrnews.com.br\\\/#website\"},\"datePublished\":\"2026-03-13T20:56:53+00:00\",\"breadcrumb\":{\"@id\":\"https:\\\/\\\/agenciabrasil.ebc.com.br\\\/geral\\\/noticia\\\/2026-03\\\/governo-reconhece-situacao-de-emergencia-em-30-municipios#breadcrumb\"},\"inLanguage\":\"pt-BR\",\"potentialAction\":[{\"@type\":\"ReadAction\",\"target\":[\"https:\\\/\\\/agenciabrasil.ebc.com.br\\\/geral\\\/noticia\\\/2026-03\\\/governo-reconhece-situacao-de-emergencia-em-30-municipios\"]}]},{\"@type\":\"BreadcrumbList\",\"@id\":\"https:\\\/\\\/agenciabrasil.ebc.com.br\\\/geral\\\/noticia\\\/2026-03\\\/governo-reconhece-situacao-de-emergencia-em-30-municipios#breadcrumb\",\"itemListElement\":[{\"@type\":\"ListItem\",\"position\":1,\"name\":\"In\u00edcio\",\"item\":\"https:\\\/\\\/mrnews.com.br\\\/\"},{\"@type\":\"ListItem\",\"position\":2,\"name\":\"Governo reconhece situa\u00e7\u00e3o de emerg\u00eancia em 30 munic\u00edpios\"}]},{\"@type\":\"WebSite\",\"@id\":\"https:\\\/\\\/mrnews.com.br\\\/#website\",\"url\":\"https:\\\/\\\/mrnews.com.br\\\/\",\"name\":\"MRNews\",\"description\":\"MRNews Jogos de hoje da TV, transmiss\u00f5es ao vivo, Not\u00edcias de futebol, Jogos ao vivo, Lives, resumo de novelas, Programa\u00e7\u00e3o da Globo, A Fazenda e BBB\",\"publisher\":{\"@id\":\"https:\\\/\\\/mrnews.com.br\\\/#organization\"},\"potentialAction\":[{\"@type\":\"SearchAction\",\"target\":{\"@type\":\"EntryPoint\",\"urlTemplate\":\"https:\\\/\\\/mrnews.com.br\\\/?s={search_term_string}\"},\"query-input\":{\"@type\":\"PropertyValueSpecification\",\"valueRequired\":true,\"valueName\":\"search_term_string\"}}],\"inLanguage\":\"pt-BR\"},{\"@type\":\"Organization\",\"@id\":\"https:\\\/\\\/mrnews.com.br\\\/#organization\",\"name\":\"MRNews\",\"url\":\"https:\\\/\\\/mrnews.com.br\\\/\",\"logo\":{\"@type\":\"ImageObject\",\"inLanguage\":\"pt-BR\",\"@id\":\"https:\\\/\\\/mrnews.com.br\\\/#\\\/schema\\\/logo\\\/image\\\/\",\"url\":\"https:\\\/\\\/mrnews.com.br\\\/wp-content\\\/uploads\\\/2019\\\/06\\\/MRNewslogo2.png\",\"contentUrl\":\"https:\\\/\\\/mrnews.com.br\\\/wp-content\\\/uploads\\\/2019\\\/06\\\/MRNewslogo2.png\",\"width\":223,\"height\":58,\"caption\":\"MRNews\"},\"image\":{\"@id\":\"https:\\\/\\\/mrnews.com.br\\\/#\\\/schema\\\/logo\\\/image\\\/\"},\"sameAs\":[\"https:\\\/\\\/www.facebook.com\\\/eaipahpah\\\/?locale2=pt_BR\",\"https:\\\/\\\/x.com\\\/conspirou\",\"https:\\\/\\\/www.instagram.com\\\/eai_pahpah\",\"https:\\\/\\\/br.pinterest.com\\\/mrnewsn\\\/boards\\\/\",\"https:\\\/\\\/www.youtube.com\\\/channel\\\/UCacgnpznQ61fifLWr1tQ-vA?view_as=subscriber\"]},{\"@type\":\"Person\",\"@id\":\"https:\\\/\\\/mrnews.com.br\\\/#\\\/schema\\\/person\\\/be3203154562a9f207407861cef7827b\",\"name\":\"MR News\",\"image\":{\"@type\":\"ImageObject\",\"inLanguage\":\"pt-BR\",\"@id\":\"https:\\\/\\\/secure.gravatar.com\\\/avatar\\\/04084e6d73c042b8646e7c17b494073bf0ede3ea13c7105cfc45cbbbc28385a4?s=96&d=monsterid&r=g\",\"url\":\"https:\\\/\\\/secure.gravatar.com\\\/avatar\\\/04084e6d73c042b8646e7c17b494073bf0ede3ea13c7105cfc45cbbbc28385a4?s=96&d=monsterid&r=g\",\"contentUrl\":\"https:\\\/\\\/secure.gravatar.com\\\/avatar\\\/04084e6d73c042b8646e7c17b494073bf0ede3ea13c7105cfc45cbbbc28385a4?s=96&d=monsterid&r=g\",\"caption\":\"MR News\"},\"description\":\"Especializado em jornalismo colaborativo pela FTP em n\u00edvel de p\u00f3s-gradua\u00e7\u00e3o. suporte@oimeliga.combr\",\"sameAs\":[\"HUGO R.\",\"Admin\"],\"url\":\"https:\\\/\\\/mrnews.com.br\\\/index.php\\\/author\\\/admin\\\/\"}]}<\/script>\n<!-- \/ Yoast SEO plugin. -->","yoast_head_json":{"title":"Governo reconhece situa\u00e7\u00e3o de emerg\u00eancia em 30 munic\u00edpios","robots":{"index":"index","follow":"follow","max-snippet":"max-snippet:-1","max-image-preview":"max-image-preview:large","max-video-preview":"max-video-preview:-1"},"canonical":"https:\/\/agenciabrasil.ebc.com.br\/geral\/noticia\/2026-03\/governo-reconhece-situacao-de-emergencia-em-30-municipios","og_locale":"pt_BR","og_type":"article","og_title":"Governo reconhece situa\u00e7\u00e3o de emerg\u00eancia em 30 munic\u00edpios","og_description":"Por EBC, O Minist\u00e9rio da Integra\u00e7\u00e3o e do Desenvolvimento Regional (MIDR) reconheceu nesta sexta-feira (13) a situa\u00e7\u00e3o de emerg\u00eancia em 30 cidades afetadas por desastres. As cidades contempladas est\u00e3o nos estados do Amazonas, Bahia, Mato Grosso, Mato Grosso do Sul, Minas Gerais, Par\u00e1, Para\u00edba, Pernambuco, Piau\u00ed, Rio de Janeiro, Rio Grande do Sul, Santa Catarina, &hellip;","og_url":"https:\/\/agenciabrasil.ebc.com.br\/geral\/noticia\/2026-03\/governo-reconhece-situacao-de-emergencia-em-30-municipios","og_site_name":"MRNews","article_publisher":"https:\/\/www.facebook.com\/eaipahpah\/?locale2=pt_BR","article_published_time":"2026-03-13T20:56:53+00:00","author":"MR News","twitter_card":"summary_large_image","twitter_creator":"@conspirou","twitter_site":"@conspirou","twitter_misc":{"Escrito por":"MR News","Est. tempo de leitura":"2 minutos"},"schema":{"@context":"https:\/\/schema.org","@graph":[{"@type":"Article","@id":"https:\/\/agenciabrasil.ebc.com.br\/geral\/noticia\/2026-03\/governo-reconhece-situacao-de-emergencia-em-30-municipios#article","isPartOf":{"@id":"https:\/\/mrnews.com.br\/index.php\/2026\/03\/13\/governo-reconhece-situacao-de-emergencia-em-30-municipios\/"},"author":{"name":"MR News","@id":"https:\/\/mrnews.com.br\/#\/schema\/person\/be3203154562a9f207407861cef7827b"},"headline":"Governo reconhece situa\u00e7\u00e3o de emerg\u00eancia em 30 munic\u00edpios","datePublished":"2026-03-13T20:56:53+00:00","mainEntityOfPage":{"@id":"https:\/\/mrnews.com.br\/index.php\/2026\/03\/13\/governo-reconhece-situacao-de-emergencia-em-30-municipios\/"},"wordCount":345,"commentCount":0,"publisher":{"@id":"https:\/\/mrnews.com.br\/#organization"},"articleSection":["ENTRETENIMENTO","NOTICIAS","SERVI\u00c7OS"],"inLanguage":"pt-BR","potentialAction":[{"@type":"CommentAction","name":"Comment","target":["https:\/\/agenciabrasil.ebc.com.br\/geral\/noticia\/2026-03\/governo-reconhece-situacao-de-emergencia-em-30-municipios#respond"]}]},{"@type":"WebPage","@id":"https:\/\/mrnews.com.br\/index.php\/2026\/03\/13\/governo-reconhece-situacao-de-emergencia-em-30-municipios\/","url":"https:\/\/agenciabrasil.ebc.com.br\/geral\/noticia\/2026-03\/governo-reconhece-situacao-de-emergencia-em-30-municipios","name":"Governo reconhece situa\u00e7\u00e3o de emerg\u00eancia em 30 munic\u00edpios","isPartOf":{"@id":"https:\/\/mrnews.com.br\/#website"},"datePublished":"2026-03-13T20:56:53+00:00","breadcrumb":{"@id":"https:\/\/agenciabrasil.ebc.com.br\/geral\/noticia\/2026-03\/governo-reconhece-situacao-de-emergencia-em-30-municipios#breadcrumb"},"inLanguage":"pt-BR","potentialAction":[{"@type":"ReadAction","target":["https:\/\/agenciabrasil.ebc.com.br\/geral\/noticia\/2026-03\/governo-reconhece-situacao-de-emergencia-em-30-municipios"]}]},{"@type":"BreadcrumbList","@id":"https:\/\/agenciabrasil.ebc.com.br\/geral\/noticia\/2026-03\/governo-reconhece-situacao-de-emergencia-em-30-municipios#breadcrumb","itemListElement":[{"@type":"ListItem","position":1,"name":"In\u00edcio","item":"https:\/\/mrnews.com.br\/"},{"@type":"ListItem","position":2,"name":"Governo reconhece situa\u00e7\u00e3o de emerg\u00eancia em 30 munic\u00edpios"}]},{"@type":"WebSite","@id":"https:\/\/mrnews.com.br\/#website","url":"https:\/\/mrnews.com.br\/","name":"MRNews","description":"MRNews Jogos de hoje da TV, transmiss\u00f5es ao vivo, Not\u00edcias de futebol, Jogos ao vivo, Lives, resumo de novelas, Programa\u00e7\u00e3o da Globo, A Fazenda e BBB","publisher":{"@id":"https:\/\/mrnews.com.br\/#organization"},"potentialAction":[{"@type":"SearchAction","target":{"@type":"EntryPoint","urlTemplate":"https:\/\/mrnews.com.br\/?s={search_term_string}"},"query-input":{"@type":"PropertyValueSpecification","valueRequired":true,"valueName":"search_term_string"}}],"inLanguage":"pt-BR"},{"@type":"Organization","@id":"https:\/\/mrnews.com.br\/#organization","name":"MRNews","url":"https:\/\/mrnews.com.br\/","logo":{"@type":"ImageObject","inLanguage":"pt-BR","@id":"https:\/\/mrnews.com.br\/#\/schema\/logo\/image\/","url":"https:\/\/mrnews.com.br\/wp-content\/uploads\/2019\/06\/MRNewslogo2.png","contentUrl":"https:\/\/mrnews.com.br\/wp-content\/uploads\/2019\/06\/MRNewslogo2.png","width":223,"height":58,"caption":"MRNews"},"image":{"@id":"https:\/\/mrnews.com.br\/#\/schema\/logo\/image\/"},"sameAs":["https:\/\/www.facebook.com\/eaipahpah\/?locale2=pt_BR","https:\/\/x.com\/conspirou","https:\/\/www.instagram.com\/eai_pahpah","https:\/\/br.pinterest.com\/mrnewsn\/boards\/","https:\/\/www.youtube.com\/channel\/UCacgnpznQ61fifLWr1tQ-vA?view_as=subscriber"]},{"@type":"Person","@id":"https:\/\/mrnews.com.br\/#\/schema\/person\/be3203154562a9f207407861cef7827b","name":"MR News","image":{"@type":"ImageObject","inLanguage":"pt-BR","@id":"https:\/\/secure.gravatar.com\/avatar\/04084e6d73c042b8646e7c17b494073bf0ede3ea13c7105cfc45cbbbc28385a4?s=96&d=monsterid&r=g","url":"https:\/\/secure.gravatar.com\/avatar\/04084e6d73c042b8646e7c17b494073bf0ede3ea13c7105cfc45cbbbc28385a4?s=96&d=monsterid&r=g","contentUrl":"https:\/\/secure.gravatar.com\/avatar\/04084e6d73c042b8646e7c17b494073bf0ede3ea13c7105cfc45cbbbc28385a4?s=96&d=monsterid&r=g","caption":"MR News"},"description":"Especializado em jornalismo colaborativo pela FTP em n\u00edvel de p\u00f3s-gradua\u00e7\u00e3o. suporte@oimeliga.combr","sameAs":["HUGO R.","Admin"],"url":"https:\/\/mrnews.com.br\/index.php\/author\/admin\/"}]}},"jetpack_featured_media_url":"","jetpack_sharing_enabled":true,"jetpack_shortlink":"https:\/\/wp.me\/pa2Qf7-1UWw","amp_enabled":true,"_links":{"self":[{"href":"https:\/\/mrnews.com.br\/index.php\/wp-json\/wp\/v2\/posts\/457220","targetHints":{"allow":["GET"]}}],"collection":[{"href":"https:\/\/mrnews.com.br\/index.php\/wp-json\/wp\/v2\/posts"}],"about":[{"href":"https:\/\/mrnews.com.br\/index.php\/wp-json\/wp\/v2\/types\/post"}],"author":[{"embeddable":true,"href":"https:\/\/mrnews.com.br\/index.php\/wp-json\/wp\/v2\/users\/1"}],"replies":[{"embeddable":true,"href":"https:\/\/mrnews.com.br\/index.php\/wp-json\/wp\/v2\/comments?post=457220"}],"version-history":[{"count":0,"href":"https:\/\/mrnews.com.br\/index.php\/wp-json\/wp\/v2\/posts\/457220\/revisions"}],"wp:attachment":[{"href":"https:\/\/mrnews.com.br\/index.php\/wp-json\/wp\/v2\/media?parent=457220"}],"wp:term":[{"taxonomy":"category","embeddable":true,"href":"https:\/\/mrnews.com.br\/index.php\/wp-json\/wp\/v2\/categories?post=457220"},{"taxonomy":"post_tag","embeddable":true,"href":"https:\/\/mrnews.com.br\/index.php\/wp-json\/wp\/v2\/tags?post=457220"}],"curies":[{"name":"wp","href":"https:\/\/api.w.org\/{rel}","templated":true}]}}