{"id":457227,"date":"2026-03-13T20:03:29","date_gmt":"2026-03-13T23:03:29","guid":{"rendered":"https:\/\/mrnews.com.br\/index.php\/2026\/03\/13\/reajuste-do-diesel-mostra-limitacoes-do-mercado-no-brasil-diz-fup\/"},"modified":"2026-03-13T20:03:29","modified_gmt":"2026-03-13T23:03:29","slug":"reajuste-do-diesel-mostra-limitacoes-do-mercado-no-brasil-diz-fup","status":"publish","type":"post","link":"https:\/\/mrnews.com.br\/index.php\/2026\/03\/13\/reajuste-do-diesel-mostra-limitacoes-do-mercado-no-brasil-diz-fup\/","title":{"rendered":"Reajuste do diesel mostra limita\u00e7\u00f5es do mercado no Brasil, diz FUP"},"content":{"rendered":"<p>Por EBC, <\/p>\n<div>\n<p><strong>A Federa\u00e7\u00e3o \u00danica dos Petroleiros (FUP) disse que o reajuste do diesel, anunciado nesta sexta-feira (13) pela Petrobras, mostra \u201cgraves limita\u00e7\u00f5es na estrutura do mercado de abastecimento no Brasil\u201d.<\/strong><\/p>\n<p>A venda de refinarias e a privatiza\u00e7\u00e3o da BR Distribuidora, em 2019, seriam exemplos dessas limita\u00e7\u00f5es, segundo a entidade.<\/p>\n<p>A FUP defende que a Petrobras amplie o parque nacional de refino e fortale\u00e7a a presen\u00e7a em toda a cadeia do setor, o que inclui distribui\u00e7\u00e3o e comercializa\u00e7\u00e3o.<\/p>\n<blockquote>\n<p>\u201cUma Petrobras integrada amplia a seguran\u00e7a do abastecimento, reduz a vulnerabilidade do pa\u00eds \u00e0s oscila\u00e7\u00f5es externas e contribui para maior estabilidade na forma\u00e7\u00e3o dos pre\u00e7os dos combust\u00edveis no mercado dom\u00e9stico\u201d, diz trecho da nota.<\/p>\n<\/blockquote>\n<h2>Reajuste<\/h2>\n<p>O valor do diesel vendido \u00e0s distribuidoras ser\u00e1 reajustado em R$ 0,38 por litro a partir de s\u00e1bado (14). Em comunicado, a estatal explica que o pre\u00e7o m\u00e9dio do diesel\u00a0praticado pela companhia para as distribuidoras aumentar\u00e1 para R$ 3,65 por litro, e a participa\u00e7\u00e3o da Petrobras no pre\u00e7o do diesel B ser\u00e1, em m\u00e9dia, de R$ 3,10.<\/p>\n<p>O diesel A \u00e9 o vendido nas refinarias, antes de ser misturado a biocombust\u00edveis. J\u00e1 o diesel B \u00e9 o comercializado nos postos ao consumidor final, depois de as distribuidoras efetuarem a mistura obrigat\u00f3ria.<\/p>\n<p>A companhia explicou que o reajuste do diesel foi mitigado por medidas para conter a escalada do pre\u00e7o do combust\u00edvel, anunciadas na quinta-feira (12) pelo governo federal. Mesmo assim, o aumento do pre\u00e7o do petr\u00f3leo no mercado internacional, em meio \u00e0 guerra no Oriente M\u00e9dio, exerce press\u00e3o sobre o pre\u00e7o.<\/p>\n<p>A ofensiva dos Estados Unidos e de Israel contra o Ir\u00e3 completa duas semanas nesta sexta-feira. Uma das formas de retalia\u00e7\u00e3o do Ir\u00e3 \u00e9 o bloqueio do Estreito de Ormuz, liga\u00e7\u00e3o mar\u00edtima entre os golfos P\u00e9rsico e de Om\u00e3, ao sul do Ir\u00e3. Por l\u00e1 passam 20% da produ\u00e7\u00e3o mundial de petr\u00f3leo e g\u00e1s.<\/p>\n<p><strong>O gargalo na regi\u00e3o pressiona a oferta de petr\u00f3leo no mercado internacional, o que eleva a cota\u00e7\u00e3o dos pre\u00e7os. <\/strong>Nesta sexta-feira, o contrato futuro do barril de petr\u00f3leo Brent, pre\u00e7o de refer\u00eancia, est\u00e1 negociado perto de US$ 100 (equivalente a cerca de R$ 520).<\/p>\n<p>H\u00e1 duas semanas, a cota\u00e7\u00e3o beirava US$ 70. Ou seja, em 15 dias subiu cerca de 40%. O Ir\u00e3 chegou a alertar o mundo para se preparar para o petr\u00f3leo a US$ 200.<\/p>\n<p>      <!-- Relacionada --><\/p>\n<p>            <!-- Relacionada -->\n    <\/div>\n","protected":false},"excerpt":{"rendered":"<p>Por EBC, A Federa\u00e7\u00e3o \u00danica dos Petroleiros (FUP) disse que o reajuste do diesel, anunciado nesta sexta-feira (13) pela Petrobras, mostra \u201cgraves limita\u00e7\u00f5es na estrutura do mercado de abastecimento no Brasil\u201d. A venda de refinarias e a privatiza\u00e7\u00e3o da BR Distribuidora, em 2019, seriam exemplos dessas limita\u00e7\u00f5es, segundo a entidade. A FUP defende que a &hellip;<\/p>\n","protected":false},"author":1,"featured_media":0,"comment_status":"open","ping_status":"open","sticky":false,"template":"","format":"standard","meta":{"_jetpack_memberships_contains_paid_content":false,"footnotes":""},"categories":[2,12225,4],"tags":[],"class_list":["post-457227","post","type-post","status-publish","format-standard","hentry","category-entretenimento","category-noticias","category-servicos"],"yoast_head":"<!-- This site is optimized with the Yoast SEO plugin v27.5 - https:\/\/yoast.com\/product\/yoast-seo-wordpress\/ -->\n<title>Reajuste do diesel mostra limita\u00e7\u00f5es do mercado no Brasil, diz FUP<\/title>\n<meta name=\"robots\" content=\"index, follow, max-snippet:-1, max-image-preview:large, max-video-preview:-1\" \/>\n<link rel=\"canonical\" href=\"https:\/\/agenciabrasil.ebc.com.br\/economia\/noticia\/2026-03\/reajuste-do-diesel-mostra-limitacoes-do-mercado-no-brasil-diz-fup\" \/>\n<meta property=\"og:locale\" content=\"pt_BR\" \/>\n<meta property=\"og:type\" content=\"article\" \/>\n<meta property=\"og:title\" content=\"Reajuste do diesel mostra limita\u00e7\u00f5es do mercado no Brasil, diz FUP\" \/>\n<meta property=\"og:description\" content=\"Por EBC, A Federa\u00e7\u00e3o \u00danica dos Petroleiros (FUP) disse que o reajuste do diesel, anunciado nesta sexta-feira (13) pela Petrobras, mostra \u201cgraves limita\u00e7\u00f5es na estrutura do mercado de abastecimento no Brasil\u201d. A venda de refinarias e a privatiza\u00e7\u00e3o da BR Distribuidora, em 2019, seriam exemplos dessas limita\u00e7\u00f5es, segundo a entidade. A FUP defende que a &hellip;\" \/>\n<meta property=\"og:url\" content=\"https:\/\/agenciabrasil.ebc.com.br\/economia\/noticia\/2026-03\/reajuste-do-diesel-mostra-limitacoes-do-mercado-no-brasil-diz-fup\" \/>\n<meta property=\"og:site_name\" content=\"MRNews\" \/>\n<meta property=\"article:publisher\" content=\"https:\/\/www.facebook.com\/eaipahpah\/?locale2=pt_BR\" \/>\n<meta property=\"article:published_time\" content=\"2026-03-13T23:03:29+00:00\" \/>\n<meta name=\"author\" content=\"MR News\" \/>\n<meta name=\"twitter:card\" content=\"summary_large_image\" \/>\n<meta name=\"twitter:creator\" content=\"@conspirou\" \/>\n<meta name=\"twitter:site\" content=\"@conspirou\" \/>\n<meta name=\"twitter:label1\" content=\"Escrito por\" \/>\n\t<meta name=\"twitter:data1\" content=\"MR News\" \/>\n\t<meta name=\"twitter:label2\" content=\"Est. tempo de leitura\" \/>\n\t<meta name=\"twitter:data2\" content=\"2 minutos\" \/>\n<script type=\"application\/ld+json\" class=\"yoast-schema-graph\">{\"@context\":\"https:\\\/\\\/schema.org\",\"@graph\":[{\"@type\":\"Article\",\"@id\":\"https:\\\/\\\/agenciabrasil.ebc.com.br\\\/economia\\\/noticia\\\/2026-03\\\/reajuste-do-diesel-mostra-limitacoes-do-mercado-no-brasil-diz-fup#article\",\"isPartOf\":{\"@id\":\"https:\\\/\\\/mrnews.com.br\\\/index.php\\\/2026\\\/03\\\/13\\\/reajuste-do-diesel-mostra-limitacoes-do-mercado-no-brasil-diz-fup\\\/\"},\"author\":{\"name\":\"MR News\",\"@id\":\"https:\\\/\\\/mrnews.com.br\\\/#\\\/schema\\\/person\\\/be3203154562a9f207407861cef7827b\"},\"headline\":\"Reajuste do diesel mostra limita\u00e7\u00f5es do mercado no Brasil, diz FUP\",\"datePublished\":\"2026-03-13T23:03:29+00:00\",\"mainEntityOfPage\":{\"@id\":\"https:\\\/\\\/mrnews.com.br\\\/index.php\\\/2026\\\/03\\\/13\\\/reajuste-do-diesel-mostra-limitacoes-do-mercado-no-brasil-diz-fup\\\/\"},\"wordCount\":426,\"commentCount\":0,\"publisher\":{\"@id\":\"https:\\\/\\\/mrnews.com.br\\\/#organization\"},\"articleSection\":[\"ENTRETENIMENTO\",\"NOTICIAS\",\"SERVI\u00c7OS\"],\"inLanguage\":\"pt-BR\",\"potentialAction\":[{\"@type\":\"CommentAction\",\"name\":\"Comment\",\"target\":[\"https:\\\/\\\/agenciabrasil.ebc.com.br\\\/economia\\\/noticia\\\/2026-03\\\/reajuste-do-diesel-mostra-limitacoes-do-mercado-no-brasil-diz-fup#respond\"]}]},{\"@type\":\"WebPage\",\"@id\":\"https:\\\/\\\/mrnews.com.br\\\/index.php\\\/2026\\\/03\\\/13\\\/reajuste-do-diesel-mostra-limitacoes-do-mercado-no-brasil-diz-fup\\\/\",\"url\":\"https:\\\/\\\/agenciabrasil.ebc.com.br\\\/economia\\\/noticia\\\/2026-03\\\/reajuste-do-diesel-mostra-limitacoes-do-mercado-no-brasil-diz-fup\",\"name\":\"Reajuste do diesel mostra limita\u00e7\u00f5es do mercado no Brasil, diz FUP\",\"isPartOf\":{\"@id\":\"https:\\\/\\\/mrnews.com.br\\\/#website\"},\"datePublished\":\"2026-03-13T23:03:29+00:00\",\"breadcrumb\":{\"@id\":\"https:\\\/\\\/agenciabrasil.ebc.com.br\\\/economia\\\/noticia\\\/2026-03\\\/reajuste-do-diesel-mostra-limitacoes-do-mercado-no-brasil-diz-fup#breadcrumb\"},\"inLanguage\":\"pt-BR\",\"potentialAction\":[{\"@type\":\"ReadAction\",\"target\":[\"https:\\\/\\\/agenciabrasil.ebc.com.br\\\/economia\\\/noticia\\\/2026-03\\\/reajuste-do-diesel-mostra-limitacoes-do-mercado-no-brasil-diz-fup\"]}]},{\"@type\":\"BreadcrumbList\",\"@id\":\"https:\\\/\\\/agenciabrasil.ebc.com.br\\\/economia\\\/noticia\\\/2026-03\\\/reajuste-do-diesel-mostra-limitacoes-do-mercado-no-brasil-diz-fup#breadcrumb\",\"itemListElement\":[{\"@type\":\"ListItem\",\"position\":1,\"name\":\"In\u00edcio\",\"item\":\"https:\\\/\\\/mrnews.com.br\\\/\"},{\"@type\":\"ListItem\",\"position\":2,\"name\":\"Reajuste do diesel mostra limita\u00e7\u00f5es do mercado no Brasil, diz FUP\"}]},{\"@type\":\"WebSite\",\"@id\":\"https:\\\/\\\/mrnews.com.br\\\/#website\",\"url\":\"https:\\\/\\\/mrnews.com.br\\\/\",\"name\":\"MRNews\",\"description\":\"MRNews Jogos de hoje da TV, transmiss\u00f5es ao vivo, Not\u00edcias de futebol, Jogos ao vivo, Lives, resumo de novelas, Programa\u00e7\u00e3o da Globo, A Fazenda e BBB\",\"publisher\":{\"@id\":\"https:\\\/\\\/mrnews.com.br\\\/#organization\"},\"potentialAction\":[{\"@type\":\"SearchAction\",\"target\":{\"@type\":\"EntryPoint\",\"urlTemplate\":\"https:\\\/\\\/mrnews.com.br\\\/?s={search_term_string}\"},\"query-input\":{\"@type\":\"PropertyValueSpecification\",\"valueRequired\":true,\"valueName\":\"search_term_string\"}}],\"inLanguage\":\"pt-BR\"},{\"@type\":\"Organization\",\"@id\":\"https:\\\/\\\/mrnews.com.br\\\/#organization\",\"name\":\"MRNews\",\"url\":\"https:\\\/\\\/mrnews.com.br\\\/\",\"logo\":{\"@type\":\"ImageObject\",\"inLanguage\":\"pt-BR\",\"@id\":\"https:\\\/\\\/mrnews.com.br\\\/#\\\/schema\\\/logo\\\/image\\\/\",\"url\":\"https:\\\/\\\/mrnews.com.br\\\/wp-content\\\/uploads\\\/2019\\\/06\\\/MRNewslogo2.png\",\"contentUrl\":\"https:\\\/\\\/mrnews.com.br\\\/wp-content\\\/uploads\\\/2019\\\/06\\\/MRNewslogo2.png\",\"width\":223,\"height\":58,\"caption\":\"MRNews\"},\"image\":{\"@id\":\"https:\\\/\\\/mrnews.com.br\\\/#\\\/schema\\\/logo\\\/image\\\/\"},\"sameAs\":[\"https:\\\/\\\/www.facebook.com\\\/eaipahpah\\\/?locale2=pt_BR\",\"https:\\\/\\\/x.com\\\/conspirou\",\"https:\\\/\\\/www.instagram.com\\\/eai_pahpah\",\"https:\\\/\\\/br.pinterest.com\\\/mrnewsn\\\/boards\\\/\",\"https:\\\/\\\/www.youtube.com\\\/channel\\\/UCacgnpznQ61fifLWr1tQ-vA?view_as=subscriber\"]},{\"@type\":\"Person\",\"@id\":\"https:\\\/\\\/mrnews.com.br\\\/#\\\/schema\\\/person\\\/be3203154562a9f207407861cef7827b\",\"name\":\"MR News\",\"image\":{\"@type\":\"ImageObject\",\"inLanguage\":\"pt-BR\",\"@id\":\"https:\\\/\\\/secure.gravatar.com\\\/avatar\\\/04084e6d73c042b8646e7c17b494073bf0ede3ea13c7105cfc45cbbbc28385a4?s=96&d=monsterid&r=g\",\"url\":\"https:\\\/\\\/secure.gravatar.com\\\/avatar\\\/04084e6d73c042b8646e7c17b494073bf0ede3ea13c7105cfc45cbbbc28385a4?s=96&d=monsterid&r=g\",\"contentUrl\":\"https:\\\/\\\/secure.gravatar.com\\\/avatar\\\/04084e6d73c042b8646e7c17b494073bf0ede3ea13c7105cfc45cbbbc28385a4?s=96&d=monsterid&r=g\",\"caption\":\"MR News\"},\"description\":\"Especializado em jornalismo colaborativo pela FTP em n\u00edvel de p\u00f3s-gradua\u00e7\u00e3o. suporte@oimeliga.combr\",\"sameAs\":[\"HUGO R.\",\"Admin\"],\"url\":\"https:\\\/\\\/mrnews.com.br\\\/index.php\\\/author\\\/admin\\\/\"}]}<\/script>\n<!-- \/ Yoast SEO plugin. -->","yoast_head_json":{"title":"Reajuste do diesel mostra limita\u00e7\u00f5es do mercado no Brasil, diz FUP","robots":{"index":"index","follow":"follow","max-snippet":"max-snippet:-1","max-image-preview":"max-image-preview:large","max-video-preview":"max-video-preview:-1"},"canonical":"https:\/\/agenciabrasil.ebc.com.br\/economia\/noticia\/2026-03\/reajuste-do-diesel-mostra-limitacoes-do-mercado-no-brasil-diz-fup","og_locale":"pt_BR","og_type":"article","og_title":"Reajuste do diesel mostra limita\u00e7\u00f5es do mercado no Brasil, diz FUP","og_description":"Por EBC, A Federa\u00e7\u00e3o \u00danica dos Petroleiros (FUP) disse que o reajuste do diesel, anunciado nesta sexta-feira (13) pela Petrobras, mostra \u201cgraves limita\u00e7\u00f5es na estrutura do mercado de abastecimento no Brasil\u201d. A venda de refinarias e a privatiza\u00e7\u00e3o da BR Distribuidora, em 2019, seriam exemplos dessas limita\u00e7\u00f5es, segundo a entidade. A FUP defende que a &hellip;","og_url":"https:\/\/agenciabrasil.ebc.com.br\/economia\/noticia\/2026-03\/reajuste-do-diesel-mostra-limitacoes-do-mercado-no-brasil-diz-fup","og_site_name":"MRNews","article_publisher":"https:\/\/www.facebook.com\/eaipahpah\/?locale2=pt_BR","article_published_time":"2026-03-13T23:03:29+00:00","author":"MR News","twitter_card":"summary_large_image","twitter_creator":"@conspirou","twitter_site":"@conspirou","twitter_misc":{"Escrito por":"MR News","Est. tempo de leitura":"2 minutos"},"schema":{"@context":"https:\/\/schema.org","@graph":[{"@type":"Article","@id":"https:\/\/agenciabrasil.ebc.com.br\/economia\/noticia\/2026-03\/reajuste-do-diesel-mostra-limitacoes-do-mercado-no-brasil-diz-fup#article","isPartOf":{"@id":"https:\/\/mrnews.com.br\/index.php\/2026\/03\/13\/reajuste-do-diesel-mostra-limitacoes-do-mercado-no-brasil-diz-fup\/"},"author":{"name":"MR News","@id":"https:\/\/mrnews.com.br\/#\/schema\/person\/be3203154562a9f207407861cef7827b"},"headline":"Reajuste do diesel mostra limita\u00e7\u00f5es do mercado no Brasil, diz FUP","datePublished":"2026-03-13T23:03:29+00:00","mainEntityOfPage":{"@id":"https:\/\/mrnews.com.br\/index.php\/2026\/03\/13\/reajuste-do-diesel-mostra-limitacoes-do-mercado-no-brasil-diz-fup\/"},"wordCount":426,"commentCount":0,"publisher":{"@id":"https:\/\/mrnews.com.br\/#organization"},"articleSection":["ENTRETENIMENTO","NOTICIAS","SERVI\u00c7OS"],"inLanguage":"pt-BR","potentialAction":[{"@type":"CommentAction","name":"Comment","target":["https:\/\/agenciabrasil.ebc.com.br\/economia\/noticia\/2026-03\/reajuste-do-diesel-mostra-limitacoes-do-mercado-no-brasil-diz-fup#respond"]}]},{"@type":"WebPage","@id":"https:\/\/mrnews.com.br\/index.php\/2026\/03\/13\/reajuste-do-diesel-mostra-limitacoes-do-mercado-no-brasil-diz-fup\/","url":"https:\/\/agenciabrasil.ebc.com.br\/economia\/noticia\/2026-03\/reajuste-do-diesel-mostra-limitacoes-do-mercado-no-brasil-diz-fup","name":"Reajuste do diesel mostra limita\u00e7\u00f5es do mercado no Brasil, diz FUP","isPartOf":{"@id":"https:\/\/mrnews.com.br\/#website"},"datePublished":"2026-03-13T23:03:29+00:00","breadcrumb":{"@id":"https:\/\/agenciabrasil.ebc.com.br\/economia\/noticia\/2026-03\/reajuste-do-diesel-mostra-limitacoes-do-mercado-no-brasil-diz-fup#breadcrumb"},"inLanguage":"pt-BR","potentialAction":[{"@type":"ReadAction","target":["https:\/\/agenciabrasil.ebc.com.br\/economia\/noticia\/2026-03\/reajuste-do-diesel-mostra-limitacoes-do-mercado-no-brasil-diz-fup"]}]},{"@type":"BreadcrumbList","@id":"https:\/\/agenciabrasil.ebc.com.br\/economia\/noticia\/2026-03\/reajuste-do-diesel-mostra-limitacoes-do-mercado-no-brasil-diz-fup#breadcrumb","itemListElement":[{"@type":"ListItem","position":1,"name":"In\u00edcio","item":"https:\/\/mrnews.com.br\/"},{"@type":"ListItem","position":2,"name":"Reajuste do diesel mostra limita\u00e7\u00f5es do mercado no Brasil, diz FUP"}]},{"@type":"WebSite","@id":"https:\/\/mrnews.com.br\/#website","url":"https:\/\/mrnews.com.br\/","name":"MRNews","description":"MRNews Jogos de hoje da TV, transmiss\u00f5es ao vivo, Not\u00edcias de futebol, Jogos ao vivo, Lives, resumo de novelas, Programa\u00e7\u00e3o da Globo, A Fazenda e BBB","publisher":{"@id":"https:\/\/mrnews.com.br\/#organization"},"potentialAction":[{"@type":"SearchAction","target":{"@type":"EntryPoint","urlTemplate":"https:\/\/mrnews.com.br\/?s={search_term_string}"},"query-input":{"@type":"PropertyValueSpecification","valueRequired":true,"valueName":"search_term_string"}}],"inLanguage":"pt-BR"},{"@type":"Organization","@id":"https:\/\/mrnews.com.br\/#organization","name":"MRNews","url":"https:\/\/mrnews.com.br\/","logo":{"@type":"ImageObject","inLanguage":"pt-BR","@id":"https:\/\/mrnews.com.br\/#\/schema\/logo\/image\/","url":"https:\/\/mrnews.com.br\/wp-content\/uploads\/2019\/06\/MRNewslogo2.png","contentUrl":"https:\/\/mrnews.com.br\/wp-content\/uploads\/2019\/06\/MRNewslogo2.png","width":223,"height":58,"caption":"MRNews"},"image":{"@id":"https:\/\/mrnews.com.br\/#\/schema\/logo\/image\/"},"sameAs":["https:\/\/www.facebook.com\/eaipahpah\/?locale2=pt_BR","https:\/\/x.com\/conspirou","https:\/\/www.instagram.com\/eai_pahpah","https:\/\/br.pinterest.com\/mrnewsn\/boards\/","https:\/\/www.youtube.com\/channel\/UCacgnpznQ61fifLWr1tQ-vA?view_as=subscriber"]},{"@type":"Person","@id":"https:\/\/mrnews.com.br\/#\/schema\/person\/be3203154562a9f207407861cef7827b","name":"MR News","image":{"@type":"ImageObject","inLanguage":"pt-BR","@id":"https:\/\/secure.gravatar.com\/avatar\/04084e6d73c042b8646e7c17b494073bf0ede3ea13c7105cfc45cbbbc28385a4?s=96&d=monsterid&r=g","url":"https:\/\/secure.gravatar.com\/avatar\/04084e6d73c042b8646e7c17b494073bf0ede3ea13c7105cfc45cbbbc28385a4?s=96&d=monsterid&r=g","contentUrl":"https:\/\/secure.gravatar.com\/avatar\/04084e6d73c042b8646e7c17b494073bf0ede3ea13c7105cfc45cbbbc28385a4?s=96&d=monsterid&r=g","caption":"MR News"},"description":"Especializado em jornalismo colaborativo pela FTP em n\u00edvel de p\u00f3s-gradua\u00e7\u00e3o. suporte@oimeliga.combr","sameAs":["HUGO R.","Admin"],"url":"https:\/\/mrnews.com.br\/index.php\/author\/admin\/"}]}},"jetpack_featured_media_url":"","jetpack_sharing_enabled":true,"jetpack_shortlink":"https:\/\/wp.me\/pa2Qf7-1UWD","amp_enabled":true,"_links":{"self":[{"href":"https:\/\/mrnews.com.br\/index.php\/wp-json\/wp\/v2\/posts\/457227","targetHints":{"allow":["GET"]}}],"collection":[{"href":"https:\/\/mrnews.com.br\/index.php\/wp-json\/wp\/v2\/posts"}],"about":[{"href":"https:\/\/mrnews.com.br\/index.php\/wp-json\/wp\/v2\/types\/post"}],"author":[{"embeddable":true,"href":"https:\/\/mrnews.com.br\/index.php\/wp-json\/wp\/v2\/users\/1"}],"replies":[{"embeddable":true,"href":"https:\/\/mrnews.com.br\/index.php\/wp-json\/wp\/v2\/comments?post=457227"}],"version-history":[{"count":0,"href":"https:\/\/mrnews.com.br\/index.php\/wp-json\/wp\/v2\/posts\/457227\/revisions"}],"wp:attachment":[{"href":"https:\/\/mrnews.com.br\/index.php\/wp-json\/wp\/v2\/media?parent=457227"}],"wp:term":[{"taxonomy":"category","embeddable":true,"href":"https:\/\/mrnews.com.br\/index.php\/wp-json\/wp\/v2\/categories?post=457227"},{"taxonomy":"post_tag","embeddable":true,"href":"https:\/\/mrnews.com.br\/index.php\/wp-json\/wp\/v2\/tags?post=457227"}],"curies":[{"name":"wp","href":"https:\/\/api.w.org\/{rel}","templated":true}]}}