{"id":457229,"date":"2026-03-13T20:26:52","date_gmt":"2026-03-13T23:26:52","guid":{"rendered":"https:\/\/mrnews.com.br\/index.php\/2026\/03\/13\/com-apoio-do-contratabrasil-microempreendedora-carioca-conquista-espaco-na-prestacao-de-servicos-de-tecnologia-para-orgao-publico\/"},"modified":"2026-03-13T20:26:52","modified_gmt":"2026-03-13T23:26:52","slug":"com-apoio-do-contratabrasil-microempreendedora-carioca-conquista-espaco-na-prestacao-de-servicos-de-tecnologia-para-orgao-publico","status":"publish","type":"post","link":"https:\/\/mrnews.com.br\/index.php\/2026\/03\/13\/com-apoio-do-contratabrasil-microempreendedora-carioca-conquista-espaco-na-prestacao-de-servicos-de-tecnologia-para-orgao-publico\/","title":{"rendered":"Com apoio do Contrata+Brasil, microempreendedora carioca conquista espa\u00e7o na presta\u00e7\u00e3o de servi\u00e7os de tecnologia para \u00f3rg\u00e3o p\u00fablico"},"content":{"rendered":"<p>Por EBC, <\/p>\n<div property=\"rnews:articleBody\">\n<p>No Brasil todo, 8,9 mil microempreendedores individuais (MEIs) j\u00e1 aderiram \u00e0 plataforma Contrata+Brasil. Com foco em pequenos reparos no seu primeiro ano de funcionamento, os homens s\u00e3o maioria nesse universo. Uma das exce\u00e7\u00f5es \u00e9 a carioca Jeniffer Alves Augusto Pereira, t\u00e9cnica em inform\u00e1tica e microempreendedora, que em mar\u00e7o de 2025, foi contratada pelo Centro Federal de Educa\u00e7\u00e3o Tecnol\u00f3gica Celso Suckow da Fonseca (CEFET-RJ) para realizar servi\u00e7os de manuten\u00e7\u00e3o de impressoras por meio do Contrata+Brasil. Depois desse servi\u00e7o, j\u00e1 vieram mais cinco apenas para o CEFET.<\/p>\n<p>Jeniffer nasceu e cresceu no Rio de Janeiro, e, desde cedo, aprendeu a valorizar o esfor\u00e7o e a determina\u00e7\u00e3o, marcas que hoje definem sua trajet\u00f3ria profissional. Em 2014, quando ingressou no curso T\u00e9cnico de Inform\u00e1tica do Centro Vocacional Tecnol\u00f3gico da Funda\u00e7\u00e3o de Apoio \u00e0 Escola T\u00e9cnica do Estado do Rio de Janeiro (CVT\/Faetec), descobriu que a tecnologia poderia ser mais do que um interesse: poderia ser sua profiss\u00e3o. Ali, entre laborat\u00f3rios e professores que acreditaram em seu potencial, ela ganhou confian\u00e7a para ocupar um espa\u00e7o que ainda era predominantemente masculino.<\/p>\n<p>Dois anos depois, em 2016, j\u00e1 formada, Jeniffer iniciou sua jornada profissional ao lado do pai, na loja de inform\u00e1tica da fam\u00edlia em Queimados (RJ). Foi ali que aprendeu, na pr\u00e1tica, a lidar com clientes, diagnosticar problemas e realizar manuten\u00e7\u00f5es. Com o tempo, mais do que t\u00e9cnica, ela se tornou refer\u00eancia de dedica\u00e7\u00e3o e compet\u00eancia. Formalizada como microempreendedora individual (MEI) desde 2019, Jeniffer viu no MEI uma porta para crescer e alcan\u00e7ar oportunidades maiores, inclusive junto a \u00f3rg\u00e3os p\u00fablicos.<\/p>\n<p>No final de 2024, quando seu pai decidiu encerrar as atividades da loja, a realidade trouxe mais desafios, e Jeniffer tomou uma decis\u00e3o que mudaria sua trajet\u00f3ria: assumir o neg\u00f3cio e dar continuidade ao trabalho que haviam constru\u00eddo juntos. Naquele ano, ela enxergou n\u00e3o apenas a oportunidade de manter o com\u00e9rcio, mas de expandir, sonhar mais alto e buscar novos horizontes. Sua escolha n\u00e3o foi apenas profissional, mas tamb\u00e9m pessoal: acreditar no potencial do neg\u00f3cio e transformar uma hist\u00f3ria familiar em um projeto de futuro.<\/p>\n<p>Os desafios n\u00e3o foram poucos. A responsabilidade t\u00e9cnica, a press\u00e3o por resultados e o fato de atuar em um setor ainda marcado pela predomin\u00e2ncia masculina exigiram dela preparo, resili\u00eancia e coragem. Mas Jeniffer permaneceu firme, n\u00e3o se deixou abalar. Houve momentos de inseguran\u00e7a, especialmente no in\u00edcio, quando precisou lidar com prazos de pagamento e falta de capital para bancar os servi\u00e7os. Foi a\u00ed que pessoas como Seu Sebasti\u00e3o, o fornecedor que acreditou em seu trabalho, e Jonathan, seu marido, que sempre a incentivou, fizeram diferen\u00e7a. E, claro, o apoio essencial de sua m\u00e3e e sogra, que cuidaram de seu filho pequeno para que pudesse trabalhar com tranquilidade.<\/p>\n<p>O Contrata+Brasil, a plataforma do Governo Federal que conecta pequenos empreendedores a \u00f3rg\u00e3os p\u00fablicos, apareceu como uma porta aberta a novas possibilidades profissionais para Jeniffer. \u201cFoi uma possibilidade real de entrar nesse mercado de forma mais simples e organizada, o que nos incentivou a participar\u201d, lembra. Com o est\u00edmulo do marido, que j\u00e1 conhecia o Contrata+Brasil, a empreendedora vislumbrou a oportunidade de ir al\u00e9m do atendimento local e mostrar que uma pequena empresa tamb\u00e9m pode prestar um servi\u00e7o de qualidade para \u00f3rg\u00e3os p\u00fablicos.<\/p>\n<p>A primeira experi\u00eancia veio com o Centro Federal de Educa\u00e7\u00e3o Tecnol\u00f3gica Celso Suckow da Fonseca (CEFET-RJ), onde, na \u00faltima contrata\u00e7\u00e3o, Jeniffer prestou seis servi\u00e7os de manuten\u00e7\u00e3o de impressoras. Ela ressalta que cada atendimento trouxe a oportunidade de mostrar que uma microempreendedora podia entregar um servi\u00e7o s\u00e9rio, comprometido e de qualidade. \u201cAtender um \u00f3rg\u00e3o p\u00fablico trouxe um senso maior de responsabilidade, mas tamb\u00e9m foi uma experi\u00eancia muito positiva\u201d, conta.<\/p>\n<p>Para Jeniffer, o Contrata+Brasil n\u00e3o foi apenas uma plataforma de contrata\u00e7\u00e3o. \u201cFoi a confirma\u00e7\u00e3o de que eu podia ir al\u00e9m do atendimento local e colocar meu nome em algo maior, com responsabilidade e profissionalismo. Isso fortalece n\u00e3o s\u00f3 o neg\u00f3cio, mas tamb\u00e9m a autoestima e a percep\u00e7\u00e3o de que mulheres podem, sim, ocupar qualquer \u00e1rea \u2014 inclusive as mais t\u00e9cnicas\u201d, fala com orgulho.<\/p>\n<p>Seu recado para outras empreendedoras \u00e9 simples e poderoso: n\u00e3o tenham medo de come\u00e7ar. Mesmo que pare\u00e7a dif\u00edcil, mesmo que o receio exista, \u00e9 preciso dar o primeiro passo. \u201cSua compet\u00eancia fala por voc\u00ea. N\u00e3o espere se sentir 100% pronta. Comece, aprenda no processo e confie na sua capacidade.\u201d<\/p>\n<p>Hoje, Jeniffer segue acompanhando a plataforma, aguardando novas oportunidades, mas j\u00e1 carrega consigo algo maior do que contratos: a certeza de que sua trajet\u00f3ria inspira outras mulheres a acreditarem que podem ocupar qualquer espa\u00e7o.<\/p>\n<p>A avalia\u00e7\u00e3o geral do CEFET-RJ sobre a utiliza\u00e7\u00e3o da plataforma Contrata+Brasil para contratar servi\u00e7os de manuten\u00e7\u00e3o de impressoras e o trabalho prestado pela microempreendedora \u00e9 positiva. Segundo a gerente administrativa do campus de Nova Igua\u00e7u, Ana Carolina Magalh\u00e3es de Souza, em menos de 20 dias, a demanda foi atendida com profissionalismo e qualidade, garantindo o funcionamento adequado dos equipamentos.<\/p>\n<p>Ainda de acordo com Ana Carolina, o grande diferencial da plataforma est\u00e1 na combina\u00e7\u00e3o de agilidade e seguran\u00e7a jur\u00eddica, al\u00e9m de ampliar a participa\u00e7\u00e3o de pequenos fornecedores. \u201cA ferramenta se mostrou eficiente, simples de utilizar e adequada para demandas de menor complexidade. \u00c9 uma solu\u00e7\u00e3o que fortalece a economia local e moderniza a administra\u00e7\u00e3o p\u00fablica\u201d, destacou.<\/p>\n<p><strong>Mulheres empreendedoras e o Contrata+Brasil<\/strong><\/p>\n<p>No decorrer deste m\u00eas de mar\u00e7o, m\u00eas da mulher, o Minist\u00e9rio da Gest\u00e3o e da Inova\u00e7\u00e3o em Servi\u00e7os P\u00fablicos (MGI) apresenta uma s\u00e9rie especial de reportagens com empreendedoras que expandiram seus neg\u00f3cios por meio da plataforma Contrata+Brasil. A agenda conduzida pelo MGI para o fortalecimento do direito das Mulheres dialoga diretamente com o Pacto Nacional Brasil contra o Feminic\u00eddio e parte do entendimento de que a promo\u00e7\u00e3o da equidade de g\u00eanero n\u00e3o se limita \u00e0 amplia\u00e7\u00e3o de direitos. As a\u00e7\u00f5es da pasta tamb\u00e9m envolvem a cria\u00e7\u00e3o de condi\u00e7\u00f5es concretas para que mulheres tenham autonomia econ\u00f4mica, seguran\u00e7a e liberdade para conduzir suas pr\u00f3prias trajet\u00f3rias.<\/p>\n<p>Desse modo, por meio do Contrata+Brasil, que \u00e9 uma plataforma que aproxima pequenos fornecedores e \u00f3rg\u00e3os p\u00fablicos, facilitando a compra de bens, a contrata\u00e7\u00e3o de servi\u00e7os e a aquisi\u00e7\u00e3o de alimentos, o MGI cria oportunidades reais para que mulheres possam ampliar seus neg\u00f3cios. A pasta usa, dessa forma, as compras p\u00fablicas como motor estrat\u00e9gico para o desenvolvimento social e sustent\u00e1vel do pa\u00eds.<\/p>\n<p>A proposta do Contrata+Brasil \u00e9 aumentar oportunidades para empresas de diferentes portes, incluindo pequenos neg\u00f3cios, fornecedores locais e agricultores familiares. Ao mesmo tempo, d\u00e1 mais agilidade aos \u00f3rg\u00e3os p\u00fablicos, em n\u00edveis municipal, estadual e federal, na hora de contratar. Ao reunir oportunidades e simplificar etapas, a plataforma busca tornar mais acess\u00edvel a participa\u00e7\u00e3o de fornecedores no mercado de compras p\u00fablicas, inclusive para quem est\u00e1 come\u00e7ando e quer ter o governo como cliente.<\/p>\n<p>Somente no primeiro ano de exist\u00eancia, o Contrata+Brasil gerou mais de R$ 15 milh\u00f5es em renda direta para microempreendedores individuais por meio de contrata\u00e7\u00f5es realizadas por \u00f3rg\u00e3os p\u00fablicos em todo o pa\u00eds. Ao todo, 8,9 mil MEIs est\u00e3o cadastrados na plataforma, que re\u00fane 1,3 mil \u00f3rg\u00e3os p\u00fablicos entre prefeituras, governos estaduais, \u00f3rg\u00e3os federais e suas entidades.<\/p>\n<p>Acompanhe hist\u00f3rias reais de coragem e inova\u00e7\u00e3o que mostram como mulheres est\u00e3o transformando desafios em oportunidades e construindo um futuro mais promissor.<\/p>\n<\/div>\n<p><script type=\"text\">\n    (function() {\n        var po = document.createElement('script');\n        po.async = true;\n        po.src = document.location.protocol + '\/\/connect.facebook.net\/pt_BR\/all.js#xfbml=1';\n        var head = document.getElementsByTagName('head')[0];\n        head.appendChild(po);\n    }());\n    <\/script><\/p>\n","protected":false},"excerpt":{"rendered":"<p>Por EBC, No Brasil todo, 8,9 mil microempreendedores individuais (MEIs) j\u00e1 aderiram \u00e0 plataforma Contrata+Brasil. Com foco em pequenos reparos no seu primeiro ano de funcionamento, os homens s\u00e3o maioria nesse universo. Uma das exce\u00e7\u00f5es \u00e9 a carioca Jeniffer Alves Augusto Pereira, t\u00e9cnica em inform\u00e1tica e microempreendedora, que em mar\u00e7o de 2025, foi contratada pelo &hellip;<\/p>\n","protected":false},"author":1,"featured_media":0,"comment_status":"open","ping_status":"open","sticky":false,"template":"","format":"standard","meta":{"_jetpack_memberships_contains_paid_content":false,"footnotes":""},"categories":[13522,12225,4],"tags":[],"class_list":["post-457229","post","type-post","status-publish","format-standard","hentry","category-emprego","category-noticias","category-servicos"],"yoast_head":"<!-- This site is optimized with the Yoast SEO plugin v27.5 - https:\/\/yoast.com\/product\/yoast-seo-wordpress\/ -->\n<title>Com apoio do Contrata+Brasil, microempreendedora carioca conquista espa\u00e7o na presta\u00e7\u00e3o de servi\u00e7os de tecnologia para \u00f3rg\u00e3o p\u00fablico<\/title>\n<meta name=\"robots\" content=\"index, follow, max-snippet:-1, max-image-preview:large, max-video-preview:-1\" \/>\n<link rel=\"canonical\" href=\"https:\/\/www.gov.br\/contratamaisbrasil\/pt-br\/central-de-conteudo\/noticias\/com-apoio-do-contrata-brasil-microempreendedora-carioca-conquista-espaco-na-prestacao-de-servicos-de-tecnologia-para-orgao-publico\" \/>\n<meta property=\"og:locale\" content=\"pt_BR\" \/>\n<meta property=\"og:type\" content=\"article\" \/>\n<meta property=\"og:title\" content=\"Com apoio do Contrata+Brasil, microempreendedora carioca conquista espa\u00e7o na presta\u00e7\u00e3o de servi\u00e7os de tecnologia para \u00f3rg\u00e3o p\u00fablico\" \/>\n<meta property=\"og:description\" content=\"Por EBC, No Brasil todo, 8,9 mil microempreendedores individuais (MEIs) j\u00e1 aderiram \u00e0 plataforma Contrata+Brasil. Com foco em pequenos reparos no seu primeiro ano de funcionamento, os homens s\u00e3o maioria nesse universo. Uma das exce\u00e7\u00f5es \u00e9 a carioca Jeniffer Alves Augusto Pereira, t\u00e9cnica em inform\u00e1tica e microempreendedora, que em mar\u00e7o de 2025, foi contratada pelo &hellip;\" \/>\n<meta property=\"og:url\" content=\"https:\/\/www.gov.br\/contratamaisbrasil\/pt-br\/central-de-conteudo\/noticias\/com-apoio-do-contrata-brasil-microempreendedora-carioca-conquista-espaco-na-prestacao-de-servicos-de-tecnologia-para-orgao-publico\" \/>\n<meta property=\"og:site_name\" content=\"MRNews\" \/>\n<meta property=\"article:publisher\" content=\"https:\/\/www.facebook.com\/eaipahpah\/?locale2=pt_BR\" \/>\n<meta property=\"article:published_time\" content=\"2026-03-13T23:26:52+00:00\" \/>\n<meta name=\"author\" content=\"MR News\" \/>\n<meta name=\"twitter:card\" content=\"summary_large_image\" \/>\n<meta name=\"twitter:creator\" content=\"@conspirou\" \/>\n<meta name=\"twitter:site\" content=\"@conspirou\" \/>\n<meta name=\"twitter:label1\" content=\"Escrito por\" \/>\n\t<meta name=\"twitter:data1\" content=\"MR News\" \/>\n\t<meta name=\"twitter:label2\" content=\"Est. tempo de leitura\" \/>\n\t<meta name=\"twitter:data2\" content=\"7 minutos\" \/>\n<script type=\"application\/ld+json\" class=\"yoast-schema-graph\">{\"@context\":\"https:\\\/\\\/schema.org\",\"@graph\":[{\"@type\":\"Article\",\"@id\":\"https:\\\/\\\/www.gov.br\\\/contratamaisbrasil\\\/pt-br\\\/central-de-conteudo\\\/noticias\\\/com-apoio-do-contrata-brasil-microempreendedora-carioca-conquista-espaco-na-prestacao-de-servicos-de-tecnologia-para-orgao-publico#article\",\"isPartOf\":{\"@id\":\"https:\\\/\\\/mrnews.com.br\\\/index.php\\\/2026\\\/03\\\/13\\\/com-apoio-do-contratabrasil-microempreendedora-carioca-conquista-espaco-na-prestacao-de-servicos-de-tecnologia-para-orgao-publico\\\/\"},\"author\":{\"name\":\"MR News\",\"@id\":\"https:\\\/\\\/mrnews.com.br\\\/#\\\/schema\\\/person\\\/be3203154562a9f207407861cef7827b\"},\"headline\":\"Com apoio do Contrata+Brasil, microempreendedora carioca conquista espa\u00e7o na presta\u00e7\u00e3o de servi\u00e7os de tecnologia para \u00f3rg\u00e3o p\u00fablico\",\"datePublished\":\"2026-03-13T23:26:52+00:00\",\"mainEntityOfPage\":{\"@id\":\"https:\\\/\\\/mrnews.com.br\\\/index.php\\\/2026\\\/03\\\/13\\\/com-apoio-do-contratabrasil-microempreendedora-carioca-conquista-espaco-na-prestacao-de-servicos-de-tecnologia-para-orgao-publico\\\/\"},\"wordCount\":1354,\"commentCount\":0,\"publisher\":{\"@id\":\"https:\\\/\\\/mrnews.com.br\\\/#organization\"},\"articleSection\":[\"Emprego\",\"NOTICIAS\",\"SERVI\u00c7OS\"],\"inLanguage\":\"pt-BR\",\"potentialAction\":[{\"@type\":\"CommentAction\",\"name\":\"Comment\",\"target\":[\"https:\\\/\\\/www.gov.br\\\/contratamaisbrasil\\\/pt-br\\\/central-de-conteudo\\\/noticias\\\/com-apoio-do-contrata-brasil-microempreendedora-carioca-conquista-espaco-na-prestacao-de-servicos-de-tecnologia-para-orgao-publico#respond\"]}]},{\"@type\":\"WebPage\",\"@id\":\"https:\\\/\\\/mrnews.com.br\\\/index.php\\\/2026\\\/03\\\/13\\\/com-apoio-do-contratabrasil-microempreendedora-carioca-conquista-espaco-na-prestacao-de-servicos-de-tecnologia-para-orgao-publico\\\/\",\"url\":\"https:\\\/\\\/www.gov.br\\\/contratamaisbrasil\\\/pt-br\\\/central-de-conteudo\\\/noticias\\\/com-apoio-do-contrata-brasil-microempreendedora-carioca-conquista-espaco-na-prestacao-de-servicos-de-tecnologia-para-orgao-publico\",\"name\":\"Com apoio do Contrata+Brasil, microempreendedora carioca conquista espa\u00e7o na presta\u00e7\u00e3o de servi\u00e7os de tecnologia para \u00f3rg\u00e3o p\u00fablico\",\"isPartOf\":{\"@id\":\"https:\\\/\\\/mrnews.com.br\\\/#website\"},\"datePublished\":\"2026-03-13T23:26:52+00:00\",\"breadcrumb\":{\"@id\":\"https:\\\/\\\/www.gov.br\\\/contratamaisbrasil\\\/pt-br\\\/central-de-conteudo\\\/noticias\\\/com-apoio-do-contrata-brasil-microempreendedora-carioca-conquista-espaco-na-prestacao-de-servicos-de-tecnologia-para-orgao-publico#breadcrumb\"},\"inLanguage\":\"pt-BR\",\"potentialAction\":[{\"@type\":\"ReadAction\",\"target\":[\"https:\\\/\\\/www.gov.br\\\/contratamaisbrasil\\\/pt-br\\\/central-de-conteudo\\\/noticias\\\/com-apoio-do-contrata-brasil-microempreendedora-carioca-conquista-espaco-na-prestacao-de-servicos-de-tecnologia-para-orgao-publico\"]}]},{\"@type\":\"BreadcrumbList\",\"@id\":\"https:\\\/\\\/www.gov.br\\\/contratamaisbrasil\\\/pt-br\\\/central-de-conteudo\\\/noticias\\\/com-apoio-do-contrata-brasil-microempreendedora-carioca-conquista-espaco-na-prestacao-de-servicos-de-tecnologia-para-orgao-publico#breadcrumb\",\"itemListElement\":[{\"@type\":\"ListItem\",\"position\":1,\"name\":\"In\u00edcio\",\"item\":\"https:\\\/\\\/mrnews.com.br\\\/\"},{\"@type\":\"ListItem\",\"position\":2,\"name\":\"Com apoio do Contrata+Brasil, microempreendedora carioca conquista espa\u00e7o na presta\u00e7\u00e3o de servi\u00e7os de tecnologia para \u00f3rg\u00e3o p\u00fablico\"}]},{\"@type\":\"WebSite\",\"@id\":\"https:\\\/\\\/mrnews.com.br\\\/#website\",\"url\":\"https:\\\/\\\/mrnews.com.br\\\/\",\"name\":\"MRNews\",\"description\":\"MRNews Jogos de hoje da TV, transmiss\u00f5es ao vivo, Not\u00edcias de futebol, Jogos ao vivo, Lives, resumo de novelas, Programa\u00e7\u00e3o da Globo, A Fazenda e BBB\",\"publisher\":{\"@id\":\"https:\\\/\\\/mrnews.com.br\\\/#organization\"},\"potentialAction\":[{\"@type\":\"SearchAction\",\"target\":{\"@type\":\"EntryPoint\",\"urlTemplate\":\"https:\\\/\\\/mrnews.com.br\\\/?s={search_term_string}\"},\"query-input\":{\"@type\":\"PropertyValueSpecification\",\"valueRequired\":true,\"valueName\":\"search_term_string\"}}],\"inLanguage\":\"pt-BR\"},{\"@type\":\"Organization\",\"@id\":\"https:\\\/\\\/mrnews.com.br\\\/#organization\",\"name\":\"MRNews\",\"url\":\"https:\\\/\\\/mrnews.com.br\\\/\",\"logo\":{\"@type\":\"ImageObject\",\"inLanguage\":\"pt-BR\",\"@id\":\"https:\\\/\\\/mrnews.com.br\\\/#\\\/schema\\\/logo\\\/image\\\/\",\"url\":\"https:\\\/\\\/mrnews.com.br\\\/wp-content\\\/uploads\\\/2019\\\/06\\\/MRNewslogo2.png\",\"contentUrl\":\"https:\\\/\\\/mrnews.com.br\\\/wp-content\\\/uploads\\\/2019\\\/06\\\/MRNewslogo2.png\",\"width\":223,\"height\":58,\"caption\":\"MRNews\"},\"image\":{\"@id\":\"https:\\\/\\\/mrnews.com.br\\\/#\\\/schema\\\/logo\\\/image\\\/\"},\"sameAs\":[\"https:\\\/\\\/www.facebook.com\\\/eaipahpah\\\/?locale2=pt_BR\",\"https:\\\/\\\/x.com\\\/conspirou\",\"https:\\\/\\\/www.instagram.com\\\/eai_pahpah\",\"https:\\\/\\\/br.pinterest.com\\\/mrnewsn\\\/boards\\\/\",\"https:\\\/\\\/www.youtube.com\\\/channel\\\/UCacgnpznQ61fifLWr1tQ-vA?view_as=subscriber\"]},{\"@type\":\"Person\",\"@id\":\"https:\\\/\\\/mrnews.com.br\\\/#\\\/schema\\\/person\\\/be3203154562a9f207407861cef7827b\",\"name\":\"MR News\",\"image\":{\"@type\":\"ImageObject\",\"inLanguage\":\"pt-BR\",\"@id\":\"https:\\\/\\\/secure.gravatar.com\\\/avatar\\\/04084e6d73c042b8646e7c17b494073bf0ede3ea13c7105cfc45cbbbc28385a4?s=96&d=monsterid&r=g\",\"url\":\"https:\\\/\\\/secure.gravatar.com\\\/avatar\\\/04084e6d73c042b8646e7c17b494073bf0ede3ea13c7105cfc45cbbbc28385a4?s=96&d=monsterid&r=g\",\"contentUrl\":\"https:\\\/\\\/secure.gravatar.com\\\/avatar\\\/04084e6d73c042b8646e7c17b494073bf0ede3ea13c7105cfc45cbbbc28385a4?s=96&d=monsterid&r=g\",\"caption\":\"MR News\"},\"description\":\"Especializado em jornalismo colaborativo pela FTP em n\u00edvel de p\u00f3s-gradua\u00e7\u00e3o. suporte@oimeliga.combr\",\"sameAs\":[\"HUGO R.\",\"Admin\"],\"url\":\"https:\\\/\\\/mrnews.com.br\\\/index.php\\\/author\\\/admin\\\/\"}]}<\/script>\n<!-- \/ Yoast SEO plugin. -->","yoast_head_json":{"title":"Com apoio do Contrata+Brasil, microempreendedora carioca conquista espa\u00e7o na presta\u00e7\u00e3o de servi\u00e7os de tecnologia para \u00f3rg\u00e3o p\u00fablico","robots":{"index":"index","follow":"follow","max-snippet":"max-snippet:-1","max-image-preview":"max-image-preview:large","max-video-preview":"max-video-preview:-1"},"canonical":"https:\/\/www.gov.br\/contratamaisbrasil\/pt-br\/central-de-conteudo\/noticias\/com-apoio-do-contrata-brasil-microempreendedora-carioca-conquista-espaco-na-prestacao-de-servicos-de-tecnologia-para-orgao-publico","og_locale":"pt_BR","og_type":"article","og_title":"Com apoio do Contrata+Brasil, microempreendedora carioca conquista espa\u00e7o na presta\u00e7\u00e3o de servi\u00e7os de tecnologia para \u00f3rg\u00e3o p\u00fablico","og_description":"Por EBC, No Brasil todo, 8,9 mil microempreendedores individuais (MEIs) j\u00e1 aderiram \u00e0 plataforma Contrata+Brasil. Com foco em pequenos reparos no seu primeiro ano de funcionamento, os homens s\u00e3o maioria nesse universo. Uma das exce\u00e7\u00f5es \u00e9 a carioca Jeniffer Alves Augusto Pereira, t\u00e9cnica em inform\u00e1tica e microempreendedora, que em mar\u00e7o de 2025, foi contratada pelo &hellip;","og_url":"https:\/\/www.gov.br\/contratamaisbrasil\/pt-br\/central-de-conteudo\/noticias\/com-apoio-do-contrata-brasil-microempreendedora-carioca-conquista-espaco-na-prestacao-de-servicos-de-tecnologia-para-orgao-publico","og_site_name":"MRNews","article_publisher":"https:\/\/www.facebook.com\/eaipahpah\/?locale2=pt_BR","article_published_time":"2026-03-13T23:26:52+00:00","author":"MR News","twitter_card":"summary_large_image","twitter_creator":"@conspirou","twitter_site":"@conspirou","twitter_misc":{"Escrito por":"MR News","Est. tempo de leitura":"7 minutos"},"schema":{"@context":"https:\/\/schema.org","@graph":[{"@type":"Article","@id":"https:\/\/www.gov.br\/contratamaisbrasil\/pt-br\/central-de-conteudo\/noticias\/com-apoio-do-contrata-brasil-microempreendedora-carioca-conquista-espaco-na-prestacao-de-servicos-de-tecnologia-para-orgao-publico#article","isPartOf":{"@id":"https:\/\/mrnews.com.br\/index.php\/2026\/03\/13\/com-apoio-do-contratabrasil-microempreendedora-carioca-conquista-espaco-na-prestacao-de-servicos-de-tecnologia-para-orgao-publico\/"},"author":{"name":"MR News","@id":"https:\/\/mrnews.com.br\/#\/schema\/person\/be3203154562a9f207407861cef7827b"},"headline":"Com apoio do Contrata+Brasil, microempreendedora carioca conquista espa\u00e7o na presta\u00e7\u00e3o de servi\u00e7os de tecnologia para \u00f3rg\u00e3o p\u00fablico","datePublished":"2026-03-13T23:26:52+00:00","mainEntityOfPage":{"@id":"https:\/\/mrnews.com.br\/index.php\/2026\/03\/13\/com-apoio-do-contratabrasil-microempreendedora-carioca-conquista-espaco-na-prestacao-de-servicos-de-tecnologia-para-orgao-publico\/"},"wordCount":1354,"commentCount":0,"publisher":{"@id":"https:\/\/mrnews.com.br\/#organization"},"articleSection":["Emprego","NOTICIAS","SERVI\u00c7OS"],"inLanguage":"pt-BR","potentialAction":[{"@type":"CommentAction","name":"Comment","target":["https:\/\/www.gov.br\/contratamaisbrasil\/pt-br\/central-de-conteudo\/noticias\/com-apoio-do-contrata-brasil-microempreendedora-carioca-conquista-espaco-na-prestacao-de-servicos-de-tecnologia-para-orgao-publico#respond"]}]},{"@type":"WebPage","@id":"https:\/\/mrnews.com.br\/index.php\/2026\/03\/13\/com-apoio-do-contratabrasil-microempreendedora-carioca-conquista-espaco-na-prestacao-de-servicos-de-tecnologia-para-orgao-publico\/","url":"https:\/\/www.gov.br\/contratamaisbrasil\/pt-br\/central-de-conteudo\/noticias\/com-apoio-do-contrata-brasil-microempreendedora-carioca-conquista-espaco-na-prestacao-de-servicos-de-tecnologia-para-orgao-publico","name":"Com apoio do Contrata+Brasil, microempreendedora carioca conquista espa\u00e7o na presta\u00e7\u00e3o de servi\u00e7os de tecnologia para \u00f3rg\u00e3o p\u00fablico","isPartOf":{"@id":"https:\/\/mrnews.com.br\/#website"},"datePublished":"2026-03-13T23:26:52+00:00","breadcrumb":{"@id":"https:\/\/www.gov.br\/contratamaisbrasil\/pt-br\/central-de-conteudo\/noticias\/com-apoio-do-contrata-brasil-microempreendedora-carioca-conquista-espaco-na-prestacao-de-servicos-de-tecnologia-para-orgao-publico#breadcrumb"},"inLanguage":"pt-BR","potentialAction":[{"@type":"ReadAction","target":["https:\/\/www.gov.br\/contratamaisbrasil\/pt-br\/central-de-conteudo\/noticias\/com-apoio-do-contrata-brasil-microempreendedora-carioca-conquista-espaco-na-prestacao-de-servicos-de-tecnologia-para-orgao-publico"]}]},{"@type":"BreadcrumbList","@id":"https:\/\/www.gov.br\/contratamaisbrasil\/pt-br\/central-de-conteudo\/noticias\/com-apoio-do-contrata-brasil-microempreendedora-carioca-conquista-espaco-na-prestacao-de-servicos-de-tecnologia-para-orgao-publico#breadcrumb","itemListElement":[{"@type":"ListItem","position":1,"name":"In\u00edcio","item":"https:\/\/mrnews.com.br\/"},{"@type":"ListItem","position":2,"name":"Com apoio do Contrata+Brasil, microempreendedora carioca conquista espa\u00e7o na presta\u00e7\u00e3o de servi\u00e7os de tecnologia para \u00f3rg\u00e3o p\u00fablico"}]},{"@type":"WebSite","@id":"https:\/\/mrnews.com.br\/#website","url":"https:\/\/mrnews.com.br\/","name":"MRNews","description":"MRNews Jogos de hoje da TV, transmiss\u00f5es ao vivo, Not\u00edcias de futebol, Jogos ao vivo, Lives, resumo de novelas, Programa\u00e7\u00e3o da Globo, A Fazenda e BBB","publisher":{"@id":"https:\/\/mrnews.com.br\/#organization"},"potentialAction":[{"@type":"SearchAction","target":{"@type":"EntryPoint","urlTemplate":"https:\/\/mrnews.com.br\/?s={search_term_string}"},"query-input":{"@type":"PropertyValueSpecification","valueRequired":true,"valueName":"search_term_string"}}],"inLanguage":"pt-BR"},{"@type":"Organization","@id":"https:\/\/mrnews.com.br\/#organization","name":"MRNews","url":"https:\/\/mrnews.com.br\/","logo":{"@type":"ImageObject","inLanguage":"pt-BR","@id":"https:\/\/mrnews.com.br\/#\/schema\/logo\/image\/","url":"https:\/\/mrnews.com.br\/wp-content\/uploads\/2019\/06\/MRNewslogo2.png","contentUrl":"https:\/\/mrnews.com.br\/wp-content\/uploads\/2019\/06\/MRNewslogo2.png","width":223,"height":58,"caption":"MRNews"},"image":{"@id":"https:\/\/mrnews.com.br\/#\/schema\/logo\/image\/"},"sameAs":["https:\/\/www.facebook.com\/eaipahpah\/?locale2=pt_BR","https:\/\/x.com\/conspirou","https:\/\/www.instagram.com\/eai_pahpah","https:\/\/br.pinterest.com\/mrnewsn\/boards\/","https:\/\/www.youtube.com\/channel\/UCacgnpznQ61fifLWr1tQ-vA?view_as=subscriber"]},{"@type":"Person","@id":"https:\/\/mrnews.com.br\/#\/schema\/person\/be3203154562a9f207407861cef7827b","name":"MR News","image":{"@type":"ImageObject","inLanguage":"pt-BR","@id":"https:\/\/secure.gravatar.com\/avatar\/04084e6d73c042b8646e7c17b494073bf0ede3ea13c7105cfc45cbbbc28385a4?s=96&d=monsterid&r=g","url":"https:\/\/secure.gravatar.com\/avatar\/04084e6d73c042b8646e7c17b494073bf0ede3ea13c7105cfc45cbbbc28385a4?s=96&d=monsterid&r=g","contentUrl":"https:\/\/secure.gravatar.com\/avatar\/04084e6d73c042b8646e7c17b494073bf0ede3ea13c7105cfc45cbbbc28385a4?s=96&d=monsterid&r=g","caption":"MR News"},"description":"Especializado em jornalismo colaborativo pela FTP em n\u00edvel de p\u00f3s-gradua\u00e7\u00e3o. suporte@oimeliga.combr","sameAs":["HUGO R.","Admin"],"url":"https:\/\/mrnews.com.br\/index.php\/author\/admin\/"}]}},"jetpack_featured_media_url":"","jetpack_sharing_enabled":true,"jetpack_shortlink":"https:\/\/wp.me\/pa2Qf7-1UWF","amp_enabled":true,"_links":{"self":[{"href":"https:\/\/mrnews.com.br\/index.php\/wp-json\/wp\/v2\/posts\/457229","targetHints":{"allow":["GET"]}}],"collection":[{"href":"https:\/\/mrnews.com.br\/index.php\/wp-json\/wp\/v2\/posts"}],"about":[{"href":"https:\/\/mrnews.com.br\/index.php\/wp-json\/wp\/v2\/types\/post"}],"author":[{"embeddable":true,"href":"https:\/\/mrnews.com.br\/index.php\/wp-json\/wp\/v2\/users\/1"}],"replies":[{"embeddable":true,"href":"https:\/\/mrnews.com.br\/index.php\/wp-json\/wp\/v2\/comments?post=457229"}],"version-history":[{"count":0,"href":"https:\/\/mrnews.com.br\/index.php\/wp-json\/wp\/v2\/posts\/457229\/revisions"}],"wp:attachment":[{"href":"https:\/\/mrnews.com.br\/index.php\/wp-json\/wp\/v2\/media?parent=457229"}],"wp:term":[{"taxonomy":"category","embeddable":true,"href":"https:\/\/mrnews.com.br\/index.php\/wp-json\/wp\/v2\/categories?post=457229"},{"taxonomy":"post_tag","embeddable":true,"href":"https:\/\/mrnews.com.br\/index.php\/wp-json\/wp\/v2\/tags?post=457229"}],"curies":[{"name":"wp","href":"https:\/\/api.w.org\/{rel}","templated":true}]}}