{"id":457253,"date":"2026-03-14T12:51:51","date_gmt":"2026-03-14T15:51:51","guid":{"rendered":"https:\/\/mrnews.com.br\/index.php\/2026\/03\/14\/circo-de-tradicao-familiar-se-torna-patrimonio-cultural-do-brasil\/"},"modified":"2026-03-14T12:51:51","modified_gmt":"2026-03-14T15:51:51","slug":"circo-de-tradicao-familiar-se-torna-patrimonio-cultural-do-brasil","status":"publish","type":"post","link":"https:\/\/mrnews.com.br\/index.php\/2026\/03\/14\/circo-de-tradicao-familiar-se-torna-patrimonio-cultural-do-brasil\/","title":{"rendered":"Circo de Tradi\u00e7\u00e3o Familiar se torna Patrim\u00f4nio Cultural do Brasil"},"content":{"rendered":"<p>Por EBC, <\/p>\n<div>\n<p>O Circo de Tradi\u00e7\u00e3o Familiar foi reconhecido nesta semana como Patrim\u00f4nio Cultural do Brasil pelo\u00a0Conselho Consultivo do Patrim\u00f4nio Cultural, do\u00a0Instituto do Patrim\u00f4nio Hist\u00f3rico e Art\u00edstico Nacional (Iphan), e vai constar no Livro de Registro das Formas de Express\u00e3o.<\/p>\n<p>Espalhada\u00a0por todo o pa\u00eds,\u00a0essa manifesta\u00e7\u00e3o cultural\u00a0\u00e9 descrita\u00a0pelo Iphan\u00a0como itinerante,\u00a0organizada em torno de n\u00facleos familiares e\u00a0de transmiss\u00e3o oral\u00a0de saberes, t\u00e9cnicas, modos de fazer e formas de conviv\u00eancia entre gera\u00e7\u00f5es.<\/p>\n<p><strong>No entendimento do conselho consultivo, favor\u00e1vel ao registro, essa manifesta\u00e7\u00e3o cultural\u00a0tem relev\u00e2ncia nacional, tanto pela for\u00e7a na promo\u00e7\u00e3o de espet\u00e1culos\u00a0como pelaspr\u00e1ticas l\u00fadicas e pela mem\u00f3ria social.<\/strong><\/p>\n<h2>\u00a0<\/h2>\n<div class=\"dnd-widget-wrapper context-cheio_8colunas type-image\">\n<div class=\"dnd-atom-rendered\"><!-- scald=456077:cheio_8colunas --><\/p>\n<p>    <!-- END scald=456077 --><\/div>\n<p><h6 class=\"meta\">Reuni\u00e3o que aprovou o registro do Circo de Tradi\u00e7\u00e3o Familiar como Patrim\u00f4nio Cultural do Brasil: Foto: Oscar Liberal\/Iphan.<!--END copyright=456077--><\/h6>\n<\/p>\n<\/div>\n<h2>Pioneirismo<\/h2>\n<p>A decis\u00e3o tomada em\u00a0reuni\u00e3o no Pal\u00e1cio Gustavo Capanema, no centro do Rio de Janeiro, na \u00faltima quarta-feira (11),\u00a0est\u00e1 ligada \u00e0 luta das familias que mant\u00eam essa tradi\u00e7\u00e3o. Fundado no Paran\u00e1, em 1991, o\u00a0Circo de Tradi\u00e7\u00e3o Familiar Zanchettini liderou esse processo.<\/p>\n<p>A companhia come\u00e7ou pelo trabalho de\u00a0Wanda Cabral Zanchettin e Primo J\u00falio Zanchettin, e tem sido\u00a0mantido ao longo do tempo pelos dez filhos e filhas do casal e seus descendentes. Desde 1993, Wanda encabe\u00e7ou\u00a0a luta para que a categoria recebesse o reconhecimento que chegou mais de 30 anos depois.\u00a0<\/p>\n<p>O pedido oficial de registro foi protocolado por ela no Iphan em 2005, e\u00a0mobilizou fam\u00edlias circenses, associa\u00e7\u00f5es, pesquisadores e institui\u00e7\u00f5es p\u00fablicas. A decis\u00e3o desta semana, no entanto, veio ap\u00f3s a sua morte, em 2017.<\/p>\n<p>Em entrevista \u00e0 <strong>Ag\u00eancia Brasil<\/strong>, Edlamar Maria Cabral Zanchettin, de 68 anos, filha de Wanda e uma das\u00a0herdeiras da tradi\u00e7\u00e3o,\u00a0reivindica o protagonismo da fam\u00edlia nessa luta.<\/p>\n<p>\u201cFoi a nossa fam\u00edlia quem protocolou, quem trabalhou, foi a Bras\u00edlia, fez reuni\u00e3o. Tudo fomos n\u00f3s, mas fizemos na abrang\u00eancia de todos os circos brasileiros, principalmente, a nossa maior luta \u00e9 para o reconhecimento dos nossos antepassados\u201d, disse ela, que celebrou:\u00a0\u201c\u00c9\u00a0como um Oscar para o circo brasileiro, porque \u00e9 para todos\u201d.<\/p>\n<p>Ela lamentou que a m\u00e3e n\u00e3o tenha testemunhado a vit\u00f3ria.\u00a0\u201cLutou muito por isso, mas, infelizmente, n\u00e3o chegou a alcan\u00e7ar este momento de gl\u00f3ria. Foi a\u00a0pessoa que foi na frente, nos empurrou, nos deu for\u00e7a e chegamos, gra\u00e7as a Deus, a esse reconhecimento\u201d.<\/p>\n<h2>Origem<\/h2>\n<p>Em 1949, Wanda Cabral\u00a0tinha 18 anos e\u00a0atuava no circo de ciganos Irm\u00e3os Marques junto com a m\u00e3e e os irm\u00e3os.\u00a0Naquele ano, o italiano Primo J\u00falio conheceu Wanda e se apaixonou por ela, os dois casaram e, com os parentes da mulher, montaram o Circo Teatro G\u00e1vea.<\/p>\n<p>\u201cO circo era pequeno, mas, ali, a gente aprendeu tudo. A m\u00e3e passava as t\u00e9cnicas pra gente. Ela sabia tudo sobre circo e sobre as artes\u201d, contou Erimeide Maria, de 65 anos, que destacou que a m\u00e3e cresceu imersa nessa cultura.<\/p>\n<p>\u00a0<\/p>\n<div class=\"dnd-widget-wrapper context-cheio_8colunas type-image\">\n<div class=\"dnd-atom-rendered\"><!-- scald=456078:cheio_8colunas --><\/p>\n<p>    <!-- END scald=456078 --><\/div>\n<p><h6 class=\"meta\"><!--copyright=456078-->Wanda Cabral Zanchetin e Primo Julio Zanchettin em foto do acervo familiar, por Zanchettin\/Arquivo Pessoal<!--END copyright=456078--><\/h6>\n<\/p>\n<\/div>\n<p>Em 1991, quando o marido morreu,\u00a0Wanda batizou a companhia de\u00a0Zanchettini para homenage\u00e1-lo.<\/p>\n<p>\u201cO pai a acompanhou nessa trajet\u00f3ria, como artista e palha\u00e7o. Somos dez filhos, cinco mulheres e cinco homens, e a gente foi nascendo e crescendo em barracas em volta do circo\u201d, revelou Erimeide, que foi trapezista, cantora, acrobata, atriz, entre outras coisas.<\/p>\n<p>Apesar dos apertos, ela contou que a conviv\u00eancia em fam\u00edlia sempre foi boa entre os irm\u00e3os Edlamar, Erimeide, M\u00e1rcia Aparecida, Solange Maria, \u00c1urea, Silvio Marcos, S\u00e9rgio, Jaime, M\u00e1rcio e Amauri.<\/p>\n<blockquote>\n<p>\u201c\u00c9 uma luta dif\u00edcil e continua sendo para todos os circenses,\u00a0muito trabalhosa, mas com a uni\u00e3o dos irm\u00e3os, m\u00e3e, pai e agregados, a gente teve sempre uma vida feliz em circo, que \u00e9 nossa grande paix\u00e3o, nosso amor\u201d, pontuou Erimeide.<\/p>\n<\/blockquote>\n<h2>Gera\u00e7\u00f5es<\/h2>\n<p>A renova\u00e7\u00e3o no circo familiar \u00e9 constante e, atualmente, a gera\u00e7\u00e3o mais nova j\u00e1 faz parte do elenco do Zanchettini.<\/p>\n<p>\u201cOs mais novos v\u00eam chegando, e a gente vai repassando toda a hist\u00f3ria do circo, com suas nuances. Tem uma sabedoria muito forte dentro do circo, um linguajar nosso. Tudo tem um prop\u00f3sito\u201d, observou a apresentadora.<\/p>\n<p>Os mais jovens da fam\u00edlia est\u00e3o mantendo a tradi\u00e7\u00e3o e fazem suas carreiras profissionais no circo. Entre os sobrinhos, o\u00a0\u00fanico que saiu do Zanchettini\u00a0foi para Dubai, nos Emirados \u00c1rabes Unidos, para trabalhar\u00a0tamb\u00e9m como artista circense.<\/p>\n<p>\u201c\u00c9 de gera\u00e7\u00e3o em gera\u00e7\u00e3o. Vem da minha av\u00f3, minha m\u00e3e, meu pai, nossa fam\u00edlia toda. Dez irm\u00e3os caminhando pelo mundo afora, montando e desmontando circo, enfrentando estradas, fazendo espet\u00e1culos, ensaiando, pegando terrenos cheios de barro e outros bonitos. \u00c9 uma hist\u00f3ria muito longa de uma vida toda\u201d, acrescentou Erimeide.<\/p>\n<h2>Dificuldades<\/h2>\n<p>Nas viagens a v\u00e1rios estados do Brasil e at\u00e9 fora do pa\u00eds, como o Paraguai, Argentina e Bol\u00edvia, Edlamar disse que uma das dificuldades do circo tradicional \u00e9\u00a0a concorr\u00eancia com apresenta\u00e7\u00f5es de celebridades e\u00a0shows gratuitos.<\/p>\n<p>\u201cEsses n\u00e3o t\u00eam o circo tradicional brasileiro, do palha\u00e7o da cara pintada, do trap\u00e9zio, do globo da morte, do malabarismo, do contorcionismo. A gente leva o tradicional. N\u00e3o temos personagens, n\u00e3o temos celebridades de TV, n\u00e3o temos dinossauros. N\u00f3s somos raiz\u201d, afirmou.<\/p>\n<p>Outra quest\u00e3o s\u00e3o os custos, como impostos e taxas cobradas pelo Poder P\u00fablico. &#8220;Eles nos cobram como se f\u00f4ssemos edificados, uma farm\u00e1cia, um supermercado ou nos cobram como evento grande, n\u00e3o como cultura\u201d, reclamou a administradora. \u201cA prefeitura cobra o uso de solo, e a gente paga tudo adiantado. Se chover, a prefeitura j\u00e1 ganhou, e a gente, n\u00e3o\u201d.<\/p>\n<p>Os obst\u00e1culos\u00a0s\u00e3o os mesmos enfrentados por\u00a0muitos circos familiares do Brasil, e Edlamar lamentou que\u00a0muitos circos pequenos e tradicionais lidam\u00a0com dificuldades ainda maiores por n\u00e3o serem fam\u00edlias t\u00e3o numerosas.<\/p>\n<blockquote>\n<p>\u201cA gente j\u00e1 passou por v\u00e1rios tipos de fal\u00eancia, recuperamos tudo e recome\u00e7amos de novo. \u00c9 um amor t\u00e3o forte e um sentimento poderoso\u00a0pelo circo que a gente n\u00e3o sabe de onde vem. A gente n\u00e3o conseguiria viver longe do circo\u201d, pontuou Erimeide.<\/p>\n<\/blockquote>\n<p>A expectativa de Edlamar \u00e9 que esse cen\u00e1rio de\u00a0dificuldade financeira mude ap\u00f3s o reconhecimento.<\/p>\n<p>\u201cFica mais f\u00e1cil falar com o prefeito para ver o que ele pode fazer dentro do regulamento do Iphan. Seja um pre\u00e7o menor, um terreno da prefeitura gratuito. Esse reconhecimento n\u00e3o \u00e9 qualquer um que tem e\u00a0ser\u00e1 de grande valia para n\u00f3s\u201d, avaliou.<\/p>\n<div class=\"dnd-widget-wrapper context-cheio_8colunas type-image\">\n<div class=\"dnd-atom-rendered\"><!-- scald=456078:cheio_8colunas --><\/p>\n<p>    <!-- END scald=456078 --><\/div>\n<div class=\"dnd-caption-wrapper\">\n<p><!--copyright=456078-->13.03.2026 &#8211; Circo dd Tradi\u00e7\u00e3o Familiar &#8211; Casal Primo Julio Zanchettin e Wanda Cabral Zanchettin fundadores do Circo da fam\u00edlia\u00a0. Foto: Zanchettin\/Arquivo Pessoal &#8211; <strong>Zanchettin\/Arquivo Pessoal<\/strong><!--END copyright=456078--><\/p>\n<\/div>\n<\/div>\n<p>      <!-- Relacionada --><\/p>\n<p>            <!-- Relacionada -->\n    <\/div>\n","protected":false},"excerpt":{"rendered":"<p>Por EBC, O Circo de Tradi\u00e7\u00e3o Familiar foi reconhecido nesta semana como Patrim\u00f4nio Cultural do Brasil pelo\u00a0Conselho Consultivo do Patrim\u00f4nio Cultural, do\u00a0Instituto do Patrim\u00f4nio Hist\u00f3rico e Art\u00edstico Nacional (Iphan), e vai constar no Livro de Registro das Formas de Express\u00e3o. Espalhada\u00a0por todo o pa\u00eds,\u00a0essa manifesta\u00e7\u00e3o cultural\u00a0\u00e9 descrita\u00a0pelo Iphan\u00a0como itinerante,\u00a0organizada em torno de n\u00facleos familiares e\u00a0de &hellip;<\/p>\n","protected":false},"author":1,"featured_media":0,"comment_status":"open","ping_status":"open","sticky":false,"template":"","format":"standard","meta":{"_jetpack_memberships_contains_paid_content":false,"footnotes":""},"categories":[2,12225,4],"tags":[],"class_list":["post-457253","post","type-post","status-publish","format-standard","hentry","category-entretenimento","category-noticias","category-servicos"],"yoast_head":"<!-- This site is optimized with the Yoast SEO plugin v27.5 - https:\/\/yoast.com\/product\/yoast-seo-wordpress\/ -->\n<title>Circo de Tradi\u00e7\u00e3o Familiar se torna Patrim\u00f4nio Cultural do Brasil<\/title>\n<meta name=\"robots\" content=\"index, follow, max-snippet:-1, max-image-preview:large, max-video-preview:-1\" \/>\n<link rel=\"canonical\" href=\"https:\/\/agenciabrasil.ebc.com.br\/cultura\/noticia\/2026-03\/circo-de-tradicao-familiar-se-torna-patrimonio-cultural-do-brasil\" \/>\n<meta property=\"og:locale\" content=\"pt_BR\" \/>\n<meta property=\"og:type\" content=\"article\" \/>\n<meta property=\"og:title\" content=\"Circo de Tradi\u00e7\u00e3o Familiar se torna Patrim\u00f4nio Cultural do Brasil\" \/>\n<meta property=\"og:description\" content=\"Por EBC, O Circo de Tradi\u00e7\u00e3o Familiar foi reconhecido nesta semana como Patrim\u00f4nio Cultural do Brasil pelo\u00a0Conselho Consultivo do Patrim\u00f4nio Cultural, do\u00a0Instituto do Patrim\u00f4nio Hist\u00f3rico e Art\u00edstico Nacional (Iphan), e vai constar no Livro de Registro das Formas de Express\u00e3o. Espalhada\u00a0por todo o pa\u00eds,\u00a0essa manifesta\u00e7\u00e3o cultural\u00a0\u00e9 descrita\u00a0pelo Iphan\u00a0como itinerante,\u00a0organizada em torno de n\u00facleos familiares e\u00a0de &hellip;\" \/>\n<meta property=\"og:url\" content=\"https:\/\/agenciabrasil.ebc.com.br\/cultura\/noticia\/2026-03\/circo-de-tradicao-familiar-se-torna-patrimonio-cultural-do-brasil\" \/>\n<meta property=\"og:site_name\" content=\"MRNews\" \/>\n<meta property=\"article:publisher\" content=\"https:\/\/www.facebook.com\/eaipahpah\/?locale2=pt_BR\" \/>\n<meta property=\"article:published_time\" content=\"2026-03-14T15:51:51+00:00\" \/>\n<meta name=\"author\" content=\"MR News\" \/>\n<meta name=\"twitter:card\" content=\"summary_large_image\" \/>\n<meta name=\"twitter:creator\" content=\"@conspirou\" \/>\n<meta name=\"twitter:site\" content=\"@conspirou\" \/>\n<meta name=\"twitter:label1\" content=\"Escrito por\" \/>\n\t<meta name=\"twitter:data1\" content=\"MR News\" \/>\n\t<meta name=\"twitter:label2\" content=\"Est. tempo de leitura\" \/>\n\t<meta name=\"twitter:data2\" content=\"6 minutos\" \/>\n<script type=\"application\/ld+json\" class=\"yoast-schema-graph\">{\"@context\":\"https:\\\/\\\/schema.org\",\"@graph\":[{\"@type\":\"Article\",\"@id\":\"https:\\\/\\\/agenciabrasil.ebc.com.br\\\/cultura\\\/noticia\\\/2026-03\\\/circo-de-tradicao-familiar-se-torna-patrimonio-cultural-do-brasil#article\",\"isPartOf\":{\"@id\":\"https:\\\/\\\/mrnews.com.br\\\/index.php\\\/2026\\\/03\\\/14\\\/circo-de-tradicao-familiar-se-torna-patrimonio-cultural-do-brasil\\\/\"},\"author\":{\"name\":\"MR News\",\"@id\":\"https:\\\/\\\/mrnews.com.br\\\/#\\\/schema\\\/person\\\/be3203154562a9f207407861cef7827b\"},\"headline\":\"Circo de Tradi\u00e7\u00e3o Familiar se torna Patrim\u00f4nio Cultural do Brasil\",\"datePublished\":\"2026-03-14T15:51:51+00:00\",\"mainEntityOfPage\":{\"@id\":\"https:\\\/\\\/mrnews.com.br\\\/index.php\\\/2026\\\/03\\\/14\\\/circo-de-tradicao-familiar-se-torna-patrimonio-cultural-do-brasil\\\/\"},\"wordCount\":1181,\"commentCount\":0,\"publisher\":{\"@id\":\"https:\\\/\\\/mrnews.com.br\\\/#organization\"},\"articleSection\":[\"ENTRETENIMENTO\",\"NOTICIAS\",\"SERVI\u00c7OS\"],\"inLanguage\":\"pt-BR\",\"potentialAction\":[{\"@type\":\"CommentAction\",\"name\":\"Comment\",\"target\":[\"https:\\\/\\\/agenciabrasil.ebc.com.br\\\/cultura\\\/noticia\\\/2026-03\\\/circo-de-tradicao-familiar-se-torna-patrimonio-cultural-do-brasil#respond\"]}]},{\"@type\":\"WebPage\",\"@id\":\"https:\\\/\\\/mrnews.com.br\\\/index.php\\\/2026\\\/03\\\/14\\\/circo-de-tradicao-familiar-se-torna-patrimonio-cultural-do-brasil\\\/\",\"url\":\"https:\\\/\\\/agenciabrasil.ebc.com.br\\\/cultura\\\/noticia\\\/2026-03\\\/circo-de-tradicao-familiar-se-torna-patrimonio-cultural-do-brasil\",\"name\":\"Circo de Tradi\u00e7\u00e3o Familiar se torna Patrim\u00f4nio Cultural do Brasil\",\"isPartOf\":{\"@id\":\"https:\\\/\\\/mrnews.com.br\\\/#website\"},\"datePublished\":\"2026-03-14T15:51:51+00:00\",\"breadcrumb\":{\"@id\":\"https:\\\/\\\/agenciabrasil.ebc.com.br\\\/cultura\\\/noticia\\\/2026-03\\\/circo-de-tradicao-familiar-se-torna-patrimonio-cultural-do-brasil#breadcrumb\"},\"inLanguage\":\"pt-BR\",\"potentialAction\":[{\"@type\":\"ReadAction\",\"target\":[\"https:\\\/\\\/agenciabrasil.ebc.com.br\\\/cultura\\\/noticia\\\/2026-03\\\/circo-de-tradicao-familiar-se-torna-patrimonio-cultural-do-brasil\"]}]},{\"@type\":\"BreadcrumbList\",\"@id\":\"https:\\\/\\\/agenciabrasil.ebc.com.br\\\/cultura\\\/noticia\\\/2026-03\\\/circo-de-tradicao-familiar-se-torna-patrimonio-cultural-do-brasil#breadcrumb\",\"itemListElement\":[{\"@type\":\"ListItem\",\"position\":1,\"name\":\"In\u00edcio\",\"item\":\"https:\\\/\\\/mrnews.com.br\\\/\"},{\"@type\":\"ListItem\",\"position\":2,\"name\":\"Circo de Tradi\u00e7\u00e3o Familiar se torna Patrim\u00f4nio Cultural do Brasil\"}]},{\"@type\":\"WebSite\",\"@id\":\"https:\\\/\\\/mrnews.com.br\\\/#website\",\"url\":\"https:\\\/\\\/mrnews.com.br\\\/\",\"name\":\"MRNews\",\"description\":\"MRNews Jogos de hoje da TV, transmiss\u00f5es ao vivo, Not\u00edcias de futebol, Jogos ao vivo, Lives, resumo de novelas, Programa\u00e7\u00e3o da Globo, A Fazenda e BBB\",\"publisher\":{\"@id\":\"https:\\\/\\\/mrnews.com.br\\\/#organization\"},\"potentialAction\":[{\"@type\":\"SearchAction\",\"target\":{\"@type\":\"EntryPoint\",\"urlTemplate\":\"https:\\\/\\\/mrnews.com.br\\\/?s={search_term_string}\"},\"query-input\":{\"@type\":\"PropertyValueSpecification\",\"valueRequired\":true,\"valueName\":\"search_term_string\"}}],\"inLanguage\":\"pt-BR\"},{\"@type\":\"Organization\",\"@id\":\"https:\\\/\\\/mrnews.com.br\\\/#organization\",\"name\":\"MRNews\",\"url\":\"https:\\\/\\\/mrnews.com.br\\\/\",\"logo\":{\"@type\":\"ImageObject\",\"inLanguage\":\"pt-BR\",\"@id\":\"https:\\\/\\\/mrnews.com.br\\\/#\\\/schema\\\/logo\\\/image\\\/\",\"url\":\"https:\\\/\\\/mrnews.com.br\\\/wp-content\\\/uploads\\\/2019\\\/06\\\/MRNewslogo2.png\",\"contentUrl\":\"https:\\\/\\\/mrnews.com.br\\\/wp-content\\\/uploads\\\/2019\\\/06\\\/MRNewslogo2.png\",\"width\":223,\"height\":58,\"caption\":\"MRNews\"},\"image\":{\"@id\":\"https:\\\/\\\/mrnews.com.br\\\/#\\\/schema\\\/logo\\\/image\\\/\"},\"sameAs\":[\"https:\\\/\\\/www.facebook.com\\\/eaipahpah\\\/?locale2=pt_BR\",\"https:\\\/\\\/x.com\\\/conspirou\",\"https:\\\/\\\/www.instagram.com\\\/eai_pahpah\",\"https:\\\/\\\/br.pinterest.com\\\/mrnewsn\\\/boards\\\/\",\"https:\\\/\\\/www.youtube.com\\\/channel\\\/UCacgnpznQ61fifLWr1tQ-vA?view_as=subscriber\"]},{\"@type\":\"Person\",\"@id\":\"https:\\\/\\\/mrnews.com.br\\\/#\\\/schema\\\/person\\\/be3203154562a9f207407861cef7827b\",\"name\":\"MR News\",\"image\":{\"@type\":\"ImageObject\",\"inLanguage\":\"pt-BR\",\"@id\":\"https:\\\/\\\/secure.gravatar.com\\\/avatar\\\/04084e6d73c042b8646e7c17b494073bf0ede3ea13c7105cfc45cbbbc28385a4?s=96&d=monsterid&r=g\",\"url\":\"https:\\\/\\\/secure.gravatar.com\\\/avatar\\\/04084e6d73c042b8646e7c17b494073bf0ede3ea13c7105cfc45cbbbc28385a4?s=96&d=monsterid&r=g\",\"contentUrl\":\"https:\\\/\\\/secure.gravatar.com\\\/avatar\\\/04084e6d73c042b8646e7c17b494073bf0ede3ea13c7105cfc45cbbbc28385a4?s=96&d=monsterid&r=g\",\"caption\":\"MR News\"},\"description\":\"Especializado em jornalismo colaborativo pela FTP em n\u00edvel de p\u00f3s-gradua\u00e7\u00e3o. suporte@oimeliga.combr\",\"sameAs\":[\"HUGO R.\",\"Admin\"],\"url\":\"https:\\\/\\\/mrnews.com.br\\\/index.php\\\/author\\\/admin\\\/\"}]}<\/script>\n<!-- \/ Yoast SEO plugin. -->","yoast_head_json":{"title":"Circo de Tradi\u00e7\u00e3o Familiar se torna Patrim\u00f4nio Cultural do Brasil","robots":{"index":"index","follow":"follow","max-snippet":"max-snippet:-1","max-image-preview":"max-image-preview:large","max-video-preview":"max-video-preview:-1"},"canonical":"https:\/\/agenciabrasil.ebc.com.br\/cultura\/noticia\/2026-03\/circo-de-tradicao-familiar-se-torna-patrimonio-cultural-do-brasil","og_locale":"pt_BR","og_type":"article","og_title":"Circo de Tradi\u00e7\u00e3o Familiar se torna Patrim\u00f4nio Cultural do Brasil","og_description":"Por EBC, O Circo de Tradi\u00e7\u00e3o Familiar foi reconhecido nesta semana como Patrim\u00f4nio Cultural do Brasil pelo\u00a0Conselho Consultivo do Patrim\u00f4nio Cultural, do\u00a0Instituto do Patrim\u00f4nio Hist\u00f3rico e Art\u00edstico Nacional (Iphan), e vai constar no Livro de Registro das Formas de Express\u00e3o. Espalhada\u00a0por todo o pa\u00eds,\u00a0essa manifesta\u00e7\u00e3o cultural\u00a0\u00e9 descrita\u00a0pelo Iphan\u00a0como itinerante,\u00a0organizada em torno de n\u00facleos familiares e\u00a0de &hellip;","og_url":"https:\/\/agenciabrasil.ebc.com.br\/cultura\/noticia\/2026-03\/circo-de-tradicao-familiar-se-torna-patrimonio-cultural-do-brasil","og_site_name":"MRNews","article_publisher":"https:\/\/www.facebook.com\/eaipahpah\/?locale2=pt_BR","article_published_time":"2026-03-14T15:51:51+00:00","author":"MR News","twitter_card":"summary_large_image","twitter_creator":"@conspirou","twitter_site":"@conspirou","twitter_misc":{"Escrito por":"MR News","Est. tempo de leitura":"6 minutos"},"schema":{"@context":"https:\/\/schema.org","@graph":[{"@type":"Article","@id":"https:\/\/agenciabrasil.ebc.com.br\/cultura\/noticia\/2026-03\/circo-de-tradicao-familiar-se-torna-patrimonio-cultural-do-brasil#article","isPartOf":{"@id":"https:\/\/mrnews.com.br\/index.php\/2026\/03\/14\/circo-de-tradicao-familiar-se-torna-patrimonio-cultural-do-brasil\/"},"author":{"name":"MR News","@id":"https:\/\/mrnews.com.br\/#\/schema\/person\/be3203154562a9f207407861cef7827b"},"headline":"Circo de Tradi\u00e7\u00e3o Familiar se torna Patrim\u00f4nio Cultural do Brasil","datePublished":"2026-03-14T15:51:51+00:00","mainEntityOfPage":{"@id":"https:\/\/mrnews.com.br\/index.php\/2026\/03\/14\/circo-de-tradicao-familiar-se-torna-patrimonio-cultural-do-brasil\/"},"wordCount":1181,"commentCount":0,"publisher":{"@id":"https:\/\/mrnews.com.br\/#organization"},"articleSection":["ENTRETENIMENTO","NOTICIAS","SERVI\u00c7OS"],"inLanguage":"pt-BR","potentialAction":[{"@type":"CommentAction","name":"Comment","target":["https:\/\/agenciabrasil.ebc.com.br\/cultura\/noticia\/2026-03\/circo-de-tradicao-familiar-se-torna-patrimonio-cultural-do-brasil#respond"]}]},{"@type":"WebPage","@id":"https:\/\/mrnews.com.br\/index.php\/2026\/03\/14\/circo-de-tradicao-familiar-se-torna-patrimonio-cultural-do-brasil\/","url":"https:\/\/agenciabrasil.ebc.com.br\/cultura\/noticia\/2026-03\/circo-de-tradicao-familiar-se-torna-patrimonio-cultural-do-brasil","name":"Circo de Tradi\u00e7\u00e3o Familiar se torna Patrim\u00f4nio Cultural do Brasil","isPartOf":{"@id":"https:\/\/mrnews.com.br\/#website"},"datePublished":"2026-03-14T15:51:51+00:00","breadcrumb":{"@id":"https:\/\/agenciabrasil.ebc.com.br\/cultura\/noticia\/2026-03\/circo-de-tradicao-familiar-se-torna-patrimonio-cultural-do-brasil#breadcrumb"},"inLanguage":"pt-BR","potentialAction":[{"@type":"ReadAction","target":["https:\/\/agenciabrasil.ebc.com.br\/cultura\/noticia\/2026-03\/circo-de-tradicao-familiar-se-torna-patrimonio-cultural-do-brasil"]}]},{"@type":"BreadcrumbList","@id":"https:\/\/agenciabrasil.ebc.com.br\/cultura\/noticia\/2026-03\/circo-de-tradicao-familiar-se-torna-patrimonio-cultural-do-brasil#breadcrumb","itemListElement":[{"@type":"ListItem","position":1,"name":"In\u00edcio","item":"https:\/\/mrnews.com.br\/"},{"@type":"ListItem","position":2,"name":"Circo de Tradi\u00e7\u00e3o Familiar se torna Patrim\u00f4nio Cultural do Brasil"}]},{"@type":"WebSite","@id":"https:\/\/mrnews.com.br\/#website","url":"https:\/\/mrnews.com.br\/","name":"MRNews","description":"MRNews Jogos de hoje da TV, transmiss\u00f5es ao vivo, Not\u00edcias de futebol, Jogos ao vivo, Lives, resumo de novelas, Programa\u00e7\u00e3o da Globo, A Fazenda e BBB","publisher":{"@id":"https:\/\/mrnews.com.br\/#organization"},"potentialAction":[{"@type":"SearchAction","target":{"@type":"EntryPoint","urlTemplate":"https:\/\/mrnews.com.br\/?s={search_term_string}"},"query-input":{"@type":"PropertyValueSpecification","valueRequired":true,"valueName":"search_term_string"}}],"inLanguage":"pt-BR"},{"@type":"Organization","@id":"https:\/\/mrnews.com.br\/#organization","name":"MRNews","url":"https:\/\/mrnews.com.br\/","logo":{"@type":"ImageObject","inLanguage":"pt-BR","@id":"https:\/\/mrnews.com.br\/#\/schema\/logo\/image\/","url":"https:\/\/mrnews.com.br\/wp-content\/uploads\/2019\/06\/MRNewslogo2.png","contentUrl":"https:\/\/mrnews.com.br\/wp-content\/uploads\/2019\/06\/MRNewslogo2.png","width":223,"height":58,"caption":"MRNews"},"image":{"@id":"https:\/\/mrnews.com.br\/#\/schema\/logo\/image\/"},"sameAs":["https:\/\/www.facebook.com\/eaipahpah\/?locale2=pt_BR","https:\/\/x.com\/conspirou","https:\/\/www.instagram.com\/eai_pahpah","https:\/\/br.pinterest.com\/mrnewsn\/boards\/","https:\/\/www.youtube.com\/channel\/UCacgnpznQ61fifLWr1tQ-vA?view_as=subscriber"]},{"@type":"Person","@id":"https:\/\/mrnews.com.br\/#\/schema\/person\/be3203154562a9f207407861cef7827b","name":"MR News","image":{"@type":"ImageObject","inLanguage":"pt-BR","@id":"https:\/\/secure.gravatar.com\/avatar\/04084e6d73c042b8646e7c17b494073bf0ede3ea13c7105cfc45cbbbc28385a4?s=96&d=monsterid&r=g","url":"https:\/\/secure.gravatar.com\/avatar\/04084e6d73c042b8646e7c17b494073bf0ede3ea13c7105cfc45cbbbc28385a4?s=96&d=monsterid&r=g","contentUrl":"https:\/\/secure.gravatar.com\/avatar\/04084e6d73c042b8646e7c17b494073bf0ede3ea13c7105cfc45cbbbc28385a4?s=96&d=monsterid&r=g","caption":"MR News"},"description":"Especializado em jornalismo colaborativo pela FTP em n\u00edvel de p\u00f3s-gradua\u00e7\u00e3o. suporte@oimeliga.combr","sameAs":["HUGO R.","Admin"],"url":"https:\/\/mrnews.com.br\/index.php\/author\/admin\/"}]}},"jetpack_featured_media_url":"","jetpack_sharing_enabled":true,"jetpack_shortlink":"https:\/\/wp.me\/pa2Qf7-1UX3","amp_enabled":true,"_links":{"self":[{"href":"https:\/\/mrnews.com.br\/index.php\/wp-json\/wp\/v2\/posts\/457253","targetHints":{"allow":["GET"]}}],"collection":[{"href":"https:\/\/mrnews.com.br\/index.php\/wp-json\/wp\/v2\/posts"}],"about":[{"href":"https:\/\/mrnews.com.br\/index.php\/wp-json\/wp\/v2\/types\/post"}],"author":[{"embeddable":true,"href":"https:\/\/mrnews.com.br\/index.php\/wp-json\/wp\/v2\/users\/1"}],"replies":[{"embeddable":true,"href":"https:\/\/mrnews.com.br\/index.php\/wp-json\/wp\/v2\/comments?post=457253"}],"version-history":[{"count":0,"href":"https:\/\/mrnews.com.br\/index.php\/wp-json\/wp\/v2\/posts\/457253\/revisions"}],"wp:attachment":[{"href":"https:\/\/mrnews.com.br\/index.php\/wp-json\/wp\/v2\/media?parent=457253"}],"wp:term":[{"taxonomy":"category","embeddable":true,"href":"https:\/\/mrnews.com.br\/index.php\/wp-json\/wp\/v2\/categories?post=457253"},{"taxonomy":"post_tag","embeddable":true,"href":"https:\/\/mrnews.com.br\/index.php\/wp-json\/wp\/v2\/tags?post=457253"}],"curies":[{"name":"wp","href":"https:\/\/api.w.org\/{rel}","templated":true}]}}