{"id":457254,"date":"2026-03-14T13:33:54","date_gmt":"2026-03-14T16:33:54","guid":{"rendered":"https:\/\/mrnews.com.br\/index.php\/2026\/03\/14\/bolsonaro-tem-piora-da-funcao-renal-e-aumento-de-inflamacao\/"},"modified":"2026-03-14T13:33:54","modified_gmt":"2026-03-14T16:33:54","slug":"bolsonaro-tem-piora-da-funcao-renal-e-aumento-de-inflamacao","status":"publish","type":"post","link":"https:\/\/mrnews.com.br\/index.php\/2026\/03\/14\/bolsonaro-tem-piora-da-funcao-renal-e-aumento-de-inflamacao\/","title":{"rendered":"Bolsonaro tem piora da fun\u00e7\u00e3o renal e aumento de inflama\u00e7\u00e3o"},"content":{"rendered":"<p>Por EBC, <\/p>\n<div>\n<p><strong>O ex-presidente Jair Bolsonaro teve piora da fun\u00e7\u00e3o renal e aumento nos indicadores inflamat\u00f3rios, informou neste s\u00e1bado (14) o Hospital DF Star, em Bras\u00edlia.<\/strong><\/p>\n<p>Segundo o \u00faltimo boletim m\u00e9dico, <strong>ele continua na Unidade de Terapia Intensiva (UTI), sem previs\u00e3o de alta<\/strong>.<\/p>\n<p>O hospital informou que, <strong>apesar do agravamento dos rins, o ex-presidente est\u00e1 clinicamente est\u00e1vel e mant\u00e9m o tratamento com antibi\u00f3ticos e hidrata\u00e7\u00e3o por via endovenosa<\/strong>. Bolsonaro tamb\u00e9m faz exerc\u00edcios de fisioterapia respirat\u00f3ria e motora e recebe medidas de preven\u00e7\u00e3o de trombose venosa.<\/p>\n<p>Desde a manh\u00e3 de sexta-feira (13), Bolsonaro est\u00e1 na UTI do DF Star, com broncopneumonia bacteriana bilateral de prov\u00e1vel origem aspirativa. Ele chegou \u00e0 unidade hospitalar privada socorrido por uma equipe do Servi\u00e7o de Atendimento M\u00f3vel de Urg\u00eancia (Samu), ap\u00f3s apresentar quadro de febre alta, queda da satura\u00e7\u00e3o de oxig\u00eanio, sudorese e calafrios.<\/p>\n<p>Ele est\u00e1 detido na Papudinha (pr\u00e9dio no Complexo Penitenci\u00e1rio da Papuda), onde cumpre pena de 27 anos e 3 meses, por tentativa de golpe de Estado e outros crimes relacionados.<\/p>\n<p>O boletim m\u00e9dico \u00e9 assinada pelo cirurgi\u00e3o-geral Cl\u00e1udio Birolini; os cardiologistas Leandro Echenique e Brasil Caiado; o coordenador da UTI Geral, Ant\u00f4nio Aur\u00e9lio de Paiva Fagundes J\u00fanior; e pelo diretor-geral do hospital, Allisson B. Barcelos Borges.<\/p>\n<p><strong>&gt;&gt; Siga o canal da Ag\u00eancia Brasil no WhatsApp<\/strong><\/p>\n<h2>Decis\u00e3o<\/h2>\n<p>Em decis\u00e3o divulgada pelo Supremo Tribunal Federal (STF) no in\u00edcio da tarde de sexta-feira, o ministro Alexandre de Moraes autorizou a presen\u00e7a da esposa do ex-presidente, Michelle Bolsonaro, no hospital, como acompanhante.<\/p>\n<p>Moraes tamb\u00e9m autorizou os filhos Jair Renan, Fl\u00e1vio, Carlos, Laura, bem como a enteada, Let\u00edcia, a visitarem Jair Bolsonaro durante a interna\u00e7\u00e3o.<\/p>\n<p>O ministro ainda determinou que a vigil\u00e2ncia do ex-presidente seja providenciada pelo N\u00facleo do Cust\u00f3dia do 19\u00ba Batalh\u00e3o da Pol\u00edcia Militar do Distrito Federal. Policiais dever\u00e3o ficar de prontid\u00e3o 24 horas, sendo dois na porta do quarto, al\u00e9m de equipes dentro e fora do hospital.<\/p>\n<p>Moraes\u00a0tamb\u00e9m proibiu a entrada de computadores, telefones celulares ou quaisquer dispositivos eletr\u00f4nicos, salvo equipamentos m\u00e9dicos, na unidade onde Bolsonaro est\u00e1 internado.<\/p>\n<p>      <!-- Relacionada --><\/p>\n<p>            <!-- Relacionada -->\n    <\/div>\n","protected":false},"excerpt":{"rendered":"<p>Por EBC, O ex-presidente Jair Bolsonaro teve piora da fun\u00e7\u00e3o renal e aumento nos indicadores inflamat\u00f3rios, informou neste s\u00e1bado (14) o Hospital DF Star, em Bras\u00edlia. Segundo o \u00faltimo boletim m\u00e9dico, ele continua na Unidade de Terapia Intensiva (UTI), sem previs\u00e3o de alta. O hospital informou que, apesar do agravamento dos rins, o ex-presidente est\u00e1 &hellip;<\/p>\n","protected":false},"author":1,"featured_media":0,"comment_status":"open","ping_status":"open","sticky":false,"template":"","format":"standard","meta":{"_jetpack_memberships_contains_paid_content":false,"footnotes":""},"categories":[2,12225,4],"tags":[],"class_list":["post-457254","post","type-post","status-publish","format-standard","hentry","category-entretenimento","category-noticias","category-servicos"],"yoast_head":"<!-- This site is optimized with the Yoast SEO plugin v27.5 - https:\/\/yoast.com\/product\/yoast-seo-wordpress\/ -->\n<title>Bolsonaro tem piora da fun\u00e7\u00e3o renal e aumento de inflama\u00e7\u00e3o<\/title>\n<meta name=\"robots\" content=\"index, follow, max-snippet:-1, max-image-preview:large, max-video-preview:-1\" \/>\n<link rel=\"canonical\" href=\"https:\/\/agenciabrasil.ebc.com.br\/politica\/noticia\/2026-03\/bolsonaro-tem-piora-da-funcao-renal-e-aumento-de-inflamacao\" \/>\n<meta property=\"og:locale\" content=\"pt_BR\" \/>\n<meta property=\"og:type\" content=\"article\" \/>\n<meta property=\"og:title\" content=\"Bolsonaro tem piora da fun\u00e7\u00e3o renal e aumento de inflama\u00e7\u00e3o\" \/>\n<meta property=\"og:description\" content=\"Por EBC, O ex-presidente Jair Bolsonaro teve piora da fun\u00e7\u00e3o renal e aumento nos indicadores inflamat\u00f3rios, informou neste s\u00e1bado (14) o Hospital DF Star, em Bras\u00edlia. Segundo o \u00faltimo boletim m\u00e9dico, ele continua na Unidade de Terapia Intensiva (UTI), sem previs\u00e3o de alta. O hospital informou que, apesar do agravamento dos rins, o ex-presidente est\u00e1 &hellip;\" \/>\n<meta property=\"og:url\" content=\"https:\/\/agenciabrasil.ebc.com.br\/politica\/noticia\/2026-03\/bolsonaro-tem-piora-da-funcao-renal-e-aumento-de-inflamacao\" \/>\n<meta property=\"og:site_name\" content=\"MRNews\" \/>\n<meta property=\"article:publisher\" content=\"https:\/\/www.facebook.com\/eaipahpah\/?locale2=pt_BR\" \/>\n<meta property=\"article:published_time\" content=\"2026-03-14T16:33:54+00:00\" \/>\n<meta name=\"author\" content=\"MR News\" \/>\n<meta name=\"twitter:card\" content=\"summary_large_image\" \/>\n<meta name=\"twitter:creator\" content=\"@conspirou\" \/>\n<meta name=\"twitter:site\" content=\"@conspirou\" \/>\n<meta name=\"twitter:label1\" content=\"Escrito por\" \/>\n\t<meta name=\"twitter:data1\" content=\"MR News\" \/>\n\t<meta name=\"twitter:label2\" content=\"Est. tempo de leitura\" \/>\n\t<meta name=\"twitter:data2\" content=\"2 minutos\" \/>\n<script type=\"application\/ld+json\" class=\"yoast-schema-graph\">{\"@context\":\"https:\\\/\\\/schema.org\",\"@graph\":[{\"@type\":\"Article\",\"@id\":\"https:\\\/\\\/agenciabrasil.ebc.com.br\\\/politica\\\/noticia\\\/2026-03\\\/bolsonaro-tem-piora-da-funcao-renal-e-aumento-de-inflamacao#article\",\"isPartOf\":{\"@id\":\"https:\\\/\\\/mrnews.com.br\\\/index.php\\\/2026\\\/03\\\/14\\\/bolsonaro-tem-piora-da-funcao-renal-e-aumento-de-inflamacao\\\/\"},\"author\":{\"name\":\"MR News\",\"@id\":\"https:\\\/\\\/mrnews.com.br\\\/#\\\/schema\\\/person\\\/be3203154562a9f207407861cef7827b\"},\"headline\":\"Bolsonaro tem piora da fun\u00e7\u00e3o renal e aumento de inflama\u00e7\u00e3o\",\"datePublished\":\"2026-03-14T16:33:54+00:00\",\"mainEntityOfPage\":{\"@id\":\"https:\\\/\\\/mrnews.com.br\\\/index.php\\\/2026\\\/03\\\/14\\\/bolsonaro-tem-piora-da-funcao-renal-e-aumento-de-inflamacao\\\/\"},\"wordCount\":389,\"commentCount\":0,\"publisher\":{\"@id\":\"https:\\\/\\\/mrnews.com.br\\\/#organization\"},\"articleSection\":[\"ENTRETENIMENTO\",\"NOTICIAS\",\"SERVI\u00c7OS\"],\"inLanguage\":\"pt-BR\",\"potentialAction\":[{\"@type\":\"CommentAction\",\"name\":\"Comment\",\"target\":[\"https:\\\/\\\/agenciabrasil.ebc.com.br\\\/politica\\\/noticia\\\/2026-03\\\/bolsonaro-tem-piora-da-funcao-renal-e-aumento-de-inflamacao#respond\"]}]},{\"@type\":\"WebPage\",\"@id\":\"https:\\\/\\\/mrnews.com.br\\\/index.php\\\/2026\\\/03\\\/14\\\/bolsonaro-tem-piora-da-funcao-renal-e-aumento-de-inflamacao\\\/\",\"url\":\"https:\\\/\\\/agenciabrasil.ebc.com.br\\\/politica\\\/noticia\\\/2026-03\\\/bolsonaro-tem-piora-da-funcao-renal-e-aumento-de-inflamacao\",\"name\":\"Bolsonaro tem piora da fun\u00e7\u00e3o renal e aumento de inflama\u00e7\u00e3o\",\"isPartOf\":{\"@id\":\"https:\\\/\\\/mrnews.com.br\\\/#website\"},\"datePublished\":\"2026-03-14T16:33:54+00:00\",\"breadcrumb\":{\"@id\":\"https:\\\/\\\/agenciabrasil.ebc.com.br\\\/politica\\\/noticia\\\/2026-03\\\/bolsonaro-tem-piora-da-funcao-renal-e-aumento-de-inflamacao#breadcrumb\"},\"inLanguage\":\"pt-BR\",\"potentialAction\":[{\"@type\":\"ReadAction\",\"target\":[\"https:\\\/\\\/agenciabrasil.ebc.com.br\\\/politica\\\/noticia\\\/2026-03\\\/bolsonaro-tem-piora-da-funcao-renal-e-aumento-de-inflamacao\"]}]},{\"@type\":\"BreadcrumbList\",\"@id\":\"https:\\\/\\\/agenciabrasil.ebc.com.br\\\/politica\\\/noticia\\\/2026-03\\\/bolsonaro-tem-piora-da-funcao-renal-e-aumento-de-inflamacao#breadcrumb\",\"itemListElement\":[{\"@type\":\"ListItem\",\"position\":1,\"name\":\"In\u00edcio\",\"item\":\"https:\\\/\\\/mrnews.com.br\\\/\"},{\"@type\":\"ListItem\",\"position\":2,\"name\":\"Bolsonaro tem piora da fun\u00e7\u00e3o renal e aumento de inflama\u00e7\u00e3o\"}]},{\"@type\":\"WebSite\",\"@id\":\"https:\\\/\\\/mrnews.com.br\\\/#website\",\"url\":\"https:\\\/\\\/mrnews.com.br\\\/\",\"name\":\"MRNews\",\"description\":\"MRNews Jogos de hoje da TV, transmiss\u00f5es ao vivo, Not\u00edcias de futebol, Jogos ao vivo, Lives, resumo de novelas, Programa\u00e7\u00e3o da Globo, A Fazenda e BBB\",\"publisher\":{\"@id\":\"https:\\\/\\\/mrnews.com.br\\\/#organization\"},\"potentialAction\":[{\"@type\":\"SearchAction\",\"target\":{\"@type\":\"EntryPoint\",\"urlTemplate\":\"https:\\\/\\\/mrnews.com.br\\\/?s={search_term_string}\"},\"query-input\":{\"@type\":\"PropertyValueSpecification\",\"valueRequired\":true,\"valueName\":\"search_term_string\"}}],\"inLanguage\":\"pt-BR\"},{\"@type\":\"Organization\",\"@id\":\"https:\\\/\\\/mrnews.com.br\\\/#organization\",\"name\":\"MRNews\",\"url\":\"https:\\\/\\\/mrnews.com.br\\\/\",\"logo\":{\"@type\":\"ImageObject\",\"inLanguage\":\"pt-BR\",\"@id\":\"https:\\\/\\\/mrnews.com.br\\\/#\\\/schema\\\/logo\\\/image\\\/\",\"url\":\"https:\\\/\\\/mrnews.com.br\\\/wp-content\\\/uploads\\\/2019\\\/06\\\/MRNewslogo2.png\",\"contentUrl\":\"https:\\\/\\\/mrnews.com.br\\\/wp-content\\\/uploads\\\/2019\\\/06\\\/MRNewslogo2.png\",\"width\":223,\"height\":58,\"caption\":\"MRNews\"},\"image\":{\"@id\":\"https:\\\/\\\/mrnews.com.br\\\/#\\\/schema\\\/logo\\\/image\\\/\"},\"sameAs\":[\"https:\\\/\\\/www.facebook.com\\\/eaipahpah\\\/?locale2=pt_BR\",\"https:\\\/\\\/x.com\\\/conspirou\",\"https:\\\/\\\/www.instagram.com\\\/eai_pahpah\",\"https:\\\/\\\/br.pinterest.com\\\/mrnewsn\\\/boards\\\/\",\"https:\\\/\\\/www.youtube.com\\\/channel\\\/UCacgnpznQ61fifLWr1tQ-vA?view_as=subscriber\"]},{\"@type\":\"Person\",\"@id\":\"https:\\\/\\\/mrnews.com.br\\\/#\\\/schema\\\/person\\\/be3203154562a9f207407861cef7827b\",\"name\":\"MR News\",\"image\":{\"@type\":\"ImageObject\",\"inLanguage\":\"pt-BR\",\"@id\":\"https:\\\/\\\/secure.gravatar.com\\\/avatar\\\/04084e6d73c042b8646e7c17b494073bf0ede3ea13c7105cfc45cbbbc28385a4?s=96&d=monsterid&r=g\",\"url\":\"https:\\\/\\\/secure.gravatar.com\\\/avatar\\\/04084e6d73c042b8646e7c17b494073bf0ede3ea13c7105cfc45cbbbc28385a4?s=96&d=monsterid&r=g\",\"contentUrl\":\"https:\\\/\\\/secure.gravatar.com\\\/avatar\\\/04084e6d73c042b8646e7c17b494073bf0ede3ea13c7105cfc45cbbbc28385a4?s=96&d=monsterid&r=g\",\"caption\":\"MR News\"},\"description\":\"Especializado em jornalismo colaborativo pela FTP em n\u00edvel de p\u00f3s-gradua\u00e7\u00e3o. suporte@oimeliga.combr\",\"sameAs\":[\"HUGO R.\",\"Admin\"],\"url\":\"https:\\\/\\\/mrnews.com.br\\\/index.php\\\/author\\\/admin\\\/\"}]}<\/script>\n<!-- \/ Yoast SEO plugin. -->","yoast_head_json":{"title":"Bolsonaro tem piora da fun\u00e7\u00e3o renal e aumento de inflama\u00e7\u00e3o","robots":{"index":"index","follow":"follow","max-snippet":"max-snippet:-1","max-image-preview":"max-image-preview:large","max-video-preview":"max-video-preview:-1"},"canonical":"https:\/\/agenciabrasil.ebc.com.br\/politica\/noticia\/2026-03\/bolsonaro-tem-piora-da-funcao-renal-e-aumento-de-inflamacao","og_locale":"pt_BR","og_type":"article","og_title":"Bolsonaro tem piora da fun\u00e7\u00e3o renal e aumento de inflama\u00e7\u00e3o","og_description":"Por EBC, O ex-presidente Jair Bolsonaro teve piora da fun\u00e7\u00e3o renal e aumento nos indicadores inflamat\u00f3rios, informou neste s\u00e1bado (14) o Hospital DF Star, em Bras\u00edlia. Segundo o \u00faltimo boletim m\u00e9dico, ele continua na Unidade de Terapia Intensiva (UTI), sem previs\u00e3o de alta. O hospital informou que, apesar do agravamento dos rins, o ex-presidente est\u00e1 &hellip;","og_url":"https:\/\/agenciabrasil.ebc.com.br\/politica\/noticia\/2026-03\/bolsonaro-tem-piora-da-funcao-renal-e-aumento-de-inflamacao","og_site_name":"MRNews","article_publisher":"https:\/\/www.facebook.com\/eaipahpah\/?locale2=pt_BR","article_published_time":"2026-03-14T16:33:54+00:00","author":"MR News","twitter_card":"summary_large_image","twitter_creator":"@conspirou","twitter_site":"@conspirou","twitter_misc":{"Escrito por":"MR News","Est. tempo de leitura":"2 minutos"},"schema":{"@context":"https:\/\/schema.org","@graph":[{"@type":"Article","@id":"https:\/\/agenciabrasil.ebc.com.br\/politica\/noticia\/2026-03\/bolsonaro-tem-piora-da-funcao-renal-e-aumento-de-inflamacao#article","isPartOf":{"@id":"https:\/\/mrnews.com.br\/index.php\/2026\/03\/14\/bolsonaro-tem-piora-da-funcao-renal-e-aumento-de-inflamacao\/"},"author":{"name":"MR News","@id":"https:\/\/mrnews.com.br\/#\/schema\/person\/be3203154562a9f207407861cef7827b"},"headline":"Bolsonaro tem piora da fun\u00e7\u00e3o renal e aumento de inflama\u00e7\u00e3o","datePublished":"2026-03-14T16:33:54+00:00","mainEntityOfPage":{"@id":"https:\/\/mrnews.com.br\/index.php\/2026\/03\/14\/bolsonaro-tem-piora-da-funcao-renal-e-aumento-de-inflamacao\/"},"wordCount":389,"commentCount":0,"publisher":{"@id":"https:\/\/mrnews.com.br\/#organization"},"articleSection":["ENTRETENIMENTO","NOTICIAS","SERVI\u00c7OS"],"inLanguage":"pt-BR","potentialAction":[{"@type":"CommentAction","name":"Comment","target":["https:\/\/agenciabrasil.ebc.com.br\/politica\/noticia\/2026-03\/bolsonaro-tem-piora-da-funcao-renal-e-aumento-de-inflamacao#respond"]}]},{"@type":"WebPage","@id":"https:\/\/mrnews.com.br\/index.php\/2026\/03\/14\/bolsonaro-tem-piora-da-funcao-renal-e-aumento-de-inflamacao\/","url":"https:\/\/agenciabrasil.ebc.com.br\/politica\/noticia\/2026-03\/bolsonaro-tem-piora-da-funcao-renal-e-aumento-de-inflamacao","name":"Bolsonaro tem piora da fun\u00e7\u00e3o renal e aumento de inflama\u00e7\u00e3o","isPartOf":{"@id":"https:\/\/mrnews.com.br\/#website"},"datePublished":"2026-03-14T16:33:54+00:00","breadcrumb":{"@id":"https:\/\/agenciabrasil.ebc.com.br\/politica\/noticia\/2026-03\/bolsonaro-tem-piora-da-funcao-renal-e-aumento-de-inflamacao#breadcrumb"},"inLanguage":"pt-BR","potentialAction":[{"@type":"ReadAction","target":["https:\/\/agenciabrasil.ebc.com.br\/politica\/noticia\/2026-03\/bolsonaro-tem-piora-da-funcao-renal-e-aumento-de-inflamacao"]}]},{"@type":"BreadcrumbList","@id":"https:\/\/agenciabrasil.ebc.com.br\/politica\/noticia\/2026-03\/bolsonaro-tem-piora-da-funcao-renal-e-aumento-de-inflamacao#breadcrumb","itemListElement":[{"@type":"ListItem","position":1,"name":"In\u00edcio","item":"https:\/\/mrnews.com.br\/"},{"@type":"ListItem","position":2,"name":"Bolsonaro tem piora da fun\u00e7\u00e3o renal e aumento de inflama\u00e7\u00e3o"}]},{"@type":"WebSite","@id":"https:\/\/mrnews.com.br\/#website","url":"https:\/\/mrnews.com.br\/","name":"MRNews","description":"MRNews Jogos de hoje da TV, transmiss\u00f5es ao vivo, Not\u00edcias de futebol, Jogos ao vivo, Lives, resumo de novelas, Programa\u00e7\u00e3o da Globo, A Fazenda e BBB","publisher":{"@id":"https:\/\/mrnews.com.br\/#organization"},"potentialAction":[{"@type":"SearchAction","target":{"@type":"EntryPoint","urlTemplate":"https:\/\/mrnews.com.br\/?s={search_term_string}"},"query-input":{"@type":"PropertyValueSpecification","valueRequired":true,"valueName":"search_term_string"}}],"inLanguage":"pt-BR"},{"@type":"Organization","@id":"https:\/\/mrnews.com.br\/#organization","name":"MRNews","url":"https:\/\/mrnews.com.br\/","logo":{"@type":"ImageObject","inLanguage":"pt-BR","@id":"https:\/\/mrnews.com.br\/#\/schema\/logo\/image\/","url":"https:\/\/mrnews.com.br\/wp-content\/uploads\/2019\/06\/MRNewslogo2.png","contentUrl":"https:\/\/mrnews.com.br\/wp-content\/uploads\/2019\/06\/MRNewslogo2.png","width":223,"height":58,"caption":"MRNews"},"image":{"@id":"https:\/\/mrnews.com.br\/#\/schema\/logo\/image\/"},"sameAs":["https:\/\/www.facebook.com\/eaipahpah\/?locale2=pt_BR","https:\/\/x.com\/conspirou","https:\/\/www.instagram.com\/eai_pahpah","https:\/\/br.pinterest.com\/mrnewsn\/boards\/","https:\/\/www.youtube.com\/channel\/UCacgnpznQ61fifLWr1tQ-vA?view_as=subscriber"]},{"@type":"Person","@id":"https:\/\/mrnews.com.br\/#\/schema\/person\/be3203154562a9f207407861cef7827b","name":"MR News","image":{"@type":"ImageObject","inLanguage":"pt-BR","@id":"https:\/\/secure.gravatar.com\/avatar\/04084e6d73c042b8646e7c17b494073bf0ede3ea13c7105cfc45cbbbc28385a4?s=96&d=monsterid&r=g","url":"https:\/\/secure.gravatar.com\/avatar\/04084e6d73c042b8646e7c17b494073bf0ede3ea13c7105cfc45cbbbc28385a4?s=96&d=monsterid&r=g","contentUrl":"https:\/\/secure.gravatar.com\/avatar\/04084e6d73c042b8646e7c17b494073bf0ede3ea13c7105cfc45cbbbc28385a4?s=96&d=monsterid&r=g","caption":"MR News"},"description":"Especializado em jornalismo colaborativo pela FTP em n\u00edvel de p\u00f3s-gradua\u00e7\u00e3o. suporte@oimeliga.combr","sameAs":["HUGO R.","Admin"],"url":"https:\/\/mrnews.com.br\/index.php\/author\/admin\/"}]}},"jetpack_featured_media_url":"","jetpack_sharing_enabled":true,"jetpack_shortlink":"https:\/\/wp.me\/pa2Qf7-1UX4","amp_enabled":true,"_links":{"self":[{"href":"https:\/\/mrnews.com.br\/index.php\/wp-json\/wp\/v2\/posts\/457254","targetHints":{"allow":["GET"]}}],"collection":[{"href":"https:\/\/mrnews.com.br\/index.php\/wp-json\/wp\/v2\/posts"}],"about":[{"href":"https:\/\/mrnews.com.br\/index.php\/wp-json\/wp\/v2\/types\/post"}],"author":[{"embeddable":true,"href":"https:\/\/mrnews.com.br\/index.php\/wp-json\/wp\/v2\/users\/1"}],"replies":[{"embeddable":true,"href":"https:\/\/mrnews.com.br\/index.php\/wp-json\/wp\/v2\/comments?post=457254"}],"version-history":[{"count":0,"href":"https:\/\/mrnews.com.br\/index.php\/wp-json\/wp\/v2\/posts\/457254\/revisions"}],"wp:attachment":[{"href":"https:\/\/mrnews.com.br\/index.php\/wp-json\/wp\/v2\/media?parent=457254"}],"wp:term":[{"taxonomy":"category","embeddable":true,"href":"https:\/\/mrnews.com.br\/index.php\/wp-json\/wp\/v2\/categories?post=457254"},{"taxonomy":"post_tag","embeddable":true,"href":"https:\/\/mrnews.com.br\/index.php\/wp-json\/wp\/v2\/tags?post=457254"}],"curies":[{"name":"wp","href":"https:\/\/api.w.org\/{rel}","templated":true}]}}