{"id":457286,"date":"2026-03-15T11:07:51","date_gmt":"2026-03-15T14:07:51","guid":{"rendered":"https:\/\/mrnews.com.br\/?p=457286"},"modified":"2026-03-15T11:07:51","modified_gmt":"2026-03-15T14:07:51","slug":"gol-anuncia-voos-para-paris-e-lisboa-e-prepara-nova-classe-executiva-para-rotas-internacionais","status":"publish","type":"post","link":"https:\/\/mrnews.com.br\/index.php\/2026\/03\/15\/gol-anuncia-voos-para-paris-e-lisboa-e-prepara-nova-classe-executiva-para-rotas-internacionais\/","title":{"rendered":"GOL anuncia voos para Paris e Lisboa e prepara nova classe executiva para rotas internacionais"},"content":{"rendered":"<p>GOL anuncia voos para Paris e Lisboa e prepara nova classe executiva para rotas internacionais<\/p>\n<p>A Gol Linhas A\u00e9reas anunciou um ambicioso plano de expans\u00e3o internacional que inclui <strong>novas rotas para a Europa e os Estados Unidos<\/strong>, al\u00e9m da cria\u00e7\u00e3o de uma <strong>nova classe executiva para voos de longa dist\u00e2ncia<\/strong>. A estrat\u00e9gia marca uma nova fase da companhia brasileira, que busca fortalecer sua presen\u00e7a em rotas intercontinentais e competir diretamente com grandes empresas do setor.<\/p>\n<p>Entre as novidades est\u00e3o <strong>voos diretos para Lisboa e Paris<\/strong>, al\u00e9m de novos trajetos para cidades dos Estados Unidos, ampliando a oferta para passageiros brasileiros que viajam a turismo ou neg\u00f3cios.<\/p>\n<h2>Voos do Rio para Lisboa come\u00e7am em setembro<\/h2>\n<p>Uma das principais novidades \u00e9 a rota ligando o Brasil \u00e0 capital portuguesa. Os voos entre o Aeroporto Internacional do Gale\u00e3o, no Rio de Janeiro, e Lisboa ter\u00e3o in\u00edcio em <strong>16 de setembro<\/strong>, com <strong>quatro frequ\u00eancias semanais<\/strong>.<\/p>\n<p>A nova liga\u00e7\u00e3o promete facilitar a conex\u00e3o entre o Brasil e a Europa, especialmente para passageiros que utilizam Portugal como porta de entrada para outros destinos europeus. A cidade portuguesa j\u00e1 \u00e9 um dos destinos internacionais mais procurados pelos brasileiros.<\/p>\n<p>Com essa nova rota, a companhia pretende ampliar sua participa\u00e7\u00e3o no mercado de viagens entre Am\u00e9rica do Sul e Europa.<\/p>\n<h2>Nova rota para Paris<\/h2>\n<p>Al\u00e9m de Lisboa, a companhia a\u00e9rea tamb\u00e9m anunciou planos para voos diretos rumo a Paris, um dos destinos mais procurados por turistas brasileiros na Europa.<\/p>\n<p>A expectativa \u00e9 que a nova rota aumente a oferta de voos entre o Brasil e a Fran\u00e7a, oferecendo mais alternativas para quem deseja visitar a capital francesa, famosa por atra\u00e7\u00f5es como a Torre Eiffel e o Museu do Louvre.<\/p>\n<p>A expans\u00e3o faz parte de um plano estrat\u00e9gico da empresa para refor\u00e7ar sua presen\u00e7a no mercado internacional e atrair passageiros que hoje utilizam companhias estrangeiras para voos intercontinentais.<\/p>\n<h2>Expans\u00e3o de voos para Nova York e Orlando<\/h2>\n<p>A empresa tamb\u00e9m pretende ampliar suas opera\u00e7\u00f5es nos Estados Unidos. Entre as novidades est\u00e3o novos destinos na regi\u00e3o de Nova York e a expans\u00e3o das rotas para Orlando, cidade que recebe milh\u00f5es de turistas brasileiros todos os anos.<\/p>\n<p>Orlando \u00e9 considerada um dos principais destinos de lazer para fam\u00edlias brasileiras, principalmente por abrigar parques famosos como o Walt Disney World Resort e o Universal Orlando Resort.<\/p>\n<p>A amplia\u00e7\u00e3o dessas rotas deve aumentar a oferta de assentos e facilitar conex\u00f5es entre o Brasil e os Estados Unidos.<\/p>\n<h2>Companhia prepara nova classe executiva<\/h2>\n<p>Outra novidade importante anunciada pela companhia \u00e9 a cria\u00e7\u00e3o de uma <strong>nova classe executiva<\/strong>, que ser\u00e1 implementada em aeronaves utilizadas nas rotas internacionais de longa dist\u00e2ncia.<\/p>\n<p>O objetivo \u00e9 oferecer mais conforto e servi\u00e7os premium para passageiros que buscam uma experi\u00eancia diferenciada em voos mais longos. Entre as melhorias esperadas est\u00e3o:<\/p>\n<ul>\n<li>poltronas com maior reclina\u00e7\u00e3o ou modelo cama<\/li>\n<li>servi\u00e7o de bordo aprimorado<\/li>\n<li>entretenimento individual<\/li>\n<li>kits de amenidades e maior conforto na cabine<\/li>\n<\/ul>\n<p>A nova classe executiva faz parte da estrat\u00e9gia da companhia para competir em um mercado dominado por empresas internacionais que j\u00e1 oferecem produtos premium em rotas transatl\u00e2nticas.<\/p>\n<h2>Estrat\u00e9gia de crescimento internacional<\/h2>\n<p>Nos \u00faltimos anos, a Gol Linhas A\u00e9reas vinha concentrando suas opera\u00e7\u00f5es principalmente em rotas dom\u00e9sticas e regionais na Am\u00e9rica do Sul. Agora, a empresa busca ampliar sua presen\u00e7a global e conquistar passageiros em rotas mais longas.<\/p>\n<p>A cria\u00e7\u00e3o de novas rotas para Europa e Estados Unidos, aliada ao lan\u00e7amento de uma nova cabine premium, indica que a companhia pretende disputar um espa\u00e7o maior no competitivo mercado de voos internacionais.<\/p>\n<p>Para os viajantes brasileiros, a novidade representa <strong>mais op\u00e7\u00f5es de voos diretos para destinos populares<\/strong>, al\u00e9m da possibilidade de novas tarifas e maior concorr\u00eancia no setor.<\/p>\n<hr \/>\n<p><strong>Tags:<\/strong> Gol Linhas A\u00e9reas, voos para Lisboa, voos para Paris, Gol Europa, voos do Brasil para Europa, voos para Nova York, voos para Orlando, classe executiva Gol, viagens internacionais, companhia a\u00e9rea brasileira. \u2708\ufe0f<\/p>\n","protected":false},"excerpt":{"rendered":"<p>GOL anuncia voos para Paris e Lisboa e prepara nova classe executiva para rotas internacionais A Gol Linhas A\u00e9reas anunciou um ambicioso plano de expans\u00e3o internacional que inclui novas rotas para a Europa e os Estados Unidos, al\u00e9m da cria\u00e7\u00e3o de uma nova classe executiva para voos de longa dist\u00e2ncia. A estrat\u00e9gia marca uma nova &hellip;<\/p>\n","protected":false},"author":1,"featured_media":457287,"comment_status":"open","ping_status":"open","sticky":false,"template":"","format":"standard","meta":{"_jetpack_memberships_contains_paid_content":false,"footnotes":""},"categories":[13978,13952],"tags":[14381,14383,14377,14374,14382,14378,14375,14379,14380,14376],"class_list":["post-457286","post","type-post","status-publish","format-standard","has-post-thumbnail","hentry","category-bancos-e-financas","category-viagens-e-cartoes","tag-classe-executiva-gol","tag-companhia-aerea-brasileira","tag-gol-europa","tag-gol-linhas-aereas","tag-viagens-internacionais","tag-voos-do-brasil-para-europa","tag-voos-para-lisboa","tag-voos-para-nova-york","tag-voos-para-orlando","tag-voos-para-paris"],"yoast_head":"<!-- This site is optimized with the Yoast SEO plugin v27.5 - https:\/\/yoast.com\/product\/yoast-seo-wordpress\/ -->\n<title>GOL anuncia voos para Paris e Lisboa e prepara nova classe executiva para rotas internacionais<\/title>\n<meta name=\"robots\" content=\"index, follow, max-snippet:-1, max-image-preview:large, max-video-preview:-1\" \/>\n<link rel=\"canonical\" href=\"https:\/\/mrnews.com.br\/index.php\/2026\/03\/15\/gol-anuncia-voos-para-paris-e-lisboa-e-prepara-nova-classe-executiva-para-rotas-internacionais\/\" \/>\n<meta property=\"og:locale\" content=\"pt_BR\" \/>\n<meta property=\"og:type\" content=\"article\" \/>\n<meta property=\"og:title\" content=\"GOL anuncia voos para Paris e Lisboa e prepara nova classe executiva para rotas internacionais\" \/>\n<meta property=\"og:description\" content=\"GOL anuncia voos para Paris e Lisboa e prepara nova classe executiva para rotas internacionais A Gol Linhas A\u00e9reas anunciou um ambicioso plano de expans\u00e3o internacional que inclui novas rotas para a Europa e os Estados Unidos, al\u00e9m da cria\u00e7\u00e3o de uma nova classe executiva para voos de longa dist\u00e2ncia. A estrat\u00e9gia marca uma nova &hellip;\" \/>\n<meta property=\"og:url\" content=\"https:\/\/mrnews.com.br\/index.php\/2026\/03\/15\/gol-anuncia-voos-para-paris-e-lisboa-e-prepara-nova-classe-executiva-para-rotas-internacionais\/\" \/>\n<meta property=\"og:site_name\" content=\"MRNews\" \/>\n<meta property=\"article:publisher\" content=\"https:\/\/www.facebook.com\/eaipahpah\/?locale2=pt_BR\" \/>\n<meta property=\"article:published_time\" content=\"2026-03-15T14:07:51+00:00\" \/>\n<meta property=\"og:image\" content=\"https:\/\/mrnews.com.br\/wp-content\/uploads\/2026\/03\/Screenshot_20260315_110627_Chrome.jpg\" \/>\n\t<meta property=\"og:image:width\" content=\"840\" \/>\n\t<meta property=\"og:image:height\" content=\"431\" \/>\n\t<meta property=\"og:image:type\" content=\"image\/jpeg\" \/>\n<meta name=\"author\" content=\"MR News\" \/>\n<meta name=\"twitter:card\" content=\"summary_large_image\" \/>\n<meta name=\"twitter:creator\" content=\"@conspirou\" \/>\n<meta name=\"twitter:site\" content=\"@conspirou\" \/>\n<meta name=\"twitter:label1\" content=\"Escrito por\" \/>\n\t<meta name=\"twitter:data1\" content=\"MR News\" \/>\n\t<meta name=\"twitter:label2\" content=\"Est. tempo de leitura\" \/>\n\t<meta name=\"twitter:data2\" content=\"4 minutos\" \/>\n<script type=\"application\/ld+json\" class=\"yoast-schema-graph\">{\"@context\":\"https:\\\/\\\/schema.org\",\"@graph\":[{\"@type\":\"Article\",\"@id\":\"https:\\\/\\\/mrnews.com.br\\\/index.php\\\/2026\\\/03\\\/15\\\/gol-anuncia-voos-para-paris-e-lisboa-e-prepara-nova-classe-executiva-para-rotas-internacionais\\\/#article\",\"isPartOf\":{\"@id\":\"https:\\\/\\\/mrnews.com.br\\\/index.php\\\/2026\\\/03\\\/15\\\/gol-anuncia-voos-para-paris-e-lisboa-e-prepara-nova-classe-executiva-para-rotas-internacionais\\\/\"},\"author\":{\"name\":\"MR News\",\"@id\":\"https:\\\/\\\/mrnews.com.br\\\/#\\\/schema\\\/person\\\/be3203154562a9f207407861cef7827b\"},\"headline\":\"GOL anuncia voos para Paris e Lisboa e prepara nova classe executiva para rotas internacionais\",\"datePublished\":\"2026-03-15T14:07:51+00:00\",\"mainEntityOfPage\":{\"@id\":\"https:\\\/\\\/mrnews.com.br\\\/index.php\\\/2026\\\/03\\\/15\\\/gol-anuncia-voos-para-paris-e-lisboa-e-prepara-nova-classe-executiva-para-rotas-internacionais\\\/\"},\"wordCount\":705,\"commentCount\":0,\"publisher\":{\"@id\":\"https:\\\/\\\/mrnews.com.br\\\/#organization\"},\"image\":{\"@id\":\"https:\\\/\\\/mrnews.com.br\\\/index.php\\\/2026\\\/03\\\/15\\\/gol-anuncia-voos-para-paris-e-lisboa-e-prepara-nova-classe-executiva-para-rotas-internacionais\\\/#primaryimage\"},\"thumbnailUrl\":\"https:\\\/\\\/mrnews.com.br\\\/wp-content\\\/uploads\\\/2026\\\/03\\\/Screenshot_20260315_110627_Chrome.jpg\",\"keywords\":[\"classe executiva Gol\",\"companhia a\u00e9rea brasileira\",\"Gol Europa\",\"Gol Linhas A\u00e9reas\",\"viagens internacionais\",\"voos do Brasil para Europa\",\"voos para Lisboa\",\"voos para Nova York\",\"voos para Orlando\",\"voos para Paris\"],\"articleSection\":[\"Bancos e Finan\u00e7as\",\"Viagens e Cart\u00f5es\"],\"inLanguage\":\"pt-BR\",\"potentialAction\":[{\"@type\":\"CommentAction\",\"name\":\"Comment\",\"target\":[\"https:\\\/\\\/mrnews.com.br\\\/index.php\\\/2026\\\/03\\\/15\\\/gol-anuncia-voos-para-paris-e-lisboa-e-prepara-nova-classe-executiva-para-rotas-internacionais\\\/#respond\"]}]},{\"@type\":\"WebPage\",\"@id\":\"https:\\\/\\\/mrnews.com.br\\\/index.php\\\/2026\\\/03\\\/15\\\/gol-anuncia-voos-para-paris-e-lisboa-e-prepara-nova-classe-executiva-para-rotas-internacionais\\\/\",\"url\":\"https:\\\/\\\/mrnews.com.br\\\/index.php\\\/2026\\\/03\\\/15\\\/gol-anuncia-voos-para-paris-e-lisboa-e-prepara-nova-classe-executiva-para-rotas-internacionais\\\/\",\"name\":\"GOL anuncia voos para Paris e Lisboa e prepara nova classe executiva para rotas internacionais\",\"isPartOf\":{\"@id\":\"https:\\\/\\\/mrnews.com.br\\\/#website\"},\"primaryImageOfPage\":{\"@id\":\"https:\\\/\\\/mrnews.com.br\\\/index.php\\\/2026\\\/03\\\/15\\\/gol-anuncia-voos-para-paris-e-lisboa-e-prepara-nova-classe-executiva-para-rotas-internacionais\\\/#primaryimage\"},\"image\":{\"@id\":\"https:\\\/\\\/mrnews.com.br\\\/index.php\\\/2026\\\/03\\\/15\\\/gol-anuncia-voos-para-paris-e-lisboa-e-prepara-nova-classe-executiva-para-rotas-internacionais\\\/#primaryimage\"},\"thumbnailUrl\":\"https:\\\/\\\/mrnews.com.br\\\/wp-content\\\/uploads\\\/2026\\\/03\\\/Screenshot_20260315_110627_Chrome.jpg\",\"datePublished\":\"2026-03-15T14:07:51+00:00\",\"breadcrumb\":{\"@id\":\"https:\\\/\\\/mrnews.com.br\\\/index.php\\\/2026\\\/03\\\/15\\\/gol-anuncia-voos-para-paris-e-lisboa-e-prepara-nova-classe-executiva-para-rotas-internacionais\\\/#breadcrumb\"},\"inLanguage\":\"pt-BR\",\"potentialAction\":[{\"@type\":\"ReadAction\",\"target\":[\"https:\\\/\\\/mrnews.com.br\\\/index.php\\\/2026\\\/03\\\/15\\\/gol-anuncia-voos-para-paris-e-lisboa-e-prepara-nova-classe-executiva-para-rotas-internacionais\\\/\"]}]},{\"@type\":\"ImageObject\",\"inLanguage\":\"pt-BR\",\"@id\":\"https:\\\/\\\/mrnews.com.br\\\/index.php\\\/2026\\\/03\\\/15\\\/gol-anuncia-voos-para-paris-e-lisboa-e-prepara-nova-classe-executiva-para-rotas-internacionais\\\/#primaryimage\",\"url\":\"https:\\\/\\\/mrnews.com.br\\\/wp-content\\\/uploads\\\/2026\\\/03\\\/Screenshot_20260315_110627_Chrome.jpg\",\"contentUrl\":\"https:\\\/\\\/mrnews.com.br\\\/wp-content\\\/uploads\\\/2026\\\/03\\\/Screenshot_20260315_110627_Chrome.jpg\",\"width\":840,\"height\":431,\"caption\":\"gol\"},{\"@type\":\"BreadcrumbList\",\"@id\":\"https:\\\/\\\/mrnews.com.br\\\/index.php\\\/2026\\\/03\\\/15\\\/gol-anuncia-voos-para-paris-e-lisboa-e-prepara-nova-classe-executiva-para-rotas-internacionais\\\/#breadcrumb\",\"itemListElement\":[{\"@type\":\"ListItem\",\"position\":1,\"name\":\"In\u00edcio\",\"item\":\"https:\\\/\\\/mrnews.com.br\\\/\"},{\"@type\":\"ListItem\",\"position\":2,\"name\":\"GOL anuncia voos para Paris e Lisboa e prepara nova classe executiva para rotas internacionais\"}]},{\"@type\":\"WebSite\",\"@id\":\"https:\\\/\\\/mrnews.com.br\\\/#website\",\"url\":\"https:\\\/\\\/mrnews.com.br\\\/\",\"name\":\"MRNews\",\"description\":\"MRNews Jogos de hoje da TV, transmiss\u00f5es ao vivo, Not\u00edcias de futebol, Jogos ao vivo, Lives, resumo de novelas, Programa\u00e7\u00e3o da Globo, A Fazenda e BBB\",\"publisher\":{\"@id\":\"https:\\\/\\\/mrnews.com.br\\\/#organization\"},\"potentialAction\":[{\"@type\":\"SearchAction\",\"target\":{\"@type\":\"EntryPoint\",\"urlTemplate\":\"https:\\\/\\\/mrnews.com.br\\\/?s={search_term_string}\"},\"query-input\":{\"@type\":\"PropertyValueSpecification\",\"valueRequired\":true,\"valueName\":\"search_term_string\"}}],\"inLanguage\":\"pt-BR\"},{\"@type\":\"Organization\",\"@id\":\"https:\\\/\\\/mrnews.com.br\\\/#organization\",\"name\":\"MRNews\",\"url\":\"https:\\\/\\\/mrnews.com.br\\\/\",\"logo\":{\"@type\":\"ImageObject\",\"inLanguage\":\"pt-BR\",\"@id\":\"https:\\\/\\\/mrnews.com.br\\\/#\\\/schema\\\/logo\\\/image\\\/\",\"url\":\"https:\\\/\\\/mrnews.com.br\\\/wp-content\\\/uploads\\\/2019\\\/06\\\/MRNewslogo2.png\",\"contentUrl\":\"https:\\\/\\\/mrnews.com.br\\\/wp-content\\\/uploads\\\/2019\\\/06\\\/MRNewslogo2.png\",\"width\":223,\"height\":58,\"caption\":\"MRNews\"},\"image\":{\"@id\":\"https:\\\/\\\/mrnews.com.br\\\/#\\\/schema\\\/logo\\\/image\\\/\"},\"sameAs\":[\"https:\\\/\\\/www.facebook.com\\\/eaipahpah\\\/?locale2=pt_BR\",\"https:\\\/\\\/x.com\\\/conspirou\",\"https:\\\/\\\/www.instagram.com\\\/eai_pahpah\",\"https:\\\/\\\/br.pinterest.com\\\/mrnewsn\\\/boards\\\/\",\"https:\\\/\\\/www.youtube.com\\\/channel\\\/UCacgnpznQ61fifLWr1tQ-vA?view_as=subscriber\"]},{\"@type\":\"Person\",\"@id\":\"https:\\\/\\\/mrnews.com.br\\\/#\\\/schema\\\/person\\\/be3203154562a9f207407861cef7827b\",\"name\":\"MR News\",\"image\":{\"@type\":\"ImageObject\",\"inLanguage\":\"pt-BR\",\"@id\":\"https:\\\/\\\/secure.gravatar.com\\\/avatar\\\/04084e6d73c042b8646e7c17b494073bf0ede3ea13c7105cfc45cbbbc28385a4?s=96&d=monsterid&r=g\",\"url\":\"https:\\\/\\\/secure.gravatar.com\\\/avatar\\\/04084e6d73c042b8646e7c17b494073bf0ede3ea13c7105cfc45cbbbc28385a4?s=96&d=monsterid&r=g\",\"contentUrl\":\"https:\\\/\\\/secure.gravatar.com\\\/avatar\\\/04084e6d73c042b8646e7c17b494073bf0ede3ea13c7105cfc45cbbbc28385a4?s=96&d=monsterid&r=g\",\"caption\":\"MR News\"},\"description\":\"Especializado em jornalismo colaborativo pela FTP em n\u00edvel de p\u00f3s-gradua\u00e7\u00e3o. suporte@oimeliga.combr\",\"sameAs\":[\"HUGO R.\",\"Admin\"],\"url\":\"https:\\\/\\\/mrnews.com.br\\\/index.php\\\/author\\\/admin\\\/\"}]}<\/script>\n<!-- \/ Yoast SEO plugin. -->","yoast_head_json":{"title":"GOL anuncia voos para Paris e Lisboa e prepara nova classe executiva para rotas internacionais","robots":{"index":"index","follow":"follow","max-snippet":"max-snippet:-1","max-image-preview":"max-image-preview:large","max-video-preview":"max-video-preview:-1"},"canonical":"https:\/\/mrnews.com.br\/index.php\/2026\/03\/15\/gol-anuncia-voos-para-paris-e-lisboa-e-prepara-nova-classe-executiva-para-rotas-internacionais\/","og_locale":"pt_BR","og_type":"article","og_title":"GOL anuncia voos para Paris e Lisboa e prepara nova classe executiva para rotas internacionais","og_description":"GOL anuncia voos para Paris e Lisboa e prepara nova classe executiva para rotas internacionais A Gol Linhas A\u00e9reas anunciou um ambicioso plano de expans\u00e3o internacional que inclui novas rotas para a Europa e os Estados Unidos, al\u00e9m da cria\u00e7\u00e3o de uma nova classe executiva para voos de longa dist\u00e2ncia. A estrat\u00e9gia marca uma nova &hellip;","og_url":"https:\/\/mrnews.com.br\/index.php\/2026\/03\/15\/gol-anuncia-voos-para-paris-e-lisboa-e-prepara-nova-classe-executiva-para-rotas-internacionais\/","og_site_name":"MRNews","article_publisher":"https:\/\/www.facebook.com\/eaipahpah\/?locale2=pt_BR","article_published_time":"2026-03-15T14:07:51+00:00","og_image":[{"width":840,"height":431,"url":"https:\/\/mrnews.com.br\/wp-content\/uploads\/2026\/03\/Screenshot_20260315_110627_Chrome.jpg","type":"image\/jpeg"}],"author":"MR News","twitter_card":"summary_large_image","twitter_creator":"@conspirou","twitter_site":"@conspirou","twitter_misc":{"Escrito por":"MR News","Est. tempo de leitura":"4 minutos"},"schema":{"@context":"https:\/\/schema.org","@graph":[{"@type":"Article","@id":"https:\/\/mrnews.com.br\/index.php\/2026\/03\/15\/gol-anuncia-voos-para-paris-e-lisboa-e-prepara-nova-classe-executiva-para-rotas-internacionais\/#article","isPartOf":{"@id":"https:\/\/mrnews.com.br\/index.php\/2026\/03\/15\/gol-anuncia-voos-para-paris-e-lisboa-e-prepara-nova-classe-executiva-para-rotas-internacionais\/"},"author":{"name":"MR News","@id":"https:\/\/mrnews.com.br\/#\/schema\/person\/be3203154562a9f207407861cef7827b"},"headline":"GOL anuncia voos para Paris e Lisboa e prepara nova classe executiva para rotas internacionais","datePublished":"2026-03-15T14:07:51+00:00","mainEntityOfPage":{"@id":"https:\/\/mrnews.com.br\/index.php\/2026\/03\/15\/gol-anuncia-voos-para-paris-e-lisboa-e-prepara-nova-classe-executiva-para-rotas-internacionais\/"},"wordCount":705,"commentCount":0,"publisher":{"@id":"https:\/\/mrnews.com.br\/#organization"},"image":{"@id":"https:\/\/mrnews.com.br\/index.php\/2026\/03\/15\/gol-anuncia-voos-para-paris-e-lisboa-e-prepara-nova-classe-executiva-para-rotas-internacionais\/#primaryimage"},"thumbnailUrl":"https:\/\/mrnews.com.br\/wp-content\/uploads\/2026\/03\/Screenshot_20260315_110627_Chrome.jpg","keywords":["classe executiva Gol","companhia a\u00e9rea brasileira","Gol Europa","Gol Linhas A\u00e9reas","viagens internacionais","voos do Brasil para Europa","voos para Lisboa","voos para Nova York","voos para Orlando","voos para Paris"],"articleSection":["Bancos e Finan\u00e7as","Viagens e Cart\u00f5es"],"inLanguage":"pt-BR","potentialAction":[{"@type":"CommentAction","name":"Comment","target":["https:\/\/mrnews.com.br\/index.php\/2026\/03\/15\/gol-anuncia-voos-para-paris-e-lisboa-e-prepara-nova-classe-executiva-para-rotas-internacionais\/#respond"]}]},{"@type":"WebPage","@id":"https:\/\/mrnews.com.br\/index.php\/2026\/03\/15\/gol-anuncia-voos-para-paris-e-lisboa-e-prepara-nova-classe-executiva-para-rotas-internacionais\/","url":"https:\/\/mrnews.com.br\/index.php\/2026\/03\/15\/gol-anuncia-voos-para-paris-e-lisboa-e-prepara-nova-classe-executiva-para-rotas-internacionais\/","name":"GOL anuncia voos para Paris e Lisboa e prepara nova classe executiva para rotas internacionais","isPartOf":{"@id":"https:\/\/mrnews.com.br\/#website"},"primaryImageOfPage":{"@id":"https:\/\/mrnews.com.br\/index.php\/2026\/03\/15\/gol-anuncia-voos-para-paris-e-lisboa-e-prepara-nova-classe-executiva-para-rotas-internacionais\/#primaryimage"},"image":{"@id":"https:\/\/mrnews.com.br\/index.php\/2026\/03\/15\/gol-anuncia-voos-para-paris-e-lisboa-e-prepara-nova-classe-executiva-para-rotas-internacionais\/#primaryimage"},"thumbnailUrl":"https:\/\/mrnews.com.br\/wp-content\/uploads\/2026\/03\/Screenshot_20260315_110627_Chrome.jpg","datePublished":"2026-03-15T14:07:51+00:00","breadcrumb":{"@id":"https:\/\/mrnews.com.br\/index.php\/2026\/03\/15\/gol-anuncia-voos-para-paris-e-lisboa-e-prepara-nova-classe-executiva-para-rotas-internacionais\/#breadcrumb"},"inLanguage":"pt-BR","potentialAction":[{"@type":"ReadAction","target":["https:\/\/mrnews.com.br\/index.php\/2026\/03\/15\/gol-anuncia-voos-para-paris-e-lisboa-e-prepara-nova-classe-executiva-para-rotas-internacionais\/"]}]},{"@type":"ImageObject","inLanguage":"pt-BR","@id":"https:\/\/mrnews.com.br\/index.php\/2026\/03\/15\/gol-anuncia-voos-para-paris-e-lisboa-e-prepara-nova-classe-executiva-para-rotas-internacionais\/#primaryimage","url":"https:\/\/mrnews.com.br\/wp-content\/uploads\/2026\/03\/Screenshot_20260315_110627_Chrome.jpg","contentUrl":"https:\/\/mrnews.com.br\/wp-content\/uploads\/2026\/03\/Screenshot_20260315_110627_Chrome.jpg","width":840,"height":431,"caption":"gol"},{"@type":"BreadcrumbList","@id":"https:\/\/mrnews.com.br\/index.php\/2026\/03\/15\/gol-anuncia-voos-para-paris-e-lisboa-e-prepara-nova-classe-executiva-para-rotas-internacionais\/#breadcrumb","itemListElement":[{"@type":"ListItem","position":1,"name":"In\u00edcio","item":"https:\/\/mrnews.com.br\/"},{"@type":"ListItem","position":2,"name":"GOL anuncia voos para Paris e Lisboa e prepara nova classe executiva para rotas internacionais"}]},{"@type":"WebSite","@id":"https:\/\/mrnews.com.br\/#website","url":"https:\/\/mrnews.com.br\/","name":"MRNews","description":"MRNews Jogos de hoje da TV, transmiss\u00f5es ao vivo, Not\u00edcias de futebol, Jogos ao vivo, Lives, resumo de novelas, Programa\u00e7\u00e3o da Globo, A Fazenda e BBB","publisher":{"@id":"https:\/\/mrnews.com.br\/#organization"},"potentialAction":[{"@type":"SearchAction","target":{"@type":"EntryPoint","urlTemplate":"https:\/\/mrnews.com.br\/?s={search_term_string}"},"query-input":{"@type":"PropertyValueSpecification","valueRequired":true,"valueName":"search_term_string"}}],"inLanguage":"pt-BR"},{"@type":"Organization","@id":"https:\/\/mrnews.com.br\/#organization","name":"MRNews","url":"https:\/\/mrnews.com.br\/","logo":{"@type":"ImageObject","inLanguage":"pt-BR","@id":"https:\/\/mrnews.com.br\/#\/schema\/logo\/image\/","url":"https:\/\/mrnews.com.br\/wp-content\/uploads\/2019\/06\/MRNewslogo2.png","contentUrl":"https:\/\/mrnews.com.br\/wp-content\/uploads\/2019\/06\/MRNewslogo2.png","width":223,"height":58,"caption":"MRNews"},"image":{"@id":"https:\/\/mrnews.com.br\/#\/schema\/logo\/image\/"},"sameAs":["https:\/\/www.facebook.com\/eaipahpah\/?locale2=pt_BR","https:\/\/x.com\/conspirou","https:\/\/www.instagram.com\/eai_pahpah","https:\/\/br.pinterest.com\/mrnewsn\/boards\/","https:\/\/www.youtube.com\/channel\/UCacgnpznQ61fifLWr1tQ-vA?view_as=subscriber"]},{"@type":"Person","@id":"https:\/\/mrnews.com.br\/#\/schema\/person\/be3203154562a9f207407861cef7827b","name":"MR News","image":{"@type":"ImageObject","inLanguage":"pt-BR","@id":"https:\/\/secure.gravatar.com\/avatar\/04084e6d73c042b8646e7c17b494073bf0ede3ea13c7105cfc45cbbbc28385a4?s=96&d=monsterid&r=g","url":"https:\/\/secure.gravatar.com\/avatar\/04084e6d73c042b8646e7c17b494073bf0ede3ea13c7105cfc45cbbbc28385a4?s=96&d=monsterid&r=g","contentUrl":"https:\/\/secure.gravatar.com\/avatar\/04084e6d73c042b8646e7c17b494073bf0ede3ea13c7105cfc45cbbbc28385a4?s=96&d=monsterid&r=g","caption":"MR News"},"description":"Especializado em jornalismo colaborativo pela FTP em n\u00edvel de p\u00f3s-gradua\u00e7\u00e3o. suporte@oimeliga.combr","sameAs":["HUGO R.","Admin"],"url":"https:\/\/mrnews.com.br\/index.php\/author\/admin\/"}]}},"jetpack_featured_media_url":"https:\/\/mrnews.com.br\/wp-content\/uploads\/2026\/03\/Screenshot_20260315_110627_Chrome.jpg","jetpack_sharing_enabled":true,"jetpack_shortlink":"https:\/\/wp.me\/pa2Qf7-1UXA","amp_enabled":true,"_links":{"self":[{"href":"https:\/\/mrnews.com.br\/index.php\/wp-json\/wp\/v2\/posts\/457286","targetHints":{"allow":["GET"]}}],"collection":[{"href":"https:\/\/mrnews.com.br\/index.php\/wp-json\/wp\/v2\/posts"}],"about":[{"href":"https:\/\/mrnews.com.br\/index.php\/wp-json\/wp\/v2\/types\/post"}],"author":[{"embeddable":true,"href":"https:\/\/mrnews.com.br\/index.php\/wp-json\/wp\/v2\/users\/1"}],"replies":[{"embeddable":true,"href":"https:\/\/mrnews.com.br\/index.php\/wp-json\/wp\/v2\/comments?post=457286"}],"version-history":[{"count":1,"href":"https:\/\/mrnews.com.br\/index.php\/wp-json\/wp\/v2\/posts\/457286\/revisions"}],"predecessor-version":[{"id":457288,"href":"https:\/\/mrnews.com.br\/index.php\/wp-json\/wp\/v2\/posts\/457286\/revisions\/457288"}],"wp:featuredmedia":[{"embeddable":true,"href":"https:\/\/mrnews.com.br\/index.php\/wp-json\/wp\/v2\/media\/457287"}],"wp:attachment":[{"href":"https:\/\/mrnews.com.br\/index.php\/wp-json\/wp\/v2\/media?parent=457286"}],"wp:term":[{"taxonomy":"category","embeddable":true,"href":"https:\/\/mrnews.com.br\/index.php\/wp-json\/wp\/v2\/categories?post=457286"},{"taxonomy":"post_tag","embeddable":true,"href":"https:\/\/mrnews.com.br\/index.php\/wp-json\/wp\/v2\/tags?post=457286"}],"curies":[{"name":"wp","href":"https:\/\/api.w.org\/{rel}","templated":true}]}}