{"id":457344,"date":"2026-03-16T13:36:00","date_gmt":"2026-03-16T16:36:00","guid":{"rendered":"https:\/\/mrnews.com.br\/index.php\/2026\/03\/16\/edificio-onde-funcionava-hotel-americano-e-tombado-cgnoticias\/"},"modified":"2026-03-16T13:36:00","modified_gmt":"2026-03-16T16:36:00","slug":"edificio-onde-funcionava-hotel-americano-e-tombado-cgnoticias","status":"publish","type":"post","link":"https:\/\/mrnews.com.br\/index.php\/2026\/03\/16\/edificio-onde-funcionava-hotel-americano-e-tombado-cgnoticias\/","title":{"rendered":"Edif\u00edcio onde funcionava\u00a0Hotel Americano\u00a0\u00e9 tombado\u00a0 \u2013 CGNot\u00edcias"},"content":{"rendered":"<p><\/p>\n<div>\n<p>Foi publicado em Di\u00e1rio Oficial desta segunda-feira (16) o tombamento do\u00a0Edif\u00edcio\u00a0Jos\u00e9 Abr\u00e3o, conhecido\u00a0como Hotel Americano. O decreto, que reconhece o valor hist\u00f3rico e arquitet\u00f4nico do im\u00f3vel, assegura\u00a0legalmente\u00a0a estrutura.\u00a0<\/p>\n<p>Este im\u00f3vel\u00a0est\u00e1 localizado na esquina das ruas 14 de\u00a0Julho\u00a0e Marechal C\u00e2ndido Mariano Rondon, na regi\u00e3o central da Capital.\u00a0O reconhecimento chega ap\u00f3s um processo longo de an\u00e1lise e discuss\u00e3o.\u00a0<\/p>\n<p>O pedido de tombamento tramitou por cerca de 15 anos, passando por avalia\u00e7\u00f5es t\u00e9cnicas e debates nos conselhos respons\u00e1veis pela preserva\u00e7\u00e3o do patrim\u00f4nio cultural do munic\u00edpio.\u00a0<\/p>\n<p>\u201cO antigo Hotel Americano \u00e9 considerado um marco arquitet\u00f4nico do centro hist\u00f3rico de Campo Grande. Ao longo das d\u00e9cadas, o pr\u00e9dio se consolidou como refer\u00eancia na paisagem urbana da cidade e testemunhou diferentes momentos do desenvolvimento da cidade\u201d, comenta a Prefeita de Campo Grande, Adriane Lopes, sobre a import\u00e2ncia da decis\u00e3o.\u00a0<\/p>\n<p>O pr\u00e9dio agora passa a integrar o conjunto de bens protegidos pela legisla\u00e7\u00e3o municipal, dessa forma, qualquer\u00a0interven\u00e7\u00e3o no im\u00f3vel dever\u00e1 obedecer\u00a0\u00e0s\u00a0regras espec\u00edficas de preserva\u00e7\u00e3o. A\u00e7\u00f5es como demoli\u00e7\u00e3o, reforma, altera\u00e7\u00e3o da fachada, pintura ou restaura\u00e7\u00e3o do edif\u00edcio s\u00f3 poder\u00e3o ser realizadas mediante autoriza\u00e7\u00e3o pr\u00e9via da\u00a0Funda\u00e7\u00e3o Municipal de\u00a0Cultura\u00a0(Fundac)\u00a0e licenciamento da prefeitura.\u00a0<\/p>\n<p>O decreto estabelece que a prote\u00e7\u00e3o se estende principalmente \u00e0 fachada e \u00e0 cobertura do pr\u00e9dio, consideradas elementos essenciais para manter as caracter\u00edsticas arquitet\u00f4nicas originais do im\u00f3vel.\u00a0\u00a0<\/p>\n<p>Caso alguma interven\u00e7\u00e3o seja feita sem autoriza\u00e7\u00e3o, o respons\u00e1vel poder\u00e1 ser obrigado a reconstruir ou restaurar as partes alteradas, podendo levar multa que pode chegar ao dobro do valor do dano causado, sem preju\u00edzo de outras san\u00e7\u00f5es previstas em lei.\u00a0<\/p>\n<p>O decreto tamb\u00e9m cria uma \u00e1rea de prote\u00e7\u00e3o no entorno do edif\u00edcio.\u00a0Isso significa que im\u00f3veis localizados nas proximidades tamb\u00e9m passam a ter restri\u00e7\u00f5es relacionadas a obras e interven\u00e7\u00f5es que possam prejudicar a visibilidade ou o destaque do bem hist\u00f3rico.\u00a0<\/p>\n<p>Qualquer obra ou interven\u00e7\u00e3o na \u00e1rea protegida dever\u00e1 ser previamente apresentada \u00e0 Prefeitura de Campo Grande. Os projetos ser\u00e3o analisados pela Secretaria Municipal de Meio Ambiente, Gest\u00e3o Urbana e Desenvolvimento Econ\u00f4mico, Tur\u00edstico e Sustent\u00e1vel (Semades), com parecer t\u00e9cnico da Ag\u00eancia Municipal de Meio Ambiente e Planejamento Urbano (Planurb) e da\u00a0Fundac.\u00a0<\/p>\n<p>Com a decis\u00e3o, o Edif\u00edcio Jos\u00e9 Abr\u00e3o passa a ser oficialmente registrado no Livro de Tombo de Artes Aplicadas do Munic\u00edpio, instrumento que re\u00fane os bens reconhecidos como parte importante da hist\u00f3ria e da identidade cultural de Campo Grande.\u00a0<\/p>\n<p><em>#ParaTodosVerem: A imagem mostra a fachada do Edif\u00edcio Jos\u00e9 Abr\u00e3o, na esquina das ruas 14 de Julho e Marechal C\u00e2ndido Mariano Rondon.<\/em><\/p>\n<\/div>\n<p><script async defer async defer src=\"https:\/\/connect.facebook.net\/en_US\/sdk.js?ver=1#xfbml=1&amp;version=v3.2\" id=\"prefeitura-campogrande-script-facebook-sdk-js\"><\/script><\/p>\n","protected":false},"excerpt":{"rendered":"<p>Foi publicado em Di\u00e1rio Oficial desta segunda-feira (16) o tombamento do\u00a0Edif\u00edcio\u00a0Jos\u00e9 Abr\u00e3o, conhecido\u00a0como Hotel Americano. O decreto, que reconhece o valor hist\u00f3rico e arquitet\u00f4nico do im\u00f3vel, assegura\u00a0legalmente\u00a0a estrutura.\u00a0 Este im\u00f3vel\u00a0est\u00e1 localizado na esquina das ruas 14 de\u00a0Julho\u00a0e Marechal C\u00e2ndido Mariano Rondon, na regi\u00e3o central da Capital.\u00a0O reconhecimento chega ap\u00f3s um processo longo de an\u00e1lise e &hellip;<\/p>\n","protected":false},"author":1,"featured_media":0,"comment_status":"open","ping_status":"open","sticky":false,"template":"","format":"standard","meta":{"_jetpack_memberships_contains_paid_content":false,"footnotes":""},"categories":[12410],"tags":[],"class_list":["post-457344","post","type-post","status-publish","format-standard","hentry","category-ms"],"yoast_head":"<!-- This site is optimized with the Yoast SEO plugin v27.5 - https:\/\/yoast.com\/product\/yoast-seo-wordpress\/ -->\n<title>Edif\u00edcio onde funcionava\u00a0Hotel Americano\u00a0\u00e9 tombado\u00a0 \u2013 CGNot\u00edcias<\/title>\n<meta name=\"robots\" content=\"index, follow, max-snippet:-1, max-image-preview:large, max-video-preview:-1\" \/>\n<link rel=\"canonical\" href=\"https:\/\/www.campogrande.ms.gov.br\/cgnoticias\/noticia\/edificio-onde-funcionava-hotel-americano-e-tombado\/\" \/>\n<meta property=\"og:locale\" content=\"pt_BR\" \/>\n<meta property=\"og:type\" content=\"article\" \/>\n<meta property=\"og:title\" content=\"Edif\u00edcio onde funcionava\u00a0Hotel Americano\u00a0\u00e9 tombado\u00a0 \u2013 CGNot\u00edcias\" \/>\n<meta property=\"og:description\" content=\"Foi publicado em Di\u00e1rio Oficial desta segunda-feira (16) o tombamento do\u00a0Edif\u00edcio\u00a0Jos\u00e9 Abr\u00e3o, conhecido\u00a0como Hotel Americano. O decreto, que reconhece o valor hist\u00f3rico e arquitet\u00f4nico do im\u00f3vel, assegura\u00a0legalmente\u00a0a estrutura.\u00a0 Este im\u00f3vel\u00a0est\u00e1 localizado na esquina das ruas 14 de\u00a0Julho\u00a0e Marechal C\u00e2ndido Mariano Rondon, na regi\u00e3o central da Capital.\u00a0O reconhecimento chega ap\u00f3s um processo longo de an\u00e1lise e &hellip;\" \/>\n<meta property=\"og:url\" content=\"https:\/\/www.campogrande.ms.gov.br\/cgnoticias\/noticia\/edificio-onde-funcionava-hotel-americano-e-tombado\/\" \/>\n<meta property=\"og:site_name\" content=\"MRNews\" \/>\n<meta property=\"article:publisher\" content=\"https:\/\/www.facebook.com\/eaipahpah\/?locale2=pt_BR\" \/>\n<meta property=\"article:published_time\" content=\"2026-03-16T16:36:00+00:00\" \/>\n<meta name=\"author\" content=\"MR News\" \/>\n<meta name=\"twitter:card\" content=\"summary_large_image\" \/>\n<meta name=\"twitter:creator\" content=\"@conspirou\" \/>\n<meta name=\"twitter:site\" content=\"@conspirou\" \/>\n<meta name=\"twitter:label1\" content=\"Escrito por\" \/>\n\t<meta name=\"twitter:data1\" content=\"MR News\" \/>\n\t<meta name=\"twitter:label2\" content=\"Est. tempo de leitura\" \/>\n\t<meta name=\"twitter:data2\" content=\"2 minutos\" \/>\n<script type=\"application\/ld+json\" class=\"yoast-schema-graph\">{\"@context\":\"https:\\\/\\\/schema.org\",\"@graph\":[{\"@type\":\"Article\",\"@id\":\"https:\\\/\\\/www.campogrande.ms.gov.br\\\/cgnoticias\\\/noticia\\\/edificio-onde-funcionava-hotel-americano-e-tombado\\\/#article\",\"isPartOf\":{\"@id\":\"https:\\\/\\\/mrnews.com.br\\\/index.php\\\/2026\\\/03\\\/16\\\/edificio-onde-funcionava-hotel-americano-e-tombado-cgnoticias\\\/\"},\"author\":{\"name\":\"MR News\",\"@id\":\"https:\\\/\\\/mrnews.com.br\\\/#\\\/schema\\\/person\\\/be3203154562a9f207407861cef7827b\"},\"headline\":\"Edif\u00edcio onde funcionava\u00a0Hotel Americano\u00a0\u00e9 tombado\u00a0 \u2013 CGNot\u00edcias\",\"datePublished\":\"2026-03-16T16:36:00+00:00\",\"mainEntityOfPage\":{\"@id\":\"https:\\\/\\\/mrnews.com.br\\\/index.php\\\/2026\\\/03\\\/16\\\/edificio-onde-funcionava-hotel-americano-e-tombado-cgnoticias\\\/\"},\"wordCount\":493,\"commentCount\":0,\"publisher\":{\"@id\":\"https:\\\/\\\/mrnews.com.br\\\/#organization\"},\"articleSection\":[\"Mato Grosso do Sul\"],\"inLanguage\":\"pt-BR\",\"potentialAction\":[{\"@type\":\"CommentAction\",\"name\":\"Comment\",\"target\":[\"https:\\\/\\\/www.campogrande.ms.gov.br\\\/cgnoticias\\\/noticia\\\/edificio-onde-funcionava-hotel-americano-e-tombado\\\/#respond\"]}]},{\"@type\":\"WebPage\",\"@id\":\"https:\\\/\\\/mrnews.com.br\\\/index.php\\\/2026\\\/03\\\/16\\\/edificio-onde-funcionava-hotel-americano-e-tombado-cgnoticias\\\/\",\"url\":\"https:\\\/\\\/www.campogrande.ms.gov.br\\\/cgnoticias\\\/noticia\\\/edificio-onde-funcionava-hotel-americano-e-tombado\\\/\",\"name\":\"Edif\u00edcio onde funcionava\u00a0Hotel Americano\u00a0\u00e9 tombado\u00a0 \u2013 CGNot\u00edcias\",\"isPartOf\":{\"@id\":\"https:\\\/\\\/mrnews.com.br\\\/#website\"},\"datePublished\":\"2026-03-16T16:36:00+00:00\",\"breadcrumb\":{\"@id\":\"https:\\\/\\\/www.campogrande.ms.gov.br\\\/cgnoticias\\\/noticia\\\/edificio-onde-funcionava-hotel-americano-e-tombado\\\/#breadcrumb\"},\"inLanguage\":\"pt-BR\",\"potentialAction\":[{\"@type\":\"ReadAction\",\"target\":[\"https:\\\/\\\/www.campogrande.ms.gov.br\\\/cgnoticias\\\/noticia\\\/edificio-onde-funcionava-hotel-americano-e-tombado\\\/\"]}]},{\"@type\":\"BreadcrumbList\",\"@id\":\"https:\\\/\\\/www.campogrande.ms.gov.br\\\/cgnoticias\\\/noticia\\\/edificio-onde-funcionava-hotel-americano-e-tombado\\\/#breadcrumb\",\"itemListElement\":[{\"@type\":\"ListItem\",\"position\":1,\"name\":\"In\u00edcio\",\"item\":\"https:\\\/\\\/mrnews.com.br\\\/\"},{\"@type\":\"ListItem\",\"position\":2,\"name\":\"Edif\u00edcio onde funcionava\u00a0Hotel Americano\u00a0\u00e9 tombado\u00a0 \u2013 CGNot\u00edcias\"}]},{\"@type\":\"WebSite\",\"@id\":\"https:\\\/\\\/mrnews.com.br\\\/#website\",\"url\":\"https:\\\/\\\/mrnews.com.br\\\/\",\"name\":\"MRNews\",\"description\":\"MRNews Jogos de hoje da TV, transmiss\u00f5es ao vivo, Not\u00edcias de futebol, Jogos ao vivo, Lives, resumo de novelas, Programa\u00e7\u00e3o da Globo, A Fazenda e BBB\",\"publisher\":{\"@id\":\"https:\\\/\\\/mrnews.com.br\\\/#organization\"},\"potentialAction\":[{\"@type\":\"SearchAction\",\"target\":{\"@type\":\"EntryPoint\",\"urlTemplate\":\"https:\\\/\\\/mrnews.com.br\\\/?s={search_term_string}\"},\"query-input\":{\"@type\":\"PropertyValueSpecification\",\"valueRequired\":true,\"valueName\":\"search_term_string\"}}],\"inLanguage\":\"pt-BR\"},{\"@type\":\"Organization\",\"@id\":\"https:\\\/\\\/mrnews.com.br\\\/#organization\",\"name\":\"MRNews\",\"url\":\"https:\\\/\\\/mrnews.com.br\\\/\",\"logo\":{\"@type\":\"ImageObject\",\"inLanguage\":\"pt-BR\",\"@id\":\"https:\\\/\\\/mrnews.com.br\\\/#\\\/schema\\\/logo\\\/image\\\/\",\"url\":\"https:\\\/\\\/mrnews.com.br\\\/wp-content\\\/uploads\\\/2019\\\/06\\\/MRNewslogo2.png\",\"contentUrl\":\"https:\\\/\\\/mrnews.com.br\\\/wp-content\\\/uploads\\\/2019\\\/06\\\/MRNewslogo2.png\",\"width\":223,\"height\":58,\"caption\":\"MRNews\"},\"image\":{\"@id\":\"https:\\\/\\\/mrnews.com.br\\\/#\\\/schema\\\/logo\\\/image\\\/\"},\"sameAs\":[\"https:\\\/\\\/www.facebook.com\\\/eaipahpah\\\/?locale2=pt_BR\",\"https:\\\/\\\/x.com\\\/conspirou\",\"https:\\\/\\\/www.instagram.com\\\/eai_pahpah\",\"https:\\\/\\\/br.pinterest.com\\\/mrnewsn\\\/boards\\\/\",\"https:\\\/\\\/www.youtube.com\\\/channel\\\/UCacgnpznQ61fifLWr1tQ-vA?view_as=subscriber\"]},{\"@type\":\"Person\",\"@id\":\"https:\\\/\\\/mrnews.com.br\\\/#\\\/schema\\\/person\\\/be3203154562a9f207407861cef7827b\",\"name\":\"MR News\",\"image\":{\"@type\":\"ImageObject\",\"inLanguage\":\"pt-BR\",\"@id\":\"https:\\\/\\\/secure.gravatar.com\\\/avatar\\\/04084e6d73c042b8646e7c17b494073bf0ede3ea13c7105cfc45cbbbc28385a4?s=96&d=monsterid&r=g\",\"url\":\"https:\\\/\\\/secure.gravatar.com\\\/avatar\\\/04084e6d73c042b8646e7c17b494073bf0ede3ea13c7105cfc45cbbbc28385a4?s=96&d=monsterid&r=g\",\"contentUrl\":\"https:\\\/\\\/secure.gravatar.com\\\/avatar\\\/04084e6d73c042b8646e7c17b494073bf0ede3ea13c7105cfc45cbbbc28385a4?s=96&d=monsterid&r=g\",\"caption\":\"MR News\"},\"description\":\"Especializado em jornalismo colaborativo pela FTP em n\u00edvel de p\u00f3s-gradua\u00e7\u00e3o. suporte@oimeliga.combr\",\"sameAs\":[\"HUGO R.\",\"Admin\"],\"url\":\"https:\\\/\\\/mrnews.com.br\\\/index.php\\\/author\\\/admin\\\/\"}]}<\/script>\n<!-- \/ Yoast SEO plugin. -->","yoast_head_json":{"title":"Edif\u00edcio onde funcionava\u00a0Hotel Americano\u00a0\u00e9 tombado\u00a0 \u2013 CGNot\u00edcias","robots":{"index":"index","follow":"follow","max-snippet":"max-snippet:-1","max-image-preview":"max-image-preview:large","max-video-preview":"max-video-preview:-1"},"canonical":"https:\/\/www.campogrande.ms.gov.br\/cgnoticias\/noticia\/edificio-onde-funcionava-hotel-americano-e-tombado\/","og_locale":"pt_BR","og_type":"article","og_title":"Edif\u00edcio onde funcionava\u00a0Hotel Americano\u00a0\u00e9 tombado\u00a0 \u2013 CGNot\u00edcias","og_description":"Foi publicado em Di\u00e1rio Oficial desta segunda-feira (16) o tombamento do\u00a0Edif\u00edcio\u00a0Jos\u00e9 Abr\u00e3o, conhecido\u00a0como Hotel Americano. O decreto, que reconhece o valor hist\u00f3rico e arquitet\u00f4nico do im\u00f3vel, assegura\u00a0legalmente\u00a0a estrutura.\u00a0 Este im\u00f3vel\u00a0est\u00e1 localizado na esquina das ruas 14 de\u00a0Julho\u00a0e Marechal C\u00e2ndido Mariano Rondon, na regi\u00e3o central da Capital.\u00a0O reconhecimento chega ap\u00f3s um processo longo de an\u00e1lise e &hellip;","og_url":"https:\/\/www.campogrande.ms.gov.br\/cgnoticias\/noticia\/edificio-onde-funcionava-hotel-americano-e-tombado\/","og_site_name":"MRNews","article_publisher":"https:\/\/www.facebook.com\/eaipahpah\/?locale2=pt_BR","article_published_time":"2026-03-16T16:36:00+00:00","author":"MR News","twitter_card":"summary_large_image","twitter_creator":"@conspirou","twitter_site":"@conspirou","twitter_misc":{"Escrito por":"MR News","Est. tempo de leitura":"2 minutos"},"schema":{"@context":"https:\/\/schema.org","@graph":[{"@type":"Article","@id":"https:\/\/www.campogrande.ms.gov.br\/cgnoticias\/noticia\/edificio-onde-funcionava-hotel-americano-e-tombado\/#article","isPartOf":{"@id":"https:\/\/mrnews.com.br\/index.php\/2026\/03\/16\/edificio-onde-funcionava-hotel-americano-e-tombado-cgnoticias\/"},"author":{"name":"MR News","@id":"https:\/\/mrnews.com.br\/#\/schema\/person\/be3203154562a9f207407861cef7827b"},"headline":"Edif\u00edcio onde funcionava\u00a0Hotel Americano\u00a0\u00e9 tombado\u00a0 \u2013 CGNot\u00edcias","datePublished":"2026-03-16T16:36:00+00:00","mainEntityOfPage":{"@id":"https:\/\/mrnews.com.br\/index.php\/2026\/03\/16\/edificio-onde-funcionava-hotel-americano-e-tombado-cgnoticias\/"},"wordCount":493,"commentCount":0,"publisher":{"@id":"https:\/\/mrnews.com.br\/#organization"},"articleSection":["Mato Grosso do Sul"],"inLanguage":"pt-BR","potentialAction":[{"@type":"CommentAction","name":"Comment","target":["https:\/\/www.campogrande.ms.gov.br\/cgnoticias\/noticia\/edificio-onde-funcionava-hotel-americano-e-tombado\/#respond"]}]},{"@type":"WebPage","@id":"https:\/\/mrnews.com.br\/index.php\/2026\/03\/16\/edificio-onde-funcionava-hotel-americano-e-tombado-cgnoticias\/","url":"https:\/\/www.campogrande.ms.gov.br\/cgnoticias\/noticia\/edificio-onde-funcionava-hotel-americano-e-tombado\/","name":"Edif\u00edcio onde funcionava\u00a0Hotel Americano\u00a0\u00e9 tombado\u00a0 \u2013 CGNot\u00edcias","isPartOf":{"@id":"https:\/\/mrnews.com.br\/#website"},"datePublished":"2026-03-16T16:36:00+00:00","breadcrumb":{"@id":"https:\/\/www.campogrande.ms.gov.br\/cgnoticias\/noticia\/edificio-onde-funcionava-hotel-americano-e-tombado\/#breadcrumb"},"inLanguage":"pt-BR","potentialAction":[{"@type":"ReadAction","target":["https:\/\/www.campogrande.ms.gov.br\/cgnoticias\/noticia\/edificio-onde-funcionava-hotel-americano-e-tombado\/"]}]},{"@type":"BreadcrumbList","@id":"https:\/\/www.campogrande.ms.gov.br\/cgnoticias\/noticia\/edificio-onde-funcionava-hotel-americano-e-tombado\/#breadcrumb","itemListElement":[{"@type":"ListItem","position":1,"name":"In\u00edcio","item":"https:\/\/mrnews.com.br\/"},{"@type":"ListItem","position":2,"name":"Edif\u00edcio onde funcionava\u00a0Hotel Americano\u00a0\u00e9 tombado\u00a0 \u2013 CGNot\u00edcias"}]},{"@type":"WebSite","@id":"https:\/\/mrnews.com.br\/#website","url":"https:\/\/mrnews.com.br\/","name":"MRNews","description":"MRNews Jogos de hoje da TV, transmiss\u00f5es ao vivo, Not\u00edcias de futebol, Jogos ao vivo, Lives, resumo de novelas, Programa\u00e7\u00e3o da Globo, A Fazenda e BBB","publisher":{"@id":"https:\/\/mrnews.com.br\/#organization"},"potentialAction":[{"@type":"SearchAction","target":{"@type":"EntryPoint","urlTemplate":"https:\/\/mrnews.com.br\/?s={search_term_string}"},"query-input":{"@type":"PropertyValueSpecification","valueRequired":true,"valueName":"search_term_string"}}],"inLanguage":"pt-BR"},{"@type":"Organization","@id":"https:\/\/mrnews.com.br\/#organization","name":"MRNews","url":"https:\/\/mrnews.com.br\/","logo":{"@type":"ImageObject","inLanguage":"pt-BR","@id":"https:\/\/mrnews.com.br\/#\/schema\/logo\/image\/","url":"https:\/\/mrnews.com.br\/wp-content\/uploads\/2019\/06\/MRNewslogo2.png","contentUrl":"https:\/\/mrnews.com.br\/wp-content\/uploads\/2019\/06\/MRNewslogo2.png","width":223,"height":58,"caption":"MRNews"},"image":{"@id":"https:\/\/mrnews.com.br\/#\/schema\/logo\/image\/"},"sameAs":["https:\/\/www.facebook.com\/eaipahpah\/?locale2=pt_BR","https:\/\/x.com\/conspirou","https:\/\/www.instagram.com\/eai_pahpah","https:\/\/br.pinterest.com\/mrnewsn\/boards\/","https:\/\/www.youtube.com\/channel\/UCacgnpznQ61fifLWr1tQ-vA?view_as=subscriber"]},{"@type":"Person","@id":"https:\/\/mrnews.com.br\/#\/schema\/person\/be3203154562a9f207407861cef7827b","name":"MR News","image":{"@type":"ImageObject","inLanguage":"pt-BR","@id":"https:\/\/secure.gravatar.com\/avatar\/04084e6d73c042b8646e7c17b494073bf0ede3ea13c7105cfc45cbbbc28385a4?s=96&d=monsterid&r=g","url":"https:\/\/secure.gravatar.com\/avatar\/04084e6d73c042b8646e7c17b494073bf0ede3ea13c7105cfc45cbbbc28385a4?s=96&d=monsterid&r=g","contentUrl":"https:\/\/secure.gravatar.com\/avatar\/04084e6d73c042b8646e7c17b494073bf0ede3ea13c7105cfc45cbbbc28385a4?s=96&d=monsterid&r=g","caption":"MR News"},"description":"Especializado em jornalismo colaborativo pela FTP em n\u00edvel de p\u00f3s-gradua\u00e7\u00e3o. suporte@oimeliga.combr","sameAs":["HUGO R.","Admin"],"url":"https:\/\/mrnews.com.br\/index.php\/author\/admin\/"}]}},"jetpack_featured_media_url":"","jetpack_sharing_enabled":true,"jetpack_shortlink":"https:\/\/wp.me\/pa2Qf7-1UYw","amp_enabled":true,"_links":{"self":[{"href":"https:\/\/mrnews.com.br\/index.php\/wp-json\/wp\/v2\/posts\/457344","targetHints":{"allow":["GET"]}}],"collection":[{"href":"https:\/\/mrnews.com.br\/index.php\/wp-json\/wp\/v2\/posts"}],"about":[{"href":"https:\/\/mrnews.com.br\/index.php\/wp-json\/wp\/v2\/types\/post"}],"author":[{"embeddable":true,"href":"https:\/\/mrnews.com.br\/index.php\/wp-json\/wp\/v2\/users\/1"}],"replies":[{"embeddable":true,"href":"https:\/\/mrnews.com.br\/index.php\/wp-json\/wp\/v2\/comments?post=457344"}],"version-history":[{"count":0,"href":"https:\/\/mrnews.com.br\/index.php\/wp-json\/wp\/v2\/posts\/457344\/revisions"}],"wp:attachment":[{"href":"https:\/\/mrnews.com.br\/index.php\/wp-json\/wp\/v2\/media?parent=457344"}],"wp:term":[{"taxonomy":"category","embeddable":true,"href":"https:\/\/mrnews.com.br\/index.php\/wp-json\/wp\/v2\/categories?post=457344"},{"taxonomy":"post_tag","embeddable":true,"href":"https:\/\/mrnews.com.br\/index.php\/wp-json\/wp\/v2\/tags?post=457344"}],"curies":[{"name":"wp","href":"https:\/\/api.w.org\/{rel}","templated":true}]}}