{"id":457415,"date":"2026-03-17T20:46:57","date_gmt":"2026-03-17T23:46:57","guid":{"rendered":"https:\/\/mrnews.com.br\/index.php\/2026\/03\/17\/relatorio-da-cop30-consolida-56-decisoes-e-mira-implementacao-global\/"},"modified":"2026-03-17T20:46:57","modified_gmt":"2026-03-17T23:46:57","slug":"relatorio-da-cop30-consolida-56-decisoes-e-mira-implementacao-global","status":"publish","type":"post","link":"https:\/\/mrnews.com.br\/index.php\/2026\/03\/17\/relatorio-da-cop30-consolida-56-decisoes-e-mira-implementacao-global\/","title":{"rendered":"Relat\u00f3rio da COP30 consolida 56 decis\u00f5es e mira implementa\u00e7\u00e3o global"},"content":{"rendered":"<p>Por EBC, <\/p>\n<div>\n<p><strong>A presid\u00eancia da 30\u00aa Confer\u00eancia das Na\u00e7\u00f5es Unidas sobre Mudan\u00e7as Clim\u00e1ticas (COP30) divulgou nesta ter\u00e7a-feira (17) o relat\u00f3rio executivo da confer\u00eancia realizada em Bel\u00e9m, em novembro de 2025<\/strong>. O documento consolida os resultados do encontro e detalha os pr\u00f3ximos passos para implementar pol\u00edticas globais.<\/p>\n<p><strong>Ao todo, foram adotadas 56 decis\u00f5es por consenso entre os pa\u00edses participantes<\/strong>, que incluem temas como mitiga\u00e7\u00e3o, adapta\u00e7\u00e3o, financiamento, tecnologia, e perdas e danos.<\/p>\n<blockquote>\n<p>\u201cAs decis\u00f5es adotadas na confer\u00eancia devem servir como catalisadoras de transforma\u00e7\u00f5es econ\u00f4micas, da constru\u00e7\u00e3o de sociedades mais resilientes e da restaura\u00e7\u00e3o dos ecossistemas. A jornada continua \u2013\u00a0e exigir\u00e1 o compromisso de todos n\u00f3s\u201d, diz o comunicado conjunto do presidente da COP, Andr\u00e9 Corr\u00eaa do Lago, e da diretora executiva Ana Toni.<\/p>\n<\/blockquote>\n<p>\u201cA confer\u00eancia estabeleceu novos acordos globais importantes sobre uma transi\u00e7\u00e3o justa, sobre a triplica\u00e7\u00e3o do financiamento para adapta\u00e7\u00e3o e progressos significativos em toda a Agenda de A\u00e7\u00e3o, incluindo trilh\u00f5es de d\u00f3lares para redes limpas e uma nova iniciativa hist\u00f3rica para florestas\u201d, diz o secret\u00e1rio executivo da Conven\u00e7\u00e3o das Na\u00e7\u00f5es Unidas sobre Mudan\u00e7as Clim\u00e1ticas (UNFCCC), Simon Stiell.<\/p>\n<p>\u00a0<\/p>\n<div class=\"dnd-widget-wrapper context-cheio_8colunas type-image\">\n<div class=\"dnd-atom-rendered\"><!-- scald=443518:cheio_8colunas --><\/p>\n<p>    <!-- END scald=443518 --><\/div>\n<p><h6 class=\"meta\">Pavilh\u00f5es da COP30 em Bel\u00e9m &#8211; <strong>Foto: T\u00e2nia R\u00eago\/Arquivo\/Ag\u00eancia Brasil<\/strong><!--END copyright=443518--><\/h6>\n<\/p>\n<\/div>\n<h2>Resultados concretos<\/h2>\n<p><strong>O relat\u00f3rio destaca a amplia\u00e7\u00e3o do financiamento clim\u00e1tico, com a meta de mobilizar US$ 1,3 trilh\u00e3o at\u00e9 2035<\/strong>, o que inclui pelo menos US$ 300 bilh\u00f5es em recursos p\u00fablicos. Tamb\u00e9m foi acordada a meta de triplicar o financiamento para adapta\u00e7\u00e3o no mesmo per\u00edodo.<\/p>\n<p>Outro eixo central foi o fortalecimento das pol\u00edticas de adapta\u00e7\u00e3o, com a ado\u00e7\u00e3o de indicadores globais para monitorar o progresso e a amplia\u00e7\u00e3o dos planos nacionais apresentados pelos pa\u00edses. Ao final da confer\u00eancia, 122 pa\u00edses j\u00e1 haviam submetido suas contribui\u00e7\u00f5es clim\u00e1ticas (NDCs), metas que marcam um novo ciclo de compromissos internacionais com a redu\u00e7\u00e3o de emiss\u00f5es de gases de efeito estufa.<\/p>\n<h2>Mapas do caminho<\/h2>\n<p><strong>O relat\u00f3rio destaca tr\u00eas grandes mapas do caminho,\u00a0que devem orientar a a\u00e7\u00e3o clim\u00e1tica global nos pr\u00f3ximos anos. <\/strong>As iniciativas funcionam como plataformas pol\u00edticas e t\u00e9cnicas para transformar compromissos em pol\u00edticas nacionais e investimentos.<\/p>\n<p>Um deles \u00e9 o <strong>Mapa do Caminho pela Transi\u00e7\u00e3o para o Afastamento dos Combust\u00edveis F\u00f3sseis<\/strong> de forma justa, ordenada e equitativa. <strong>Entre as metas, est\u00e1\u00a0zerar o desmatamento at\u00e9 2030<\/strong>.<\/p>\n<p>O segundo \u00e9 o <strong>Mapa do Caminho pela Revers\u00e3o do Desmatamento e da Degrada\u00e7\u00e3o Florestal at\u00e9 2030<\/strong>, que refor\u00e7a o papel das florestas na a\u00e7\u00e3o clim\u00e1tica e no desenvolvimento sustent\u00e1vel.<\/p>\n<p>O terceiro, que foi criado antes da COP30 e avan\u00e7a para al\u00e9m do evento, \u00e9 o <strong>Mapa do Caminho de Baku a Bel\u00e9m<\/strong>. O plano foca principalmente na mobiliza\u00e7\u00e3o de US$ 1,3 trilh\u00e3o em financiamento clim\u00e1tico, especialmente para pa\u00edses em desenvolvimento, e tem as metas do Acordo de Paris como refer\u00eancia.<\/p>\n<p>A presid\u00eancia da COP30 tamb\u00e9m lan\u00e7ou o Acelerador Global de Implementa\u00e7\u00e3o, iniciativa voltada a apoiar pa\u00edses na execu\u00e7\u00e3o de suas metas clim\u00e1ticas e planos de adapta\u00e7\u00e3o, que prioriza a\u00e7\u00f5es de impacto r\u00e1pido e em grande escala.<\/p>\n<p>\u00a0<\/p>\n<div class=\"dnd-widget-wrapper context-cheio_8colunas type-image\">\n<div class=\"dnd-atom-rendered\"><!-- scald=443856:cheio_8colunas --><\/p>\n<p>    <!-- END scald=443856 --><\/div>\n<div class=\"dnd-caption-wrapper\">\n<p>Pavilh\u00f5es dos pa\u00edses e movimenta\u00e7\u00e3o na Blue Zone da COP30 &#8211; <strong>Foto: T\u00e2nia R\u00eago\/Arquivo\/Ag\u00eancia Brasil<\/strong><!--END copyright=443856--><\/p>\n<\/div>\n<\/div>\n<h2>Florestas tropicais<\/h2>\n<p><strong>Uma das iniciativas de destaque da presid\u00eancia brasileira foi a cria\u00e7\u00e3o do Fundo Florestas Tropicais para Sempre (TFFF, na sigla em ingl\u00eas).<\/strong> O mecanismo busca mobilizar financiamento previs\u00edvel e de longo prazo para a conserva\u00e7\u00e3o e o uso sustent\u00e1vel de florestas em pa\u00edses tropicais em desenvolvimento.<\/p>\n<p>O TFFF opera por meio de financiamento misto: combina investimentos p\u00fablicos e privados por meio de uma estrutura baseada em resultados. Para os idealizadores, o fundo garante estabilidade e incentivos de longo prazo para a prote\u00e7\u00e3o florestal. <strong>Ao final do evento, 52 pa\u00edses e a Uni\u00e3o Europeia endossaram a participa\u00e7\u00e3o na iniciativa.<\/strong><\/p>\n<h2>Racismo e pobreza<\/h2>\n<p>Na COP30, tamb\u00e9m foi criada a <em>Declara\u00e7\u00e3o de Bel\u00e9m sobre o Combate ao Racismo Ambiental<\/em>, endossada por pa\u00edses da Am\u00e9rica Latina, \u00c1frica, \u00c1sia e Oceania. O acordo busca fomentar o di\u00e1logo global sobre igualdade racial, clima e meio ambiente. Refor\u00e7a tamb\u00e9m a dimens\u00e3o dos direitos humanos e reconhece que a emerg\u00eancia clim\u00e1tica \u00e9 tamb\u00e9m uma crise de justi\u00e7a racial.<\/p>\n<p>Nesse sentido,<strong> o documento reconhece padr\u00f5es de discrimina\u00e7\u00e3o hist\u00f3ricos; a exposi\u00e7\u00e3o desproporcional de afrodescendentes, povos ind\u00edgenas e comunidades locais \u00e0 polui\u00e7\u00e3o e aos riscos clim\u00e1ticos; e a necessidade urgente de uma abordagem baseada em direitos humanos para as pol\u00edticas p\u00fablicas.<\/strong><\/p>\n<p>J\u00e1 a <strong>Declara\u00e7\u00e3o sobre Fome, Pobreza e A\u00e7\u00e3o Clim\u00e1tica teve ades\u00e3o de 44 pa\u00edses<\/strong>. O documento reconhece que os impactos clim\u00e1ticos aumentam a pobreza, a inseguran\u00e7a alimentar, o estresse h\u00eddrico e as crises de sa\u00fade.<\/p>\n<p><strong>Os signat\u00e1rios defendem a expans\u00e3o de sistemas de prote\u00e7\u00e3o social, investimentos em produ\u00e7\u00e3o alimentar, apoio a pequenos agricultores e comunidades locais, e sistemas de alerta precoce, prepara\u00e7\u00e3o para desastres e estrat\u00e9gias de adapta\u00e7\u00e3o. <\/strong>Al\u00e9m disso, apelam para a amplia\u00e7\u00e3o do financiamento inclusivo e de medidas de transi\u00e7\u00e3o justa.<\/p>\n<h2>Rumo a Antalya<\/h2>\n<p>O relat\u00f3rio tamb\u00e9m aponta os pr\u00f3ximos passos da agenda internacional, com foco na continuidade das negocia\u00e7\u00f5es e na<strong> prepara\u00e7\u00e3o para a pr\u00f3xima confer\u00eancia clim\u00e1tica, a COP31, que ser\u00e1 realizada em Antalya, na Turquia, em 2026.<\/strong><\/p>\n<p>A presid\u00eancia da COP30 pretende consolidar os mapas do caminho, ampliar o financiamento e manter o engajamento internacional para garantir que os compromissos assumidos em Bel\u00e9m se traduzam em resultados concretos nos pr\u00f3ximos anos.<\/p>\n<p>      <!-- Relacionada --><\/p>\n<p>            <!-- Relacionada -->\n    <\/div>\n","protected":false},"excerpt":{"rendered":"<p>Por EBC, A presid\u00eancia da 30\u00aa Confer\u00eancia das Na\u00e7\u00f5es Unidas sobre Mudan\u00e7as Clim\u00e1ticas (COP30) divulgou nesta ter\u00e7a-feira (17) o relat\u00f3rio executivo da confer\u00eancia realizada em Bel\u00e9m, em novembro de 2025. O documento consolida os resultados do encontro e detalha os pr\u00f3ximos passos para implementar pol\u00edticas globais. Ao todo, foram adotadas 56 decis\u00f5es por consenso entre &hellip;<\/p>\n","protected":false},"author":1,"featured_media":0,"comment_status":"open","ping_status":"open","sticky":false,"template":"","format":"standard","meta":{"_jetpack_memberships_contains_paid_content":false,"footnotes":""},"categories":[2,12225,4],"tags":[],"class_list":["post-457415","post","type-post","status-publish","format-standard","hentry","category-entretenimento","category-noticias","category-servicos"],"yoast_head":"<!-- This site is optimized with the Yoast SEO plugin v27.5 - https:\/\/yoast.com\/product\/yoast-seo-wordpress\/ -->\n<title>Relat\u00f3rio da COP30 consolida 56 decis\u00f5es e mira implementa\u00e7\u00e3o global<\/title>\n<meta name=\"robots\" content=\"index, follow, max-snippet:-1, max-image-preview:large, max-video-preview:-1\" \/>\n<link rel=\"canonical\" href=\"https:\/\/agenciabrasil.ebc.com.br\/meio-ambiente\/noticia\/2026-03\/relatorio-da-cop30-consolida-56-decisoes-e-mira-implementacao-global\" \/>\n<meta property=\"og:locale\" content=\"pt_BR\" \/>\n<meta property=\"og:type\" content=\"article\" \/>\n<meta property=\"og:title\" content=\"Relat\u00f3rio da COP30 consolida 56 decis\u00f5es e mira implementa\u00e7\u00e3o global\" \/>\n<meta property=\"og:description\" content=\"Por EBC, A presid\u00eancia da 30\u00aa Confer\u00eancia das Na\u00e7\u00f5es Unidas sobre Mudan\u00e7as Clim\u00e1ticas (COP30) divulgou nesta ter\u00e7a-feira (17) o relat\u00f3rio executivo da confer\u00eancia realizada em Bel\u00e9m, em novembro de 2025. O documento consolida os resultados do encontro e detalha os pr\u00f3ximos passos para implementar pol\u00edticas globais. Ao todo, foram adotadas 56 decis\u00f5es por consenso entre &hellip;\" \/>\n<meta property=\"og:url\" content=\"https:\/\/agenciabrasil.ebc.com.br\/meio-ambiente\/noticia\/2026-03\/relatorio-da-cop30-consolida-56-decisoes-e-mira-implementacao-global\" \/>\n<meta property=\"og:site_name\" content=\"MRNews\" \/>\n<meta property=\"article:publisher\" content=\"https:\/\/www.facebook.com\/eaipahpah\/?locale2=pt_BR\" \/>\n<meta property=\"article:published_time\" content=\"2026-03-17T23:46:57+00:00\" \/>\n<meta name=\"author\" content=\"MR News\" \/>\n<meta name=\"twitter:card\" content=\"summary_large_image\" \/>\n<meta name=\"twitter:creator\" content=\"@conspirou\" \/>\n<meta name=\"twitter:site\" content=\"@conspirou\" \/>\n<meta name=\"twitter:label1\" content=\"Escrito por\" \/>\n\t<meta name=\"twitter:data1\" content=\"MR News\" \/>\n\t<meta name=\"twitter:label2\" content=\"Est. tempo de leitura\" \/>\n\t<meta name=\"twitter:data2\" content=\"5 minutos\" \/>\n<script type=\"application\/ld+json\" class=\"yoast-schema-graph\">{\"@context\":\"https:\\\/\\\/schema.org\",\"@graph\":[{\"@type\":\"Article\",\"@id\":\"https:\\\/\\\/agenciabrasil.ebc.com.br\\\/meio-ambiente\\\/noticia\\\/2026-03\\\/relatorio-da-cop30-consolida-56-decisoes-e-mira-implementacao-global#article\",\"isPartOf\":{\"@id\":\"https:\\\/\\\/mrnews.com.br\\\/index.php\\\/2026\\\/03\\\/17\\\/relatorio-da-cop30-consolida-56-decisoes-e-mira-implementacao-global\\\/\"},\"author\":{\"name\":\"MR News\",\"@id\":\"https:\\\/\\\/mrnews.com.br\\\/#\\\/schema\\\/person\\\/be3203154562a9f207407861cef7827b\"},\"headline\":\"Relat\u00f3rio da COP30 consolida 56 decis\u00f5es e mira implementa\u00e7\u00e3o global\",\"datePublished\":\"2026-03-17T23:46:57+00:00\",\"mainEntityOfPage\":{\"@id\":\"https:\\\/\\\/mrnews.com.br\\\/index.php\\\/2026\\\/03\\\/17\\\/relatorio-da-cop30-consolida-56-decisoes-e-mira-implementacao-global\\\/\"},\"wordCount\":1012,\"commentCount\":0,\"publisher\":{\"@id\":\"https:\\\/\\\/mrnews.com.br\\\/#organization\"},\"articleSection\":[\"ENTRETENIMENTO\",\"NOTICIAS\",\"SERVI\u00c7OS\"],\"inLanguage\":\"pt-BR\",\"potentialAction\":[{\"@type\":\"CommentAction\",\"name\":\"Comment\",\"target\":[\"https:\\\/\\\/agenciabrasil.ebc.com.br\\\/meio-ambiente\\\/noticia\\\/2026-03\\\/relatorio-da-cop30-consolida-56-decisoes-e-mira-implementacao-global#respond\"]}]},{\"@type\":\"WebPage\",\"@id\":\"https:\\\/\\\/mrnews.com.br\\\/index.php\\\/2026\\\/03\\\/17\\\/relatorio-da-cop30-consolida-56-decisoes-e-mira-implementacao-global\\\/\",\"url\":\"https:\\\/\\\/agenciabrasil.ebc.com.br\\\/meio-ambiente\\\/noticia\\\/2026-03\\\/relatorio-da-cop30-consolida-56-decisoes-e-mira-implementacao-global\",\"name\":\"Relat\u00f3rio da COP30 consolida 56 decis\u00f5es e mira implementa\u00e7\u00e3o global\",\"isPartOf\":{\"@id\":\"https:\\\/\\\/mrnews.com.br\\\/#website\"},\"datePublished\":\"2026-03-17T23:46:57+00:00\",\"breadcrumb\":{\"@id\":\"https:\\\/\\\/agenciabrasil.ebc.com.br\\\/meio-ambiente\\\/noticia\\\/2026-03\\\/relatorio-da-cop30-consolida-56-decisoes-e-mira-implementacao-global#breadcrumb\"},\"inLanguage\":\"pt-BR\",\"potentialAction\":[{\"@type\":\"ReadAction\",\"target\":[\"https:\\\/\\\/agenciabrasil.ebc.com.br\\\/meio-ambiente\\\/noticia\\\/2026-03\\\/relatorio-da-cop30-consolida-56-decisoes-e-mira-implementacao-global\"]}]},{\"@type\":\"BreadcrumbList\",\"@id\":\"https:\\\/\\\/agenciabrasil.ebc.com.br\\\/meio-ambiente\\\/noticia\\\/2026-03\\\/relatorio-da-cop30-consolida-56-decisoes-e-mira-implementacao-global#breadcrumb\",\"itemListElement\":[{\"@type\":\"ListItem\",\"position\":1,\"name\":\"In\u00edcio\",\"item\":\"https:\\\/\\\/mrnews.com.br\\\/\"},{\"@type\":\"ListItem\",\"position\":2,\"name\":\"Relat\u00f3rio da COP30 consolida 56 decis\u00f5es e mira implementa\u00e7\u00e3o global\"}]},{\"@type\":\"WebSite\",\"@id\":\"https:\\\/\\\/mrnews.com.br\\\/#website\",\"url\":\"https:\\\/\\\/mrnews.com.br\\\/\",\"name\":\"MRNews\",\"description\":\"MRNews Jogos de hoje da TV, transmiss\u00f5es ao vivo, Not\u00edcias de futebol, Jogos ao vivo, Lives, resumo de novelas, Programa\u00e7\u00e3o da Globo, A Fazenda e BBB\",\"publisher\":{\"@id\":\"https:\\\/\\\/mrnews.com.br\\\/#organization\"},\"potentialAction\":[{\"@type\":\"SearchAction\",\"target\":{\"@type\":\"EntryPoint\",\"urlTemplate\":\"https:\\\/\\\/mrnews.com.br\\\/?s={search_term_string}\"},\"query-input\":{\"@type\":\"PropertyValueSpecification\",\"valueRequired\":true,\"valueName\":\"search_term_string\"}}],\"inLanguage\":\"pt-BR\"},{\"@type\":\"Organization\",\"@id\":\"https:\\\/\\\/mrnews.com.br\\\/#organization\",\"name\":\"MRNews\",\"url\":\"https:\\\/\\\/mrnews.com.br\\\/\",\"logo\":{\"@type\":\"ImageObject\",\"inLanguage\":\"pt-BR\",\"@id\":\"https:\\\/\\\/mrnews.com.br\\\/#\\\/schema\\\/logo\\\/image\\\/\",\"url\":\"https:\\\/\\\/mrnews.com.br\\\/wp-content\\\/uploads\\\/2019\\\/06\\\/MRNewslogo2.png\",\"contentUrl\":\"https:\\\/\\\/mrnews.com.br\\\/wp-content\\\/uploads\\\/2019\\\/06\\\/MRNewslogo2.png\",\"width\":223,\"height\":58,\"caption\":\"MRNews\"},\"image\":{\"@id\":\"https:\\\/\\\/mrnews.com.br\\\/#\\\/schema\\\/logo\\\/image\\\/\"},\"sameAs\":[\"https:\\\/\\\/www.facebook.com\\\/eaipahpah\\\/?locale2=pt_BR\",\"https:\\\/\\\/x.com\\\/conspirou\",\"https:\\\/\\\/www.instagram.com\\\/eai_pahpah\",\"https:\\\/\\\/br.pinterest.com\\\/mrnewsn\\\/boards\\\/\",\"https:\\\/\\\/www.youtube.com\\\/channel\\\/UCacgnpznQ61fifLWr1tQ-vA?view_as=subscriber\"]},{\"@type\":\"Person\",\"@id\":\"https:\\\/\\\/mrnews.com.br\\\/#\\\/schema\\\/person\\\/be3203154562a9f207407861cef7827b\",\"name\":\"MR News\",\"image\":{\"@type\":\"ImageObject\",\"inLanguage\":\"pt-BR\",\"@id\":\"https:\\\/\\\/secure.gravatar.com\\\/avatar\\\/04084e6d73c042b8646e7c17b494073bf0ede3ea13c7105cfc45cbbbc28385a4?s=96&d=monsterid&r=g\",\"url\":\"https:\\\/\\\/secure.gravatar.com\\\/avatar\\\/04084e6d73c042b8646e7c17b494073bf0ede3ea13c7105cfc45cbbbc28385a4?s=96&d=monsterid&r=g\",\"contentUrl\":\"https:\\\/\\\/secure.gravatar.com\\\/avatar\\\/04084e6d73c042b8646e7c17b494073bf0ede3ea13c7105cfc45cbbbc28385a4?s=96&d=monsterid&r=g\",\"caption\":\"MR News\"},\"description\":\"Especializado em jornalismo colaborativo pela FTP em n\u00edvel de p\u00f3s-gradua\u00e7\u00e3o. suporte@oimeliga.combr\",\"sameAs\":[\"HUGO R.\",\"Admin\"],\"url\":\"https:\\\/\\\/mrnews.com.br\\\/index.php\\\/author\\\/admin\\\/\"}]}<\/script>\n<!-- \/ Yoast SEO plugin. -->","yoast_head_json":{"title":"Relat\u00f3rio da COP30 consolida 56 decis\u00f5es e mira implementa\u00e7\u00e3o global","robots":{"index":"index","follow":"follow","max-snippet":"max-snippet:-1","max-image-preview":"max-image-preview:large","max-video-preview":"max-video-preview:-1"},"canonical":"https:\/\/agenciabrasil.ebc.com.br\/meio-ambiente\/noticia\/2026-03\/relatorio-da-cop30-consolida-56-decisoes-e-mira-implementacao-global","og_locale":"pt_BR","og_type":"article","og_title":"Relat\u00f3rio da COP30 consolida 56 decis\u00f5es e mira implementa\u00e7\u00e3o global","og_description":"Por EBC, A presid\u00eancia da 30\u00aa Confer\u00eancia das Na\u00e7\u00f5es Unidas sobre Mudan\u00e7as Clim\u00e1ticas (COP30) divulgou nesta ter\u00e7a-feira (17) o relat\u00f3rio executivo da confer\u00eancia realizada em Bel\u00e9m, em novembro de 2025. O documento consolida os resultados do encontro e detalha os pr\u00f3ximos passos para implementar pol\u00edticas globais. Ao todo, foram adotadas 56 decis\u00f5es por consenso entre &hellip;","og_url":"https:\/\/agenciabrasil.ebc.com.br\/meio-ambiente\/noticia\/2026-03\/relatorio-da-cop30-consolida-56-decisoes-e-mira-implementacao-global","og_site_name":"MRNews","article_publisher":"https:\/\/www.facebook.com\/eaipahpah\/?locale2=pt_BR","article_published_time":"2026-03-17T23:46:57+00:00","author":"MR News","twitter_card":"summary_large_image","twitter_creator":"@conspirou","twitter_site":"@conspirou","twitter_misc":{"Escrito por":"MR News","Est. tempo de leitura":"5 minutos"},"schema":{"@context":"https:\/\/schema.org","@graph":[{"@type":"Article","@id":"https:\/\/agenciabrasil.ebc.com.br\/meio-ambiente\/noticia\/2026-03\/relatorio-da-cop30-consolida-56-decisoes-e-mira-implementacao-global#article","isPartOf":{"@id":"https:\/\/mrnews.com.br\/index.php\/2026\/03\/17\/relatorio-da-cop30-consolida-56-decisoes-e-mira-implementacao-global\/"},"author":{"name":"MR News","@id":"https:\/\/mrnews.com.br\/#\/schema\/person\/be3203154562a9f207407861cef7827b"},"headline":"Relat\u00f3rio da COP30 consolida 56 decis\u00f5es e mira implementa\u00e7\u00e3o global","datePublished":"2026-03-17T23:46:57+00:00","mainEntityOfPage":{"@id":"https:\/\/mrnews.com.br\/index.php\/2026\/03\/17\/relatorio-da-cop30-consolida-56-decisoes-e-mira-implementacao-global\/"},"wordCount":1012,"commentCount":0,"publisher":{"@id":"https:\/\/mrnews.com.br\/#organization"},"articleSection":["ENTRETENIMENTO","NOTICIAS","SERVI\u00c7OS"],"inLanguage":"pt-BR","potentialAction":[{"@type":"CommentAction","name":"Comment","target":["https:\/\/agenciabrasil.ebc.com.br\/meio-ambiente\/noticia\/2026-03\/relatorio-da-cop30-consolida-56-decisoes-e-mira-implementacao-global#respond"]}]},{"@type":"WebPage","@id":"https:\/\/mrnews.com.br\/index.php\/2026\/03\/17\/relatorio-da-cop30-consolida-56-decisoes-e-mira-implementacao-global\/","url":"https:\/\/agenciabrasil.ebc.com.br\/meio-ambiente\/noticia\/2026-03\/relatorio-da-cop30-consolida-56-decisoes-e-mira-implementacao-global","name":"Relat\u00f3rio da COP30 consolida 56 decis\u00f5es e mira implementa\u00e7\u00e3o global","isPartOf":{"@id":"https:\/\/mrnews.com.br\/#website"},"datePublished":"2026-03-17T23:46:57+00:00","breadcrumb":{"@id":"https:\/\/agenciabrasil.ebc.com.br\/meio-ambiente\/noticia\/2026-03\/relatorio-da-cop30-consolida-56-decisoes-e-mira-implementacao-global#breadcrumb"},"inLanguage":"pt-BR","potentialAction":[{"@type":"ReadAction","target":["https:\/\/agenciabrasil.ebc.com.br\/meio-ambiente\/noticia\/2026-03\/relatorio-da-cop30-consolida-56-decisoes-e-mira-implementacao-global"]}]},{"@type":"BreadcrumbList","@id":"https:\/\/agenciabrasil.ebc.com.br\/meio-ambiente\/noticia\/2026-03\/relatorio-da-cop30-consolida-56-decisoes-e-mira-implementacao-global#breadcrumb","itemListElement":[{"@type":"ListItem","position":1,"name":"In\u00edcio","item":"https:\/\/mrnews.com.br\/"},{"@type":"ListItem","position":2,"name":"Relat\u00f3rio da COP30 consolida 56 decis\u00f5es e mira implementa\u00e7\u00e3o global"}]},{"@type":"WebSite","@id":"https:\/\/mrnews.com.br\/#website","url":"https:\/\/mrnews.com.br\/","name":"MRNews","description":"MRNews Jogos de hoje da TV, transmiss\u00f5es ao vivo, Not\u00edcias de futebol, Jogos ao vivo, Lives, resumo de novelas, Programa\u00e7\u00e3o da Globo, A Fazenda e BBB","publisher":{"@id":"https:\/\/mrnews.com.br\/#organization"},"potentialAction":[{"@type":"SearchAction","target":{"@type":"EntryPoint","urlTemplate":"https:\/\/mrnews.com.br\/?s={search_term_string}"},"query-input":{"@type":"PropertyValueSpecification","valueRequired":true,"valueName":"search_term_string"}}],"inLanguage":"pt-BR"},{"@type":"Organization","@id":"https:\/\/mrnews.com.br\/#organization","name":"MRNews","url":"https:\/\/mrnews.com.br\/","logo":{"@type":"ImageObject","inLanguage":"pt-BR","@id":"https:\/\/mrnews.com.br\/#\/schema\/logo\/image\/","url":"https:\/\/mrnews.com.br\/wp-content\/uploads\/2019\/06\/MRNewslogo2.png","contentUrl":"https:\/\/mrnews.com.br\/wp-content\/uploads\/2019\/06\/MRNewslogo2.png","width":223,"height":58,"caption":"MRNews"},"image":{"@id":"https:\/\/mrnews.com.br\/#\/schema\/logo\/image\/"},"sameAs":["https:\/\/www.facebook.com\/eaipahpah\/?locale2=pt_BR","https:\/\/x.com\/conspirou","https:\/\/www.instagram.com\/eai_pahpah","https:\/\/br.pinterest.com\/mrnewsn\/boards\/","https:\/\/www.youtube.com\/channel\/UCacgnpznQ61fifLWr1tQ-vA?view_as=subscriber"]},{"@type":"Person","@id":"https:\/\/mrnews.com.br\/#\/schema\/person\/be3203154562a9f207407861cef7827b","name":"MR News","image":{"@type":"ImageObject","inLanguage":"pt-BR","@id":"https:\/\/secure.gravatar.com\/avatar\/04084e6d73c042b8646e7c17b494073bf0ede3ea13c7105cfc45cbbbc28385a4?s=96&d=monsterid&r=g","url":"https:\/\/secure.gravatar.com\/avatar\/04084e6d73c042b8646e7c17b494073bf0ede3ea13c7105cfc45cbbbc28385a4?s=96&d=monsterid&r=g","contentUrl":"https:\/\/secure.gravatar.com\/avatar\/04084e6d73c042b8646e7c17b494073bf0ede3ea13c7105cfc45cbbbc28385a4?s=96&d=monsterid&r=g","caption":"MR News"},"description":"Especializado em jornalismo colaborativo pela FTP em n\u00edvel de p\u00f3s-gradua\u00e7\u00e3o. suporte@oimeliga.combr","sameAs":["HUGO R.","Admin"],"url":"https:\/\/mrnews.com.br\/index.php\/author\/admin\/"}]}},"jetpack_featured_media_url":"","jetpack_sharing_enabled":true,"jetpack_shortlink":"https:\/\/wp.me\/pa2Qf7-1UZF","amp_enabled":true,"_links":{"self":[{"href":"https:\/\/mrnews.com.br\/index.php\/wp-json\/wp\/v2\/posts\/457415","targetHints":{"allow":["GET"]}}],"collection":[{"href":"https:\/\/mrnews.com.br\/index.php\/wp-json\/wp\/v2\/posts"}],"about":[{"href":"https:\/\/mrnews.com.br\/index.php\/wp-json\/wp\/v2\/types\/post"}],"author":[{"embeddable":true,"href":"https:\/\/mrnews.com.br\/index.php\/wp-json\/wp\/v2\/users\/1"}],"replies":[{"embeddable":true,"href":"https:\/\/mrnews.com.br\/index.php\/wp-json\/wp\/v2\/comments?post=457415"}],"version-history":[{"count":0,"href":"https:\/\/mrnews.com.br\/index.php\/wp-json\/wp\/v2\/posts\/457415\/revisions"}],"wp:attachment":[{"href":"https:\/\/mrnews.com.br\/index.php\/wp-json\/wp\/v2\/media?parent=457415"}],"wp:term":[{"taxonomy":"category","embeddable":true,"href":"https:\/\/mrnews.com.br\/index.php\/wp-json\/wp\/v2\/categories?post=457415"},{"taxonomy":"post_tag","embeddable":true,"href":"https:\/\/mrnews.com.br\/index.php\/wp-json\/wp\/v2\/tags?post=457415"}],"curies":[{"name":"wp","href":"https:\/\/api.w.org\/{rel}","templated":true}]}}