{"id":458051,"date":"2026-03-27T21:56:57","date_gmt":"2026-03-28T00:56:57","guid":{"rendered":"https:\/\/mrnews.com.br\/index.php\/2026\/03\/27\/base-do-governo-pede-indiciamento-de-bolsonaro-na-cpmi-do-inss\/"},"modified":"2026-03-30T08:10:27","modified_gmt":"2026-03-30T11:10:27","slug":"base-do-governo-pede-indiciamento-de-bolsonaro-na-cpmi-do-inss","status":"publish","type":"post","link":"https:\/\/mrnews.com.br\/index.php\/2026\/03\/27\/base-do-governo-pede-indiciamento-de-bolsonaro-na-cpmi-do-inss\/","title":{"rendered":"Base do governo pede indiciamento de Bolsonaro na CPMI do INSS"},"content":{"rendered":"<p>Por EBC, <\/p>\n<div>\n<p>A base do governo no Congresso Nacional\u00a0apresentou\u00a0relat\u00f3rio \u00e0 Comiss\u00e3o parlamentar Mista de Inqu\u00e9rito (CPMI) do INSS em oposi\u00e7\u00e3o ao parecer do relator, Alfredo Gaspar (PL-AL), apresentado na manh\u00e3 desta sexta-feira\u00a0(27). <strong>O documento\u00a0prop\u00f5e indiciar o ex-presidente Jair Bolsonaro como comandante de uma suposta organiza\u00e7\u00e3o criminosa que fraudou descontos associativos do INSS.<\/strong><\/p>\n<p>Al\u00e9m de Bolsonaro, o parecer tamb\u00e9m pede o indiciamento do senador Fl\u00e1vio Bolsonaro (PL-RJ), por organiza\u00e7\u00e3o criminosa.\u00a0<strong>Ao todo, o relat\u00f3rio pede o indiciamento\u00a0ou encaminha \u00e0\u00a0Pol\u00edcia Federal para aprofundamento das investiga\u00e7\u00f5es o nome 201 pessoas.<\/strong><\/p>\n<p><strong>O deputado Paulo Pimenta (PT-RS), integrante da CPMI, afirmou que as mudan\u00e7as realizadas pelo governo de Bolsonaro propiciaram que entidades associativas fraudassem os descontos do INSS.<\/strong><\/p>\n<blockquote>\n<p>\u201cEm 2019, no governo Bolsonaro, come\u00e7am a ocorrer as grandes mudan\u00e7as internas, com a publica\u00e7\u00e3o de portarias, de decreto, que v\u00e3o cada vez mais abrindo a possibilidade para que outras institui\u00e7\u00f5es e entidades pudessem fazer descontos de aposentados e pensionistas\u201d, disse.<\/p>\n<\/blockquote>\n<p>Do total, 130 s\u00e3o pedidos de indiciamento, entre agentes p\u00fablicos e privados, envolvidos nas fraudes, e 71 s\u00e3o\u00a0encaminhados \u00e0 Pol\u00edcia Federal (PF) para aprofundar as investiga\u00e7\u00f5es, sendo 62 pessoas f\u00edsicas e 9 pessoas jur\u00eddicas. O relat\u00f3rio indicia ex-ministros, pol\u00edticos, servidores do INSS, dirigentes de associa\u00e7\u00f5es e assessores.<\/p>\n<p>\u201cAs conclus\u00f5es que n\u00f3s chegamos s\u00e3o baseadas em documentos, em provas. As pessoas que n\u00f3s estamos propondo um indiciamento\u00a0s\u00e3o pessoas em que n\u00f3s individualizamos as\u00a0condutas e conseguimos demonstrar de forma categ\u00f3rica os crimes que elas cometeram\u201d, disse.<\/p>\n<p>O deputado ressaltou que \u00a0n\u00e3o h\u00e1 indiciamento em s\u00e9rie e que &#8220;n\u00e3o h\u00e1 tentativa de responsabiliza\u00e7\u00e3o de ningu\u00e9m com o objetivo de fazer disputa pol\u00edtica pr\u00e9-eleitoral\u201d.<\/p>\n<p>\u00a0<\/p>\n<div class=\"dnd-widget-wrapper context-cheio_8colunas type-image\">\n<div class=\"dnd-atom-rendered\"><!-- scald=457825:cheio_8colunas --><\/p>\n<p>    <!-- END scald=457825 --><\/div>\n<p><h6 class=\"meta\">Deputado, Paulo Pimenta, Durante coletiva a imprensa para falar sobre relat\u00f3rio paralelo dos governistas\u00a0&#8211; <strong>Lula Marques\/ Ag\u00eancia Brasil.<\/strong><!--END copyright=457825--><\/h6>\n<\/p>\n<\/div>\n<h2>Recomenda\u00e7\u00f5es<\/h2>\n<p><strong>O relat\u00f3rio recomenda a cria\u00e7\u00e3o de nove proposi\u00e7\u00f5es legislativas para combater o ass\u00e9dio comercial a benefici\u00e1rios da previd\u00eancia social, proteger aposentados e pensionistas em opera\u00e7\u00f5es de cr\u00e9dito consignado contra pr\u00e1ticas abusivas caracterizadoras de venda casada de produtos ou servi\u00e7os acess\u00f3rios.<\/strong><\/p>\n<p><strong>O documento sugere\u00a0ainda projetos legislativos para\u00a0ampliar a seguran\u00e7a e prote\u00e7\u00e3o de dados de aposentados e pensionistas, combater a lavagem de dinheiro por interm\u00e9dio de escrit\u00f3rios de advocacia e de contabilidade, entre outras medidas.<\/strong><\/p>\n<p>O texto tamb\u00e9m recomenda ao presidente do Congresso Nacional a institui\u00e7\u00e3o de uma comiss\u00e3o de juristas\u00a0de alto n\u00edvel, com vistas \u00e0 elabora\u00e7\u00e3o de pr\u00e9-projeto de moderniza\u00e7\u00e3o da lei sobre as CPIs.<\/p>\n<h2>Relat\u00f3rio alternativo<\/h2>\n<p>Para os governistas, o relat\u00f3rio apresentado por Alfredo Gaspar n\u00e3o tem maioria de votos da Comiss\u00e3o, e\u00a0cabe ao presidente da CPMI, ap\u00f3s vota\u00e7\u00e3o do relat\u00f3rio oficial, colocar para vota\u00e7\u00e3o o relat\u00f3rio alternativo proposto pelos parlamentares.<\/p>\n<p>&#8220;Tem vinte e poucos parlamentares que apoiam esse relat\u00f3rio e n\u00f3s achamos que ser\u00e1 uma irresponsabilidade do presidente da CPMI se ele n\u00e3o permitir que esta CPI tenha um relat\u00f3rio como resultado do trabalho que aqui foi realizado\u201d, disse Pimenta.<\/p>\n<p>Procurada pela <strong>Ag\u00eancia Brasil, <\/strong>a defesa de\u00a0Fl\u00e1vio Bolsonaro disse que\u00a0relat\u00f3rio governista n\u00e3o passa de uma tentativa de desviar a aten\u00e7\u00e3o e proteger o presidente Lula e o\u00a0filho dele, F\u00e1bio Lu\u00eds Lula da Silva, o Lulinha, citado no relat\u00f3rio\u00a0Alfredo Gaspar.\u00a0<\/p>\n<p>A <strong>Ag\u00eancia Brasil<\/strong> tamb\u00e9m procurou a defesa de Jair Bolsonaro e est\u00e1 aberta a posicionamento.<\/p>\n<p>      <!-- Relacionada --><\/p>\n<p>            <!-- Relacionada -->\n    <\/div>\n","protected":false},"excerpt":{"rendered":"<p>Por EBC, A base do governo no Congresso Nacional\u00a0apresentou\u00a0relat\u00f3rio \u00e0 Comiss\u00e3o parlamentar Mista de Inqu\u00e9rito (CPMI) do INSS em oposi\u00e7\u00e3o ao parecer do relator, Alfredo Gaspar (PL-AL), apresentado na manh\u00e3 desta sexta-feira\u00a0(27). O documento\u00a0prop\u00f5e indiciar o ex-presidente Jair Bolsonaro como comandante de uma suposta organiza\u00e7\u00e3o criminosa que fraudou descontos associativos do INSS. Al\u00e9m de Bolsonaro, &hellip;<\/p>\n","protected":false},"author":1,"featured_media":0,"comment_status":"open","ping_status":"open","sticky":false,"template":"","format":"standard","meta":{"_jetpack_newsletter_access":"","_jetpack_dont_email_post_to_subs":false,"_jetpack_newsletter_tier_id":0,"_jetpack_memberships_contains_paywalled_content":false,"_jetpack_feature_clip_id":0,"_jetpack_memberships_contains_paid_content":false,"footnotes":"","jetpack_post_was_ever_published":false},"categories":[2,12225,4],"tags":[],"class_list":["post-458051","post","type-post","status-publish","format-standard","hentry","category-entretenimento","category-noticias","category-servicos"],"yoast_head":"<!-- This site is optimized with the Yoast SEO plugin v28.3 - https:\/\/yoast.com\/product\/yoast-seo-wordpress\/ -->\n<title>Base do governo pede indiciamento de Bolsonaro na CPMI do INSS<\/title>\n<meta name=\"robots\" content=\"index, follow, max-snippet:-1, max-image-preview:large, max-video-preview:-1\" \/>\n<link rel=\"canonical\" href=\"https:\/\/agenciabrasil.ebc.com.br\/politica\/noticia\/2026-03\/base-do-governo-pede-indiciamento-de-bolsonaro-na-cpmi-do-inss\" \/>\n<meta property=\"og:locale\" content=\"pt_BR\" \/>\n<meta property=\"og:type\" content=\"article\" \/>\n<meta property=\"og:title\" content=\"Base do governo pede indiciamento de Bolsonaro na CPMI do INSS\" \/>\n<meta property=\"og:description\" content=\"Por EBC, A base do governo no Congresso Nacional\u00a0apresentou\u00a0relat\u00f3rio \u00e0 Comiss\u00e3o parlamentar Mista de Inqu\u00e9rito (CPMI) do INSS em oposi\u00e7\u00e3o ao parecer do relator, Alfredo Gaspar (PL-AL), apresentado na manh\u00e3 desta sexta-feira\u00a0(27). O documento\u00a0prop\u00f5e indiciar o ex-presidente Jair Bolsonaro como comandante de uma suposta organiza\u00e7\u00e3o criminosa que fraudou descontos associativos do INSS. Al\u00e9m de Bolsonaro, &hellip;\" \/>\n<meta property=\"og:url\" content=\"https:\/\/agenciabrasil.ebc.com.br\/politica\/noticia\/2026-03\/base-do-governo-pede-indiciamento-de-bolsonaro-na-cpmi-do-inss\" \/>\n<meta property=\"og:site_name\" content=\"MRNews\" \/>\n<meta property=\"article:publisher\" content=\"https:\/\/www.facebook.com\/eaipahpah\/?locale2=pt_BR\" \/>\n<meta property=\"article:published_time\" content=\"2026-03-28T00:56:57+00:00\" \/>\n<meta property=\"article:modified_time\" content=\"2026-03-30T11:10:27+00:00\" \/>\n<meta name=\"author\" content=\"MR News\" \/>\n<meta name=\"twitter:card\" content=\"summary_large_image\" \/>\n<meta name=\"twitter:creator\" content=\"@conspirou\" \/>\n<meta name=\"twitter:site\" content=\"@conspirou\" \/>\n<meta name=\"twitter:label1\" content=\"Escrito por\" \/>\n\t<meta name=\"twitter:data1\" content=\"MR News\" \/>\n\t<meta name=\"twitter:label2\" content=\"Est. tempo de leitura\" \/>\n\t<meta name=\"twitter:data2\" content=\"3 minutos\" \/>\n<script type=\"application\/ld+json\" class=\"yoast-schema-graph\">{\"@context\":\"https:\\\/\\\/schema.org\",\"@graph\":[{\"@type\":\"Article\",\"@id\":\"https:\\\/\\\/agenciabrasil.ebc.com.br\\\/politica\\\/noticia\\\/2026-03\\\/base-do-governo-pede-indiciamento-de-bolsonaro-na-cpmi-do-inss#article\",\"isPartOf\":{\"@id\":\"https:\\\/\\\/mrnews.com.br\\\/index.php\\\/2026\\\/03\\\/27\\\/base-do-governo-pede-indiciamento-de-bolsonaro-na-cpmi-do-inss\\\/\"},\"author\":{\"name\":\"MR News\",\"@id\":\"https:\\\/\\\/mrnews.com.br\\\/#\\\/schema\\\/person\\\/be3203154562a9f207407861cef7827b\"},\"headline\":\"Base do governo pede indiciamento de Bolsonaro na CPMI do INSS\",\"datePublished\":\"2026-03-28T00:56:57+00:00\",\"dateModified\":\"2026-03-30T11:10:27+00:00\",\"mainEntityOfPage\":{\"@id\":\"https:\\\/\\\/mrnews.com.br\\\/index.php\\\/2026\\\/03\\\/27\\\/base-do-governo-pede-indiciamento-de-bolsonaro-na-cpmi-do-inss\\\/\"},\"wordCount\":627,\"commentCount\":0,\"publisher\":{\"@id\":\"https:\\\/\\\/mrnews.com.br\\\/#organization\"},\"articleSection\":[\"ENTRETENIMENTO\",\"NOTICIAS\",\"SERVI\u00c7OS\"],\"inLanguage\":\"pt-BR\",\"potentialAction\":[{\"@type\":\"CommentAction\",\"name\":\"Comment\",\"target\":[\"https:\\\/\\\/agenciabrasil.ebc.com.br\\\/politica\\\/noticia\\\/2026-03\\\/base-do-governo-pede-indiciamento-de-bolsonaro-na-cpmi-do-inss#respond\"]}]},{\"@type\":\"WebPage\",\"@id\":\"https:\\\/\\\/mrnews.com.br\\\/index.php\\\/2026\\\/03\\\/27\\\/base-do-governo-pede-indiciamento-de-bolsonaro-na-cpmi-do-inss\\\/\",\"url\":\"https:\\\/\\\/agenciabrasil.ebc.com.br\\\/politica\\\/noticia\\\/2026-03\\\/base-do-governo-pede-indiciamento-de-bolsonaro-na-cpmi-do-inss\",\"name\":\"Base do governo pede indiciamento de Bolsonaro na CPMI do INSS\",\"isPartOf\":{\"@id\":\"https:\\\/\\\/mrnews.com.br\\\/#website\"},\"datePublished\":\"2026-03-28T00:56:57+00:00\",\"dateModified\":\"2026-03-30T11:10:27+00:00\",\"breadcrumb\":{\"@id\":\"https:\\\/\\\/agenciabrasil.ebc.com.br\\\/politica\\\/noticia\\\/2026-03\\\/base-do-governo-pede-indiciamento-de-bolsonaro-na-cpmi-do-inss#breadcrumb\"},\"inLanguage\":\"pt-BR\",\"potentialAction\":[{\"@type\":\"ReadAction\",\"target\":[\"https:\\\/\\\/agenciabrasil.ebc.com.br\\\/politica\\\/noticia\\\/2026-03\\\/base-do-governo-pede-indiciamento-de-bolsonaro-na-cpmi-do-inss\"]}]},{\"@type\":\"BreadcrumbList\",\"@id\":\"https:\\\/\\\/agenciabrasil.ebc.com.br\\\/politica\\\/noticia\\\/2026-03\\\/base-do-governo-pede-indiciamento-de-bolsonaro-na-cpmi-do-inss#breadcrumb\",\"itemListElement\":[{\"@type\":\"ListItem\",\"position\":1,\"name\":\"In\u00edcio\",\"item\":\"https:\\\/\\\/mrnews.com.br\\\/\"},{\"@type\":\"ListItem\",\"position\":2,\"name\":\"Base do governo pede indiciamento de Bolsonaro na CPMI do INSS\"}]},{\"@type\":\"WebSite\",\"@id\":\"https:\\\/\\\/mrnews.com.br\\\/#website\",\"url\":\"https:\\\/\\\/mrnews.com.br\\\/\",\"name\":\"MRNews\",\"description\":\"MRNews Jogos de hoje da TV, transmiss\u00f5es ao vivo, Not\u00edcias de futebol, Jogos ao vivo, Lives, resumo de novelas, Programa\u00e7\u00e3o da Globo, A Fazenda e BBB\",\"publisher\":{\"@id\":\"https:\\\/\\\/mrnews.com.br\\\/#organization\"},\"potentialAction\":[{\"@type\":\"SearchAction\",\"target\":{\"@type\":\"EntryPoint\",\"urlTemplate\":\"https:\\\/\\\/mrnews.com.br\\\/?s={search_term_string}\"},\"query-input\":{\"@type\":\"PropertyValueSpecification\",\"valueRequired\":true,\"valueName\":\"search_term_string\"}}],\"inLanguage\":\"pt-BR\"},{\"@type\":\"Organization\",\"@id\":\"https:\\\/\\\/mrnews.com.br\\\/#organization\",\"name\":\"MRNews\",\"url\":\"https:\\\/\\\/mrnews.com.br\\\/\",\"logo\":{\"@type\":\"ImageObject\",\"inLanguage\":\"pt-BR\",\"@id\":\"https:\\\/\\\/mrnews.com.br\\\/#\\\/schema\\\/logo\\\/image\\\/\",\"url\":\"https:\\\/\\\/mrnews.com.br\\\/wp-content\\\/uploads\\\/2026\\\/08\\\/MRNEws.png\",\"contentUrl\":\"https:\\\/\\\/mrnews.com.br\\\/wp-content\\\/uploads\\\/2026\\\/08\\\/MRNEws.png\",\"width\":1254,\"height\":1254,\"caption\":\"MRNews\"},\"image\":{\"@id\":\"https:\\\/\\\/mrnews.com.br\\\/#\\\/schema\\\/logo\\\/image\\\/\"},\"sameAs\":[\"https:\\\/\\\/www.facebook.com\\\/eaipahpah\\\/?locale2=pt_BR\",\"https:\\\/\\\/x.com\\\/conspirou\",\"https:\\\/\\\/www.instagram.com\\\/eai_pahpah\",\"https:\\\/\\\/br.pinterest.com\\\/mrnewsn\\\/boards\\\/\",\"https:\\\/\\\/www.youtube.com\\\/channel\\\/UCacgnpznQ61fifLWr1tQ-vA?view_as=subscriber\"]},{\"@type\":\"Person\",\"@id\":\"https:\\\/\\\/mrnews.com.br\\\/#\\\/schema\\\/person\\\/be3203154562a9f207407861cef7827b\",\"name\":\"MR News\",\"image\":{\"@type\":\"ImageObject\",\"inLanguage\":\"pt-BR\",\"@id\":\"https:\\\/\\\/secure.gravatar.com\\\/avatar\\\/04084e6d73c042b8646e7c17b494073bf0ede3ea13c7105cfc45cbbbc28385a4?s=96&d=monsterid&r=g\",\"url\":\"https:\\\/\\\/secure.gravatar.com\\\/avatar\\\/04084e6d73c042b8646e7c17b494073bf0ede3ea13c7105cfc45cbbbc28385a4?s=96&d=monsterid&r=g\",\"contentUrl\":\"https:\\\/\\\/secure.gravatar.com\\\/avatar\\\/04084e6d73c042b8646e7c17b494073bf0ede3ea13c7105cfc45cbbbc28385a4?s=96&d=monsterid&r=g\",\"caption\":\"MR News\"},\"description\":\"Especializado em jornalismo colaborativo pela FTP em n\u00edvel de p\u00f3s-gradua\u00e7\u00e3o. suporte@oimeliga.combr\",\"sameAs\":[\"HUGO R.\",\"Admin\"],\"url\":\"https:\\\/\\\/mrnews.com.br\\\/index.php\\\/author\\\/admin\\\/\"}]}<\/script>\n<!-- \/ Yoast SEO plugin. -->","yoast_head_json":{"title":"Base do governo pede indiciamento de Bolsonaro na CPMI do INSS","robots":{"index":"index","follow":"follow","max-snippet":"max-snippet:-1","max-image-preview":"max-image-preview:large","max-video-preview":"max-video-preview:-1"},"canonical":"https:\/\/agenciabrasil.ebc.com.br\/politica\/noticia\/2026-03\/base-do-governo-pede-indiciamento-de-bolsonaro-na-cpmi-do-inss","og_locale":"pt_BR","og_type":"article","og_title":"Base do governo pede indiciamento de Bolsonaro na CPMI do INSS","og_description":"Por EBC, A base do governo no Congresso Nacional\u00a0apresentou\u00a0relat\u00f3rio \u00e0 Comiss\u00e3o parlamentar Mista de Inqu\u00e9rito (CPMI) do INSS em oposi\u00e7\u00e3o ao parecer do relator, Alfredo Gaspar (PL-AL), apresentado na manh\u00e3 desta sexta-feira\u00a0(27). O documento\u00a0prop\u00f5e indiciar o ex-presidente Jair Bolsonaro como comandante de uma suposta organiza\u00e7\u00e3o criminosa que fraudou descontos associativos do INSS. Al\u00e9m de Bolsonaro, &hellip;","og_url":"https:\/\/agenciabrasil.ebc.com.br\/politica\/noticia\/2026-03\/base-do-governo-pede-indiciamento-de-bolsonaro-na-cpmi-do-inss","og_site_name":"MRNews","article_publisher":"https:\/\/www.facebook.com\/eaipahpah\/?locale2=pt_BR","article_published_time":"2026-03-28T00:56:57+00:00","article_modified_time":"2026-03-30T11:10:27+00:00","author":"MR News","twitter_card":"summary_large_image","twitter_creator":"@conspirou","twitter_site":"@conspirou","twitter_misc":{"Escrito por":"MR News","Est. tempo de leitura":"3 minutos"},"schema":{"@context":"https:\/\/schema.org","@graph":[{"@type":"Article","@id":"https:\/\/agenciabrasil.ebc.com.br\/politica\/noticia\/2026-03\/base-do-governo-pede-indiciamento-de-bolsonaro-na-cpmi-do-inss#article","isPartOf":{"@id":"https:\/\/mrnews.com.br\/index.php\/2026\/03\/27\/base-do-governo-pede-indiciamento-de-bolsonaro-na-cpmi-do-inss\/"},"author":{"name":"MR News","@id":"https:\/\/mrnews.com.br\/#\/schema\/person\/be3203154562a9f207407861cef7827b"},"headline":"Base do governo pede indiciamento de Bolsonaro na CPMI do INSS","datePublished":"2026-03-28T00:56:57+00:00","dateModified":"2026-03-30T11:10:27+00:00","mainEntityOfPage":{"@id":"https:\/\/mrnews.com.br\/index.php\/2026\/03\/27\/base-do-governo-pede-indiciamento-de-bolsonaro-na-cpmi-do-inss\/"},"wordCount":627,"commentCount":0,"publisher":{"@id":"https:\/\/mrnews.com.br\/#organization"},"articleSection":["ENTRETENIMENTO","NOTICIAS","SERVI\u00c7OS"],"inLanguage":"pt-BR","potentialAction":[{"@type":"CommentAction","name":"Comment","target":["https:\/\/agenciabrasil.ebc.com.br\/politica\/noticia\/2026-03\/base-do-governo-pede-indiciamento-de-bolsonaro-na-cpmi-do-inss#respond"]}]},{"@type":"WebPage","@id":"https:\/\/mrnews.com.br\/index.php\/2026\/03\/27\/base-do-governo-pede-indiciamento-de-bolsonaro-na-cpmi-do-inss\/","url":"https:\/\/agenciabrasil.ebc.com.br\/politica\/noticia\/2026-03\/base-do-governo-pede-indiciamento-de-bolsonaro-na-cpmi-do-inss","name":"Base do governo pede indiciamento de Bolsonaro na CPMI do INSS","isPartOf":{"@id":"https:\/\/mrnews.com.br\/#website"},"datePublished":"2026-03-28T00:56:57+00:00","dateModified":"2026-03-30T11:10:27+00:00","breadcrumb":{"@id":"https:\/\/agenciabrasil.ebc.com.br\/politica\/noticia\/2026-03\/base-do-governo-pede-indiciamento-de-bolsonaro-na-cpmi-do-inss#breadcrumb"},"inLanguage":"pt-BR","potentialAction":[{"@type":"ReadAction","target":["https:\/\/agenciabrasil.ebc.com.br\/politica\/noticia\/2026-03\/base-do-governo-pede-indiciamento-de-bolsonaro-na-cpmi-do-inss"]}]},{"@type":"BreadcrumbList","@id":"https:\/\/agenciabrasil.ebc.com.br\/politica\/noticia\/2026-03\/base-do-governo-pede-indiciamento-de-bolsonaro-na-cpmi-do-inss#breadcrumb","itemListElement":[{"@type":"ListItem","position":1,"name":"In\u00edcio","item":"https:\/\/mrnews.com.br\/"},{"@type":"ListItem","position":2,"name":"Base do governo pede indiciamento de Bolsonaro na CPMI do INSS"}]},{"@type":"WebSite","@id":"https:\/\/mrnews.com.br\/#website","url":"https:\/\/mrnews.com.br\/","name":"MRNews","description":"MRNews Jogos de hoje da TV, transmiss\u00f5es ao vivo, Not\u00edcias de futebol, Jogos ao vivo, Lives, resumo de novelas, Programa\u00e7\u00e3o da Globo, A Fazenda e BBB","publisher":{"@id":"https:\/\/mrnews.com.br\/#organization"},"potentialAction":[{"@type":"SearchAction","target":{"@type":"EntryPoint","urlTemplate":"https:\/\/mrnews.com.br\/?s={search_term_string}"},"query-input":{"@type":"PropertyValueSpecification","valueRequired":true,"valueName":"search_term_string"}}],"inLanguage":"pt-BR"},{"@type":"Organization","@id":"https:\/\/mrnews.com.br\/#organization","name":"MRNews","url":"https:\/\/mrnews.com.br\/","logo":{"@type":"ImageObject","inLanguage":"pt-BR","@id":"https:\/\/mrnews.com.br\/#\/schema\/logo\/image\/","url":"https:\/\/mrnews.com.br\/wp-content\/uploads\/2026\/08\/MRNEws.png","contentUrl":"https:\/\/mrnews.com.br\/wp-content\/uploads\/2026\/08\/MRNEws.png","width":1254,"height":1254,"caption":"MRNews"},"image":{"@id":"https:\/\/mrnews.com.br\/#\/schema\/logo\/image\/"},"sameAs":["https:\/\/www.facebook.com\/eaipahpah\/?locale2=pt_BR","https:\/\/x.com\/conspirou","https:\/\/www.instagram.com\/eai_pahpah","https:\/\/br.pinterest.com\/mrnewsn\/boards\/","https:\/\/www.youtube.com\/channel\/UCacgnpznQ61fifLWr1tQ-vA?view_as=subscriber"]},{"@type":"Person","@id":"https:\/\/mrnews.com.br\/#\/schema\/person\/be3203154562a9f207407861cef7827b","name":"MR News","image":{"@type":"ImageObject","inLanguage":"pt-BR","@id":"https:\/\/secure.gravatar.com\/avatar\/04084e6d73c042b8646e7c17b494073bf0ede3ea13c7105cfc45cbbbc28385a4?s=96&d=monsterid&r=g","url":"https:\/\/secure.gravatar.com\/avatar\/04084e6d73c042b8646e7c17b494073bf0ede3ea13c7105cfc45cbbbc28385a4?s=96&d=monsterid&r=g","contentUrl":"https:\/\/secure.gravatar.com\/avatar\/04084e6d73c042b8646e7c17b494073bf0ede3ea13c7105cfc45cbbbc28385a4?s=96&d=monsterid&r=g","caption":"MR News"},"description":"Especializado em jornalismo colaborativo pela FTP em n\u00edvel de p\u00f3s-gradua\u00e7\u00e3o. suporte@oimeliga.combr","sameAs":["HUGO R.","Admin"],"url":"https:\/\/mrnews.com.br\/index.php\/author\/admin\/"}]}},"jetpack_sharing_enabled":true,"jetpack_shortlink":"https:\/\/wp.me\/pa2Qf7-1V9V","amp_enabled":true,"jetpack_featured_media_url":"","_links":{"self":[{"href":"https:\/\/mrnews.com.br\/index.php\/wp-json\/wp\/v2\/posts\/458051","targetHints":{"allow":["GET"]}}],"collection":[{"href":"https:\/\/mrnews.com.br\/index.php\/wp-json\/wp\/v2\/posts"}],"about":[{"href":"https:\/\/mrnews.com.br\/index.php\/wp-json\/wp\/v2\/types\/post"}],"author":[{"embeddable":true,"href":"https:\/\/mrnews.com.br\/index.php\/wp-json\/wp\/v2\/users\/1"}],"replies":[{"embeddable":true,"href":"https:\/\/mrnews.com.br\/index.php\/wp-json\/wp\/v2\/comments?post=458051"}],"version-history":[{"count":1,"href":"https:\/\/mrnews.com.br\/index.php\/wp-json\/wp\/v2\/posts\/458051\/revisions"}],"predecessor-version":[{"id":458267,"href":"https:\/\/mrnews.com.br\/index.php\/wp-json\/wp\/v2\/posts\/458051\/revisions\/458267"}],"wp:attachment":[{"href":"https:\/\/mrnews.com.br\/index.php\/wp-json\/wp\/v2\/media?parent=458051"}],"wp:term":[{"taxonomy":"category","embeddable":true,"href":"https:\/\/mrnews.com.br\/index.php\/wp-json\/wp\/v2\/categories?post=458051"},{"taxonomy":"post_tag","embeddable":true,"href":"https:\/\/mrnews.com.br\/index.php\/wp-json\/wp\/v2\/tags?post=458051"}],"curies":[{"name":"wp","href":"https:\/\/api.w.org\/{rel}","templated":true}]}}