{"id":459246,"date":"2026-04-15T11:04:47","date_gmt":"2026-04-15T14:04:47","guid":{"rendered":"https:\/\/mrnews.com.br\/index.php\/2026\/04\/15\/boulos-diz-que-fim-da-escala-6-por-1-e-para-agora\/"},"modified":"2026-04-15T11:04:47","modified_gmt":"2026-04-15T14:04:47","slug":"boulos-diz-que-fim-da-escala-6-por-1-e-para-agora","status":"publish","type":"post","link":"https:\/\/mrnews.com.br\/index.php\/2026\/04\/15\/boulos-diz-que-fim-da-escala-6-por-1-e-para-agora\/","title":{"rendered":"Boulos diz que fim da escala 6 por 1 \u00e9 \u201cpara agora\u201d"},"content":{"rendered":"<p>Por EBC, <\/p>\n<div>\n<p>O governo federal considera que o fim da escala de trabalho 6 por 1 \u00e9\u00a0\u201cpara agora\u201d e \u201ccom urg\u00eancia\u201d. Na avalia\u00e7\u00e3o do ministro-chefe da Secretaria-Geral da Presid\u00eancia da Rep\u00fablica, Guilherme Boulos, \u201cempurrar [a vota\u00e7\u00e3o] com a barriga\u201d \u00e9 a estrat\u00e9gia dos bolsonaristas. \u201cEles s\u00e3o contra o fim da escala\u201d, afirmou.<\/p>\n<p><strong>A declara\u00e7\u00e3o de Boulos foi feita nessa ter\u00e7a-feira (14) \u00e0 noite, ap\u00f3s\u00a0o presidente Luiz In\u00e1cio Lula da Silva ter encaminhado a proposta ao Congresso em regime de urg\u00eancia constitucional.\u00a0<\/strong><\/p>\n<p><strong>Com isso, fica estabelecido prazo de at\u00e9 45 dias para que a mat\u00e9ria seja votada na C\u00e2mara dos Deputados e\u00a0mais\u00a045 para o tr\u00e2mite no Senado.<\/strong><\/p>\n<blockquote>\n<p>\u201cPortanto, at\u00e9 14 de julho [a proposta] tranca a pauta nas duas casas e deve ser votada. L\u00f3gico que tem os prazos regimentais. Mas imagino que at\u00e9 agosto a gente tenha o fim da escala 6 por 1 votado e aprovado no pa\u00eds, para dar pelo menos dois dias de descanso para cada trabalhador brasileiro\u201d, disse o ministro.<\/p>\n<\/blockquote>\n<p>&gt;&gt; Siga o canal da <strong>Ag\u00eancia Brasil <\/strong>no WhatsApp<\/p>\n<h2>Pauta do Brasil<\/h2>\n<blockquote>\n<p>\u201c\u00c9 o b\u00e1sico. Ningu\u00e9m est\u00e1 pedindo demais. Est\u00e1 pedindo ter tempo para viver. Todo trabalhador brasileiro precisa de tempo para ficar com a sua fam\u00edlia, cuidar dos seus filhos; tempo para\u00a0lazer. Tempo inclusive para fazer um curso e se qualificar mais para o trabalho. \u00c9 uma pauta do Brasil; do trabalhador, encampada pelo presidente Lula, com esse gesto do regime de urg\u00eancia\u201d, acrescentou.<\/p>\n<\/blockquote>\n<p><strong>Segundo ele, dar celeridade \u00e0 tramita\u00e7\u00e3o \u00e9 algo necess\u00e1rio\u00a0porque impede a estrat\u00e9gia adotada por parlamentares bolsonaristas, de adiar o debate para depois do per\u00edodo eleitoral.<\/strong><\/p>\n<h2>Sem transi\u00e7\u00e3o<\/h2>\n<p>Boulos disse ainda que considera\u00a0inaceit\u00e1vel uma segunda estrat\u00e9gia que vem sendo articulada pela oposi\u00e7\u00e3o.<\/p>\n<blockquote>\n<p>\u201cJ\u00e1 est\u00e1 se falando em algumas coisas que n\u00e3o d\u00e1 para aceitar. Por exemplo, a transi\u00e7\u00e3o de cinco anos. Gente, demorar cinco anos para reduzir a jornada uma hora por ano n\u00e3o d\u00e1. N\u00f3s n\u00e3o concordamos com isso. Achamos que o fim da escala 6 por 1 \u00e9 para agora\u201d, completou.<\/p>\n<\/blockquote>\n<p><strong>O ministro citou estudos do Instituto de Pesquisa Econ\u00f4mica Aplicada (Ipea) indicando que, ao contr\u00e1rio do que alegam grandes empres\u00e1rios, o impacto econ\u00f4mico da redu\u00e7\u00e3o da escala n\u00e3o seria negativo,\u00a0e que a economia brasileira tem capacidade de absorver a mudan\u00e7a.<\/strong><\/p>\n<p>Segundo o ministro, todo trabalhador produz mais quando est\u00e1 descansado. Al\u00e9m disso, ao deixar o trabalhador excessivamente cansado, a atual escala acaba prejudicando desempenhos. \u201cUm trabalhador descansado trabalha melhor, rende mais\u201d, afirmou.<\/p>\n<p>      <!-- Relacionada --><\/p>\n<p>            <!-- Relacionada -->\n    <\/div>\n","protected":false},"excerpt":{"rendered":"<p>Por EBC, O governo federal considera que o fim da escala de trabalho 6 por 1 \u00e9\u00a0\u201cpara agora\u201d e \u201ccom urg\u00eancia\u201d. Na avalia\u00e7\u00e3o do ministro-chefe da Secretaria-Geral da Presid\u00eancia da Rep\u00fablica, Guilherme Boulos, \u201cempurrar [a vota\u00e7\u00e3o] com a barriga\u201d \u00e9 a estrat\u00e9gia dos bolsonaristas. \u201cEles s\u00e3o contra o fim da escala\u201d, afirmou. A declara\u00e7\u00e3o de &hellip;<\/p>\n","protected":false},"author":1,"featured_media":0,"comment_status":"open","ping_status":"open","sticky":false,"template":"","format":"standard","meta":{"_jetpack_newsletter_access":"","_jetpack_dont_email_post_to_subs":false,"_jetpack_newsletter_tier_id":0,"_jetpack_memberships_contains_paywalled_content":false,"_jetpack_feature_clip_id":0,"_jetpack_memberships_contains_paid_content":false,"footnotes":"","jetpack_post_was_ever_published":false},"categories":[2,12225,4],"tags":[],"class_list":["post-459246","post","type-post","status-publish","format-standard","hentry","category-entretenimento","category-noticias","category-servicos"],"yoast_head":"<!-- This site is optimized with the Yoast SEO plugin v28.4 - https:\/\/yoast.com\/product\/yoast-seo-wordpress\/ -->\n<title>Boulos diz que fim da escala 6 por 1 \u00e9 \u201cpara agora\u201d<\/title>\n<meta name=\"robots\" content=\"index, follow, max-snippet:-1, max-image-preview:large, max-video-preview:-1\" \/>\n<link rel=\"canonical\" href=\"https:\/\/agenciabrasil.ebc.com.br\/politica\/noticia\/2026-04\/boulos-diz-que-fim-da-escala-6-por-1-e-para-agora\" \/>\n<meta property=\"og:locale\" content=\"pt_BR\" \/>\n<meta property=\"og:type\" content=\"article\" \/>\n<meta property=\"og:title\" content=\"Boulos diz que fim da escala 6 por 1 \u00e9 \u201cpara agora\u201d\" \/>\n<meta property=\"og:description\" content=\"Por EBC, O governo federal considera que o fim da escala de trabalho 6 por 1 \u00e9\u00a0\u201cpara agora\u201d e \u201ccom urg\u00eancia\u201d. Na avalia\u00e7\u00e3o do ministro-chefe da Secretaria-Geral da Presid\u00eancia da Rep\u00fablica, Guilherme Boulos, \u201cempurrar [a vota\u00e7\u00e3o] com a barriga\u201d \u00e9 a estrat\u00e9gia dos bolsonaristas. \u201cEles s\u00e3o contra o fim da escala\u201d, afirmou. A declara\u00e7\u00e3o de &hellip;\" \/>\n<meta property=\"og:url\" content=\"https:\/\/agenciabrasil.ebc.com.br\/politica\/noticia\/2026-04\/boulos-diz-que-fim-da-escala-6-por-1-e-para-agora\" \/>\n<meta property=\"og:site_name\" content=\"MRNews\" \/>\n<meta property=\"article:publisher\" content=\"https:\/\/www.facebook.com\/eaipahpah\/?locale2=pt_BR\" \/>\n<meta property=\"article:published_time\" content=\"2026-04-15T14:04:47+00:00\" \/>\n<meta name=\"author\" content=\"MR News\" \/>\n<meta name=\"twitter:card\" content=\"summary_large_image\" \/>\n<meta name=\"twitter:creator\" content=\"@conspirou\" \/>\n<meta name=\"twitter:site\" content=\"@conspirou\" \/>\n<meta name=\"twitter:label1\" content=\"Escrito por\" \/>\n\t<meta name=\"twitter:data1\" content=\"MR News\" \/>\n\t<meta name=\"twitter:label2\" content=\"Est. tempo de leitura\" \/>\n\t<meta name=\"twitter:data2\" content=\"2 minutos\" \/>\n<script type=\"application\/ld+json\" class=\"yoast-schema-graph\">{\"@context\":\"https:\\\/\\\/schema.org\",\"@graph\":[{\"@type\":\"Article\",\"@id\":\"https:\\\/\\\/agenciabrasil.ebc.com.br\\\/politica\\\/noticia\\\/2026-04\\\/boulos-diz-que-fim-da-escala-6-por-1-e-para-agora#article\",\"isPartOf\":{\"@id\":\"https:\\\/\\\/mrnews.com.br\\\/index.php\\\/2026\\\/04\\\/15\\\/boulos-diz-que-fim-da-escala-6-por-1-e-para-agora\\\/\"},\"author\":{\"name\":\"MR News\",\"@id\":\"https:\\\/\\\/mrnews.com.br\\\/#\\\/schema\\\/person\\\/be3203154562a9f207407861cef7827b\"},\"headline\":\"Boulos diz que fim da escala 6 por 1 \u00e9 \u201cpara agora\u201d\",\"datePublished\":\"2026-04-15T14:04:47+00:00\",\"mainEntityOfPage\":{\"@id\":\"https:\\\/\\\/mrnews.com.br\\\/index.php\\\/2026\\\/04\\\/15\\\/boulos-diz-que-fim-da-escala-6-por-1-e-para-agora\\\/\"},\"wordCount\":446,\"commentCount\":0,\"publisher\":{\"@id\":\"https:\\\/\\\/mrnews.com.br\\\/#organization\"},\"articleSection\":[\"ENTRETENIMENTO\",\"NOTICIAS\",\"SERVI\u00c7OS\"],\"inLanguage\":\"pt-BR\",\"potentialAction\":[{\"@type\":\"CommentAction\",\"name\":\"Comment\",\"target\":[\"https:\\\/\\\/agenciabrasil.ebc.com.br\\\/politica\\\/noticia\\\/2026-04\\\/boulos-diz-que-fim-da-escala-6-por-1-e-para-agora#respond\"]}]},{\"@type\":\"WebPage\",\"@id\":\"https:\\\/\\\/mrnews.com.br\\\/index.php\\\/2026\\\/04\\\/15\\\/boulos-diz-que-fim-da-escala-6-por-1-e-para-agora\\\/\",\"url\":\"https:\\\/\\\/agenciabrasil.ebc.com.br\\\/politica\\\/noticia\\\/2026-04\\\/boulos-diz-que-fim-da-escala-6-por-1-e-para-agora\",\"name\":\"Boulos diz que fim da escala 6 por 1 \u00e9 \u201cpara agora\u201d\",\"isPartOf\":{\"@id\":\"https:\\\/\\\/mrnews.com.br\\\/#website\"},\"datePublished\":\"2026-04-15T14:04:47+00:00\",\"breadcrumb\":{\"@id\":\"https:\\\/\\\/agenciabrasil.ebc.com.br\\\/politica\\\/noticia\\\/2026-04\\\/boulos-diz-que-fim-da-escala-6-por-1-e-para-agora#breadcrumb\"},\"inLanguage\":\"pt-BR\",\"potentialAction\":[{\"@type\":\"ReadAction\",\"target\":[\"https:\\\/\\\/agenciabrasil.ebc.com.br\\\/politica\\\/noticia\\\/2026-04\\\/boulos-diz-que-fim-da-escala-6-por-1-e-para-agora\"]}]},{\"@type\":\"BreadcrumbList\",\"@id\":\"https:\\\/\\\/agenciabrasil.ebc.com.br\\\/politica\\\/noticia\\\/2026-04\\\/boulos-diz-que-fim-da-escala-6-por-1-e-para-agora#breadcrumb\",\"itemListElement\":[{\"@type\":\"ListItem\",\"position\":1,\"name\":\"In\u00edcio\",\"item\":\"https:\\\/\\\/mrnews.com.br\\\/\"},{\"@type\":\"ListItem\",\"position\":2,\"name\":\"Boulos diz que fim da escala 6 por 1 \u00e9 \u201cpara agora\u201d\"}]},{\"@type\":\"WebSite\",\"@id\":\"https:\\\/\\\/mrnews.com.br\\\/#website\",\"url\":\"https:\\\/\\\/mrnews.com.br\\\/\",\"name\":\"MRNews\",\"description\":\"MRNews Jogos de hoje da TV, transmiss\u00f5es ao vivo, Not\u00edcias de futebol, Jogos ao vivo, Lives, resumo de novelas, Programa\u00e7\u00e3o da Globo, A Fazenda e BBB\",\"publisher\":{\"@id\":\"https:\\\/\\\/mrnews.com.br\\\/#organization\"},\"potentialAction\":[{\"@type\":\"SearchAction\",\"target\":{\"@type\":\"EntryPoint\",\"urlTemplate\":\"https:\\\/\\\/mrnews.com.br\\\/?s={search_term_string}\"},\"query-input\":{\"@type\":\"PropertyValueSpecification\",\"valueRequired\":true,\"valueName\":\"search_term_string\"}}],\"inLanguage\":\"pt-BR\"},{\"@type\":\"Organization\",\"@id\":\"https:\\\/\\\/mrnews.com.br\\\/#organization\",\"name\":\"MRNews\",\"url\":\"https:\\\/\\\/mrnews.com.br\\\/\",\"logo\":{\"@type\":\"ImageObject\",\"inLanguage\":\"pt-BR\",\"@id\":\"https:\\\/\\\/mrnews.com.br\\\/#\\\/schema\\\/logo\\\/image\\\/\",\"url\":\"https:\\\/\\\/mrnews.com.br\\\/wp-content\\\/uploads\\\/2026\\\/08\\\/MRNEws.png\",\"contentUrl\":\"https:\\\/\\\/mrnews.com.br\\\/wp-content\\\/uploads\\\/2026\\\/08\\\/MRNEws.png\",\"width\":1254,\"height\":1254,\"caption\":\"MRNews\"},\"image\":{\"@id\":\"https:\\\/\\\/mrnews.com.br\\\/#\\\/schema\\\/logo\\\/image\\\/\"},\"sameAs\":[\"https:\\\/\\\/www.facebook.com\\\/eaipahpah\\\/?locale2=pt_BR\",\"https:\\\/\\\/x.com\\\/conspirou\",\"https:\\\/\\\/www.instagram.com\\\/eai_pahpah\",\"https:\\\/\\\/br.pinterest.com\\\/mrnewsn\\\/boards\\\/\",\"https:\\\/\\\/www.youtube.com\\\/channel\\\/UCacgnpznQ61fifLWr1tQ-vA?view_as=subscriber\"]},{\"@type\":\"Person\",\"@id\":\"https:\\\/\\\/mrnews.com.br\\\/#\\\/schema\\\/person\\\/be3203154562a9f207407861cef7827b\",\"name\":\"MR News\",\"image\":{\"@type\":\"ImageObject\",\"inLanguage\":\"pt-BR\",\"@id\":\"https:\\\/\\\/secure.gravatar.com\\\/avatar\\\/04084e6d73c042b8646e7c17b494073bf0ede3ea13c7105cfc45cbbbc28385a4?s=96&d=monsterid&r=g\",\"url\":\"https:\\\/\\\/secure.gravatar.com\\\/avatar\\\/04084e6d73c042b8646e7c17b494073bf0ede3ea13c7105cfc45cbbbc28385a4?s=96&d=monsterid&r=g\",\"contentUrl\":\"https:\\\/\\\/secure.gravatar.com\\\/avatar\\\/04084e6d73c042b8646e7c17b494073bf0ede3ea13c7105cfc45cbbbc28385a4?s=96&d=monsterid&r=g\",\"caption\":\"MR News\"},\"description\":\"Especializado em jornalismo colaborativo pela FTP em n\u00edvel de p\u00f3s-gradua\u00e7\u00e3o. suporte@oimeliga.combr\",\"sameAs\":[\"HUGO R.\",\"Admin\"],\"url\":\"https:\\\/\\\/mrnews.com.br\\\/index.php\\\/author\\\/admin\\\/\"}]}<\/script>\n<!-- \/ Yoast SEO plugin. -->","yoast_head_json":{"title":"Boulos diz que fim da escala 6 por 1 \u00e9 \u201cpara agora\u201d","robots":{"index":"index","follow":"follow","max-snippet":"max-snippet:-1","max-image-preview":"max-image-preview:large","max-video-preview":"max-video-preview:-1"},"canonical":"https:\/\/agenciabrasil.ebc.com.br\/politica\/noticia\/2026-04\/boulos-diz-que-fim-da-escala-6-por-1-e-para-agora","og_locale":"pt_BR","og_type":"article","og_title":"Boulos diz que fim da escala 6 por 1 \u00e9 \u201cpara agora\u201d","og_description":"Por EBC, O governo federal considera que o fim da escala de trabalho 6 por 1 \u00e9\u00a0\u201cpara agora\u201d e \u201ccom urg\u00eancia\u201d. Na avalia\u00e7\u00e3o do ministro-chefe da Secretaria-Geral da Presid\u00eancia da Rep\u00fablica, Guilherme Boulos, \u201cempurrar [a vota\u00e7\u00e3o] com a barriga\u201d \u00e9 a estrat\u00e9gia dos bolsonaristas. \u201cEles s\u00e3o contra o fim da escala\u201d, afirmou. A declara\u00e7\u00e3o de &hellip;","og_url":"https:\/\/agenciabrasil.ebc.com.br\/politica\/noticia\/2026-04\/boulos-diz-que-fim-da-escala-6-por-1-e-para-agora","og_site_name":"MRNews","article_publisher":"https:\/\/www.facebook.com\/eaipahpah\/?locale2=pt_BR","article_published_time":"2026-04-15T14:04:47+00:00","author":"MR News","twitter_card":"summary_large_image","twitter_creator":"@conspirou","twitter_site":"@conspirou","twitter_misc":{"Escrito por":"MR News","Est. tempo de leitura":"2 minutos"},"schema":{"@context":"https:\/\/schema.org","@graph":[{"@type":"Article","@id":"https:\/\/agenciabrasil.ebc.com.br\/politica\/noticia\/2026-04\/boulos-diz-que-fim-da-escala-6-por-1-e-para-agora#article","isPartOf":{"@id":"https:\/\/mrnews.com.br\/index.php\/2026\/04\/15\/boulos-diz-que-fim-da-escala-6-por-1-e-para-agora\/"},"author":{"name":"MR News","@id":"https:\/\/mrnews.com.br\/#\/schema\/person\/be3203154562a9f207407861cef7827b"},"headline":"Boulos diz que fim da escala 6 por 1 \u00e9 \u201cpara agora\u201d","datePublished":"2026-04-15T14:04:47+00:00","mainEntityOfPage":{"@id":"https:\/\/mrnews.com.br\/index.php\/2026\/04\/15\/boulos-diz-que-fim-da-escala-6-por-1-e-para-agora\/"},"wordCount":446,"commentCount":0,"publisher":{"@id":"https:\/\/mrnews.com.br\/#organization"},"articleSection":["ENTRETENIMENTO","NOTICIAS","SERVI\u00c7OS"],"inLanguage":"pt-BR","potentialAction":[{"@type":"CommentAction","name":"Comment","target":["https:\/\/agenciabrasil.ebc.com.br\/politica\/noticia\/2026-04\/boulos-diz-que-fim-da-escala-6-por-1-e-para-agora#respond"]}]},{"@type":"WebPage","@id":"https:\/\/mrnews.com.br\/index.php\/2026\/04\/15\/boulos-diz-que-fim-da-escala-6-por-1-e-para-agora\/","url":"https:\/\/agenciabrasil.ebc.com.br\/politica\/noticia\/2026-04\/boulos-diz-que-fim-da-escala-6-por-1-e-para-agora","name":"Boulos diz que fim da escala 6 por 1 \u00e9 \u201cpara agora\u201d","isPartOf":{"@id":"https:\/\/mrnews.com.br\/#website"},"datePublished":"2026-04-15T14:04:47+00:00","breadcrumb":{"@id":"https:\/\/agenciabrasil.ebc.com.br\/politica\/noticia\/2026-04\/boulos-diz-que-fim-da-escala-6-por-1-e-para-agora#breadcrumb"},"inLanguage":"pt-BR","potentialAction":[{"@type":"ReadAction","target":["https:\/\/agenciabrasil.ebc.com.br\/politica\/noticia\/2026-04\/boulos-diz-que-fim-da-escala-6-por-1-e-para-agora"]}]},{"@type":"BreadcrumbList","@id":"https:\/\/agenciabrasil.ebc.com.br\/politica\/noticia\/2026-04\/boulos-diz-que-fim-da-escala-6-por-1-e-para-agora#breadcrumb","itemListElement":[{"@type":"ListItem","position":1,"name":"In\u00edcio","item":"https:\/\/mrnews.com.br\/"},{"@type":"ListItem","position":2,"name":"Boulos diz que fim da escala 6 por 1 \u00e9 \u201cpara agora\u201d"}]},{"@type":"WebSite","@id":"https:\/\/mrnews.com.br\/#website","url":"https:\/\/mrnews.com.br\/","name":"MRNews","description":"MRNews Jogos de hoje da TV, transmiss\u00f5es ao vivo, Not\u00edcias de futebol, Jogos ao vivo, Lives, resumo de novelas, Programa\u00e7\u00e3o da Globo, A Fazenda e BBB","publisher":{"@id":"https:\/\/mrnews.com.br\/#organization"},"potentialAction":[{"@type":"SearchAction","target":{"@type":"EntryPoint","urlTemplate":"https:\/\/mrnews.com.br\/?s={search_term_string}"},"query-input":{"@type":"PropertyValueSpecification","valueRequired":true,"valueName":"search_term_string"}}],"inLanguage":"pt-BR"},{"@type":"Organization","@id":"https:\/\/mrnews.com.br\/#organization","name":"MRNews","url":"https:\/\/mrnews.com.br\/","logo":{"@type":"ImageObject","inLanguage":"pt-BR","@id":"https:\/\/mrnews.com.br\/#\/schema\/logo\/image\/","url":"https:\/\/mrnews.com.br\/wp-content\/uploads\/2026\/08\/MRNEws.png","contentUrl":"https:\/\/mrnews.com.br\/wp-content\/uploads\/2026\/08\/MRNEws.png","width":1254,"height":1254,"caption":"MRNews"},"image":{"@id":"https:\/\/mrnews.com.br\/#\/schema\/logo\/image\/"},"sameAs":["https:\/\/www.facebook.com\/eaipahpah\/?locale2=pt_BR","https:\/\/x.com\/conspirou","https:\/\/www.instagram.com\/eai_pahpah","https:\/\/br.pinterest.com\/mrnewsn\/boards\/","https:\/\/www.youtube.com\/channel\/UCacgnpznQ61fifLWr1tQ-vA?view_as=subscriber"]},{"@type":"Person","@id":"https:\/\/mrnews.com.br\/#\/schema\/person\/be3203154562a9f207407861cef7827b","name":"MR News","image":{"@type":"ImageObject","inLanguage":"pt-BR","@id":"https:\/\/secure.gravatar.com\/avatar\/04084e6d73c042b8646e7c17b494073bf0ede3ea13c7105cfc45cbbbc28385a4?s=96&d=monsterid&r=g","url":"https:\/\/secure.gravatar.com\/avatar\/04084e6d73c042b8646e7c17b494073bf0ede3ea13c7105cfc45cbbbc28385a4?s=96&d=monsterid&r=g","contentUrl":"https:\/\/secure.gravatar.com\/avatar\/04084e6d73c042b8646e7c17b494073bf0ede3ea13c7105cfc45cbbbc28385a4?s=96&d=monsterid&r=g","caption":"MR News"},"description":"Especializado em jornalismo colaborativo pela FTP em n\u00edvel de p\u00f3s-gradua\u00e7\u00e3o. suporte@oimeliga.combr","sameAs":["HUGO R.","Admin"],"url":"https:\/\/mrnews.com.br\/index.php\/author\/admin\/"}]}},"jetpack_sharing_enabled":true,"jetpack_shortlink":"https:\/\/wp.me\/pa2Qf7-1Vtc","amp_enabled":true,"jetpack_featured_media_url":"","_links":{"self":[{"href":"https:\/\/mrnews.com.br\/index.php\/wp-json\/wp\/v2\/posts\/459246","targetHints":{"allow":["GET"]}}],"collection":[{"href":"https:\/\/mrnews.com.br\/index.php\/wp-json\/wp\/v2\/posts"}],"about":[{"href":"https:\/\/mrnews.com.br\/index.php\/wp-json\/wp\/v2\/types\/post"}],"author":[{"embeddable":true,"href":"https:\/\/mrnews.com.br\/index.php\/wp-json\/wp\/v2\/users\/1"}],"replies":[{"embeddable":true,"href":"https:\/\/mrnews.com.br\/index.php\/wp-json\/wp\/v2\/comments?post=459246"}],"version-history":[{"count":0,"href":"https:\/\/mrnews.com.br\/index.php\/wp-json\/wp\/v2\/posts\/459246\/revisions"}],"wp:attachment":[{"href":"https:\/\/mrnews.com.br\/index.php\/wp-json\/wp\/v2\/media?parent=459246"}],"wp:term":[{"taxonomy":"category","embeddable":true,"href":"https:\/\/mrnews.com.br\/index.php\/wp-json\/wp\/v2\/categories?post=459246"},{"taxonomy":"post_tag","embeddable":true,"href":"https:\/\/mrnews.com.br\/index.php\/wp-json\/wp\/v2\/tags?post=459246"}],"curies":[{"name":"wp","href":"https:\/\/api.w.org\/{rel}","templated":true}]}}