{"id":459346,"date":"2026-04-17T02:16:59","date_gmt":"2026-04-17T05:16:59","guid":{"rendered":"https:\/\/mrnews.com.br\/index.php\/2026\/04\/17\/bonito-participa-da-wtm-latin-america-2026-e-amplia-promocao-do-destino-no-cenario-internacional-prefeitura-municipal-de-bonito\/"},"modified":"2026-04-17T02:16:59","modified_gmt":"2026-04-17T05:16:59","slug":"bonito-participa-da-wtm-latin-america-2026-e-amplia-promocao-do-destino-no-cenario-internacional-prefeitura-municipal-de-bonito","status":"publish","type":"post","link":"https:\/\/mrnews.com.br\/index.php\/2026\/04\/17\/bonito-participa-da-wtm-latin-america-2026-e-amplia-promocao-do-destino-no-cenario-internacional-prefeitura-municipal-de-bonito\/","title":{"rendered":"Bonito participa da WTM Latin America 2026 e amplia promo\u00e7\u00e3o do destino no cen\u00e1rio internacional &#8211; Prefeitura Municipal de Bonito"},"content":{"rendered":"<p><\/p>\n<div>\n<div class=\"td-post-featured-image\"><\/div>\n<p>Bonito marca presen\u00e7a na WTM Latin America 2026, um dos mais importantes eventos da ind\u00fastria de viagens e turismo da Am\u00e9rica Latina, realizado entre os dias 14 e 16 de abril, no Expo Center Norte, em S\u00e3o Paulo.<\/p>\n<p>Representando o munic\u00edpio, a vice-prefeita e secret\u00e1ria de Turismo, Juliane Salvadori, participa da programa\u00e7\u00e3o com uma agenda intensa de reuni\u00f5es, articula\u00e7\u00f5es e iniciativas voltadas ao fortalecimento do destino no cen\u00e1rio nacional e internacional.<\/p>\n<p>Entre os destaques, Bonito participou do lan\u00e7amento da Campanha de Promo\u00e7\u00e3o do Turismo Acess\u00edvel e Inclusivo de Mato Grosso do Sul, promovida pela Funda\u00e7\u00e3o de Turismo de Mato Grosso do Sul. O projeto, desenvolvido desde 2023, re\u00fane esfor\u00e7os para ampliar o acesso e incentivar pr\u00e1ticas cada vez mais inclusivas no setor, alinhadas ao compromisso do munic\u00edpio com um turismo respons\u00e1vel.<\/p>\n<p>A agenda tamb\u00e9m incluiu reuni\u00f5es estrat\u00e9gicas com Raphaela Bahia, da TV Evangelizar, e Renato Urbiden, da Travel Plus TV, ampliando oportunidades de divulga\u00e7\u00e3o e promo\u00e7\u00e3o de Bonito em diferentes canais de comunica\u00e7\u00e3o.<\/p>\n<p>Outro momento importante foi o lan\u00e7amento do livro Design de Destinos, de autoria de Bruno Wendling, diretor-presidente da Funda\u00e7\u00e3o de Turismo de Mato Grosso do Sul, reconhecido por sua contribui\u00e7\u00e3o ao desenvolvimento de destinos tur\u00edsticos no pa\u00eds.<\/p>\n<p>A programa\u00e7\u00e3o contou ainda com a participa\u00e7\u00e3o no Adventure Connect, realizado pela ATTA \u2013 Adventure Travel Trade Association, promovendo a integra\u00e7\u00e3o com a comunidade do turismo de aventura e fortalecendo uma parceria consolidada ao longo dos anos.<\/p>\n<p>Reconhecida como uma plataforma estrat\u00e9gica de neg\u00f3cios, a WTM Latin America re\u00fane destinos, empresas e profissionais do setor para apresenta\u00e7\u00e3o de produtos, troca de experi\u00eancias e gera\u00e7\u00e3o de oportunidades comerciais. A presen\u00e7a de Bonito no evento refor\u00e7a o posicionamento do munic\u00edpio como refer\u00eancia em turismo sustent\u00e1vel e amplia conex\u00f5es que contribuem diretamente para o desenvolvimento do setor.<\/p>\n<p>Com a participa\u00e7\u00e3o na feira, Bonito segue investindo na promo\u00e7\u00e3o do destino e na amplia\u00e7\u00e3o de oportunidades que impulsionam o turismo como vetor de desenvolvimento econ\u00f4mico.<\/p>\n<figure class=\"wp-block-gallery has-nested-images columns-default is-cropped wp-block-gallery-1 is-layout-flex wp-block-gallery-is-layout-flex\">\n<figure class=\"wp-block-image size-large\"><\/figure>\n<figure class=\"wp-block-image size-large\"><\/figure>\n<figure class=\"wp-block-image size-large\"><\/figure>\n<figure class=\"wp-block-image size-large\"><\/figure>\n<figure class=\"wp-block-image size-large\"><\/figure>\n<figure class=\"wp-block-image size-large\"><\/figure>\n<\/figure><\/div>\n","protected":false},"excerpt":{"rendered":"<p>Bonito marca presen\u00e7a na WTM Latin America 2026, um dos mais importantes eventos da ind\u00fastria de viagens e turismo da Am\u00e9rica Latina, realizado entre os dias 14 e 16 de abril, no Expo Center Norte, em S\u00e3o Paulo. Representando o munic\u00edpio, a vice-prefeita e secret\u00e1ria de Turismo, Juliane Salvadori, participa da programa\u00e7\u00e3o com uma agenda &hellip;<\/p>\n","protected":false},"author":1,"featured_media":0,"comment_status":"open","ping_status":"open","sticky":false,"template":"","format":"standard","meta":{"_jetpack_newsletter_access":"","_jetpack_dont_email_post_to_subs":false,"_jetpack_newsletter_tier_id":0,"_jetpack_memberships_contains_paywalled_content":false,"_jetpack_feature_clip_id":0,"_jetpack_memberships_contains_paid_content":false,"footnotes":"","jetpack_post_was_ever_published":false},"categories":[12410],"tags":[],"class_list":["post-459346","post","type-post","status-publish","format-standard","hentry","category-ms"],"yoast_head":"<!-- This site is optimized with the Yoast SEO plugin v28.4 - https:\/\/yoast.com\/product\/yoast-seo-wordpress\/ -->\n<title>Bonito participa da WTM Latin America 2026 e amplia promo\u00e7\u00e3o do destino no cen\u00e1rio internacional - Prefeitura Municipal de Bonito<\/title>\n<meta name=\"robots\" content=\"index, follow, max-snippet:-1, max-image-preview:large, max-video-preview:-1\" \/>\n<link rel=\"canonical\" href=\"https:\/\/www.bonito.ms.gov.br\/2026\/04\/15\/bonito-participa-da-wtm-latin-america-2026-e-amplia-promocao-do-destino-no-cenario-internacional\/\" \/>\n<meta property=\"og:locale\" content=\"pt_BR\" \/>\n<meta property=\"og:type\" content=\"article\" \/>\n<meta property=\"og:title\" content=\"Bonito participa da WTM Latin America 2026 e amplia promo\u00e7\u00e3o do destino no cen\u00e1rio internacional - Prefeitura Municipal de Bonito\" \/>\n<meta property=\"og:description\" content=\"Bonito marca presen\u00e7a na WTM Latin America 2026, um dos mais importantes eventos da ind\u00fastria de viagens e turismo da Am\u00e9rica Latina, realizado entre os dias 14 e 16 de abril, no Expo Center Norte, em S\u00e3o Paulo. Representando o munic\u00edpio, a vice-prefeita e secret\u00e1ria de Turismo, Juliane Salvadori, participa da programa\u00e7\u00e3o com uma agenda &hellip;\" \/>\n<meta property=\"og:url\" content=\"https:\/\/www.bonito.ms.gov.br\/2026\/04\/15\/bonito-participa-da-wtm-latin-america-2026-e-amplia-promocao-do-destino-no-cenario-internacional\/\" \/>\n<meta property=\"og:site_name\" content=\"MRNews\" \/>\n<meta property=\"article:publisher\" content=\"https:\/\/www.facebook.com\/eaipahpah\/?locale2=pt_BR\" \/>\n<meta property=\"article:published_time\" content=\"2026-04-17T05:16:59+00:00\" \/>\n<meta name=\"author\" content=\"MR News\" \/>\n<meta name=\"twitter:card\" content=\"summary_large_image\" \/>\n<meta name=\"twitter:creator\" content=\"@conspirou\" \/>\n<meta name=\"twitter:site\" content=\"@conspirou\" \/>\n<meta name=\"twitter:label1\" content=\"Escrito por\" \/>\n\t<meta name=\"twitter:data1\" content=\"MR News\" \/>\n\t<meta name=\"twitter:label2\" content=\"Est. tempo de leitura\" \/>\n\t<meta name=\"twitter:data2\" content=\"2 minutos\" \/>\n<script type=\"application\/ld+json\" class=\"yoast-schema-graph\">{\"@context\":\"https:\\\/\\\/schema.org\",\"@graph\":[{\"@type\":\"Article\",\"@id\":\"https:\\\/\\\/www.bonito.ms.gov.br\\\/2026\\\/04\\\/15\\\/bonito-participa-da-wtm-latin-america-2026-e-amplia-promocao-do-destino-no-cenario-internacional\\\/#article\",\"isPartOf\":{\"@id\":\"https:\\\/\\\/mrnews.com.br\\\/index.php\\\/2026\\\/04\\\/17\\\/bonito-participa-da-wtm-latin-america-2026-e-amplia-promocao-do-destino-no-cenario-internacional-prefeitura-municipal-de-bonito\\\/\"},\"author\":{\"name\":\"MR News\",\"@id\":\"https:\\\/\\\/mrnews.com.br\\\/#\\\/schema\\\/person\\\/be3203154562a9f207407861cef7827b\"},\"headline\":\"Bonito participa da WTM Latin America 2026 e amplia promo\u00e7\u00e3o do destino no cen\u00e1rio internacional &#8211; Prefeitura Municipal de Bonito\",\"datePublished\":\"2026-04-17T05:16:59+00:00\",\"mainEntityOfPage\":{\"@id\":\"https:\\\/\\\/mrnews.com.br\\\/index.php\\\/2026\\\/04\\\/17\\\/bonito-participa-da-wtm-latin-america-2026-e-amplia-promocao-do-destino-no-cenario-internacional-prefeitura-municipal-de-bonito\\\/\"},\"wordCount\":385,\"commentCount\":0,\"publisher\":{\"@id\":\"https:\\\/\\\/mrnews.com.br\\\/#organization\"},\"articleSection\":[\"Mato Grosso do Sul\"],\"inLanguage\":\"pt-BR\",\"potentialAction\":[{\"@type\":\"CommentAction\",\"name\":\"Comment\",\"target\":[\"https:\\\/\\\/www.bonito.ms.gov.br\\\/2026\\\/04\\\/15\\\/bonito-participa-da-wtm-latin-america-2026-e-amplia-promocao-do-destino-no-cenario-internacional\\\/#respond\"]}]},{\"@type\":\"WebPage\",\"@id\":\"https:\\\/\\\/mrnews.com.br\\\/index.php\\\/2026\\\/04\\\/17\\\/bonito-participa-da-wtm-latin-america-2026-e-amplia-promocao-do-destino-no-cenario-internacional-prefeitura-municipal-de-bonito\\\/\",\"url\":\"https:\\\/\\\/www.bonito.ms.gov.br\\\/2026\\\/04\\\/15\\\/bonito-participa-da-wtm-latin-america-2026-e-amplia-promocao-do-destino-no-cenario-internacional\\\/\",\"name\":\"Bonito participa da WTM Latin America 2026 e amplia promo\u00e7\u00e3o do destino no cen\u00e1rio internacional - Prefeitura Municipal de Bonito\",\"isPartOf\":{\"@id\":\"https:\\\/\\\/mrnews.com.br\\\/#website\"},\"datePublished\":\"2026-04-17T05:16:59+00:00\",\"breadcrumb\":{\"@id\":\"https:\\\/\\\/www.bonito.ms.gov.br\\\/2026\\\/04\\\/15\\\/bonito-participa-da-wtm-latin-america-2026-e-amplia-promocao-do-destino-no-cenario-internacional\\\/#breadcrumb\"},\"inLanguage\":\"pt-BR\",\"potentialAction\":[{\"@type\":\"ReadAction\",\"target\":[\"https:\\\/\\\/www.bonito.ms.gov.br\\\/2026\\\/04\\\/15\\\/bonito-participa-da-wtm-latin-america-2026-e-amplia-promocao-do-destino-no-cenario-internacional\\\/\"]}]},{\"@type\":\"BreadcrumbList\",\"@id\":\"https:\\\/\\\/www.bonito.ms.gov.br\\\/2026\\\/04\\\/15\\\/bonito-participa-da-wtm-latin-america-2026-e-amplia-promocao-do-destino-no-cenario-internacional\\\/#breadcrumb\",\"itemListElement\":[{\"@type\":\"ListItem\",\"position\":1,\"name\":\"In\u00edcio\",\"item\":\"https:\\\/\\\/mrnews.com.br\\\/\"},{\"@type\":\"ListItem\",\"position\":2,\"name\":\"Bonito participa da WTM Latin America 2026 e amplia promo\u00e7\u00e3o do destino no cen\u00e1rio internacional &#8211; Prefeitura Municipal de Bonito\"}]},{\"@type\":\"WebSite\",\"@id\":\"https:\\\/\\\/mrnews.com.br\\\/#website\",\"url\":\"https:\\\/\\\/mrnews.com.br\\\/\",\"name\":\"MRNews\",\"description\":\"MRNews Jogos de hoje da TV, transmiss\u00f5es ao vivo, Not\u00edcias de futebol, Jogos ao vivo, Lives, resumo de novelas, Programa\u00e7\u00e3o da Globo, A Fazenda e BBB\",\"publisher\":{\"@id\":\"https:\\\/\\\/mrnews.com.br\\\/#organization\"},\"potentialAction\":[{\"@type\":\"SearchAction\",\"target\":{\"@type\":\"EntryPoint\",\"urlTemplate\":\"https:\\\/\\\/mrnews.com.br\\\/?s={search_term_string}\"},\"query-input\":{\"@type\":\"PropertyValueSpecification\",\"valueRequired\":true,\"valueName\":\"search_term_string\"}}],\"inLanguage\":\"pt-BR\"},{\"@type\":\"Organization\",\"@id\":\"https:\\\/\\\/mrnews.com.br\\\/#organization\",\"name\":\"MRNews\",\"url\":\"https:\\\/\\\/mrnews.com.br\\\/\",\"logo\":{\"@type\":\"ImageObject\",\"inLanguage\":\"pt-BR\",\"@id\":\"https:\\\/\\\/mrnews.com.br\\\/#\\\/schema\\\/logo\\\/image\\\/\",\"url\":\"https:\\\/\\\/mrnews.com.br\\\/wp-content\\\/uploads\\\/2026\\\/08\\\/MRNEws.png\",\"contentUrl\":\"https:\\\/\\\/mrnews.com.br\\\/wp-content\\\/uploads\\\/2026\\\/08\\\/MRNEws.png\",\"width\":1254,\"height\":1254,\"caption\":\"MRNews\"},\"image\":{\"@id\":\"https:\\\/\\\/mrnews.com.br\\\/#\\\/schema\\\/logo\\\/image\\\/\"},\"sameAs\":[\"https:\\\/\\\/www.facebook.com\\\/eaipahpah\\\/?locale2=pt_BR\",\"https:\\\/\\\/x.com\\\/conspirou\",\"https:\\\/\\\/www.instagram.com\\\/eai_pahpah\",\"https:\\\/\\\/br.pinterest.com\\\/mrnewsn\\\/boards\\\/\",\"https:\\\/\\\/www.youtube.com\\\/channel\\\/UCacgnpznQ61fifLWr1tQ-vA?view_as=subscriber\"]},{\"@type\":\"Person\",\"@id\":\"https:\\\/\\\/mrnews.com.br\\\/#\\\/schema\\\/person\\\/be3203154562a9f207407861cef7827b\",\"name\":\"MR News\",\"image\":{\"@type\":\"ImageObject\",\"inLanguage\":\"pt-BR\",\"@id\":\"https:\\\/\\\/secure.gravatar.com\\\/avatar\\\/04084e6d73c042b8646e7c17b494073bf0ede3ea13c7105cfc45cbbbc28385a4?s=96&d=monsterid&r=g\",\"url\":\"https:\\\/\\\/secure.gravatar.com\\\/avatar\\\/04084e6d73c042b8646e7c17b494073bf0ede3ea13c7105cfc45cbbbc28385a4?s=96&d=monsterid&r=g\",\"contentUrl\":\"https:\\\/\\\/secure.gravatar.com\\\/avatar\\\/04084e6d73c042b8646e7c17b494073bf0ede3ea13c7105cfc45cbbbc28385a4?s=96&d=monsterid&r=g\",\"caption\":\"MR News\"},\"description\":\"Especializado em jornalismo colaborativo pela FTP em n\u00edvel de p\u00f3s-gradua\u00e7\u00e3o. suporte@oimeliga.combr\",\"sameAs\":[\"HUGO R.\",\"Admin\"],\"url\":\"https:\\\/\\\/mrnews.com.br\\\/index.php\\\/author\\\/admin\\\/\"}]}<\/script>\n<!-- \/ Yoast SEO plugin. -->","yoast_head_json":{"title":"Bonito participa da WTM Latin America 2026 e amplia promo\u00e7\u00e3o do destino no cen\u00e1rio internacional - Prefeitura Municipal de Bonito","robots":{"index":"index","follow":"follow","max-snippet":"max-snippet:-1","max-image-preview":"max-image-preview:large","max-video-preview":"max-video-preview:-1"},"canonical":"https:\/\/www.bonito.ms.gov.br\/2026\/04\/15\/bonito-participa-da-wtm-latin-america-2026-e-amplia-promocao-do-destino-no-cenario-internacional\/","og_locale":"pt_BR","og_type":"article","og_title":"Bonito participa da WTM Latin America 2026 e amplia promo\u00e7\u00e3o do destino no cen\u00e1rio internacional - Prefeitura Municipal de Bonito","og_description":"Bonito marca presen\u00e7a na WTM Latin America 2026, um dos mais importantes eventos da ind\u00fastria de viagens e turismo da Am\u00e9rica Latina, realizado entre os dias 14 e 16 de abril, no Expo Center Norte, em S\u00e3o Paulo. Representando o munic\u00edpio, a vice-prefeita e secret\u00e1ria de Turismo, Juliane Salvadori, participa da programa\u00e7\u00e3o com uma agenda &hellip;","og_url":"https:\/\/www.bonito.ms.gov.br\/2026\/04\/15\/bonito-participa-da-wtm-latin-america-2026-e-amplia-promocao-do-destino-no-cenario-internacional\/","og_site_name":"MRNews","article_publisher":"https:\/\/www.facebook.com\/eaipahpah\/?locale2=pt_BR","article_published_time":"2026-04-17T05:16:59+00:00","author":"MR News","twitter_card":"summary_large_image","twitter_creator":"@conspirou","twitter_site":"@conspirou","twitter_misc":{"Escrito por":"MR News","Est. tempo de leitura":"2 minutos"},"schema":{"@context":"https:\/\/schema.org","@graph":[{"@type":"Article","@id":"https:\/\/www.bonito.ms.gov.br\/2026\/04\/15\/bonito-participa-da-wtm-latin-america-2026-e-amplia-promocao-do-destino-no-cenario-internacional\/#article","isPartOf":{"@id":"https:\/\/mrnews.com.br\/index.php\/2026\/04\/17\/bonito-participa-da-wtm-latin-america-2026-e-amplia-promocao-do-destino-no-cenario-internacional-prefeitura-municipal-de-bonito\/"},"author":{"name":"MR News","@id":"https:\/\/mrnews.com.br\/#\/schema\/person\/be3203154562a9f207407861cef7827b"},"headline":"Bonito participa da WTM Latin America 2026 e amplia promo\u00e7\u00e3o do destino no cen\u00e1rio internacional &#8211; Prefeitura Municipal de Bonito","datePublished":"2026-04-17T05:16:59+00:00","mainEntityOfPage":{"@id":"https:\/\/mrnews.com.br\/index.php\/2026\/04\/17\/bonito-participa-da-wtm-latin-america-2026-e-amplia-promocao-do-destino-no-cenario-internacional-prefeitura-municipal-de-bonito\/"},"wordCount":385,"commentCount":0,"publisher":{"@id":"https:\/\/mrnews.com.br\/#organization"},"articleSection":["Mato Grosso do Sul"],"inLanguage":"pt-BR","potentialAction":[{"@type":"CommentAction","name":"Comment","target":["https:\/\/www.bonito.ms.gov.br\/2026\/04\/15\/bonito-participa-da-wtm-latin-america-2026-e-amplia-promocao-do-destino-no-cenario-internacional\/#respond"]}]},{"@type":"WebPage","@id":"https:\/\/mrnews.com.br\/index.php\/2026\/04\/17\/bonito-participa-da-wtm-latin-america-2026-e-amplia-promocao-do-destino-no-cenario-internacional-prefeitura-municipal-de-bonito\/","url":"https:\/\/www.bonito.ms.gov.br\/2026\/04\/15\/bonito-participa-da-wtm-latin-america-2026-e-amplia-promocao-do-destino-no-cenario-internacional\/","name":"Bonito participa da WTM Latin America 2026 e amplia promo\u00e7\u00e3o do destino no cen\u00e1rio internacional - Prefeitura Municipal de Bonito","isPartOf":{"@id":"https:\/\/mrnews.com.br\/#website"},"datePublished":"2026-04-17T05:16:59+00:00","breadcrumb":{"@id":"https:\/\/www.bonito.ms.gov.br\/2026\/04\/15\/bonito-participa-da-wtm-latin-america-2026-e-amplia-promocao-do-destino-no-cenario-internacional\/#breadcrumb"},"inLanguage":"pt-BR","potentialAction":[{"@type":"ReadAction","target":["https:\/\/www.bonito.ms.gov.br\/2026\/04\/15\/bonito-participa-da-wtm-latin-america-2026-e-amplia-promocao-do-destino-no-cenario-internacional\/"]}]},{"@type":"BreadcrumbList","@id":"https:\/\/www.bonito.ms.gov.br\/2026\/04\/15\/bonito-participa-da-wtm-latin-america-2026-e-amplia-promocao-do-destino-no-cenario-internacional\/#breadcrumb","itemListElement":[{"@type":"ListItem","position":1,"name":"In\u00edcio","item":"https:\/\/mrnews.com.br\/"},{"@type":"ListItem","position":2,"name":"Bonito participa da WTM Latin America 2026 e amplia promo\u00e7\u00e3o do destino no cen\u00e1rio internacional &#8211; Prefeitura Municipal de Bonito"}]},{"@type":"WebSite","@id":"https:\/\/mrnews.com.br\/#website","url":"https:\/\/mrnews.com.br\/","name":"MRNews","description":"MRNews Jogos de hoje da TV, transmiss\u00f5es ao vivo, Not\u00edcias de futebol, Jogos ao vivo, Lives, resumo de novelas, Programa\u00e7\u00e3o da Globo, A Fazenda e BBB","publisher":{"@id":"https:\/\/mrnews.com.br\/#organization"},"potentialAction":[{"@type":"SearchAction","target":{"@type":"EntryPoint","urlTemplate":"https:\/\/mrnews.com.br\/?s={search_term_string}"},"query-input":{"@type":"PropertyValueSpecification","valueRequired":true,"valueName":"search_term_string"}}],"inLanguage":"pt-BR"},{"@type":"Organization","@id":"https:\/\/mrnews.com.br\/#organization","name":"MRNews","url":"https:\/\/mrnews.com.br\/","logo":{"@type":"ImageObject","inLanguage":"pt-BR","@id":"https:\/\/mrnews.com.br\/#\/schema\/logo\/image\/","url":"https:\/\/mrnews.com.br\/wp-content\/uploads\/2026\/08\/MRNEws.png","contentUrl":"https:\/\/mrnews.com.br\/wp-content\/uploads\/2026\/08\/MRNEws.png","width":1254,"height":1254,"caption":"MRNews"},"image":{"@id":"https:\/\/mrnews.com.br\/#\/schema\/logo\/image\/"},"sameAs":["https:\/\/www.facebook.com\/eaipahpah\/?locale2=pt_BR","https:\/\/x.com\/conspirou","https:\/\/www.instagram.com\/eai_pahpah","https:\/\/br.pinterest.com\/mrnewsn\/boards\/","https:\/\/www.youtube.com\/channel\/UCacgnpznQ61fifLWr1tQ-vA?view_as=subscriber"]},{"@type":"Person","@id":"https:\/\/mrnews.com.br\/#\/schema\/person\/be3203154562a9f207407861cef7827b","name":"MR News","image":{"@type":"ImageObject","inLanguage":"pt-BR","@id":"https:\/\/secure.gravatar.com\/avatar\/04084e6d73c042b8646e7c17b494073bf0ede3ea13c7105cfc45cbbbc28385a4?s=96&d=monsterid&r=g","url":"https:\/\/secure.gravatar.com\/avatar\/04084e6d73c042b8646e7c17b494073bf0ede3ea13c7105cfc45cbbbc28385a4?s=96&d=monsterid&r=g","contentUrl":"https:\/\/secure.gravatar.com\/avatar\/04084e6d73c042b8646e7c17b494073bf0ede3ea13c7105cfc45cbbbc28385a4?s=96&d=monsterid&r=g","caption":"MR News"},"description":"Especializado em jornalismo colaborativo pela FTP em n\u00edvel de p\u00f3s-gradua\u00e7\u00e3o. suporte@oimeliga.combr","sameAs":["HUGO R.","Admin"],"url":"https:\/\/mrnews.com.br\/index.php\/author\/admin\/"}]}},"jetpack_sharing_enabled":true,"jetpack_shortlink":"https:\/\/wp.me\/pa2Qf7-1VuO","amp_enabled":true,"jetpack_featured_media_url":"","_links":{"self":[{"href":"https:\/\/mrnews.com.br\/index.php\/wp-json\/wp\/v2\/posts\/459346","targetHints":{"allow":["GET"]}}],"collection":[{"href":"https:\/\/mrnews.com.br\/index.php\/wp-json\/wp\/v2\/posts"}],"about":[{"href":"https:\/\/mrnews.com.br\/index.php\/wp-json\/wp\/v2\/types\/post"}],"author":[{"embeddable":true,"href":"https:\/\/mrnews.com.br\/index.php\/wp-json\/wp\/v2\/users\/1"}],"replies":[{"embeddable":true,"href":"https:\/\/mrnews.com.br\/index.php\/wp-json\/wp\/v2\/comments?post=459346"}],"version-history":[{"count":0,"href":"https:\/\/mrnews.com.br\/index.php\/wp-json\/wp\/v2\/posts\/459346\/revisions"}],"wp:attachment":[{"href":"https:\/\/mrnews.com.br\/index.php\/wp-json\/wp\/v2\/media?parent=459346"}],"wp:term":[{"taxonomy":"category","embeddable":true,"href":"https:\/\/mrnews.com.br\/index.php\/wp-json\/wp\/v2\/categories?post=459346"},{"taxonomy":"post_tag","embeddable":true,"href":"https:\/\/mrnews.com.br\/index.php\/wp-json\/wp\/v2\/tags?post=459346"}],"curies":[{"name":"wp","href":"https:\/\/api.w.org\/{rel}","templated":true}]}}