{"id":459352,"date":"2026-04-17T08:39:17","date_gmt":"2026-04-17T11:39:17","guid":{"rendered":"https:\/\/mrnews.com.br\/index.php\/2026\/04\/17\/exposicao-inedita-em-sp-celebra-intensidade-e-potencia-de-janis-joplin\/"},"modified":"2026-04-17T08:39:17","modified_gmt":"2026-04-17T11:39:17","slug":"exposicao-inedita-em-sp-celebra-intensidade-e-potencia-de-janis-joplin","status":"publish","type":"post","link":"https:\/\/mrnews.com.br\/index.php\/2026\/04\/17\/exposicao-inedita-em-sp-celebra-intensidade-e-potencia-de-janis-joplin\/","title":{"rendered":"Exposi\u00e7\u00e3o in\u00e9dita em SP celebra intensidade e pot\u00eancia de Janis Joplin"},"content":{"rendered":"<p>Por EBC, <\/p>\n<div>\n<p>Em agosto de 1969, Dorothy escreveu uma carta a um destinat\u00e1rio n\u00e3o informado para comentar como era estranho ver a pr\u00f3pria filha ser chamada de \u201crainha\u201d ou de \u201cdeusa\u201d. Ao final da carta, ela ainda se queixou de que sua filha n\u00e3o lhe escrevia mais, apenas lhe telefonava, eventualmente.<\/p>\n<p>A filha, no entanto, parecia bastante ocupada. Naquele mesmo m\u00eas de agosto, por exemplo, ela estaria se apresentando em um dos festivais de m\u00fasica mais cultuados da hist\u00f3ria, o de Woodstock. E chegou ali j\u00e1 sendo reconhecida como grande nome da m\u00fasica mundial e \u201crainha do rock\u201d, o que ainda causava bastante estranhamento em sua m\u00e3e.<\/p>\n<p>Passados quase 57 anos daquela apresenta\u00e7\u00e3o hist\u00f3rica, a filha de Dorothy,<strong> a cantora Janis Joplin\u00a0ser\u00e1 celebrada com uma exposi\u00e7\u00e3o in\u00e9dita no Museu da Imagem e do Som (MIS), em S\u00e3o Paulo.\u00a0<\/strong><\/p>\n<p><strong>A mostra come\u00e7a nesta sexta-feira (17) e apresenta mais de 300 itens, como figurinos, adere\u00e7os, manuscritos, seus famosos \u00f3culos, a estola de penas e outras pe\u00e7as originais, que estavam guardadas pela fam\u00edlia e que jamais haviam sido apresentadas.\u00a0<\/strong><\/p>\n<p>Chris Flannery, o respons\u00e1vel por trazer os objetos de Janis para a mostra no MIS, conta que o projeto se concretizou depois de conhecer o administrador do esp\u00f3lio de Janis Joplin. Ele havia visto,\u00a0tr\u00eas anos atr\u00e1s, a exposi\u00e7\u00e3o do B.B. King, que Flanney havia organizado no MIS e enviou uma lista de artefatos e diversas fotos do acervo da artista.\u00a0<\/p>\n<blockquote>\n<p>\u201cEsta ser\u00e1 a maior exposi\u00e7\u00e3o de Janis j\u00e1 realizada em qualquer lugar do mundo.\u201d<\/p>\n<\/blockquote>\n<p>Entre os itens apresentados est\u00e3o pe\u00e7as de roupas e desenhos. \u201cEm seus escritos e em seus desenhos voc\u00ea ver\u00e1 um lado dela que as pessoas n\u00e3o conheciam. Ela era uma artista, ent\u00e3o h\u00e1 uma exposi\u00e7\u00e3o de sua arte aqui\u201d, explicou Flannery, em entrevista \u00e0 <strong>Ag\u00eancia Brasil<\/strong> e \u00e0 <strong>R\u00e1dio Nacional<\/strong>.<\/p>\n<p>Os ingressos da mostra custam R$ 30 (meia) e R$ 60 (inteira). \u00c0s ter\u00e7as-feiras (exceto feriados), a entrada \u00e9 gratuita.\u00a0<\/p>\n<h2>Experi\u00eancia sensorial<\/h2>\n<p>Esta \u00e9 a terceira exposi\u00e7\u00e3o do MIS que homenageia uma grande cantora de rock. Antes de Janis Joplin, o museu dedicou\u00a0espa\u00e7o para celebrar a carreira de Rita Lee e Tina Turner.<\/p>\n<p>\u201cQuando a gente pensa no final dos anos 60 e come\u00e7o dos anos 70, na contracultura, no rock, na libera\u00e7\u00e3o sexual, a gente pensa em m\u00fasica. A gente pensa em Janis\u201d, acrescentou Andr\u00e9 Sturm, diretor-geral do MIS e curador da mostra.<\/p>\n<p><strong>A exposi\u00e7\u00e3o ocupa o primeiro andar do museu. Ali, o p\u00fablico vai se encantar com uma cenografia toda imersiva e psicod\u00e9lica, que pretende lev\u00e1-lo a uma experi\u00eancia sensorial. S\u00e3o dez salas expositivas que exprimem sentimentos ou palavras que se relacionam um pouco \u00e0 personalidade e \u00e0 carreira da cantora.<\/strong><\/p>\n<blockquote>\n<p>\u201cQuando ela canta, ela se entrega completamente, e ela teve uma vida muito intensa em todos os sentidos. Se o que mais marca a Janis \u00e9 a emo\u00e7\u00e3o, vou fazer uma exposi\u00e7\u00e3o e dividi-la pelas emo\u00e7\u00f5es muito presentes na vida dela.\u201d<\/p>\n<\/blockquote>\n<p>Uma dessas salas, por exemplo, foi chamada de Amor Brasil e apresenta um pouco do que foi a passagem da roqueira pelo pa\u00eds, em 1970, durante o carnaval do Rio de Janeiro.\u00a0<\/p>\n<p>\u201cA gente conseguiu o material dessa visita. Tem foto, tem v\u00eddeo, tem at\u00e9 um trecho de uma carta que ela escreveu para a m\u00e3e daqui do Brasil. Ela ficou muito feliz no Brasil\u201d, destacou o diretor do museu.<\/p>\n<h2>Mem\u00f3ria<\/h2>\n<p>Dona de uma voz \u00fanica, rouca, potente e intensa, Janis Joplin\u00a0nasceu em Port Arthur, Texas, em 1943. Na adolesc\u00eancia, foi influenciada por Leadbelly, Bessie Smith e Big Mama Thornton, e a autenticidade dessas vozes impactou fortemente sua decis\u00e3o de se tornar cantora.<\/p>\n<p>Durante o ensino m\u00e9dio, ela se aventurou na m\u00fasica folk com os amigos e tamb\u00e9m na pintura. Frequentou brevemente a faculdade em Beaumont e Austin, mas se sentiu mais atra\u00edda pelas lendas do blues e pela poesia beat do que pelos estudos.\u00a0<\/p>\n<p>Abandonou a faculdade e, em 1963, partiu para S\u00e3o Francisco, onde morou no bairro de Haight-Ashbury, marcado pelo uso de drogas.<\/p>\n<p>L\u00e1, conheceu o guitarrista Jorma Kaukonen \u2013 que mais tarde integraria a lend\u00e1ria banda de rock Jefferson Airplane. Os dois gravaram uma s\u00e9rie de can\u00e7\u00f5es com a esposa dele, Margareta, que tocava na m\u00e1quina de escrever.<\/p>\n<p>Ela retornou ao Texas pouco depois e se matriculou\u00a0como estudante de sociologia na Universidade Lamar. Mas a Calif\u00f3rnia a atraiu de volta e, em 1966, iniciou sua carreira na m\u00fasica, que durou apenas pouco mais de quatro anos.<\/p>\n<p>Este in\u00edcio ocorreu quando sua voz rasgante, melanc\u00f3lica e potente atraiu a aten\u00e7\u00e3o do Big Brother and the Holding Company, um dos grupos mais adorados da cena de rock lis\u00e9rgico de S\u00e3o Francisco, na Calif\u00f3rnia.\u00a0<\/p>\n<p><strong>Com o grupo ela gravou dois LPs antol\u00f3gicos: <em>Big Brother and the Holding Company <\/em>(1967) e <em>Cheap Thrilss <\/em>(1968).<\/strong><\/p>\n<p><strong>Logo depois, ela saiu da banda e gravou dois \u00e1lbuns solo: <em>I Got Dem Ol\u2019 Kozmic Blues Again Mama<\/em> (1969) e <em>Pearl<\/em> (1971), que foi lan\u00e7ado ap\u00f3s sua morte.<\/strong><\/p>\n<p>Janis morreu no dia 4 de outubro de 1970, com apenas 27 anos, em decorr\u00eancia de overdose de hero\u00edna, poucos dias depois da morte de outro \u00eddolo da m\u00fasica, Jimi Hendrix.<\/p>\n<p>      <!-- Relacionada --><\/p>\n<p>            <!-- Relacionada -->\n    <\/div>\n","protected":false},"excerpt":{"rendered":"<p>Por EBC, Em agosto de 1969, Dorothy escreveu uma carta a um destinat\u00e1rio n\u00e3o informado para comentar como era estranho ver a pr\u00f3pria filha ser chamada de \u201crainha\u201d ou de \u201cdeusa\u201d. Ao final da carta, ela ainda se queixou de que sua filha n\u00e3o lhe escrevia mais, apenas lhe telefonava, eventualmente. A filha, no entanto, &hellip;<\/p>\n","protected":false},"author":1,"featured_media":0,"comment_status":"open","ping_status":"open","sticky":false,"template":"","format":"standard","meta":{"_jetpack_newsletter_access":"","_jetpack_dont_email_post_to_subs":false,"_jetpack_newsletter_tier_id":0,"_jetpack_memberships_contains_paywalled_content":false,"_jetpack_feature_clip_id":0,"_jetpack_memberships_contains_paid_content":false,"footnotes":"","jetpack_post_was_ever_published":false},"categories":[2,12225,4],"tags":[],"class_list":["post-459352","post","type-post","status-publish","format-standard","hentry","category-entretenimento","category-noticias","category-servicos"],"yoast_head":"<!-- This site is optimized with the Yoast SEO plugin v28.4 - https:\/\/yoast.com\/product\/yoast-seo-wordpress\/ -->\n<title>Exposi\u00e7\u00e3o in\u00e9dita em SP celebra intensidade e pot\u00eancia de Janis Joplin<\/title>\n<meta name=\"robots\" content=\"index, follow, max-snippet:-1, max-image-preview:large, max-video-preview:-1\" \/>\n<link rel=\"canonical\" href=\"https:\/\/agenciabrasil.ebc.com.br\/cultura\/noticia\/2026-04\/exposicao-inedita-em-sp-celebra-intensidade-e-potencia-de-janis-joplin\" \/>\n<meta property=\"og:locale\" content=\"pt_BR\" \/>\n<meta property=\"og:type\" content=\"article\" \/>\n<meta property=\"og:title\" content=\"Exposi\u00e7\u00e3o in\u00e9dita em SP celebra intensidade e pot\u00eancia de Janis Joplin\" \/>\n<meta property=\"og:description\" content=\"Por EBC, Em agosto de 1969, Dorothy escreveu uma carta a um destinat\u00e1rio n\u00e3o informado para comentar como era estranho ver a pr\u00f3pria filha ser chamada de \u201crainha\u201d ou de \u201cdeusa\u201d. Ao final da carta, ela ainda se queixou de que sua filha n\u00e3o lhe escrevia mais, apenas lhe telefonava, eventualmente. A filha, no entanto, &hellip;\" \/>\n<meta property=\"og:url\" content=\"https:\/\/agenciabrasil.ebc.com.br\/cultura\/noticia\/2026-04\/exposicao-inedita-em-sp-celebra-intensidade-e-potencia-de-janis-joplin\" \/>\n<meta property=\"og:site_name\" content=\"MRNews\" \/>\n<meta property=\"article:publisher\" content=\"https:\/\/www.facebook.com\/eaipahpah\/?locale2=pt_BR\" \/>\n<meta property=\"article:published_time\" content=\"2026-04-17T11:39:17+00:00\" \/>\n<meta name=\"author\" content=\"MR News\" \/>\n<meta name=\"twitter:card\" content=\"summary_large_image\" \/>\n<meta name=\"twitter:creator\" content=\"@conspirou\" \/>\n<meta name=\"twitter:site\" content=\"@conspirou\" \/>\n<meta name=\"twitter:label1\" content=\"Escrito por\" \/>\n\t<meta name=\"twitter:data1\" content=\"MR News\" \/>\n\t<meta name=\"twitter:label2\" content=\"Est. tempo de leitura\" \/>\n\t<meta name=\"twitter:data2\" content=\"5 minutos\" \/>\n<script type=\"application\/ld+json\" class=\"yoast-schema-graph\">{\"@context\":\"https:\\\/\\\/schema.org\",\"@graph\":[{\"@type\":\"Article\",\"@id\":\"https:\\\/\\\/agenciabrasil.ebc.com.br\\\/cultura\\\/noticia\\\/2026-04\\\/exposicao-inedita-em-sp-celebra-intensidade-e-potencia-de-janis-joplin#article\",\"isPartOf\":{\"@id\":\"https:\\\/\\\/mrnews.com.br\\\/index.php\\\/2026\\\/04\\\/17\\\/exposicao-inedita-em-sp-celebra-intensidade-e-potencia-de-janis-joplin\\\/\"},\"author\":{\"name\":\"MR News\",\"@id\":\"https:\\\/\\\/mrnews.com.br\\\/#\\\/schema\\\/person\\\/be3203154562a9f207407861cef7827b\"},\"headline\":\"Exposi\u00e7\u00e3o in\u00e9dita em SP celebra intensidade e pot\u00eancia de Janis Joplin\",\"datePublished\":\"2026-04-17T11:39:17+00:00\",\"mainEntityOfPage\":{\"@id\":\"https:\\\/\\\/mrnews.com.br\\\/index.php\\\/2026\\\/04\\\/17\\\/exposicao-inedita-em-sp-celebra-intensidade-e-potencia-de-janis-joplin\\\/\"},\"wordCount\":917,\"commentCount\":0,\"publisher\":{\"@id\":\"https:\\\/\\\/mrnews.com.br\\\/#organization\"},\"articleSection\":[\"ENTRETENIMENTO\",\"NOTICIAS\",\"SERVI\u00c7OS\"],\"inLanguage\":\"pt-BR\",\"potentialAction\":[{\"@type\":\"CommentAction\",\"name\":\"Comment\",\"target\":[\"https:\\\/\\\/agenciabrasil.ebc.com.br\\\/cultura\\\/noticia\\\/2026-04\\\/exposicao-inedita-em-sp-celebra-intensidade-e-potencia-de-janis-joplin#respond\"]}]},{\"@type\":\"WebPage\",\"@id\":\"https:\\\/\\\/mrnews.com.br\\\/index.php\\\/2026\\\/04\\\/17\\\/exposicao-inedita-em-sp-celebra-intensidade-e-potencia-de-janis-joplin\\\/\",\"url\":\"https:\\\/\\\/agenciabrasil.ebc.com.br\\\/cultura\\\/noticia\\\/2026-04\\\/exposicao-inedita-em-sp-celebra-intensidade-e-potencia-de-janis-joplin\",\"name\":\"Exposi\u00e7\u00e3o in\u00e9dita em SP celebra intensidade e pot\u00eancia de Janis Joplin\",\"isPartOf\":{\"@id\":\"https:\\\/\\\/mrnews.com.br\\\/#website\"},\"datePublished\":\"2026-04-17T11:39:17+00:00\",\"breadcrumb\":{\"@id\":\"https:\\\/\\\/agenciabrasil.ebc.com.br\\\/cultura\\\/noticia\\\/2026-04\\\/exposicao-inedita-em-sp-celebra-intensidade-e-potencia-de-janis-joplin#breadcrumb\"},\"inLanguage\":\"pt-BR\",\"potentialAction\":[{\"@type\":\"ReadAction\",\"target\":[\"https:\\\/\\\/agenciabrasil.ebc.com.br\\\/cultura\\\/noticia\\\/2026-04\\\/exposicao-inedita-em-sp-celebra-intensidade-e-potencia-de-janis-joplin\"]}]},{\"@type\":\"BreadcrumbList\",\"@id\":\"https:\\\/\\\/agenciabrasil.ebc.com.br\\\/cultura\\\/noticia\\\/2026-04\\\/exposicao-inedita-em-sp-celebra-intensidade-e-potencia-de-janis-joplin#breadcrumb\",\"itemListElement\":[{\"@type\":\"ListItem\",\"position\":1,\"name\":\"In\u00edcio\",\"item\":\"https:\\\/\\\/mrnews.com.br\\\/\"},{\"@type\":\"ListItem\",\"position\":2,\"name\":\"Exposi\u00e7\u00e3o in\u00e9dita em SP celebra intensidade e pot\u00eancia de Janis Joplin\"}]},{\"@type\":\"WebSite\",\"@id\":\"https:\\\/\\\/mrnews.com.br\\\/#website\",\"url\":\"https:\\\/\\\/mrnews.com.br\\\/\",\"name\":\"MRNews\",\"description\":\"MRNews Jogos de hoje da TV, transmiss\u00f5es ao vivo, Not\u00edcias de futebol, Jogos ao vivo, Lives, resumo de novelas, Programa\u00e7\u00e3o da Globo, A Fazenda e BBB\",\"publisher\":{\"@id\":\"https:\\\/\\\/mrnews.com.br\\\/#organization\"},\"potentialAction\":[{\"@type\":\"SearchAction\",\"target\":{\"@type\":\"EntryPoint\",\"urlTemplate\":\"https:\\\/\\\/mrnews.com.br\\\/?s={search_term_string}\"},\"query-input\":{\"@type\":\"PropertyValueSpecification\",\"valueRequired\":true,\"valueName\":\"search_term_string\"}}],\"inLanguage\":\"pt-BR\"},{\"@type\":\"Organization\",\"@id\":\"https:\\\/\\\/mrnews.com.br\\\/#organization\",\"name\":\"MRNews\",\"url\":\"https:\\\/\\\/mrnews.com.br\\\/\",\"logo\":{\"@type\":\"ImageObject\",\"inLanguage\":\"pt-BR\",\"@id\":\"https:\\\/\\\/mrnews.com.br\\\/#\\\/schema\\\/logo\\\/image\\\/\",\"url\":\"https:\\\/\\\/mrnews.com.br\\\/wp-content\\\/uploads\\\/2026\\\/08\\\/MRNEws.png\",\"contentUrl\":\"https:\\\/\\\/mrnews.com.br\\\/wp-content\\\/uploads\\\/2026\\\/08\\\/MRNEws.png\",\"width\":1254,\"height\":1254,\"caption\":\"MRNews\"},\"image\":{\"@id\":\"https:\\\/\\\/mrnews.com.br\\\/#\\\/schema\\\/logo\\\/image\\\/\"},\"sameAs\":[\"https:\\\/\\\/www.facebook.com\\\/eaipahpah\\\/?locale2=pt_BR\",\"https:\\\/\\\/x.com\\\/conspirou\",\"https:\\\/\\\/www.instagram.com\\\/eai_pahpah\",\"https:\\\/\\\/br.pinterest.com\\\/mrnewsn\\\/boards\\\/\",\"https:\\\/\\\/www.youtube.com\\\/channel\\\/UCacgnpznQ61fifLWr1tQ-vA?view_as=subscriber\"]},{\"@type\":\"Person\",\"@id\":\"https:\\\/\\\/mrnews.com.br\\\/#\\\/schema\\\/person\\\/be3203154562a9f207407861cef7827b\",\"name\":\"MR News\",\"image\":{\"@type\":\"ImageObject\",\"inLanguage\":\"pt-BR\",\"@id\":\"https:\\\/\\\/secure.gravatar.com\\\/avatar\\\/04084e6d73c042b8646e7c17b494073bf0ede3ea13c7105cfc45cbbbc28385a4?s=96&d=monsterid&r=g\",\"url\":\"https:\\\/\\\/secure.gravatar.com\\\/avatar\\\/04084e6d73c042b8646e7c17b494073bf0ede3ea13c7105cfc45cbbbc28385a4?s=96&d=monsterid&r=g\",\"contentUrl\":\"https:\\\/\\\/secure.gravatar.com\\\/avatar\\\/04084e6d73c042b8646e7c17b494073bf0ede3ea13c7105cfc45cbbbc28385a4?s=96&d=monsterid&r=g\",\"caption\":\"MR News\"},\"description\":\"Especializado em jornalismo colaborativo pela FTP em n\u00edvel de p\u00f3s-gradua\u00e7\u00e3o. suporte@oimeliga.combr\",\"sameAs\":[\"HUGO R.\",\"Admin\"],\"url\":\"https:\\\/\\\/mrnews.com.br\\\/index.php\\\/author\\\/admin\\\/\"}]}<\/script>\n<!-- \/ Yoast SEO plugin. -->","yoast_head_json":{"title":"Exposi\u00e7\u00e3o in\u00e9dita em SP celebra intensidade e pot\u00eancia de Janis Joplin","robots":{"index":"index","follow":"follow","max-snippet":"max-snippet:-1","max-image-preview":"max-image-preview:large","max-video-preview":"max-video-preview:-1"},"canonical":"https:\/\/agenciabrasil.ebc.com.br\/cultura\/noticia\/2026-04\/exposicao-inedita-em-sp-celebra-intensidade-e-potencia-de-janis-joplin","og_locale":"pt_BR","og_type":"article","og_title":"Exposi\u00e7\u00e3o in\u00e9dita em SP celebra intensidade e pot\u00eancia de Janis Joplin","og_description":"Por EBC, Em agosto de 1969, Dorothy escreveu uma carta a um destinat\u00e1rio n\u00e3o informado para comentar como era estranho ver a pr\u00f3pria filha ser chamada de \u201crainha\u201d ou de \u201cdeusa\u201d. Ao final da carta, ela ainda se queixou de que sua filha n\u00e3o lhe escrevia mais, apenas lhe telefonava, eventualmente. A filha, no entanto, &hellip;","og_url":"https:\/\/agenciabrasil.ebc.com.br\/cultura\/noticia\/2026-04\/exposicao-inedita-em-sp-celebra-intensidade-e-potencia-de-janis-joplin","og_site_name":"MRNews","article_publisher":"https:\/\/www.facebook.com\/eaipahpah\/?locale2=pt_BR","article_published_time":"2026-04-17T11:39:17+00:00","author":"MR News","twitter_card":"summary_large_image","twitter_creator":"@conspirou","twitter_site":"@conspirou","twitter_misc":{"Escrito por":"MR News","Est. tempo de leitura":"5 minutos"},"schema":{"@context":"https:\/\/schema.org","@graph":[{"@type":"Article","@id":"https:\/\/agenciabrasil.ebc.com.br\/cultura\/noticia\/2026-04\/exposicao-inedita-em-sp-celebra-intensidade-e-potencia-de-janis-joplin#article","isPartOf":{"@id":"https:\/\/mrnews.com.br\/index.php\/2026\/04\/17\/exposicao-inedita-em-sp-celebra-intensidade-e-potencia-de-janis-joplin\/"},"author":{"name":"MR News","@id":"https:\/\/mrnews.com.br\/#\/schema\/person\/be3203154562a9f207407861cef7827b"},"headline":"Exposi\u00e7\u00e3o in\u00e9dita em SP celebra intensidade e pot\u00eancia de Janis Joplin","datePublished":"2026-04-17T11:39:17+00:00","mainEntityOfPage":{"@id":"https:\/\/mrnews.com.br\/index.php\/2026\/04\/17\/exposicao-inedita-em-sp-celebra-intensidade-e-potencia-de-janis-joplin\/"},"wordCount":917,"commentCount":0,"publisher":{"@id":"https:\/\/mrnews.com.br\/#organization"},"articleSection":["ENTRETENIMENTO","NOTICIAS","SERVI\u00c7OS"],"inLanguage":"pt-BR","potentialAction":[{"@type":"CommentAction","name":"Comment","target":["https:\/\/agenciabrasil.ebc.com.br\/cultura\/noticia\/2026-04\/exposicao-inedita-em-sp-celebra-intensidade-e-potencia-de-janis-joplin#respond"]}]},{"@type":"WebPage","@id":"https:\/\/mrnews.com.br\/index.php\/2026\/04\/17\/exposicao-inedita-em-sp-celebra-intensidade-e-potencia-de-janis-joplin\/","url":"https:\/\/agenciabrasil.ebc.com.br\/cultura\/noticia\/2026-04\/exposicao-inedita-em-sp-celebra-intensidade-e-potencia-de-janis-joplin","name":"Exposi\u00e7\u00e3o in\u00e9dita em SP celebra intensidade e pot\u00eancia de Janis Joplin","isPartOf":{"@id":"https:\/\/mrnews.com.br\/#website"},"datePublished":"2026-04-17T11:39:17+00:00","breadcrumb":{"@id":"https:\/\/agenciabrasil.ebc.com.br\/cultura\/noticia\/2026-04\/exposicao-inedita-em-sp-celebra-intensidade-e-potencia-de-janis-joplin#breadcrumb"},"inLanguage":"pt-BR","potentialAction":[{"@type":"ReadAction","target":["https:\/\/agenciabrasil.ebc.com.br\/cultura\/noticia\/2026-04\/exposicao-inedita-em-sp-celebra-intensidade-e-potencia-de-janis-joplin"]}]},{"@type":"BreadcrumbList","@id":"https:\/\/agenciabrasil.ebc.com.br\/cultura\/noticia\/2026-04\/exposicao-inedita-em-sp-celebra-intensidade-e-potencia-de-janis-joplin#breadcrumb","itemListElement":[{"@type":"ListItem","position":1,"name":"In\u00edcio","item":"https:\/\/mrnews.com.br\/"},{"@type":"ListItem","position":2,"name":"Exposi\u00e7\u00e3o in\u00e9dita em SP celebra intensidade e pot\u00eancia de Janis Joplin"}]},{"@type":"WebSite","@id":"https:\/\/mrnews.com.br\/#website","url":"https:\/\/mrnews.com.br\/","name":"MRNews","description":"MRNews Jogos de hoje da TV, transmiss\u00f5es ao vivo, Not\u00edcias de futebol, Jogos ao vivo, Lives, resumo de novelas, Programa\u00e7\u00e3o da Globo, A Fazenda e BBB","publisher":{"@id":"https:\/\/mrnews.com.br\/#organization"},"potentialAction":[{"@type":"SearchAction","target":{"@type":"EntryPoint","urlTemplate":"https:\/\/mrnews.com.br\/?s={search_term_string}"},"query-input":{"@type":"PropertyValueSpecification","valueRequired":true,"valueName":"search_term_string"}}],"inLanguage":"pt-BR"},{"@type":"Organization","@id":"https:\/\/mrnews.com.br\/#organization","name":"MRNews","url":"https:\/\/mrnews.com.br\/","logo":{"@type":"ImageObject","inLanguage":"pt-BR","@id":"https:\/\/mrnews.com.br\/#\/schema\/logo\/image\/","url":"https:\/\/mrnews.com.br\/wp-content\/uploads\/2026\/08\/MRNEws.png","contentUrl":"https:\/\/mrnews.com.br\/wp-content\/uploads\/2026\/08\/MRNEws.png","width":1254,"height":1254,"caption":"MRNews"},"image":{"@id":"https:\/\/mrnews.com.br\/#\/schema\/logo\/image\/"},"sameAs":["https:\/\/www.facebook.com\/eaipahpah\/?locale2=pt_BR","https:\/\/x.com\/conspirou","https:\/\/www.instagram.com\/eai_pahpah","https:\/\/br.pinterest.com\/mrnewsn\/boards\/","https:\/\/www.youtube.com\/channel\/UCacgnpznQ61fifLWr1tQ-vA?view_as=subscriber"]},{"@type":"Person","@id":"https:\/\/mrnews.com.br\/#\/schema\/person\/be3203154562a9f207407861cef7827b","name":"MR News","image":{"@type":"ImageObject","inLanguage":"pt-BR","@id":"https:\/\/secure.gravatar.com\/avatar\/04084e6d73c042b8646e7c17b494073bf0ede3ea13c7105cfc45cbbbc28385a4?s=96&d=monsterid&r=g","url":"https:\/\/secure.gravatar.com\/avatar\/04084e6d73c042b8646e7c17b494073bf0ede3ea13c7105cfc45cbbbc28385a4?s=96&d=monsterid&r=g","contentUrl":"https:\/\/secure.gravatar.com\/avatar\/04084e6d73c042b8646e7c17b494073bf0ede3ea13c7105cfc45cbbbc28385a4?s=96&d=monsterid&r=g","caption":"MR News"},"description":"Especializado em jornalismo colaborativo pela FTP em n\u00edvel de p\u00f3s-gradua\u00e7\u00e3o. suporte@oimeliga.combr","sameAs":["HUGO R.","Admin"],"url":"https:\/\/mrnews.com.br\/index.php\/author\/admin\/"}]}},"jetpack_sharing_enabled":true,"jetpack_shortlink":"https:\/\/wp.me\/pa2Qf7-1VuU","amp_enabled":true,"jetpack_featured_media_url":"","_links":{"self":[{"href":"https:\/\/mrnews.com.br\/index.php\/wp-json\/wp\/v2\/posts\/459352","targetHints":{"allow":["GET"]}}],"collection":[{"href":"https:\/\/mrnews.com.br\/index.php\/wp-json\/wp\/v2\/posts"}],"about":[{"href":"https:\/\/mrnews.com.br\/index.php\/wp-json\/wp\/v2\/types\/post"}],"author":[{"embeddable":true,"href":"https:\/\/mrnews.com.br\/index.php\/wp-json\/wp\/v2\/users\/1"}],"replies":[{"embeddable":true,"href":"https:\/\/mrnews.com.br\/index.php\/wp-json\/wp\/v2\/comments?post=459352"}],"version-history":[{"count":0,"href":"https:\/\/mrnews.com.br\/index.php\/wp-json\/wp\/v2\/posts\/459352\/revisions"}],"wp:attachment":[{"href":"https:\/\/mrnews.com.br\/index.php\/wp-json\/wp\/v2\/media?parent=459352"}],"wp:term":[{"taxonomy":"category","embeddable":true,"href":"https:\/\/mrnews.com.br\/index.php\/wp-json\/wp\/v2\/categories?post=459352"},{"taxonomy":"post_tag","embeddable":true,"href":"https:\/\/mrnews.com.br\/index.php\/wp-json\/wp\/v2\/tags?post=459352"}],"curies":[{"name":"wp","href":"https:\/\/api.w.org\/{rel}","templated":true}]}}