{"id":459478,"date":"2026-04-19T10:28:27","date_gmt":"2026-04-19T13:28:27","guid":{"rendered":"https:\/\/mrnews.com.br\/index.php\/2026\/04\/19\/brasil-abre-pan-americano-senior-de-judo-com-seis-medalhas\/"},"modified":"2026-04-19T10:28:27","modified_gmt":"2026-04-19T13:28:27","slug":"brasil-abre-pan-americano-senior-de-judo-com-seis-medalhas","status":"publish","type":"post","link":"https:\/\/mrnews.com.br\/index.php\/2026\/04\/19\/brasil-abre-pan-americano-senior-de-judo-com-seis-medalhas\/","title":{"rendered":"Brasil abre Pan-Americano S\u00eanior de jud\u00f4 com seis medalhas"},"content":{"rendered":"<p>Por EBC, <\/p>\n<div>\n<p>O jud\u00f4 brasileiro abriu o Campeonato Pan-Americano S\u00eanior com seis medalhas\u00a0neste s\u00e1bado (18). No Panam\u00e1, os atletas do pa\u00eds\u00a0ganharam dois ouros, uma prata e tr\u00eas bronzes.<\/p>\n<p>Os dois ouros vieram pelas vit\u00f3rias de\u00a0Nauana Silva (-70kg) e Daniel Cargnin (-73kg); Rafaela Silva (-63kg) ficou na segunda coloca\u00e7\u00e3o; e Luana Carvalho (-70kg), Guilherme de Oliveira (-73kg) e Beatriz Freitas (-78kg), com os terceiros lugares de suas categorias.<\/p>\n<p>Estreando em nova categoria de peso, Nauana Silva chegou ao torneio sem estar ranqueada na categoria -70kg. Na luta pelo ouro, a brasileira bateu a dominicana Esmeralda Damiano Guerrero,\u00a0com a advers\u00e1ria punida tr\u00eas vezes por falta de combatividade.<\/p>\n<p>Dono do bronze nos Jogos Ol\u00edmpicos de T\u00f3quio,\u00a0Daniel Cargnin entrou na disputa como cabe\u00e7a-de-chave n\u00famero um da categoria. Na decis\u00e3o, ele cruzou com o estadunidense Jack Yonezuka, advers\u00e1rio que o derrotou\u00a0na final do \u00faltimo Campeonato Pan-Americano, em 2025.<\/p>\n<p>No confronto deste ano, o brasileiro abriu\u00a0o placar ainda no in\u00edcio, conseguindo um waza-ari. Depois, segurou bem o placar at\u00e9 que o rel\u00f3gio zerasse e confirmasse seu quarto t\u00edtulo pan-americano.<\/p>\n<p>Rafaela Silva (-63kg) ficou com a prata ap\u00f3s ser derrotada pela canadense Jessica Klimkait, no golden score.<\/p>\n<p>As disputas seguem neste domingo (19), com mais nove brasileiros no tatame a partir das 11h30.<\/p>\n<p>      <!-- Relacionada --><\/p>\n<p>            <!-- Relacionada -->\n    <\/div>\n","protected":false},"excerpt":{"rendered":"<p>Por EBC, O jud\u00f4 brasileiro abriu o Campeonato Pan-Americano S\u00eanior com seis medalhas\u00a0neste s\u00e1bado (18). No Panam\u00e1, os atletas do pa\u00eds\u00a0ganharam dois ouros, uma prata e tr\u00eas bronzes. Os dois ouros vieram pelas vit\u00f3rias de\u00a0Nauana Silva (-70kg) e Daniel Cargnin (-73kg); Rafaela Silva (-63kg) ficou na segunda coloca\u00e7\u00e3o; e Luana Carvalho (-70kg), Guilherme de Oliveira &hellip;<\/p>\n","protected":false},"author":1,"featured_media":0,"comment_status":"open","ping_status":"open","sticky":false,"template":"","format":"standard","meta":{"_jetpack_memberships_contains_paid_content":false,"footnotes":""},"categories":[2,12225,4],"tags":[],"class_list":["post-459478","post","type-post","status-publish","format-standard","hentry","category-entretenimento","category-noticias","category-servicos"],"yoast_head":"<!-- This site is optimized with the Yoast SEO plugin v27.4 - https:\/\/yoast.com\/product\/yoast-seo-wordpress\/ -->\n<title>Brasil abre Pan-Americano S\u00eanior de jud\u00f4 com seis medalhas<\/title>\n<meta name=\"robots\" content=\"index, follow, max-snippet:-1, max-image-preview:large, max-video-preview:-1\" \/>\n<link rel=\"canonical\" href=\"https:\/\/agenciabrasil.ebc.com.br\/esportes\/noticia\/2026-04\/brasil-abre-pan-americano-senior-de-judo-com-seis-medalhas\" \/>\n<meta property=\"og:locale\" content=\"pt_BR\" \/>\n<meta property=\"og:type\" content=\"article\" \/>\n<meta property=\"og:title\" content=\"Brasil abre Pan-Americano S\u00eanior de jud\u00f4 com seis medalhas\" \/>\n<meta property=\"og:description\" content=\"Por EBC, O jud\u00f4 brasileiro abriu o Campeonato Pan-Americano S\u00eanior com seis medalhas\u00a0neste s\u00e1bado (18). No Panam\u00e1, os atletas do pa\u00eds\u00a0ganharam dois ouros, uma prata e tr\u00eas bronzes. Os dois ouros vieram pelas vit\u00f3rias de\u00a0Nauana Silva (-70kg) e Daniel Cargnin (-73kg); Rafaela Silva (-63kg) ficou na segunda coloca\u00e7\u00e3o; e Luana Carvalho (-70kg), Guilherme de Oliveira &hellip;\" \/>\n<meta property=\"og:url\" content=\"https:\/\/agenciabrasil.ebc.com.br\/esportes\/noticia\/2026-04\/brasil-abre-pan-americano-senior-de-judo-com-seis-medalhas\" \/>\n<meta property=\"og:site_name\" content=\"MRNews\" \/>\n<meta property=\"article:publisher\" content=\"https:\/\/www.facebook.com\/eaipahpah\/?locale2=pt_BR\" \/>\n<meta property=\"article:published_time\" content=\"2026-04-19T13:28:27+00:00\" \/>\n<meta name=\"author\" content=\"MR News\" \/>\n<meta name=\"twitter:card\" content=\"summary_large_image\" \/>\n<meta name=\"twitter:creator\" content=\"@conspirou\" \/>\n<meta name=\"twitter:site\" content=\"@conspirou\" \/>\n<meta name=\"twitter:label1\" content=\"Escrito por\" \/>\n\t<meta name=\"twitter:data1\" content=\"MR News\" \/>\n\t<meta name=\"twitter:label2\" content=\"Est. tempo de leitura\" \/>\n\t<meta name=\"twitter:data2\" content=\"1 minuto\" \/>\n<script type=\"application\/ld+json\" class=\"yoast-schema-graph\">{\"@context\":\"https:\\\/\\\/schema.org\",\"@graph\":[{\"@type\":\"Article\",\"@id\":\"https:\\\/\\\/agenciabrasil.ebc.com.br\\\/esportes\\\/noticia\\\/2026-04\\\/brasil-abre-pan-americano-senior-de-judo-com-seis-medalhas#article\",\"isPartOf\":{\"@id\":\"https:\\\/\\\/mrnews.com.br\\\/index.php\\\/2026\\\/04\\\/19\\\/brasil-abre-pan-americano-senior-de-judo-com-seis-medalhas\\\/\"},\"author\":{\"name\":\"MR News\",\"@id\":\"https:\\\/\\\/mrnews.com.br\\\/#\\\/schema\\\/person\\\/be3203154562a9f207407861cef7827b\"},\"headline\":\"Brasil abre Pan-Americano S\u00eanior de jud\u00f4 com seis medalhas\",\"datePublished\":\"2026-04-19T13:28:27+00:00\",\"mainEntityOfPage\":{\"@id\":\"https:\\\/\\\/mrnews.com.br\\\/index.php\\\/2026\\\/04\\\/19\\\/brasil-abre-pan-americano-senior-de-judo-com-seis-medalhas\\\/\"},\"wordCount\":246,\"commentCount\":0,\"publisher\":{\"@id\":\"https:\\\/\\\/mrnews.com.br\\\/#organization\"},\"articleSection\":[\"ENTRETENIMENTO\",\"NOTICIAS\",\"SERVI\u00c7OS\"],\"inLanguage\":\"pt-BR\",\"potentialAction\":[{\"@type\":\"CommentAction\",\"name\":\"Comment\",\"target\":[\"https:\\\/\\\/agenciabrasil.ebc.com.br\\\/esportes\\\/noticia\\\/2026-04\\\/brasil-abre-pan-americano-senior-de-judo-com-seis-medalhas#respond\"]}]},{\"@type\":\"WebPage\",\"@id\":\"https:\\\/\\\/mrnews.com.br\\\/index.php\\\/2026\\\/04\\\/19\\\/brasil-abre-pan-americano-senior-de-judo-com-seis-medalhas\\\/\",\"url\":\"https:\\\/\\\/agenciabrasil.ebc.com.br\\\/esportes\\\/noticia\\\/2026-04\\\/brasil-abre-pan-americano-senior-de-judo-com-seis-medalhas\",\"name\":\"Brasil abre Pan-Americano S\u00eanior de jud\u00f4 com seis medalhas\",\"isPartOf\":{\"@id\":\"https:\\\/\\\/mrnews.com.br\\\/#website\"},\"datePublished\":\"2026-04-19T13:28:27+00:00\",\"breadcrumb\":{\"@id\":\"https:\\\/\\\/agenciabrasil.ebc.com.br\\\/esportes\\\/noticia\\\/2026-04\\\/brasil-abre-pan-americano-senior-de-judo-com-seis-medalhas#breadcrumb\"},\"inLanguage\":\"pt-BR\",\"potentialAction\":[{\"@type\":\"ReadAction\",\"target\":[\"https:\\\/\\\/agenciabrasil.ebc.com.br\\\/esportes\\\/noticia\\\/2026-04\\\/brasil-abre-pan-americano-senior-de-judo-com-seis-medalhas\"]}]},{\"@type\":\"BreadcrumbList\",\"@id\":\"https:\\\/\\\/agenciabrasil.ebc.com.br\\\/esportes\\\/noticia\\\/2026-04\\\/brasil-abre-pan-americano-senior-de-judo-com-seis-medalhas#breadcrumb\",\"itemListElement\":[{\"@type\":\"ListItem\",\"position\":1,\"name\":\"In\u00edcio\",\"item\":\"https:\\\/\\\/mrnews.com.br\\\/\"},{\"@type\":\"ListItem\",\"position\":2,\"name\":\"Brasil abre Pan-Americano S\u00eanior de jud\u00f4 com seis medalhas\"}]},{\"@type\":\"WebSite\",\"@id\":\"https:\\\/\\\/mrnews.com.br\\\/#website\",\"url\":\"https:\\\/\\\/mrnews.com.br\\\/\",\"name\":\"MRNews\",\"description\":\"MRNews Jogos de hoje da TV, transmiss\u00f5es ao vivo, Not\u00edcias de futebol, Jogos ao vivo, Lives, resumo de novelas, Programa\u00e7\u00e3o da Globo, A Fazenda e BBB\",\"publisher\":{\"@id\":\"https:\\\/\\\/mrnews.com.br\\\/#organization\"},\"potentialAction\":[{\"@type\":\"SearchAction\",\"target\":{\"@type\":\"EntryPoint\",\"urlTemplate\":\"https:\\\/\\\/mrnews.com.br\\\/?s={search_term_string}\"},\"query-input\":{\"@type\":\"PropertyValueSpecification\",\"valueRequired\":true,\"valueName\":\"search_term_string\"}}],\"inLanguage\":\"pt-BR\"},{\"@type\":\"Organization\",\"@id\":\"https:\\\/\\\/mrnews.com.br\\\/#organization\",\"name\":\"MRNews\",\"url\":\"https:\\\/\\\/mrnews.com.br\\\/\",\"logo\":{\"@type\":\"ImageObject\",\"inLanguage\":\"pt-BR\",\"@id\":\"https:\\\/\\\/mrnews.com.br\\\/#\\\/schema\\\/logo\\\/image\\\/\",\"url\":\"https:\\\/\\\/mrnews.com.br\\\/wp-content\\\/uploads\\\/2019\\\/06\\\/MRNewslogo2.png\",\"contentUrl\":\"https:\\\/\\\/mrnews.com.br\\\/wp-content\\\/uploads\\\/2019\\\/06\\\/MRNewslogo2.png\",\"width\":223,\"height\":58,\"caption\":\"MRNews\"},\"image\":{\"@id\":\"https:\\\/\\\/mrnews.com.br\\\/#\\\/schema\\\/logo\\\/image\\\/\"},\"sameAs\":[\"https:\\\/\\\/www.facebook.com\\\/eaipahpah\\\/?locale2=pt_BR\",\"https:\\\/\\\/x.com\\\/conspirou\",\"https:\\\/\\\/www.instagram.com\\\/eai_pahpah\",\"https:\\\/\\\/br.pinterest.com\\\/mrnewsn\\\/boards\\\/\",\"https:\\\/\\\/www.youtube.com\\\/channel\\\/UCacgnpznQ61fifLWr1tQ-vA?view_as=subscriber\"]},{\"@type\":\"Person\",\"@id\":\"https:\\\/\\\/mrnews.com.br\\\/#\\\/schema\\\/person\\\/be3203154562a9f207407861cef7827b\",\"name\":\"MR News\",\"image\":{\"@type\":\"ImageObject\",\"inLanguage\":\"pt-BR\",\"@id\":\"https:\\\/\\\/secure.gravatar.com\\\/avatar\\\/04084e6d73c042b8646e7c17b494073bf0ede3ea13c7105cfc45cbbbc28385a4?s=96&d=monsterid&r=g\",\"url\":\"https:\\\/\\\/secure.gravatar.com\\\/avatar\\\/04084e6d73c042b8646e7c17b494073bf0ede3ea13c7105cfc45cbbbc28385a4?s=96&d=monsterid&r=g\",\"contentUrl\":\"https:\\\/\\\/secure.gravatar.com\\\/avatar\\\/04084e6d73c042b8646e7c17b494073bf0ede3ea13c7105cfc45cbbbc28385a4?s=96&d=monsterid&r=g\",\"caption\":\"MR News\"},\"description\":\"Especializado em jornalismo colaborativo pela FTP em n\u00edvel de p\u00f3s-gradua\u00e7\u00e3o. suporte@oimeliga.combr\",\"sameAs\":[\"HUGO R.\",\"Admin\"],\"url\":\"https:\\\/\\\/mrnews.com.br\\\/index.php\\\/author\\\/admin\\\/\"}]}<\/script>\n<!-- \/ Yoast SEO plugin. -->","yoast_head_json":{"title":"Brasil abre Pan-Americano S\u00eanior de jud\u00f4 com seis medalhas","robots":{"index":"index","follow":"follow","max-snippet":"max-snippet:-1","max-image-preview":"max-image-preview:large","max-video-preview":"max-video-preview:-1"},"canonical":"https:\/\/agenciabrasil.ebc.com.br\/esportes\/noticia\/2026-04\/brasil-abre-pan-americano-senior-de-judo-com-seis-medalhas","og_locale":"pt_BR","og_type":"article","og_title":"Brasil abre Pan-Americano S\u00eanior de jud\u00f4 com seis medalhas","og_description":"Por EBC, O jud\u00f4 brasileiro abriu o Campeonato Pan-Americano S\u00eanior com seis medalhas\u00a0neste s\u00e1bado (18). No Panam\u00e1, os atletas do pa\u00eds\u00a0ganharam dois ouros, uma prata e tr\u00eas bronzes. Os dois ouros vieram pelas vit\u00f3rias de\u00a0Nauana Silva (-70kg) e Daniel Cargnin (-73kg); Rafaela Silva (-63kg) ficou na segunda coloca\u00e7\u00e3o; e Luana Carvalho (-70kg), Guilherme de Oliveira &hellip;","og_url":"https:\/\/agenciabrasil.ebc.com.br\/esportes\/noticia\/2026-04\/brasil-abre-pan-americano-senior-de-judo-com-seis-medalhas","og_site_name":"MRNews","article_publisher":"https:\/\/www.facebook.com\/eaipahpah\/?locale2=pt_BR","article_published_time":"2026-04-19T13:28:27+00:00","author":"MR News","twitter_card":"summary_large_image","twitter_creator":"@conspirou","twitter_site":"@conspirou","twitter_misc":{"Escrito por":"MR News","Est. tempo de leitura":"1 minuto"},"schema":{"@context":"https:\/\/schema.org","@graph":[{"@type":"Article","@id":"https:\/\/agenciabrasil.ebc.com.br\/esportes\/noticia\/2026-04\/brasil-abre-pan-americano-senior-de-judo-com-seis-medalhas#article","isPartOf":{"@id":"https:\/\/mrnews.com.br\/index.php\/2026\/04\/19\/brasil-abre-pan-americano-senior-de-judo-com-seis-medalhas\/"},"author":{"name":"MR News","@id":"https:\/\/mrnews.com.br\/#\/schema\/person\/be3203154562a9f207407861cef7827b"},"headline":"Brasil abre Pan-Americano S\u00eanior de jud\u00f4 com seis medalhas","datePublished":"2026-04-19T13:28:27+00:00","mainEntityOfPage":{"@id":"https:\/\/mrnews.com.br\/index.php\/2026\/04\/19\/brasil-abre-pan-americano-senior-de-judo-com-seis-medalhas\/"},"wordCount":246,"commentCount":0,"publisher":{"@id":"https:\/\/mrnews.com.br\/#organization"},"articleSection":["ENTRETENIMENTO","NOTICIAS","SERVI\u00c7OS"],"inLanguage":"pt-BR","potentialAction":[{"@type":"CommentAction","name":"Comment","target":["https:\/\/agenciabrasil.ebc.com.br\/esportes\/noticia\/2026-04\/brasil-abre-pan-americano-senior-de-judo-com-seis-medalhas#respond"]}]},{"@type":"WebPage","@id":"https:\/\/mrnews.com.br\/index.php\/2026\/04\/19\/brasil-abre-pan-americano-senior-de-judo-com-seis-medalhas\/","url":"https:\/\/agenciabrasil.ebc.com.br\/esportes\/noticia\/2026-04\/brasil-abre-pan-americano-senior-de-judo-com-seis-medalhas","name":"Brasil abre Pan-Americano S\u00eanior de jud\u00f4 com seis medalhas","isPartOf":{"@id":"https:\/\/mrnews.com.br\/#website"},"datePublished":"2026-04-19T13:28:27+00:00","breadcrumb":{"@id":"https:\/\/agenciabrasil.ebc.com.br\/esportes\/noticia\/2026-04\/brasil-abre-pan-americano-senior-de-judo-com-seis-medalhas#breadcrumb"},"inLanguage":"pt-BR","potentialAction":[{"@type":"ReadAction","target":["https:\/\/agenciabrasil.ebc.com.br\/esportes\/noticia\/2026-04\/brasil-abre-pan-americano-senior-de-judo-com-seis-medalhas"]}]},{"@type":"BreadcrumbList","@id":"https:\/\/agenciabrasil.ebc.com.br\/esportes\/noticia\/2026-04\/brasil-abre-pan-americano-senior-de-judo-com-seis-medalhas#breadcrumb","itemListElement":[{"@type":"ListItem","position":1,"name":"In\u00edcio","item":"https:\/\/mrnews.com.br\/"},{"@type":"ListItem","position":2,"name":"Brasil abre Pan-Americano S\u00eanior de jud\u00f4 com seis medalhas"}]},{"@type":"WebSite","@id":"https:\/\/mrnews.com.br\/#website","url":"https:\/\/mrnews.com.br\/","name":"MRNews","description":"MRNews Jogos de hoje da TV, transmiss\u00f5es ao vivo, Not\u00edcias de futebol, Jogos ao vivo, Lives, resumo de novelas, Programa\u00e7\u00e3o da Globo, A Fazenda e BBB","publisher":{"@id":"https:\/\/mrnews.com.br\/#organization"},"potentialAction":[{"@type":"SearchAction","target":{"@type":"EntryPoint","urlTemplate":"https:\/\/mrnews.com.br\/?s={search_term_string}"},"query-input":{"@type":"PropertyValueSpecification","valueRequired":true,"valueName":"search_term_string"}}],"inLanguage":"pt-BR"},{"@type":"Organization","@id":"https:\/\/mrnews.com.br\/#organization","name":"MRNews","url":"https:\/\/mrnews.com.br\/","logo":{"@type":"ImageObject","inLanguage":"pt-BR","@id":"https:\/\/mrnews.com.br\/#\/schema\/logo\/image\/","url":"https:\/\/mrnews.com.br\/wp-content\/uploads\/2019\/06\/MRNewslogo2.png","contentUrl":"https:\/\/mrnews.com.br\/wp-content\/uploads\/2019\/06\/MRNewslogo2.png","width":223,"height":58,"caption":"MRNews"},"image":{"@id":"https:\/\/mrnews.com.br\/#\/schema\/logo\/image\/"},"sameAs":["https:\/\/www.facebook.com\/eaipahpah\/?locale2=pt_BR","https:\/\/x.com\/conspirou","https:\/\/www.instagram.com\/eai_pahpah","https:\/\/br.pinterest.com\/mrnewsn\/boards\/","https:\/\/www.youtube.com\/channel\/UCacgnpznQ61fifLWr1tQ-vA?view_as=subscriber"]},{"@type":"Person","@id":"https:\/\/mrnews.com.br\/#\/schema\/person\/be3203154562a9f207407861cef7827b","name":"MR News","image":{"@type":"ImageObject","inLanguage":"pt-BR","@id":"https:\/\/secure.gravatar.com\/avatar\/04084e6d73c042b8646e7c17b494073bf0ede3ea13c7105cfc45cbbbc28385a4?s=96&d=monsterid&r=g","url":"https:\/\/secure.gravatar.com\/avatar\/04084e6d73c042b8646e7c17b494073bf0ede3ea13c7105cfc45cbbbc28385a4?s=96&d=monsterid&r=g","contentUrl":"https:\/\/secure.gravatar.com\/avatar\/04084e6d73c042b8646e7c17b494073bf0ede3ea13c7105cfc45cbbbc28385a4?s=96&d=monsterid&r=g","caption":"MR News"},"description":"Especializado em jornalismo colaborativo pela FTP em n\u00edvel de p\u00f3s-gradua\u00e7\u00e3o. suporte@oimeliga.combr","sameAs":["HUGO R.","Admin"],"url":"https:\/\/mrnews.com.br\/index.php\/author\/admin\/"}]}},"jetpack_featured_media_url":"","jetpack_sharing_enabled":true,"jetpack_shortlink":"https:\/\/wp.me\/pa2Qf7-1VwW","amp_enabled":true,"_links":{"self":[{"href":"https:\/\/mrnews.com.br\/index.php\/wp-json\/wp\/v2\/posts\/459478","targetHints":{"allow":["GET"]}}],"collection":[{"href":"https:\/\/mrnews.com.br\/index.php\/wp-json\/wp\/v2\/posts"}],"about":[{"href":"https:\/\/mrnews.com.br\/index.php\/wp-json\/wp\/v2\/types\/post"}],"author":[{"embeddable":true,"href":"https:\/\/mrnews.com.br\/index.php\/wp-json\/wp\/v2\/users\/1"}],"replies":[{"embeddable":true,"href":"https:\/\/mrnews.com.br\/index.php\/wp-json\/wp\/v2\/comments?post=459478"}],"version-history":[{"count":0,"href":"https:\/\/mrnews.com.br\/index.php\/wp-json\/wp\/v2\/posts\/459478\/revisions"}],"wp:attachment":[{"href":"https:\/\/mrnews.com.br\/index.php\/wp-json\/wp\/v2\/media?parent=459478"}],"wp:term":[{"taxonomy":"category","embeddable":true,"href":"https:\/\/mrnews.com.br\/index.php\/wp-json\/wp\/v2\/categories?post=459478"},{"taxonomy":"post_tag","embeddable":true,"href":"https:\/\/mrnews.com.br\/index.php\/wp-json\/wp\/v2\/tags?post=459478"}],"curies":[{"name":"wp","href":"https:\/\/api.w.org\/{rel}","templated":true}]}}