{"id":459501,"date":"2026-04-19T17:28:21","date_gmt":"2026-04-19T20:28:21","guid":{"rendered":"https:\/\/mrnews.com.br\/index.php\/2026\/04\/19\/na-alemanha-lula-defende-parceria-com-europa-na-descarbonizacao\/"},"modified":"2026-04-19T17:28:21","modified_gmt":"2026-04-19T20:28:21","slug":"na-alemanha-lula-defende-parceria-com-europa-na-descarbonizacao","status":"publish","type":"post","link":"https:\/\/mrnews.com.br\/index.php\/2026\/04\/19\/na-alemanha-lula-defende-parceria-com-europa-na-descarbonizacao\/","title":{"rendered":"Na Alemanha, Lula defende parceria com Europa na descarboniza\u00e7\u00e3o"},"content":{"rendered":"<p>Por EBC, <\/p>\n<div>\n<p>O presidente Luiz In\u00e1cio Lula da Silva\u00a0defendeu neste domingo (19) uma matriz energ\u00e9tica limpa em parceria com a Europa e a prote\u00e7\u00e3o a empregos com o avan\u00e7o da intelig\u00eancia artificial.<\/p>\n<p>Na Alemanha, Lula discursou na abertura da maior feira industrial do mundo, a Hannover Messe. Ele\u00a0voltou a criticar os efeitos da guerra dos Estados Unidos e de Israel contra o Ir\u00e3, conflito que\u00a0chamou de \u201cmaluquice\u201d.\u00a0<\/p>\n<p>Lula disse que o Brasil pode ajudar\u00a0a Uni\u00e3o Europeia a diminuir custos de energia e a descarbonizar a ind\u00fastria. \u201cPara isso, \u00e9 essencial que as regras do bloco levem em conta a matriz energ\u00e9tica limpa utilizada em nossos processos produtivos\u201d, disse Lula, na Hannover Messe.<\/p>\n<p>No discurso, acompanhado pelo chanceler alem\u00e3o, Friedrich Merz,\u00a0por representantes dos governos e empres\u00e1rios dos dois pa\u00edses, Lula argumentou que \u00e9 preciso combater \u201cnarrativas falsas\u201d a respeito da sustentabilidade da agricultura brasileira.\u00a0Ele foi aplaudido pelos presentes em diferentes momentos do discurso.<\/p>\n<p>\u201cCriar barreiras adicionais ao acesso de biocombust\u00edveis \u00e9 contraproducente, tanto do ponto de vista ambiental quanto do ponto de vista energ\u00e9tico\u201d.\u00a0<\/p>\n<p>O presidente argumentou que, em 2026, o Brasil coloca em marcha um \u201crobusto programa\u201d que prioriza a economia verde e a ind\u00fastria 4.0. Por outro lado, ele aproveitou para contextualizar que se trata de um momento cr\u00edtico na geopol\u00edtica global, marcado por paradoxos.<\/p>\n<blockquote>\n<p>\u201cA intelig\u00eancia artificial nos torna mais produtivos, mas tamb\u00e9m \u00e9 utilizada para selecionar alvos militares sem par\u00e2metros legais ou morais\u201d, criticou.<\/p>\n<\/blockquote>\n<h2>Defesa do trabalhador\u00a0<\/h2>\n<p>Sobre o mercado de trabalho, Lula disse que o pa\u00eds tem o menor desemprego da sua hist\u00f3ria e que defende o fim da escala 6&#215;1, com a redu\u00e7\u00e3o da\u00a0jornada de trabalho para garantir dois dias de descanso.<\/p>\n<p>Em rela\u00e7\u00e3o aos empregos, Lula fez apelo aos empres\u00e1rios e pesquisadores para que, no cen\u00e1rio da evolu\u00e7\u00e3o das tecnologias de intelig\u00eancia artificial, contabilizem os impactos para os trabalhadores no mundo.<\/p>\n<blockquote>\n<p>\u201cSe a intelig\u00eancia artificial causar o bem que n\u00f3s queremos, \u00e9 preciso que nos lembremos que, por tr\u00e1s de cada inven\u00e7\u00e3o, tem um ser humano. Se ele n\u00e3o tiver mercado de trabalho, o mundo s\u00f3 tende a piorar\u201d, considerou.<\/p>\n<\/blockquote>\n<h2>\u201cMaluquice da guerra\u201d<\/h2>\n<p>Ainda em seu discurso, Lula assegurou que o Brasil \u00e9 um dos pa\u00edses menos afetados pela \u201cmaluquice da guerra feita com o Ir\u00e3\u201d. Ele afirmou que o\u00a0governo tomou medidas internas para minimizar esse\u00a0impacto diante de um cen\u00e1rio em que o pa\u00eds importa 30% do \u00f3leo diesel utilizado.\u00a0\u00a0<\/p>\n<p>O presidente aproveitou para condenar\u00a0o fato de o mundo estar marcado por desigualdades, mas haver um gasto de US$ 2,7 trilh\u00f5es em guerras. Em rela\u00e7\u00e3o a isso, Lula pediu responsabilidade a membros permanentes do Conselho de Seguran\u00e7a da ONU para buscar caminhos contra essa realidade. O conselho conta com cinco membros permanentes: Estados Unidos, China, R\u00fassia, Fran\u00e7a e Reino Unido.\u00a0<\/p>\n<h2>Efeitos sobre mais vulner\u00e1veis<\/h2>\n<p>Lula lembrou que, com o conflito no Oriente M\u00e9dio, ocorrem flutua\u00e7\u00f5es no pre\u00e7o do petr\u00f3leo que encarecem a energia e o transporte.\u00a0Outra consequ\u00eancia \u00e9 a escassez de fertilizantes, que afeta a produ\u00e7\u00e3o agr\u00edcola e aumenta a inseguran\u00e7a alimentar.<\/p>\n<p>\u201cS\u00e3o os mais vulner\u00e1veis\u00a0que pagam o pre\u00e7o da infla\u00e7\u00e3o dos alimentos. O protecionismo ressurge como resposta falaciosa para problemas econ\u00f4micos e sociais complexos\u201d.\u00a0<\/p>\n<p>Diante desse cen\u00e1rio, Lula apontou que a \u201cparalisia\u201d da Organiza\u00e7\u00e3o Mundial do Com\u00e9rcio (OMC) torna necess\u00e1rio\u00a0\u201crefundar a organiza\u00e7\u00e3o\u201d. No tema do com\u00e9rcio internacional, o\u00a0presidente aproveitou para enfatizar\u00a0a import\u00e2ncia do acordo entre o Mercosul e a Uni\u00e3o Europeia.<\/p>\n<p>\u201cDaqui a menos de duas semanas, entrar\u00e1 em vigor o acordo que cria um mercado de quase 720 milh\u00f5es de pessoas e um PIB de 22 trilh\u00f5es de d\u00f3lares\u201d.\u00a0<\/p>\n<p>Lula voltou a ser aplaudido quando lembrou do compromisso brasileiro de, at\u00e9 2030, chegar a desmatamento zero na Amaz\u00f4nia. \u201cNos \u00faltimos tr\u00eas anos, reduzimos em 50% o desmatamento da Amaz\u00f4nia e em 32% no Cerrado\u201d.<\/p>\n<p>O presidente tamb\u00e9m destacou que o Brasil prioriza a sustentabilidade no campo dos combust\u00edveis. \u201cJ\u00e1 adotamos mistura de 30% de etanol na gasolina e de 15% no biodiesel. Produzimos biocombust\u00edveis de forma sustent\u00e1vel, sem comprometer o cultivo de alimentos ou derrubar florestas\u201d, explicou.<\/p>\n<p>Ele acrescentou que 90% da energia el\u00e9trica do Brasil \u00e9 limpa e h\u00e1 potencial para produzir o hidrog\u00eanio verde mais barato do mundo.\u00a0\u00a0<\/p>\n<p>Lula tamb\u00e9m citou a possibilidade de maior explora\u00e7\u00e3o de min\u00e9rios cr\u00edticos para colaborar com a descarboniza\u00e7\u00e3o e a transforma\u00e7\u00e3o digital. \u201cCom apenas 30% do potencial mineral mapeado, nosso pa\u00eds j\u00e1 tem a maior reserva mundial de ni\u00f3bio, a segunda de grafita e terra rara e a terceira de n\u00edquel\u201d.<\/p>\n<p>Ele disse que n\u00e3o v\u00ea o pa\u00eds como \u201cmero exportador\u201d dos minerais, mas deseja parcerias internacionais com transfer\u00eancia de tecnologia.<\/p>\n<p>      <!-- Relacionada --><\/p>\n<p>            <!-- Relacionada -->\n    <\/div>\n","protected":false},"excerpt":{"rendered":"<p>Por EBC, O presidente Luiz In\u00e1cio Lula da Silva\u00a0defendeu neste domingo (19) uma matriz energ\u00e9tica limpa em parceria com a Europa e a prote\u00e7\u00e3o a empregos com o avan\u00e7o da intelig\u00eancia artificial. Na Alemanha, Lula discursou na abertura da maior feira industrial do mundo, a Hannover Messe. Ele\u00a0voltou a criticar os efeitos da guerra dos &hellip;<\/p>\n","protected":false},"author":1,"featured_media":0,"comment_status":"open","ping_status":"open","sticky":false,"template":"","format":"standard","meta":{"_jetpack_memberships_contains_paid_content":false,"footnotes":""},"categories":[2,12225,4],"tags":[],"class_list":["post-459501","post","type-post","status-publish","format-standard","hentry","category-entretenimento","category-noticias","category-servicos"],"yoast_head":"<!-- This site is optimized with the Yoast SEO plugin v27.4 - https:\/\/yoast.com\/product\/yoast-seo-wordpress\/ -->\n<title>Na Alemanha, Lula defende parceria com Europa na descarboniza\u00e7\u00e3o<\/title>\n<meta name=\"robots\" content=\"index, follow, max-snippet:-1, max-image-preview:large, max-video-preview:-1\" \/>\n<link rel=\"canonical\" href=\"https:\/\/agenciabrasil.ebc.com.br\/internacional\/noticia\/2026-04\/na-alemanha-lula-defende-parceria-com-europa-na-descarbonizacao\" \/>\n<meta property=\"og:locale\" content=\"pt_BR\" \/>\n<meta property=\"og:type\" content=\"article\" \/>\n<meta property=\"og:title\" content=\"Na Alemanha, Lula defende parceria com Europa na descarboniza\u00e7\u00e3o\" \/>\n<meta property=\"og:description\" content=\"Por EBC, O presidente Luiz In\u00e1cio Lula da Silva\u00a0defendeu neste domingo (19) uma matriz energ\u00e9tica limpa em parceria com a Europa e a prote\u00e7\u00e3o a empregos com o avan\u00e7o da intelig\u00eancia artificial. Na Alemanha, Lula discursou na abertura da maior feira industrial do mundo, a Hannover Messe. Ele\u00a0voltou a criticar os efeitos da guerra dos &hellip;\" \/>\n<meta property=\"og:url\" content=\"https:\/\/agenciabrasil.ebc.com.br\/internacional\/noticia\/2026-04\/na-alemanha-lula-defende-parceria-com-europa-na-descarbonizacao\" \/>\n<meta property=\"og:site_name\" content=\"MRNews\" \/>\n<meta property=\"article:publisher\" content=\"https:\/\/www.facebook.com\/eaipahpah\/?locale2=pt_BR\" \/>\n<meta property=\"article:published_time\" content=\"2026-04-19T20:28:21+00:00\" \/>\n<meta name=\"author\" content=\"MR News\" \/>\n<meta name=\"twitter:card\" content=\"summary_large_image\" \/>\n<meta name=\"twitter:creator\" content=\"@conspirou\" \/>\n<meta name=\"twitter:site\" content=\"@conspirou\" \/>\n<meta name=\"twitter:label1\" content=\"Escrito por\" \/>\n\t<meta name=\"twitter:data1\" content=\"MR News\" \/>\n\t<meta name=\"twitter:label2\" content=\"Est. tempo de leitura\" \/>\n\t<meta name=\"twitter:data2\" content=\"4 minutos\" \/>\n<script type=\"application\/ld+json\" class=\"yoast-schema-graph\">{\"@context\":\"https:\\\/\\\/schema.org\",\"@graph\":[{\"@type\":\"Article\",\"@id\":\"https:\\\/\\\/agenciabrasil.ebc.com.br\\\/internacional\\\/noticia\\\/2026-04\\\/na-alemanha-lula-defende-parceria-com-europa-na-descarbonizacao#article\",\"isPartOf\":{\"@id\":\"https:\\\/\\\/mrnews.com.br\\\/index.php\\\/2026\\\/04\\\/19\\\/na-alemanha-lula-defende-parceria-com-europa-na-descarbonizacao\\\/\"},\"author\":{\"name\":\"MR News\",\"@id\":\"https:\\\/\\\/mrnews.com.br\\\/#\\\/schema\\\/person\\\/be3203154562a9f207407861cef7827b\"},\"headline\":\"Na Alemanha, Lula defende parceria com Europa na descarboniza\u00e7\u00e3o\",\"datePublished\":\"2026-04-19T20:28:21+00:00\",\"mainEntityOfPage\":{\"@id\":\"https:\\\/\\\/mrnews.com.br\\\/index.php\\\/2026\\\/04\\\/19\\\/na-alemanha-lula-defende-parceria-com-europa-na-descarbonizacao\\\/\"},\"wordCount\":846,\"commentCount\":0,\"publisher\":{\"@id\":\"https:\\\/\\\/mrnews.com.br\\\/#organization\"},\"articleSection\":[\"ENTRETENIMENTO\",\"NOTICIAS\",\"SERVI\u00c7OS\"],\"inLanguage\":\"pt-BR\",\"potentialAction\":[{\"@type\":\"CommentAction\",\"name\":\"Comment\",\"target\":[\"https:\\\/\\\/agenciabrasil.ebc.com.br\\\/internacional\\\/noticia\\\/2026-04\\\/na-alemanha-lula-defende-parceria-com-europa-na-descarbonizacao#respond\"]}]},{\"@type\":\"WebPage\",\"@id\":\"https:\\\/\\\/mrnews.com.br\\\/index.php\\\/2026\\\/04\\\/19\\\/na-alemanha-lula-defende-parceria-com-europa-na-descarbonizacao\\\/\",\"url\":\"https:\\\/\\\/agenciabrasil.ebc.com.br\\\/internacional\\\/noticia\\\/2026-04\\\/na-alemanha-lula-defende-parceria-com-europa-na-descarbonizacao\",\"name\":\"Na Alemanha, Lula defende parceria com Europa na descarboniza\u00e7\u00e3o\",\"isPartOf\":{\"@id\":\"https:\\\/\\\/mrnews.com.br\\\/#website\"},\"datePublished\":\"2026-04-19T20:28:21+00:00\",\"breadcrumb\":{\"@id\":\"https:\\\/\\\/agenciabrasil.ebc.com.br\\\/internacional\\\/noticia\\\/2026-04\\\/na-alemanha-lula-defende-parceria-com-europa-na-descarbonizacao#breadcrumb\"},\"inLanguage\":\"pt-BR\",\"potentialAction\":[{\"@type\":\"ReadAction\",\"target\":[\"https:\\\/\\\/agenciabrasil.ebc.com.br\\\/internacional\\\/noticia\\\/2026-04\\\/na-alemanha-lula-defende-parceria-com-europa-na-descarbonizacao\"]}]},{\"@type\":\"BreadcrumbList\",\"@id\":\"https:\\\/\\\/agenciabrasil.ebc.com.br\\\/internacional\\\/noticia\\\/2026-04\\\/na-alemanha-lula-defende-parceria-com-europa-na-descarbonizacao#breadcrumb\",\"itemListElement\":[{\"@type\":\"ListItem\",\"position\":1,\"name\":\"In\u00edcio\",\"item\":\"https:\\\/\\\/mrnews.com.br\\\/\"},{\"@type\":\"ListItem\",\"position\":2,\"name\":\"Na Alemanha, Lula defende parceria com Europa na descarboniza\u00e7\u00e3o\"}]},{\"@type\":\"WebSite\",\"@id\":\"https:\\\/\\\/mrnews.com.br\\\/#website\",\"url\":\"https:\\\/\\\/mrnews.com.br\\\/\",\"name\":\"MRNews\",\"description\":\"MRNews Jogos de hoje da TV, transmiss\u00f5es ao vivo, Not\u00edcias de futebol, Jogos ao vivo, Lives, resumo de novelas, Programa\u00e7\u00e3o da Globo, A Fazenda e BBB\",\"publisher\":{\"@id\":\"https:\\\/\\\/mrnews.com.br\\\/#organization\"},\"potentialAction\":[{\"@type\":\"SearchAction\",\"target\":{\"@type\":\"EntryPoint\",\"urlTemplate\":\"https:\\\/\\\/mrnews.com.br\\\/?s={search_term_string}\"},\"query-input\":{\"@type\":\"PropertyValueSpecification\",\"valueRequired\":true,\"valueName\":\"search_term_string\"}}],\"inLanguage\":\"pt-BR\"},{\"@type\":\"Organization\",\"@id\":\"https:\\\/\\\/mrnews.com.br\\\/#organization\",\"name\":\"MRNews\",\"url\":\"https:\\\/\\\/mrnews.com.br\\\/\",\"logo\":{\"@type\":\"ImageObject\",\"inLanguage\":\"pt-BR\",\"@id\":\"https:\\\/\\\/mrnews.com.br\\\/#\\\/schema\\\/logo\\\/image\\\/\",\"url\":\"https:\\\/\\\/mrnews.com.br\\\/wp-content\\\/uploads\\\/2019\\\/06\\\/MRNewslogo2.png\",\"contentUrl\":\"https:\\\/\\\/mrnews.com.br\\\/wp-content\\\/uploads\\\/2019\\\/06\\\/MRNewslogo2.png\",\"width\":223,\"height\":58,\"caption\":\"MRNews\"},\"image\":{\"@id\":\"https:\\\/\\\/mrnews.com.br\\\/#\\\/schema\\\/logo\\\/image\\\/\"},\"sameAs\":[\"https:\\\/\\\/www.facebook.com\\\/eaipahpah\\\/?locale2=pt_BR\",\"https:\\\/\\\/x.com\\\/conspirou\",\"https:\\\/\\\/www.instagram.com\\\/eai_pahpah\",\"https:\\\/\\\/br.pinterest.com\\\/mrnewsn\\\/boards\\\/\",\"https:\\\/\\\/www.youtube.com\\\/channel\\\/UCacgnpznQ61fifLWr1tQ-vA?view_as=subscriber\"]},{\"@type\":\"Person\",\"@id\":\"https:\\\/\\\/mrnews.com.br\\\/#\\\/schema\\\/person\\\/be3203154562a9f207407861cef7827b\",\"name\":\"MR News\",\"image\":{\"@type\":\"ImageObject\",\"inLanguage\":\"pt-BR\",\"@id\":\"https:\\\/\\\/secure.gravatar.com\\\/avatar\\\/04084e6d73c042b8646e7c17b494073bf0ede3ea13c7105cfc45cbbbc28385a4?s=96&d=monsterid&r=g\",\"url\":\"https:\\\/\\\/secure.gravatar.com\\\/avatar\\\/04084e6d73c042b8646e7c17b494073bf0ede3ea13c7105cfc45cbbbc28385a4?s=96&d=monsterid&r=g\",\"contentUrl\":\"https:\\\/\\\/secure.gravatar.com\\\/avatar\\\/04084e6d73c042b8646e7c17b494073bf0ede3ea13c7105cfc45cbbbc28385a4?s=96&d=monsterid&r=g\",\"caption\":\"MR News\"},\"description\":\"Especializado em jornalismo colaborativo pela FTP em n\u00edvel de p\u00f3s-gradua\u00e7\u00e3o. suporte@oimeliga.combr\",\"sameAs\":[\"HUGO R.\",\"Admin\"],\"url\":\"https:\\\/\\\/mrnews.com.br\\\/index.php\\\/author\\\/admin\\\/\"}]}<\/script>\n<!-- \/ Yoast SEO plugin. -->","yoast_head_json":{"title":"Na Alemanha, Lula defende parceria com Europa na descarboniza\u00e7\u00e3o","robots":{"index":"index","follow":"follow","max-snippet":"max-snippet:-1","max-image-preview":"max-image-preview:large","max-video-preview":"max-video-preview:-1"},"canonical":"https:\/\/agenciabrasil.ebc.com.br\/internacional\/noticia\/2026-04\/na-alemanha-lula-defende-parceria-com-europa-na-descarbonizacao","og_locale":"pt_BR","og_type":"article","og_title":"Na Alemanha, Lula defende parceria com Europa na descarboniza\u00e7\u00e3o","og_description":"Por EBC, O presidente Luiz In\u00e1cio Lula da Silva\u00a0defendeu neste domingo (19) uma matriz energ\u00e9tica limpa em parceria com a Europa e a prote\u00e7\u00e3o a empregos com o avan\u00e7o da intelig\u00eancia artificial. Na Alemanha, Lula discursou na abertura da maior feira industrial do mundo, a Hannover Messe. Ele\u00a0voltou a criticar os efeitos da guerra dos &hellip;","og_url":"https:\/\/agenciabrasil.ebc.com.br\/internacional\/noticia\/2026-04\/na-alemanha-lula-defende-parceria-com-europa-na-descarbonizacao","og_site_name":"MRNews","article_publisher":"https:\/\/www.facebook.com\/eaipahpah\/?locale2=pt_BR","article_published_time":"2026-04-19T20:28:21+00:00","author":"MR News","twitter_card":"summary_large_image","twitter_creator":"@conspirou","twitter_site":"@conspirou","twitter_misc":{"Escrito por":"MR News","Est. tempo de leitura":"4 minutos"},"schema":{"@context":"https:\/\/schema.org","@graph":[{"@type":"Article","@id":"https:\/\/agenciabrasil.ebc.com.br\/internacional\/noticia\/2026-04\/na-alemanha-lula-defende-parceria-com-europa-na-descarbonizacao#article","isPartOf":{"@id":"https:\/\/mrnews.com.br\/index.php\/2026\/04\/19\/na-alemanha-lula-defende-parceria-com-europa-na-descarbonizacao\/"},"author":{"name":"MR News","@id":"https:\/\/mrnews.com.br\/#\/schema\/person\/be3203154562a9f207407861cef7827b"},"headline":"Na Alemanha, Lula defende parceria com Europa na descarboniza\u00e7\u00e3o","datePublished":"2026-04-19T20:28:21+00:00","mainEntityOfPage":{"@id":"https:\/\/mrnews.com.br\/index.php\/2026\/04\/19\/na-alemanha-lula-defende-parceria-com-europa-na-descarbonizacao\/"},"wordCount":846,"commentCount":0,"publisher":{"@id":"https:\/\/mrnews.com.br\/#organization"},"articleSection":["ENTRETENIMENTO","NOTICIAS","SERVI\u00c7OS"],"inLanguage":"pt-BR","potentialAction":[{"@type":"CommentAction","name":"Comment","target":["https:\/\/agenciabrasil.ebc.com.br\/internacional\/noticia\/2026-04\/na-alemanha-lula-defende-parceria-com-europa-na-descarbonizacao#respond"]}]},{"@type":"WebPage","@id":"https:\/\/mrnews.com.br\/index.php\/2026\/04\/19\/na-alemanha-lula-defende-parceria-com-europa-na-descarbonizacao\/","url":"https:\/\/agenciabrasil.ebc.com.br\/internacional\/noticia\/2026-04\/na-alemanha-lula-defende-parceria-com-europa-na-descarbonizacao","name":"Na Alemanha, Lula defende parceria com Europa na descarboniza\u00e7\u00e3o","isPartOf":{"@id":"https:\/\/mrnews.com.br\/#website"},"datePublished":"2026-04-19T20:28:21+00:00","breadcrumb":{"@id":"https:\/\/agenciabrasil.ebc.com.br\/internacional\/noticia\/2026-04\/na-alemanha-lula-defende-parceria-com-europa-na-descarbonizacao#breadcrumb"},"inLanguage":"pt-BR","potentialAction":[{"@type":"ReadAction","target":["https:\/\/agenciabrasil.ebc.com.br\/internacional\/noticia\/2026-04\/na-alemanha-lula-defende-parceria-com-europa-na-descarbonizacao"]}]},{"@type":"BreadcrumbList","@id":"https:\/\/agenciabrasil.ebc.com.br\/internacional\/noticia\/2026-04\/na-alemanha-lula-defende-parceria-com-europa-na-descarbonizacao#breadcrumb","itemListElement":[{"@type":"ListItem","position":1,"name":"In\u00edcio","item":"https:\/\/mrnews.com.br\/"},{"@type":"ListItem","position":2,"name":"Na Alemanha, Lula defende parceria com Europa na descarboniza\u00e7\u00e3o"}]},{"@type":"WebSite","@id":"https:\/\/mrnews.com.br\/#website","url":"https:\/\/mrnews.com.br\/","name":"MRNews","description":"MRNews Jogos de hoje da TV, transmiss\u00f5es ao vivo, Not\u00edcias de futebol, Jogos ao vivo, Lives, resumo de novelas, Programa\u00e7\u00e3o da Globo, A Fazenda e BBB","publisher":{"@id":"https:\/\/mrnews.com.br\/#organization"},"potentialAction":[{"@type":"SearchAction","target":{"@type":"EntryPoint","urlTemplate":"https:\/\/mrnews.com.br\/?s={search_term_string}"},"query-input":{"@type":"PropertyValueSpecification","valueRequired":true,"valueName":"search_term_string"}}],"inLanguage":"pt-BR"},{"@type":"Organization","@id":"https:\/\/mrnews.com.br\/#organization","name":"MRNews","url":"https:\/\/mrnews.com.br\/","logo":{"@type":"ImageObject","inLanguage":"pt-BR","@id":"https:\/\/mrnews.com.br\/#\/schema\/logo\/image\/","url":"https:\/\/mrnews.com.br\/wp-content\/uploads\/2019\/06\/MRNewslogo2.png","contentUrl":"https:\/\/mrnews.com.br\/wp-content\/uploads\/2019\/06\/MRNewslogo2.png","width":223,"height":58,"caption":"MRNews"},"image":{"@id":"https:\/\/mrnews.com.br\/#\/schema\/logo\/image\/"},"sameAs":["https:\/\/www.facebook.com\/eaipahpah\/?locale2=pt_BR","https:\/\/x.com\/conspirou","https:\/\/www.instagram.com\/eai_pahpah","https:\/\/br.pinterest.com\/mrnewsn\/boards\/","https:\/\/www.youtube.com\/channel\/UCacgnpznQ61fifLWr1tQ-vA?view_as=subscriber"]},{"@type":"Person","@id":"https:\/\/mrnews.com.br\/#\/schema\/person\/be3203154562a9f207407861cef7827b","name":"MR News","image":{"@type":"ImageObject","inLanguage":"pt-BR","@id":"https:\/\/secure.gravatar.com\/avatar\/04084e6d73c042b8646e7c17b494073bf0ede3ea13c7105cfc45cbbbc28385a4?s=96&d=monsterid&r=g","url":"https:\/\/secure.gravatar.com\/avatar\/04084e6d73c042b8646e7c17b494073bf0ede3ea13c7105cfc45cbbbc28385a4?s=96&d=monsterid&r=g","contentUrl":"https:\/\/secure.gravatar.com\/avatar\/04084e6d73c042b8646e7c17b494073bf0ede3ea13c7105cfc45cbbbc28385a4?s=96&d=monsterid&r=g","caption":"MR News"},"description":"Especializado em jornalismo colaborativo pela FTP em n\u00edvel de p\u00f3s-gradua\u00e7\u00e3o. suporte@oimeliga.combr","sameAs":["HUGO R.","Admin"],"url":"https:\/\/mrnews.com.br\/index.php\/author\/admin\/"}]}},"jetpack_featured_media_url":"","jetpack_sharing_enabled":true,"jetpack_shortlink":"https:\/\/wp.me\/pa2Qf7-1Vxj","amp_enabled":true,"_links":{"self":[{"href":"https:\/\/mrnews.com.br\/index.php\/wp-json\/wp\/v2\/posts\/459501","targetHints":{"allow":["GET"]}}],"collection":[{"href":"https:\/\/mrnews.com.br\/index.php\/wp-json\/wp\/v2\/posts"}],"about":[{"href":"https:\/\/mrnews.com.br\/index.php\/wp-json\/wp\/v2\/types\/post"}],"author":[{"embeddable":true,"href":"https:\/\/mrnews.com.br\/index.php\/wp-json\/wp\/v2\/users\/1"}],"replies":[{"embeddable":true,"href":"https:\/\/mrnews.com.br\/index.php\/wp-json\/wp\/v2\/comments?post=459501"}],"version-history":[{"count":0,"href":"https:\/\/mrnews.com.br\/index.php\/wp-json\/wp\/v2\/posts\/459501\/revisions"}],"wp:attachment":[{"href":"https:\/\/mrnews.com.br\/index.php\/wp-json\/wp\/v2\/media?parent=459501"}],"wp:term":[{"taxonomy":"category","embeddable":true,"href":"https:\/\/mrnews.com.br\/index.php\/wp-json\/wp\/v2\/categories?post=459501"},{"taxonomy":"post_tag","embeddable":true,"href":"https:\/\/mrnews.com.br\/index.php\/wp-json\/wp\/v2\/tags?post=459501"}],"curies":[{"name":"wp","href":"https:\/\/api.w.org\/{rel}","templated":true}]}}