{"id":459510,"date":"2026-04-19T20:51:46","date_gmt":"2026-04-19T23:51:46","guid":{"rendered":"https:\/\/mrnews.com.br\/?p=459510"},"modified":"2026-04-19T20:51:46","modified_gmt":"2026-04-19T23:51:46","slug":"globo-e-criticada-por-manter-tadeu-schmidt-no-bbb26-em-meio-ao-luto-pela-morte-de-oscar-schmidt","status":"publish","type":"post","link":"https:\/\/mrnews.com.br\/index.php\/2026\/04\/19\/globo-e-criticada-por-manter-tadeu-schmidt-no-bbb26-em-meio-ao-luto-pela-morte-de-oscar-schmidt\/","title":{"rendered":"Globo \u00e9 criticada por manter Tadeu Schmidt no BBB26 em meio ao luto pela morte de Oscar Schmidt"},"content":{"rendered":"<p>Globo \u00e9 criticada por manter Tadeu Schmidt no BBB26 em meio ao luto pela morte de Oscar Schmidt<\/p>\n<p>A decis\u00e3o da TV Globo de manter Tadeu Schmidt no comando do Big Brother Brasil 26 nesta sexta-feira (17) gerou forte repercuss\u00e3o nas redes sociais. O apresentador enfrentou a perda recente do irm\u00e3o, Oscar Schmidt, um dos maiores nomes da hist\u00f3ria do esporte brasileiro, falecido aos 68 anos.<\/p>\n<p>Mesmo diante do momento delicado, a emissora confirmou que Tadeu abriria o programa com uma homenagem ao ex-atleta, o que dividiu opini\u00f5es entre o p\u00fablico.<\/p>\n<h2>Rea\u00e7\u00e3o nas redes: cr\u00edticas e apoio<\/h2>\n<p>Assim que a informa\u00e7\u00e3o foi divulgada, internautas passaram a questionar a decis\u00e3o da emissora. Muitos consideraram a escolha insens\u00edvel, apontando que o apresentador deveria ter sido afastado para viver o luto em privado.<\/p>\n<p>Coment\u00e1rios nas redes sociais classificaram a situa\u00e7\u00e3o como \u201cdesumana\u201d e acusaram a emissora de priorizar audi\u00eancia em um momento pessoal t\u00e3o delicado. A repercuss\u00e3o negativa ganhou for\u00e7a rapidamente, tornando o tema um dos mais comentados do dia.<\/p>\n<p>Por outro lado, parte do p\u00fablico adotou uma vis\u00e3o diferente. Alguns usu\u00e1rios destacaram que a perman\u00eancia no programa pode ter sido uma decis\u00e3o do pr\u00f3prio Tadeu Schmidt, que j\u00e1 demonstrou em outras ocasi\u00f5es forte compromisso com o trabalho.<\/p>\n<h2>Homenagem ao \u00eddolo do basquete<\/h2>\n<p>A abertura do reality foi marcada por um tributo ao legado de Oscar Schmidt. Conhecido como \u201cM\u00e3o Santa\u201d, o ex-jogador construiu uma carreira hist\u00f3rica, com n\u00fameros impressionantes e grande representatividade internacional.<\/p>\n<p>A fam\u00edlia confirmou a morte do atleta ap\u00f3s um mal-estar em sua resid\u00eancia, sendo levado ao hospital j\u00e1 em parada cardiorrespirat\u00f3ria. Oscar enfrentava problemas de sa\u00fade h\u00e1 anos, incluindo um tumor cerebral diagnosticado anteriormente.<\/p>\n<h2>Despedida reservada e legado eterno<\/h2>\n<p>A despedida do \u00eddolo foi realizada de forma restrita, com cerim\u00f4nia voltada apenas para familiares e amigos pr\u00f3ximos. A decis\u00e3o refor\u00e7a o momento de luto vivido pela fam\u00edlia, longe da exposi\u00e7\u00e3o p\u00fablica.<\/p>\n<p>Mesmo assim, a homenagem em rede nacional no BBB26 acabou se tornando o principal ponto de conex\u00e3o entre o p\u00fablico e a despedida do atleta.<\/p>\n<h2>Entre o profissional e o pessoal<\/h2>\n<p>O epis\u00f3dio reacende um debate recorrente no meio televisivo: at\u00e9 que ponto o compromisso profissional deve prevalecer sobre quest\u00f5es pessoais?<\/p>\n<p>No caso de Tadeu Schmidt, a situa\u00e7\u00e3o exp\u00f4s n\u00e3o apenas a press\u00e3o da televis\u00e3o ao vivo, mas tamb\u00e9m a expectativa do p\u00fablico diante de momentos de vulnerabilidade de figuras p\u00fablicas.<\/p>\n<p>Independentemente das opini\u00f5es, o fato \u00e9 que a noite ficou marcada por emo\u00e7\u00e3o, homenagem e tamb\u00e9m por uma discuss\u00e3o importante sobre limites, empatia e escolhas individuais.<\/p>\n<hr \/>\n<p><strong>Tags:<\/strong> BBB26, Globo, Tadeu Schmidt, Oscar Schmidt, Reality Show, Televis\u00e3o, Luto, Pol\u00eamica, Audi\u00eancia, Celebridades<\/p>\n","protected":false},"excerpt":{"rendered":"<p>Globo \u00e9 criticada por manter Tadeu Schmidt no BBB26 em meio ao luto pela morte de Oscar Schmidt A decis\u00e3o da TV Globo de manter Tadeu Schmidt no comando do Big Brother Brasil 26 nesta sexta-feira (17) gerou forte repercuss\u00e3o nas redes sociais. O apresentador enfrentou a perda recente do irm\u00e3o, Oscar Schmidt, um dos &hellip;<\/p>\n","protected":false},"author":1,"featured_media":352379,"comment_status":"open","ping_status":"open","sticky":false,"template":"","format":"standard","meta":{"_jetpack_memberships_contains_paid_content":false,"footnotes":""},"categories":[2],"tags":[],"class_list":["post-459510","post","type-post","status-publish","format-standard","has-post-thumbnail","hentry","category-entretenimento"],"yoast_head":"<!-- This site is optimized with the Yoast SEO plugin v27.4 - https:\/\/yoast.com\/product\/yoast-seo-wordpress\/ -->\n<title>Globo \u00e9 criticada por manter Tadeu Schmidt no BBB26 em meio ao luto pela morte de Oscar Schmidt<\/title>\n<meta name=\"robots\" content=\"index, follow, max-snippet:-1, max-image-preview:large, max-video-preview:-1\" \/>\n<link rel=\"canonical\" href=\"https:\/\/mrnews.com.br\/index.php\/2026\/04\/19\/globo-e-criticada-por-manter-tadeu-schmidt-no-bbb26-em-meio-ao-luto-pela-morte-de-oscar-schmidt\/\" \/>\n<meta property=\"og:locale\" content=\"pt_BR\" \/>\n<meta property=\"og:type\" content=\"article\" \/>\n<meta property=\"og:title\" content=\"Globo \u00e9 criticada por manter Tadeu Schmidt no BBB26 em meio ao luto pela morte de Oscar Schmidt\" \/>\n<meta property=\"og:description\" content=\"Globo \u00e9 criticada por manter Tadeu Schmidt no BBB26 em meio ao luto pela morte de Oscar Schmidt A decis\u00e3o da TV Globo de manter Tadeu Schmidt no comando do Big Brother Brasil 26 nesta sexta-feira (17) gerou forte repercuss\u00e3o nas redes sociais. O apresentador enfrentou a perda recente do irm\u00e3o, Oscar Schmidt, um dos &hellip;\" \/>\n<meta property=\"og:url\" content=\"https:\/\/mrnews.com.br\/index.php\/2026\/04\/19\/globo-e-criticada-por-manter-tadeu-schmidt-no-bbb26-em-meio-ao-luto-pela-morte-de-oscar-schmidt\/\" \/>\n<meta property=\"og:site_name\" content=\"MRNews\" \/>\n<meta property=\"article:publisher\" content=\"https:\/\/www.facebook.com\/eaipahpah\/?locale2=pt_BR\" \/>\n<meta property=\"article:published_time\" content=\"2026-04-19T23:51:46+00:00\" \/>\n<meta property=\"og:image\" content=\"https:\/\/mrnews.com.br\/wp-content\/uploads\/2022\/06\/luto-ator-famoso.jpeg\" \/>\n\t<meta property=\"og:image:width\" content=\"696\" \/>\n\t<meta property=\"og:image:height\" content=\"365\" \/>\n\t<meta property=\"og:image:type\" content=\"image\/jpeg\" \/>\n<meta name=\"author\" content=\"MR News\" \/>\n<meta name=\"twitter:card\" content=\"summary_large_image\" \/>\n<meta name=\"twitter:creator\" content=\"@conspirou\" \/>\n<meta name=\"twitter:site\" content=\"@conspirou\" \/>\n<meta name=\"twitter:label1\" content=\"Escrito por\" \/>\n\t<meta name=\"twitter:data1\" content=\"MR News\" \/>\n\t<meta name=\"twitter:label2\" content=\"Est. tempo de leitura\" \/>\n\t<meta name=\"twitter:data2\" content=\"3 minutos\" \/>\n<script type=\"application\/ld+json\" class=\"yoast-schema-graph\">{\"@context\":\"https:\\\/\\\/schema.org\",\"@graph\":[{\"@type\":\"Article\",\"@id\":\"https:\\\/\\\/mrnews.com.br\\\/index.php\\\/2026\\\/04\\\/19\\\/globo-e-criticada-por-manter-tadeu-schmidt-no-bbb26-em-meio-ao-luto-pela-morte-de-oscar-schmidt\\\/#article\",\"isPartOf\":{\"@id\":\"https:\\\/\\\/mrnews.com.br\\\/index.php\\\/2026\\\/04\\\/19\\\/globo-e-criticada-por-manter-tadeu-schmidt-no-bbb26-em-meio-ao-luto-pela-morte-de-oscar-schmidt\\\/\"},\"author\":{\"name\":\"MR News\",\"@id\":\"https:\\\/\\\/mrnews.com.br\\\/#\\\/schema\\\/person\\\/be3203154562a9f207407861cef7827b\"},\"headline\":\"Globo \u00e9 criticada por manter Tadeu Schmidt no BBB26 em meio ao luto pela morte de Oscar Schmidt\",\"datePublished\":\"2026-04-19T23:51:46+00:00\",\"mainEntityOfPage\":{\"@id\":\"https:\\\/\\\/mrnews.com.br\\\/index.php\\\/2026\\\/04\\\/19\\\/globo-e-criticada-por-manter-tadeu-schmidt-no-bbb26-em-meio-ao-luto-pela-morte-de-oscar-schmidt\\\/\"},\"wordCount\":503,\"commentCount\":0,\"publisher\":{\"@id\":\"https:\\\/\\\/mrnews.com.br\\\/#organization\"},\"image\":{\"@id\":\"https:\\\/\\\/mrnews.com.br\\\/index.php\\\/2026\\\/04\\\/19\\\/globo-e-criticada-por-manter-tadeu-schmidt-no-bbb26-em-meio-ao-luto-pela-morte-de-oscar-schmidt\\\/#primaryimage\"},\"thumbnailUrl\":\"https:\\\/\\\/mrnews.com.br\\\/wp-content\\\/uploads\\\/2022\\\/06\\\/luto-ator-famoso.jpeg\",\"articleSection\":[\"ENTRETENIMENTO\"],\"inLanguage\":\"pt-BR\",\"potentialAction\":[{\"@type\":\"CommentAction\",\"name\":\"Comment\",\"target\":[\"https:\\\/\\\/mrnews.com.br\\\/index.php\\\/2026\\\/04\\\/19\\\/globo-e-criticada-por-manter-tadeu-schmidt-no-bbb26-em-meio-ao-luto-pela-morte-de-oscar-schmidt\\\/#respond\"]}]},{\"@type\":\"WebPage\",\"@id\":\"https:\\\/\\\/mrnews.com.br\\\/index.php\\\/2026\\\/04\\\/19\\\/globo-e-criticada-por-manter-tadeu-schmidt-no-bbb26-em-meio-ao-luto-pela-morte-de-oscar-schmidt\\\/\",\"url\":\"https:\\\/\\\/mrnews.com.br\\\/index.php\\\/2026\\\/04\\\/19\\\/globo-e-criticada-por-manter-tadeu-schmidt-no-bbb26-em-meio-ao-luto-pela-morte-de-oscar-schmidt\\\/\",\"name\":\"Globo \u00e9 criticada por manter Tadeu Schmidt no BBB26 em meio ao luto pela morte de Oscar Schmidt\",\"isPartOf\":{\"@id\":\"https:\\\/\\\/mrnews.com.br\\\/#website\"},\"primaryImageOfPage\":{\"@id\":\"https:\\\/\\\/mrnews.com.br\\\/index.php\\\/2026\\\/04\\\/19\\\/globo-e-criticada-por-manter-tadeu-schmidt-no-bbb26-em-meio-ao-luto-pela-morte-de-oscar-schmidt\\\/#primaryimage\"},\"image\":{\"@id\":\"https:\\\/\\\/mrnews.com.br\\\/index.php\\\/2026\\\/04\\\/19\\\/globo-e-criticada-por-manter-tadeu-schmidt-no-bbb26-em-meio-ao-luto-pela-morte-de-oscar-schmidt\\\/#primaryimage\"},\"thumbnailUrl\":\"https:\\\/\\\/mrnews.com.br\\\/wp-content\\\/uploads\\\/2022\\\/06\\\/luto-ator-famoso.jpeg\",\"datePublished\":\"2026-04-19T23:51:46+00:00\",\"breadcrumb\":{\"@id\":\"https:\\\/\\\/mrnews.com.br\\\/index.php\\\/2026\\\/04\\\/19\\\/globo-e-criticada-por-manter-tadeu-schmidt-no-bbb26-em-meio-ao-luto-pela-morte-de-oscar-schmidt\\\/#breadcrumb\"},\"inLanguage\":\"pt-BR\",\"potentialAction\":[{\"@type\":\"ReadAction\",\"target\":[\"https:\\\/\\\/mrnews.com.br\\\/index.php\\\/2026\\\/04\\\/19\\\/globo-e-criticada-por-manter-tadeu-schmidt-no-bbb26-em-meio-ao-luto-pela-morte-de-oscar-schmidt\\\/\"]}]},{\"@type\":\"ImageObject\",\"inLanguage\":\"pt-BR\",\"@id\":\"https:\\\/\\\/mrnews.com.br\\\/index.php\\\/2026\\\/04\\\/19\\\/globo-e-criticada-por-manter-tadeu-schmidt-no-bbb26-em-meio-ao-luto-pela-morte-de-oscar-schmidt\\\/#primaryimage\",\"url\":\"https:\\\/\\\/mrnews.com.br\\\/wp-content\\\/uploads\\\/2022\\\/06\\\/luto-ator-famoso.jpeg\",\"contentUrl\":\"https:\\\/\\\/mrnews.com.br\\\/wp-content\\\/uploads\\\/2022\\\/06\\\/luto-ator-famoso.jpeg\",\"width\":696,\"height\":365},{\"@type\":\"BreadcrumbList\",\"@id\":\"https:\\\/\\\/mrnews.com.br\\\/index.php\\\/2026\\\/04\\\/19\\\/globo-e-criticada-por-manter-tadeu-schmidt-no-bbb26-em-meio-ao-luto-pela-morte-de-oscar-schmidt\\\/#breadcrumb\",\"itemListElement\":[{\"@type\":\"ListItem\",\"position\":1,\"name\":\"In\u00edcio\",\"item\":\"https:\\\/\\\/mrnews.com.br\\\/\"},{\"@type\":\"ListItem\",\"position\":2,\"name\":\"Globo \u00e9 criticada por manter Tadeu Schmidt no BBB26 em meio ao luto pela morte de Oscar Schmidt\"}]},{\"@type\":\"WebSite\",\"@id\":\"https:\\\/\\\/mrnews.com.br\\\/#website\",\"url\":\"https:\\\/\\\/mrnews.com.br\\\/\",\"name\":\"MRNews\",\"description\":\"MRNews Jogos de hoje da TV, transmiss\u00f5es ao vivo, Not\u00edcias de futebol, Jogos ao vivo, Lives, resumo de novelas, Programa\u00e7\u00e3o da Globo, A Fazenda e BBB\",\"publisher\":{\"@id\":\"https:\\\/\\\/mrnews.com.br\\\/#organization\"},\"potentialAction\":[{\"@type\":\"SearchAction\",\"target\":{\"@type\":\"EntryPoint\",\"urlTemplate\":\"https:\\\/\\\/mrnews.com.br\\\/?s={search_term_string}\"},\"query-input\":{\"@type\":\"PropertyValueSpecification\",\"valueRequired\":true,\"valueName\":\"search_term_string\"}}],\"inLanguage\":\"pt-BR\"},{\"@type\":\"Organization\",\"@id\":\"https:\\\/\\\/mrnews.com.br\\\/#organization\",\"name\":\"MRNews\",\"url\":\"https:\\\/\\\/mrnews.com.br\\\/\",\"logo\":{\"@type\":\"ImageObject\",\"inLanguage\":\"pt-BR\",\"@id\":\"https:\\\/\\\/mrnews.com.br\\\/#\\\/schema\\\/logo\\\/image\\\/\",\"url\":\"https:\\\/\\\/mrnews.com.br\\\/wp-content\\\/uploads\\\/2019\\\/06\\\/MRNewslogo2.png\",\"contentUrl\":\"https:\\\/\\\/mrnews.com.br\\\/wp-content\\\/uploads\\\/2019\\\/06\\\/MRNewslogo2.png\",\"width\":223,\"height\":58,\"caption\":\"MRNews\"},\"image\":{\"@id\":\"https:\\\/\\\/mrnews.com.br\\\/#\\\/schema\\\/logo\\\/image\\\/\"},\"sameAs\":[\"https:\\\/\\\/www.facebook.com\\\/eaipahpah\\\/?locale2=pt_BR\",\"https:\\\/\\\/x.com\\\/conspirou\",\"https:\\\/\\\/www.instagram.com\\\/eai_pahpah\",\"https:\\\/\\\/br.pinterest.com\\\/mrnewsn\\\/boards\\\/\",\"https:\\\/\\\/www.youtube.com\\\/channel\\\/UCacgnpznQ61fifLWr1tQ-vA?view_as=subscriber\"]},{\"@type\":\"Person\",\"@id\":\"https:\\\/\\\/mrnews.com.br\\\/#\\\/schema\\\/person\\\/be3203154562a9f207407861cef7827b\",\"name\":\"MR News\",\"image\":{\"@type\":\"ImageObject\",\"inLanguage\":\"pt-BR\",\"@id\":\"https:\\\/\\\/secure.gravatar.com\\\/avatar\\\/04084e6d73c042b8646e7c17b494073bf0ede3ea13c7105cfc45cbbbc28385a4?s=96&d=monsterid&r=g\",\"url\":\"https:\\\/\\\/secure.gravatar.com\\\/avatar\\\/04084e6d73c042b8646e7c17b494073bf0ede3ea13c7105cfc45cbbbc28385a4?s=96&d=monsterid&r=g\",\"contentUrl\":\"https:\\\/\\\/secure.gravatar.com\\\/avatar\\\/04084e6d73c042b8646e7c17b494073bf0ede3ea13c7105cfc45cbbbc28385a4?s=96&d=monsterid&r=g\",\"caption\":\"MR News\"},\"description\":\"Especializado em jornalismo colaborativo pela FTP em n\u00edvel de p\u00f3s-gradua\u00e7\u00e3o. suporte@oimeliga.combr\",\"sameAs\":[\"HUGO R.\",\"Admin\"],\"url\":\"https:\\\/\\\/mrnews.com.br\\\/index.php\\\/author\\\/admin\\\/\"}]}<\/script>\n<!-- \/ Yoast SEO plugin. -->","yoast_head_json":{"title":"Globo \u00e9 criticada por manter Tadeu Schmidt no BBB26 em meio ao luto pela morte de Oscar Schmidt","robots":{"index":"index","follow":"follow","max-snippet":"max-snippet:-1","max-image-preview":"max-image-preview:large","max-video-preview":"max-video-preview:-1"},"canonical":"https:\/\/mrnews.com.br\/index.php\/2026\/04\/19\/globo-e-criticada-por-manter-tadeu-schmidt-no-bbb26-em-meio-ao-luto-pela-morte-de-oscar-schmidt\/","og_locale":"pt_BR","og_type":"article","og_title":"Globo \u00e9 criticada por manter Tadeu Schmidt no BBB26 em meio ao luto pela morte de Oscar Schmidt","og_description":"Globo \u00e9 criticada por manter Tadeu Schmidt no BBB26 em meio ao luto pela morte de Oscar Schmidt A decis\u00e3o da TV Globo de manter Tadeu Schmidt no comando do Big Brother Brasil 26 nesta sexta-feira (17) gerou forte repercuss\u00e3o nas redes sociais. O apresentador enfrentou a perda recente do irm\u00e3o, Oscar Schmidt, um dos &hellip;","og_url":"https:\/\/mrnews.com.br\/index.php\/2026\/04\/19\/globo-e-criticada-por-manter-tadeu-schmidt-no-bbb26-em-meio-ao-luto-pela-morte-de-oscar-schmidt\/","og_site_name":"MRNews","article_publisher":"https:\/\/www.facebook.com\/eaipahpah\/?locale2=pt_BR","article_published_time":"2026-04-19T23:51:46+00:00","og_image":[{"width":696,"height":365,"url":"https:\/\/mrnews.com.br\/wp-content\/uploads\/2022\/06\/luto-ator-famoso.jpeg","type":"image\/jpeg"}],"author":"MR News","twitter_card":"summary_large_image","twitter_creator":"@conspirou","twitter_site":"@conspirou","twitter_misc":{"Escrito por":"MR News","Est. tempo de leitura":"3 minutos"},"schema":{"@context":"https:\/\/schema.org","@graph":[{"@type":"Article","@id":"https:\/\/mrnews.com.br\/index.php\/2026\/04\/19\/globo-e-criticada-por-manter-tadeu-schmidt-no-bbb26-em-meio-ao-luto-pela-morte-de-oscar-schmidt\/#article","isPartOf":{"@id":"https:\/\/mrnews.com.br\/index.php\/2026\/04\/19\/globo-e-criticada-por-manter-tadeu-schmidt-no-bbb26-em-meio-ao-luto-pela-morte-de-oscar-schmidt\/"},"author":{"name":"MR News","@id":"https:\/\/mrnews.com.br\/#\/schema\/person\/be3203154562a9f207407861cef7827b"},"headline":"Globo \u00e9 criticada por manter Tadeu Schmidt no BBB26 em meio ao luto pela morte de Oscar Schmidt","datePublished":"2026-04-19T23:51:46+00:00","mainEntityOfPage":{"@id":"https:\/\/mrnews.com.br\/index.php\/2026\/04\/19\/globo-e-criticada-por-manter-tadeu-schmidt-no-bbb26-em-meio-ao-luto-pela-morte-de-oscar-schmidt\/"},"wordCount":503,"commentCount":0,"publisher":{"@id":"https:\/\/mrnews.com.br\/#organization"},"image":{"@id":"https:\/\/mrnews.com.br\/index.php\/2026\/04\/19\/globo-e-criticada-por-manter-tadeu-schmidt-no-bbb26-em-meio-ao-luto-pela-morte-de-oscar-schmidt\/#primaryimage"},"thumbnailUrl":"https:\/\/mrnews.com.br\/wp-content\/uploads\/2022\/06\/luto-ator-famoso.jpeg","articleSection":["ENTRETENIMENTO"],"inLanguage":"pt-BR","potentialAction":[{"@type":"CommentAction","name":"Comment","target":["https:\/\/mrnews.com.br\/index.php\/2026\/04\/19\/globo-e-criticada-por-manter-tadeu-schmidt-no-bbb26-em-meio-ao-luto-pela-morte-de-oscar-schmidt\/#respond"]}]},{"@type":"WebPage","@id":"https:\/\/mrnews.com.br\/index.php\/2026\/04\/19\/globo-e-criticada-por-manter-tadeu-schmidt-no-bbb26-em-meio-ao-luto-pela-morte-de-oscar-schmidt\/","url":"https:\/\/mrnews.com.br\/index.php\/2026\/04\/19\/globo-e-criticada-por-manter-tadeu-schmidt-no-bbb26-em-meio-ao-luto-pela-morte-de-oscar-schmidt\/","name":"Globo \u00e9 criticada por manter Tadeu Schmidt no BBB26 em meio ao luto pela morte de Oscar Schmidt","isPartOf":{"@id":"https:\/\/mrnews.com.br\/#website"},"primaryImageOfPage":{"@id":"https:\/\/mrnews.com.br\/index.php\/2026\/04\/19\/globo-e-criticada-por-manter-tadeu-schmidt-no-bbb26-em-meio-ao-luto-pela-morte-de-oscar-schmidt\/#primaryimage"},"image":{"@id":"https:\/\/mrnews.com.br\/index.php\/2026\/04\/19\/globo-e-criticada-por-manter-tadeu-schmidt-no-bbb26-em-meio-ao-luto-pela-morte-de-oscar-schmidt\/#primaryimage"},"thumbnailUrl":"https:\/\/mrnews.com.br\/wp-content\/uploads\/2022\/06\/luto-ator-famoso.jpeg","datePublished":"2026-04-19T23:51:46+00:00","breadcrumb":{"@id":"https:\/\/mrnews.com.br\/index.php\/2026\/04\/19\/globo-e-criticada-por-manter-tadeu-schmidt-no-bbb26-em-meio-ao-luto-pela-morte-de-oscar-schmidt\/#breadcrumb"},"inLanguage":"pt-BR","potentialAction":[{"@type":"ReadAction","target":["https:\/\/mrnews.com.br\/index.php\/2026\/04\/19\/globo-e-criticada-por-manter-tadeu-schmidt-no-bbb26-em-meio-ao-luto-pela-morte-de-oscar-schmidt\/"]}]},{"@type":"ImageObject","inLanguage":"pt-BR","@id":"https:\/\/mrnews.com.br\/index.php\/2026\/04\/19\/globo-e-criticada-por-manter-tadeu-schmidt-no-bbb26-em-meio-ao-luto-pela-morte-de-oscar-schmidt\/#primaryimage","url":"https:\/\/mrnews.com.br\/wp-content\/uploads\/2022\/06\/luto-ator-famoso.jpeg","contentUrl":"https:\/\/mrnews.com.br\/wp-content\/uploads\/2022\/06\/luto-ator-famoso.jpeg","width":696,"height":365},{"@type":"BreadcrumbList","@id":"https:\/\/mrnews.com.br\/index.php\/2026\/04\/19\/globo-e-criticada-por-manter-tadeu-schmidt-no-bbb26-em-meio-ao-luto-pela-morte-de-oscar-schmidt\/#breadcrumb","itemListElement":[{"@type":"ListItem","position":1,"name":"In\u00edcio","item":"https:\/\/mrnews.com.br\/"},{"@type":"ListItem","position":2,"name":"Globo \u00e9 criticada por manter Tadeu Schmidt no BBB26 em meio ao luto pela morte de Oscar Schmidt"}]},{"@type":"WebSite","@id":"https:\/\/mrnews.com.br\/#website","url":"https:\/\/mrnews.com.br\/","name":"MRNews","description":"MRNews Jogos de hoje da TV, transmiss\u00f5es ao vivo, Not\u00edcias de futebol, Jogos ao vivo, Lives, resumo de novelas, Programa\u00e7\u00e3o da Globo, A Fazenda e BBB","publisher":{"@id":"https:\/\/mrnews.com.br\/#organization"},"potentialAction":[{"@type":"SearchAction","target":{"@type":"EntryPoint","urlTemplate":"https:\/\/mrnews.com.br\/?s={search_term_string}"},"query-input":{"@type":"PropertyValueSpecification","valueRequired":true,"valueName":"search_term_string"}}],"inLanguage":"pt-BR"},{"@type":"Organization","@id":"https:\/\/mrnews.com.br\/#organization","name":"MRNews","url":"https:\/\/mrnews.com.br\/","logo":{"@type":"ImageObject","inLanguage":"pt-BR","@id":"https:\/\/mrnews.com.br\/#\/schema\/logo\/image\/","url":"https:\/\/mrnews.com.br\/wp-content\/uploads\/2019\/06\/MRNewslogo2.png","contentUrl":"https:\/\/mrnews.com.br\/wp-content\/uploads\/2019\/06\/MRNewslogo2.png","width":223,"height":58,"caption":"MRNews"},"image":{"@id":"https:\/\/mrnews.com.br\/#\/schema\/logo\/image\/"},"sameAs":["https:\/\/www.facebook.com\/eaipahpah\/?locale2=pt_BR","https:\/\/x.com\/conspirou","https:\/\/www.instagram.com\/eai_pahpah","https:\/\/br.pinterest.com\/mrnewsn\/boards\/","https:\/\/www.youtube.com\/channel\/UCacgnpznQ61fifLWr1tQ-vA?view_as=subscriber"]},{"@type":"Person","@id":"https:\/\/mrnews.com.br\/#\/schema\/person\/be3203154562a9f207407861cef7827b","name":"MR News","image":{"@type":"ImageObject","inLanguage":"pt-BR","@id":"https:\/\/secure.gravatar.com\/avatar\/04084e6d73c042b8646e7c17b494073bf0ede3ea13c7105cfc45cbbbc28385a4?s=96&d=monsterid&r=g","url":"https:\/\/secure.gravatar.com\/avatar\/04084e6d73c042b8646e7c17b494073bf0ede3ea13c7105cfc45cbbbc28385a4?s=96&d=monsterid&r=g","contentUrl":"https:\/\/secure.gravatar.com\/avatar\/04084e6d73c042b8646e7c17b494073bf0ede3ea13c7105cfc45cbbbc28385a4?s=96&d=monsterid&r=g","caption":"MR News"},"description":"Especializado em jornalismo colaborativo pela FTP em n\u00edvel de p\u00f3s-gradua\u00e7\u00e3o. suporte@oimeliga.combr","sameAs":["HUGO R.","Admin"],"url":"https:\/\/mrnews.com.br\/index.php\/author\/admin\/"}]}},"jetpack_featured_media_url":"https:\/\/mrnews.com.br\/wp-content\/uploads\/2022\/06\/luto-ator-famoso.jpeg","jetpack_sharing_enabled":true,"jetpack_shortlink":"https:\/\/wp.me\/pa2Qf7-1Vxs","amp_enabled":true,"_links":{"self":[{"href":"https:\/\/mrnews.com.br\/index.php\/wp-json\/wp\/v2\/posts\/459510","targetHints":{"allow":["GET"]}}],"collection":[{"href":"https:\/\/mrnews.com.br\/index.php\/wp-json\/wp\/v2\/posts"}],"about":[{"href":"https:\/\/mrnews.com.br\/index.php\/wp-json\/wp\/v2\/types\/post"}],"author":[{"embeddable":true,"href":"https:\/\/mrnews.com.br\/index.php\/wp-json\/wp\/v2\/users\/1"}],"replies":[{"embeddable":true,"href":"https:\/\/mrnews.com.br\/index.php\/wp-json\/wp\/v2\/comments?post=459510"}],"version-history":[{"count":1,"href":"https:\/\/mrnews.com.br\/index.php\/wp-json\/wp\/v2\/posts\/459510\/revisions"}],"predecessor-version":[{"id":459511,"href":"https:\/\/mrnews.com.br\/index.php\/wp-json\/wp\/v2\/posts\/459510\/revisions\/459511"}],"wp:featuredmedia":[{"embeddable":true,"href":"https:\/\/mrnews.com.br\/index.php\/wp-json\/wp\/v2\/media\/352379"}],"wp:attachment":[{"href":"https:\/\/mrnews.com.br\/index.php\/wp-json\/wp\/v2\/media?parent=459510"}],"wp:term":[{"taxonomy":"category","embeddable":true,"href":"https:\/\/mrnews.com.br\/index.php\/wp-json\/wp\/v2\/categories?post=459510"},{"taxonomy":"post_tag","embeddable":true,"href":"https:\/\/mrnews.com.br\/index.php\/wp-json\/wp\/v2\/tags?post=459510"}],"curies":[{"name":"wp","href":"https:\/\/api.w.org\/{rel}","templated":true}]}}