{"id":459517,"date":"2026-04-19T22:15:33","date_gmt":"2026-04-20T01:15:33","guid":{"rendered":"https:\/\/mrnews.com.br\/?p=459517"},"modified":"2026-04-19T22:15:33","modified_gmt":"2026-04-20T01:15:33","slug":"luto-no-bbb26-pai-de-ana-paula-renault-morre-aos-96-anos","status":"publish","type":"post","link":"https:\/\/mrnews.com.br\/index.php\/2026\/04\/19\/luto-no-bbb26-pai-de-ana-paula-renault-morre-aos-96-anos\/","title":{"rendered":"Luto no BBB26; pai de Ana Paula Renault morre aos 96 anos"},"content":{"rendered":"<h2>Luto no BBB26: pai de Ana Paula Renault morre aos 96 anos<\/h2>\n<p>A reta final do <em>Big Brother Brasil 26<\/em> foi marcada por uma not\u00edcia triste fora da casa. O pai da participante Ana Paula Renault, Gerardo Henrique Machado Renault, faleceu aos 96 anos neste domingo (19), em Belo Horizonte. A informa\u00e7\u00e3o foi confirmada por ve\u00edculos de imprensa e rapidamente gerou como\u00e7\u00e3o entre f\u00e3s do programa.<\/p>\n<h3>Interna\u00e7\u00e3o e estado de sa\u00fade<\/h3>\n<p>Gerardo estava internado no Hospital Fel\u00edcio Rocho desde o in\u00edcio de abril. Segundo informa\u00e7\u00f5es, ele enfrentava um quadro de infec\u00e7\u00e3o urin\u00e1ria, condi\u00e7\u00e3o que costuma exigir aten\u00e7\u00e3o redobrada em pacientes idosos.<\/p>\n<p>Durante o per\u00edodo de interna\u00e7\u00e3o, o estado de sa\u00fade inspirava cuidados, com epis\u00f3dios de desidrata\u00e7\u00e3o e confus\u00e3o mental. Apesar de momentos de estabilidade, o quadro acabou se agravando nos \u00faltimos dias.<\/p>\n<h3>Momento delicado dentro do reality<\/h3>\n<p>A not\u00edcia chega em um momento decisivo para Ana Paula Renault, que disputa uma vaga na final do <em>Big Brother Brasil 26<\/em>. At\u00e9 o momento, n\u00e3o houve posicionamento oficial da equipe da participante nas redes sociais.<\/p>\n<p>A situa\u00e7\u00e3o levanta questionamentos entre o p\u00fablico sobre como a produ\u00e7\u00e3o do reality lidar\u00e1 com a informa\u00e7\u00e3o, j\u00e1 que decis\u00f5es desse tipo costumam seguir protocolos espec\u00edficos da emissora.<\/p>\n<h3>Trajet\u00f3ria e discri\u00e7\u00e3o<\/h3>\n<p>Gerardo Renault teve atua\u00e7\u00e3o relevante na pol\u00edtica mineira ao longo de sua vida, ocupando cargos como vereador, deputado estadual e deputado federal. Apesar da carreira p\u00fablica, a fam\u00edlia sempre manteve discri\u00e7\u00e3o em rela\u00e7\u00e3o \u00e0 vida pessoal.<\/p>\n<p>Antes de entrar no programa, Ana Paula Renault j\u00e1 havia demonstrado preocupa\u00e7\u00e3o com a sa\u00fade do pai, o que torna o momento ainda mais sens\u00edvel para familiares e amigos.<\/p>\n<p>At\u00e9 agora, n\u00e3o foram divulgadas informa\u00e7\u00f5es sobre vel\u00f3rio ou cerim\u00f4nia de despedida.<\/p>\n<hr \/>\n<h3>Repercuss\u00e3o nas redes<\/h3>\n<p>A not\u00edcia rapidamente tomou conta das redes sociais, com mensagens de apoio direcionadas \u00e0 participante e sua fam\u00edlia. F\u00e3s do reality demonstraram solidariedade, especialmente diante do contexto emocional em que o fato ocorreu.<\/p>\n<hr \/>\n<p><strong>Tags:<\/strong> Ana Paula Renault, BBB26, Big Brother Brasil, luto, celebridades, reality show, Belo Horizonte, Hospital Fel\u00edcio Rocho, not\u00edcias, entretenimento<\/p>\n","protected":false},"excerpt":{"rendered":"<p>Luto no BBB26: pai de Ana Paula Renault morre aos 96 anos A reta final do Big Brother Brasil 26 foi marcada por uma not\u00edcia triste fora da casa. O pai da participante Ana Paula Renault, Gerardo Henrique Machado Renault, faleceu aos 96 anos neste domingo (19), em Belo Horizonte. A informa\u00e7\u00e3o foi confirmada por &hellip;<\/p>\n","protected":false},"author":1,"featured_media":358368,"comment_status":"open","ping_status":"open","sticky":false,"template":"","format":"standard","meta":{"_jetpack_newsletter_access":"","_jetpack_dont_email_post_to_subs":false,"_jetpack_newsletter_tier_id":0,"_jetpack_memberships_contains_paywalled_content":false,"_jetpack_feature_clip_id":0,"_jetpack_memberships_contains_paid_content":false,"footnotes":"","jetpack_post_was_ever_published":false},"categories":[2],"tags":[],"class_list":["post-459517","post","type-post","status-publish","format-standard","has-post-thumbnail","hentry","category-entretenimento"],"yoast_head":"<!-- This site is optimized with the Yoast SEO plugin v28.4 - https:\/\/yoast.com\/product\/yoast-seo-wordpress\/ -->\n<title>Luto no BBB26; pai de Ana Paula Renault morre aos 96 anos<\/title>\n<meta name=\"robots\" content=\"index, follow, max-snippet:-1, max-image-preview:large, max-video-preview:-1\" \/>\n<link rel=\"canonical\" href=\"https:\/\/mrnews.com.br\/index.php\/2026\/04\/19\/luto-no-bbb26-pai-de-ana-paula-renault-morre-aos-96-anos\/\" \/>\n<meta property=\"og:locale\" content=\"pt_BR\" \/>\n<meta property=\"og:type\" content=\"article\" \/>\n<meta property=\"og:title\" content=\"Luto no BBB26; pai de Ana Paula Renault morre aos 96 anos\" \/>\n<meta property=\"og:description\" content=\"Luto no BBB26: pai de Ana Paula Renault morre aos 96 anos A reta final do Big Brother Brasil 26 foi marcada por uma not\u00edcia triste fora da casa. O pai da participante Ana Paula Renault, Gerardo Henrique Machado Renault, faleceu aos 96 anos neste domingo (19), em Belo Horizonte. A informa\u00e7\u00e3o foi confirmada por &hellip;\" \/>\n<meta property=\"og:url\" content=\"https:\/\/mrnews.com.br\/index.php\/2026\/04\/19\/luto-no-bbb26-pai-de-ana-paula-renault-morre-aos-96-anos\/\" \/>\n<meta property=\"og:site_name\" content=\"MRNews\" \/>\n<meta property=\"article:publisher\" content=\"https:\/\/www.facebook.com\/eaipahpah\/?locale2=pt_BR\" \/>\n<meta property=\"article:published_time\" content=\"2026-04-20T01:15:33+00:00\" \/>\n<meta property=\"og:image\" content=\"https:\/\/mrnews.com.br\/wp-content\/uploads\/2022\/07\/LUTO-GLOBO.jpeg\" \/>\n\t<meta property=\"og:image:width\" content=\"696\" \/>\n\t<meta property=\"og:image:height\" content=\"365\" \/>\n\t<meta property=\"og:image:type\" content=\"image\/jpeg\" \/>\n<meta name=\"author\" content=\"MR News\" \/>\n<meta name=\"twitter:card\" content=\"summary_large_image\" \/>\n<meta name=\"twitter:creator\" content=\"@conspirou\" \/>\n<meta name=\"twitter:site\" content=\"@conspirou\" \/>\n<meta name=\"twitter:label1\" content=\"Escrito por\" \/>\n\t<meta name=\"twitter:data1\" content=\"MR News\" \/>\n\t<meta name=\"twitter:label2\" content=\"Est. tempo de leitura\" \/>\n\t<meta name=\"twitter:data2\" content=\"2 minutos\" \/>\n<script type=\"application\/ld+json\" class=\"yoast-schema-graph\">{\"@context\":\"https:\\\/\\\/schema.org\",\"@graph\":[{\"@type\":\"Article\",\"@id\":\"https:\\\/\\\/mrnews.com.br\\\/index.php\\\/2026\\\/04\\\/19\\\/luto-no-bbb26-pai-de-ana-paula-renault-morre-aos-96-anos\\\/#article\",\"isPartOf\":{\"@id\":\"https:\\\/\\\/mrnews.com.br\\\/index.php\\\/2026\\\/04\\\/19\\\/luto-no-bbb26-pai-de-ana-paula-renault-morre-aos-96-anos\\\/\"},\"author\":{\"name\":\"MR News\",\"@id\":\"https:\\\/\\\/mrnews.com.br\\\/#\\\/schema\\\/person\\\/be3203154562a9f207407861cef7827b\"},\"headline\":\"Luto no BBB26; pai de Ana Paula Renault morre aos 96 anos\",\"datePublished\":\"2026-04-20T01:15:33+00:00\",\"mainEntityOfPage\":{\"@id\":\"https:\\\/\\\/mrnews.com.br\\\/index.php\\\/2026\\\/04\\\/19\\\/luto-no-bbb26-pai-de-ana-paula-renault-morre-aos-96-anos\\\/\"},\"wordCount\":389,\"commentCount\":0,\"publisher\":{\"@id\":\"https:\\\/\\\/mrnews.com.br\\\/#organization\"},\"image\":{\"@id\":\"https:\\\/\\\/mrnews.com.br\\\/index.php\\\/2026\\\/04\\\/19\\\/luto-no-bbb26-pai-de-ana-paula-renault-morre-aos-96-anos\\\/#primaryimage\"},\"thumbnailUrl\":\"https:\\\/\\\/mrnews.com.br\\\/wp-content\\\/uploads\\\/2022\\\/07\\\/LUTO-GLOBO.jpeg\",\"articleSection\":[\"ENTRETENIMENTO\"],\"inLanguage\":\"pt-BR\",\"potentialAction\":[{\"@type\":\"CommentAction\",\"name\":\"Comment\",\"target\":[\"https:\\\/\\\/mrnews.com.br\\\/index.php\\\/2026\\\/04\\\/19\\\/luto-no-bbb26-pai-de-ana-paula-renault-morre-aos-96-anos\\\/#respond\"]}]},{\"@type\":\"WebPage\",\"@id\":\"https:\\\/\\\/mrnews.com.br\\\/index.php\\\/2026\\\/04\\\/19\\\/luto-no-bbb26-pai-de-ana-paula-renault-morre-aos-96-anos\\\/\",\"url\":\"https:\\\/\\\/mrnews.com.br\\\/index.php\\\/2026\\\/04\\\/19\\\/luto-no-bbb26-pai-de-ana-paula-renault-morre-aos-96-anos\\\/\",\"name\":\"Luto no BBB26; pai de Ana Paula Renault morre aos 96 anos\",\"isPartOf\":{\"@id\":\"https:\\\/\\\/mrnews.com.br\\\/#website\"},\"primaryImageOfPage\":{\"@id\":\"https:\\\/\\\/mrnews.com.br\\\/index.php\\\/2026\\\/04\\\/19\\\/luto-no-bbb26-pai-de-ana-paula-renault-morre-aos-96-anos\\\/#primaryimage\"},\"image\":{\"@id\":\"https:\\\/\\\/mrnews.com.br\\\/index.php\\\/2026\\\/04\\\/19\\\/luto-no-bbb26-pai-de-ana-paula-renault-morre-aos-96-anos\\\/#primaryimage\"},\"thumbnailUrl\":\"https:\\\/\\\/mrnews.com.br\\\/wp-content\\\/uploads\\\/2022\\\/07\\\/LUTO-GLOBO.jpeg\",\"datePublished\":\"2026-04-20T01:15:33+00:00\",\"breadcrumb\":{\"@id\":\"https:\\\/\\\/mrnews.com.br\\\/index.php\\\/2026\\\/04\\\/19\\\/luto-no-bbb26-pai-de-ana-paula-renault-morre-aos-96-anos\\\/#breadcrumb\"},\"inLanguage\":\"pt-BR\",\"potentialAction\":[{\"@type\":\"ReadAction\",\"target\":[\"https:\\\/\\\/mrnews.com.br\\\/index.php\\\/2026\\\/04\\\/19\\\/luto-no-bbb26-pai-de-ana-paula-renault-morre-aos-96-anos\\\/\"]}]},{\"@type\":\"ImageObject\",\"inLanguage\":\"pt-BR\",\"@id\":\"https:\\\/\\\/mrnews.com.br\\\/index.php\\\/2026\\\/04\\\/19\\\/luto-no-bbb26-pai-de-ana-paula-renault-morre-aos-96-anos\\\/#primaryimage\",\"url\":\"https:\\\/\\\/mrnews.com.br\\\/wp-content\\\/uploads\\\/2022\\\/07\\\/LUTO-GLOBO.jpeg\",\"contentUrl\":\"https:\\\/\\\/mrnews.com.br\\\/wp-content\\\/uploads\\\/2022\\\/07\\\/LUTO-GLOBO.jpeg\",\"width\":696,\"height\":365},{\"@type\":\"BreadcrumbList\",\"@id\":\"https:\\\/\\\/mrnews.com.br\\\/index.php\\\/2026\\\/04\\\/19\\\/luto-no-bbb26-pai-de-ana-paula-renault-morre-aos-96-anos\\\/#breadcrumb\",\"itemListElement\":[{\"@type\":\"ListItem\",\"position\":1,\"name\":\"In\u00edcio\",\"item\":\"https:\\\/\\\/mrnews.com.br\\\/\"},{\"@type\":\"ListItem\",\"position\":2,\"name\":\"Luto no BBB26; pai de Ana Paula Renault morre aos 96 anos\"}]},{\"@type\":\"WebSite\",\"@id\":\"https:\\\/\\\/mrnews.com.br\\\/#website\",\"url\":\"https:\\\/\\\/mrnews.com.br\\\/\",\"name\":\"MRNews\",\"description\":\"MRNews Jogos de hoje da TV, transmiss\u00f5es ao vivo, Not\u00edcias de futebol, Jogos ao vivo, Lives, resumo de novelas, Programa\u00e7\u00e3o da Globo, A Fazenda e BBB\",\"publisher\":{\"@id\":\"https:\\\/\\\/mrnews.com.br\\\/#organization\"},\"potentialAction\":[{\"@type\":\"SearchAction\",\"target\":{\"@type\":\"EntryPoint\",\"urlTemplate\":\"https:\\\/\\\/mrnews.com.br\\\/?s={search_term_string}\"},\"query-input\":{\"@type\":\"PropertyValueSpecification\",\"valueRequired\":true,\"valueName\":\"search_term_string\"}}],\"inLanguage\":\"pt-BR\"},{\"@type\":\"Organization\",\"@id\":\"https:\\\/\\\/mrnews.com.br\\\/#organization\",\"name\":\"MRNews\",\"url\":\"https:\\\/\\\/mrnews.com.br\\\/\",\"logo\":{\"@type\":\"ImageObject\",\"inLanguage\":\"pt-BR\",\"@id\":\"https:\\\/\\\/mrnews.com.br\\\/#\\\/schema\\\/logo\\\/image\\\/\",\"url\":\"https:\\\/\\\/mrnews.com.br\\\/wp-content\\\/uploads\\\/2026\\\/08\\\/MRNEws.png\",\"contentUrl\":\"https:\\\/\\\/mrnews.com.br\\\/wp-content\\\/uploads\\\/2026\\\/08\\\/MRNEws.png\",\"width\":1254,\"height\":1254,\"caption\":\"MRNews\"},\"image\":{\"@id\":\"https:\\\/\\\/mrnews.com.br\\\/#\\\/schema\\\/logo\\\/image\\\/\"},\"sameAs\":[\"https:\\\/\\\/www.facebook.com\\\/eaipahpah\\\/?locale2=pt_BR\",\"https:\\\/\\\/x.com\\\/conspirou\",\"https:\\\/\\\/www.instagram.com\\\/eai_pahpah\",\"https:\\\/\\\/br.pinterest.com\\\/mrnewsn\\\/boards\\\/\",\"https:\\\/\\\/www.youtube.com\\\/channel\\\/UCacgnpznQ61fifLWr1tQ-vA?view_as=subscriber\"]},{\"@type\":\"Person\",\"@id\":\"https:\\\/\\\/mrnews.com.br\\\/#\\\/schema\\\/person\\\/be3203154562a9f207407861cef7827b\",\"name\":\"MR News\",\"image\":{\"@type\":\"ImageObject\",\"inLanguage\":\"pt-BR\",\"@id\":\"https:\\\/\\\/secure.gravatar.com\\\/avatar\\\/04084e6d73c042b8646e7c17b494073bf0ede3ea13c7105cfc45cbbbc28385a4?s=96&d=monsterid&r=g\",\"url\":\"https:\\\/\\\/secure.gravatar.com\\\/avatar\\\/04084e6d73c042b8646e7c17b494073bf0ede3ea13c7105cfc45cbbbc28385a4?s=96&d=monsterid&r=g\",\"contentUrl\":\"https:\\\/\\\/secure.gravatar.com\\\/avatar\\\/04084e6d73c042b8646e7c17b494073bf0ede3ea13c7105cfc45cbbbc28385a4?s=96&d=monsterid&r=g\",\"caption\":\"MR News\"},\"description\":\"Especializado em jornalismo colaborativo pela FTP em n\u00edvel de p\u00f3s-gradua\u00e7\u00e3o. suporte@oimeliga.combr\",\"sameAs\":[\"HUGO R.\",\"Admin\"],\"url\":\"https:\\\/\\\/mrnews.com.br\\\/index.php\\\/author\\\/admin\\\/\"}]}<\/script>\n<!-- \/ Yoast SEO plugin. -->","yoast_head_json":{"title":"Luto no BBB26; pai de Ana Paula Renault morre aos 96 anos","robots":{"index":"index","follow":"follow","max-snippet":"max-snippet:-1","max-image-preview":"max-image-preview:large","max-video-preview":"max-video-preview:-1"},"canonical":"https:\/\/mrnews.com.br\/index.php\/2026\/04\/19\/luto-no-bbb26-pai-de-ana-paula-renault-morre-aos-96-anos\/","og_locale":"pt_BR","og_type":"article","og_title":"Luto no BBB26; pai de Ana Paula Renault morre aos 96 anos","og_description":"Luto no BBB26: pai de Ana Paula Renault morre aos 96 anos A reta final do Big Brother Brasil 26 foi marcada por uma not\u00edcia triste fora da casa. O pai da participante Ana Paula Renault, Gerardo Henrique Machado Renault, faleceu aos 96 anos neste domingo (19), em Belo Horizonte. A informa\u00e7\u00e3o foi confirmada por &hellip;","og_url":"https:\/\/mrnews.com.br\/index.php\/2026\/04\/19\/luto-no-bbb26-pai-de-ana-paula-renault-morre-aos-96-anos\/","og_site_name":"MRNews","article_publisher":"https:\/\/www.facebook.com\/eaipahpah\/?locale2=pt_BR","article_published_time":"2026-04-20T01:15:33+00:00","og_image":[{"width":696,"height":365,"url":"https:\/\/mrnews.com.br\/wp-content\/uploads\/2022\/07\/LUTO-GLOBO.jpeg","type":"image\/jpeg"}],"author":"MR News","twitter_card":"summary_large_image","twitter_creator":"@conspirou","twitter_site":"@conspirou","twitter_misc":{"Escrito por":"MR News","Est. tempo de leitura":"2 minutos"},"schema":{"@context":"https:\/\/schema.org","@graph":[{"@type":"Article","@id":"https:\/\/mrnews.com.br\/index.php\/2026\/04\/19\/luto-no-bbb26-pai-de-ana-paula-renault-morre-aos-96-anos\/#article","isPartOf":{"@id":"https:\/\/mrnews.com.br\/index.php\/2026\/04\/19\/luto-no-bbb26-pai-de-ana-paula-renault-morre-aos-96-anos\/"},"author":{"name":"MR News","@id":"https:\/\/mrnews.com.br\/#\/schema\/person\/be3203154562a9f207407861cef7827b"},"headline":"Luto no BBB26; pai de Ana Paula Renault morre aos 96 anos","datePublished":"2026-04-20T01:15:33+00:00","mainEntityOfPage":{"@id":"https:\/\/mrnews.com.br\/index.php\/2026\/04\/19\/luto-no-bbb26-pai-de-ana-paula-renault-morre-aos-96-anos\/"},"wordCount":389,"commentCount":0,"publisher":{"@id":"https:\/\/mrnews.com.br\/#organization"},"image":{"@id":"https:\/\/mrnews.com.br\/index.php\/2026\/04\/19\/luto-no-bbb26-pai-de-ana-paula-renault-morre-aos-96-anos\/#primaryimage"},"thumbnailUrl":"https:\/\/mrnews.com.br\/wp-content\/uploads\/2022\/07\/LUTO-GLOBO.jpeg","articleSection":["ENTRETENIMENTO"],"inLanguage":"pt-BR","potentialAction":[{"@type":"CommentAction","name":"Comment","target":["https:\/\/mrnews.com.br\/index.php\/2026\/04\/19\/luto-no-bbb26-pai-de-ana-paula-renault-morre-aos-96-anos\/#respond"]}]},{"@type":"WebPage","@id":"https:\/\/mrnews.com.br\/index.php\/2026\/04\/19\/luto-no-bbb26-pai-de-ana-paula-renault-morre-aos-96-anos\/","url":"https:\/\/mrnews.com.br\/index.php\/2026\/04\/19\/luto-no-bbb26-pai-de-ana-paula-renault-morre-aos-96-anos\/","name":"Luto no BBB26; pai de Ana Paula Renault morre aos 96 anos","isPartOf":{"@id":"https:\/\/mrnews.com.br\/#website"},"primaryImageOfPage":{"@id":"https:\/\/mrnews.com.br\/index.php\/2026\/04\/19\/luto-no-bbb26-pai-de-ana-paula-renault-morre-aos-96-anos\/#primaryimage"},"image":{"@id":"https:\/\/mrnews.com.br\/index.php\/2026\/04\/19\/luto-no-bbb26-pai-de-ana-paula-renault-morre-aos-96-anos\/#primaryimage"},"thumbnailUrl":"https:\/\/mrnews.com.br\/wp-content\/uploads\/2022\/07\/LUTO-GLOBO.jpeg","datePublished":"2026-04-20T01:15:33+00:00","breadcrumb":{"@id":"https:\/\/mrnews.com.br\/index.php\/2026\/04\/19\/luto-no-bbb26-pai-de-ana-paula-renault-morre-aos-96-anos\/#breadcrumb"},"inLanguage":"pt-BR","potentialAction":[{"@type":"ReadAction","target":["https:\/\/mrnews.com.br\/index.php\/2026\/04\/19\/luto-no-bbb26-pai-de-ana-paula-renault-morre-aos-96-anos\/"]}]},{"@type":"ImageObject","inLanguage":"pt-BR","@id":"https:\/\/mrnews.com.br\/index.php\/2026\/04\/19\/luto-no-bbb26-pai-de-ana-paula-renault-morre-aos-96-anos\/#primaryimage","url":"https:\/\/mrnews.com.br\/wp-content\/uploads\/2022\/07\/LUTO-GLOBO.jpeg","contentUrl":"https:\/\/mrnews.com.br\/wp-content\/uploads\/2022\/07\/LUTO-GLOBO.jpeg","width":696,"height":365},{"@type":"BreadcrumbList","@id":"https:\/\/mrnews.com.br\/index.php\/2026\/04\/19\/luto-no-bbb26-pai-de-ana-paula-renault-morre-aos-96-anos\/#breadcrumb","itemListElement":[{"@type":"ListItem","position":1,"name":"In\u00edcio","item":"https:\/\/mrnews.com.br\/"},{"@type":"ListItem","position":2,"name":"Luto no BBB26; pai de Ana Paula Renault morre aos 96 anos"}]},{"@type":"WebSite","@id":"https:\/\/mrnews.com.br\/#website","url":"https:\/\/mrnews.com.br\/","name":"MRNews","description":"MRNews Jogos de hoje da TV, transmiss\u00f5es ao vivo, Not\u00edcias de futebol, Jogos ao vivo, Lives, resumo de novelas, Programa\u00e7\u00e3o da Globo, A Fazenda e BBB","publisher":{"@id":"https:\/\/mrnews.com.br\/#organization"},"potentialAction":[{"@type":"SearchAction","target":{"@type":"EntryPoint","urlTemplate":"https:\/\/mrnews.com.br\/?s={search_term_string}"},"query-input":{"@type":"PropertyValueSpecification","valueRequired":true,"valueName":"search_term_string"}}],"inLanguage":"pt-BR"},{"@type":"Organization","@id":"https:\/\/mrnews.com.br\/#organization","name":"MRNews","url":"https:\/\/mrnews.com.br\/","logo":{"@type":"ImageObject","inLanguage":"pt-BR","@id":"https:\/\/mrnews.com.br\/#\/schema\/logo\/image\/","url":"https:\/\/mrnews.com.br\/wp-content\/uploads\/2026\/08\/MRNEws.png","contentUrl":"https:\/\/mrnews.com.br\/wp-content\/uploads\/2026\/08\/MRNEws.png","width":1254,"height":1254,"caption":"MRNews"},"image":{"@id":"https:\/\/mrnews.com.br\/#\/schema\/logo\/image\/"},"sameAs":["https:\/\/www.facebook.com\/eaipahpah\/?locale2=pt_BR","https:\/\/x.com\/conspirou","https:\/\/www.instagram.com\/eai_pahpah","https:\/\/br.pinterest.com\/mrnewsn\/boards\/","https:\/\/www.youtube.com\/channel\/UCacgnpznQ61fifLWr1tQ-vA?view_as=subscriber"]},{"@type":"Person","@id":"https:\/\/mrnews.com.br\/#\/schema\/person\/be3203154562a9f207407861cef7827b","name":"MR News","image":{"@type":"ImageObject","inLanguage":"pt-BR","@id":"https:\/\/secure.gravatar.com\/avatar\/04084e6d73c042b8646e7c17b494073bf0ede3ea13c7105cfc45cbbbc28385a4?s=96&d=monsterid&r=g","url":"https:\/\/secure.gravatar.com\/avatar\/04084e6d73c042b8646e7c17b494073bf0ede3ea13c7105cfc45cbbbc28385a4?s=96&d=monsterid&r=g","contentUrl":"https:\/\/secure.gravatar.com\/avatar\/04084e6d73c042b8646e7c17b494073bf0ede3ea13c7105cfc45cbbbc28385a4?s=96&d=monsterid&r=g","caption":"MR News"},"description":"Especializado em jornalismo colaborativo pela FTP em n\u00edvel de p\u00f3s-gradua\u00e7\u00e3o. suporte@oimeliga.combr","sameAs":["HUGO R.","Admin"],"url":"https:\/\/mrnews.com.br\/index.php\/author\/admin\/"}]}},"jetpack_sharing_enabled":true,"jetpack_shortlink":"https:\/\/wp.me\/pa2Qf7-1Vxz","amp_enabled":true,"jetpack_featured_media_url":"https:\/\/mrnews.com.br\/wp-content\/uploads\/2022\/07\/LUTO-GLOBO.jpeg","_links":{"self":[{"href":"https:\/\/mrnews.com.br\/index.php\/wp-json\/wp\/v2\/posts\/459517","targetHints":{"allow":["GET"]}}],"collection":[{"href":"https:\/\/mrnews.com.br\/index.php\/wp-json\/wp\/v2\/posts"}],"about":[{"href":"https:\/\/mrnews.com.br\/index.php\/wp-json\/wp\/v2\/types\/post"}],"author":[{"embeddable":true,"href":"https:\/\/mrnews.com.br\/index.php\/wp-json\/wp\/v2\/users\/1"}],"replies":[{"embeddable":true,"href":"https:\/\/mrnews.com.br\/index.php\/wp-json\/wp\/v2\/comments?post=459517"}],"version-history":[{"count":1,"href":"https:\/\/mrnews.com.br\/index.php\/wp-json\/wp\/v2\/posts\/459517\/revisions"}],"predecessor-version":[{"id":459518,"href":"https:\/\/mrnews.com.br\/index.php\/wp-json\/wp\/v2\/posts\/459517\/revisions\/459518"}],"wp:featuredmedia":[{"embeddable":true,"href":"https:\/\/mrnews.com.br\/index.php\/wp-json\/wp\/v2\/media\/358368"}],"wp:attachment":[{"href":"https:\/\/mrnews.com.br\/index.php\/wp-json\/wp\/v2\/media?parent=459517"}],"wp:term":[{"taxonomy":"category","embeddable":true,"href":"https:\/\/mrnews.com.br\/index.php\/wp-json\/wp\/v2\/categories?post=459517"},{"taxonomy":"post_tag","embeddable":true,"href":"https:\/\/mrnews.com.br\/index.php\/wp-json\/wp\/v2\/tags?post=459517"}],"curies":[{"name":"wp","href":"https:\/\/api.w.org\/{rel}","templated":true}]}}