{"id":459646,"date":"2026-04-21T21:21:58","date_gmt":"2026-04-22T00:21:58","guid":{"rendered":"https:\/\/mrnews.com.br\/index.php\/2026\/04\/21\/botafogo-bate-chape-em-jogo-de-abertura-da-5a-fase-da-copa-do-brasil\/"},"modified":"2026-04-21T21:21:58","modified_gmt":"2026-04-22T00:21:58","slug":"botafogo-bate-chape-em-jogo-de-abertura-da-5a-fase-da-copa-do-brasil","status":"publish","type":"post","link":"https:\/\/mrnews.com.br\/index.php\/2026\/04\/21\/botafogo-bate-chape-em-jogo-de-abertura-da-5a-fase-da-copa-do-brasil\/","title":{"rendered":"Botafogo bate Chape em jogo de abertura da 5\u00aa fase da Copa do Brasil"},"content":{"rendered":"<p>Por EBC, <\/p>\n<div>\n<p>O Botafogo saiu na frente na busca pela classifica\u00e7\u00e3o \u00e0s oitavas de final da Copa do Brasil, ao superar a Chapecoense por 1 a 0, com gol salvador do\u00a0lateral esquerdo Alex Telles, que deixou o banco no\u00a0\u00edn\u00edco do segundo tempo para\u00a0balan\u00e7ar a rede no fim do jogo, aos 45 minutos. Com o triunfo nesta ter\u00e7a-feira (21) no Est\u00e1dio Nilton Santos, o Alvinegro carioca depender\u00e1 apenas de um empate no jogo da volta na Arena Cond\u00e1 para avan\u00e7ar \u00e0s oitavas de final. A partida em Santa Catarina est\u00e1 programada para 14 de maio, \u00e0s 18h (hor\u00e1rio de Bras\u00edlia).<\/p>\n<p>O time carioca, comandado pelo t\u00e9cnico portugu\u00eas\u00a0Franclim Carvalho,\u00a0\u00e9 um dos 20 clubes da S\u00e9rie A do Brasileir\u00e3o que entram na disputa apenas nesta quinta fase, a primeira com partidas de ida e volta. Eles se juntam a outras 12 equipes\u00a0\u00a0que se classificaram anteriormente. As fase anteriores foram disputadas em jogo \u00fanico, mas daqui em diante a competi\u00e7\u00e3o ocorrer\u00e1 em confreontos\u00a0de ida e volta, com exce\u00e7\u00e3o da final. Pela primeira vez na hist\u00f3ria do torneio, o t\u00edtulo ser\u00e1 decidido em partida \u00fanica, prevista para 6 de dezembro.<\/p>\n<blockquote class=\"twitter-tweet\">\n<p dir=\"ltr\" lang=\"pt\" xml:lang=\"pt\">ENTROU E DECIDIU! \ud83d\ude0e<\/p>\n<p>O <a href=\"https:\/\/twitter.com\/hashtag\/CraqueBetano?src=hash&amp;ref_src=twsrc%5Etfw\">#CraqueBetano<\/a> \u00e9 Alex Telles! \ud83d\udd25 <a href=\"https:\/\/t.co\/uyVjxshCAT\">pic.twitter.com\/uyVjxshCAT<\/a><\/p>\n<p>\u2014 Copa do Brasil (@CopaDoBrasilCBF) <a href=\"https:\/\/twitter.com\/CopaDoBrasilCBF\/status\/2046714371796001055?ref_src=twsrc%5Etfw\">April 21, 2026<\/a><\/p><\/blockquote>\n<p>Dos 126 times que iniciaram a Copa do Brasil em fevereiro, 12 chegaram \u00e0 quinta fase: Athletic Cluv-MG, Atl\u00e9tico-GO, Barra-SC, Cear\u00e1, Confian\u00e7a, CRB,\u00a0Fortaleza, Goi\u00e1s, Jacuipense, Juventude, Oper\u00e1rio-PR e Paysandu.<\/p>\n<p>A edi\u00e7\u00e3o deste ano \u00e9 a maior da hist\u00f3ria, com 34 clubes a mais do que o registrado em 2025. O torneio distribuir\u00e1 duas vagas para a Copa Libertadores (campe\u00e3o e vice).<\/p>\n<h2>Confrontos de ida da 5\u00aa fase<\/h2>\n<p><strong>TER\u00c7A (21)<\/strong><\/p>\n<p>19h15 &#8211; S\u00e3o Paulo x Juventude \u2013\u00a0 Est\u00e1dio do Morumbi<\/p>\n<p>19h30 &#8211; Gr\u00eamio x Confian\u00e7a \u2013 Arena Gr\u00eamio<\/p>\n<p>21h30 \u2013 Paysandu x Vasco \u2013 Manguer\u00e3o<\/p>\n<p>21h 30 &#8211; Barra-SC x Corinthians \u2013 Ressacada<\/p>\n<p><strong>QUARTA (22)<\/strong><\/p>\n<p>19h &#8211; Goi\u00e1s x Cruzeiro \u2013 Serra Dourada<\/p>\n<p>19h \u2013 Bahia x Remo \u2013 Arena Fonte Nova<\/p>\n<p>19h30 \u2013 Santos x Coritiba \u2013 Vila Belmiro<\/p>\n<p>20h30 &#8211; Fortaleza x CRB \u2013 Castel\u00e3o<\/p>\n<p>20h30 \u2013 Athletic Club-MG x Internacional \u2013 Orlando Scarpelli<\/p>\n<p>21h30 \u2013 Flamengo x Vit\u00f3ria \u2013 Maracan\u00e3<\/p>\n<p>21h30 \u2013 Bragantino x Mirassol \u2013 C\u00edcero Souza Marques<\/p>\n<p><strong>QUINTA (23)<\/strong><\/p>\n<p>19h &#8211; Atl\u00e9tico-MG x Cear\u00e1 \u2013 Arena MRV<\/p>\n<p>19h30 &#8211; Palmeiras x Jacuipense \u2013 Allianz Parque<\/p>\n<p>21h30- Athletico-PR x Atl\u00e9tico-GO \u2013 Arena da Baixada<\/p>\n<p>21h30 &#8211; Oper\u00e1rio-PR x Fluminense \u2013 Germano Kr\u00fcgger<\/p>\n<p>      <!-- Relacionada --><\/p>\n<p>            <!-- Relacionada -->\n    <\/div>\n<p><script async src=\"\/\/platform.twitter.com\/widgets.js\" charset=\"utf-8\"><\/script><\/p>\n","protected":false},"excerpt":{"rendered":"<p>Por EBC, O Botafogo saiu na frente na busca pela classifica\u00e7\u00e3o \u00e0s oitavas de final da Copa do Brasil, ao superar a Chapecoense por 1 a 0, com gol salvador do\u00a0lateral esquerdo Alex Telles, que deixou o banco no\u00a0\u00edn\u00edco do segundo tempo para\u00a0balan\u00e7ar a rede no fim do jogo, aos 45 minutos. Com o triunfo &hellip;<\/p>\n","protected":false},"author":1,"featured_media":0,"comment_status":"open","ping_status":"open","sticky":false,"template":"","format":"standard","meta":{"_jetpack_memberships_contains_paid_content":false,"footnotes":""},"categories":[2,12225,4],"tags":[],"class_list":["post-459646","post","type-post","status-publish","format-standard","hentry","category-entretenimento","category-noticias","category-servicos"],"yoast_head":"<!-- This site is optimized with the Yoast SEO plugin v27.5 - https:\/\/yoast.com\/product\/yoast-seo-wordpress\/ -->\n<title>Botafogo bate Chape em jogo de abertura da 5\u00aa fase da Copa do Brasil<\/title>\n<meta name=\"robots\" content=\"index, follow, max-snippet:-1, max-image-preview:large, max-video-preview:-1\" \/>\n<link rel=\"canonical\" href=\"https:\/\/agenciabrasil.ebc.com.br\/esportes\/noticia\/2026-04\/botafogo-bate-chape-em-jogo-de-abertura-da-5a-fase-da-copa-do-brasil\" \/>\n<meta property=\"og:locale\" content=\"pt_BR\" \/>\n<meta property=\"og:type\" content=\"article\" \/>\n<meta property=\"og:title\" content=\"Botafogo bate Chape em jogo de abertura da 5\u00aa fase da Copa do Brasil\" \/>\n<meta property=\"og:description\" content=\"Por EBC, O Botafogo saiu na frente na busca pela classifica\u00e7\u00e3o \u00e0s oitavas de final da Copa do Brasil, ao superar a Chapecoense por 1 a 0, com gol salvador do\u00a0lateral esquerdo Alex Telles, que deixou o banco no\u00a0\u00edn\u00edco do segundo tempo para\u00a0balan\u00e7ar a rede no fim do jogo, aos 45 minutos. Com o triunfo &hellip;\" \/>\n<meta property=\"og:url\" content=\"https:\/\/agenciabrasil.ebc.com.br\/esportes\/noticia\/2026-04\/botafogo-bate-chape-em-jogo-de-abertura-da-5a-fase-da-copa-do-brasil\" \/>\n<meta property=\"og:site_name\" content=\"MRNews\" \/>\n<meta property=\"article:publisher\" content=\"https:\/\/www.facebook.com\/eaipahpah\/?locale2=pt_BR\" \/>\n<meta property=\"article:published_time\" content=\"2026-04-22T00:21:58+00:00\" \/>\n<meta name=\"author\" content=\"MR News\" \/>\n<meta name=\"twitter:card\" content=\"summary_large_image\" \/>\n<meta name=\"twitter:creator\" content=\"@conspirou\" \/>\n<meta name=\"twitter:site\" content=\"@conspirou\" \/>\n<meta name=\"twitter:label1\" content=\"Escrito por\" \/>\n\t<meta name=\"twitter:data1\" content=\"MR News\" \/>\n\t<meta name=\"twitter:label2\" content=\"Est. tempo de leitura\" \/>\n\t<meta name=\"twitter:data2\" content=\"2 minutos\" \/>\n<script type=\"application\/ld+json\" class=\"yoast-schema-graph\">{\"@context\":\"https:\\\/\\\/schema.org\",\"@graph\":[{\"@type\":\"Article\",\"@id\":\"https:\\\/\\\/agenciabrasil.ebc.com.br\\\/esportes\\\/noticia\\\/2026-04\\\/botafogo-bate-chape-em-jogo-de-abertura-da-5a-fase-da-copa-do-brasil#article\",\"isPartOf\":{\"@id\":\"https:\\\/\\\/mrnews.com.br\\\/index.php\\\/2026\\\/04\\\/21\\\/botafogo-bate-chape-em-jogo-de-abertura-da-5a-fase-da-copa-do-brasil\\\/\"},\"author\":{\"name\":\"MR News\",\"@id\":\"https:\\\/\\\/mrnews.com.br\\\/#\\\/schema\\\/person\\\/be3203154562a9f207407861cef7827b\"},\"headline\":\"Botafogo bate Chape em jogo de abertura da 5\u00aa fase da Copa do Brasil\",\"datePublished\":\"2026-04-22T00:21:58+00:00\",\"mainEntityOfPage\":{\"@id\":\"https:\\\/\\\/mrnews.com.br\\\/index.php\\\/2026\\\/04\\\/21\\\/botafogo-bate-chape-em-jogo-de-abertura-da-5a-fase-da-copa-do-brasil\\\/\"},\"wordCount\":415,\"commentCount\":0,\"publisher\":{\"@id\":\"https:\\\/\\\/mrnews.com.br\\\/#organization\"},\"articleSection\":[\"ENTRETENIMENTO\",\"NOTICIAS\",\"SERVI\u00c7OS\"],\"inLanguage\":\"pt-BR\",\"potentialAction\":[{\"@type\":\"CommentAction\",\"name\":\"Comment\",\"target\":[\"https:\\\/\\\/agenciabrasil.ebc.com.br\\\/esportes\\\/noticia\\\/2026-04\\\/botafogo-bate-chape-em-jogo-de-abertura-da-5a-fase-da-copa-do-brasil#respond\"]}]},{\"@type\":\"WebPage\",\"@id\":\"https:\\\/\\\/mrnews.com.br\\\/index.php\\\/2026\\\/04\\\/21\\\/botafogo-bate-chape-em-jogo-de-abertura-da-5a-fase-da-copa-do-brasil\\\/\",\"url\":\"https:\\\/\\\/agenciabrasil.ebc.com.br\\\/esportes\\\/noticia\\\/2026-04\\\/botafogo-bate-chape-em-jogo-de-abertura-da-5a-fase-da-copa-do-brasil\",\"name\":\"Botafogo bate Chape em jogo de abertura da 5\u00aa fase da Copa do Brasil\",\"isPartOf\":{\"@id\":\"https:\\\/\\\/mrnews.com.br\\\/#website\"},\"datePublished\":\"2026-04-22T00:21:58+00:00\",\"breadcrumb\":{\"@id\":\"https:\\\/\\\/agenciabrasil.ebc.com.br\\\/esportes\\\/noticia\\\/2026-04\\\/botafogo-bate-chape-em-jogo-de-abertura-da-5a-fase-da-copa-do-brasil#breadcrumb\"},\"inLanguage\":\"pt-BR\",\"potentialAction\":[{\"@type\":\"ReadAction\",\"target\":[\"https:\\\/\\\/agenciabrasil.ebc.com.br\\\/esportes\\\/noticia\\\/2026-04\\\/botafogo-bate-chape-em-jogo-de-abertura-da-5a-fase-da-copa-do-brasil\"]}]},{\"@type\":\"BreadcrumbList\",\"@id\":\"https:\\\/\\\/agenciabrasil.ebc.com.br\\\/esportes\\\/noticia\\\/2026-04\\\/botafogo-bate-chape-em-jogo-de-abertura-da-5a-fase-da-copa-do-brasil#breadcrumb\",\"itemListElement\":[{\"@type\":\"ListItem\",\"position\":1,\"name\":\"In\u00edcio\",\"item\":\"https:\\\/\\\/mrnews.com.br\\\/\"},{\"@type\":\"ListItem\",\"position\":2,\"name\":\"Botafogo bate Chape em jogo de abertura da 5\u00aa fase da Copa do Brasil\"}]},{\"@type\":\"WebSite\",\"@id\":\"https:\\\/\\\/mrnews.com.br\\\/#website\",\"url\":\"https:\\\/\\\/mrnews.com.br\\\/\",\"name\":\"MRNews\",\"description\":\"MRNews Jogos de hoje da TV, transmiss\u00f5es ao vivo, Not\u00edcias de futebol, Jogos ao vivo, Lives, resumo de novelas, Programa\u00e7\u00e3o da Globo, A Fazenda e BBB\",\"publisher\":{\"@id\":\"https:\\\/\\\/mrnews.com.br\\\/#organization\"},\"potentialAction\":[{\"@type\":\"SearchAction\",\"target\":{\"@type\":\"EntryPoint\",\"urlTemplate\":\"https:\\\/\\\/mrnews.com.br\\\/?s={search_term_string}\"},\"query-input\":{\"@type\":\"PropertyValueSpecification\",\"valueRequired\":true,\"valueName\":\"search_term_string\"}}],\"inLanguage\":\"pt-BR\"},{\"@type\":\"Organization\",\"@id\":\"https:\\\/\\\/mrnews.com.br\\\/#organization\",\"name\":\"MRNews\",\"url\":\"https:\\\/\\\/mrnews.com.br\\\/\",\"logo\":{\"@type\":\"ImageObject\",\"inLanguage\":\"pt-BR\",\"@id\":\"https:\\\/\\\/mrnews.com.br\\\/#\\\/schema\\\/logo\\\/image\\\/\",\"url\":\"https:\\\/\\\/mrnews.com.br\\\/wp-content\\\/uploads\\\/2019\\\/06\\\/MRNewslogo2.png\",\"contentUrl\":\"https:\\\/\\\/mrnews.com.br\\\/wp-content\\\/uploads\\\/2019\\\/06\\\/MRNewslogo2.png\",\"width\":223,\"height\":58,\"caption\":\"MRNews\"},\"image\":{\"@id\":\"https:\\\/\\\/mrnews.com.br\\\/#\\\/schema\\\/logo\\\/image\\\/\"},\"sameAs\":[\"https:\\\/\\\/www.facebook.com\\\/eaipahpah\\\/?locale2=pt_BR\",\"https:\\\/\\\/x.com\\\/conspirou\",\"https:\\\/\\\/www.instagram.com\\\/eai_pahpah\",\"https:\\\/\\\/br.pinterest.com\\\/mrnewsn\\\/boards\\\/\",\"https:\\\/\\\/www.youtube.com\\\/channel\\\/UCacgnpznQ61fifLWr1tQ-vA?view_as=subscriber\"]},{\"@type\":\"Person\",\"@id\":\"https:\\\/\\\/mrnews.com.br\\\/#\\\/schema\\\/person\\\/be3203154562a9f207407861cef7827b\",\"name\":\"MR News\",\"image\":{\"@type\":\"ImageObject\",\"inLanguage\":\"pt-BR\",\"@id\":\"https:\\\/\\\/secure.gravatar.com\\\/avatar\\\/04084e6d73c042b8646e7c17b494073bf0ede3ea13c7105cfc45cbbbc28385a4?s=96&d=monsterid&r=g\",\"url\":\"https:\\\/\\\/secure.gravatar.com\\\/avatar\\\/04084e6d73c042b8646e7c17b494073bf0ede3ea13c7105cfc45cbbbc28385a4?s=96&d=monsterid&r=g\",\"contentUrl\":\"https:\\\/\\\/secure.gravatar.com\\\/avatar\\\/04084e6d73c042b8646e7c17b494073bf0ede3ea13c7105cfc45cbbbc28385a4?s=96&d=monsterid&r=g\",\"caption\":\"MR News\"},\"description\":\"Especializado em jornalismo colaborativo pela FTP em n\u00edvel de p\u00f3s-gradua\u00e7\u00e3o. suporte@oimeliga.combr\",\"sameAs\":[\"HUGO R.\",\"Admin\"],\"url\":\"https:\\\/\\\/mrnews.com.br\\\/index.php\\\/author\\\/admin\\\/\"}]}<\/script>\n<!-- \/ Yoast SEO plugin. -->","yoast_head_json":{"title":"Botafogo bate Chape em jogo de abertura da 5\u00aa fase da Copa do Brasil","robots":{"index":"index","follow":"follow","max-snippet":"max-snippet:-1","max-image-preview":"max-image-preview:large","max-video-preview":"max-video-preview:-1"},"canonical":"https:\/\/agenciabrasil.ebc.com.br\/esportes\/noticia\/2026-04\/botafogo-bate-chape-em-jogo-de-abertura-da-5a-fase-da-copa-do-brasil","og_locale":"pt_BR","og_type":"article","og_title":"Botafogo bate Chape em jogo de abertura da 5\u00aa fase da Copa do Brasil","og_description":"Por EBC, O Botafogo saiu na frente na busca pela classifica\u00e7\u00e3o \u00e0s oitavas de final da Copa do Brasil, ao superar a Chapecoense por 1 a 0, com gol salvador do\u00a0lateral esquerdo Alex Telles, que deixou o banco no\u00a0\u00edn\u00edco do segundo tempo para\u00a0balan\u00e7ar a rede no fim do jogo, aos 45 minutos. Com o triunfo &hellip;","og_url":"https:\/\/agenciabrasil.ebc.com.br\/esportes\/noticia\/2026-04\/botafogo-bate-chape-em-jogo-de-abertura-da-5a-fase-da-copa-do-brasil","og_site_name":"MRNews","article_publisher":"https:\/\/www.facebook.com\/eaipahpah\/?locale2=pt_BR","article_published_time":"2026-04-22T00:21:58+00:00","author":"MR News","twitter_card":"summary_large_image","twitter_creator":"@conspirou","twitter_site":"@conspirou","twitter_misc":{"Escrito por":"MR News","Est. tempo de leitura":"2 minutos"},"schema":{"@context":"https:\/\/schema.org","@graph":[{"@type":"Article","@id":"https:\/\/agenciabrasil.ebc.com.br\/esportes\/noticia\/2026-04\/botafogo-bate-chape-em-jogo-de-abertura-da-5a-fase-da-copa-do-brasil#article","isPartOf":{"@id":"https:\/\/mrnews.com.br\/index.php\/2026\/04\/21\/botafogo-bate-chape-em-jogo-de-abertura-da-5a-fase-da-copa-do-brasil\/"},"author":{"name":"MR News","@id":"https:\/\/mrnews.com.br\/#\/schema\/person\/be3203154562a9f207407861cef7827b"},"headline":"Botafogo bate Chape em jogo de abertura da 5\u00aa fase da Copa do Brasil","datePublished":"2026-04-22T00:21:58+00:00","mainEntityOfPage":{"@id":"https:\/\/mrnews.com.br\/index.php\/2026\/04\/21\/botafogo-bate-chape-em-jogo-de-abertura-da-5a-fase-da-copa-do-brasil\/"},"wordCount":415,"commentCount":0,"publisher":{"@id":"https:\/\/mrnews.com.br\/#organization"},"articleSection":["ENTRETENIMENTO","NOTICIAS","SERVI\u00c7OS"],"inLanguage":"pt-BR","potentialAction":[{"@type":"CommentAction","name":"Comment","target":["https:\/\/agenciabrasil.ebc.com.br\/esportes\/noticia\/2026-04\/botafogo-bate-chape-em-jogo-de-abertura-da-5a-fase-da-copa-do-brasil#respond"]}]},{"@type":"WebPage","@id":"https:\/\/mrnews.com.br\/index.php\/2026\/04\/21\/botafogo-bate-chape-em-jogo-de-abertura-da-5a-fase-da-copa-do-brasil\/","url":"https:\/\/agenciabrasil.ebc.com.br\/esportes\/noticia\/2026-04\/botafogo-bate-chape-em-jogo-de-abertura-da-5a-fase-da-copa-do-brasil","name":"Botafogo bate Chape em jogo de abertura da 5\u00aa fase da Copa do Brasil","isPartOf":{"@id":"https:\/\/mrnews.com.br\/#website"},"datePublished":"2026-04-22T00:21:58+00:00","breadcrumb":{"@id":"https:\/\/agenciabrasil.ebc.com.br\/esportes\/noticia\/2026-04\/botafogo-bate-chape-em-jogo-de-abertura-da-5a-fase-da-copa-do-brasil#breadcrumb"},"inLanguage":"pt-BR","potentialAction":[{"@type":"ReadAction","target":["https:\/\/agenciabrasil.ebc.com.br\/esportes\/noticia\/2026-04\/botafogo-bate-chape-em-jogo-de-abertura-da-5a-fase-da-copa-do-brasil"]}]},{"@type":"BreadcrumbList","@id":"https:\/\/agenciabrasil.ebc.com.br\/esportes\/noticia\/2026-04\/botafogo-bate-chape-em-jogo-de-abertura-da-5a-fase-da-copa-do-brasil#breadcrumb","itemListElement":[{"@type":"ListItem","position":1,"name":"In\u00edcio","item":"https:\/\/mrnews.com.br\/"},{"@type":"ListItem","position":2,"name":"Botafogo bate Chape em jogo de abertura da 5\u00aa fase da Copa do Brasil"}]},{"@type":"WebSite","@id":"https:\/\/mrnews.com.br\/#website","url":"https:\/\/mrnews.com.br\/","name":"MRNews","description":"MRNews Jogos de hoje da TV, transmiss\u00f5es ao vivo, Not\u00edcias de futebol, Jogos ao vivo, Lives, resumo de novelas, Programa\u00e7\u00e3o da Globo, A Fazenda e BBB","publisher":{"@id":"https:\/\/mrnews.com.br\/#organization"},"potentialAction":[{"@type":"SearchAction","target":{"@type":"EntryPoint","urlTemplate":"https:\/\/mrnews.com.br\/?s={search_term_string}"},"query-input":{"@type":"PropertyValueSpecification","valueRequired":true,"valueName":"search_term_string"}}],"inLanguage":"pt-BR"},{"@type":"Organization","@id":"https:\/\/mrnews.com.br\/#organization","name":"MRNews","url":"https:\/\/mrnews.com.br\/","logo":{"@type":"ImageObject","inLanguage":"pt-BR","@id":"https:\/\/mrnews.com.br\/#\/schema\/logo\/image\/","url":"https:\/\/mrnews.com.br\/wp-content\/uploads\/2019\/06\/MRNewslogo2.png","contentUrl":"https:\/\/mrnews.com.br\/wp-content\/uploads\/2019\/06\/MRNewslogo2.png","width":223,"height":58,"caption":"MRNews"},"image":{"@id":"https:\/\/mrnews.com.br\/#\/schema\/logo\/image\/"},"sameAs":["https:\/\/www.facebook.com\/eaipahpah\/?locale2=pt_BR","https:\/\/x.com\/conspirou","https:\/\/www.instagram.com\/eai_pahpah","https:\/\/br.pinterest.com\/mrnewsn\/boards\/","https:\/\/www.youtube.com\/channel\/UCacgnpznQ61fifLWr1tQ-vA?view_as=subscriber"]},{"@type":"Person","@id":"https:\/\/mrnews.com.br\/#\/schema\/person\/be3203154562a9f207407861cef7827b","name":"MR News","image":{"@type":"ImageObject","inLanguage":"pt-BR","@id":"https:\/\/secure.gravatar.com\/avatar\/04084e6d73c042b8646e7c17b494073bf0ede3ea13c7105cfc45cbbbc28385a4?s=96&d=monsterid&r=g","url":"https:\/\/secure.gravatar.com\/avatar\/04084e6d73c042b8646e7c17b494073bf0ede3ea13c7105cfc45cbbbc28385a4?s=96&d=monsterid&r=g","contentUrl":"https:\/\/secure.gravatar.com\/avatar\/04084e6d73c042b8646e7c17b494073bf0ede3ea13c7105cfc45cbbbc28385a4?s=96&d=monsterid&r=g","caption":"MR News"},"description":"Especializado em jornalismo colaborativo pela FTP em n\u00edvel de p\u00f3s-gradua\u00e7\u00e3o. suporte@oimeliga.combr","sameAs":["HUGO R.","Admin"],"url":"https:\/\/mrnews.com.br\/index.php\/author\/admin\/"}]}},"jetpack_featured_media_url":"","jetpack_sharing_enabled":true,"jetpack_shortlink":"https:\/\/wp.me\/pa2Qf7-1VzE","amp_enabled":true,"_links":{"self":[{"href":"https:\/\/mrnews.com.br\/index.php\/wp-json\/wp\/v2\/posts\/459646","targetHints":{"allow":["GET"]}}],"collection":[{"href":"https:\/\/mrnews.com.br\/index.php\/wp-json\/wp\/v2\/posts"}],"about":[{"href":"https:\/\/mrnews.com.br\/index.php\/wp-json\/wp\/v2\/types\/post"}],"author":[{"embeddable":true,"href":"https:\/\/mrnews.com.br\/index.php\/wp-json\/wp\/v2\/users\/1"}],"replies":[{"embeddable":true,"href":"https:\/\/mrnews.com.br\/index.php\/wp-json\/wp\/v2\/comments?post=459646"}],"version-history":[{"count":0,"href":"https:\/\/mrnews.com.br\/index.php\/wp-json\/wp\/v2\/posts\/459646\/revisions"}],"wp:attachment":[{"href":"https:\/\/mrnews.com.br\/index.php\/wp-json\/wp\/v2\/media?parent=459646"}],"wp:term":[{"taxonomy":"category","embeddable":true,"href":"https:\/\/mrnews.com.br\/index.php\/wp-json\/wp\/v2\/categories?post=459646"},{"taxonomy":"post_tag","embeddable":true,"href":"https:\/\/mrnews.com.br\/index.php\/wp-json\/wp\/v2\/tags?post=459646"}],"curies":[{"name":"wp","href":"https:\/\/api.w.org\/{rel}","templated":true}]}}