{"id":459694,"date":"2026-04-22T20:48:07","date_gmt":"2026-04-22T23:48:07","guid":{"rendered":"https:\/\/mrnews.com.br\/?p=459694"},"modified":"2026-04-22T20:48:07","modified_gmt":"2026-04-22T23:48:07","slug":"bbb26-irmao-de-ana-paula-se-pronuncia-apos-morte-do-pai-e-comenta-decisao-da-sister","status":"publish","type":"post","link":"https:\/\/mrnews.com.br\/index.php\/2026\/04\/22\/bbb26-irmao-de-ana-paula-se-pronuncia-apos-morte-do-pai-e-comenta-decisao-da-sister\/","title":{"rendered":"BBB26; irm\u00e3o de Ana Paula se pronuncia ap\u00f3s morte do pai e comenta decis\u00e3o da sister"},"content":{"rendered":"<p>BBB26: irm\u00e3o de Ana Paula se pronuncia ap\u00f3s morte do pai e comenta decis\u00e3o da sister<\/p>\n<p>A morte do pai de Ana Paula Renault gerou grande como\u00e7\u00e3o fora da casa do Big Brother Brasil 26 e levantou questionamentos sobre a perman\u00eancia da jornalista no reality. Em meio ao momento delicado, a fam\u00edlia da participante decidiu se manifestar publicamente, trazendo mais clareza sobre a situa\u00e7\u00e3o.<\/p>\n<p>Durante uma coletiva de imprensa realizada ap\u00f3s o falecimento de Gerardo Henrique, o irm\u00e3o de Ana Paula falou abertamente sobre a decis\u00e3o da sister de continuar no programa mesmo ap\u00f3s receber a not\u00edcia da perda.<\/p>\n<h2>Fam\u00edlia prioriza despedida e momento de luto<\/h2>\n<p>Segundo Ren\u00e9 Renault, o foco principal da fam\u00edlia neste momento \u00e9 prestar uma despedida digna ao patriarca e lidar com o processo de luto da forma mais respeitosa poss\u00edvel. Ele destacou que, apesar da preocupa\u00e7\u00e3o com Ana Paula, \u00e9 fundamental compreender o contexto e respeitar o momento vivido por todos.<\/p>\n<p>A fala refor\u00e7a que, mesmo diante da exposi\u00e7\u00e3o p\u00fablica, a fam\u00edlia busca preservar a mem\u00f3ria de Gerardo e manter a uni\u00e3o em um per\u00edodo t\u00e3o sens\u00edvel.<\/p>\n<h2>Perman\u00eancia de Ana Paula no BBB26<\/h2>\n<p>Ao comentar a decis\u00e3o da jornalista de seguir no reality, Ren\u00e9 foi direto e demonstrou apoio total. Para ele, a escolha \u00e9 coerente com a personalidade forte da sister, conhecida por sua determina\u00e7\u00e3o.<\/p>\n<p>\u201cAna Paula tomou a medida certa, est\u00e1 no programa, vai terminar o programa, \u00e9 uma guerreira\u201d, afirmou.<\/p>\n<p>A declara\u00e7\u00e3o evidencia que, para a fam\u00edlia, a perman\u00eancia de Ana Paula n\u00e3o \u00e9 vista como um afastamento, mas sim como uma continuidade de sua trajet\u00f3ria pessoal e profissional.<\/p>\n<h2>Desejo do pai pesou na decis\u00e3o<\/h2>\n<p>Outro ponto destacado por Ren\u00e9 foi o desejo do pr\u00f3prio pai. Segundo ele, Gerardo sempre demonstrou orgulho da filha e acompanhava de perto sua caminhada.<\/p>\n<p>De acordo com o irm\u00e3o, a decis\u00e3o de Ana Paula tamb\u00e9m est\u00e1 alinhada com aquilo que o pai gostaria: v\u00ea-la seguindo firme, sem desistir de seus objetivos.<\/p>\n<p>Essa compreens\u00e3o tem ajudado a fam\u00edlia a lidar com a dor, enxergando a escolha da sister como uma forma de honrar a mem\u00f3ria do patriarca.<\/p>\n<h2>Repercuss\u00e3o e preocupa\u00e7\u00e3o dos f\u00e3s<\/h2>\n<p>Do lado de fora da casa, a situa\u00e7\u00e3o gerou forte repercuss\u00e3o entre os f\u00e3s do programa. Muitos demonstraram apoio \u00e0 participante, enquanto outros levantaram preocupa\u00e7\u00f5es sobre o impacto emocional dessa decis\u00e3o.<\/p>\n<p>Em casos como esse, \u00e9 comum que o p\u00fablico se preocupe n\u00e3o apenas com o desempenho no jogo, mas tamb\u00e9m com o estado emocional dos participantes. A exposi\u00e7\u00e3o intensa somada a um momento de luto pode gerar uma press\u00e3o significativa, o que aumenta a aten\u00e7\u00e3o sobre o bem-estar psicol\u00f3gico da sister.<\/p>\n<p>Ainda assim, a postura da fam\u00edlia transmite seguran\u00e7a ao p\u00fablico, refor\u00e7ando que a decis\u00e3o foi consciente e respeitada por todos.<\/p>\n<h2>Um momento delicado dentro e fora do jogo<\/h2>\n<p>A trajet\u00f3ria de Ana Paula no BBB26 agora ganha um novo significado. Al\u00e9m da disputa pelo pr\u00eamio, a participante enfrenta um dos momentos mais dif\u00edceis da vida pessoal, enquanto segue confinada e sob os olhares do p\u00fablico.<\/p>\n<p>A fala do irm\u00e3o ajuda a contextualizar a situa\u00e7\u00e3o e mostra que, apesar da dor, h\u00e1 um entendimento familiar de que seguir em frente tamb\u00e9m pode ser uma forma de lidar com a perda.<\/p>\n<hr \/>\n<h2>\ud83c\udff7\ufe0f Tags:<\/h2>\n<p>bbb26, ana paula renault, irm\u00e3o ana paula, morte pai ana paula, big brother brasil 26, celebridades, reality show brasil, not\u00edcias bbb<\/p>\n","protected":false},"excerpt":{"rendered":"<p>BBB26: irm\u00e3o de Ana Paula se pronuncia ap\u00f3s morte do pai e comenta decis\u00e3o da sister A morte do pai de Ana Paula Renault gerou grande como\u00e7\u00e3o fora da casa do Big Brother Brasil 26 e levantou questionamentos sobre a perman\u00eancia da jornalista no reality. Em meio ao momento delicado, a fam\u00edlia da participante decidiu &hellip;<\/p>\n","protected":false},"author":1,"featured_media":459573,"comment_status":"open","ping_status":"open","sticky":false,"template":"","format":"standard","meta":{"_jetpack_newsletter_access":"","_jetpack_dont_email_post_to_subs":false,"_jetpack_newsletter_tier_id":0,"_jetpack_memberships_contains_paywalled_content":false,"_jetpack_feature_clip_id":0,"_jetpack_memberships_contains_paid_content":false,"footnotes":"","jetpack_post_was_ever_published":false},"categories":[2302,2],"tags":[],"class_list":["post-459694","post","type-post","status-publish","format-standard","has-post-thumbnail","hentry","category-big-brother-brasil-bbb","category-entretenimento"],"yoast_head":"<!-- This site is optimized with the Yoast SEO plugin v28.4 - https:\/\/yoast.com\/product\/yoast-seo-wordpress\/ -->\n<title>BBB26; irm\u00e3o de Ana Paula se pronuncia ap\u00f3s morte do pai e comenta decis\u00e3o da sister<\/title>\n<meta name=\"robots\" content=\"index, follow, max-snippet:-1, max-image-preview:large, max-video-preview:-1\" \/>\n<link rel=\"canonical\" href=\"https:\/\/mrnews.com.br\/index.php\/2026\/04\/22\/bbb26-irmao-de-ana-paula-se-pronuncia-apos-morte-do-pai-e-comenta-decisao-da-sister\/\" \/>\n<meta property=\"og:locale\" content=\"pt_BR\" \/>\n<meta property=\"og:type\" content=\"article\" \/>\n<meta property=\"og:title\" content=\"BBB26; irm\u00e3o de Ana Paula se pronuncia ap\u00f3s morte do pai e comenta decis\u00e3o da sister\" \/>\n<meta property=\"og:description\" content=\"BBB26: irm\u00e3o de Ana Paula se pronuncia ap\u00f3s morte do pai e comenta decis\u00e3o da sister A morte do pai de Ana Paula Renault gerou grande como\u00e7\u00e3o fora da casa do Big Brother Brasil 26 e levantou questionamentos sobre a perman\u00eancia da jornalista no reality. Em meio ao momento delicado, a fam\u00edlia da participante decidiu &hellip;\" \/>\n<meta property=\"og:url\" content=\"https:\/\/mrnews.com.br\/index.php\/2026\/04\/22\/bbb26-irmao-de-ana-paula-se-pronuncia-apos-morte-do-pai-e-comenta-decisao-da-sister\/\" \/>\n<meta property=\"og:site_name\" content=\"MRNews\" \/>\n<meta property=\"article:publisher\" content=\"https:\/\/www.facebook.com\/eaipahpah\/?locale2=pt_BR\" \/>\n<meta property=\"article:published_time\" content=\"2026-04-22T23:48:07+00:00\" \/>\n<meta property=\"og:image\" content=\"https:\/\/mrnews.com.br\/wp-content\/uploads\/2026\/04\/FB_IMG_1776722432975.jpg\" \/>\n\t<meta property=\"og:image:width\" content=\"1039\" \/>\n\t<meta property=\"og:image:height\" content=\"1299\" \/>\n\t<meta property=\"og:image:type\" content=\"image\/jpeg\" \/>\n<meta name=\"author\" content=\"MR News\" \/>\n<meta name=\"twitter:card\" content=\"summary_large_image\" \/>\n<meta name=\"twitter:creator\" content=\"@conspirou\" \/>\n<meta name=\"twitter:site\" content=\"@conspirou\" \/>\n<meta name=\"twitter:label1\" content=\"Escrito por\" \/>\n\t<meta name=\"twitter:data1\" content=\"MR News\" \/>\n\t<meta name=\"twitter:label2\" content=\"Est. tempo de leitura\" \/>\n\t<meta name=\"twitter:data2\" content=\"4 minutos\" \/>\n<script type=\"application\/ld+json\" class=\"yoast-schema-graph\">{\"@context\":\"https:\\\/\\\/schema.org\",\"@graph\":[{\"@type\":\"Article\",\"@id\":\"https:\\\/\\\/mrnews.com.br\\\/index.php\\\/2026\\\/04\\\/22\\\/bbb26-irmao-de-ana-paula-se-pronuncia-apos-morte-do-pai-e-comenta-decisao-da-sister\\\/#article\",\"isPartOf\":{\"@id\":\"https:\\\/\\\/mrnews.com.br\\\/index.php\\\/2026\\\/04\\\/22\\\/bbb26-irmao-de-ana-paula-se-pronuncia-apos-morte-do-pai-e-comenta-decisao-da-sister\\\/\"},\"author\":{\"name\":\"MR News\",\"@id\":\"https:\\\/\\\/mrnews.com.br\\\/#\\\/schema\\\/person\\\/be3203154562a9f207407861cef7827b\"},\"headline\":\"BBB26; irm\u00e3o de Ana Paula se pronuncia ap\u00f3s morte do pai e comenta decis\u00e3o da sister\",\"datePublished\":\"2026-04-22T23:48:07+00:00\",\"mainEntityOfPage\":{\"@id\":\"https:\\\/\\\/mrnews.com.br\\\/index.php\\\/2026\\\/04\\\/22\\\/bbb26-irmao-de-ana-paula-se-pronuncia-apos-morte-do-pai-e-comenta-decisao-da-sister\\\/\"},\"wordCount\":640,\"commentCount\":0,\"publisher\":{\"@id\":\"https:\\\/\\\/mrnews.com.br\\\/#organization\"},\"image\":{\"@id\":\"https:\\\/\\\/mrnews.com.br\\\/index.php\\\/2026\\\/04\\\/22\\\/bbb26-irmao-de-ana-paula-se-pronuncia-apos-morte-do-pai-e-comenta-decisao-da-sister\\\/#primaryimage\"},\"thumbnailUrl\":\"https:\\\/\\\/mrnews.com.br\\\/wp-content\\\/uploads\\\/2026\\\/04\\\/FB_IMG_1776722432975.jpg\",\"articleSection\":[\"BBB\",\"ENTRETENIMENTO\"],\"inLanguage\":\"pt-BR\",\"potentialAction\":[{\"@type\":\"CommentAction\",\"name\":\"Comment\",\"target\":[\"https:\\\/\\\/mrnews.com.br\\\/index.php\\\/2026\\\/04\\\/22\\\/bbb26-irmao-de-ana-paula-se-pronuncia-apos-morte-do-pai-e-comenta-decisao-da-sister\\\/#respond\"]}]},{\"@type\":\"WebPage\",\"@id\":\"https:\\\/\\\/mrnews.com.br\\\/index.php\\\/2026\\\/04\\\/22\\\/bbb26-irmao-de-ana-paula-se-pronuncia-apos-morte-do-pai-e-comenta-decisao-da-sister\\\/\",\"url\":\"https:\\\/\\\/mrnews.com.br\\\/index.php\\\/2026\\\/04\\\/22\\\/bbb26-irmao-de-ana-paula-se-pronuncia-apos-morte-do-pai-e-comenta-decisao-da-sister\\\/\",\"name\":\"BBB26; irm\u00e3o de Ana Paula se pronuncia ap\u00f3s morte do pai e comenta decis\u00e3o da sister\",\"isPartOf\":{\"@id\":\"https:\\\/\\\/mrnews.com.br\\\/#website\"},\"primaryImageOfPage\":{\"@id\":\"https:\\\/\\\/mrnews.com.br\\\/index.php\\\/2026\\\/04\\\/22\\\/bbb26-irmao-de-ana-paula-se-pronuncia-apos-morte-do-pai-e-comenta-decisao-da-sister\\\/#primaryimage\"},\"image\":{\"@id\":\"https:\\\/\\\/mrnews.com.br\\\/index.php\\\/2026\\\/04\\\/22\\\/bbb26-irmao-de-ana-paula-se-pronuncia-apos-morte-do-pai-e-comenta-decisao-da-sister\\\/#primaryimage\"},\"thumbnailUrl\":\"https:\\\/\\\/mrnews.com.br\\\/wp-content\\\/uploads\\\/2026\\\/04\\\/FB_IMG_1776722432975.jpg\",\"datePublished\":\"2026-04-22T23:48:07+00:00\",\"breadcrumb\":{\"@id\":\"https:\\\/\\\/mrnews.com.br\\\/index.php\\\/2026\\\/04\\\/22\\\/bbb26-irmao-de-ana-paula-se-pronuncia-apos-morte-do-pai-e-comenta-decisao-da-sister\\\/#breadcrumb\"},\"inLanguage\":\"pt-BR\",\"potentialAction\":[{\"@type\":\"ReadAction\",\"target\":[\"https:\\\/\\\/mrnews.com.br\\\/index.php\\\/2026\\\/04\\\/22\\\/bbb26-irmao-de-ana-paula-se-pronuncia-apos-morte-do-pai-e-comenta-decisao-da-sister\\\/\"]}]},{\"@type\":\"ImageObject\",\"inLanguage\":\"pt-BR\",\"@id\":\"https:\\\/\\\/mrnews.com.br\\\/index.php\\\/2026\\\/04\\\/22\\\/bbb26-irmao-de-ana-paula-se-pronuncia-apos-morte-do-pai-e-comenta-decisao-da-sister\\\/#primaryimage\",\"url\":\"https:\\\/\\\/mrnews.com.br\\\/wp-content\\\/uploads\\\/2026\\\/04\\\/FB_IMG_1776722432975.jpg\",\"contentUrl\":\"https:\\\/\\\/mrnews.com.br\\\/wp-content\\\/uploads\\\/2026\\\/04\\\/FB_IMG_1776722432975.jpg\",\"width\":1039,\"height\":1299},{\"@type\":\"BreadcrumbList\",\"@id\":\"https:\\\/\\\/mrnews.com.br\\\/index.php\\\/2026\\\/04\\\/22\\\/bbb26-irmao-de-ana-paula-se-pronuncia-apos-morte-do-pai-e-comenta-decisao-da-sister\\\/#breadcrumb\",\"itemListElement\":[{\"@type\":\"ListItem\",\"position\":1,\"name\":\"In\u00edcio\",\"item\":\"https:\\\/\\\/mrnews.com.br\\\/\"},{\"@type\":\"ListItem\",\"position\":2,\"name\":\"BBB26; irm\u00e3o de Ana Paula se pronuncia ap\u00f3s morte do pai e comenta decis\u00e3o da sister\"}]},{\"@type\":\"WebSite\",\"@id\":\"https:\\\/\\\/mrnews.com.br\\\/#website\",\"url\":\"https:\\\/\\\/mrnews.com.br\\\/\",\"name\":\"MRNews\",\"description\":\"MRNews Jogos de hoje da TV, transmiss\u00f5es ao vivo, Not\u00edcias de futebol, Jogos ao vivo, Lives, resumo de novelas, Programa\u00e7\u00e3o da Globo, A Fazenda e BBB\",\"publisher\":{\"@id\":\"https:\\\/\\\/mrnews.com.br\\\/#organization\"},\"potentialAction\":[{\"@type\":\"SearchAction\",\"target\":{\"@type\":\"EntryPoint\",\"urlTemplate\":\"https:\\\/\\\/mrnews.com.br\\\/?s={search_term_string}\"},\"query-input\":{\"@type\":\"PropertyValueSpecification\",\"valueRequired\":true,\"valueName\":\"search_term_string\"}}],\"inLanguage\":\"pt-BR\"},{\"@type\":\"Organization\",\"@id\":\"https:\\\/\\\/mrnews.com.br\\\/#organization\",\"name\":\"MRNews\",\"url\":\"https:\\\/\\\/mrnews.com.br\\\/\",\"logo\":{\"@type\":\"ImageObject\",\"inLanguage\":\"pt-BR\",\"@id\":\"https:\\\/\\\/mrnews.com.br\\\/#\\\/schema\\\/logo\\\/image\\\/\",\"url\":\"https:\\\/\\\/mrnews.com.br\\\/wp-content\\\/uploads\\\/2026\\\/08\\\/MRNEws.png\",\"contentUrl\":\"https:\\\/\\\/mrnews.com.br\\\/wp-content\\\/uploads\\\/2026\\\/08\\\/MRNEws.png\",\"width\":1254,\"height\":1254,\"caption\":\"MRNews\"},\"image\":{\"@id\":\"https:\\\/\\\/mrnews.com.br\\\/#\\\/schema\\\/logo\\\/image\\\/\"},\"sameAs\":[\"https:\\\/\\\/www.facebook.com\\\/eaipahpah\\\/?locale2=pt_BR\",\"https:\\\/\\\/x.com\\\/conspirou\",\"https:\\\/\\\/www.instagram.com\\\/eai_pahpah\",\"https:\\\/\\\/br.pinterest.com\\\/mrnewsn\\\/boards\\\/\",\"https:\\\/\\\/www.youtube.com\\\/channel\\\/UCacgnpznQ61fifLWr1tQ-vA?view_as=subscriber\"]},{\"@type\":\"Person\",\"@id\":\"https:\\\/\\\/mrnews.com.br\\\/#\\\/schema\\\/person\\\/be3203154562a9f207407861cef7827b\",\"name\":\"MR News\",\"image\":{\"@type\":\"ImageObject\",\"inLanguage\":\"pt-BR\",\"@id\":\"https:\\\/\\\/secure.gravatar.com\\\/avatar\\\/04084e6d73c042b8646e7c17b494073bf0ede3ea13c7105cfc45cbbbc28385a4?s=96&d=monsterid&r=g\",\"url\":\"https:\\\/\\\/secure.gravatar.com\\\/avatar\\\/04084e6d73c042b8646e7c17b494073bf0ede3ea13c7105cfc45cbbbc28385a4?s=96&d=monsterid&r=g\",\"contentUrl\":\"https:\\\/\\\/secure.gravatar.com\\\/avatar\\\/04084e6d73c042b8646e7c17b494073bf0ede3ea13c7105cfc45cbbbc28385a4?s=96&d=monsterid&r=g\",\"caption\":\"MR News\"},\"description\":\"Especializado em jornalismo colaborativo pela FTP em n\u00edvel de p\u00f3s-gradua\u00e7\u00e3o. suporte@oimeliga.combr\",\"sameAs\":[\"HUGO R.\",\"Admin\"],\"url\":\"https:\\\/\\\/mrnews.com.br\\\/index.php\\\/author\\\/admin\\\/\"}]}<\/script>\n<!-- \/ Yoast SEO plugin. -->","yoast_head_json":{"title":"BBB26; irm\u00e3o de Ana Paula se pronuncia ap\u00f3s morte do pai e comenta decis\u00e3o da sister","robots":{"index":"index","follow":"follow","max-snippet":"max-snippet:-1","max-image-preview":"max-image-preview:large","max-video-preview":"max-video-preview:-1"},"canonical":"https:\/\/mrnews.com.br\/index.php\/2026\/04\/22\/bbb26-irmao-de-ana-paula-se-pronuncia-apos-morte-do-pai-e-comenta-decisao-da-sister\/","og_locale":"pt_BR","og_type":"article","og_title":"BBB26; irm\u00e3o de Ana Paula se pronuncia ap\u00f3s morte do pai e comenta decis\u00e3o da sister","og_description":"BBB26: irm\u00e3o de Ana Paula se pronuncia ap\u00f3s morte do pai e comenta decis\u00e3o da sister A morte do pai de Ana Paula Renault gerou grande como\u00e7\u00e3o fora da casa do Big Brother Brasil 26 e levantou questionamentos sobre a perman\u00eancia da jornalista no reality. Em meio ao momento delicado, a fam\u00edlia da participante decidiu &hellip;","og_url":"https:\/\/mrnews.com.br\/index.php\/2026\/04\/22\/bbb26-irmao-de-ana-paula-se-pronuncia-apos-morte-do-pai-e-comenta-decisao-da-sister\/","og_site_name":"MRNews","article_publisher":"https:\/\/www.facebook.com\/eaipahpah\/?locale2=pt_BR","article_published_time":"2026-04-22T23:48:07+00:00","og_image":[{"width":1039,"height":1299,"url":"https:\/\/mrnews.com.br\/wp-content\/uploads\/2026\/04\/FB_IMG_1776722432975.jpg","type":"image\/jpeg"}],"author":"MR News","twitter_card":"summary_large_image","twitter_creator":"@conspirou","twitter_site":"@conspirou","twitter_misc":{"Escrito por":"MR News","Est. tempo de leitura":"4 minutos"},"schema":{"@context":"https:\/\/schema.org","@graph":[{"@type":"Article","@id":"https:\/\/mrnews.com.br\/index.php\/2026\/04\/22\/bbb26-irmao-de-ana-paula-se-pronuncia-apos-morte-do-pai-e-comenta-decisao-da-sister\/#article","isPartOf":{"@id":"https:\/\/mrnews.com.br\/index.php\/2026\/04\/22\/bbb26-irmao-de-ana-paula-se-pronuncia-apos-morte-do-pai-e-comenta-decisao-da-sister\/"},"author":{"name":"MR News","@id":"https:\/\/mrnews.com.br\/#\/schema\/person\/be3203154562a9f207407861cef7827b"},"headline":"BBB26; irm\u00e3o de Ana Paula se pronuncia ap\u00f3s morte do pai e comenta decis\u00e3o da sister","datePublished":"2026-04-22T23:48:07+00:00","mainEntityOfPage":{"@id":"https:\/\/mrnews.com.br\/index.php\/2026\/04\/22\/bbb26-irmao-de-ana-paula-se-pronuncia-apos-morte-do-pai-e-comenta-decisao-da-sister\/"},"wordCount":640,"commentCount":0,"publisher":{"@id":"https:\/\/mrnews.com.br\/#organization"},"image":{"@id":"https:\/\/mrnews.com.br\/index.php\/2026\/04\/22\/bbb26-irmao-de-ana-paula-se-pronuncia-apos-morte-do-pai-e-comenta-decisao-da-sister\/#primaryimage"},"thumbnailUrl":"https:\/\/mrnews.com.br\/wp-content\/uploads\/2026\/04\/FB_IMG_1776722432975.jpg","articleSection":["BBB","ENTRETENIMENTO"],"inLanguage":"pt-BR","potentialAction":[{"@type":"CommentAction","name":"Comment","target":["https:\/\/mrnews.com.br\/index.php\/2026\/04\/22\/bbb26-irmao-de-ana-paula-se-pronuncia-apos-morte-do-pai-e-comenta-decisao-da-sister\/#respond"]}]},{"@type":"WebPage","@id":"https:\/\/mrnews.com.br\/index.php\/2026\/04\/22\/bbb26-irmao-de-ana-paula-se-pronuncia-apos-morte-do-pai-e-comenta-decisao-da-sister\/","url":"https:\/\/mrnews.com.br\/index.php\/2026\/04\/22\/bbb26-irmao-de-ana-paula-se-pronuncia-apos-morte-do-pai-e-comenta-decisao-da-sister\/","name":"BBB26; irm\u00e3o de Ana Paula se pronuncia ap\u00f3s morte do pai e comenta decis\u00e3o da sister","isPartOf":{"@id":"https:\/\/mrnews.com.br\/#website"},"primaryImageOfPage":{"@id":"https:\/\/mrnews.com.br\/index.php\/2026\/04\/22\/bbb26-irmao-de-ana-paula-se-pronuncia-apos-morte-do-pai-e-comenta-decisao-da-sister\/#primaryimage"},"image":{"@id":"https:\/\/mrnews.com.br\/index.php\/2026\/04\/22\/bbb26-irmao-de-ana-paula-se-pronuncia-apos-morte-do-pai-e-comenta-decisao-da-sister\/#primaryimage"},"thumbnailUrl":"https:\/\/mrnews.com.br\/wp-content\/uploads\/2026\/04\/FB_IMG_1776722432975.jpg","datePublished":"2026-04-22T23:48:07+00:00","breadcrumb":{"@id":"https:\/\/mrnews.com.br\/index.php\/2026\/04\/22\/bbb26-irmao-de-ana-paula-se-pronuncia-apos-morte-do-pai-e-comenta-decisao-da-sister\/#breadcrumb"},"inLanguage":"pt-BR","potentialAction":[{"@type":"ReadAction","target":["https:\/\/mrnews.com.br\/index.php\/2026\/04\/22\/bbb26-irmao-de-ana-paula-se-pronuncia-apos-morte-do-pai-e-comenta-decisao-da-sister\/"]}]},{"@type":"ImageObject","inLanguage":"pt-BR","@id":"https:\/\/mrnews.com.br\/index.php\/2026\/04\/22\/bbb26-irmao-de-ana-paula-se-pronuncia-apos-morte-do-pai-e-comenta-decisao-da-sister\/#primaryimage","url":"https:\/\/mrnews.com.br\/wp-content\/uploads\/2026\/04\/FB_IMG_1776722432975.jpg","contentUrl":"https:\/\/mrnews.com.br\/wp-content\/uploads\/2026\/04\/FB_IMG_1776722432975.jpg","width":1039,"height":1299},{"@type":"BreadcrumbList","@id":"https:\/\/mrnews.com.br\/index.php\/2026\/04\/22\/bbb26-irmao-de-ana-paula-se-pronuncia-apos-morte-do-pai-e-comenta-decisao-da-sister\/#breadcrumb","itemListElement":[{"@type":"ListItem","position":1,"name":"In\u00edcio","item":"https:\/\/mrnews.com.br\/"},{"@type":"ListItem","position":2,"name":"BBB26; irm\u00e3o de Ana Paula se pronuncia ap\u00f3s morte do pai e comenta decis\u00e3o da sister"}]},{"@type":"WebSite","@id":"https:\/\/mrnews.com.br\/#website","url":"https:\/\/mrnews.com.br\/","name":"MRNews","description":"MRNews Jogos de hoje da TV, transmiss\u00f5es ao vivo, Not\u00edcias de futebol, Jogos ao vivo, Lives, resumo de novelas, Programa\u00e7\u00e3o da Globo, A Fazenda e BBB","publisher":{"@id":"https:\/\/mrnews.com.br\/#organization"},"potentialAction":[{"@type":"SearchAction","target":{"@type":"EntryPoint","urlTemplate":"https:\/\/mrnews.com.br\/?s={search_term_string}"},"query-input":{"@type":"PropertyValueSpecification","valueRequired":true,"valueName":"search_term_string"}}],"inLanguage":"pt-BR"},{"@type":"Organization","@id":"https:\/\/mrnews.com.br\/#organization","name":"MRNews","url":"https:\/\/mrnews.com.br\/","logo":{"@type":"ImageObject","inLanguage":"pt-BR","@id":"https:\/\/mrnews.com.br\/#\/schema\/logo\/image\/","url":"https:\/\/mrnews.com.br\/wp-content\/uploads\/2026\/08\/MRNEws.png","contentUrl":"https:\/\/mrnews.com.br\/wp-content\/uploads\/2026\/08\/MRNEws.png","width":1254,"height":1254,"caption":"MRNews"},"image":{"@id":"https:\/\/mrnews.com.br\/#\/schema\/logo\/image\/"},"sameAs":["https:\/\/www.facebook.com\/eaipahpah\/?locale2=pt_BR","https:\/\/x.com\/conspirou","https:\/\/www.instagram.com\/eai_pahpah","https:\/\/br.pinterest.com\/mrnewsn\/boards\/","https:\/\/www.youtube.com\/channel\/UCacgnpznQ61fifLWr1tQ-vA?view_as=subscriber"]},{"@type":"Person","@id":"https:\/\/mrnews.com.br\/#\/schema\/person\/be3203154562a9f207407861cef7827b","name":"MR News","image":{"@type":"ImageObject","inLanguage":"pt-BR","@id":"https:\/\/secure.gravatar.com\/avatar\/04084e6d73c042b8646e7c17b494073bf0ede3ea13c7105cfc45cbbbc28385a4?s=96&d=monsterid&r=g","url":"https:\/\/secure.gravatar.com\/avatar\/04084e6d73c042b8646e7c17b494073bf0ede3ea13c7105cfc45cbbbc28385a4?s=96&d=monsterid&r=g","contentUrl":"https:\/\/secure.gravatar.com\/avatar\/04084e6d73c042b8646e7c17b494073bf0ede3ea13c7105cfc45cbbbc28385a4?s=96&d=monsterid&r=g","caption":"MR News"},"description":"Especializado em jornalismo colaborativo pela FTP em n\u00edvel de p\u00f3s-gradua\u00e7\u00e3o. suporte@oimeliga.combr","sameAs":["HUGO R.","Admin"],"url":"https:\/\/mrnews.com.br\/index.php\/author\/admin\/"}]}},"jetpack_sharing_enabled":true,"jetpack_shortlink":"https:\/\/wp.me\/pa2Qf7-1VAq","amp_enabled":true,"jetpack_featured_media_url":"https:\/\/mrnews.com.br\/wp-content\/uploads\/2026\/04\/FB_IMG_1776722432975.jpg","_links":{"self":[{"href":"https:\/\/mrnews.com.br\/index.php\/wp-json\/wp\/v2\/posts\/459694","targetHints":{"allow":["GET"]}}],"collection":[{"href":"https:\/\/mrnews.com.br\/index.php\/wp-json\/wp\/v2\/posts"}],"about":[{"href":"https:\/\/mrnews.com.br\/index.php\/wp-json\/wp\/v2\/types\/post"}],"author":[{"embeddable":true,"href":"https:\/\/mrnews.com.br\/index.php\/wp-json\/wp\/v2\/users\/1"}],"replies":[{"embeddable":true,"href":"https:\/\/mrnews.com.br\/index.php\/wp-json\/wp\/v2\/comments?post=459694"}],"version-history":[{"count":1,"href":"https:\/\/mrnews.com.br\/index.php\/wp-json\/wp\/v2\/posts\/459694\/revisions"}],"predecessor-version":[{"id":459695,"href":"https:\/\/mrnews.com.br\/index.php\/wp-json\/wp\/v2\/posts\/459694\/revisions\/459695"}],"wp:featuredmedia":[{"embeddable":true,"href":"https:\/\/mrnews.com.br\/index.php\/wp-json\/wp\/v2\/media\/459573"}],"wp:attachment":[{"href":"https:\/\/mrnews.com.br\/index.php\/wp-json\/wp\/v2\/media?parent=459694"}],"wp:term":[{"taxonomy":"category","embeddable":true,"href":"https:\/\/mrnews.com.br\/index.php\/wp-json\/wp\/v2\/categories?post=459694"},{"taxonomy":"post_tag","embeddable":true,"href":"https:\/\/mrnews.com.br\/index.php\/wp-json\/wp\/v2\/tags?post=459694"}],"curies":[{"name":"wp","href":"https:\/\/api.w.org\/{rel}","templated":true}]}}