{"id":459782,"date":"2026-04-24T14:32:09","date_gmt":"2026-04-24T17:32:09","guid":{"rendered":"https:\/\/mrnews.com.br\/index.php\/2026\/04\/24\/ministro-diz-que-pais-nao-quer-apenas-exportar-minerais-criticos\/"},"modified":"2026-04-24T14:32:09","modified_gmt":"2026-04-24T17:32:09","slug":"ministro-diz-que-pais-nao-quer-apenas-exportar-minerais-criticos","status":"publish","type":"post","link":"https:\/\/mrnews.com.br\/index.php\/2026\/04\/24\/ministro-diz-que-pais-nao-quer-apenas-exportar-minerais-criticos\/","title":{"rendered":"Ministro diz que pa\u00eds n\u00e3o quer apenas exportar minerais cr\u00edticos"},"content":{"rendered":"<p>Por EBC, <\/p>\n<div>\n<p>O ministro do Desenvolvimento, Ind\u00fastria, Com\u00e9rcio e Servi\u00e7os, M\u00e1rcio Elias Rosa, defendeu nesta sexta-feira (24) a urg\u00eancia da aprova\u00e7\u00e3o de regras claras para a explora\u00e7\u00e3o de minerais cr\u00edticos em territ\u00f3rio brasileiro.\u00a0<\/p>\n<p><strong>Para o ministro, a cria\u00e7\u00e3o de uma legisla\u00e7\u00e3o espec\u00edfica \u00e9 fundamental para minimizar d\u00favidas quanto ao destino dos ativos, considerados estrat\u00e9gicos, e garantir o desenvolvimento da ind\u00fastria nacional.<\/strong>\u00a0<\/p>\n<blockquote>\n<p>&#8220;N\u00e3o queremos ser um exportador de mat\u00e9ria-prima. N\u00e3o vamos cometer o equ\u00edvoco de imaginar que minerais cr\u00edticos ou terras raras sejam objeto de exporta\u00e7\u00e3o. T\u00eam que ser de industrializa\u00e7\u00e3o\u201d, disse nesta sexta-feira (24), no programa Bom Dia, Ministro, produzido pela <strong>Empresa Brasil de Comunica\u00e7\u00e3o (EBC)<\/strong>.<\/p>\n<\/blockquote>\n<p>A declara\u00e7\u00e3o foi feita no contexto da compra da mineradora Serra Verde pela norte-americana USA Rare Earth, por cerca de US$ 2,8 bilh\u00f5es. A Serra Verde opera a \u00fanica mina de argilas i\u00f4nicas ativa do Brasil, Pela Ema, em Mina\u00e7u, em Goi\u00e1s.\u00a0<\/p>\n<p><strong>A mineradora tamb\u00e9m \u00e9 a \u00fanica produtora, fora da \u00c1sia, de quatro elementos cr\u00edticos e valiosos<\/strong>, o dispr\u00f3sio (Dy), o t\u00e9rbio (Tb), o neod\u00edmio (Nd) e o itr\u00edo (y), fundamentais para a fabrica\u00e7\u00e3o de \u00edm\u00e3s permanentes usados em ve\u00edculos el\u00e9tricos, turbinas e\u00f3licas, rob\u00f4s, drones, aparelhos de ar-condicionado de alta efici\u00eancia, como nas \u00e1reas de semicondutores, defesa, nuclear e aeroespacial.<\/p>\n<p>&gt;&gt; Siga o canal da<strong> Ag\u00eancia Brasil <\/strong>no WhatsApp<\/p>\n<p>A negocia\u00e7\u00e3o foi festejada pelo governo de Goi\u00e1s, cujo ex-governador Ronaldo Caiado assinou com o governo dos Estados Unidos, em mar\u00e7o deste ano, um memorando de entendimento para \u201cfortalecer a coopera\u00e7\u00e3o bilateral\u201d entre o estado e os EUA, autorizando a realiza\u00e7\u00e3o de pesquisa e desenvolvimento tecnol\u00f3gico conjuntos e a facilita\u00e7\u00e3o de investimentos para a explora\u00e7\u00e3o de minerais cr\u00edticos.<\/p>\n<p>&#8220;Muita gente leu essa not\u00edcia e ficou imaginando que estamos perdendo um ativo importante, uma grande quantidade de minerais cr\u00edticos para uma empresa que n\u00e3o \u00e9 um grupo econ\u00f4mico brasileiro\u201d, disse Rosa.\u00a0<\/p>\n<p><strong>&#8220;Acho que, nesse caso, temos ainda muita desinforma\u00e7\u00e3o. \u00c9 preciso saber que tipo de atividade vai ser feita&#8221;, acrescentou.<\/strong><\/p>\n<p>O memorando foi criticado pelo presidente Luiz In\u00e1cio Lula da Silva e por parlamentares do PSOL que pediram \u00e0 Procuradoria-Geral da Rep\u00fablica (PGR) que anule a venda da Serra Verde.\u00a0<\/p>\n<p><strong>Para o ministro M\u00e1rcio Elias, a iniciativa do ex-governador de Goi\u00e1s avan\u00e7a sobre temas de compet\u00eancia da Uni\u00e3o.<\/strong>\u00a0<\/p>\n<p>&#8220;O subsolo brasileiro pertence \u00e0 Uni\u00e3o. A compet\u00eancia para regulamentar [a explora\u00e7\u00e3o de recursos naturais] \u00e9 da Uni\u00e3o. E quem estabelece rela\u00e7\u00f5es com outros pa\u00edses \u00e9 a Uni\u00e3o&#8221;, afirmou o ministro.<\/p>\n<p><strong>&#8220;\u00c9 poss\u00edvel que haja boa inten\u00e7\u00e3o e um pressuposto leg\u00edtimo de levar o desenvolvimento para o estado motivando algu\u00e9m a fazer uma negocia\u00e7\u00e3o desse tipo, mas do ponto de vista jur\u00eddico, ela n\u00e3o se sustenta&#8221;, avaliou o ministro.<\/strong>\u00a0<\/p>\n<p>O ministro entende que o acordo que o governo goiano firmou n\u00e3o produz nenhuma obriga\u00e7\u00e3o legal e n\u00e3o h\u00e1 nenhum risco de o pa\u00eds sofrer qualquer san\u00e7\u00e3o se o descumprir.\u00a0<\/p>\n<p>&#8220;\u00c9 muito mais um memorando sem nenhum comprometimento, sem nenhuma san\u00e7\u00e3o\u201d, avalia.<\/p>\n<p>O ministro M\u00e1rcio Elias lembrou que o governo federal, esta semana, pediu ao presidente da C\u00e2mara dos Deputados, Hugo Motta (Republicanos-PB), que retirasse de pauta o Projeto de Lei 2780\/24,\u00a0 que trata da cria\u00e7\u00e3o da Pol\u00edtica Nacional de Minerais Cr\u00edticos e Estrat\u00e9gicos.\u00a0<\/p>\n<p><strong>M\u00e1rcio Elias disse que a solicita\u00e7\u00e3o foi feita porque o Pal\u00e1cio do Planalto entende que, apesar da urg\u00eancia do Congresso Nacional em estabelecer marcos legais claros para a explora\u00e7\u00e3o das terras raras, era preciso discutir mais a proposta antes de submet\u00ea-la \u00e0 aprecia\u00e7\u00e3o dos parlamentares.<\/strong>\u00a0<\/p>\n<p>&#8220;O governo federal quer apresentar propostas e sugest\u00f5es que, sobretudo, aperfei\u00e7oem o dever de industrializa\u00e7\u00e3o dos minerais cr\u00edticos&#8221;, disse M\u00e1rcio Elias, antecipando que representantes do governo devem se reunir com o relator do PL, deputado Arnaldo Jardim (Cidadania-SP), j\u00e1 na pr\u00f3xima semana.\u00a0<\/p>\n<p><strong>O ministro disse, em sua entrevista ao <em>Bom Dia, Ministro<\/em>, que a norma deve abranger desde a explora\u00e7\u00e3o dos minerais cr\u00edticos at\u00e9 as movimenta\u00e7\u00f5es societ\u00e1rias, como a resultante da venda da Serra Verde a USA Rare Earth.<\/strong>\u00a0<\/p>\n<blockquote>\n<p>&#8220;Precisamos legislar e regular logo esse tema, porque ele suscita n\u00e3o apenas d\u00favidas, mas, sobretudo, inseguran\u00e7a [jur\u00eddica] sobre quem pode explorar, as mudan\u00e7as, as fus\u00f5es e as transforma\u00e7\u00f5es dessas empresas, quem pode acessar o alvar\u00e1 para explorar e minerar. Tudo tem que estar regulado&#8221;, defendeu.<\/p>\n<\/blockquote>\n<p><strong>O ministro rejeita a ideia de cria\u00e7\u00e3o de uma estatal para o setor.<\/strong>\u00a0<\/p>\n<p>&#8220;Em nossa avalia\u00e7\u00e3o, no atual modelo, n\u00e3o h\u00e1 necessidade alguma de se criar uma estatal para fazer a explora\u00e7\u00e3o, refino ou beneficiamento de mineral cr\u00edtico estrat\u00e9gico. J\u00e1 h\u00e1 instrumentos legais que permitem eventuais subven\u00e7\u00f5es e h\u00e1 a possibilidade de associa\u00e7\u00f5es com o setor privado e o fomento desse setor essencial&#8221;, argumentou, acrescentando que a cria\u00e7\u00e3o de uma estatal &#8220;n\u00e3o seria sin\u00f4nimo de melhor aproveitamento desses ativos&#8221;.\u00a0<\/p>\n<p>      <!-- Relacionada --><\/p>\n<p>            <!-- Relacionada -->\n    <\/div>\n","protected":false},"excerpt":{"rendered":"<p>Por EBC, O ministro do Desenvolvimento, Ind\u00fastria, Com\u00e9rcio e Servi\u00e7os, M\u00e1rcio Elias Rosa, defendeu nesta sexta-feira (24) a urg\u00eancia da aprova\u00e7\u00e3o de regras claras para a explora\u00e7\u00e3o de minerais cr\u00edticos em territ\u00f3rio brasileiro.\u00a0 Para o ministro, a cria\u00e7\u00e3o de uma legisla\u00e7\u00e3o espec\u00edfica \u00e9 fundamental para minimizar d\u00favidas quanto ao destino dos ativos, considerados estrat\u00e9gicos, e &hellip;<\/p>\n","protected":false},"author":1,"featured_media":0,"comment_status":"open","ping_status":"open","sticky":false,"template":"","format":"standard","meta":{"_jetpack_memberships_contains_paid_content":false,"footnotes":""},"categories":[2,12225,4],"tags":[],"class_list":["post-459782","post","type-post","status-publish","format-standard","hentry","category-entretenimento","category-noticias","category-servicos"],"yoast_head":"<!-- This site is optimized with the Yoast SEO plugin v27.5 - https:\/\/yoast.com\/product\/yoast-seo-wordpress\/ -->\n<title>Ministro diz que pa\u00eds n\u00e3o quer apenas exportar minerais cr\u00edticos<\/title>\n<meta name=\"robots\" content=\"index, follow, max-snippet:-1, max-image-preview:large, max-video-preview:-1\" \/>\n<link rel=\"canonical\" href=\"https:\/\/agenciabrasil.ebc.com.br\/politica\/noticia\/2026-04\/ministro-diz-que-pais-nao-quer-apenas-exportar-minerais-criticos\" \/>\n<meta property=\"og:locale\" content=\"pt_BR\" \/>\n<meta property=\"og:type\" content=\"article\" \/>\n<meta property=\"og:title\" content=\"Ministro diz que pa\u00eds n\u00e3o quer apenas exportar minerais cr\u00edticos\" \/>\n<meta property=\"og:description\" content=\"Por EBC, O ministro do Desenvolvimento, Ind\u00fastria, Com\u00e9rcio e Servi\u00e7os, M\u00e1rcio Elias Rosa, defendeu nesta sexta-feira (24) a urg\u00eancia da aprova\u00e7\u00e3o de regras claras para a explora\u00e7\u00e3o de minerais cr\u00edticos em territ\u00f3rio brasileiro.\u00a0 Para o ministro, a cria\u00e7\u00e3o de uma legisla\u00e7\u00e3o espec\u00edfica \u00e9 fundamental para minimizar d\u00favidas quanto ao destino dos ativos, considerados estrat\u00e9gicos, e &hellip;\" \/>\n<meta property=\"og:url\" content=\"https:\/\/agenciabrasil.ebc.com.br\/politica\/noticia\/2026-04\/ministro-diz-que-pais-nao-quer-apenas-exportar-minerais-criticos\" \/>\n<meta property=\"og:site_name\" content=\"MRNews\" \/>\n<meta property=\"article:publisher\" content=\"https:\/\/www.facebook.com\/eaipahpah\/?locale2=pt_BR\" \/>\n<meta property=\"article:published_time\" content=\"2026-04-24T17:32:09+00:00\" \/>\n<meta name=\"author\" content=\"MR News\" \/>\n<meta name=\"twitter:card\" content=\"summary_large_image\" \/>\n<meta name=\"twitter:creator\" content=\"@conspirou\" \/>\n<meta name=\"twitter:site\" content=\"@conspirou\" \/>\n<meta name=\"twitter:label1\" content=\"Escrito por\" \/>\n\t<meta name=\"twitter:data1\" content=\"MR News\" \/>\n\t<meta name=\"twitter:label2\" content=\"Est. tempo de leitura\" \/>\n\t<meta name=\"twitter:data2\" content=\"4 minutos\" \/>\n<script type=\"application\/ld+json\" class=\"yoast-schema-graph\">{\"@context\":\"https:\\\/\\\/schema.org\",\"@graph\":[{\"@type\":\"Article\",\"@id\":\"https:\\\/\\\/agenciabrasil.ebc.com.br\\\/politica\\\/noticia\\\/2026-04\\\/ministro-diz-que-pais-nao-quer-apenas-exportar-minerais-criticos#article\",\"isPartOf\":{\"@id\":\"https:\\\/\\\/mrnews.com.br\\\/index.php\\\/2026\\\/04\\\/24\\\/ministro-diz-que-pais-nao-quer-apenas-exportar-minerais-criticos\\\/\"},\"author\":{\"name\":\"MR News\",\"@id\":\"https:\\\/\\\/mrnews.com.br\\\/#\\\/schema\\\/person\\\/be3203154562a9f207407861cef7827b\"},\"headline\":\"Ministro diz que pa\u00eds n\u00e3o quer apenas exportar minerais cr\u00edticos\",\"datePublished\":\"2026-04-24T17:32:09+00:00\",\"mainEntityOfPage\":{\"@id\":\"https:\\\/\\\/mrnews.com.br\\\/index.php\\\/2026\\\/04\\\/24\\\/ministro-diz-que-pais-nao-quer-apenas-exportar-minerais-criticos\\\/\"},\"wordCount\":898,\"commentCount\":0,\"publisher\":{\"@id\":\"https:\\\/\\\/mrnews.com.br\\\/#organization\"},\"articleSection\":[\"ENTRETENIMENTO\",\"NOTICIAS\",\"SERVI\u00c7OS\"],\"inLanguage\":\"pt-BR\",\"potentialAction\":[{\"@type\":\"CommentAction\",\"name\":\"Comment\",\"target\":[\"https:\\\/\\\/agenciabrasil.ebc.com.br\\\/politica\\\/noticia\\\/2026-04\\\/ministro-diz-que-pais-nao-quer-apenas-exportar-minerais-criticos#respond\"]}]},{\"@type\":\"WebPage\",\"@id\":\"https:\\\/\\\/mrnews.com.br\\\/index.php\\\/2026\\\/04\\\/24\\\/ministro-diz-que-pais-nao-quer-apenas-exportar-minerais-criticos\\\/\",\"url\":\"https:\\\/\\\/agenciabrasil.ebc.com.br\\\/politica\\\/noticia\\\/2026-04\\\/ministro-diz-que-pais-nao-quer-apenas-exportar-minerais-criticos\",\"name\":\"Ministro diz que pa\u00eds n\u00e3o quer apenas exportar minerais cr\u00edticos\",\"isPartOf\":{\"@id\":\"https:\\\/\\\/mrnews.com.br\\\/#website\"},\"datePublished\":\"2026-04-24T17:32:09+00:00\",\"breadcrumb\":{\"@id\":\"https:\\\/\\\/agenciabrasil.ebc.com.br\\\/politica\\\/noticia\\\/2026-04\\\/ministro-diz-que-pais-nao-quer-apenas-exportar-minerais-criticos#breadcrumb\"},\"inLanguage\":\"pt-BR\",\"potentialAction\":[{\"@type\":\"ReadAction\",\"target\":[\"https:\\\/\\\/agenciabrasil.ebc.com.br\\\/politica\\\/noticia\\\/2026-04\\\/ministro-diz-que-pais-nao-quer-apenas-exportar-minerais-criticos\"]}]},{\"@type\":\"BreadcrumbList\",\"@id\":\"https:\\\/\\\/agenciabrasil.ebc.com.br\\\/politica\\\/noticia\\\/2026-04\\\/ministro-diz-que-pais-nao-quer-apenas-exportar-minerais-criticos#breadcrumb\",\"itemListElement\":[{\"@type\":\"ListItem\",\"position\":1,\"name\":\"In\u00edcio\",\"item\":\"https:\\\/\\\/mrnews.com.br\\\/\"},{\"@type\":\"ListItem\",\"position\":2,\"name\":\"Ministro diz que pa\u00eds n\u00e3o quer apenas exportar minerais cr\u00edticos\"}]},{\"@type\":\"WebSite\",\"@id\":\"https:\\\/\\\/mrnews.com.br\\\/#website\",\"url\":\"https:\\\/\\\/mrnews.com.br\\\/\",\"name\":\"MRNews\",\"description\":\"MRNews Jogos de hoje da TV, transmiss\u00f5es ao vivo, Not\u00edcias de futebol, Jogos ao vivo, Lives, resumo de novelas, Programa\u00e7\u00e3o da Globo, A Fazenda e BBB\",\"publisher\":{\"@id\":\"https:\\\/\\\/mrnews.com.br\\\/#organization\"},\"potentialAction\":[{\"@type\":\"SearchAction\",\"target\":{\"@type\":\"EntryPoint\",\"urlTemplate\":\"https:\\\/\\\/mrnews.com.br\\\/?s={search_term_string}\"},\"query-input\":{\"@type\":\"PropertyValueSpecification\",\"valueRequired\":true,\"valueName\":\"search_term_string\"}}],\"inLanguage\":\"pt-BR\"},{\"@type\":\"Organization\",\"@id\":\"https:\\\/\\\/mrnews.com.br\\\/#organization\",\"name\":\"MRNews\",\"url\":\"https:\\\/\\\/mrnews.com.br\\\/\",\"logo\":{\"@type\":\"ImageObject\",\"inLanguage\":\"pt-BR\",\"@id\":\"https:\\\/\\\/mrnews.com.br\\\/#\\\/schema\\\/logo\\\/image\\\/\",\"url\":\"https:\\\/\\\/mrnews.com.br\\\/wp-content\\\/uploads\\\/2019\\\/06\\\/MRNewslogo2.png\",\"contentUrl\":\"https:\\\/\\\/mrnews.com.br\\\/wp-content\\\/uploads\\\/2019\\\/06\\\/MRNewslogo2.png\",\"width\":223,\"height\":58,\"caption\":\"MRNews\"},\"image\":{\"@id\":\"https:\\\/\\\/mrnews.com.br\\\/#\\\/schema\\\/logo\\\/image\\\/\"},\"sameAs\":[\"https:\\\/\\\/www.facebook.com\\\/eaipahpah\\\/?locale2=pt_BR\",\"https:\\\/\\\/x.com\\\/conspirou\",\"https:\\\/\\\/www.instagram.com\\\/eai_pahpah\",\"https:\\\/\\\/br.pinterest.com\\\/mrnewsn\\\/boards\\\/\",\"https:\\\/\\\/www.youtube.com\\\/channel\\\/UCacgnpznQ61fifLWr1tQ-vA?view_as=subscriber\"]},{\"@type\":\"Person\",\"@id\":\"https:\\\/\\\/mrnews.com.br\\\/#\\\/schema\\\/person\\\/be3203154562a9f207407861cef7827b\",\"name\":\"MR News\",\"image\":{\"@type\":\"ImageObject\",\"inLanguage\":\"pt-BR\",\"@id\":\"https:\\\/\\\/secure.gravatar.com\\\/avatar\\\/04084e6d73c042b8646e7c17b494073bf0ede3ea13c7105cfc45cbbbc28385a4?s=96&d=monsterid&r=g\",\"url\":\"https:\\\/\\\/secure.gravatar.com\\\/avatar\\\/04084e6d73c042b8646e7c17b494073bf0ede3ea13c7105cfc45cbbbc28385a4?s=96&d=monsterid&r=g\",\"contentUrl\":\"https:\\\/\\\/secure.gravatar.com\\\/avatar\\\/04084e6d73c042b8646e7c17b494073bf0ede3ea13c7105cfc45cbbbc28385a4?s=96&d=monsterid&r=g\",\"caption\":\"MR News\"},\"description\":\"Especializado em jornalismo colaborativo pela FTP em n\u00edvel de p\u00f3s-gradua\u00e7\u00e3o. suporte@oimeliga.combr\",\"sameAs\":[\"HUGO R.\",\"Admin\"],\"url\":\"https:\\\/\\\/mrnews.com.br\\\/index.php\\\/author\\\/admin\\\/\"}]}<\/script>\n<!-- \/ Yoast SEO plugin. -->","yoast_head_json":{"title":"Ministro diz que pa\u00eds n\u00e3o quer apenas exportar minerais cr\u00edticos","robots":{"index":"index","follow":"follow","max-snippet":"max-snippet:-1","max-image-preview":"max-image-preview:large","max-video-preview":"max-video-preview:-1"},"canonical":"https:\/\/agenciabrasil.ebc.com.br\/politica\/noticia\/2026-04\/ministro-diz-que-pais-nao-quer-apenas-exportar-minerais-criticos","og_locale":"pt_BR","og_type":"article","og_title":"Ministro diz que pa\u00eds n\u00e3o quer apenas exportar minerais cr\u00edticos","og_description":"Por EBC, O ministro do Desenvolvimento, Ind\u00fastria, Com\u00e9rcio e Servi\u00e7os, M\u00e1rcio Elias Rosa, defendeu nesta sexta-feira (24) a urg\u00eancia da aprova\u00e7\u00e3o de regras claras para a explora\u00e7\u00e3o de minerais cr\u00edticos em territ\u00f3rio brasileiro.\u00a0 Para o ministro, a cria\u00e7\u00e3o de uma legisla\u00e7\u00e3o espec\u00edfica \u00e9 fundamental para minimizar d\u00favidas quanto ao destino dos ativos, considerados estrat\u00e9gicos, e &hellip;","og_url":"https:\/\/agenciabrasil.ebc.com.br\/politica\/noticia\/2026-04\/ministro-diz-que-pais-nao-quer-apenas-exportar-minerais-criticos","og_site_name":"MRNews","article_publisher":"https:\/\/www.facebook.com\/eaipahpah\/?locale2=pt_BR","article_published_time":"2026-04-24T17:32:09+00:00","author":"MR News","twitter_card":"summary_large_image","twitter_creator":"@conspirou","twitter_site":"@conspirou","twitter_misc":{"Escrito por":"MR News","Est. tempo de leitura":"4 minutos"},"schema":{"@context":"https:\/\/schema.org","@graph":[{"@type":"Article","@id":"https:\/\/agenciabrasil.ebc.com.br\/politica\/noticia\/2026-04\/ministro-diz-que-pais-nao-quer-apenas-exportar-minerais-criticos#article","isPartOf":{"@id":"https:\/\/mrnews.com.br\/index.php\/2026\/04\/24\/ministro-diz-que-pais-nao-quer-apenas-exportar-minerais-criticos\/"},"author":{"name":"MR News","@id":"https:\/\/mrnews.com.br\/#\/schema\/person\/be3203154562a9f207407861cef7827b"},"headline":"Ministro diz que pa\u00eds n\u00e3o quer apenas exportar minerais cr\u00edticos","datePublished":"2026-04-24T17:32:09+00:00","mainEntityOfPage":{"@id":"https:\/\/mrnews.com.br\/index.php\/2026\/04\/24\/ministro-diz-que-pais-nao-quer-apenas-exportar-minerais-criticos\/"},"wordCount":898,"commentCount":0,"publisher":{"@id":"https:\/\/mrnews.com.br\/#organization"},"articleSection":["ENTRETENIMENTO","NOTICIAS","SERVI\u00c7OS"],"inLanguage":"pt-BR","potentialAction":[{"@type":"CommentAction","name":"Comment","target":["https:\/\/agenciabrasil.ebc.com.br\/politica\/noticia\/2026-04\/ministro-diz-que-pais-nao-quer-apenas-exportar-minerais-criticos#respond"]}]},{"@type":"WebPage","@id":"https:\/\/mrnews.com.br\/index.php\/2026\/04\/24\/ministro-diz-que-pais-nao-quer-apenas-exportar-minerais-criticos\/","url":"https:\/\/agenciabrasil.ebc.com.br\/politica\/noticia\/2026-04\/ministro-diz-que-pais-nao-quer-apenas-exportar-minerais-criticos","name":"Ministro diz que pa\u00eds n\u00e3o quer apenas exportar minerais cr\u00edticos","isPartOf":{"@id":"https:\/\/mrnews.com.br\/#website"},"datePublished":"2026-04-24T17:32:09+00:00","breadcrumb":{"@id":"https:\/\/agenciabrasil.ebc.com.br\/politica\/noticia\/2026-04\/ministro-diz-que-pais-nao-quer-apenas-exportar-minerais-criticos#breadcrumb"},"inLanguage":"pt-BR","potentialAction":[{"@type":"ReadAction","target":["https:\/\/agenciabrasil.ebc.com.br\/politica\/noticia\/2026-04\/ministro-diz-que-pais-nao-quer-apenas-exportar-minerais-criticos"]}]},{"@type":"BreadcrumbList","@id":"https:\/\/agenciabrasil.ebc.com.br\/politica\/noticia\/2026-04\/ministro-diz-que-pais-nao-quer-apenas-exportar-minerais-criticos#breadcrumb","itemListElement":[{"@type":"ListItem","position":1,"name":"In\u00edcio","item":"https:\/\/mrnews.com.br\/"},{"@type":"ListItem","position":2,"name":"Ministro diz que pa\u00eds n\u00e3o quer apenas exportar minerais cr\u00edticos"}]},{"@type":"WebSite","@id":"https:\/\/mrnews.com.br\/#website","url":"https:\/\/mrnews.com.br\/","name":"MRNews","description":"MRNews Jogos de hoje da TV, transmiss\u00f5es ao vivo, Not\u00edcias de futebol, Jogos ao vivo, Lives, resumo de novelas, Programa\u00e7\u00e3o da Globo, A Fazenda e BBB","publisher":{"@id":"https:\/\/mrnews.com.br\/#organization"},"potentialAction":[{"@type":"SearchAction","target":{"@type":"EntryPoint","urlTemplate":"https:\/\/mrnews.com.br\/?s={search_term_string}"},"query-input":{"@type":"PropertyValueSpecification","valueRequired":true,"valueName":"search_term_string"}}],"inLanguage":"pt-BR"},{"@type":"Organization","@id":"https:\/\/mrnews.com.br\/#organization","name":"MRNews","url":"https:\/\/mrnews.com.br\/","logo":{"@type":"ImageObject","inLanguage":"pt-BR","@id":"https:\/\/mrnews.com.br\/#\/schema\/logo\/image\/","url":"https:\/\/mrnews.com.br\/wp-content\/uploads\/2019\/06\/MRNewslogo2.png","contentUrl":"https:\/\/mrnews.com.br\/wp-content\/uploads\/2019\/06\/MRNewslogo2.png","width":223,"height":58,"caption":"MRNews"},"image":{"@id":"https:\/\/mrnews.com.br\/#\/schema\/logo\/image\/"},"sameAs":["https:\/\/www.facebook.com\/eaipahpah\/?locale2=pt_BR","https:\/\/x.com\/conspirou","https:\/\/www.instagram.com\/eai_pahpah","https:\/\/br.pinterest.com\/mrnewsn\/boards\/","https:\/\/www.youtube.com\/channel\/UCacgnpznQ61fifLWr1tQ-vA?view_as=subscriber"]},{"@type":"Person","@id":"https:\/\/mrnews.com.br\/#\/schema\/person\/be3203154562a9f207407861cef7827b","name":"MR News","image":{"@type":"ImageObject","inLanguage":"pt-BR","@id":"https:\/\/secure.gravatar.com\/avatar\/04084e6d73c042b8646e7c17b494073bf0ede3ea13c7105cfc45cbbbc28385a4?s=96&d=monsterid&r=g","url":"https:\/\/secure.gravatar.com\/avatar\/04084e6d73c042b8646e7c17b494073bf0ede3ea13c7105cfc45cbbbc28385a4?s=96&d=monsterid&r=g","contentUrl":"https:\/\/secure.gravatar.com\/avatar\/04084e6d73c042b8646e7c17b494073bf0ede3ea13c7105cfc45cbbbc28385a4?s=96&d=monsterid&r=g","caption":"MR News"},"description":"Especializado em jornalismo colaborativo pela FTP em n\u00edvel de p\u00f3s-gradua\u00e7\u00e3o. suporte@oimeliga.combr","sameAs":["HUGO R.","Admin"],"url":"https:\/\/mrnews.com.br\/index.php\/author\/admin\/"}]}},"jetpack_featured_media_url":"","jetpack_sharing_enabled":true,"jetpack_shortlink":"https:\/\/wp.me\/pa2Qf7-1VBQ","amp_enabled":true,"_links":{"self":[{"href":"https:\/\/mrnews.com.br\/index.php\/wp-json\/wp\/v2\/posts\/459782","targetHints":{"allow":["GET"]}}],"collection":[{"href":"https:\/\/mrnews.com.br\/index.php\/wp-json\/wp\/v2\/posts"}],"about":[{"href":"https:\/\/mrnews.com.br\/index.php\/wp-json\/wp\/v2\/types\/post"}],"author":[{"embeddable":true,"href":"https:\/\/mrnews.com.br\/index.php\/wp-json\/wp\/v2\/users\/1"}],"replies":[{"embeddable":true,"href":"https:\/\/mrnews.com.br\/index.php\/wp-json\/wp\/v2\/comments?post=459782"}],"version-history":[{"count":0,"href":"https:\/\/mrnews.com.br\/index.php\/wp-json\/wp\/v2\/posts\/459782\/revisions"}],"wp:attachment":[{"href":"https:\/\/mrnews.com.br\/index.php\/wp-json\/wp\/v2\/media?parent=459782"}],"wp:term":[{"taxonomy":"category","embeddable":true,"href":"https:\/\/mrnews.com.br\/index.php\/wp-json\/wp\/v2\/categories?post=459782"},{"taxonomy":"post_tag","embeddable":true,"href":"https:\/\/mrnews.com.br\/index.php\/wp-json\/wp\/v2\/tags?post=459782"}],"curies":[{"name":"wp","href":"https:\/\/api.w.org\/{rel}","templated":true}]}}