{"id":459874,"date":"2026-04-26T01:35:38","date_gmt":"2026-04-26T04:35:38","guid":{"rendered":"https:\/\/mrnews.com.br\/index.php\/2026\/04\/26\/homem-atira-durante-jantar-de-trump-com-correspondentes-em-washington\/"},"modified":"2026-04-26T01:35:38","modified_gmt":"2026-04-26T04:35:38","slug":"homem-atira-durante-jantar-de-trump-com-correspondentes-em-washington","status":"publish","type":"post","link":"https:\/\/mrnews.com.br\/index.php\/2026\/04\/26\/homem-atira-durante-jantar-de-trump-com-correspondentes-em-washington\/","title":{"rendered":"Homem atira durante jantar de Trump com correspondentes em Washington"},"content":{"rendered":"<p>Por EBC, <\/p>\n<div>\n<p>Um homem fez disparos na noite deste s\u00e1bado (25) durante um jantar, num hotel em Washington, do presidente Donald Trump\u00a0com correspondentes que cobrem a Casa Branca.<\/p>\n<p>Tiros foram ouvidos nas imedia\u00e7\u00f5es do local do evento e o\u00a0presidente e a primeira-dama Melania Trump\u00a0foram retirados rapidamente do lugar pelo Servi\u00e7o Secreto norte-americano. O suspeito de ter feito o ataque foi preso e ainda n\u00e3o teve sua identidade revelada.<\/p>\n<p>Segundo informa\u00e7\u00f5es obtidas pela Reuters, o suspeito atirou em um agente do servi\u00e7o secreto, mas n\u00e3o se feriu gra\u00e7as ao colete \u00e0 prova de balas que usava. Al\u00e9m dos disparos, testemunhas disseram a ag\u00eancias internacionais que tamb\u00e9m foram ouvidas explos\u00f5es na \u00e1rea pr\u00f3xima ao hotel.<\/p>\n<p>O jantar teve as presen\u00e7as do vice-presidente J.D. Vance e do secret\u00e1rio de Estado Marco Rubio. Eles tamb\u00e9m foram retirados do hotel e est\u00e3o em seguran\u00e7a.<\/p>\n<p>O presidente Trump deu uma entrevista coletiva na Casa Branca ap\u00f3s o ataque e disse que o atirador \u00e9 um &#8220;lobo solit\u00e1rio&#8221;, termo usado para descrever supostos criminosos que atuam sozinhos. Apesar da fala de Trump, o Servi\u00e7o Secreto dos EUA n\u00e3o deu mais detalhes sobre o suspeito.<\/p>\n<p>\u00a0<\/p>\n<p>      <!-- Relacionada --><br \/>\n            <!-- Relacionada -->\n    <\/div>\n","protected":false},"excerpt":{"rendered":"<p>Por EBC, Um homem fez disparos na noite deste s\u00e1bado (25) durante um jantar, num hotel em Washington, do presidente Donald Trump\u00a0com correspondentes que cobrem a Casa Branca. Tiros foram ouvidos nas imedia\u00e7\u00f5es do local do evento e o\u00a0presidente e a primeira-dama Melania Trump\u00a0foram retirados rapidamente do lugar pelo Servi\u00e7o Secreto norte-americano. O suspeito de &hellip;<\/p>\n","protected":false},"author":1,"featured_media":0,"comment_status":"open","ping_status":"open","sticky":false,"template":"","format":"standard","meta":{"_jetpack_memberships_contains_paid_content":false,"footnotes":""},"categories":[2,12225,4],"tags":[],"class_list":["post-459874","post","type-post","status-publish","format-standard","hentry","category-entretenimento","category-noticias","category-servicos"],"yoast_head":"<!-- This site is optimized with the Yoast SEO plugin v27.4 - https:\/\/yoast.com\/product\/yoast-seo-wordpress\/ -->\n<title>Homem atira durante jantar de Trump com correspondentes em Washington<\/title>\n<meta name=\"robots\" content=\"index, follow, max-snippet:-1, max-image-preview:large, max-video-preview:-1\" \/>\n<link rel=\"canonical\" href=\"https:\/\/agenciabrasil.ebc.com.br\/internacional\/noticia\/2026-04\/homem-atira-durante-jantar-de-trump-com-correspondentes-em-washington\" \/>\n<meta property=\"og:locale\" content=\"pt_BR\" \/>\n<meta property=\"og:type\" content=\"article\" \/>\n<meta property=\"og:title\" content=\"Homem atira durante jantar de Trump com correspondentes em Washington\" \/>\n<meta property=\"og:description\" content=\"Por EBC, Um homem fez disparos na noite deste s\u00e1bado (25) durante um jantar, num hotel em Washington, do presidente Donald Trump\u00a0com correspondentes que cobrem a Casa Branca. Tiros foram ouvidos nas imedia\u00e7\u00f5es do local do evento e o\u00a0presidente e a primeira-dama Melania Trump\u00a0foram retirados rapidamente do lugar pelo Servi\u00e7o Secreto norte-americano. O suspeito de &hellip;\" \/>\n<meta property=\"og:url\" content=\"https:\/\/agenciabrasil.ebc.com.br\/internacional\/noticia\/2026-04\/homem-atira-durante-jantar-de-trump-com-correspondentes-em-washington\" \/>\n<meta property=\"og:site_name\" content=\"MRNews\" \/>\n<meta property=\"article:publisher\" content=\"https:\/\/www.facebook.com\/eaipahpah\/?locale2=pt_BR\" \/>\n<meta property=\"article:published_time\" content=\"2026-04-26T04:35:38+00:00\" \/>\n<meta name=\"author\" content=\"MR News\" \/>\n<meta name=\"twitter:card\" content=\"summary_large_image\" \/>\n<meta name=\"twitter:creator\" content=\"@conspirou\" \/>\n<meta name=\"twitter:site\" content=\"@conspirou\" \/>\n<meta name=\"twitter:label1\" content=\"Escrito por\" \/>\n\t<meta name=\"twitter:data1\" content=\"MR News\" \/>\n\t<meta name=\"twitter:label2\" content=\"Est. tempo de leitura\" \/>\n\t<meta name=\"twitter:data2\" content=\"1 minuto\" \/>\n<script type=\"application\/ld+json\" class=\"yoast-schema-graph\">{\"@context\":\"https:\\\/\\\/schema.org\",\"@graph\":[{\"@type\":\"Article\",\"@id\":\"https:\\\/\\\/agenciabrasil.ebc.com.br\\\/internacional\\\/noticia\\\/2026-04\\\/homem-atira-durante-jantar-de-trump-com-correspondentes-em-washington#article\",\"isPartOf\":{\"@id\":\"https:\\\/\\\/mrnews.com.br\\\/index.php\\\/2026\\\/04\\\/26\\\/homem-atira-durante-jantar-de-trump-com-correspondentes-em-washington\\\/\"},\"author\":{\"name\":\"MR News\",\"@id\":\"https:\\\/\\\/mrnews.com.br\\\/#\\\/schema\\\/person\\\/be3203154562a9f207407861cef7827b\"},\"headline\":\"Homem atira durante jantar de Trump com correspondentes em Washington\",\"datePublished\":\"2026-04-26T04:35:38+00:00\",\"mainEntityOfPage\":{\"@id\":\"https:\\\/\\\/mrnews.com.br\\\/index.php\\\/2026\\\/04\\\/26\\\/homem-atira-durante-jantar-de-trump-com-correspondentes-em-washington\\\/\"},\"wordCount\":220,\"commentCount\":0,\"publisher\":{\"@id\":\"https:\\\/\\\/mrnews.com.br\\\/#organization\"},\"articleSection\":[\"ENTRETENIMENTO\",\"NOTICIAS\",\"SERVI\u00c7OS\"],\"inLanguage\":\"pt-BR\",\"potentialAction\":[{\"@type\":\"CommentAction\",\"name\":\"Comment\",\"target\":[\"https:\\\/\\\/agenciabrasil.ebc.com.br\\\/internacional\\\/noticia\\\/2026-04\\\/homem-atira-durante-jantar-de-trump-com-correspondentes-em-washington#respond\"]}]},{\"@type\":\"WebPage\",\"@id\":\"https:\\\/\\\/mrnews.com.br\\\/index.php\\\/2026\\\/04\\\/26\\\/homem-atira-durante-jantar-de-trump-com-correspondentes-em-washington\\\/\",\"url\":\"https:\\\/\\\/agenciabrasil.ebc.com.br\\\/internacional\\\/noticia\\\/2026-04\\\/homem-atira-durante-jantar-de-trump-com-correspondentes-em-washington\",\"name\":\"Homem atira durante jantar de Trump com correspondentes em Washington\",\"isPartOf\":{\"@id\":\"https:\\\/\\\/mrnews.com.br\\\/#website\"},\"datePublished\":\"2026-04-26T04:35:38+00:00\",\"breadcrumb\":{\"@id\":\"https:\\\/\\\/agenciabrasil.ebc.com.br\\\/internacional\\\/noticia\\\/2026-04\\\/homem-atira-durante-jantar-de-trump-com-correspondentes-em-washington#breadcrumb\"},\"inLanguage\":\"pt-BR\",\"potentialAction\":[{\"@type\":\"ReadAction\",\"target\":[\"https:\\\/\\\/agenciabrasil.ebc.com.br\\\/internacional\\\/noticia\\\/2026-04\\\/homem-atira-durante-jantar-de-trump-com-correspondentes-em-washington\"]}]},{\"@type\":\"BreadcrumbList\",\"@id\":\"https:\\\/\\\/agenciabrasil.ebc.com.br\\\/internacional\\\/noticia\\\/2026-04\\\/homem-atira-durante-jantar-de-trump-com-correspondentes-em-washington#breadcrumb\",\"itemListElement\":[{\"@type\":\"ListItem\",\"position\":1,\"name\":\"In\u00edcio\",\"item\":\"https:\\\/\\\/mrnews.com.br\\\/\"},{\"@type\":\"ListItem\",\"position\":2,\"name\":\"Homem atira durante jantar de Trump com correspondentes em Washington\"}]},{\"@type\":\"WebSite\",\"@id\":\"https:\\\/\\\/mrnews.com.br\\\/#website\",\"url\":\"https:\\\/\\\/mrnews.com.br\\\/\",\"name\":\"MRNews\",\"description\":\"MRNews Jogos de hoje da TV, transmiss\u00f5es ao vivo, Not\u00edcias de futebol, Jogos ao vivo, Lives, resumo de novelas, Programa\u00e7\u00e3o da Globo, A Fazenda e BBB\",\"publisher\":{\"@id\":\"https:\\\/\\\/mrnews.com.br\\\/#organization\"},\"potentialAction\":[{\"@type\":\"SearchAction\",\"target\":{\"@type\":\"EntryPoint\",\"urlTemplate\":\"https:\\\/\\\/mrnews.com.br\\\/?s={search_term_string}\"},\"query-input\":{\"@type\":\"PropertyValueSpecification\",\"valueRequired\":true,\"valueName\":\"search_term_string\"}}],\"inLanguage\":\"pt-BR\"},{\"@type\":\"Organization\",\"@id\":\"https:\\\/\\\/mrnews.com.br\\\/#organization\",\"name\":\"MRNews\",\"url\":\"https:\\\/\\\/mrnews.com.br\\\/\",\"logo\":{\"@type\":\"ImageObject\",\"inLanguage\":\"pt-BR\",\"@id\":\"https:\\\/\\\/mrnews.com.br\\\/#\\\/schema\\\/logo\\\/image\\\/\",\"url\":\"https:\\\/\\\/mrnews.com.br\\\/wp-content\\\/uploads\\\/2019\\\/06\\\/MRNewslogo2.png\",\"contentUrl\":\"https:\\\/\\\/mrnews.com.br\\\/wp-content\\\/uploads\\\/2019\\\/06\\\/MRNewslogo2.png\",\"width\":223,\"height\":58,\"caption\":\"MRNews\"},\"image\":{\"@id\":\"https:\\\/\\\/mrnews.com.br\\\/#\\\/schema\\\/logo\\\/image\\\/\"},\"sameAs\":[\"https:\\\/\\\/www.facebook.com\\\/eaipahpah\\\/?locale2=pt_BR\",\"https:\\\/\\\/x.com\\\/conspirou\",\"https:\\\/\\\/www.instagram.com\\\/eai_pahpah\",\"https:\\\/\\\/br.pinterest.com\\\/mrnewsn\\\/boards\\\/\",\"https:\\\/\\\/www.youtube.com\\\/channel\\\/UCacgnpznQ61fifLWr1tQ-vA?view_as=subscriber\"]},{\"@type\":\"Person\",\"@id\":\"https:\\\/\\\/mrnews.com.br\\\/#\\\/schema\\\/person\\\/be3203154562a9f207407861cef7827b\",\"name\":\"MR News\",\"image\":{\"@type\":\"ImageObject\",\"inLanguage\":\"pt-BR\",\"@id\":\"https:\\\/\\\/secure.gravatar.com\\\/avatar\\\/04084e6d73c042b8646e7c17b494073bf0ede3ea13c7105cfc45cbbbc28385a4?s=96&d=monsterid&r=g\",\"url\":\"https:\\\/\\\/secure.gravatar.com\\\/avatar\\\/04084e6d73c042b8646e7c17b494073bf0ede3ea13c7105cfc45cbbbc28385a4?s=96&d=monsterid&r=g\",\"contentUrl\":\"https:\\\/\\\/secure.gravatar.com\\\/avatar\\\/04084e6d73c042b8646e7c17b494073bf0ede3ea13c7105cfc45cbbbc28385a4?s=96&d=monsterid&r=g\",\"caption\":\"MR News\"},\"description\":\"Especializado em jornalismo colaborativo pela FTP em n\u00edvel de p\u00f3s-gradua\u00e7\u00e3o. suporte@oimeliga.combr\",\"sameAs\":[\"HUGO R.\",\"Admin\"],\"url\":\"https:\\\/\\\/mrnews.com.br\\\/index.php\\\/author\\\/admin\\\/\"}]}<\/script>\n<!-- \/ Yoast SEO plugin. -->","yoast_head_json":{"title":"Homem atira durante jantar de Trump com correspondentes em Washington","robots":{"index":"index","follow":"follow","max-snippet":"max-snippet:-1","max-image-preview":"max-image-preview:large","max-video-preview":"max-video-preview:-1"},"canonical":"https:\/\/agenciabrasil.ebc.com.br\/internacional\/noticia\/2026-04\/homem-atira-durante-jantar-de-trump-com-correspondentes-em-washington","og_locale":"pt_BR","og_type":"article","og_title":"Homem atira durante jantar de Trump com correspondentes em Washington","og_description":"Por EBC, Um homem fez disparos na noite deste s\u00e1bado (25) durante um jantar, num hotel em Washington, do presidente Donald Trump\u00a0com correspondentes que cobrem a Casa Branca. Tiros foram ouvidos nas imedia\u00e7\u00f5es do local do evento e o\u00a0presidente e a primeira-dama Melania Trump\u00a0foram retirados rapidamente do lugar pelo Servi\u00e7o Secreto norte-americano. O suspeito de &hellip;","og_url":"https:\/\/agenciabrasil.ebc.com.br\/internacional\/noticia\/2026-04\/homem-atira-durante-jantar-de-trump-com-correspondentes-em-washington","og_site_name":"MRNews","article_publisher":"https:\/\/www.facebook.com\/eaipahpah\/?locale2=pt_BR","article_published_time":"2026-04-26T04:35:38+00:00","author":"MR News","twitter_card":"summary_large_image","twitter_creator":"@conspirou","twitter_site":"@conspirou","twitter_misc":{"Escrito por":"MR News","Est. tempo de leitura":"1 minuto"},"schema":{"@context":"https:\/\/schema.org","@graph":[{"@type":"Article","@id":"https:\/\/agenciabrasil.ebc.com.br\/internacional\/noticia\/2026-04\/homem-atira-durante-jantar-de-trump-com-correspondentes-em-washington#article","isPartOf":{"@id":"https:\/\/mrnews.com.br\/index.php\/2026\/04\/26\/homem-atira-durante-jantar-de-trump-com-correspondentes-em-washington\/"},"author":{"name":"MR News","@id":"https:\/\/mrnews.com.br\/#\/schema\/person\/be3203154562a9f207407861cef7827b"},"headline":"Homem atira durante jantar de Trump com correspondentes em Washington","datePublished":"2026-04-26T04:35:38+00:00","mainEntityOfPage":{"@id":"https:\/\/mrnews.com.br\/index.php\/2026\/04\/26\/homem-atira-durante-jantar-de-trump-com-correspondentes-em-washington\/"},"wordCount":220,"commentCount":0,"publisher":{"@id":"https:\/\/mrnews.com.br\/#organization"},"articleSection":["ENTRETENIMENTO","NOTICIAS","SERVI\u00c7OS"],"inLanguage":"pt-BR","potentialAction":[{"@type":"CommentAction","name":"Comment","target":["https:\/\/agenciabrasil.ebc.com.br\/internacional\/noticia\/2026-04\/homem-atira-durante-jantar-de-trump-com-correspondentes-em-washington#respond"]}]},{"@type":"WebPage","@id":"https:\/\/mrnews.com.br\/index.php\/2026\/04\/26\/homem-atira-durante-jantar-de-trump-com-correspondentes-em-washington\/","url":"https:\/\/agenciabrasil.ebc.com.br\/internacional\/noticia\/2026-04\/homem-atira-durante-jantar-de-trump-com-correspondentes-em-washington","name":"Homem atira durante jantar de Trump com correspondentes em Washington","isPartOf":{"@id":"https:\/\/mrnews.com.br\/#website"},"datePublished":"2026-04-26T04:35:38+00:00","breadcrumb":{"@id":"https:\/\/agenciabrasil.ebc.com.br\/internacional\/noticia\/2026-04\/homem-atira-durante-jantar-de-trump-com-correspondentes-em-washington#breadcrumb"},"inLanguage":"pt-BR","potentialAction":[{"@type":"ReadAction","target":["https:\/\/agenciabrasil.ebc.com.br\/internacional\/noticia\/2026-04\/homem-atira-durante-jantar-de-trump-com-correspondentes-em-washington"]}]},{"@type":"BreadcrumbList","@id":"https:\/\/agenciabrasil.ebc.com.br\/internacional\/noticia\/2026-04\/homem-atira-durante-jantar-de-trump-com-correspondentes-em-washington#breadcrumb","itemListElement":[{"@type":"ListItem","position":1,"name":"In\u00edcio","item":"https:\/\/mrnews.com.br\/"},{"@type":"ListItem","position":2,"name":"Homem atira durante jantar de Trump com correspondentes em Washington"}]},{"@type":"WebSite","@id":"https:\/\/mrnews.com.br\/#website","url":"https:\/\/mrnews.com.br\/","name":"MRNews","description":"MRNews Jogos de hoje da TV, transmiss\u00f5es ao vivo, Not\u00edcias de futebol, Jogos ao vivo, Lives, resumo de novelas, Programa\u00e7\u00e3o da Globo, A Fazenda e BBB","publisher":{"@id":"https:\/\/mrnews.com.br\/#organization"},"potentialAction":[{"@type":"SearchAction","target":{"@type":"EntryPoint","urlTemplate":"https:\/\/mrnews.com.br\/?s={search_term_string}"},"query-input":{"@type":"PropertyValueSpecification","valueRequired":true,"valueName":"search_term_string"}}],"inLanguage":"pt-BR"},{"@type":"Organization","@id":"https:\/\/mrnews.com.br\/#organization","name":"MRNews","url":"https:\/\/mrnews.com.br\/","logo":{"@type":"ImageObject","inLanguage":"pt-BR","@id":"https:\/\/mrnews.com.br\/#\/schema\/logo\/image\/","url":"https:\/\/mrnews.com.br\/wp-content\/uploads\/2019\/06\/MRNewslogo2.png","contentUrl":"https:\/\/mrnews.com.br\/wp-content\/uploads\/2019\/06\/MRNewslogo2.png","width":223,"height":58,"caption":"MRNews"},"image":{"@id":"https:\/\/mrnews.com.br\/#\/schema\/logo\/image\/"},"sameAs":["https:\/\/www.facebook.com\/eaipahpah\/?locale2=pt_BR","https:\/\/x.com\/conspirou","https:\/\/www.instagram.com\/eai_pahpah","https:\/\/br.pinterest.com\/mrnewsn\/boards\/","https:\/\/www.youtube.com\/channel\/UCacgnpznQ61fifLWr1tQ-vA?view_as=subscriber"]},{"@type":"Person","@id":"https:\/\/mrnews.com.br\/#\/schema\/person\/be3203154562a9f207407861cef7827b","name":"MR News","image":{"@type":"ImageObject","inLanguage":"pt-BR","@id":"https:\/\/secure.gravatar.com\/avatar\/04084e6d73c042b8646e7c17b494073bf0ede3ea13c7105cfc45cbbbc28385a4?s=96&d=monsterid&r=g","url":"https:\/\/secure.gravatar.com\/avatar\/04084e6d73c042b8646e7c17b494073bf0ede3ea13c7105cfc45cbbbc28385a4?s=96&d=monsterid&r=g","contentUrl":"https:\/\/secure.gravatar.com\/avatar\/04084e6d73c042b8646e7c17b494073bf0ede3ea13c7105cfc45cbbbc28385a4?s=96&d=monsterid&r=g","caption":"MR News"},"description":"Especializado em jornalismo colaborativo pela FTP em n\u00edvel de p\u00f3s-gradua\u00e7\u00e3o. suporte@oimeliga.combr","sameAs":["HUGO R.","Admin"],"url":"https:\/\/mrnews.com.br\/index.php\/author\/admin\/"}]}},"jetpack_featured_media_url":"","jetpack_sharing_enabled":true,"jetpack_shortlink":"https:\/\/wp.me\/pa2Qf7-1VDk","amp_enabled":true,"_links":{"self":[{"href":"https:\/\/mrnews.com.br\/index.php\/wp-json\/wp\/v2\/posts\/459874","targetHints":{"allow":["GET"]}}],"collection":[{"href":"https:\/\/mrnews.com.br\/index.php\/wp-json\/wp\/v2\/posts"}],"about":[{"href":"https:\/\/mrnews.com.br\/index.php\/wp-json\/wp\/v2\/types\/post"}],"author":[{"embeddable":true,"href":"https:\/\/mrnews.com.br\/index.php\/wp-json\/wp\/v2\/users\/1"}],"replies":[{"embeddable":true,"href":"https:\/\/mrnews.com.br\/index.php\/wp-json\/wp\/v2\/comments?post=459874"}],"version-history":[{"count":0,"href":"https:\/\/mrnews.com.br\/index.php\/wp-json\/wp\/v2\/posts\/459874\/revisions"}],"wp:attachment":[{"href":"https:\/\/mrnews.com.br\/index.php\/wp-json\/wp\/v2\/media?parent=459874"}],"wp:term":[{"taxonomy":"category","embeddable":true,"href":"https:\/\/mrnews.com.br\/index.php\/wp-json\/wp\/v2\/categories?post=459874"},{"taxonomy":"post_tag","embeddable":true,"href":"https:\/\/mrnews.com.br\/index.php\/wp-json\/wp\/v2\/tags?post=459874"}],"curies":[{"name":"wp","href":"https:\/\/api.w.org\/{rel}","templated":true}]}}