{"id":459884,"date":"2026-04-26T12:12:02","date_gmt":"2026-04-26T15:12:02","guid":{"rendered":"https:\/\/mrnews.com.br\/?p=459884"},"modified":"2026-04-26T12:12:02","modified_gmt":"2026-04-26T15:12:02","slug":"como-e-voar-de-embraer-195-da-azul-experiencia-real-no-e1-e-no-e2-e-espaco-extra","status":"publish","type":"post","link":"https:\/\/mrnews.com.br\/index.php\/2026\/04\/26\/como-e-voar-de-embraer-195-da-azul-experiencia-real-no-e1-e-no-e2-e-espaco-extra\/","title":{"rendered":"Como \u00e9 voar de Embraer 195 da Azul: experi\u00eancia real no E1 e no E2 e Espa\u00e7o Extra"},"content":{"rendered":"<p>Quem viaja com frequ\u00eancia pela Azul certamente j\u00e1 embarcou em um dos avi\u00f5es mais emblem\u00e1ticos da companhia: o <strong>Embraer 195<\/strong>. Fabricado no Brasil, ele se tornou pe\u00e7a central da opera\u00e7\u00e3o da Azul e ajudou a empresa a conectar capitais, cidades m\u00e9dias e aeroportos com pista mais limitada.<\/p>\n<p>N\u00f3s voamos nas duas gera\u00e7\u00f5es da aeronave:<\/p>\n<ul>\n<li><strong>Embraer E195-E1<\/strong> (primeira gera\u00e7\u00e3o)<\/li>\n<li><strong>Embraer E195-E2<\/strong> (nova gera\u00e7\u00e3o)<\/li>\n<\/ul>\n<p>E a experi\u00eancia muda bastante entre eles? Vamos ver como \u00e9 voar de <a href=\"https:\/\/viagemblack.com.br\/como-e-voar-no-embraer-195-da-azul-e-espaco-extra-guia-viagem-black-com-comparativo-entre-modelos-e-rotas\/\">EMBRAER 195<\/a> .<\/p>\n<hr \/>\n<h1>A import\u00e2ncia do Embraer 195 para a Azul<\/h1>\n<p>A Azul possui uma das maiores opera\u00e7\u00f5es de jatos Embraer do planeta e apostou fortemente no modelo nacional desde sua funda\u00e7\u00e3o.<\/p>\n<p>Hoje, a empresa segue trocando os antigos E1 pelos modernos E2, mais econ\u00f4micos, silenciosos e confort\u00e1veis.<\/p>\n<p>Essa renova\u00e7\u00e3o faz sentido porque o E195 encaixa perfeitamente no modelo da Azul:<\/p>\n<ul>\n<li>voos dom\u00e9sticos m\u00e9dios<\/li>\n<li>cidades regionais<\/li>\n<li>hubs como Campinas e Confins<\/li>\n<li>aeroportos desafiadores como Santos Dumont<\/li>\n<\/ul>\n<hr \/>\n<h1>Como \u00e9 voar no Embraer 195 E1 (primeira gera\u00e7\u00e3o)<\/h1>\n<p>O E1 foi durante anos o cavalo de batalha da Azul.<\/p>\n<p>Mesmo sendo um projeto mais antigo, ainda entrega uma experi\u00eancia superior a muitos narrowbodies maiores.<\/p>\n<h2>O que gostamos no E1:<\/h2>\n<h3>Configura\u00e7\u00e3o 2&#215;2<\/h3>\n<p>Sem assento do meio. Esse \u00e9 um dos maiores diferenciais.<\/p>\n<p>Todos os passageiros ficam:<\/p>\n<ul>\n<li>corredor ou janela<\/li>\n<li>embarque mais r\u00e1pido<\/li>\n<li>cabine menos apertada<\/li>\n<\/ul>\n<h3>Sensa\u00e7\u00e3o de cabine mais humana<\/h3>\n<p>O avi\u00e3o \u00e9 menor que um Airbus A320 ou Boeing 737, ent\u00e3o transmite sensa\u00e7\u00e3o menos impessoal.<\/p>\n<h3>Embarque r\u00e1pido<\/h3>\n<p>Menos passageiros = processo mais \u00e1gil.<\/p>\n<h2>Pontos que denunciam a idade<\/h2>\n<p>Algumas unidades j\u00e1 mostram:<\/p>\n<ul>\n<li>interior mais antigo<\/li>\n<li>compartimentos menores<\/li>\n<li>ru\u00eddo maior<\/li>\n<li>vibra\u00e7\u00e3o superior ao E2<\/li>\n<li>sinais naturais de uso intenso<\/li>\n<\/ul>\n<p>Ainda assim, segue agrad\u00e1vel.<\/p>\n<hr \/>\n<h1>Como \u00e9 voar no Embraer 195 E2 (nova gera\u00e7\u00e3o)<\/h1>\n<p>Aqui a experi\u00eancia sobe bastante.<\/p>\n<p>O <strong>E195-E2<\/strong> representa salto real em conforto, tecnologia e efici\u00eancia.<\/p>\n<h2>O que muda na pr\u00e1tica:<\/h2>\n<h3>Cabine moderna<\/h3>\n<p>Interior mais bonito, ilumina\u00e7\u00e3o melhor e sensa\u00e7\u00e3o premium.<\/p>\n<h3>Menos ru\u00eddo<\/h3>\n<p>Esse ponto impressiona bastante.<\/p>\n<p>Motores mais modernos deixam o voo muito mais silencioso.<\/p>\n<h3>Janelas e ambiente melhores<\/h3>\n<p>Cabine mais clara e agrad\u00e1vel.<\/p>\n<h3>Bagageiros maiores<\/h3>\n<p>Mais espa\u00e7o para malas de m\u00e3o.<\/p>\n<h3>Continua 2&#215;2<\/h3>\n<p>O melhor benef\u00edcio segue presente:<\/p>\n<p><strong>ningu\u00e9m no assento do meio.<\/strong><\/p>\n<p>Dica de ouro: Categoria Diamante n\u00e3o paga pelos assentos com espa\u00e7o EXTRA.<\/p>\n<figure id=\"attachment_1541\" class=\"wp-caption alignnone\" aria-describedby=\"caption-attachment-1541\"><img loading=\"lazy\" decoding=\"async\" class=\"size-large wp-image-1541\" title=\"\" src=\"https:\/\/viagemblack.com.br\/wp-content\/uploads\/2026\/04\/Espaco-entre-as-pernas-do-embraer-195-espaco-extra-1024x473.jpg\" sizes=\"auto, (max-width: 640px) 100vw, 640px\" srcset=\"https:\/\/viagemblack.com.br\/wp-content\/uploads\/2026\/04\/Espaco-entre-as-pernas-do-embraer-195-espaco-extra-1024x473.jpg 1024w, https:\/\/viagemblack.com.br\/wp-content\/uploads\/2026\/04\/Espaco-entre-as-pernas-do-embraer-195-espaco-extra-300x139.jpg 300w, https:\/\/viagemblack.com.br\/wp-content\/uploads\/2026\/04\/Espaco-entre-as-pernas-do-embraer-195-espaco-extra-768x355.jpg 768w, https:\/\/viagemblack.com.br\/wp-content\/uploads\/2026\/04\/Espaco-entre-as-pernas-do-embraer-195-espaco-extra-1536x710.jpg 1536w, https:\/\/viagemblack.com.br\/wp-content\/uploads\/2026\/04\/Espaco-entre-as-pernas-do-embraer-195-espaco-extra-2048x946.jpg 2048w\" alt=\"Espaco-entre-as-pernas-do-embraer-195-espaco-extra-1024x473 Como \u00e9 voar no Embraer 195 da Azul e Espa\u00e7o Extra: guia Viagem Black com comparativo entre modelos e rotas Destaque Viagem e Destinos \" width=\"640\" height=\"296\" \/><figcaption id=\"caption-attachment-1541\" class=\"wp-caption-text\">Espa\u00e7o entre as pernas do embraer 195 espa\u00e7o extra<\/figcaption><\/figure>\n<figure id=\"attachment_1542\" class=\"wp-caption alignnone\" aria-describedby=\"caption-attachment-1542\"><img loading=\"lazy\" decoding=\"async\" class=\"size-large wp-image-1542\" title=\"\" src=\"https:\/\/viagemblack.com.br\/wp-content\/uploads\/2026\/04\/Espaco-entre-as-pernas-1024x1024.jpg\" sizes=\"auto, (max-width: 640px) 100vw, 640px\" srcset=\"https:\/\/viagemblack.com.br\/wp-content\/uploads\/2026\/04\/Espaco-entre-as-pernas-1024x1024.jpg 1024w, https:\/\/viagemblack.com.br\/wp-content\/uploads\/2026\/04\/Espaco-entre-as-pernas-300x300.jpg 300w, https:\/\/viagemblack.com.br\/wp-content\/uploads\/2026\/04\/Espaco-entre-as-pernas-150x150.jpg 150w, https:\/\/viagemblack.com.br\/wp-content\/uploads\/2026\/04\/Espaco-entre-as-pernas-768x768.jpg 768w, https:\/\/viagemblack.com.br\/wp-content\/uploads\/2026\/04\/Espaco-entre-as-pernas.jpg 1440w\" alt=\"Espaco-entre-as-pernas-1024x1024 Como \u00e9 voar no Embraer 195 da Azul e Espa\u00e7o Extra: guia Viagem Black com comparativo entre modelos e rotas Destaque Viagem e Destinos \" width=\"640\" height=\"640\" \/><figcaption id=\"caption-attachment-1542\" class=\"wp-caption-text\">Espa\u00e7o entre as pernas<\/figcaption><\/figure>\n<hr \/>\n<h1>Espa\u00e7o entre poltronas<\/h1>\n<p>No geral, a Azul costuma oferecer experi\u00eancia honesta no Embraer.<\/p>\n<p>N\u00e3o espere executiva dom\u00e9stica, mas tamb\u00e9m n\u00e3o costuma ser apertado como algumas concorrentes em aeronaves maiores.<\/p>\n<p>Para muitos passageiros, o E195 parece mais confort\u00e1vel justamente pela cabine menor e layout 2&#215;2.<\/p>\n<hr \/>\n<h1>O Embraer voa baixo?<\/h1>\n<p>Mito comum.<\/p>\n<p>Muita gente acha que jato regional voa mais baixo. N\u00e3o \u00e9 bem assim.<\/p>\n<p>Tanto o <strong>E195-E1<\/strong> quanto o <strong>E2<\/strong> operam normalmente em altitude de cruzeiro semelhante a Airbus A320neo ou Boeing 737:<\/p>\n<ul>\n<li>cerca de 35 mil a 39 mil p\u00e9s<\/li>\n<\/ul>\n<p>Ou seja, performance totalmente compar\u00e1vel aos grandes narrowbodies.<\/p>\n<hr \/>\n<h1>Onde a Azul usa o Embraer 195<\/h1>\n<p>\u00c9 comum encontrar essas aeronaves em:<\/p>\n<h2>Hubs principais<\/h2>\n<ul>\n<li>Viracopos (Campinas)<\/li>\n<li>Confins (Belo Horizonte)<\/li>\n<li>Recife<\/li>\n<li>Belo Horizonte<\/li>\n<li>Congonhas \/ Santos Dumont em algumas rotas<\/li>\n<\/ul>\n<h2>Cidades m\u00e9dias<\/h2>\n<p>O Embraer \u00e9 ideal para mercados que n\u00e3o enchem um A320, mas precisam de jato.<\/p>\n<hr \/>\n<h1>E1 vs E2: compara\u00e7\u00e3o r\u00e1pida<\/h1>\n<table>\n<thead>\n<tr>\n<th>Item<\/th>\n<th>E195-E1<\/th>\n<th>E195-E2<\/th>\n<\/tr>\n<\/thead>\n<tbody>\n<tr>\n<td>Gera\u00e7\u00e3o<\/td>\n<td>Antiga<\/td>\n<td>Nova<\/td>\n<\/tr>\n<tr>\n<td>Ru\u00eddo<\/td>\n<td>Maior<\/td>\n<td>Muito menor<\/td>\n<\/tr>\n<tr>\n<td>Cabine<\/td>\n<td>Boa<\/td>\n<td>Moderna<\/td>\n<\/tr>\n<tr>\n<td>Bagageiro<\/td>\n<td>Menor<\/td>\n<td>Maior<\/td>\n<\/tr>\n<tr>\n<td>Consumo<\/td>\n<td>Mais alto<\/td>\n<td>Muito eficiente<\/td>\n<\/tr>\n<tr>\n<td>Experi\u00eancia geral<\/td>\n<td>Boa<\/td>\n<td>Excelente<\/td>\n<\/tr>\n<\/tbody>\n<\/table>\n<hr \/>\n<h1>Nossa opini\u00e3o real de passageiro<\/h1>\n<p>Se aparecer o <strong>E2<\/strong>, comemore.<\/p>\n<p>\u00c9 hoje um dos melhores avi\u00f5es dom\u00e9sticos do Brasil para voar em econ\u00f4mica.<\/p>\n<p>Se vier o <strong>E1<\/strong>, ainda vale tranquilo, principalmente pelo 2&#215;2.<\/p>\n<p>Na pr\u00e1tica:<\/p>\n<h3>Preferimos E2 porque:<\/h3>\n<ul>\n<li>silencioso<\/li>\n<li>moderno<\/li>\n<li>sensa\u00e7\u00e3o premium<\/li>\n<li>voo suave<\/li>\n<\/ul>\n<h3>Continuamos gostando do E1 porque:<\/h3>\n<ul>\n<li>sem assento do meio<\/li>\n<li>embarque r\u00e1pido<\/li>\n<li>confort\u00e1vel<\/li>\n<\/ul>\n<hr \/>\n<h1>Vale mais que Airbus e Boeing?<\/h1>\n<p>Depende.<\/p>\n<p>Em voos curtos e m\u00e9dios, muita gente prefere o Embraer ao A320 e 737 justamente por:<\/p>\n<ul>\n<li>cabine 2&#215;2<\/li>\n<li>menos lota\u00e7\u00e3o<\/li>\n<li>experi\u00eancia mais tranquila<\/li>\n<li>sem assento central<\/li>\n<\/ul>\n<p>Esse detalhe sozinho muda tudo.<\/p>\n<hr \/>\n<h1>Conclus\u00e3o Viagem Black<\/h1>\n<p>Voar de Embraer 195 da Azul costuma ser uma experi\u00eancia acima da m\u00e9dia no mercado dom\u00e9stico brasileiro.<\/p>\n<p>O E1 ainda entrega bem.<br \/>\nO E2 eleva o n\u00edvel.<\/p>\n<p>Se voc\u00ea valoriza conforto na econ\u00f4mica, cabine silenciosa e fugir do assento do meio, o Embraer da Azul pode ser um dos melhores voos nacionais dispon\u00edveis hoje.<\/p>\n<hr \/>\n<h1>Tags<\/h1>\n<p><a href=\"https:\/\/vasconet.com.br\">embraer 195 azul<\/a>, azul e195 e2, como \u00e9 voar azul, avi\u00e3o azul embraer, embraer e1 e2 compara\u00e7\u00e3o, voo azul econ\u00f4mica, viagem black azul, embraer 195 conforto<\/p>\n","protected":false},"excerpt":{"rendered":"<p>Quem viaja com frequ\u00eancia pela Azul certamente j\u00e1 embarcou em um dos avi\u00f5es mais emblem\u00e1ticos da companhia: o Embraer 195. Fabricado no Brasil, ele se tornou pe\u00e7a central da opera\u00e7\u00e3o da Azul e ajudou a empresa a conectar capitais, cidades m\u00e9dias e aeroportos com pista mais limitada. N\u00f3s voamos nas duas gera\u00e7\u00f5es da aeronave: Embraer &hellip;<\/p>\n","protected":false},"author":1,"featured_media":459889,"comment_status":"open","ping_status":"open","sticky":false,"template":"","format":"standard","meta":{"_jetpack_memberships_contains_paid_content":false,"footnotes":""},"categories":[2,13952],"tags":[],"class_list":["post-459884","post","type-post","status-publish","format-standard","has-post-thumbnail","hentry","category-entretenimento","category-viagens-e-cartoes"],"yoast_head":"<!-- This site is optimized with the Yoast SEO plugin v27.4 - https:\/\/yoast.com\/product\/yoast-seo-wordpress\/ -->\n<title>Como \u00e9 voar de Embraer 195 da Azul: experi\u00eancia real no E1 e no E2 e Espa\u00e7o Extra<\/title>\n<meta name=\"robots\" content=\"index, follow, max-snippet:-1, max-image-preview:large, max-video-preview:-1\" \/>\n<link rel=\"canonical\" href=\"https:\/\/mrnews.com.br\/index.php\/2026\/04\/26\/como-e-voar-de-embraer-195-da-azul-experiencia-real-no-e1-e-no-e2-e-espaco-extra\/\" \/>\n<meta property=\"og:locale\" content=\"pt_BR\" \/>\n<meta property=\"og:type\" content=\"article\" \/>\n<meta property=\"og:title\" content=\"Como \u00e9 voar de Embraer 195 da Azul: experi\u00eancia real no E1 e no E2 e Espa\u00e7o Extra\" \/>\n<meta property=\"og:description\" content=\"Quem viaja com frequ\u00eancia pela Azul certamente j\u00e1 embarcou em um dos avi\u00f5es mais emblem\u00e1ticos da companhia: o Embraer 195. Fabricado no Brasil, ele se tornou pe\u00e7a central da opera\u00e7\u00e3o da Azul e ajudou a empresa a conectar capitais, cidades m\u00e9dias e aeroportos com pista mais limitada. N\u00f3s voamos nas duas gera\u00e7\u00f5es da aeronave: Embraer &hellip;\" \/>\n<meta property=\"og:url\" content=\"https:\/\/mrnews.com.br\/index.php\/2026\/04\/26\/como-e-voar-de-embraer-195-da-azul-experiencia-real-no-e1-e-no-e2-e-espaco-extra\/\" \/>\n<meta property=\"og:site_name\" content=\"MRNews\" \/>\n<meta property=\"article:publisher\" content=\"https:\/\/www.facebook.com\/eaipahpah\/?locale2=pt_BR\" \/>\n<meta property=\"article:published_time\" content=\"2026-04-26T15:12:02+00:00\" \/>\n<meta property=\"og:image\" content=\"https:\/\/mrnews.com.br\/wp-content\/uploads\/2026\/04\/aviao-rosa-2-1024x735.png\" \/>\n\t<meta property=\"og:image:width\" content=\"1024\" \/>\n\t<meta property=\"og:image:height\" content=\"735\" \/>\n\t<meta property=\"og:image:type\" content=\"image\/png\" \/>\n<meta name=\"author\" content=\"MR News\" \/>\n<meta name=\"twitter:card\" content=\"summary_large_image\" \/>\n<meta name=\"twitter:creator\" content=\"@conspirou\" \/>\n<meta name=\"twitter:site\" content=\"@conspirou\" \/>\n<meta name=\"twitter:label1\" content=\"Escrito por\" \/>\n\t<meta name=\"twitter:data1\" content=\"MR News\" \/>\n\t<meta name=\"twitter:label2\" content=\"Est. tempo de leitura\" \/>\n\t<meta name=\"twitter:data2\" content=\"5 minutos\" \/>\n<script type=\"application\/ld+json\" class=\"yoast-schema-graph\">{\"@context\":\"https:\\\/\\\/schema.org\",\"@graph\":[{\"@type\":\"Article\",\"@id\":\"https:\\\/\\\/mrnews.com.br\\\/index.php\\\/2026\\\/04\\\/26\\\/como-e-voar-de-embraer-195-da-azul-experiencia-real-no-e1-e-no-e2-e-espaco-extra\\\/#article\",\"isPartOf\":{\"@id\":\"https:\\\/\\\/mrnews.com.br\\\/index.php\\\/2026\\\/04\\\/26\\\/como-e-voar-de-embraer-195-da-azul-experiencia-real-no-e1-e-no-e2-e-espaco-extra\\\/\"},\"author\":{\"name\":\"MR News\",\"@id\":\"https:\\\/\\\/mrnews.com.br\\\/#\\\/schema\\\/person\\\/be3203154562a9f207407861cef7827b\"},\"headline\":\"Como \u00e9 voar de Embraer 195 da Azul: experi\u00eancia real no E1 e no E2 e Espa\u00e7o Extra\",\"datePublished\":\"2026-04-26T15:12:02+00:00\",\"mainEntityOfPage\":{\"@id\":\"https:\\\/\\\/mrnews.com.br\\\/index.php\\\/2026\\\/04\\\/26\\\/como-e-voar-de-embraer-195-da-azul-experiencia-real-no-e1-e-no-e2-e-espaco-extra\\\/\"},\"wordCount\":818,\"commentCount\":0,\"publisher\":{\"@id\":\"https:\\\/\\\/mrnews.com.br\\\/#organization\"},\"image\":{\"@id\":\"https:\\\/\\\/mrnews.com.br\\\/index.php\\\/2026\\\/04\\\/26\\\/como-e-voar-de-embraer-195-da-azul-experiencia-real-no-e1-e-no-e2-e-espaco-extra\\\/#primaryimage\"},\"thumbnailUrl\":\"https:\\\/\\\/mrnews.com.br\\\/wp-content\\\/uploads\\\/2026\\\/04\\\/aviao-rosa-2.png\",\"articleSection\":[\"ENTRETENIMENTO\",\"Viagens e Cart\u00f5es\"],\"inLanguage\":\"pt-BR\",\"potentialAction\":[{\"@type\":\"CommentAction\",\"name\":\"Comment\",\"target\":[\"https:\\\/\\\/mrnews.com.br\\\/index.php\\\/2026\\\/04\\\/26\\\/como-e-voar-de-embraer-195-da-azul-experiencia-real-no-e1-e-no-e2-e-espaco-extra\\\/#respond\"]}]},{\"@type\":\"WebPage\",\"@id\":\"https:\\\/\\\/mrnews.com.br\\\/index.php\\\/2026\\\/04\\\/26\\\/como-e-voar-de-embraer-195-da-azul-experiencia-real-no-e1-e-no-e2-e-espaco-extra\\\/\",\"url\":\"https:\\\/\\\/mrnews.com.br\\\/index.php\\\/2026\\\/04\\\/26\\\/como-e-voar-de-embraer-195-da-azul-experiencia-real-no-e1-e-no-e2-e-espaco-extra\\\/\",\"name\":\"Como \u00e9 voar de Embraer 195 da Azul: experi\u00eancia real no E1 e no E2 e Espa\u00e7o Extra\",\"isPartOf\":{\"@id\":\"https:\\\/\\\/mrnews.com.br\\\/#website\"},\"primaryImageOfPage\":{\"@id\":\"https:\\\/\\\/mrnews.com.br\\\/index.php\\\/2026\\\/04\\\/26\\\/como-e-voar-de-embraer-195-da-azul-experiencia-real-no-e1-e-no-e2-e-espaco-extra\\\/#primaryimage\"},\"image\":{\"@id\":\"https:\\\/\\\/mrnews.com.br\\\/index.php\\\/2026\\\/04\\\/26\\\/como-e-voar-de-embraer-195-da-azul-experiencia-real-no-e1-e-no-e2-e-espaco-extra\\\/#primaryimage\"},\"thumbnailUrl\":\"https:\\\/\\\/mrnews.com.br\\\/wp-content\\\/uploads\\\/2026\\\/04\\\/aviao-rosa-2.png\",\"datePublished\":\"2026-04-26T15:12:02+00:00\",\"breadcrumb\":{\"@id\":\"https:\\\/\\\/mrnews.com.br\\\/index.php\\\/2026\\\/04\\\/26\\\/como-e-voar-de-embraer-195-da-azul-experiencia-real-no-e1-e-no-e2-e-espaco-extra\\\/#breadcrumb\"},\"inLanguage\":\"pt-BR\",\"potentialAction\":[{\"@type\":\"ReadAction\",\"target\":[\"https:\\\/\\\/mrnews.com.br\\\/index.php\\\/2026\\\/04\\\/26\\\/como-e-voar-de-embraer-195-da-azul-experiencia-real-no-e1-e-no-e2-e-espaco-extra\\\/\"]}]},{\"@type\":\"ImageObject\",\"inLanguage\":\"pt-BR\",\"@id\":\"https:\\\/\\\/mrnews.com.br\\\/index.php\\\/2026\\\/04\\\/26\\\/como-e-voar-de-embraer-195-da-azul-experiencia-real-no-e1-e-no-e2-e-espaco-extra\\\/#primaryimage\",\"url\":\"https:\\\/\\\/mrnews.com.br\\\/wp-content\\\/uploads\\\/2026\\\/04\\\/aviao-rosa-2.png\",\"contentUrl\":\"https:\\\/\\\/mrnews.com.br\\\/wp-content\\\/uploads\\\/2026\\\/04\\\/aviao-rosa-2.png\",\"width\":1842,\"height\":1322,\"caption\":\"avi\u00e3o rosa Embraer 195 azul\"},{\"@type\":\"BreadcrumbList\",\"@id\":\"https:\\\/\\\/mrnews.com.br\\\/index.php\\\/2026\\\/04\\\/26\\\/como-e-voar-de-embraer-195-da-azul-experiencia-real-no-e1-e-no-e2-e-espaco-extra\\\/#breadcrumb\",\"itemListElement\":[{\"@type\":\"ListItem\",\"position\":1,\"name\":\"In\u00edcio\",\"item\":\"https:\\\/\\\/mrnews.com.br\\\/\"},{\"@type\":\"ListItem\",\"position\":2,\"name\":\"Como \u00e9 voar de Embraer 195 da Azul: experi\u00eancia real no E1 e no E2 e Espa\u00e7o Extra\"}]},{\"@type\":\"WebSite\",\"@id\":\"https:\\\/\\\/mrnews.com.br\\\/#website\",\"url\":\"https:\\\/\\\/mrnews.com.br\\\/\",\"name\":\"MRNews\",\"description\":\"MRNews Jogos de hoje da TV, transmiss\u00f5es ao vivo, Not\u00edcias de futebol, Jogos ao vivo, Lives, resumo de novelas, Programa\u00e7\u00e3o da Globo, A Fazenda e BBB\",\"publisher\":{\"@id\":\"https:\\\/\\\/mrnews.com.br\\\/#organization\"},\"potentialAction\":[{\"@type\":\"SearchAction\",\"target\":{\"@type\":\"EntryPoint\",\"urlTemplate\":\"https:\\\/\\\/mrnews.com.br\\\/?s={search_term_string}\"},\"query-input\":{\"@type\":\"PropertyValueSpecification\",\"valueRequired\":true,\"valueName\":\"search_term_string\"}}],\"inLanguage\":\"pt-BR\"},{\"@type\":\"Organization\",\"@id\":\"https:\\\/\\\/mrnews.com.br\\\/#organization\",\"name\":\"MRNews\",\"url\":\"https:\\\/\\\/mrnews.com.br\\\/\",\"logo\":{\"@type\":\"ImageObject\",\"inLanguage\":\"pt-BR\",\"@id\":\"https:\\\/\\\/mrnews.com.br\\\/#\\\/schema\\\/logo\\\/image\\\/\",\"url\":\"https:\\\/\\\/mrnews.com.br\\\/wp-content\\\/uploads\\\/2019\\\/06\\\/MRNewslogo2.png\",\"contentUrl\":\"https:\\\/\\\/mrnews.com.br\\\/wp-content\\\/uploads\\\/2019\\\/06\\\/MRNewslogo2.png\",\"width\":223,\"height\":58,\"caption\":\"MRNews\"},\"image\":{\"@id\":\"https:\\\/\\\/mrnews.com.br\\\/#\\\/schema\\\/logo\\\/image\\\/\"},\"sameAs\":[\"https:\\\/\\\/www.facebook.com\\\/eaipahpah\\\/?locale2=pt_BR\",\"https:\\\/\\\/x.com\\\/conspirou\",\"https:\\\/\\\/www.instagram.com\\\/eai_pahpah\",\"https:\\\/\\\/br.pinterest.com\\\/mrnewsn\\\/boards\\\/\",\"https:\\\/\\\/www.youtube.com\\\/channel\\\/UCacgnpznQ61fifLWr1tQ-vA?view_as=subscriber\"]},{\"@type\":\"Person\",\"@id\":\"https:\\\/\\\/mrnews.com.br\\\/#\\\/schema\\\/person\\\/be3203154562a9f207407861cef7827b\",\"name\":\"MR News\",\"image\":{\"@type\":\"ImageObject\",\"inLanguage\":\"pt-BR\",\"@id\":\"https:\\\/\\\/secure.gravatar.com\\\/avatar\\\/04084e6d73c042b8646e7c17b494073bf0ede3ea13c7105cfc45cbbbc28385a4?s=96&d=monsterid&r=g\",\"url\":\"https:\\\/\\\/secure.gravatar.com\\\/avatar\\\/04084e6d73c042b8646e7c17b494073bf0ede3ea13c7105cfc45cbbbc28385a4?s=96&d=monsterid&r=g\",\"contentUrl\":\"https:\\\/\\\/secure.gravatar.com\\\/avatar\\\/04084e6d73c042b8646e7c17b494073bf0ede3ea13c7105cfc45cbbbc28385a4?s=96&d=monsterid&r=g\",\"caption\":\"MR News\"},\"description\":\"Especializado em jornalismo colaborativo pela FTP em n\u00edvel de p\u00f3s-gradua\u00e7\u00e3o. suporte@oimeliga.combr\",\"sameAs\":[\"HUGO R.\",\"Admin\"],\"url\":\"https:\\\/\\\/mrnews.com.br\\\/index.php\\\/author\\\/admin\\\/\"}]}<\/script>\n<!-- \/ Yoast SEO plugin. -->","yoast_head_json":{"title":"Como \u00e9 voar de Embraer 195 da Azul: experi\u00eancia real no E1 e no E2 e Espa\u00e7o Extra","robots":{"index":"index","follow":"follow","max-snippet":"max-snippet:-1","max-image-preview":"max-image-preview:large","max-video-preview":"max-video-preview:-1"},"canonical":"https:\/\/mrnews.com.br\/index.php\/2026\/04\/26\/como-e-voar-de-embraer-195-da-azul-experiencia-real-no-e1-e-no-e2-e-espaco-extra\/","og_locale":"pt_BR","og_type":"article","og_title":"Como \u00e9 voar de Embraer 195 da Azul: experi\u00eancia real no E1 e no E2 e Espa\u00e7o Extra","og_description":"Quem viaja com frequ\u00eancia pela Azul certamente j\u00e1 embarcou em um dos avi\u00f5es mais emblem\u00e1ticos da companhia: o Embraer 195. Fabricado no Brasil, ele se tornou pe\u00e7a central da opera\u00e7\u00e3o da Azul e ajudou a empresa a conectar capitais, cidades m\u00e9dias e aeroportos com pista mais limitada. N\u00f3s voamos nas duas gera\u00e7\u00f5es da aeronave: Embraer &hellip;","og_url":"https:\/\/mrnews.com.br\/index.php\/2026\/04\/26\/como-e-voar-de-embraer-195-da-azul-experiencia-real-no-e1-e-no-e2-e-espaco-extra\/","og_site_name":"MRNews","article_publisher":"https:\/\/www.facebook.com\/eaipahpah\/?locale2=pt_BR","article_published_time":"2026-04-26T15:12:02+00:00","og_image":[{"width":1024,"height":735,"url":"https:\/\/mrnews.com.br\/wp-content\/uploads\/2026\/04\/aviao-rosa-2-1024x735.png","type":"image\/png"}],"author":"MR News","twitter_card":"summary_large_image","twitter_creator":"@conspirou","twitter_site":"@conspirou","twitter_misc":{"Escrito por":"MR News","Est. tempo de leitura":"5 minutos"},"schema":{"@context":"https:\/\/schema.org","@graph":[{"@type":"Article","@id":"https:\/\/mrnews.com.br\/index.php\/2026\/04\/26\/como-e-voar-de-embraer-195-da-azul-experiencia-real-no-e1-e-no-e2-e-espaco-extra\/#article","isPartOf":{"@id":"https:\/\/mrnews.com.br\/index.php\/2026\/04\/26\/como-e-voar-de-embraer-195-da-azul-experiencia-real-no-e1-e-no-e2-e-espaco-extra\/"},"author":{"name":"MR News","@id":"https:\/\/mrnews.com.br\/#\/schema\/person\/be3203154562a9f207407861cef7827b"},"headline":"Como \u00e9 voar de Embraer 195 da Azul: experi\u00eancia real no E1 e no E2 e Espa\u00e7o Extra","datePublished":"2026-04-26T15:12:02+00:00","mainEntityOfPage":{"@id":"https:\/\/mrnews.com.br\/index.php\/2026\/04\/26\/como-e-voar-de-embraer-195-da-azul-experiencia-real-no-e1-e-no-e2-e-espaco-extra\/"},"wordCount":818,"commentCount":0,"publisher":{"@id":"https:\/\/mrnews.com.br\/#organization"},"image":{"@id":"https:\/\/mrnews.com.br\/index.php\/2026\/04\/26\/como-e-voar-de-embraer-195-da-azul-experiencia-real-no-e1-e-no-e2-e-espaco-extra\/#primaryimage"},"thumbnailUrl":"https:\/\/mrnews.com.br\/wp-content\/uploads\/2026\/04\/aviao-rosa-2.png","articleSection":["ENTRETENIMENTO","Viagens e Cart\u00f5es"],"inLanguage":"pt-BR","potentialAction":[{"@type":"CommentAction","name":"Comment","target":["https:\/\/mrnews.com.br\/index.php\/2026\/04\/26\/como-e-voar-de-embraer-195-da-azul-experiencia-real-no-e1-e-no-e2-e-espaco-extra\/#respond"]}]},{"@type":"WebPage","@id":"https:\/\/mrnews.com.br\/index.php\/2026\/04\/26\/como-e-voar-de-embraer-195-da-azul-experiencia-real-no-e1-e-no-e2-e-espaco-extra\/","url":"https:\/\/mrnews.com.br\/index.php\/2026\/04\/26\/como-e-voar-de-embraer-195-da-azul-experiencia-real-no-e1-e-no-e2-e-espaco-extra\/","name":"Como \u00e9 voar de Embraer 195 da Azul: experi\u00eancia real no E1 e no E2 e Espa\u00e7o Extra","isPartOf":{"@id":"https:\/\/mrnews.com.br\/#website"},"primaryImageOfPage":{"@id":"https:\/\/mrnews.com.br\/index.php\/2026\/04\/26\/como-e-voar-de-embraer-195-da-azul-experiencia-real-no-e1-e-no-e2-e-espaco-extra\/#primaryimage"},"image":{"@id":"https:\/\/mrnews.com.br\/index.php\/2026\/04\/26\/como-e-voar-de-embraer-195-da-azul-experiencia-real-no-e1-e-no-e2-e-espaco-extra\/#primaryimage"},"thumbnailUrl":"https:\/\/mrnews.com.br\/wp-content\/uploads\/2026\/04\/aviao-rosa-2.png","datePublished":"2026-04-26T15:12:02+00:00","breadcrumb":{"@id":"https:\/\/mrnews.com.br\/index.php\/2026\/04\/26\/como-e-voar-de-embraer-195-da-azul-experiencia-real-no-e1-e-no-e2-e-espaco-extra\/#breadcrumb"},"inLanguage":"pt-BR","potentialAction":[{"@type":"ReadAction","target":["https:\/\/mrnews.com.br\/index.php\/2026\/04\/26\/como-e-voar-de-embraer-195-da-azul-experiencia-real-no-e1-e-no-e2-e-espaco-extra\/"]}]},{"@type":"ImageObject","inLanguage":"pt-BR","@id":"https:\/\/mrnews.com.br\/index.php\/2026\/04\/26\/como-e-voar-de-embraer-195-da-azul-experiencia-real-no-e1-e-no-e2-e-espaco-extra\/#primaryimage","url":"https:\/\/mrnews.com.br\/wp-content\/uploads\/2026\/04\/aviao-rosa-2.png","contentUrl":"https:\/\/mrnews.com.br\/wp-content\/uploads\/2026\/04\/aviao-rosa-2.png","width":1842,"height":1322,"caption":"avi\u00e3o rosa Embraer 195 azul"},{"@type":"BreadcrumbList","@id":"https:\/\/mrnews.com.br\/index.php\/2026\/04\/26\/como-e-voar-de-embraer-195-da-azul-experiencia-real-no-e1-e-no-e2-e-espaco-extra\/#breadcrumb","itemListElement":[{"@type":"ListItem","position":1,"name":"In\u00edcio","item":"https:\/\/mrnews.com.br\/"},{"@type":"ListItem","position":2,"name":"Como \u00e9 voar de Embraer 195 da Azul: experi\u00eancia real no E1 e no E2 e Espa\u00e7o Extra"}]},{"@type":"WebSite","@id":"https:\/\/mrnews.com.br\/#website","url":"https:\/\/mrnews.com.br\/","name":"MRNews","description":"MRNews Jogos de hoje da TV, transmiss\u00f5es ao vivo, Not\u00edcias de futebol, Jogos ao vivo, Lives, resumo de novelas, Programa\u00e7\u00e3o da Globo, A Fazenda e BBB","publisher":{"@id":"https:\/\/mrnews.com.br\/#organization"},"potentialAction":[{"@type":"SearchAction","target":{"@type":"EntryPoint","urlTemplate":"https:\/\/mrnews.com.br\/?s={search_term_string}"},"query-input":{"@type":"PropertyValueSpecification","valueRequired":true,"valueName":"search_term_string"}}],"inLanguage":"pt-BR"},{"@type":"Organization","@id":"https:\/\/mrnews.com.br\/#organization","name":"MRNews","url":"https:\/\/mrnews.com.br\/","logo":{"@type":"ImageObject","inLanguage":"pt-BR","@id":"https:\/\/mrnews.com.br\/#\/schema\/logo\/image\/","url":"https:\/\/mrnews.com.br\/wp-content\/uploads\/2019\/06\/MRNewslogo2.png","contentUrl":"https:\/\/mrnews.com.br\/wp-content\/uploads\/2019\/06\/MRNewslogo2.png","width":223,"height":58,"caption":"MRNews"},"image":{"@id":"https:\/\/mrnews.com.br\/#\/schema\/logo\/image\/"},"sameAs":["https:\/\/www.facebook.com\/eaipahpah\/?locale2=pt_BR","https:\/\/x.com\/conspirou","https:\/\/www.instagram.com\/eai_pahpah","https:\/\/br.pinterest.com\/mrnewsn\/boards\/","https:\/\/www.youtube.com\/channel\/UCacgnpznQ61fifLWr1tQ-vA?view_as=subscriber"]},{"@type":"Person","@id":"https:\/\/mrnews.com.br\/#\/schema\/person\/be3203154562a9f207407861cef7827b","name":"MR News","image":{"@type":"ImageObject","inLanguage":"pt-BR","@id":"https:\/\/secure.gravatar.com\/avatar\/04084e6d73c042b8646e7c17b494073bf0ede3ea13c7105cfc45cbbbc28385a4?s=96&d=monsterid&r=g","url":"https:\/\/secure.gravatar.com\/avatar\/04084e6d73c042b8646e7c17b494073bf0ede3ea13c7105cfc45cbbbc28385a4?s=96&d=monsterid&r=g","contentUrl":"https:\/\/secure.gravatar.com\/avatar\/04084e6d73c042b8646e7c17b494073bf0ede3ea13c7105cfc45cbbbc28385a4?s=96&d=monsterid&r=g","caption":"MR News"},"description":"Especializado em jornalismo colaborativo pela FTP em n\u00edvel de p\u00f3s-gradua\u00e7\u00e3o. suporte@oimeliga.combr","sameAs":["HUGO R.","Admin"],"url":"https:\/\/mrnews.com.br\/index.php\/author\/admin\/"}]}},"jetpack_featured_media_url":"https:\/\/mrnews.com.br\/wp-content\/uploads\/2026\/04\/aviao-rosa-2.png","jetpack_sharing_enabled":true,"jetpack_shortlink":"https:\/\/wp.me\/pa2Qf7-1VDu","amp_enabled":true,"_links":{"self":[{"href":"https:\/\/mrnews.com.br\/index.php\/wp-json\/wp\/v2\/posts\/459884","targetHints":{"allow":["GET"]}}],"collection":[{"href":"https:\/\/mrnews.com.br\/index.php\/wp-json\/wp\/v2\/posts"}],"about":[{"href":"https:\/\/mrnews.com.br\/index.php\/wp-json\/wp\/v2\/types\/post"}],"author":[{"embeddable":true,"href":"https:\/\/mrnews.com.br\/index.php\/wp-json\/wp\/v2\/users\/1"}],"replies":[{"embeddable":true,"href":"https:\/\/mrnews.com.br\/index.php\/wp-json\/wp\/v2\/comments?post=459884"}],"version-history":[{"count":2,"href":"https:\/\/mrnews.com.br\/index.php\/wp-json\/wp\/v2\/posts\/459884\/revisions"}],"predecessor-version":[{"id":459890,"href":"https:\/\/mrnews.com.br\/index.php\/wp-json\/wp\/v2\/posts\/459884\/revisions\/459890"}],"wp:featuredmedia":[{"embeddable":true,"href":"https:\/\/mrnews.com.br\/index.php\/wp-json\/wp\/v2\/media\/459889"}],"wp:attachment":[{"href":"https:\/\/mrnews.com.br\/index.php\/wp-json\/wp\/v2\/media?parent=459884"}],"wp:term":[{"taxonomy":"category","embeddable":true,"href":"https:\/\/mrnews.com.br\/index.php\/wp-json\/wp\/v2\/categories?post=459884"},{"taxonomy":"post_tag","embeddable":true,"href":"https:\/\/mrnews.com.br\/index.php\/wp-json\/wp\/v2\/tags?post=459884"}],"curies":[{"name":"wp","href":"https:\/\/api.w.org\/{rel}","templated":true}]}}