{"id":459888,"date":"2026-04-26T12:05:57","date_gmt":"2026-04-26T15:05:57","guid":{"rendered":"https:\/\/mrnews.com.br\/index.php\/2026\/04\/26\/isencao-para-quem-ganha-r-5-mil-vale-para-a-declaracao-do-ir-2026\/"},"modified":"2026-04-26T12:05:57","modified_gmt":"2026-04-26T15:05:57","slug":"isencao-para-quem-ganha-r-5-mil-vale-para-a-declaracao-do-ir-2026","status":"publish","type":"post","link":"https:\/\/mrnews.com.br\/index.php\/2026\/04\/26\/isencao-para-quem-ganha-r-5-mil-vale-para-a-declaracao-do-ir-2026\/","title":{"rendered":"Isen\u00e7\u00e3o para quem ganha R$ 5 mil vale para a declara\u00e7\u00e3o do IR 2026?"},"content":{"rendered":"<p>Por EBC, <\/p>\n<div>\n<p>Aprovada pelo Congresso e sancionada pelo governo em 2025, a\u00a0isen\u00e7\u00e3o do Imposto de Renda para pessoas que ganham at\u00e9 R$ 5 mil mensais est\u00e1 em vigor na folha de pagamento desde o dia 1\u00ba de janeiro de 2026.\u00a0<\/p>\n<p>Para quem n\u00e3o sabe, desde o in\u00edcio do ano, pessoas que recebem menos de R$ 5 mil mensais n\u00e3o est\u00e3o mais sujeitas a pagar o Imposto de Renda. Al\u00e9m disso,\u00a0h\u00e1 um desconto progressivo para quem recebe um sal\u00e1rio de at\u00e9 R$ 7.350.<\/p>\n<p><strong>O efeito pr\u00e1tico causou uma d\u00favida: e para a declara\u00e7\u00e3o do Imposto de Renda? O desconto vale? A resposta \u00e9: ainda n\u00e3o.\u00a0<\/strong><\/p>\n<p>Apesar de o benef\u00edcio j\u00e1 estar valendo na folha de pagamento, quem declara o Imposto de Renda agora precisa ter aten\u00e7\u00e3o: a isen\u00e7\u00e3o n\u00e3o vale para a declara\u00e7\u00e3o deste ano.<\/p>\n<p><strong>E o motivo \u00e9 simples: contribuintes obrigados a prestar contas com o Fisco est\u00e3o tratando do exerc\u00edcio do ano calend\u00e1rio de 2025<\/strong>.\u00a0<\/p>\n<blockquote>\n<p>\u201cA declara\u00e7\u00e3o que voc\u00ea entrega no ano de 2026 n\u00e3o reflete o presente. Ela \u00e9 uma presta\u00e7\u00e3o de contas do passado, tudo o que voc\u00ea recebeu ao longo do ano de 2025. A nova isen\u00e7\u00e3o de R$ 5 mil existe, sim. Mas ela s\u00f3 passou a produzir efeitos a partir de 1\u00ba de janeiro de 2026&#8243;, explica o professor de Ci\u00eancias Cont\u00e1beis da Universidade Federal do Cear\u00e1, Eduardo Linhares.\u00a0<\/p>\n<\/blockquote>\n<p>&#8220;Isso decorre de um princ\u00edpio b\u00e1sico do direito tribut\u00e1rio chamado de anterioridade, em que uma lei que cria ou amplia benef\u00edcio fiscal n\u00e3o pode retroagir para alcan\u00e7ar fatos j\u00e1 ocorridos. A boa not\u00edcia \u00e9 que esse olhar para tr\u00e1s ser\u00e1 diferente no ano de 2027. Na declara\u00e7\u00e3o do pr\u00f3ximo ano, referente a tudo que voc\u00ea recebeu ao longo de 2026, a nova faixa estar\u00e1 plenamente incorporada. \u00c9 l\u00e1 que a reforma do IR aparece completa para a maioria dos contribuintes\u201d, diz.<\/p>\n<p>&gt;&gt; Veja todo o conte\u00fado do Tira-D\u00favidas IR 2026<\/p>\n<p>Vale apontar que\u00a0\u00e9 poss\u00edvel que mesmo quem ganhe menos de R$ 5 mil tenha que declarar no ano que vem, segunda a professora\u00a0de Ci\u00eancias Cont\u00e1beis da Unime, Ahiram Cardoso.\u00a0<\/p>\n<p>\u201cH\u00e1 uma confus\u00e3o referente a esse recebimento de at\u00e9 R$ 5 mil em 2026. Ele est\u00e1 dispensado a pagar o Imposto de Renda, mas n\u00e3o necessariamente dispensado a declarar em 2027, porque tem que estar observando o limite de\u00a0obrigatoriedade do recebimento de rendimentos tribut\u00e1veis no ano. Ent\u00e3o, a gente vai ter que\u00a0observar esse limite da obrigatoriedade\u201d, aponta.\u00a0<\/p>\n<p><strong>Neste ano,\u00a0est\u00e1 isento de declarar o Imposto de Renda quem recebeu em m\u00e9dia at\u00e9 R$ 2.428,80 no ano passado\u00a0e n\u00e3o se encaixa em outros crit\u00e9rios que obrigue a declarar.<\/strong>\u00a0<\/p>\n<p>\u00c9 bom lembrar que h\u00e1, ainda, um desconto simplificado mensal de R$ 607,20. Isso faz com que na pr\u00e1tica, quem receba at\u00e9 R$ 3.036 esteja isento de pagar o Imposto de Renda.<\/p>\n<h2>&gt;&gt; Ou\u00e7a na Radioag\u00eancia Nacional:\u00a0<\/h2>\n<p>      <!-- Relacionada --><\/p>\n<p>            <!-- Relacionada -->\n    <\/div>\n","protected":false},"excerpt":{"rendered":"<p>Por EBC, Aprovada pelo Congresso e sancionada pelo governo em 2025, a\u00a0isen\u00e7\u00e3o do Imposto de Renda para pessoas que ganham at\u00e9 R$ 5 mil mensais est\u00e1 em vigor na folha de pagamento desde o dia 1\u00ba de janeiro de 2026.\u00a0 Para quem n\u00e3o sabe, desde o in\u00edcio do ano, pessoas que recebem menos de R$ &hellip;<\/p>\n","protected":false},"author":1,"featured_media":0,"comment_status":"open","ping_status":"open","sticky":false,"template":"","format":"standard","meta":{"_jetpack_memberships_contains_paid_content":false,"footnotes":""},"categories":[2,12225,4],"tags":[],"class_list":["post-459888","post","type-post","status-publish","format-standard","hentry","category-entretenimento","category-noticias","category-servicos"],"yoast_head":"<!-- This site is optimized with the Yoast SEO plugin v27.5 - https:\/\/yoast.com\/product\/yoast-seo-wordpress\/ -->\n<title>Isen\u00e7\u00e3o para quem ganha R$ 5 mil vale para a declara\u00e7\u00e3o do IR 2026?<\/title>\n<meta name=\"robots\" content=\"index, follow, max-snippet:-1, max-image-preview:large, max-video-preview:-1\" \/>\n<link rel=\"canonical\" href=\"https:\/\/agenciabrasil.ebc.com.br\/economia\/noticia\/2026-04\/isencao-para-quem-ganha-r-5-mil-vale-para-declaracao-do-ir-2026\" \/>\n<meta property=\"og:locale\" content=\"pt_BR\" \/>\n<meta property=\"og:type\" content=\"article\" \/>\n<meta property=\"og:title\" content=\"Isen\u00e7\u00e3o para quem ganha R$ 5 mil vale para a declara\u00e7\u00e3o do IR 2026?\" \/>\n<meta property=\"og:description\" content=\"Por EBC, Aprovada pelo Congresso e sancionada pelo governo em 2025, a\u00a0isen\u00e7\u00e3o do Imposto de Renda para pessoas que ganham at\u00e9 R$ 5 mil mensais est\u00e1 em vigor na folha de pagamento desde o dia 1\u00ba de janeiro de 2026.\u00a0 Para quem n\u00e3o sabe, desde o in\u00edcio do ano, pessoas que recebem menos de R$ &hellip;\" \/>\n<meta property=\"og:url\" content=\"https:\/\/agenciabrasil.ebc.com.br\/economia\/noticia\/2026-04\/isencao-para-quem-ganha-r-5-mil-vale-para-declaracao-do-ir-2026\" \/>\n<meta property=\"og:site_name\" content=\"MRNews\" \/>\n<meta property=\"article:publisher\" content=\"https:\/\/www.facebook.com\/eaipahpah\/?locale2=pt_BR\" \/>\n<meta property=\"article:published_time\" content=\"2026-04-26T15:05:57+00:00\" \/>\n<meta name=\"author\" content=\"MR News\" \/>\n<meta name=\"twitter:card\" content=\"summary_large_image\" \/>\n<meta name=\"twitter:creator\" content=\"@conspirou\" \/>\n<meta name=\"twitter:site\" content=\"@conspirou\" \/>\n<meta name=\"twitter:label1\" content=\"Escrito por\" \/>\n\t<meta name=\"twitter:data1\" content=\"MR News\" \/>\n\t<meta name=\"twitter:label2\" content=\"Est. tempo de leitura\" \/>\n\t<meta name=\"twitter:data2\" content=\"2 minutos\" \/>\n<script type=\"application\/ld+json\" class=\"yoast-schema-graph\">{\"@context\":\"https:\\\/\\\/schema.org\",\"@graph\":[{\"@type\":\"Article\",\"@id\":\"https:\\\/\\\/agenciabrasil.ebc.com.br\\\/economia\\\/noticia\\\/2026-04\\\/isencao-para-quem-ganha-r-5-mil-vale-para-declaracao-do-ir-2026#article\",\"isPartOf\":{\"@id\":\"https:\\\/\\\/mrnews.com.br\\\/index.php\\\/2026\\\/04\\\/26\\\/isencao-para-quem-ganha-r-5-mil-vale-para-a-declaracao-do-ir-2026\\\/\"},\"author\":{\"name\":\"MR News\",\"@id\":\"https:\\\/\\\/mrnews.com.br\\\/#\\\/schema\\\/person\\\/be3203154562a9f207407861cef7827b\"},\"headline\":\"Isen\u00e7\u00e3o para quem ganha R$ 5 mil vale para a declara\u00e7\u00e3o do IR 2026?\",\"datePublished\":\"2026-04-26T15:05:57+00:00\",\"mainEntityOfPage\":{\"@id\":\"https:\\\/\\\/mrnews.com.br\\\/index.php\\\/2026\\\/04\\\/26\\\/isencao-para-quem-ganha-r-5-mil-vale-para-a-declaracao-do-ir-2026\\\/\"},\"wordCount\":512,\"commentCount\":0,\"publisher\":{\"@id\":\"https:\\\/\\\/mrnews.com.br\\\/#organization\"},\"articleSection\":[\"ENTRETENIMENTO\",\"NOTICIAS\",\"SERVI\u00c7OS\"],\"inLanguage\":\"pt-BR\",\"potentialAction\":[{\"@type\":\"CommentAction\",\"name\":\"Comment\",\"target\":[\"https:\\\/\\\/agenciabrasil.ebc.com.br\\\/economia\\\/noticia\\\/2026-04\\\/isencao-para-quem-ganha-r-5-mil-vale-para-declaracao-do-ir-2026#respond\"]}]},{\"@type\":\"WebPage\",\"@id\":\"https:\\\/\\\/mrnews.com.br\\\/index.php\\\/2026\\\/04\\\/26\\\/isencao-para-quem-ganha-r-5-mil-vale-para-a-declaracao-do-ir-2026\\\/\",\"url\":\"https:\\\/\\\/agenciabrasil.ebc.com.br\\\/economia\\\/noticia\\\/2026-04\\\/isencao-para-quem-ganha-r-5-mil-vale-para-declaracao-do-ir-2026\",\"name\":\"Isen\u00e7\u00e3o para quem ganha R$ 5 mil vale para a declara\u00e7\u00e3o do IR 2026?\",\"isPartOf\":{\"@id\":\"https:\\\/\\\/mrnews.com.br\\\/#website\"},\"datePublished\":\"2026-04-26T15:05:57+00:00\",\"breadcrumb\":{\"@id\":\"https:\\\/\\\/agenciabrasil.ebc.com.br\\\/economia\\\/noticia\\\/2026-04\\\/isencao-para-quem-ganha-r-5-mil-vale-para-declaracao-do-ir-2026#breadcrumb\"},\"inLanguage\":\"pt-BR\",\"potentialAction\":[{\"@type\":\"ReadAction\",\"target\":[\"https:\\\/\\\/agenciabrasil.ebc.com.br\\\/economia\\\/noticia\\\/2026-04\\\/isencao-para-quem-ganha-r-5-mil-vale-para-declaracao-do-ir-2026\"]}]},{\"@type\":\"BreadcrumbList\",\"@id\":\"https:\\\/\\\/agenciabrasil.ebc.com.br\\\/economia\\\/noticia\\\/2026-04\\\/isencao-para-quem-ganha-r-5-mil-vale-para-declaracao-do-ir-2026#breadcrumb\",\"itemListElement\":[{\"@type\":\"ListItem\",\"position\":1,\"name\":\"In\u00edcio\",\"item\":\"https:\\\/\\\/mrnews.com.br\\\/\"},{\"@type\":\"ListItem\",\"position\":2,\"name\":\"Isen\u00e7\u00e3o para quem ganha R$ 5 mil vale para a declara\u00e7\u00e3o do IR 2026?\"}]},{\"@type\":\"WebSite\",\"@id\":\"https:\\\/\\\/mrnews.com.br\\\/#website\",\"url\":\"https:\\\/\\\/mrnews.com.br\\\/\",\"name\":\"MRNews\",\"description\":\"MRNews Jogos de hoje da TV, transmiss\u00f5es ao vivo, Not\u00edcias de futebol, Jogos ao vivo, Lives, resumo de novelas, Programa\u00e7\u00e3o da Globo, A Fazenda e BBB\",\"publisher\":{\"@id\":\"https:\\\/\\\/mrnews.com.br\\\/#organization\"},\"potentialAction\":[{\"@type\":\"SearchAction\",\"target\":{\"@type\":\"EntryPoint\",\"urlTemplate\":\"https:\\\/\\\/mrnews.com.br\\\/?s={search_term_string}\"},\"query-input\":{\"@type\":\"PropertyValueSpecification\",\"valueRequired\":true,\"valueName\":\"search_term_string\"}}],\"inLanguage\":\"pt-BR\"},{\"@type\":\"Organization\",\"@id\":\"https:\\\/\\\/mrnews.com.br\\\/#organization\",\"name\":\"MRNews\",\"url\":\"https:\\\/\\\/mrnews.com.br\\\/\",\"logo\":{\"@type\":\"ImageObject\",\"inLanguage\":\"pt-BR\",\"@id\":\"https:\\\/\\\/mrnews.com.br\\\/#\\\/schema\\\/logo\\\/image\\\/\",\"url\":\"https:\\\/\\\/mrnews.com.br\\\/wp-content\\\/uploads\\\/2019\\\/06\\\/MRNewslogo2.png\",\"contentUrl\":\"https:\\\/\\\/mrnews.com.br\\\/wp-content\\\/uploads\\\/2019\\\/06\\\/MRNewslogo2.png\",\"width\":223,\"height\":58,\"caption\":\"MRNews\"},\"image\":{\"@id\":\"https:\\\/\\\/mrnews.com.br\\\/#\\\/schema\\\/logo\\\/image\\\/\"},\"sameAs\":[\"https:\\\/\\\/www.facebook.com\\\/eaipahpah\\\/?locale2=pt_BR\",\"https:\\\/\\\/x.com\\\/conspirou\",\"https:\\\/\\\/www.instagram.com\\\/eai_pahpah\",\"https:\\\/\\\/br.pinterest.com\\\/mrnewsn\\\/boards\\\/\",\"https:\\\/\\\/www.youtube.com\\\/channel\\\/UCacgnpznQ61fifLWr1tQ-vA?view_as=subscriber\"]},{\"@type\":\"Person\",\"@id\":\"https:\\\/\\\/mrnews.com.br\\\/#\\\/schema\\\/person\\\/be3203154562a9f207407861cef7827b\",\"name\":\"MR News\",\"image\":{\"@type\":\"ImageObject\",\"inLanguage\":\"pt-BR\",\"@id\":\"https:\\\/\\\/secure.gravatar.com\\\/avatar\\\/04084e6d73c042b8646e7c17b494073bf0ede3ea13c7105cfc45cbbbc28385a4?s=96&d=monsterid&r=g\",\"url\":\"https:\\\/\\\/secure.gravatar.com\\\/avatar\\\/04084e6d73c042b8646e7c17b494073bf0ede3ea13c7105cfc45cbbbc28385a4?s=96&d=monsterid&r=g\",\"contentUrl\":\"https:\\\/\\\/secure.gravatar.com\\\/avatar\\\/04084e6d73c042b8646e7c17b494073bf0ede3ea13c7105cfc45cbbbc28385a4?s=96&d=monsterid&r=g\",\"caption\":\"MR News\"},\"description\":\"Especializado em jornalismo colaborativo pela FTP em n\u00edvel de p\u00f3s-gradua\u00e7\u00e3o. suporte@oimeliga.combr\",\"sameAs\":[\"HUGO R.\",\"Admin\"],\"url\":\"https:\\\/\\\/mrnews.com.br\\\/index.php\\\/author\\\/admin\\\/\"}]}<\/script>\n<!-- \/ Yoast SEO plugin. -->","yoast_head_json":{"title":"Isen\u00e7\u00e3o para quem ganha R$ 5 mil vale para a declara\u00e7\u00e3o do IR 2026?","robots":{"index":"index","follow":"follow","max-snippet":"max-snippet:-1","max-image-preview":"max-image-preview:large","max-video-preview":"max-video-preview:-1"},"canonical":"https:\/\/agenciabrasil.ebc.com.br\/economia\/noticia\/2026-04\/isencao-para-quem-ganha-r-5-mil-vale-para-declaracao-do-ir-2026","og_locale":"pt_BR","og_type":"article","og_title":"Isen\u00e7\u00e3o para quem ganha R$ 5 mil vale para a declara\u00e7\u00e3o do IR 2026?","og_description":"Por EBC, Aprovada pelo Congresso e sancionada pelo governo em 2025, a\u00a0isen\u00e7\u00e3o do Imposto de Renda para pessoas que ganham at\u00e9 R$ 5 mil mensais est\u00e1 em vigor na folha de pagamento desde o dia 1\u00ba de janeiro de 2026.\u00a0 Para quem n\u00e3o sabe, desde o in\u00edcio do ano, pessoas que recebem menos de R$ &hellip;","og_url":"https:\/\/agenciabrasil.ebc.com.br\/economia\/noticia\/2026-04\/isencao-para-quem-ganha-r-5-mil-vale-para-declaracao-do-ir-2026","og_site_name":"MRNews","article_publisher":"https:\/\/www.facebook.com\/eaipahpah\/?locale2=pt_BR","article_published_time":"2026-04-26T15:05:57+00:00","author":"MR News","twitter_card":"summary_large_image","twitter_creator":"@conspirou","twitter_site":"@conspirou","twitter_misc":{"Escrito por":"MR News","Est. tempo de leitura":"2 minutos"},"schema":{"@context":"https:\/\/schema.org","@graph":[{"@type":"Article","@id":"https:\/\/agenciabrasil.ebc.com.br\/economia\/noticia\/2026-04\/isencao-para-quem-ganha-r-5-mil-vale-para-declaracao-do-ir-2026#article","isPartOf":{"@id":"https:\/\/mrnews.com.br\/index.php\/2026\/04\/26\/isencao-para-quem-ganha-r-5-mil-vale-para-a-declaracao-do-ir-2026\/"},"author":{"name":"MR News","@id":"https:\/\/mrnews.com.br\/#\/schema\/person\/be3203154562a9f207407861cef7827b"},"headline":"Isen\u00e7\u00e3o para quem ganha R$ 5 mil vale para a declara\u00e7\u00e3o do IR 2026?","datePublished":"2026-04-26T15:05:57+00:00","mainEntityOfPage":{"@id":"https:\/\/mrnews.com.br\/index.php\/2026\/04\/26\/isencao-para-quem-ganha-r-5-mil-vale-para-a-declaracao-do-ir-2026\/"},"wordCount":512,"commentCount":0,"publisher":{"@id":"https:\/\/mrnews.com.br\/#organization"},"articleSection":["ENTRETENIMENTO","NOTICIAS","SERVI\u00c7OS"],"inLanguage":"pt-BR","potentialAction":[{"@type":"CommentAction","name":"Comment","target":["https:\/\/agenciabrasil.ebc.com.br\/economia\/noticia\/2026-04\/isencao-para-quem-ganha-r-5-mil-vale-para-declaracao-do-ir-2026#respond"]}]},{"@type":"WebPage","@id":"https:\/\/mrnews.com.br\/index.php\/2026\/04\/26\/isencao-para-quem-ganha-r-5-mil-vale-para-a-declaracao-do-ir-2026\/","url":"https:\/\/agenciabrasil.ebc.com.br\/economia\/noticia\/2026-04\/isencao-para-quem-ganha-r-5-mil-vale-para-declaracao-do-ir-2026","name":"Isen\u00e7\u00e3o para quem ganha R$ 5 mil vale para a declara\u00e7\u00e3o do IR 2026?","isPartOf":{"@id":"https:\/\/mrnews.com.br\/#website"},"datePublished":"2026-04-26T15:05:57+00:00","breadcrumb":{"@id":"https:\/\/agenciabrasil.ebc.com.br\/economia\/noticia\/2026-04\/isencao-para-quem-ganha-r-5-mil-vale-para-declaracao-do-ir-2026#breadcrumb"},"inLanguage":"pt-BR","potentialAction":[{"@type":"ReadAction","target":["https:\/\/agenciabrasil.ebc.com.br\/economia\/noticia\/2026-04\/isencao-para-quem-ganha-r-5-mil-vale-para-declaracao-do-ir-2026"]}]},{"@type":"BreadcrumbList","@id":"https:\/\/agenciabrasil.ebc.com.br\/economia\/noticia\/2026-04\/isencao-para-quem-ganha-r-5-mil-vale-para-declaracao-do-ir-2026#breadcrumb","itemListElement":[{"@type":"ListItem","position":1,"name":"In\u00edcio","item":"https:\/\/mrnews.com.br\/"},{"@type":"ListItem","position":2,"name":"Isen\u00e7\u00e3o para quem ganha R$ 5 mil vale para a declara\u00e7\u00e3o do IR 2026?"}]},{"@type":"WebSite","@id":"https:\/\/mrnews.com.br\/#website","url":"https:\/\/mrnews.com.br\/","name":"MRNews","description":"MRNews Jogos de hoje da TV, transmiss\u00f5es ao vivo, Not\u00edcias de futebol, Jogos ao vivo, Lives, resumo de novelas, Programa\u00e7\u00e3o da Globo, A Fazenda e BBB","publisher":{"@id":"https:\/\/mrnews.com.br\/#organization"},"potentialAction":[{"@type":"SearchAction","target":{"@type":"EntryPoint","urlTemplate":"https:\/\/mrnews.com.br\/?s={search_term_string}"},"query-input":{"@type":"PropertyValueSpecification","valueRequired":true,"valueName":"search_term_string"}}],"inLanguage":"pt-BR"},{"@type":"Organization","@id":"https:\/\/mrnews.com.br\/#organization","name":"MRNews","url":"https:\/\/mrnews.com.br\/","logo":{"@type":"ImageObject","inLanguage":"pt-BR","@id":"https:\/\/mrnews.com.br\/#\/schema\/logo\/image\/","url":"https:\/\/mrnews.com.br\/wp-content\/uploads\/2019\/06\/MRNewslogo2.png","contentUrl":"https:\/\/mrnews.com.br\/wp-content\/uploads\/2019\/06\/MRNewslogo2.png","width":223,"height":58,"caption":"MRNews"},"image":{"@id":"https:\/\/mrnews.com.br\/#\/schema\/logo\/image\/"},"sameAs":["https:\/\/www.facebook.com\/eaipahpah\/?locale2=pt_BR","https:\/\/x.com\/conspirou","https:\/\/www.instagram.com\/eai_pahpah","https:\/\/br.pinterest.com\/mrnewsn\/boards\/","https:\/\/www.youtube.com\/channel\/UCacgnpznQ61fifLWr1tQ-vA?view_as=subscriber"]},{"@type":"Person","@id":"https:\/\/mrnews.com.br\/#\/schema\/person\/be3203154562a9f207407861cef7827b","name":"MR News","image":{"@type":"ImageObject","inLanguage":"pt-BR","@id":"https:\/\/secure.gravatar.com\/avatar\/04084e6d73c042b8646e7c17b494073bf0ede3ea13c7105cfc45cbbbc28385a4?s=96&d=monsterid&r=g","url":"https:\/\/secure.gravatar.com\/avatar\/04084e6d73c042b8646e7c17b494073bf0ede3ea13c7105cfc45cbbbc28385a4?s=96&d=monsterid&r=g","contentUrl":"https:\/\/secure.gravatar.com\/avatar\/04084e6d73c042b8646e7c17b494073bf0ede3ea13c7105cfc45cbbbc28385a4?s=96&d=monsterid&r=g","caption":"MR News"},"description":"Especializado em jornalismo colaborativo pela FTP em n\u00edvel de p\u00f3s-gradua\u00e7\u00e3o. suporte@oimeliga.combr","sameAs":["HUGO R.","Admin"],"url":"https:\/\/mrnews.com.br\/index.php\/author\/admin\/"}]}},"jetpack_featured_media_url":"","jetpack_sharing_enabled":true,"jetpack_shortlink":"https:\/\/wp.me\/pa2Qf7-1VDy","amp_enabled":true,"_links":{"self":[{"href":"https:\/\/mrnews.com.br\/index.php\/wp-json\/wp\/v2\/posts\/459888","targetHints":{"allow":["GET"]}}],"collection":[{"href":"https:\/\/mrnews.com.br\/index.php\/wp-json\/wp\/v2\/posts"}],"about":[{"href":"https:\/\/mrnews.com.br\/index.php\/wp-json\/wp\/v2\/types\/post"}],"author":[{"embeddable":true,"href":"https:\/\/mrnews.com.br\/index.php\/wp-json\/wp\/v2\/users\/1"}],"replies":[{"embeddable":true,"href":"https:\/\/mrnews.com.br\/index.php\/wp-json\/wp\/v2\/comments?post=459888"}],"version-history":[{"count":0,"href":"https:\/\/mrnews.com.br\/index.php\/wp-json\/wp\/v2\/posts\/459888\/revisions"}],"wp:attachment":[{"href":"https:\/\/mrnews.com.br\/index.php\/wp-json\/wp\/v2\/media?parent=459888"}],"wp:term":[{"taxonomy":"category","embeddable":true,"href":"https:\/\/mrnews.com.br\/index.php\/wp-json\/wp\/v2\/categories?post=459888"},{"taxonomy":"post_tag","embeddable":true,"href":"https:\/\/mrnews.com.br\/index.php\/wp-json\/wp\/v2\/tags?post=459888"}],"curies":[{"name":"wp","href":"https:\/\/api.w.org\/{rel}","templated":true}]}}