{"id":459901,"date":"2026-04-26T16:17:59","date_gmt":"2026-04-26T19:17:59","guid":{"rendered":"https:\/\/mrnews.com.br\/index.php\/2026\/04\/26\/inhotim-celebra-20-anos-com-inauguracao-de-tres-novas-obras\/"},"modified":"2026-04-26T16:17:59","modified_gmt":"2026-04-26T19:17:59","slug":"inhotim-celebra-20-anos-com-inauguracao-de-tres-novas-obras","status":"publish","type":"post","link":"https:\/\/mrnews.com.br\/index.php\/2026\/04\/26\/inhotim-celebra-20-anos-com-inauguracao-de-tres-novas-obras\/","title":{"rendered":"Inhotim celebra 20 anos com inaugura\u00e7\u00e3o de tr\u00eas novas obras"},"content":{"rendered":"<p>Por EBC, <\/p>\n<div>\n<p>O Instituto Inhotim, em Brumadinho, Minas Gerais, abriu\u00a0neste s\u00e1bado (25) as comemora\u00e7\u00f5es dos seus 20 anos com a inaugura\u00e7\u00e3o de tr\u00eas obras: <em>Contraplano<\/em>, de Lais Myrrha, <em>Dupla Cura<\/em>, de Dalton Paula, e <em>Tororama<\/em>, de Davi de Jesus Nascimento. Considerado o maior museu a c\u00e9u aberto da Am\u00e9rica Latina, o Inhotim re\u00fane trabalhos de artistas nacionais e internacionais e uma rica flora.\u00a0<\/p>\n<p><strong>Para a diretora art\u00edstica, J\u00falia Rebou\u00e7as, as tr\u00eas obras se conectam em algo que \u00e9 tamb\u00e9m a voca\u00e7\u00e3o do instituto: articular arte, natureza e educa\u00e7\u00e3o. <\/strong><\/p>\n<p>&#8220;Cada um ao seu modo, v\u00e3o repercutir o que \u00e9 esse territ\u00f3rio, qual a rela\u00e7\u00e3o do visitante com esse espa\u00e7o, quest\u00f5es contempor\u00e2neas importantes. Elas v\u00e3o revisitar momentos que muitas vezes est\u00e3o ocultos na nossa hist\u00f3ria mais recente&#8221;,\u00a0 disse.<\/p>\n<p>J\u00falia destaca que os novos trabalhos conversam com o acervo reunido ao longo da hist\u00f3ria do instituto.<\/p>\n<blockquote>\n<p>&#8220;S\u00e3o trabalhos que se articulam com esse enorme texto que est\u00e1 sendo posto aqui h\u00e1 20 anos. Cada obra \u00e9 uma ideia nova que a gente adiciona a esse texto que vai escrever a narrativa do Inhotim&#8221;, completa a diretora art\u00edstica.\u00a0<\/p>\n<\/blockquote>\n<h2>\u00a0<\/h2>\n<div class=\"dnd-widget-wrapper context-cheio_8colunas type-image\">\n<div class=\"dnd-atom-rendered\"><!-- scald=460642:cheio_8colunas --><\/p>\n<p>    <!-- END scald=460642 --><\/div>\n<p><h6 class=\"meta\">A diretora art\u00edstica do Inhotim, J\u00falia Rebou\u00e7as durante abertura de exposi\u00e7\u00f5es em comemora\u00e7\u00e3o aos 20 anos do Instituto Inhotim, em Brumadinho (MG). Foto: <strong>Tomaz Silva\/Ag\u00eancia Brasil<\/strong><!--END copyright=460642--><\/h6>\n<\/p>\n<\/div>\n<h2><em>Contraplano<\/em><\/h2>\n<p>Sobre um dos pontos mais altos de Inhotim, a escultura monumental Contraplano faz refer\u00eancia ao pr\u00e9dio projetado pelo arquiteto Oscar Niemeyer na Pra\u00e7a da Liberdade, na capital mineira.\u00a0Feita de l\u00e2minas de concreto armado e colunas de a\u00e7o inoxid\u00e1vel, materiais usados na arquitetura moderna, a obra se descortina sobre \u00e1reas do jardim do museu e da mata no entorno e sobre fragmentos de cavas de minera\u00e7\u00e3o nas regi\u00f5es pr\u00f3ximas.\u00a0<\/p>\n<p>\u00a0<\/p>\n<div class=\"dnd-widget-wrapper context-cheio_8colunas type-image\">\n<div class=\"dnd-atom-rendered\"><!-- scald=460702:cheio_8colunas --><\/p>\n<p>    <!-- END scald=460702 --><\/div>\n<p><h6 class=\"meta\">A instala\u00e7\u00e3o Contraplano, de Lais Myrrha em comemora\u00e7\u00e3o aos 20 anos do Instituto Inhotim, em Brumadinho (MG). Foto: <strong>Tomaz Silva\/Ag\u00eancia Brasil<\/strong><!--END copyright=460702--><\/h6>\n<\/p>\n<\/div>\n<p>O t\u00edtulo da obra remete a um espelhamento dessa paisagem modificada pela minera\u00e7\u00e3o. <strong>A artista mineira Lais Myrrha conta que gostaria de propor uma reflex\u00e3o em torno da rela\u00e7\u00e3o da arquitetura com a paisagem, o tempo, a natureza, a montanha e a minera\u00e7\u00e3o.<\/strong><\/p>\n<p>&#8220;At\u00e9 que ponto as tecnologias modernas tamb\u00e9m influenciaram nessas formas de constru\u00e7\u00e3o? A topografia, as cavas de minera\u00e7\u00e3o, como isso aparece nesse desenho da obra? Vai depender muito do repert\u00f3rio de cada visitante&#8221;, afirmou a artista \u00e0\u00a0<strong>Ag\u00eancia Brasil<\/strong>.\u00a0<\/p>\n<p>\u00a0<\/p>\n<div class=\"dnd-widget-wrapper context-cheio_8colunas type-image\">\n<div class=\"dnd-atom-rendered\"><!-- scald=460645:cheio_8colunas --><\/p>\n<p>    <!-- END scald=460645 --><\/div>\n<p><h6 class=\"meta\">A artista Lais Myrrha durante abertura de sua instala\u00e7\u00e3o, Contraplano, em comemora\u00e7\u00e3o aos 20 anos do Instituto Inhotim, em Brumadinho (MG). Foto:\u00a0<strong>Tomaz Silva\/Ag\u00eancia Brasil<\/strong><!--END copyright=460645--><\/h6>\n<\/p>\n<\/div>\n<p>A psic\u00f3loga belo-horizontina Paola Prates, de 29 anos, estava em sua quarta visita ao Inhotim e entrou em contato pela primeira vez com o trabalho de Lais.<\/p>\n<p>&#8220;Achei uma obra muito interessante, porque est\u00e1 posicionada pr\u00f3ximo \u00e0 minera\u00e7\u00e3o e eu acho que ela dialoga muito com isso. \u00c9 uma obra que causa conforto porque, quando se est\u00e1 aqui dentro, voc\u00ea sente o frescor e o acolhimento, mas, ao mesmo tempo, voc\u00ea tamb\u00e9m olha para a minera\u00e7\u00e3o e lembra o que ela \u00e9 capaz de fazer&#8221;, ponderou a visitante.\u00a0<\/p>\n<h2><em>Dupla Cura<\/em><\/h2>\n<p>Abrigada na Galeria Mata, uma das primeiras edifica\u00e7\u00f5es do Inhotim, a exposi\u00e7\u00e3o de longa dura\u00e7\u00e3o<em> Dupla Cura<\/em>, de Dalton de Paula, inclui cerca de 120 obras do artista brasiliense que mora e trabalha em Goi\u00e2nia.<\/p>\n<p><strong>A mostra re\u00fane o mais amplo conjunto de suas obras j\u00e1 exibido no Brasil, com pinturas, fotografias, v\u00eddeos e\u00a0instala\u00e7\u00f5es que remetem \u00e0 ancestralidade, \u00e0 mem\u00f3ria e \u00e0 valoriza\u00e7\u00e3o da cultura afro-brasileira.\u00a0<\/strong><\/p>\n<p>\u00a0<\/p>\n<div class=\"dnd-widget-wrapper context-cheio_8colunas type-image\">\n<div class=\"dnd-atom-rendered\"><!-- scald=460673:cheio_8colunas --><\/p>\n<p>    <!-- END scald=460673 --><\/div>\n<p><h6 class=\"meta\">\u00a0A instala\u00e7\u00e3o, Dupla Cura de Dalton Paula, em comemora\u00e7\u00e3o aos 20 anos do Instituto Inhotim, em Brumadinho (MG). Foto:\u00a0<strong>Tomaz Silva\/Ag\u00eancia Brasil<\/strong><!--END copyright=460673--><\/h6>\n<\/p>\n<\/div>\n<p>A curadora Beatriz Lemos explica que o t\u00edtulo da exposi\u00e7\u00e3o \u00e9 uma refer\u00eancia &#8220;ao pacto espiritual que a permeia&#8221;. Segundo ela, o aspecto dual, ligado \u00e0 devo\u00e7\u00e3o a S\u00e3o Cosme e S\u00e3o Dami\u00e3o, &#8220;manifesta-se no entendimento de que o fortalecimento individual \u00e9 indissoci\u00e1vel do bem-estar comunit\u00e1rio&#8221;.\u00a0<\/p>\n<p>Dalton de Paula conta que umas das quest\u00f5es que mais lhe atrai \u00e9 a reflex\u00e3o sobre a mem\u00f3ria.<\/p>\n<p>&#8220;Aqui a gente vai se deparar com obras de 1999, com quest\u00f5es iniciais, e obras feitas no decorrer do tempo que t\u00eam um aprofundamento. Eu vejo como uma esp\u00e9cie de or\u00e1culo que fiz desse passado e aponta possibilidades de presente e de futuro. Quando a gente mostra ao p\u00fablico, principalmente, as futuras gera\u00e7\u00f5es, \u00e9 algo muito importante&#8221;, disse \u00e0\u00a0<strong>Ag\u00eancia Brasil<\/strong>.<\/p>\n<p>\u00a0<\/p>\n<div class=\"dnd-widget-wrapper context-cheio_8colunas type-image\">\n<div class=\"dnd-atom-rendered\"><!-- scald=460668:cheio_8colunas --><\/p>\n<p>    <!-- END scald=460668 --><\/div>\n<p><h6 class=\"meta\">O artista Dalton Paula durante abertura de sua instala\u00e7\u00e3o, Dupla Cura, em comemora\u00e7\u00e3o aos 20 anos do Instituto Inhotim, em Brumadinho (MG). Foto:<strong>Tomaz Silva\/Ag\u00eancia Brasil<\/strong><!--END copyright=460668--><\/h6>\n<\/p>\n<\/div>\n<p>Morador da capital mineira, o engenheiro de som\u00a0Marcos Soares, de 40 anos, j\u00e1 esteve seis vezes no Inhotim e foi conhecer o trabalho de Dalton.<\/p>\n<p>&#8220;Curti muito os desenhos, as pinturas, a express\u00e3o gr\u00e1fica dele \u00e9 bem rica. O processo de constru\u00e7\u00e3o da arte dele \u00e9 bem interessante de acompanhar. Abre uma nova forma de vida que eu nunca teria a chance de vivenciar se n\u00e3o fosse vendo uma exposi\u00e7\u00e3o como essa do Dalton&#8221;.\u00a0<\/p>\n<h2><em>Tororama<\/em><\/h2>\n<p>A poucos passos do <em>Contraplano<\/em>, est\u00e1 a Galeria Nascente, que abriga a instala\u00e7\u00e3o <em>Tororama<\/em>, de Davi de Jesus Nascimento, que nasceu e mora em Pirapora, no norte mineiro.<\/p>\n<p>O espa\u00e7o re\u00fane tr\u00eas pinturas e um v\u00eddeo gravado nas Cavernas do Perua\u00e7u, tamb\u00e9m em Minas Gerais. A instala\u00e7\u00e3o conta ainda com carrancas feitas pelo Mestre Expedito, importante figura da arte popular, que n\u00e3o produzia pe\u00e7as novas h\u00e1 dez anos.\u00a0<\/p>\n<p>\u00a0<\/p>\n<div class=\"dnd-widget-wrapper context-cheio_8colunas type-image\">\n<div class=\"dnd-atom-rendered\"><!-- scald=460651:cheio_8colunas --><\/p>\n<p>    <!-- END scald=460651 --><\/div>\n<p><h6 class=\"meta\">A instala\u00e7\u00e3o Tororoma do artista Davi de Jesus do Nascimento durante abertura comemora\u00e7\u00e3o aos 20 anos do Instituto Inhotim, em Brumadinho (MG).Foto:<strong>Tomaz Silva\/Ag\u00eancia Brasil<\/strong><!--END copyright=460651--><\/h6>\n<\/p>\n<\/div>\n<p><strong>Segundo o curador Deri Andrade, o nome da instala\u00e7\u00e3o aparece como uma express\u00e3o no conto <em>A Terceira Margem do Rio<\/em>, de Jo\u00e3o Guimar\u00e3es Rosa, &#8220;que aborda a rela\u00e7\u00e3o do protagonista com um curso d&#8217;\u00e1gua&#8221;.<\/strong><\/p>\n<p>&#8220;O trabalho de Davi est\u00e1 totalmente relacionado ao Rio S\u00e3o Francisco, a partir de uma pesquisa voltada para sua fam\u00edlia que mergulha nesse rio. \u00c9 um projeto completamente imersivo, que traz v\u00eddeo performance e uma paisagem sonora&#8221;, destacou o curador.\u00a0<\/p>\n<p>Davi conta que vem de uma fam\u00edlia de lavadeiras, pescadores, marceneiros e mestres carranqueiros.<\/p>\n<blockquote>\n<p>&#8220;A permiss\u00e3o do que eu fa\u00e7o vem por meio\u00a0desse curso d&#8217;\u00e1gua que \u00e9 o Rio S\u00e3o Francisco e da energia da minha m\u00e3e que morreu afogada em 2013&#8221;, disse o artista. &#8220;Esse ambiente que criei \u00e9 de onde eu venho, da comunidade \u00e0 beira do rio, do meu pai pescador&#8221;.<\/p>\n<\/blockquote>\n<p>\u00a0<\/p>\n<div class=\"dnd-widget-wrapper context-cheio_8colunas type-image\">\n<div class=\"dnd-atom-rendered\"><!-- scald=460650:cheio_8colunas --><\/p>\n<p>    <!-- END scald=460650 --><\/div>\n<p><h6 class=\"meta\">O artista Davi de Jesus do Nascimento durante abertura de sua instala\u00e7\u00e3o, Tororoma, em comemora\u00e7\u00e3o aos 20 anos do Instituto Inhotim, em Brumadinho (MG).Foto: <strong>Tomaz Silva\/Ag\u00eancia Brasil<\/strong><!--END copyright=460650--><\/h6>\n<\/p>\n<\/div>\n<p>Irm\u00e3 de Davi, Ana Paula Vieira do Nascimento, de 36 anos, visitou a obra que lhe remeteu a tudo o que a fam\u00edlia vivenciou desde a inf\u00e2ncia.<\/p>\n<p>&#8220;Nossa inf\u00e2ncia foi sempre dentro do rio. Somos barranqueiros e me remeteu muito \u00e0 mem\u00f3ria da nossa m\u00e3e que est\u00e1 presente nessa exposi\u00e7\u00e3o&#8221;.<\/p>\n<h2>Instituto Inhotim<\/h2>\n<p>O museu do Inhotim fica no munic\u00edpio de Brumadinho, a 60 quil\u00f4metros de Belo Horizonte. \u00c9 uma organiza\u00e7\u00e3o sem fins lucrativos, mantida com recursos de doa\u00e7\u00f5es de pessoas f\u00edsicas e jur\u00eddicas \u2013 diretas ou por meio das leis federal e estadual de Incentivo \u00e0 Cultura \u2013 , pela bilheteria e realiza\u00e7\u00e3o de eventos.<\/p>\n<p>Foi idealizado desde a d\u00e9cada de 1980 pelo empres\u00e1rio mineiro Bernardo de Mello Paz. No solo ferroso de uma fazenda da regi\u00e3o, surgiu em 2006.\u00a0<\/p>\n<p>Sua localiza\u00e7\u00e3o, entre os biomas da Mata Atl\u00e2ntica e do Cerrado, e as paisagens exuberantes ao longo dos 140 hectares de visita\u00e7\u00e3o proporcionam uma experi\u00eancia \u00fanica que mistura arte e natureza.<\/p>\n<p>Cerca de 1.862 obras de mais de 280 artistas, de 43 pa\u00edses, comp\u00f5em o acervo e s\u00e3o exibidas ao ar livre e em galerias em meio a um Jardim Bot\u00e2nico com mais de 4,3 mil esp\u00e9cies bot\u00e2nicas raras, vindas de todos os continentes.<\/p>\n<p><em>*A reportagem viajou a convite do Instituto Inhotim.<\/em><\/p>\n<p>\u00a0<\/p>\n<div class=\"dnd-widget-wrapper context-cheio_8colunas type-gallery\">\n<div class=\"dnd-caption-wrapper\">\n<p><!--copyright=460704-->Galeria de fotos &#8211; Novas exposi\u00e7\u00f5es em Inhotim<!--END copyright=460704--><\/p>\n<\/div>\n<\/div>\n<p>      <!-- Relacionada --><\/p>\n<p>            <!-- Relacionada -->\n    <\/div>\n","protected":false},"excerpt":{"rendered":"<p>Por EBC, O Instituto Inhotim, em Brumadinho, Minas Gerais, abriu\u00a0neste s\u00e1bado (25) as comemora\u00e7\u00f5es dos seus 20 anos com a inaugura\u00e7\u00e3o de tr\u00eas obras: Contraplano, de Lais Myrrha, Dupla Cura, de Dalton Paula, e Tororama, de Davi de Jesus Nascimento. Considerado o maior museu a c\u00e9u aberto da Am\u00e9rica Latina, o Inhotim re\u00fane trabalhos de &hellip;<\/p>\n","protected":false},"author":1,"featured_media":0,"comment_status":"open","ping_status":"open","sticky":false,"template":"","format":"standard","meta":{"_jetpack_memberships_contains_paid_content":false,"footnotes":""},"categories":[2,12225,4],"tags":[],"class_list":["post-459901","post","type-post","status-publish","format-standard","hentry","category-entretenimento","category-noticias","category-servicos"],"yoast_head":"<!-- This site is optimized with the Yoast SEO plugin v27.4 - https:\/\/yoast.com\/product\/yoast-seo-wordpress\/ -->\n<title>Inhotim celebra 20 anos com inaugura\u00e7\u00e3o de tr\u00eas novas obras<\/title>\n<meta name=\"robots\" content=\"index, follow, max-snippet:-1, max-image-preview:large, max-video-preview:-1\" \/>\n<link rel=\"canonical\" href=\"https:\/\/agenciabrasil.ebc.com.br\/cultura\/noticia\/2026-04\/inhotim-celebra-20-anos-com-inauguracao-de-tres-novas-obras\" \/>\n<meta property=\"og:locale\" content=\"pt_BR\" \/>\n<meta property=\"og:type\" content=\"article\" \/>\n<meta property=\"og:title\" content=\"Inhotim celebra 20 anos com inaugura\u00e7\u00e3o de tr\u00eas novas obras\" \/>\n<meta property=\"og:description\" content=\"Por EBC, O Instituto Inhotim, em Brumadinho, Minas Gerais, abriu\u00a0neste s\u00e1bado (25) as comemora\u00e7\u00f5es dos seus 20 anos com a inaugura\u00e7\u00e3o de tr\u00eas obras: Contraplano, de Lais Myrrha, Dupla Cura, de Dalton Paula, e Tororama, de Davi de Jesus Nascimento. Considerado o maior museu a c\u00e9u aberto da Am\u00e9rica Latina, o Inhotim re\u00fane trabalhos de &hellip;\" \/>\n<meta property=\"og:url\" content=\"https:\/\/agenciabrasil.ebc.com.br\/cultura\/noticia\/2026-04\/inhotim-celebra-20-anos-com-inauguracao-de-tres-novas-obras\" \/>\n<meta property=\"og:site_name\" content=\"MRNews\" \/>\n<meta property=\"article:publisher\" content=\"https:\/\/www.facebook.com\/eaipahpah\/?locale2=pt_BR\" \/>\n<meta property=\"article:published_time\" content=\"2026-04-26T19:17:59+00:00\" \/>\n<meta name=\"author\" content=\"MR News\" \/>\n<meta name=\"twitter:card\" content=\"summary_large_image\" \/>\n<meta name=\"twitter:creator\" content=\"@conspirou\" \/>\n<meta name=\"twitter:site\" content=\"@conspirou\" \/>\n<meta name=\"twitter:label1\" content=\"Escrito por\" \/>\n\t<meta name=\"twitter:data1\" content=\"MR News\" \/>\n\t<meta name=\"twitter:label2\" content=\"Est. tempo de leitura\" \/>\n\t<meta name=\"twitter:data2\" content=\"7 minutos\" \/>\n<script type=\"application\/ld+json\" class=\"yoast-schema-graph\">{\"@context\":\"https:\\\/\\\/schema.org\",\"@graph\":[{\"@type\":\"Article\",\"@id\":\"https:\\\/\\\/agenciabrasil.ebc.com.br\\\/cultura\\\/noticia\\\/2026-04\\\/inhotim-celebra-20-anos-com-inauguracao-de-tres-novas-obras#article\",\"isPartOf\":{\"@id\":\"https:\\\/\\\/mrnews.com.br\\\/index.php\\\/2026\\\/04\\\/26\\\/inhotim-celebra-20-anos-com-inauguracao-de-tres-novas-obras\\\/\"},\"author\":{\"name\":\"MR News\",\"@id\":\"https:\\\/\\\/mrnews.com.br\\\/#\\\/schema\\\/person\\\/be3203154562a9f207407861cef7827b\"},\"headline\":\"Inhotim celebra 20 anos com inaugura\u00e7\u00e3o de tr\u00eas novas obras\",\"datePublished\":\"2026-04-26T19:17:59+00:00\",\"mainEntityOfPage\":{\"@id\":\"https:\\\/\\\/mrnews.com.br\\\/index.php\\\/2026\\\/04\\\/26\\\/inhotim-celebra-20-anos-com-inauguracao-de-tres-novas-obras\\\/\"},\"wordCount\":1422,\"commentCount\":0,\"publisher\":{\"@id\":\"https:\\\/\\\/mrnews.com.br\\\/#organization\"},\"articleSection\":[\"ENTRETENIMENTO\",\"NOTICIAS\",\"SERVI\u00c7OS\"],\"inLanguage\":\"pt-BR\",\"potentialAction\":[{\"@type\":\"CommentAction\",\"name\":\"Comment\",\"target\":[\"https:\\\/\\\/agenciabrasil.ebc.com.br\\\/cultura\\\/noticia\\\/2026-04\\\/inhotim-celebra-20-anos-com-inauguracao-de-tres-novas-obras#respond\"]}]},{\"@type\":\"WebPage\",\"@id\":\"https:\\\/\\\/mrnews.com.br\\\/index.php\\\/2026\\\/04\\\/26\\\/inhotim-celebra-20-anos-com-inauguracao-de-tres-novas-obras\\\/\",\"url\":\"https:\\\/\\\/agenciabrasil.ebc.com.br\\\/cultura\\\/noticia\\\/2026-04\\\/inhotim-celebra-20-anos-com-inauguracao-de-tres-novas-obras\",\"name\":\"Inhotim celebra 20 anos com inaugura\u00e7\u00e3o de tr\u00eas novas obras\",\"isPartOf\":{\"@id\":\"https:\\\/\\\/mrnews.com.br\\\/#website\"},\"datePublished\":\"2026-04-26T19:17:59+00:00\",\"breadcrumb\":{\"@id\":\"https:\\\/\\\/agenciabrasil.ebc.com.br\\\/cultura\\\/noticia\\\/2026-04\\\/inhotim-celebra-20-anos-com-inauguracao-de-tres-novas-obras#breadcrumb\"},\"inLanguage\":\"pt-BR\",\"potentialAction\":[{\"@type\":\"ReadAction\",\"target\":[\"https:\\\/\\\/agenciabrasil.ebc.com.br\\\/cultura\\\/noticia\\\/2026-04\\\/inhotim-celebra-20-anos-com-inauguracao-de-tres-novas-obras\"]}]},{\"@type\":\"BreadcrumbList\",\"@id\":\"https:\\\/\\\/agenciabrasil.ebc.com.br\\\/cultura\\\/noticia\\\/2026-04\\\/inhotim-celebra-20-anos-com-inauguracao-de-tres-novas-obras#breadcrumb\",\"itemListElement\":[{\"@type\":\"ListItem\",\"position\":1,\"name\":\"In\u00edcio\",\"item\":\"https:\\\/\\\/mrnews.com.br\\\/\"},{\"@type\":\"ListItem\",\"position\":2,\"name\":\"Inhotim celebra 20 anos com inaugura\u00e7\u00e3o de tr\u00eas novas obras\"}]},{\"@type\":\"WebSite\",\"@id\":\"https:\\\/\\\/mrnews.com.br\\\/#website\",\"url\":\"https:\\\/\\\/mrnews.com.br\\\/\",\"name\":\"MRNews\",\"description\":\"MRNews Jogos de hoje da TV, transmiss\u00f5es ao vivo, Not\u00edcias de futebol, Jogos ao vivo, Lives, resumo de novelas, Programa\u00e7\u00e3o da Globo, A Fazenda e BBB\",\"publisher\":{\"@id\":\"https:\\\/\\\/mrnews.com.br\\\/#organization\"},\"potentialAction\":[{\"@type\":\"SearchAction\",\"target\":{\"@type\":\"EntryPoint\",\"urlTemplate\":\"https:\\\/\\\/mrnews.com.br\\\/?s={search_term_string}\"},\"query-input\":{\"@type\":\"PropertyValueSpecification\",\"valueRequired\":true,\"valueName\":\"search_term_string\"}}],\"inLanguage\":\"pt-BR\"},{\"@type\":\"Organization\",\"@id\":\"https:\\\/\\\/mrnews.com.br\\\/#organization\",\"name\":\"MRNews\",\"url\":\"https:\\\/\\\/mrnews.com.br\\\/\",\"logo\":{\"@type\":\"ImageObject\",\"inLanguage\":\"pt-BR\",\"@id\":\"https:\\\/\\\/mrnews.com.br\\\/#\\\/schema\\\/logo\\\/image\\\/\",\"url\":\"https:\\\/\\\/mrnews.com.br\\\/wp-content\\\/uploads\\\/2019\\\/06\\\/MRNewslogo2.png\",\"contentUrl\":\"https:\\\/\\\/mrnews.com.br\\\/wp-content\\\/uploads\\\/2019\\\/06\\\/MRNewslogo2.png\",\"width\":223,\"height\":58,\"caption\":\"MRNews\"},\"image\":{\"@id\":\"https:\\\/\\\/mrnews.com.br\\\/#\\\/schema\\\/logo\\\/image\\\/\"},\"sameAs\":[\"https:\\\/\\\/www.facebook.com\\\/eaipahpah\\\/?locale2=pt_BR\",\"https:\\\/\\\/x.com\\\/conspirou\",\"https:\\\/\\\/www.instagram.com\\\/eai_pahpah\",\"https:\\\/\\\/br.pinterest.com\\\/mrnewsn\\\/boards\\\/\",\"https:\\\/\\\/www.youtube.com\\\/channel\\\/UCacgnpznQ61fifLWr1tQ-vA?view_as=subscriber\"]},{\"@type\":\"Person\",\"@id\":\"https:\\\/\\\/mrnews.com.br\\\/#\\\/schema\\\/person\\\/be3203154562a9f207407861cef7827b\",\"name\":\"MR News\",\"image\":{\"@type\":\"ImageObject\",\"inLanguage\":\"pt-BR\",\"@id\":\"https:\\\/\\\/secure.gravatar.com\\\/avatar\\\/04084e6d73c042b8646e7c17b494073bf0ede3ea13c7105cfc45cbbbc28385a4?s=96&d=monsterid&r=g\",\"url\":\"https:\\\/\\\/secure.gravatar.com\\\/avatar\\\/04084e6d73c042b8646e7c17b494073bf0ede3ea13c7105cfc45cbbbc28385a4?s=96&d=monsterid&r=g\",\"contentUrl\":\"https:\\\/\\\/secure.gravatar.com\\\/avatar\\\/04084e6d73c042b8646e7c17b494073bf0ede3ea13c7105cfc45cbbbc28385a4?s=96&d=monsterid&r=g\",\"caption\":\"MR News\"},\"description\":\"Especializado em jornalismo colaborativo pela FTP em n\u00edvel de p\u00f3s-gradua\u00e7\u00e3o. suporte@oimeliga.combr\",\"sameAs\":[\"HUGO R.\",\"Admin\"],\"url\":\"https:\\\/\\\/mrnews.com.br\\\/index.php\\\/author\\\/admin\\\/\"}]}<\/script>\n<!-- \/ Yoast SEO plugin. -->","yoast_head_json":{"title":"Inhotim celebra 20 anos com inaugura\u00e7\u00e3o de tr\u00eas novas obras","robots":{"index":"index","follow":"follow","max-snippet":"max-snippet:-1","max-image-preview":"max-image-preview:large","max-video-preview":"max-video-preview:-1"},"canonical":"https:\/\/agenciabrasil.ebc.com.br\/cultura\/noticia\/2026-04\/inhotim-celebra-20-anos-com-inauguracao-de-tres-novas-obras","og_locale":"pt_BR","og_type":"article","og_title":"Inhotim celebra 20 anos com inaugura\u00e7\u00e3o de tr\u00eas novas obras","og_description":"Por EBC, O Instituto Inhotim, em Brumadinho, Minas Gerais, abriu\u00a0neste s\u00e1bado (25) as comemora\u00e7\u00f5es dos seus 20 anos com a inaugura\u00e7\u00e3o de tr\u00eas obras: Contraplano, de Lais Myrrha, Dupla Cura, de Dalton Paula, e Tororama, de Davi de Jesus Nascimento. Considerado o maior museu a c\u00e9u aberto da Am\u00e9rica Latina, o Inhotim re\u00fane trabalhos de &hellip;","og_url":"https:\/\/agenciabrasil.ebc.com.br\/cultura\/noticia\/2026-04\/inhotim-celebra-20-anos-com-inauguracao-de-tres-novas-obras","og_site_name":"MRNews","article_publisher":"https:\/\/www.facebook.com\/eaipahpah\/?locale2=pt_BR","article_published_time":"2026-04-26T19:17:59+00:00","author":"MR News","twitter_card":"summary_large_image","twitter_creator":"@conspirou","twitter_site":"@conspirou","twitter_misc":{"Escrito por":"MR News","Est. tempo de leitura":"7 minutos"},"schema":{"@context":"https:\/\/schema.org","@graph":[{"@type":"Article","@id":"https:\/\/agenciabrasil.ebc.com.br\/cultura\/noticia\/2026-04\/inhotim-celebra-20-anos-com-inauguracao-de-tres-novas-obras#article","isPartOf":{"@id":"https:\/\/mrnews.com.br\/index.php\/2026\/04\/26\/inhotim-celebra-20-anos-com-inauguracao-de-tres-novas-obras\/"},"author":{"name":"MR News","@id":"https:\/\/mrnews.com.br\/#\/schema\/person\/be3203154562a9f207407861cef7827b"},"headline":"Inhotim celebra 20 anos com inaugura\u00e7\u00e3o de tr\u00eas novas obras","datePublished":"2026-04-26T19:17:59+00:00","mainEntityOfPage":{"@id":"https:\/\/mrnews.com.br\/index.php\/2026\/04\/26\/inhotim-celebra-20-anos-com-inauguracao-de-tres-novas-obras\/"},"wordCount":1422,"commentCount":0,"publisher":{"@id":"https:\/\/mrnews.com.br\/#organization"},"articleSection":["ENTRETENIMENTO","NOTICIAS","SERVI\u00c7OS"],"inLanguage":"pt-BR","potentialAction":[{"@type":"CommentAction","name":"Comment","target":["https:\/\/agenciabrasil.ebc.com.br\/cultura\/noticia\/2026-04\/inhotim-celebra-20-anos-com-inauguracao-de-tres-novas-obras#respond"]}]},{"@type":"WebPage","@id":"https:\/\/mrnews.com.br\/index.php\/2026\/04\/26\/inhotim-celebra-20-anos-com-inauguracao-de-tres-novas-obras\/","url":"https:\/\/agenciabrasil.ebc.com.br\/cultura\/noticia\/2026-04\/inhotim-celebra-20-anos-com-inauguracao-de-tres-novas-obras","name":"Inhotim celebra 20 anos com inaugura\u00e7\u00e3o de tr\u00eas novas obras","isPartOf":{"@id":"https:\/\/mrnews.com.br\/#website"},"datePublished":"2026-04-26T19:17:59+00:00","breadcrumb":{"@id":"https:\/\/agenciabrasil.ebc.com.br\/cultura\/noticia\/2026-04\/inhotim-celebra-20-anos-com-inauguracao-de-tres-novas-obras#breadcrumb"},"inLanguage":"pt-BR","potentialAction":[{"@type":"ReadAction","target":["https:\/\/agenciabrasil.ebc.com.br\/cultura\/noticia\/2026-04\/inhotim-celebra-20-anos-com-inauguracao-de-tres-novas-obras"]}]},{"@type":"BreadcrumbList","@id":"https:\/\/agenciabrasil.ebc.com.br\/cultura\/noticia\/2026-04\/inhotim-celebra-20-anos-com-inauguracao-de-tres-novas-obras#breadcrumb","itemListElement":[{"@type":"ListItem","position":1,"name":"In\u00edcio","item":"https:\/\/mrnews.com.br\/"},{"@type":"ListItem","position":2,"name":"Inhotim celebra 20 anos com inaugura\u00e7\u00e3o de tr\u00eas novas obras"}]},{"@type":"WebSite","@id":"https:\/\/mrnews.com.br\/#website","url":"https:\/\/mrnews.com.br\/","name":"MRNews","description":"MRNews Jogos de hoje da TV, transmiss\u00f5es ao vivo, Not\u00edcias de futebol, Jogos ao vivo, Lives, resumo de novelas, Programa\u00e7\u00e3o da Globo, A Fazenda e BBB","publisher":{"@id":"https:\/\/mrnews.com.br\/#organization"},"potentialAction":[{"@type":"SearchAction","target":{"@type":"EntryPoint","urlTemplate":"https:\/\/mrnews.com.br\/?s={search_term_string}"},"query-input":{"@type":"PropertyValueSpecification","valueRequired":true,"valueName":"search_term_string"}}],"inLanguage":"pt-BR"},{"@type":"Organization","@id":"https:\/\/mrnews.com.br\/#organization","name":"MRNews","url":"https:\/\/mrnews.com.br\/","logo":{"@type":"ImageObject","inLanguage":"pt-BR","@id":"https:\/\/mrnews.com.br\/#\/schema\/logo\/image\/","url":"https:\/\/mrnews.com.br\/wp-content\/uploads\/2019\/06\/MRNewslogo2.png","contentUrl":"https:\/\/mrnews.com.br\/wp-content\/uploads\/2019\/06\/MRNewslogo2.png","width":223,"height":58,"caption":"MRNews"},"image":{"@id":"https:\/\/mrnews.com.br\/#\/schema\/logo\/image\/"},"sameAs":["https:\/\/www.facebook.com\/eaipahpah\/?locale2=pt_BR","https:\/\/x.com\/conspirou","https:\/\/www.instagram.com\/eai_pahpah","https:\/\/br.pinterest.com\/mrnewsn\/boards\/","https:\/\/www.youtube.com\/channel\/UCacgnpznQ61fifLWr1tQ-vA?view_as=subscriber"]},{"@type":"Person","@id":"https:\/\/mrnews.com.br\/#\/schema\/person\/be3203154562a9f207407861cef7827b","name":"MR News","image":{"@type":"ImageObject","inLanguage":"pt-BR","@id":"https:\/\/secure.gravatar.com\/avatar\/04084e6d73c042b8646e7c17b494073bf0ede3ea13c7105cfc45cbbbc28385a4?s=96&d=monsterid&r=g","url":"https:\/\/secure.gravatar.com\/avatar\/04084e6d73c042b8646e7c17b494073bf0ede3ea13c7105cfc45cbbbc28385a4?s=96&d=monsterid&r=g","contentUrl":"https:\/\/secure.gravatar.com\/avatar\/04084e6d73c042b8646e7c17b494073bf0ede3ea13c7105cfc45cbbbc28385a4?s=96&d=monsterid&r=g","caption":"MR News"},"description":"Especializado em jornalismo colaborativo pela FTP em n\u00edvel de p\u00f3s-gradua\u00e7\u00e3o. suporte@oimeliga.combr","sameAs":["HUGO R.","Admin"],"url":"https:\/\/mrnews.com.br\/index.php\/author\/admin\/"}]}},"jetpack_featured_media_url":"","jetpack_sharing_enabled":true,"jetpack_shortlink":"https:\/\/wp.me\/pa2Qf7-1VDL","amp_enabled":true,"_links":{"self":[{"href":"https:\/\/mrnews.com.br\/index.php\/wp-json\/wp\/v2\/posts\/459901","targetHints":{"allow":["GET"]}}],"collection":[{"href":"https:\/\/mrnews.com.br\/index.php\/wp-json\/wp\/v2\/posts"}],"about":[{"href":"https:\/\/mrnews.com.br\/index.php\/wp-json\/wp\/v2\/types\/post"}],"author":[{"embeddable":true,"href":"https:\/\/mrnews.com.br\/index.php\/wp-json\/wp\/v2\/users\/1"}],"replies":[{"embeddable":true,"href":"https:\/\/mrnews.com.br\/index.php\/wp-json\/wp\/v2\/comments?post=459901"}],"version-history":[{"count":0,"href":"https:\/\/mrnews.com.br\/index.php\/wp-json\/wp\/v2\/posts\/459901\/revisions"}],"wp:attachment":[{"href":"https:\/\/mrnews.com.br\/index.php\/wp-json\/wp\/v2\/media?parent=459901"}],"wp:term":[{"taxonomy":"category","embeddable":true,"href":"https:\/\/mrnews.com.br\/index.php\/wp-json\/wp\/v2\/categories?post=459901"},{"taxonomy":"post_tag","embeddable":true,"href":"https:\/\/mrnews.com.br\/index.php\/wp-json\/wp\/v2\/tags?post=459901"}],"curies":[{"name":"wp","href":"https:\/\/api.w.org\/{rel}","templated":true}]}}