{"id":459909,"date":"2026-04-26T18:08:01","date_gmt":"2026-04-26T21:08:01","guid":{"rendered":"https:\/\/mrnews.com.br\/index.php\/2026\/04\/26\/praca-ary-coelho-virou-ponto-central-da-vacinacao-no-dia-d-na-capital-cgnoticias\/"},"modified":"2026-04-26T18:08:01","modified_gmt":"2026-04-26T21:08:01","slug":"praca-ary-coelho-virou-ponto-central-da-vacinacao-no-dia-d-na-capital-cgnoticias","status":"publish","type":"post","link":"https:\/\/mrnews.com.br\/index.php\/2026\/04\/26\/praca-ary-coelho-virou-ponto-central-da-vacinacao-no-dia-d-na-capital-cgnoticias\/","title":{"rendered":"Pra\u00e7a Ary Coelho virou ponto central da vacina\u00e7\u00e3o no Dia D na capital \u2013 CGNot\u00edcias"},"content":{"rendered":"<p><\/p>\n<div>\n<p>No \u00faltimo s\u00e1bado (25), moradores de Campo Grande aproveitaram o dia de folga para cuidar da sa\u00fade. A mobiliza\u00e7\u00e3o ocorreu em v\u00e1rias regi\u00f5es da cidade, com o Dia D da Campanha contra a Influenza e, ao mesmo tempo, o \u201cMutir\u00e3o Todos em A\u00e7\u00e3o\u201d, no Jardim Anache, oferecendo vacina\u00e7\u00e3o, atendimentos e servi\u00e7os gratuitos.<\/p>\n<p>Na regi\u00e3o central, a Pra\u00e7a Ary Coelho teve grande movimento, com atendimentos das 8h \u00e0s 16h. Al\u00e9m disso, 24 Unidades de Sa\u00fade da Fam\u00edlia (USFs) abriram em hor\u00e1rio especial para ampliar o acesso \u00e0 imuniza\u00e7\u00e3o.<\/p>\n<p>A professora Kamila Rios Saracho, de 27 anos, aproveitou a oportunidade. \u201cTrabalho durante a semana e n\u00e3o conseguiria ir \u00e0 unidade. Tenho contato com crian\u00e7as e \u00e9 importante me proteger e tamb\u00e9m proteg\u00ea-las\u201d, disse.<\/p>\n<figure class=\"wp-block-image size-large\"><\/figure>\n<p>A estrat\u00e9gia de atendimento fora do hor\u00e1rio tradicional ajudou a alcan\u00e7ar quem n\u00e3o consegue ir durante a semana. O aposentado Jos\u00e9 Carlos Guerreiro Campos, 78 anos, foi um dos primeiros atendidos. \u201cA vacina traz mais seguran\u00e7a. \u00c9 bom para mim e para todos\u201d, afirmou.<\/p>\n<p>A aposentada Cleuza Ferreira dos Santos Ferreira, 72 anos, tamb\u00e9m deixou o receio de lado. \u201cEu tinha medo da agulha, mas agora n\u00e3o tenho mais. \u00c9 \u00e9poca da doen\u00e7a, precisamos nos vacinar\u201d, disse.<\/p>\n<p>Na USF 26 de Agosto, Ros\u00e2ngela Cristina, 70 anos, destacou a praticidade. \u201cN\u00e3o tive tempo antes. O movimento estava tranquilo e n\u00e3o d\u00f3i nada. Tomo todo ano e nunca tive gripe ou pneumonia\u201d, relatou.<\/p>\n<figure class=\"wp-block-image size-large\"><\/figure>\n<p>Apesar da mobiliza\u00e7\u00e3o, a Secretaria Municipal de Sa\u00fade (Sesau) alerta que a cobertura vacinal ainda est\u00e1 em cerca de 21%, abaixo do ideal, justamente em um per\u00edodo de maior circula\u00e7\u00e3o de v\u00edrus respirat\u00f3rios.<\/p>\n<p>\u201cA campanha busca aumentar a cobertura, principalmente neste momento de maior circula\u00e7\u00e3o da influenza\u201d, explicou a superintendente de Vigil\u00e2ncia em Sa\u00fade, Veruska Lahdo.<\/p>\n<p><strong>Sa\u00fade mais perto da popula\u00e7\u00e3o<\/strong><\/p>\n<p>Enquanto o centro recebia o Dia D, o Jardim Anache sediou a segunda edi\u00e7\u00e3o do ano do \u201cMutir\u00e3o Todos em A\u00e7\u00e3o\u201d, na Escola Municipal Professor Jo\u00e3o C\u00e2ndido de Souza, reunindo diversos servi\u00e7os, incluindo vacina\u00e7\u00e3o.<\/p>\n<p>Bianca da Silva de Souza, 28 anos, levou a fam\u00edlia para aproveitar os atendimentos. \u201cTrouxe todo mundo para vacinar. O mutir\u00e3o ajuda muito, tem bastante gente procurando\u201d, contou.<\/p>\n<figure class=\"wp-block-image size-large\"><\/figure>\n<p>A servidora p\u00fablica Sueli Aratani, 55 anos, tamb\u00e9m destacou a iniciativa. \u201cAl\u00e9m de trabalhar na a\u00e7\u00e3o, sempre aproveito para conhecer e utilizar os servi\u00e7os, principalmente os de sa\u00fade\u201d, disse.<\/p>\n<p>J\u00e1 Lidiane de Freitas, 39 anos, ressaltou a presen\u00e7a da Ouvidoria da Sesau. \u201cJ\u00e1 utilizei v\u00e1rias vezes e tive retorno. Ajuda muito no acompanhamento dos processos\u201d, afirmou.<\/p>\n<p>O secret\u00e1rio municipal de Sa\u00fade, Marcelo Vilela, refor\u00e7ou a import\u00e2ncia das a\u00e7\u00f5es integradas. \u201c\u00c9 uma forma de aproximar a sa\u00fade da popula\u00e7\u00e3o, facilitar o acesso e fortalecer o v\u00ednculo com a comunidade\u201d, destacou.<\/p>\n<p>A Sesau lembra que a vacina\u00e7\u00e3o continua dispon\u00edvel nas 74 unidades de sa\u00fade e \u00e9 essencial, especialmente para os grupos mais vulner\u00e1veis \u00e0s complica\u00e7\u00f5es da gripe.<\/p>\n<figure class=\"wp-block-gallery has-nested-images columns-default is-cropped wp-block-gallery-2 is-layout-flex wp-block-gallery-is-layout-flex\">\n<figure class=\"wp-block-image size-large\"><\/figure>\n<figure class=\"wp-block-image size-large\"><\/figure>\n<figure class=\"wp-block-image size-large\"><\/figure>\n<figure class=\"wp-block-image size-large\"><\/figure>\n<figure class=\"wp-block-image size-large\"><\/figure>\n<figure class=\"wp-block-image size-large\"><\/figure>\n<figure class=\"wp-block-image size-large\"><\/figure>\n<figure class=\"wp-block-image size-large\"><\/figure>\n<\/figure>\n<\/div>\n<p><script async defer async defer src=\"https:\/\/connect.facebook.net\/en_US\/sdk.js?ver=1#xfbml=1&amp;version=v3.2\" id=\"prefeitura-campogrande-script-facebook-sdk-js\"><\/script><\/p>\n","protected":false},"excerpt":{"rendered":"<p>No \u00faltimo s\u00e1bado (25), moradores de Campo Grande aproveitaram o dia de folga para cuidar da sa\u00fade. A mobiliza\u00e7\u00e3o ocorreu em v\u00e1rias regi\u00f5es da cidade, com o Dia D da Campanha contra a Influenza e, ao mesmo tempo, o \u201cMutir\u00e3o Todos em A\u00e7\u00e3o\u201d, no Jardim Anache, oferecendo vacina\u00e7\u00e3o, atendimentos e servi\u00e7os gratuitos. Na regi\u00e3o central, &hellip;<\/p>\n","protected":false},"author":1,"featured_media":0,"comment_status":"open","ping_status":"open","sticky":false,"template":"","format":"standard","meta":{"_jetpack_memberships_contains_paid_content":false,"footnotes":""},"categories":[12410],"tags":[],"class_list":["post-459909","post","type-post","status-publish","format-standard","hentry","category-ms"],"yoast_head":"<!-- This site is optimized with the Yoast SEO plugin v27.5 - https:\/\/yoast.com\/product\/yoast-seo-wordpress\/ -->\n<title>Pra\u00e7a Ary Coelho virou ponto central da vacina\u00e7\u00e3o no Dia D na capital \u2013 CGNot\u00edcias<\/title>\n<meta name=\"robots\" content=\"index, follow, max-snippet:-1, max-image-preview:large, max-video-preview:-1\" \/>\n<link rel=\"canonical\" href=\"https:\/\/www.campogrande.ms.gov.br\/cgnoticias\/noticia\/praca-ary-coelho-virou-ponto-central-da-vacinacao-no-dia-d-na-capital\/\" \/>\n<meta property=\"og:locale\" content=\"pt_BR\" \/>\n<meta property=\"og:type\" content=\"article\" \/>\n<meta property=\"og:title\" content=\"Pra\u00e7a Ary Coelho virou ponto central da vacina\u00e7\u00e3o no Dia D na capital \u2013 CGNot\u00edcias\" \/>\n<meta property=\"og:description\" content=\"No \u00faltimo s\u00e1bado (25), moradores de Campo Grande aproveitaram o dia de folga para cuidar da sa\u00fade. A mobiliza\u00e7\u00e3o ocorreu em v\u00e1rias regi\u00f5es da cidade, com o Dia D da Campanha contra a Influenza e, ao mesmo tempo, o \u201cMutir\u00e3o Todos em A\u00e7\u00e3o\u201d, no Jardim Anache, oferecendo vacina\u00e7\u00e3o, atendimentos e servi\u00e7os gratuitos. Na regi\u00e3o central, &hellip;\" \/>\n<meta property=\"og:url\" content=\"https:\/\/www.campogrande.ms.gov.br\/cgnoticias\/noticia\/praca-ary-coelho-virou-ponto-central-da-vacinacao-no-dia-d-na-capital\/\" \/>\n<meta property=\"og:site_name\" content=\"MRNews\" \/>\n<meta property=\"article:publisher\" content=\"https:\/\/www.facebook.com\/eaipahpah\/?locale2=pt_BR\" \/>\n<meta property=\"article:published_time\" content=\"2026-04-26T21:08:01+00:00\" \/>\n<meta name=\"author\" content=\"MR News\" \/>\n<meta name=\"twitter:card\" content=\"summary_large_image\" \/>\n<meta name=\"twitter:creator\" content=\"@conspirou\" \/>\n<meta name=\"twitter:site\" content=\"@conspirou\" \/>\n<meta name=\"twitter:label1\" content=\"Escrito por\" \/>\n\t<meta name=\"twitter:data1\" content=\"MR News\" \/>\n\t<meta name=\"twitter:label2\" content=\"Est. tempo de leitura\" \/>\n\t<meta name=\"twitter:data2\" content=\"3 minutos\" \/>\n<script type=\"application\/ld+json\" class=\"yoast-schema-graph\">{\"@context\":\"https:\\\/\\\/schema.org\",\"@graph\":[{\"@type\":\"Article\",\"@id\":\"https:\\\/\\\/www.campogrande.ms.gov.br\\\/cgnoticias\\\/noticia\\\/praca-ary-coelho-virou-ponto-central-da-vacinacao-no-dia-d-na-capital\\\/#article\",\"isPartOf\":{\"@id\":\"https:\\\/\\\/mrnews.com.br\\\/index.php\\\/2026\\\/04\\\/26\\\/praca-ary-coelho-virou-ponto-central-da-vacinacao-no-dia-d-na-capital-cgnoticias\\\/\"},\"author\":{\"name\":\"MR News\",\"@id\":\"https:\\\/\\\/mrnews.com.br\\\/#\\\/schema\\\/person\\\/be3203154562a9f207407861cef7827b\"},\"headline\":\"Pra\u00e7a Ary Coelho virou ponto central da vacina\u00e7\u00e3o no Dia D na capital \u2013 CGNot\u00edcias\",\"datePublished\":\"2026-04-26T21:08:01+00:00\",\"mainEntityOfPage\":{\"@id\":\"https:\\\/\\\/mrnews.com.br\\\/index.php\\\/2026\\\/04\\\/26\\\/praca-ary-coelho-virou-ponto-central-da-vacinacao-no-dia-d-na-capital-cgnoticias\\\/\"},\"wordCount\":541,\"commentCount\":0,\"publisher\":{\"@id\":\"https:\\\/\\\/mrnews.com.br\\\/#organization\"},\"articleSection\":[\"Mato Grosso do Sul\"],\"inLanguage\":\"pt-BR\",\"potentialAction\":[{\"@type\":\"CommentAction\",\"name\":\"Comment\",\"target\":[\"https:\\\/\\\/www.campogrande.ms.gov.br\\\/cgnoticias\\\/noticia\\\/praca-ary-coelho-virou-ponto-central-da-vacinacao-no-dia-d-na-capital\\\/#respond\"]}]},{\"@type\":\"WebPage\",\"@id\":\"https:\\\/\\\/mrnews.com.br\\\/index.php\\\/2026\\\/04\\\/26\\\/praca-ary-coelho-virou-ponto-central-da-vacinacao-no-dia-d-na-capital-cgnoticias\\\/\",\"url\":\"https:\\\/\\\/www.campogrande.ms.gov.br\\\/cgnoticias\\\/noticia\\\/praca-ary-coelho-virou-ponto-central-da-vacinacao-no-dia-d-na-capital\\\/\",\"name\":\"Pra\u00e7a Ary Coelho virou ponto central da vacina\u00e7\u00e3o no Dia D na capital \u2013 CGNot\u00edcias\",\"isPartOf\":{\"@id\":\"https:\\\/\\\/mrnews.com.br\\\/#website\"},\"datePublished\":\"2026-04-26T21:08:01+00:00\",\"breadcrumb\":{\"@id\":\"https:\\\/\\\/www.campogrande.ms.gov.br\\\/cgnoticias\\\/noticia\\\/praca-ary-coelho-virou-ponto-central-da-vacinacao-no-dia-d-na-capital\\\/#breadcrumb\"},\"inLanguage\":\"pt-BR\",\"potentialAction\":[{\"@type\":\"ReadAction\",\"target\":[\"https:\\\/\\\/www.campogrande.ms.gov.br\\\/cgnoticias\\\/noticia\\\/praca-ary-coelho-virou-ponto-central-da-vacinacao-no-dia-d-na-capital\\\/\"]}]},{\"@type\":\"BreadcrumbList\",\"@id\":\"https:\\\/\\\/www.campogrande.ms.gov.br\\\/cgnoticias\\\/noticia\\\/praca-ary-coelho-virou-ponto-central-da-vacinacao-no-dia-d-na-capital\\\/#breadcrumb\",\"itemListElement\":[{\"@type\":\"ListItem\",\"position\":1,\"name\":\"In\u00edcio\",\"item\":\"https:\\\/\\\/mrnews.com.br\\\/\"},{\"@type\":\"ListItem\",\"position\":2,\"name\":\"Pra\u00e7a Ary Coelho virou ponto central da vacina\u00e7\u00e3o no Dia D na capital \u2013 CGNot\u00edcias\"}]},{\"@type\":\"WebSite\",\"@id\":\"https:\\\/\\\/mrnews.com.br\\\/#website\",\"url\":\"https:\\\/\\\/mrnews.com.br\\\/\",\"name\":\"MRNews\",\"description\":\"MRNews Jogos de hoje da TV, transmiss\u00f5es ao vivo, Not\u00edcias de futebol, Jogos ao vivo, Lives, resumo de novelas, Programa\u00e7\u00e3o da Globo, A Fazenda e BBB\",\"publisher\":{\"@id\":\"https:\\\/\\\/mrnews.com.br\\\/#organization\"},\"potentialAction\":[{\"@type\":\"SearchAction\",\"target\":{\"@type\":\"EntryPoint\",\"urlTemplate\":\"https:\\\/\\\/mrnews.com.br\\\/?s={search_term_string}\"},\"query-input\":{\"@type\":\"PropertyValueSpecification\",\"valueRequired\":true,\"valueName\":\"search_term_string\"}}],\"inLanguage\":\"pt-BR\"},{\"@type\":\"Organization\",\"@id\":\"https:\\\/\\\/mrnews.com.br\\\/#organization\",\"name\":\"MRNews\",\"url\":\"https:\\\/\\\/mrnews.com.br\\\/\",\"logo\":{\"@type\":\"ImageObject\",\"inLanguage\":\"pt-BR\",\"@id\":\"https:\\\/\\\/mrnews.com.br\\\/#\\\/schema\\\/logo\\\/image\\\/\",\"url\":\"https:\\\/\\\/mrnews.com.br\\\/wp-content\\\/uploads\\\/2019\\\/06\\\/MRNewslogo2.png\",\"contentUrl\":\"https:\\\/\\\/mrnews.com.br\\\/wp-content\\\/uploads\\\/2019\\\/06\\\/MRNewslogo2.png\",\"width\":223,\"height\":58,\"caption\":\"MRNews\"},\"image\":{\"@id\":\"https:\\\/\\\/mrnews.com.br\\\/#\\\/schema\\\/logo\\\/image\\\/\"},\"sameAs\":[\"https:\\\/\\\/www.facebook.com\\\/eaipahpah\\\/?locale2=pt_BR\",\"https:\\\/\\\/x.com\\\/conspirou\",\"https:\\\/\\\/www.instagram.com\\\/eai_pahpah\",\"https:\\\/\\\/br.pinterest.com\\\/mrnewsn\\\/boards\\\/\",\"https:\\\/\\\/www.youtube.com\\\/channel\\\/UCacgnpznQ61fifLWr1tQ-vA?view_as=subscriber\"]},{\"@type\":\"Person\",\"@id\":\"https:\\\/\\\/mrnews.com.br\\\/#\\\/schema\\\/person\\\/be3203154562a9f207407861cef7827b\",\"name\":\"MR News\",\"image\":{\"@type\":\"ImageObject\",\"inLanguage\":\"pt-BR\",\"@id\":\"https:\\\/\\\/secure.gravatar.com\\\/avatar\\\/04084e6d73c042b8646e7c17b494073bf0ede3ea13c7105cfc45cbbbc28385a4?s=96&d=monsterid&r=g\",\"url\":\"https:\\\/\\\/secure.gravatar.com\\\/avatar\\\/04084e6d73c042b8646e7c17b494073bf0ede3ea13c7105cfc45cbbbc28385a4?s=96&d=monsterid&r=g\",\"contentUrl\":\"https:\\\/\\\/secure.gravatar.com\\\/avatar\\\/04084e6d73c042b8646e7c17b494073bf0ede3ea13c7105cfc45cbbbc28385a4?s=96&d=monsterid&r=g\",\"caption\":\"MR News\"},\"description\":\"Especializado em jornalismo colaborativo pela FTP em n\u00edvel de p\u00f3s-gradua\u00e7\u00e3o. suporte@oimeliga.combr\",\"sameAs\":[\"HUGO R.\",\"Admin\"],\"url\":\"https:\\\/\\\/mrnews.com.br\\\/index.php\\\/author\\\/admin\\\/\"}]}<\/script>\n<!-- \/ Yoast SEO plugin. -->","yoast_head_json":{"title":"Pra\u00e7a Ary Coelho virou ponto central da vacina\u00e7\u00e3o no Dia D na capital \u2013 CGNot\u00edcias","robots":{"index":"index","follow":"follow","max-snippet":"max-snippet:-1","max-image-preview":"max-image-preview:large","max-video-preview":"max-video-preview:-1"},"canonical":"https:\/\/www.campogrande.ms.gov.br\/cgnoticias\/noticia\/praca-ary-coelho-virou-ponto-central-da-vacinacao-no-dia-d-na-capital\/","og_locale":"pt_BR","og_type":"article","og_title":"Pra\u00e7a Ary Coelho virou ponto central da vacina\u00e7\u00e3o no Dia D na capital \u2013 CGNot\u00edcias","og_description":"No \u00faltimo s\u00e1bado (25), moradores de Campo Grande aproveitaram o dia de folga para cuidar da sa\u00fade. A mobiliza\u00e7\u00e3o ocorreu em v\u00e1rias regi\u00f5es da cidade, com o Dia D da Campanha contra a Influenza e, ao mesmo tempo, o \u201cMutir\u00e3o Todos em A\u00e7\u00e3o\u201d, no Jardim Anache, oferecendo vacina\u00e7\u00e3o, atendimentos e servi\u00e7os gratuitos. Na regi\u00e3o central, &hellip;","og_url":"https:\/\/www.campogrande.ms.gov.br\/cgnoticias\/noticia\/praca-ary-coelho-virou-ponto-central-da-vacinacao-no-dia-d-na-capital\/","og_site_name":"MRNews","article_publisher":"https:\/\/www.facebook.com\/eaipahpah\/?locale2=pt_BR","article_published_time":"2026-04-26T21:08:01+00:00","author":"MR News","twitter_card":"summary_large_image","twitter_creator":"@conspirou","twitter_site":"@conspirou","twitter_misc":{"Escrito por":"MR News","Est. tempo de leitura":"3 minutos"},"schema":{"@context":"https:\/\/schema.org","@graph":[{"@type":"Article","@id":"https:\/\/www.campogrande.ms.gov.br\/cgnoticias\/noticia\/praca-ary-coelho-virou-ponto-central-da-vacinacao-no-dia-d-na-capital\/#article","isPartOf":{"@id":"https:\/\/mrnews.com.br\/index.php\/2026\/04\/26\/praca-ary-coelho-virou-ponto-central-da-vacinacao-no-dia-d-na-capital-cgnoticias\/"},"author":{"name":"MR News","@id":"https:\/\/mrnews.com.br\/#\/schema\/person\/be3203154562a9f207407861cef7827b"},"headline":"Pra\u00e7a Ary Coelho virou ponto central da vacina\u00e7\u00e3o no Dia D na capital \u2013 CGNot\u00edcias","datePublished":"2026-04-26T21:08:01+00:00","mainEntityOfPage":{"@id":"https:\/\/mrnews.com.br\/index.php\/2026\/04\/26\/praca-ary-coelho-virou-ponto-central-da-vacinacao-no-dia-d-na-capital-cgnoticias\/"},"wordCount":541,"commentCount":0,"publisher":{"@id":"https:\/\/mrnews.com.br\/#organization"},"articleSection":["Mato Grosso do Sul"],"inLanguage":"pt-BR","potentialAction":[{"@type":"CommentAction","name":"Comment","target":["https:\/\/www.campogrande.ms.gov.br\/cgnoticias\/noticia\/praca-ary-coelho-virou-ponto-central-da-vacinacao-no-dia-d-na-capital\/#respond"]}]},{"@type":"WebPage","@id":"https:\/\/mrnews.com.br\/index.php\/2026\/04\/26\/praca-ary-coelho-virou-ponto-central-da-vacinacao-no-dia-d-na-capital-cgnoticias\/","url":"https:\/\/www.campogrande.ms.gov.br\/cgnoticias\/noticia\/praca-ary-coelho-virou-ponto-central-da-vacinacao-no-dia-d-na-capital\/","name":"Pra\u00e7a Ary Coelho virou ponto central da vacina\u00e7\u00e3o no Dia D na capital \u2013 CGNot\u00edcias","isPartOf":{"@id":"https:\/\/mrnews.com.br\/#website"},"datePublished":"2026-04-26T21:08:01+00:00","breadcrumb":{"@id":"https:\/\/www.campogrande.ms.gov.br\/cgnoticias\/noticia\/praca-ary-coelho-virou-ponto-central-da-vacinacao-no-dia-d-na-capital\/#breadcrumb"},"inLanguage":"pt-BR","potentialAction":[{"@type":"ReadAction","target":["https:\/\/www.campogrande.ms.gov.br\/cgnoticias\/noticia\/praca-ary-coelho-virou-ponto-central-da-vacinacao-no-dia-d-na-capital\/"]}]},{"@type":"BreadcrumbList","@id":"https:\/\/www.campogrande.ms.gov.br\/cgnoticias\/noticia\/praca-ary-coelho-virou-ponto-central-da-vacinacao-no-dia-d-na-capital\/#breadcrumb","itemListElement":[{"@type":"ListItem","position":1,"name":"In\u00edcio","item":"https:\/\/mrnews.com.br\/"},{"@type":"ListItem","position":2,"name":"Pra\u00e7a Ary Coelho virou ponto central da vacina\u00e7\u00e3o no Dia D na capital \u2013 CGNot\u00edcias"}]},{"@type":"WebSite","@id":"https:\/\/mrnews.com.br\/#website","url":"https:\/\/mrnews.com.br\/","name":"MRNews","description":"MRNews Jogos de hoje da TV, transmiss\u00f5es ao vivo, Not\u00edcias de futebol, Jogos ao vivo, Lives, resumo de novelas, Programa\u00e7\u00e3o da Globo, A Fazenda e BBB","publisher":{"@id":"https:\/\/mrnews.com.br\/#organization"},"potentialAction":[{"@type":"SearchAction","target":{"@type":"EntryPoint","urlTemplate":"https:\/\/mrnews.com.br\/?s={search_term_string}"},"query-input":{"@type":"PropertyValueSpecification","valueRequired":true,"valueName":"search_term_string"}}],"inLanguage":"pt-BR"},{"@type":"Organization","@id":"https:\/\/mrnews.com.br\/#organization","name":"MRNews","url":"https:\/\/mrnews.com.br\/","logo":{"@type":"ImageObject","inLanguage":"pt-BR","@id":"https:\/\/mrnews.com.br\/#\/schema\/logo\/image\/","url":"https:\/\/mrnews.com.br\/wp-content\/uploads\/2019\/06\/MRNewslogo2.png","contentUrl":"https:\/\/mrnews.com.br\/wp-content\/uploads\/2019\/06\/MRNewslogo2.png","width":223,"height":58,"caption":"MRNews"},"image":{"@id":"https:\/\/mrnews.com.br\/#\/schema\/logo\/image\/"},"sameAs":["https:\/\/www.facebook.com\/eaipahpah\/?locale2=pt_BR","https:\/\/x.com\/conspirou","https:\/\/www.instagram.com\/eai_pahpah","https:\/\/br.pinterest.com\/mrnewsn\/boards\/","https:\/\/www.youtube.com\/channel\/UCacgnpznQ61fifLWr1tQ-vA?view_as=subscriber"]},{"@type":"Person","@id":"https:\/\/mrnews.com.br\/#\/schema\/person\/be3203154562a9f207407861cef7827b","name":"MR News","image":{"@type":"ImageObject","inLanguage":"pt-BR","@id":"https:\/\/secure.gravatar.com\/avatar\/04084e6d73c042b8646e7c17b494073bf0ede3ea13c7105cfc45cbbbc28385a4?s=96&d=monsterid&r=g","url":"https:\/\/secure.gravatar.com\/avatar\/04084e6d73c042b8646e7c17b494073bf0ede3ea13c7105cfc45cbbbc28385a4?s=96&d=monsterid&r=g","contentUrl":"https:\/\/secure.gravatar.com\/avatar\/04084e6d73c042b8646e7c17b494073bf0ede3ea13c7105cfc45cbbbc28385a4?s=96&d=monsterid&r=g","caption":"MR News"},"description":"Especializado em jornalismo colaborativo pela FTP em n\u00edvel de p\u00f3s-gradua\u00e7\u00e3o. suporte@oimeliga.combr","sameAs":["HUGO R.","Admin"],"url":"https:\/\/mrnews.com.br\/index.php\/author\/admin\/"}]}},"jetpack_featured_media_url":"","jetpack_sharing_enabled":true,"jetpack_shortlink":"https:\/\/wp.me\/pa2Qf7-1VDT","amp_enabled":true,"_links":{"self":[{"href":"https:\/\/mrnews.com.br\/index.php\/wp-json\/wp\/v2\/posts\/459909","targetHints":{"allow":["GET"]}}],"collection":[{"href":"https:\/\/mrnews.com.br\/index.php\/wp-json\/wp\/v2\/posts"}],"about":[{"href":"https:\/\/mrnews.com.br\/index.php\/wp-json\/wp\/v2\/types\/post"}],"author":[{"embeddable":true,"href":"https:\/\/mrnews.com.br\/index.php\/wp-json\/wp\/v2\/users\/1"}],"replies":[{"embeddable":true,"href":"https:\/\/mrnews.com.br\/index.php\/wp-json\/wp\/v2\/comments?post=459909"}],"version-history":[{"count":0,"href":"https:\/\/mrnews.com.br\/index.php\/wp-json\/wp\/v2\/posts\/459909\/revisions"}],"wp:attachment":[{"href":"https:\/\/mrnews.com.br\/index.php\/wp-json\/wp\/v2\/media?parent=459909"}],"wp:term":[{"taxonomy":"category","embeddable":true,"href":"https:\/\/mrnews.com.br\/index.php\/wp-json\/wp\/v2\/categories?post=459909"},{"taxonomy":"post_tag","embeddable":true,"href":"https:\/\/mrnews.com.br\/index.php\/wp-json\/wp\/v2\/tags?post=459909"}],"curies":[{"name":"wp","href":"https:\/\/api.w.org\/{rel}","templated":true}]}}