{"id":459921,"date":"2026-04-26T21:50:11","date_gmt":"2026-04-27T00:50:11","guid":{"rendered":"https:\/\/mrnews.com.br\/?p=459921"},"modified":"2026-04-26T21:50:11","modified_gmt":"2026-04-27T00:50:11","slug":"justica-concede-medidas-protetivas-a-natalia-guimaraes-e-leandro-do-klb","status":"publish","type":"post","link":"https:\/\/mrnews.com.br\/index.php\/2026\/04\/26\/justica-concede-medidas-protetivas-a-natalia-guimaraes-e-leandro-do-klb\/","title":{"rendered":"Justi\u00e7a concede medidas protetivas a Nat\u00e1lia Guimar\u00e3es e Leandro, do KLB"},"content":{"rendered":"<p><strong>Justi\u00e7a concede medidas protetivas a Nat\u00e1lia Guimar\u00e3es e Leandro, do KLB, ap\u00f3s den\u00fancias de persegui\u00e7\u00e3o<\/strong><\/p>\n<p>A Justi\u00e7a de S\u00e3o Paulo determinou medidas protetivas em favor de Nat\u00e1lia Guimar\u00e3es e Leandro Scornavacca ap\u00f3s o casal relatar meses de amea\u00e7as, persegui\u00e7\u00f5es e ofensas praticadas por uma mulher que se apresentava como f\u00e3 do cantor. A decis\u00e3o busca garantir a seguran\u00e7a da fam\u00edlia diante da gravidade dos relatos apresentados no processo.<\/p>\n<p>Segundo informa\u00e7\u00f5es divulgadas, a mulher identificada como Davilyn Leite Catello teria perseguido o casal em diferentes ocasi\u00f5es, inclusive registrando fotos e v\u00eddeos em locais p\u00fablicos frequentados por eles. Um dos ambientes mencionados foi a academia utilizada pela fam\u00edlia, onde a investigada teria monitorado a rotina dos dois.<\/p>\n<p>Al\u00e9m da persegui\u00e7\u00e3o presencial, tamb\u00e9m foram relatadas mensagens amea\u00e7adoras enviadas ao casal. Entre os conte\u00fados citados estariam frases intimidat\u00f3rias e amea\u00e7as diretas, o que aumentou o temor de Nat\u00e1lia e Leandro. Em um dos epis\u00f3dios descritos, a mulher teria cercado o carro da fam\u00edlia com o pr\u00f3prio ve\u00edculo, causando p\u00e2nico no casal e nas filhas menores.<\/p>\n<h3>Ofensas nas redes sociais agravaram situa\u00e7\u00e3o<\/h3>\n<p>As redes sociais tamb\u00e9m teriam sido usadas para ataques constantes contra Nat\u00e1lia Guimar\u00e3es. De acordo com o processo, a apresentadora foi alvo de xingamentos e acusa\u00e7\u00f5es ofensivas. O comportamento obsessivo e repetitivo levou o casal a buscar amparo judicial para preservar a integridade f\u00edsica e emocional da fam\u00edlia.<\/p>\n<p>Casos como esse t\u00eam chamado aten\u00e7\u00e3o por envolverem persegui\u00e7\u00e3o persistente, situa\u00e7\u00e3o que pode causar forte desgaste psicol\u00f3gico \u00e0s v\u00edtimas. Especialistas apontam que amea\u00e7as cont\u00ednuas e invas\u00f5es de privacidade costumam gerar medo constante e alterar a rotina de quem sofre esse tipo de conduta.<\/p>\n<h3>Medidas impostas pela Justi\u00e7a<\/h3>\n<p>Na decis\u00e3o, o juiz determinou que a investigada mantenha dist\u00e2ncia m\u00ednima de 300 metros da fam\u00edlia e proibiu qualquer forma de contato, seja presencial, telef\u00f4nico ou por meios digitais. O descumprimento pode resultar em pris\u00e3o.<\/p>\n<p>O Minist\u00e9rio P\u00fablico tamb\u00e9m teria se manifestado favoravelmente \u00e0s medidas, reconhecendo ind\u00edcios de risco \u00e0 seguran\u00e7a do casal. A expectativa agora \u00e9 que a decis\u00e3o traga mais tranquilidade a Nat\u00e1lia Guimar\u00e3es e Leandro, que vinham convivendo com receio de novos epis\u00f3dios.<\/p>\n<h3>Fam\u00edlia busca retomar rotina<\/h3>\n<p>Com a prote\u00e7\u00e3o judicial concedida, o casal tenta retomar a normalidade ap\u00f3s meses marcados por tens\u00e3o e inseguran\u00e7a. Nat\u00e1lia e Leandro s\u00e3o pais de duas filhas e sempre compartilharam momentos familiares nas redes sociais, motivo pelo qual o caso gerou grande repercuss\u00e3o entre f\u00e3s e seguidores.<\/p>\n<p><strong>Tags:<\/strong> Nat\u00e1lia Guimar\u00e3es, Leandro KLB, medidas protetivas, persegui\u00e7\u00e3o, celebridades, Justi\u00e7a de S\u00e3o Paulo<\/p>\n","protected":false},"excerpt":{"rendered":"<p>Justi\u00e7a concede medidas protetivas a Nat\u00e1lia Guimar\u00e3es e Leandro, do KLB, ap\u00f3s den\u00fancias de persegui\u00e7\u00e3o A Justi\u00e7a de S\u00e3o Paulo determinou medidas protetivas em favor de Nat\u00e1lia Guimar\u00e3es e Leandro Scornavacca ap\u00f3s o casal relatar meses de amea\u00e7as, persegui\u00e7\u00f5es e ofensas praticadas por uma mulher que se apresentava como f\u00e3 do cantor. A decis\u00e3o busca &hellip;<\/p>\n","protected":false},"author":1,"featured_media":459922,"comment_status":"open","ping_status":"open","sticky":false,"template":"","format":"standard","meta":{"_jetpack_memberships_contains_paid_content":false,"footnotes":""},"categories":[2],"tags":[],"class_list":["post-459921","post","type-post","status-publish","format-standard","has-post-thumbnail","hentry","category-entretenimento"],"yoast_head":"<!-- This site is optimized with the Yoast SEO plugin v27.4 - https:\/\/yoast.com\/product\/yoast-seo-wordpress\/ -->\n<title>Justi\u00e7a concede medidas protetivas a Nat\u00e1lia Guimar\u00e3es e Leandro, do KLB<\/title>\n<meta name=\"robots\" content=\"index, follow, max-snippet:-1, max-image-preview:large, max-video-preview:-1\" \/>\n<link rel=\"canonical\" href=\"https:\/\/mrnews.com.br\/index.php\/2026\/04\/26\/justica-concede-medidas-protetivas-a-natalia-guimaraes-e-leandro-do-klb\/\" \/>\n<meta property=\"og:locale\" content=\"pt_BR\" \/>\n<meta property=\"og:type\" content=\"article\" \/>\n<meta property=\"og:title\" content=\"Justi\u00e7a concede medidas protetivas a Nat\u00e1lia Guimar\u00e3es e Leandro, do KLB\" \/>\n<meta property=\"og:description\" content=\"Justi\u00e7a concede medidas protetivas a Nat\u00e1lia Guimar\u00e3es e Leandro, do KLB, ap\u00f3s den\u00fancias de persegui\u00e7\u00e3o A Justi\u00e7a de S\u00e3o Paulo determinou medidas protetivas em favor de Nat\u00e1lia Guimar\u00e3es e Leandro Scornavacca ap\u00f3s o casal relatar meses de amea\u00e7as, persegui\u00e7\u00f5es e ofensas praticadas por uma mulher que se apresentava como f\u00e3 do cantor. A decis\u00e3o busca &hellip;\" \/>\n<meta property=\"og:url\" content=\"https:\/\/mrnews.com.br\/index.php\/2026\/04\/26\/justica-concede-medidas-protetivas-a-natalia-guimaraes-e-leandro-do-klb\/\" \/>\n<meta property=\"og:site_name\" content=\"MRNews\" \/>\n<meta property=\"article:publisher\" content=\"https:\/\/www.facebook.com\/eaipahpah\/?locale2=pt_BR\" \/>\n<meta property=\"article:published_time\" content=\"2026-04-27T00:50:11+00:00\" \/>\n<meta property=\"og:image\" content=\"https:\/\/mrnews.com.br\/wp-content\/uploads\/2026\/04\/FB_IMG_1777250878369.jpg\" \/>\n\t<meta property=\"og:image:width\" content=\"1080\" \/>\n\t<meta property=\"og:image:height\" content=\"1350\" \/>\n\t<meta property=\"og:image:type\" content=\"image\/jpeg\" \/>\n<meta name=\"author\" content=\"MR News\" \/>\n<meta name=\"twitter:card\" content=\"summary_large_image\" \/>\n<meta name=\"twitter:creator\" content=\"@conspirou\" \/>\n<meta name=\"twitter:site\" content=\"@conspirou\" \/>\n<meta name=\"twitter:label1\" content=\"Escrito por\" \/>\n\t<meta name=\"twitter:data1\" content=\"MR News\" \/>\n\t<meta name=\"twitter:label2\" content=\"Est. tempo de leitura\" \/>\n\t<meta name=\"twitter:data2\" content=\"3 minutos\" \/>\n<script type=\"application\/ld+json\" class=\"yoast-schema-graph\">{\"@context\":\"https:\\\/\\\/schema.org\",\"@graph\":[{\"@type\":\"Article\",\"@id\":\"https:\\\/\\\/mrnews.com.br\\\/index.php\\\/2026\\\/04\\\/26\\\/justica-concede-medidas-protetivas-a-natalia-guimaraes-e-leandro-do-klb\\\/#article\",\"isPartOf\":{\"@id\":\"https:\\\/\\\/mrnews.com.br\\\/index.php\\\/2026\\\/04\\\/26\\\/justica-concede-medidas-protetivas-a-natalia-guimaraes-e-leandro-do-klb\\\/\"},\"author\":{\"name\":\"MR News\",\"@id\":\"https:\\\/\\\/mrnews.com.br\\\/#\\\/schema\\\/person\\\/be3203154562a9f207407861cef7827b\"},\"headline\":\"Justi\u00e7a concede medidas protetivas a Nat\u00e1lia Guimar\u00e3es e Leandro, do KLB\",\"datePublished\":\"2026-04-27T00:50:11+00:00\",\"mainEntityOfPage\":{\"@id\":\"https:\\\/\\\/mrnews.com.br\\\/index.php\\\/2026\\\/04\\\/26\\\/justica-concede-medidas-protetivas-a-natalia-guimaraes-e-leandro-do-klb\\\/\"},\"wordCount\":502,\"commentCount\":0,\"publisher\":{\"@id\":\"https:\\\/\\\/mrnews.com.br\\\/#organization\"},\"image\":{\"@id\":\"https:\\\/\\\/mrnews.com.br\\\/index.php\\\/2026\\\/04\\\/26\\\/justica-concede-medidas-protetivas-a-natalia-guimaraes-e-leandro-do-klb\\\/#primaryimage\"},\"thumbnailUrl\":\"https:\\\/\\\/mrnews.com.br\\\/wp-content\\\/uploads\\\/2026\\\/04\\\/FB_IMG_1777250878369.jpg\",\"articleSection\":[\"ENTRETENIMENTO\"],\"inLanguage\":\"pt-BR\",\"potentialAction\":[{\"@type\":\"CommentAction\",\"name\":\"Comment\",\"target\":[\"https:\\\/\\\/mrnews.com.br\\\/index.php\\\/2026\\\/04\\\/26\\\/justica-concede-medidas-protetivas-a-natalia-guimaraes-e-leandro-do-klb\\\/#respond\"]}]},{\"@type\":\"WebPage\",\"@id\":\"https:\\\/\\\/mrnews.com.br\\\/index.php\\\/2026\\\/04\\\/26\\\/justica-concede-medidas-protetivas-a-natalia-guimaraes-e-leandro-do-klb\\\/\",\"url\":\"https:\\\/\\\/mrnews.com.br\\\/index.php\\\/2026\\\/04\\\/26\\\/justica-concede-medidas-protetivas-a-natalia-guimaraes-e-leandro-do-klb\\\/\",\"name\":\"Justi\u00e7a concede medidas protetivas a Nat\u00e1lia Guimar\u00e3es e Leandro, do KLB\",\"isPartOf\":{\"@id\":\"https:\\\/\\\/mrnews.com.br\\\/#website\"},\"primaryImageOfPage\":{\"@id\":\"https:\\\/\\\/mrnews.com.br\\\/index.php\\\/2026\\\/04\\\/26\\\/justica-concede-medidas-protetivas-a-natalia-guimaraes-e-leandro-do-klb\\\/#primaryimage\"},\"image\":{\"@id\":\"https:\\\/\\\/mrnews.com.br\\\/index.php\\\/2026\\\/04\\\/26\\\/justica-concede-medidas-protetivas-a-natalia-guimaraes-e-leandro-do-klb\\\/#primaryimage\"},\"thumbnailUrl\":\"https:\\\/\\\/mrnews.com.br\\\/wp-content\\\/uploads\\\/2026\\\/04\\\/FB_IMG_1777250878369.jpg\",\"datePublished\":\"2026-04-27T00:50:11+00:00\",\"breadcrumb\":{\"@id\":\"https:\\\/\\\/mrnews.com.br\\\/index.php\\\/2026\\\/04\\\/26\\\/justica-concede-medidas-protetivas-a-natalia-guimaraes-e-leandro-do-klb\\\/#breadcrumb\"},\"inLanguage\":\"pt-BR\",\"potentialAction\":[{\"@type\":\"ReadAction\",\"target\":[\"https:\\\/\\\/mrnews.com.br\\\/index.php\\\/2026\\\/04\\\/26\\\/justica-concede-medidas-protetivas-a-natalia-guimaraes-e-leandro-do-klb\\\/\"]}]},{\"@type\":\"ImageObject\",\"inLanguage\":\"pt-BR\",\"@id\":\"https:\\\/\\\/mrnews.com.br\\\/index.php\\\/2026\\\/04\\\/26\\\/justica-concede-medidas-protetivas-a-natalia-guimaraes-e-leandro-do-klb\\\/#primaryimage\",\"url\":\"https:\\\/\\\/mrnews.com.br\\\/wp-content\\\/uploads\\\/2026\\\/04\\\/FB_IMG_1777250878369.jpg\",\"contentUrl\":\"https:\\\/\\\/mrnews.com.br\\\/wp-content\\\/uploads\\\/2026\\\/04\\\/FB_IMG_1777250878369.jpg\",\"width\":1080,\"height\":1350},{\"@type\":\"BreadcrumbList\",\"@id\":\"https:\\\/\\\/mrnews.com.br\\\/index.php\\\/2026\\\/04\\\/26\\\/justica-concede-medidas-protetivas-a-natalia-guimaraes-e-leandro-do-klb\\\/#breadcrumb\",\"itemListElement\":[{\"@type\":\"ListItem\",\"position\":1,\"name\":\"In\u00edcio\",\"item\":\"https:\\\/\\\/mrnews.com.br\\\/\"},{\"@type\":\"ListItem\",\"position\":2,\"name\":\"Justi\u00e7a concede medidas protetivas a Nat\u00e1lia Guimar\u00e3es e Leandro, do KLB\"}]},{\"@type\":\"WebSite\",\"@id\":\"https:\\\/\\\/mrnews.com.br\\\/#website\",\"url\":\"https:\\\/\\\/mrnews.com.br\\\/\",\"name\":\"MRNews\",\"description\":\"MRNews Jogos de hoje da TV, transmiss\u00f5es ao vivo, Not\u00edcias de futebol, Jogos ao vivo, Lives, resumo de novelas, Programa\u00e7\u00e3o da Globo, A Fazenda e BBB\",\"publisher\":{\"@id\":\"https:\\\/\\\/mrnews.com.br\\\/#organization\"},\"potentialAction\":[{\"@type\":\"SearchAction\",\"target\":{\"@type\":\"EntryPoint\",\"urlTemplate\":\"https:\\\/\\\/mrnews.com.br\\\/?s={search_term_string}\"},\"query-input\":{\"@type\":\"PropertyValueSpecification\",\"valueRequired\":true,\"valueName\":\"search_term_string\"}}],\"inLanguage\":\"pt-BR\"},{\"@type\":\"Organization\",\"@id\":\"https:\\\/\\\/mrnews.com.br\\\/#organization\",\"name\":\"MRNews\",\"url\":\"https:\\\/\\\/mrnews.com.br\\\/\",\"logo\":{\"@type\":\"ImageObject\",\"inLanguage\":\"pt-BR\",\"@id\":\"https:\\\/\\\/mrnews.com.br\\\/#\\\/schema\\\/logo\\\/image\\\/\",\"url\":\"https:\\\/\\\/mrnews.com.br\\\/wp-content\\\/uploads\\\/2019\\\/06\\\/MRNewslogo2.png\",\"contentUrl\":\"https:\\\/\\\/mrnews.com.br\\\/wp-content\\\/uploads\\\/2019\\\/06\\\/MRNewslogo2.png\",\"width\":223,\"height\":58,\"caption\":\"MRNews\"},\"image\":{\"@id\":\"https:\\\/\\\/mrnews.com.br\\\/#\\\/schema\\\/logo\\\/image\\\/\"},\"sameAs\":[\"https:\\\/\\\/www.facebook.com\\\/eaipahpah\\\/?locale2=pt_BR\",\"https:\\\/\\\/x.com\\\/conspirou\",\"https:\\\/\\\/www.instagram.com\\\/eai_pahpah\",\"https:\\\/\\\/br.pinterest.com\\\/mrnewsn\\\/boards\\\/\",\"https:\\\/\\\/www.youtube.com\\\/channel\\\/UCacgnpznQ61fifLWr1tQ-vA?view_as=subscriber\"]},{\"@type\":\"Person\",\"@id\":\"https:\\\/\\\/mrnews.com.br\\\/#\\\/schema\\\/person\\\/be3203154562a9f207407861cef7827b\",\"name\":\"MR News\",\"image\":{\"@type\":\"ImageObject\",\"inLanguage\":\"pt-BR\",\"@id\":\"https:\\\/\\\/secure.gravatar.com\\\/avatar\\\/04084e6d73c042b8646e7c17b494073bf0ede3ea13c7105cfc45cbbbc28385a4?s=96&d=monsterid&r=g\",\"url\":\"https:\\\/\\\/secure.gravatar.com\\\/avatar\\\/04084e6d73c042b8646e7c17b494073bf0ede3ea13c7105cfc45cbbbc28385a4?s=96&d=monsterid&r=g\",\"contentUrl\":\"https:\\\/\\\/secure.gravatar.com\\\/avatar\\\/04084e6d73c042b8646e7c17b494073bf0ede3ea13c7105cfc45cbbbc28385a4?s=96&d=monsterid&r=g\",\"caption\":\"MR News\"},\"description\":\"Especializado em jornalismo colaborativo pela FTP em n\u00edvel de p\u00f3s-gradua\u00e7\u00e3o. suporte@oimeliga.combr\",\"sameAs\":[\"HUGO R.\",\"Admin\"],\"url\":\"https:\\\/\\\/mrnews.com.br\\\/index.php\\\/author\\\/admin\\\/\"}]}<\/script>\n<!-- \/ Yoast SEO plugin. -->","yoast_head_json":{"title":"Justi\u00e7a concede medidas protetivas a Nat\u00e1lia Guimar\u00e3es e Leandro, do KLB","robots":{"index":"index","follow":"follow","max-snippet":"max-snippet:-1","max-image-preview":"max-image-preview:large","max-video-preview":"max-video-preview:-1"},"canonical":"https:\/\/mrnews.com.br\/index.php\/2026\/04\/26\/justica-concede-medidas-protetivas-a-natalia-guimaraes-e-leandro-do-klb\/","og_locale":"pt_BR","og_type":"article","og_title":"Justi\u00e7a concede medidas protetivas a Nat\u00e1lia Guimar\u00e3es e Leandro, do KLB","og_description":"Justi\u00e7a concede medidas protetivas a Nat\u00e1lia Guimar\u00e3es e Leandro, do KLB, ap\u00f3s den\u00fancias de persegui\u00e7\u00e3o A Justi\u00e7a de S\u00e3o Paulo determinou medidas protetivas em favor de Nat\u00e1lia Guimar\u00e3es e Leandro Scornavacca ap\u00f3s o casal relatar meses de amea\u00e7as, persegui\u00e7\u00f5es e ofensas praticadas por uma mulher que se apresentava como f\u00e3 do cantor. A decis\u00e3o busca &hellip;","og_url":"https:\/\/mrnews.com.br\/index.php\/2026\/04\/26\/justica-concede-medidas-protetivas-a-natalia-guimaraes-e-leandro-do-klb\/","og_site_name":"MRNews","article_publisher":"https:\/\/www.facebook.com\/eaipahpah\/?locale2=pt_BR","article_published_time":"2026-04-27T00:50:11+00:00","og_image":[{"width":1080,"height":1350,"url":"https:\/\/mrnews.com.br\/wp-content\/uploads\/2026\/04\/FB_IMG_1777250878369.jpg","type":"image\/jpeg"}],"author":"MR News","twitter_card":"summary_large_image","twitter_creator":"@conspirou","twitter_site":"@conspirou","twitter_misc":{"Escrito por":"MR News","Est. tempo de leitura":"3 minutos"},"schema":{"@context":"https:\/\/schema.org","@graph":[{"@type":"Article","@id":"https:\/\/mrnews.com.br\/index.php\/2026\/04\/26\/justica-concede-medidas-protetivas-a-natalia-guimaraes-e-leandro-do-klb\/#article","isPartOf":{"@id":"https:\/\/mrnews.com.br\/index.php\/2026\/04\/26\/justica-concede-medidas-protetivas-a-natalia-guimaraes-e-leandro-do-klb\/"},"author":{"name":"MR News","@id":"https:\/\/mrnews.com.br\/#\/schema\/person\/be3203154562a9f207407861cef7827b"},"headline":"Justi\u00e7a concede medidas protetivas a Nat\u00e1lia Guimar\u00e3es e Leandro, do KLB","datePublished":"2026-04-27T00:50:11+00:00","mainEntityOfPage":{"@id":"https:\/\/mrnews.com.br\/index.php\/2026\/04\/26\/justica-concede-medidas-protetivas-a-natalia-guimaraes-e-leandro-do-klb\/"},"wordCount":502,"commentCount":0,"publisher":{"@id":"https:\/\/mrnews.com.br\/#organization"},"image":{"@id":"https:\/\/mrnews.com.br\/index.php\/2026\/04\/26\/justica-concede-medidas-protetivas-a-natalia-guimaraes-e-leandro-do-klb\/#primaryimage"},"thumbnailUrl":"https:\/\/mrnews.com.br\/wp-content\/uploads\/2026\/04\/FB_IMG_1777250878369.jpg","articleSection":["ENTRETENIMENTO"],"inLanguage":"pt-BR","potentialAction":[{"@type":"CommentAction","name":"Comment","target":["https:\/\/mrnews.com.br\/index.php\/2026\/04\/26\/justica-concede-medidas-protetivas-a-natalia-guimaraes-e-leandro-do-klb\/#respond"]}]},{"@type":"WebPage","@id":"https:\/\/mrnews.com.br\/index.php\/2026\/04\/26\/justica-concede-medidas-protetivas-a-natalia-guimaraes-e-leandro-do-klb\/","url":"https:\/\/mrnews.com.br\/index.php\/2026\/04\/26\/justica-concede-medidas-protetivas-a-natalia-guimaraes-e-leandro-do-klb\/","name":"Justi\u00e7a concede medidas protetivas a Nat\u00e1lia Guimar\u00e3es e Leandro, do KLB","isPartOf":{"@id":"https:\/\/mrnews.com.br\/#website"},"primaryImageOfPage":{"@id":"https:\/\/mrnews.com.br\/index.php\/2026\/04\/26\/justica-concede-medidas-protetivas-a-natalia-guimaraes-e-leandro-do-klb\/#primaryimage"},"image":{"@id":"https:\/\/mrnews.com.br\/index.php\/2026\/04\/26\/justica-concede-medidas-protetivas-a-natalia-guimaraes-e-leandro-do-klb\/#primaryimage"},"thumbnailUrl":"https:\/\/mrnews.com.br\/wp-content\/uploads\/2026\/04\/FB_IMG_1777250878369.jpg","datePublished":"2026-04-27T00:50:11+00:00","breadcrumb":{"@id":"https:\/\/mrnews.com.br\/index.php\/2026\/04\/26\/justica-concede-medidas-protetivas-a-natalia-guimaraes-e-leandro-do-klb\/#breadcrumb"},"inLanguage":"pt-BR","potentialAction":[{"@type":"ReadAction","target":["https:\/\/mrnews.com.br\/index.php\/2026\/04\/26\/justica-concede-medidas-protetivas-a-natalia-guimaraes-e-leandro-do-klb\/"]}]},{"@type":"ImageObject","inLanguage":"pt-BR","@id":"https:\/\/mrnews.com.br\/index.php\/2026\/04\/26\/justica-concede-medidas-protetivas-a-natalia-guimaraes-e-leandro-do-klb\/#primaryimage","url":"https:\/\/mrnews.com.br\/wp-content\/uploads\/2026\/04\/FB_IMG_1777250878369.jpg","contentUrl":"https:\/\/mrnews.com.br\/wp-content\/uploads\/2026\/04\/FB_IMG_1777250878369.jpg","width":1080,"height":1350},{"@type":"BreadcrumbList","@id":"https:\/\/mrnews.com.br\/index.php\/2026\/04\/26\/justica-concede-medidas-protetivas-a-natalia-guimaraes-e-leandro-do-klb\/#breadcrumb","itemListElement":[{"@type":"ListItem","position":1,"name":"In\u00edcio","item":"https:\/\/mrnews.com.br\/"},{"@type":"ListItem","position":2,"name":"Justi\u00e7a concede medidas protetivas a Nat\u00e1lia Guimar\u00e3es e Leandro, do KLB"}]},{"@type":"WebSite","@id":"https:\/\/mrnews.com.br\/#website","url":"https:\/\/mrnews.com.br\/","name":"MRNews","description":"MRNews Jogos de hoje da TV, transmiss\u00f5es ao vivo, Not\u00edcias de futebol, Jogos ao vivo, Lives, resumo de novelas, Programa\u00e7\u00e3o da Globo, A Fazenda e BBB","publisher":{"@id":"https:\/\/mrnews.com.br\/#organization"},"potentialAction":[{"@type":"SearchAction","target":{"@type":"EntryPoint","urlTemplate":"https:\/\/mrnews.com.br\/?s={search_term_string}"},"query-input":{"@type":"PropertyValueSpecification","valueRequired":true,"valueName":"search_term_string"}}],"inLanguage":"pt-BR"},{"@type":"Organization","@id":"https:\/\/mrnews.com.br\/#organization","name":"MRNews","url":"https:\/\/mrnews.com.br\/","logo":{"@type":"ImageObject","inLanguage":"pt-BR","@id":"https:\/\/mrnews.com.br\/#\/schema\/logo\/image\/","url":"https:\/\/mrnews.com.br\/wp-content\/uploads\/2019\/06\/MRNewslogo2.png","contentUrl":"https:\/\/mrnews.com.br\/wp-content\/uploads\/2019\/06\/MRNewslogo2.png","width":223,"height":58,"caption":"MRNews"},"image":{"@id":"https:\/\/mrnews.com.br\/#\/schema\/logo\/image\/"},"sameAs":["https:\/\/www.facebook.com\/eaipahpah\/?locale2=pt_BR","https:\/\/x.com\/conspirou","https:\/\/www.instagram.com\/eai_pahpah","https:\/\/br.pinterest.com\/mrnewsn\/boards\/","https:\/\/www.youtube.com\/channel\/UCacgnpznQ61fifLWr1tQ-vA?view_as=subscriber"]},{"@type":"Person","@id":"https:\/\/mrnews.com.br\/#\/schema\/person\/be3203154562a9f207407861cef7827b","name":"MR News","image":{"@type":"ImageObject","inLanguage":"pt-BR","@id":"https:\/\/secure.gravatar.com\/avatar\/04084e6d73c042b8646e7c17b494073bf0ede3ea13c7105cfc45cbbbc28385a4?s=96&d=monsterid&r=g","url":"https:\/\/secure.gravatar.com\/avatar\/04084e6d73c042b8646e7c17b494073bf0ede3ea13c7105cfc45cbbbc28385a4?s=96&d=monsterid&r=g","contentUrl":"https:\/\/secure.gravatar.com\/avatar\/04084e6d73c042b8646e7c17b494073bf0ede3ea13c7105cfc45cbbbc28385a4?s=96&d=monsterid&r=g","caption":"MR News"},"description":"Especializado em jornalismo colaborativo pela FTP em n\u00edvel de p\u00f3s-gradua\u00e7\u00e3o. suporte@oimeliga.combr","sameAs":["HUGO R.","Admin"],"url":"https:\/\/mrnews.com.br\/index.php\/author\/admin\/"}]}},"jetpack_featured_media_url":"https:\/\/mrnews.com.br\/wp-content\/uploads\/2026\/04\/FB_IMG_1777250878369.jpg","jetpack_sharing_enabled":true,"jetpack_shortlink":"https:\/\/wp.me\/pa2Qf7-1VE5","amp_enabled":true,"_links":{"self":[{"href":"https:\/\/mrnews.com.br\/index.php\/wp-json\/wp\/v2\/posts\/459921","targetHints":{"allow":["GET"]}}],"collection":[{"href":"https:\/\/mrnews.com.br\/index.php\/wp-json\/wp\/v2\/posts"}],"about":[{"href":"https:\/\/mrnews.com.br\/index.php\/wp-json\/wp\/v2\/types\/post"}],"author":[{"embeddable":true,"href":"https:\/\/mrnews.com.br\/index.php\/wp-json\/wp\/v2\/users\/1"}],"replies":[{"embeddable":true,"href":"https:\/\/mrnews.com.br\/index.php\/wp-json\/wp\/v2\/comments?post=459921"}],"version-history":[{"count":1,"href":"https:\/\/mrnews.com.br\/index.php\/wp-json\/wp\/v2\/posts\/459921\/revisions"}],"predecessor-version":[{"id":459923,"href":"https:\/\/mrnews.com.br\/index.php\/wp-json\/wp\/v2\/posts\/459921\/revisions\/459923"}],"wp:featuredmedia":[{"embeddable":true,"href":"https:\/\/mrnews.com.br\/index.php\/wp-json\/wp\/v2\/media\/459922"}],"wp:attachment":[{"href":"https:\/\/mrnews.com.br\/index.php\/wp-json\/wp\/v2\/media?parent=459921"}],"wp:term":[{"taxonomy":"category","embeddable":true,"href":"https:\/\/mrnews.com.br\/index.php\/wp-json\/wp\/v2\/categories?post=459921"},{"taxonomy":"post_tag","embeddable":true,"href":"https:\/\/mrnews.com.br\/index.php\/wp-json\/wp\/v2\/tags?post=459921"}],"curies":[{"name":"wp","href":"https:\/\/api.w.org\/{rel}","templated":true}]}}