{"id":459924,"date":"2026-04-26T23:06:01","date_gmt":"2026-04-27T02:06:01","guid":{"rendered":"https:\/\/mrnews.com.br\/?p=459924"},"modified":"2026-04-26T23:06:01","modified_gmt":"2026-04-27T02:06:01","slug":"santander-anuncia-mudancas-nesta-segunda-feira-e-reacende-debate-sobre-atraso-no-segmento-de-alta-renda","status":"publish","type":"post","link":"https:\/\/mrnews.com.br\/index.php\/2026\/04\/26\/santander-anuncia-mudancas-nesta-segunda-feira-e-reacende-debate-sobre-atraso-no-segmento-de-alta-renda\/","title":{"rendered":"Santander anuncia mudan\u00e7as nesta segunda-feira e reacende debate sobre atraso no segmento de alta renda"},"content":{"rendered":"<p><strong>Santander anuncia mudan\u00e7as nesta segunda-feira e reacende debate sobre atraso no segmento de alta renda<\/strong><\/p>\n<p>O Santander promete anunciar novidades nesta segunda-feira voltadas ao p\u00fablico de alta renda, movimento que j\u00e1 desperta expectativa entre clientes e o mercado financeiro. Embora a institui\u00e7\u00e3o siga como uma das maiores do pa\u00eds, especialistas e consumidores avaliam que o banco ainda est\u00e1 atrasado quando o assunto \u00e9 competir no segmento premium, especialmente diante do avan\u00e7o de rivais que modernizaram benef\u00edcios e programas de recompensa.<\/p>\n<p>Nos \u00faltimos anos, bancos tradicionais e digitais passaram a investir pesado em cart\u00f5es exclusivos, acesso ilimitado a salas VIP, plataformas de viagem robustas e programas de pontos mais agressivos. Nesse cen\u00e1rio, o Santander tenta recuperar espa\u00e7o em uma faixa de clientes cada vez mais exigente e menos fiel \u00e0s marcas tradicionais.<\/p>\n<h3>Segmento premium exige mais do que nome forte<\/h3>\n<p>Ter tradi\u00e7\u00e3o no mercado j\u00e1 n\u00e3o basta para conquistar o consumidor de alta renda. Hoje, o p\u00fablico premium compara pontua\u00e7\u00e3o por d\u00f3lar gasto, facilidade de isen\u00e7\u00e3o de anuidade, benef\u00edcios internacionais, cashback, experi\u00eancias exclusivas e qualidade do atendimento.<\/p>\n<p>\u00c9 justamente nesse ponto que muitos clientes entendem que o Santander ficou para tr\u00e1s. Mesmo contando com produtos conhecidos no mercado, o banco ainda enfrenta cr\u00edticas por n\u00e3o entregar vantagens t\u00e3o competitivas quanto outros concorrentes que avan\u00e7aram rapidamente no setor.<\/p>\n<h3>Unlimited ainda gera cr\u00edticas<\/h3>\n<p>O principal cart\u00e3o premium do banco, o Santander Unlimited, frequentemente aparece no centro das discuss\u00f5es. Apesar da proposta sofisticada e da bandeira premium, sua pontua\u00e7\u00e3o de <strong>2,6 pontos por d\u00f3lar gasto<\/strong> \u00e9 vista por muitos usu\u00e1rios como abaixo do esperado para um cart\u00e3o topo de linha.<\/p>\n<p>Em um mercado onde alguns concorrentes j\u00e1 entregam patamares superiores, b\u00f4nus frequentes e maior flexibilidade em transfer\u00eancias para companhias a\u00e9reas, o Unlimited acaba sendo pressionado por compara\u00e7\u00e3o direta.<\/p>\n<h3>Mudan\u00e7as chegam em momento decisivo<\/h3>\n<p>O an\u00fancio desta segunda surge em momento estrat\u00e9gico. O p\u00fablico de alta renda est\u00e1 mais atento do que nunca ao custo-benef\u00edcio real de manter relacionamento banc\u00e1rio. Muitos clientes concentram investimentos e gastos em institui\u00e7\u00f5es que oferecem retorno tang\u00edvel.<\/p>\n<p>Se o Santander quiser retomar protagonismo nesse segmento, ser\u00e1 preciso ir al\u00e9m de ajustes cosm\u00e9ticos. O mercado espera melhorias reais em pontua\u00e7\u00e3o, benef\u00edcios internacionais, salas VIP, experi\u00eancias e relacionamento diferenciado.<\/p>\n<h3>Expectativa do mercado<\/h3>\n<p>Entre clientes e especialistas, existe a percep\u00e7\u00e3o de que o Santander tem estrutura, marca forte e base relevante para crescer no segmento premium, mas precisa acelerar decis\u00f5es. O banco ainda \u00e9 respeitado no setor, por\u00e9m corre contra o tempo diante da evolu\u00e7\u00e3o dos concorrentes.<\/p>\n<p>As mudan\u00e7as desta segunda podem indicar se o Santander finalmente decidiu entrar de vez na disputa da alta renda \u2014 ou se seguir\u00e1 sendo visto como uma institui\u00e7\u00e3o ainda atrasada em um dos mercados mais lucrativos do sistema financeiro.<\/p>\n<p><strong>Tags:<\/strong> Santander, alta renda, Santander Unlimited, cart\u00f5es premium, pontos por d\u00f3lar, banco premium, mercado financeiro<\/p>\n","protected":false},"excerpt":{"rendered":"<p>Santander anuncia mudan\u00e7as nesta segunda-feira e reacende debate sobre atraso no segmento de alta renda O Santander promete anunciar novidades nesta segunda-feira voltadas ao p\u00fablico de alta renda, movimento que j\u00e1 desperta expectativa entre clientes e o mercado financeiro. Embora a institui\u00e7\u00e3o siga como uma das maiores do pa\u00eds, especialistas e consumidores avaliam que o &hellip;<\/p>\n","protected":false},"author":1,"featured_media":456200,"comment_status":"open","ping_status":"open","sticky":false,"template":"","format":"standard","meta":{"_jetpack_memberships_contains_paid_content":false,"footnotes":""},"categories":[13978,2],"tags":[],"class_list":["post-459924","post","type-post","status-publish","format-standard","has-post-thumbnail","hentry","category-bancos-e-financas","category-entretenimento"],"yoast_head":"<!-- This site is optimized with the Yoast SEO plugin v27.4 - https:\/\/yoast.com\/product\/yoast-seo-wordpress\/ -->\n<title>Santander anuncia mudan\u00e7as nesta segunda-feira e reacende debate sobre atraso no segmento de alta renda<\/title>\n<meta name=\"robots\" content=\"index, follow, max-snippet:-1, max-image-preview:large, max-video-preview:-1\" \/>\n<link rel=\"canonical\" href=\"https:\/\/mrnews.com.br\/index.php\/2026\/04\/26\/santander-anuncia-mudancas-nesta-segunda-feira-e-reacende-debate-sobre-atraso-no-segmento-de-alta-renda\/\" \/>\n<meta property=\"og:locale\" content=\"pt_BR\" \/>\n<meta property=\"og:type\" content=\"article\" \/>\n<meta property=\"og:title\" content=\"Santander anuncia mudan\u00e7as nesta segunda-feira e reacende debate sobre atraso no segmento de alta renda\" \/>\n<meta property=\"og:description\" content=\"Santander anuncia mudan\u00e7as nesta segunda-feira e reacende debate sobre atraso no segmento de alta renda O Santander promete anunciar novidades nesta segunda-feira voltadas ao p\u00fablico de alta renda, movimento que j\u00e1 desperta expectativa entre clientes e o mercado financeiro. Embora a institui\u00e7\u00e3o siga como uma das maiores do pa\u00eds, especialistas e consumidores avaliam que o &hellip;\" \/>\n<meta property=\"og:url\" content=\"https:\/\/mrnews.com.br\/index.php\/2026\/04\/26\/santander-anuncia-mudancas-nesta-segunda-feira-e-reacende-debate-sobre-atraso-no-segmento-de-alta-renda\/\" \/>\n<meta property=\"og:site_name\" content=\"MRNews\" \/>\n<meta property=\"article:publisher\" content=\"https:\/\/www.facebook.com\/eaipahpah\/?locale2=pt_BR\" \/>\n<meta property=\"article:published_time\" content=\"2026-04-27T02:06:01+00:00\" \/>\n<meta property=\"og:image\" content=\"https:\/\/mrnews.com.br\/wp-content\/uploads\/2026\/02\/images-4.png\" \/>\n\t<meta property=\"og:image:width\" content=\"458\" \/>\n\t<meta property=\"og:image:height\" content=\"458\" \/>\n\t<meta property=\"og:image:type\" content=\"image\/png\" \/>\n<meta name=\"author\" content=\"MR News\" \/>\n<meta name=\"twitter:card\" content=\"summary_large_image\" \/>\n<meta name=\"twitter:creator\" content=\"@conspirou\" \/>\n<meta name=\"twitter:site\" content=\"@conspirou\" \/>\n<meta name=\"twitter:label1\" content=\"Escrito por\" \/>\n\t<meta name=\"twitter:data1\" content=\"MR News\" \/>\n\t<meta name=\"twitter:label2\" content=\"Est. tempo de leitura\" \/>\n\t<meta name=\"twitter:data2\" content=\"3 minutos\" \/>\n<script type=\"application\/ld+json\" class=\"yoast-schema-graph\">{\"@context\":\"https:\\\/\\\/schema.org\",\"@graph\":[{\"@type\":\"Article\",\"@id\":\"https:\\\/\\\/mrnews.com.br\\\/index.php\\\/2026\\\/04\\\/26\\\/santander-anuncia-mudancas-nesta-segunda-feira-e-reacende-debate-sobre-atraso-no-segmento-de-alta-renda\\\/#article\",\"isPartOf\":{\"@id\":\"https:\\\/\\\/mrnews.com.br\\\/index.php\\\/2026\\\/04\\\/26\\\/santander-anuncia-mudancas-nesta-segunda-feira-e-reacende-debate-sobre-atraso-no-segmento-de-alta-renda\\\/\"},\"author\":{\"name\":\"MR News\",\"@id\":\"https:\\\/\\\/mrnews.com.br\\\/#\\\/schema\\\/person\\\/be3203154562a9f207407861cef7827b\"},\"headline\":\"Santander anuncia mudan\u00e7as nesta segunda-feira e reacende debate sobre atraso no segmento de alta renda\",\"datePublished\":\"2026-04-27T02:06:01+00:00\",\"mainEntityOfPage\":{\"@id\":\"https:\\\/\\\/mrnews.com.br\\\/index.php\\\/2026\\\/04\\\/26\\\/santander-anuncia-mudancas-nesta-segunda-feira-e-reacende-debate-sobre-atraso-no-segmento-de-alta-renda\\\/\"},\"wordCount\":532,\"commentCount\":0,\"publisher\":{\"@id\":\"https:\\\/\\\/mrnews.com.br\\\/#organization\"},\"image\":{\"@id\":\"https:\\\/\\\/mrnews.com.br\\\/index.php\\\/2026\\\/04\\\/26\\\/santander-anuncia-mudancas-nesta-segunda-feira-e-reacende-debate-sobre-atraso-no-segmento-de-alta-renda\\\/#primaryimage\"},\"thumbnailUrl\":\"https:\\\/\\\/mrnews.com.br\\\/wp-content\\\/uploads\\\/2026\\\/02\\\/images-4.png\",\"articleSection\":[\"Bancos e Finan\u00e7as\",\"ENTRETENIMENTO\"],\"inLanguage\":\"pt-BR\",\"potentialAction\":[{\"@type\":\"CommentAction\",\"name\":\"Comment\",\"target\":[\"https:\\\/\\\/mrnews.com.br\\\/index.php\\\/2026\\\/04\\\/26\\\/santander-anuncia-mudancas-nesta-segunda-feira-e-reacende-debate-sobre-atraso-no-segmento-de-alta-renda\\\/#respond\"]}]},{\"@type\":\"WebPage\",\"@id\":\"https:\\\/\\\/mrnews.com.br\\\/index.php\\\/2026\\\/04\\\/26\\\/santander-anuncia-mudancas-nesta-segunda-feira-e-reacende-debate-sobre-atraso-no-segmento-de-alta-renda\\\/\",\"url\":\"https:\\\/\\\/mrnews.com.br\\\/index.php\\\/2026\\\/04\\\/26\\\/santander-anuncia-mudancas-nesta-segunda-feira-e-reacende-debate-sobre-atraso-no-segmento-de-alta-renda\\\/\",\"name\":\"Santander anuncia mudan\u00e7as nesta segunda-feira e reacende debate sobre atraso no segmento de alta renda\",\"isPartOf\":{\"@id\":\"https:\\\/\\\/mrnews.com.br\\\/#website\"},\"primaryImageOfPage\":{\"@id\":\"https:\\\/\\\/mrnews.com.br\\\/index.php\\\/2026\\\/04\\\/26\\\/santander-anuncia-mudancas-nesta-segunda-feira-e-reacende-debate-sobre-atraso-no-segmento-de-alta-renda\\\/#primaryimage\"},\"image\":{\"@id\":\"https:\\\/\\\/mrnews.com.br\\\/index.php\\\/2026\\\/04\\\/26\\\/santander-anuncia-mudancas-nesta-segunda-feira-e-reacende-debate-sobre-atraso-no-segmento-de-alta-renda\\\/#primaryimage\"},\"thumbnailUrl\":\"https:\\\/\\\/mrnews.com.br\\\/wp-content\\\/uploads\\\/2026\\\/02\\\/images-4.png\",\"datePublished\":\"2026-04-27T02:06:01+00:00\",\"breadcrumb\":{\"@id\":\"https:\\\/\\\/mrnews.com.br\\\/index.php\\\/2026\\\/04\\\/26\\\/santander-anuncia-mudancas-nesta-segunda-feira-e-reacende-debate-sobre-atraso-no-segmento-de-alta-renda\\\/#breadcrumb\"},\"inLanguage\":\"pt-BR\",\"potentialAction\":[{\"@type\":\"ReadAction\",\"target\":[\"https:\\\/\\\/mrnews.com.br\\\/index.php\\\/2026\\\/04\\\/26\\\/santander-anuncia-mudancas-nesta-segunda-feira-e-reacende-debate-sobre-atraso-no-segmento-de-alta-renda\\\/\"]}]},{\"@type\":\"ImageObject\",\"inLanguage\":\"pt-BR\",\"@id\":\"https:\\\/\\\/mrnews.com.br\\\/index.php\\\/2026\\\/04\\\/26\\\/santander-anuncia-mudancas-nesta-segunda-feira-e-reacende-debate-sobre-atraso-no-segmento-de-alta-renda\\\/#primaryimage\",\"url\":\"https:\\\/\\\/mrnews.com.br\\\/wp-content\\\/uploads\\\/2026\\\/02\\\/images-4.png\",\"contentUrl\":\"https:\\\/\\\/mrnews.com.br\\\/wp-content\\\/uploads\\\/2026\\\/02\\\/images-4.png\",\"width\":458,\"height\":458,\"caption\":\"sANTANDER\"},{\"@type\":\"BreadcrumbList\",\"@id\":\"https:\\\/\\\/mrnews.com.br\\\/index.php\\\/2026\\\/04\\\/26\\\/santander-anuncia-mudancas-nesta-segunda-feira-e-reacende-debate-sobre-atraso-no-segmento-de-alta-renda\\\/#breadcrumb\",\"itemListElement\":[{\"@type\":\"ListItem\",\"position\":1,\"name\":\"In\u00edcio\",\"item\":\"https:\\\/\\\/mrnews.com.br\\\/\"},{\"@type\":\"ListItem\",\"position\":2,\"name\":\"Santander anuncia mudan\u00e7as nesta segunda-feira e reacende debate sobre atraso no segmento de alta renda\"}]},{\"@type\":\"WebSite\",\"@id\":\"https:\\\/\\\/mrnews.com.br\\\/#website\",\"url\":\"https:\\\/\\\/mrnews.com.br\\\/\",\"name\":\"MRNews\",\"description\":\"MRNews Jogos de hoje da TV, transmiss\u00f5es ao vivo, Not\u00edcias de futebol, Jogos ao vivo, Lives, resumo de novelas, Programa\u00e7\u00e3o da Globo, A Fazenda e BBB\",\"publisher\":{\"@id\":\"https:\\\/\\\/mrnews.com.br\\\/#organization\"},\"potentialAction\":[{\"@type\":\"SearchAction\",\"target\":{\"@type\":\"EntryPoint\",\"urlTemplate\":\"https:\\\/\\\/mrnews.com.br\\\/?s={search_term_string}\"},\"query-input\":{\"@type\":\"PropertyValueSpecification\",\"valueRequired\":true,\"valueName\":\"search_term_string\"}}],\"inLanguage\":\"pt-BR\"},{\"@type\":\"Organization\",\"@id\":\"https:\\\/\\\/mrnews.com.br\\\/#organization\",\"name\":\"MRNews\",\"url\":\"https:\\\/\\\/mrnews.com.br\\\/\",\"logo\":{\"@type\":\"ImageObject\",\"inLanguage\":\"pt-BR\",\"@id\":\"https:\\\/\\\/mrnews.com.br\\\/#\\\/schema\\\/logo\\\/image\\\/\",\"url\":\"https:\\\/\\\/mrnews.com.br\\\/wp-content\\\/uploads\\\/2019\\\/06\\\/MRNewslogo2.png\",\"contentUrl\":\"https:\\\/\\\/mrnews.com.br\\\/wp-content\\\/uploads\\\/2019\\\/06\\\/MRNewslogo2.png\",\"width\":223,\"height\":58,\"caption\":\"MRNews\"},\"image\":{\"@id\":\"https:\\\/\\\/mrnews.com.br\\\/#\\\/schema\\\/logo\\\/image\\\/\"},\"sameAs\":[\"https:\\\/\\\/www.facebook.com\\\/eaipahpah\\\/?locale2=pt_BR\",\"https:\\\/\\\/x.com\\\/conspirou\",\"https:\\\/\\\/www.instagram.com\\\/eai_pahpah\",\"https:\\\/\\\/br.pinterest.com\\\/mrnewsn\\\/boards\\\/\",\"https:\\\/\\\/www.youtube.com\\\/channel\\\/UCacgnpznQ61fifLWr1tQ-vA?view_as=subscriber\"]},{\"@type\":\"Person\",\"@id\":\"https:\\\/\\\/mrnews.com.br\\\/#\\\/schema\\\/person\\\/be3203154562a9f207407861cef7827b\",\"name\":\"MR News\",\"image\":{\"@type\":\"ImageObject\",\"inLanguage\":\"pt-BR\",\"@id\":\"https:\\\/\\\/secure.gravatar.com\\\/avatar\\\/04084e6d73c042b8646e7c17b494073bf0ede3ea13c7105cfc45cbbbc28385a4?s=96&d=monsterid&r=g\",\"url\":\"https:\\\/\\\/secure.gravatar.com\\\/avatar\\\/04084e6d73c042b8646e7c17b494073bf0ede3ea13c7105cfc45cbbbc28385a4?s=96&d=monsterid&r=g\",\"contentUrl\":\"https:\\\/\\\/secure.gravatar.com\\\/avatar\\\/04084e6d73c042b8646e7c17b494073bf0ede3ea13c7105cfc45cbbbc28385a4?s=96&d=monsterid&r=g\",\"caption\":\"MR News\"},\"description\":\"Especializado em jornalismo colaborativo pela FTP em n\u00edvel de p\u00f3s-gradua\u00e7\u00e3o. suporte@oimeliga.combr\",\"sameAs\":[\"HUGO R.\",\"Admin\"],\"url\":\"https:\\\/\\\/mrnews.com.br\\\/index.php\\\/author\\\/admin\\\/\"}]}<\/script>\n<!-- \/ Yoast SEO plugin. -->","yoast_head_json":{"title":"Santander anuncia mudan\u00e7as nesta segunda-feira e reacende debate sobre atraso no segmento de alta renda","robots":{"index":"index","follow":"follow","max-snippet":"max-snippet:-1","max-image-preview":"max-image-preview:large","max-video-preview":"max-video-preview:-1"},"canonical":"https:\/\/mrnews.com.br\/index.php\/2026\/04\/26\/santander-anuncia-mudancas-nesta-segunda-feira-e-reacende-debate-sobre-atraso-no-segmento-de-alta-renda\/","og_locale":"pt_BR","og_type":"article","og_title":"Santander anuncia mudan\u00e7as nesta segunda-feira e reacende debate sobre atraso no segmento de alta renda","og_description":"Santander anuncia mudan\u00e7as nesta segunda-feira e reacende debate sobre atraso no segmento de alta renda O Santander promete anunciar novidades nesta segunda-feira voltadas ao p\u00fablico de alta renda, movimento que j\u00e1 desperta expectativa entre clientes e o mercado financeiro. Embora a institui\u00e7\u00e3o siga como uma das maiores do pa\u00eds, especialistas e consumidores avaliam que o &hellip;","og_url":"https:\/\/mrnews.com.br\/index.php\/2026\/04\/26\/santander-anuncia-mudancas-nesta-segunda-feira-e-reacende-debate-sobre-atraso-no-segmento-de-alta-renda\/","og_site_name":"MRNews","article_publisher":"https:\/\/www.facebook.com\/eaipahpah\/?locale2=pt_BR","article_published_time":"2026-04-27T02:06:01+00:00","og_image":[{"width":458,"height":458,"url":"https:\/\/mrnews.com.br\/wp-content\/uploads\/2026\/02\/images-4.png","type":"image\/png"}],"author":"MR News","twitter_card":"summary_large_image","twitter_creator":"@conspirou","twitter_site":"@conspirou","twitter_misc":{"Escrito por":"MR News","Est. tempo de leitura":"3 minutos"},"schema":{"@context":"https:\/\/schema.org","@graph":[{"@type":"Article","@id":"https:\/\/mrnews.com.br\/index.php\/2026\/04\/26\/santander-anuncia-mudancas-nesta-segunda-feira-e-reacende-debate-sobre-atraso-no-segmento-de-alta-renda\/#article","isPartOf":{"@id":"https:\/\/mrnews.com.br\/index.php\/2026\/04\/26\/santander-anuncia-mudancas-nesta-segunda-feira-e-reacende-debate-sobre-atraso-no-segmento-de-alta-renda\/"},"author":{"name":"MR News","@id":"https:\/\/mrnews.com.br\/#\/schema\/person\/be3203154562a9f207407861cef7827b"},"headline":"Santander anuncia mudan\u00e7as nesta segunda-feira e reacende debate sobre atraso no segmento de alta renda","datePublished":"2026-04-27T02:06:01+00:00","mainEntityOfPage":{"@id":"https:\/\/mrnews.com.br\/index.php\/2026\/04\/26\/santander-anuncia-mudancas-nesta-segunda-feira-e-reacende-debate-sobre-atraso-no-segmento-de-alta-renda\/"},"wordCount":532,"commentCount":0,"publisher":{"@id":"https:\/\/mrnews.com.br\/#organization"},"image":{"@id":"https:\/\/mrnews.com.br\/index.php\/2026\/04\/26\/santander-anuncia-mudancas-nesta-segunda-feira-e-reacende-debate-sobre-atraso-no-segmento-de-alta-renda\/#primaryimage"},"thumbnailUrl":"https:\/\/mrnews.com.br\/wp-content\/uploads\/2026\/02\/images-4.png","articleSection":["Bancos e Finan\u00e7as","ENTRETENIMENTO"],"inLanguage":"pt-BR","potentialAction":[{"@type":"CommentAction","name":"Comment","target":["https:\/\/mrnews.com.br\/index.php\/2026\/04\/26\/santander-anuncia-mudancas-nesta-segunda-feira-e-reacende-debate-sobre-atraso-no-segmento-de-alta-renda\/#respond"]}]},{"@type":"WebPage","@id":"https:\/\/mrnews.com.br\/index.php\/2026\/04\/26\/santander-anuncia-mudancas-nesta-segunda-feira-e-reacende-debate-sobre-atraso-no-segmento-de-alta-renda\/","url":"https:\/\/mrnews.com.br\/index.php\/2026\/04\/26\/santander-anuncia-mudancas-nesta-segunda-feira-e-reacende-debate-sobre-atraso-no-segmento-de-alta-renda\/","name":"Santander anuncia mudan\u00e7as nesta segunda-feira e reacende debate sobre atraso no segmento de alta renda","isPartOf":{"@id":"https:\/\/mrnews.com.br\/#website"},"primaryImageOfPage":{"@id":"https:\/\/mrnews.com.br\/index.php\/2026\/04\/26\/santander-anuncia-mudancas-nesta-segunda-feira-e-reacende-debate-sobre-atraso-no-segmento-de-alta-renda\/#primaryimage"},"image":{"@id":"https:\/\/mrnews.com.br\/index.php\/2026\/04\/26\/santander-anuncia-mudancas-nesta-segunda-feira-e-reacende-debate-sobre-atraso-no-segmento-de-alta-renda\/#primaryimage"},"thumbnailUrl":"https:\/\/mrnews.com.br\/wp-content\/uploads\/2026\/02\/images-4.png","datePublished":"2026-04-27T02:06:01+00:00","breadcrumb":{"@id":"https:\/\/mrnews.com.br\/index.php\/2026\/04\/26\/santander-anuncia-mudancas-nesta-segunda-feira-e-reacende-debate-sobre-atraso-no-segmento-de-alta-renda\/#breadcrumb"},"inLanguage":"pt-BR","potentialAction":[{"@type":"ReadAction","target":["https:\/\/mrnews.com.br\/index.php\/2026\/04\/26\/santander-anuncia-mudancas-nesta-segunda-feira-e-reacende-debate-sobre-atraso-no-segmento-de-alta-renda\/"]}]},{"@type":"ImageObject","inLanguage":"pt-BR","@id":"https:\/\/mrnews.com.br\/index.php\/2026\/04\/26\/santander-anuncia-mudancas-nesta-segunda-feira-e-reacende-debate-sobre-atraso-no-segmento-de-alta-renda\/#primaryimage","url":"https:\/\/mrnews.com.br\/wp-content\/uploads\/2026\/02\/images-4.png","contentUrl":"https:\/\/mrnews.com.br\/wp-content\/uploads\/2026\/02\/images-4.png","width":458,"height":458,"caption":"sANTANDER"},{"@type":"BreadcrumbList","@id":"https:\/\/mrnews.com.br\/index.php\/2026\/04\/26\/santander-anuncia-mudancas-nesta-segunda-feira-e-reacende-debate-sobre-atraso-no-segmento-de-alta-renda\/#breadcrumb","itemListElement":[{"@type":"ListItem","position":1,"name":"In\u00edcio","item":"https:\/\/mrnews.com.br\/"},{"@type":"ListItem","position":2,"name":"Santander anuncia mudan\u00e7as nesta segunda-feira e reacende debate sobre atraso no segmento de alta renda"}]},{"@type":"WebSite","@id":"https:\/\/mrnews.com.br\/#website","url":"https:\/\/mrnews.com.br\/","name":"MRNews","description":"MRNews Jogos de hoje da TV, transmiss\u00f5es ao vivo, Not\u00edcias de futebol, Jogos ao vivo, Lives, resumo de novelas, Programa\u00e7\u00e3o da Globo, A Fazenda e BBB","publisher":{"@id":"https:\/\/mrnews.com.br\/#organization"},"potentialAction":[{"@type":"SearchAction","target":{"@type":"EntryPoint","urlTemplate":"https:\/\/mrnews.com.br\/?s={search_term_string}"},"query-input":{"@type":"PropertyValueSpecification","valueRequired":true,"valueName":"search_term_string"}}],"inLanguage":"pt-BR"},{"@type":"Organization","@id":"https:\/\/mrnews.com.br\/#organization","name":"MRNews","url":"https:\/\/mrnews.com.br\/","logo":{"@type":"ImageObject","inLanguage":"pt-BR","@id":"https:\/\/mrnews.com.br\/#\/schema\/logo\/image\/","url":"https:\/\/mrnews.com.br\/wp-content\/uploads\/2019\/06\/MRNewslogo2.png","contentUrl":"https:\/\/mrnews.com.br\/wp-content\/uploads\/2019\/06\/MRNewslogo2.png","width":223,"height":58,"caption":"MRNews"},"image":{"@id":"https:\/\/mrnews.com.br\/#\/schema\/logo\/image\/"},"sameAs":["https:\/\/www.facebook.com\/eaipahpah\/?locale2=pt_BR","https:\/\/x.com\/conspirou","https:\/\/www.instagram.com\/eai_pahpah","https:\/\/br.pinterest.com\/mrnewsn\/boards\/","https:\/\/www.youtube.com\/channel\/UCacgnpznQ61fifLWr1tQ-vA?view_as=subscriber"]},{"@type":"Person","@id":"https:\/\/mrnews.com.br\/#\/schema\/person\/be3203154562a9f207407861cef7827b","name":"MR News","image":{"@type":"ImageObject","inLanguage":"pt-BR","@id":"https:\/\/secure.gravatar.com\/avatar\/04084e6d73c042b8646e7c17b494073bf0ede3ea13c7105cfc45cbbbc28385a4?s=96&d=monsterid&r=g","url":"https:\/\/secure.gravatar.com\/avatar\/04084e6d73c042b8646e7c17b494073bf0ede3ea13c7105cfc45cbbbc28385a4?s=96&d=monsterid&r=g","contentUrl":"https:\/\/secure.gravatar.com\/avatar\/04084e6d73c042b8646e7c17b494073bf0ede3ea13c7105cfc45cbbbc28385a4?s=96&d=monsterid&r=g","caption":"MR News"},"description":"Especializado em jornalismo colaborativo pela FTP em n\u00edvel de p\u00f3s-gradua\u00e7\u00e3o. suporte@oimeliga.combr","sameAs":["HUGO R.","Admin"],"url":"https:\/\/mrnews.com.br\/index.php\/author\/admin\/"}]}},"jetpack_featured_media_url":"https:\/\/mrnews.com.br\/wp-content\/uploads\/2026\/02\/images-4.png","jetpack_sharing_enabled":true,"jetpack_shortlink":"https:\/\/wp.me\/pa2Qf7-1VE8","amp_enabled":true,"_links":{"self":[{"href":"https:\/\/mrnews.com.br\/index.php\/wp-json\/wp\/v2\/posts\/459924","targetHints":{"allow":["GET"]}}],"collection":[{"href":"https:\/\/mrnews.com.br\/index.php\/wp-json\/wp\/v2\/posts"}],"about":[{"href":"https:\/\/mrnews.com.br\/index.php\/wp-json\/wp\/v2\/types\/post"}],"author":[{"embeddable":true,"href":"https:\/\/mrnews.com.br\/index.php\/wp-json\/wp\/v2\/users\/1"}],"replies":[{"embeddable":true,"href":"https:\/\/mrnews.com.br\/index.php\/wp-json\/wp\/v2\/comments?post=459924"}],"version-history":[{"count":1,"href":"https:\/\/mrnews.com.br\/index.php\/wp-json\/wp\/v2\/posts\/459924\/revisions"}],"predecessor-version":[{"id":459926,"href":"https:\/\/mrnews.com.br\/index.php\/wp-json\/wp\/v2\/posts\/459924\/revisions\/459926"}],"wp:featuredmedia":[{"embeddable":true,"href":"https:\/\/mrnews.com.br\/index.php\/wp-json\/wp\/v2\/media\/456200"}],"wp:attachment":[{"href":"https:\/\/mrnews.com.br\/index.php\/wp-json\/wp\/v2\/media?parent=459924"}],"wp:term":[{"taxonomy":"category","embeddable":true,"href":"https:\/\/mrnews.com.br\/index.php\/wp-json\/wp\/v2\/categories?post=459924"},{"taxonomy":"post_tag","embeddable":true,"href":"https:\/\/mrnews.com.br\/index.php\/wp-json\/wp\/v2\/tags?post=459924"}],"curies":[{"name":"wp","href":"https:\/\/api.w.org\/{rel}","templated":true}]}}