{"id":459929,"date":"2026-04-27T06:39:48","date_gmt":"2026-04-27T09:39:48","guid":{"rendered":"https:\/\/mrnews.com.br\/?p=459929"},"modified":"2026-04-27T06:42:44","modified_gmt":"2026-04-27T09:42:44","slug":"este-e-o-valor-corrigido-que-filha-da-pm-gisele-recebera-de-pensao-primeiro-pagamento-ja-foi-realizado","status":"publish","type":"post","link":"https:\/\/mrnews.com.br\/index.php\/2026\/04\/27\/este-e-o-valor-corrigido-que-filha-da-pm-gisele-recebera-de-pensao-primeiro-pagamento-ja-foi-realizado\/","title":{"rendered":"Este \u00e9 o valor corrigido que filha da PM Gisele receber\u00e1 de pens\u00e3o; primeiro pagamento j\u00e1 foi realizado"},"content":{"rendered":"<p>Este \u00e9 o valor corrigido que filha da PM Gisele receber\u00e1 de pens\u00e3o; primeiro pagamento j\u00e1 foi realizado<\/p>\n<p>A filha da policial militar <a href=\"https:\/\/radioeldoradoam.com.br\">Gisele Alves Santana<\/a> come\u00e7ou a receber a pens\u00e3o por morte decorrente do falecimento da m\u00e3e. O primeiro dep\u00f3sito foi efetuado nesta semana, cerca de 49 dias ap\u00f3s o crime que chocou o pa\u00eds e ganhou grande repercuss\u00e3o nas redes sociais e na imprensa.<\/p>\n<p>A libera\u00e7\u00e3o do benef\u00edcio trouxe al\u00edvio para familiares e pessoas pr\u00f3ximas, j\u00e1 que a pens\u00e3o representa uma garantia legal destinada \u00e0 prote\u00e7\u00e3o financeira de dependentes menores de servidores p\u00fablicos falecidos.<\/p>\n<h2>Primeiro pagamento foi proporcional<\/h2>\n<p>Segundo informa\u00e7\u00f5es divulgadas, o valor bruto inicial ficou em aproximadamente <strong>R$ 8.500<\/strong>, referente ao per\u00edodo entre a data da morte da policial, em fevereiro, e os dias correspondentes at\u00e9 o fechamento da folha seguinte.<\/p>\n<p>Ap\u00f3s descontos legais, o valor l\u00edquido recebido teria ficado pr\u00f3ximo de <strong>R$ 7.200<\/strong>. Como a benefici\u00e1ria \u00e9 menor de idade, o montante fica sob responsabilidade do representante legal da crian\u00e7a, conforme determina a legisla\u00e7\u00e3o.<\/p>\n<h2>Valor mensal j\u00e1 est\u00e1 estimado<\/h2>\n<p>A partir de agora, os pagamentos passam a ocorrer de forma mensal. A estimativa \u00e9 de que a pens\u00e3o fique em torno de <strong>R$ 6.300 brutos por m\u00eas<\/strong>, considerando a remunera\u00e7\u00e3o da policial na data do \u00f3bito e reajustes aplicados \u00e0 categoria.<\/p>\n<p>J\u00e1 o valor l\u00edquido mensal deve girar na faixa de <strong>R$ 5.300<\/strong>, podendo variar conforme descontos obrigat\u00f3rios e regras previdenci\u00e1rias aplic\u00e1veis.<\/p>\n<h2>Benef\u00edcio \u00e9 previsto em lei<\/h2>\n<p>Filhos menores de idade de servidores p\u00fablicos falecidos t\u00eam direito \u00e0 pens\u00e3o por morte, benef\u00edcio criado para garantir assist\u00eancia financeira ap\u00f3s a perda do respons\u00e1vel. Em geral, o pagamento permanece at\u00e9 que o dependente atinja a maioridade ou conforme hip\u00f3teses previstas na legisla\u00e7\u00e3o espec\u00edfica.<\/p>\n<p>No caso de servidores ligados \u00e0 seguran\u00e7a p\u00fablica, o processo costuma envolver an\u00e1lise documental e valida\u00e7\u00e3o por parte do \u00f3rg\u00e3o previdenci\u00e1rio estadual.<\/p>\n<h2>Caso teve grande repercuss\u00e3o<\/h2>\n<p>A morte de Gisele Alves Santana gerou forte como\u00e7\u00e3o p\u00fablica. O caso ganhou ainda mais destaque ap\u00f3s a pris\u00e3o do marido da policial, o tenente-coronel <a href=\"https:\/\/tabuonline.com.br\">Geraldo Neto<\/a>, que responde judicialmente pelo caso.<\/p>\n<p>Al\u00e9m da trag\u00e9dia familiar, muitas pessoas acompanharam a situa\u00e7\u00e3o da filha do casal e cobravam agilidade na concess\u00e3o do benef\u00edcio previdenci\u00e1rio.<\/p>\n<h2>Apoio \u00e0 crian\u00e7a segue como prioridade<\/h2>\n<p>A libera\u00e7\u00e3o da pens\u00e3o \u00e9 vista como uma etapa importante para assegurar estabilidade financeira \u00e0 crian\u00e7a em meio a um momento extremamente delicado. Especialistas lembram que, em casos semelhantes, al\u00e9m do suporte econ\u00f4mico, o acompanhamento psicol\u00f3gico e o apoio familiar s\u00e3o fundamentais para o desenvolvimento saud\u00e1vel do menor.<\/p>\n<p><strong>Tags:<\/strong> PM Gisele, pens\u00e3o por morte, filha de Gisele, Pol\u00edcia Militar, S\u00e3o Paulo Previd\u00eancia, caso Gisele Alves Santana, benef\u00edcio previdenci\u00e1rio<\/p>\n<h2>Indeniza\u00e7\u00e3o \u00e0 fam\u00edlia, j\u00fari popular e pena rigorosa: novos desdobramentos no caso da PM Gisele<\/h2>\n<p>O caso que envolve a morte da policial militar Gisele Alves Santana ganhou novos cap\u00edtulos e segue gerando grande repercuss\u00e3o em todo o pa\u00eds. A investiga\u00e7\u00e3o avan\u00e7a com desdobramentos importantes, incluindo a possibilidade de julgamento em j\u00fari popular, pedido de indeniza\u00e7\u00e3o \u00e0 fam\u00edlia e enquadramento em uma das leis mais rigorosas do C\u00f3digo Penal.<\/p>\n<p>O principal acusado \u00e9 Geraldo Neto, marido da v\u00edtima, que agora responde formalmente pelo crime de feminic\u00eddio.<\/p>\n<hr \/>\n<h2>\u2696\ufe0f Caso deve ir a j\u00fari popular<\/h2>\n<p>Por se tratar de um crime doloso contra a vida, o assassinato de Gisele Alves Santana deve ser julgado pelo Tribunal do J\u00fari.<\/p>\n<p>Esse tipo de julgamento \u00e9 composto por cidad\u00e3os comuns, que analisam as provas apresentadas e decidem pela condena\u00e7\u00e3o ou absolvi\u00e7\u00e3o do r\u00e9u.<\/p>\n<p>\ud83d\udc49 O enquadramento como feminic\u00eddio refor\u00e7a a gravidade do caso e exige que o processo siga pela Justi\u00e7a comum, n\u00e3o pela esfera militar.<\/p>\n<hr \/>\n<h2>\ud83d\udcb0 Pedido de indeniza\u00e7\u00e3o \u00e0 fam\u00edlia<\/h2>\n<p>O Minist\u00e9rio P\u00fablico solicitou que, em caso de condena\u00e7\u00e3o de Geraldo Neto, seja fixada uma indeniza\u00e7\u00e3o m\u00ednima de R$ 100 mil aos familiares da v\u00edtima.<\/p>\n<p>A medida tem como objetivo:<\/p>\n<ul>\n<li>Garantir repara\u00e7\u00e3o financeira<\/li>\n<li>Reconhecer o impacto da perda<\/li>\n<li>Refor\u00e7ar a responsabiliza\u00e7\u00e3o do acusado<\/li>\n<\/ul>\n<p>\ud83d\udc49 Esse tipo de pedido tem sido cada vez mais comum em casos de crimes violentos.<\/p>\n<hr \/>\n<h2>\ud83d\uded1 Defesa nega acusa\u00e7\u00f5es<\/h2>\n<p>A defesa do tenente-coronel nega qualquer envolvimento no crime e sustenta que ele colaborou com as investiga\u00e7\u00f5es desde o in\u00edcio.<\/p>\n<p>Al\u00e9m disso, os advogados levantam questionamentos sobre a compet\u00eancia do julgamento, argumentando que o caso poderia ser analisado pela Justi\u00e7a Militar.<\/p>\n<p>\ud83d\udc49 No entanto, a tend\u00eancia \u00e9 que a Justi\u00e7a comum conduza o processo, justamente pela natureza do crime.<\/p>\n<hr \/>\n<h2>\u26a0\ufe0f Feminic\u00eddio tem penas mais severas<\/h2>\n<p>Desde 2024, o feminic\u00eddio passou a ser considerado um crime aut\u00f4nomo no Brasil, com penas mais rigorosas.<\/p>\n<p>Atualmente, a puni\u00e7\u00e3o pode variar entre:<\/p>\n<ul>\n<li>20 a 40 anos de pris\u00e3o<\/li>\n<\/ul>\n<p>A mudan\u00e7a na legisla\u00e7\u00e3o refor\u00e7a o combate \u00e0 viol\u00eancia contra a mulher e amplia o rigor em casos como o de Gisele Alves Santana.<\/p>\n<hr \/>\n<h2>\ud83d\ude94 Caso \u00e9 considerado hist\u00f3rico<\/h2>\n<p>De acordo com a Secretaria de Seguran\u00e7a P\u00fablica, este \u00e9 o primeiro caso desde 2015 em que um oficial da Pol\u00edcia Militar de S\u00e3o Paulo \u00e9 preso por feminic\u00eddio.<\/p>\n<p>Geraldo Neto est\u00e1 atualmente detido no Pres\u00eddio Rom\u00e3o Gomes, na capital paulista, unidade destinada a policiais militares.<\/p>\n<p>\ud83d\udc49 O caso chama aten\u00e7\u00e3o n\u00e3o apenas pela gravidade, mas tamb\u00e9m pelo envolvimento de um oficial de alta patente.<\/p>\n<hr \/>\n<h2>\ud83e\udde0 Repercuss\u00e3o e pr\u00f3ximos passos<\/h2>\n<p>O assassinato de Gisele Alves Santana gerou forte como\u00e7\u00e3o e reacendeu debates sobre:<\/p>\n<ul>\n<li>Viol\u00eancia dom\u00e9stica<\/li>\n<li>Feminic\u00eddio<\/li>\n<li>Responsabilidade institucional<\/li>\n<\/ul>\n<p>O processo ainda est\u00e1 em andamento, e novos desdobramentos devem surgir nos pr\u00f3ximos meses, especialmente com a defini\u00e7\u00e3o sobre o julgamento no Tribunal do J\u00fari.<\/p>\n<hr \/>\n<h2>\ud83d\udcdd Conclus\u00e3o<\/h2>\n<p>O caso da PM Gisele Alves Santana segue como um dos mais impactantes do ano, reunindo elementos jur\u00eddicos, sociais e institucionais.<\/p>\n<p>Com Geraldo Neto como r\u00e9u por feminic\u00eddio, a expectativa agora gira em torno do julgamento e das poss\u00edveis consequ\u00eancias legais.<\/p>\n<p>\ud83d\udc49 Enquanto isso, a sociedade acompanha atentamente cada etapa, em busca de justi\u00e7a e respostas.<\/p>\n<hr \/>\n<p><strong>Tags:<\/strong> caso pm gisele, feminic\u00eddio brasil, geraldo neto pm, tribunal do j\u00fari, viol\u00eancia contra mulher, pol\u00edcia militar sp, not\u00edcias 2026<\/p>\n<h2>Foi com essa palavra que tenente-coronel salvou o n\u00famero da PM Gisele no celular<\/h2>\n<p>Novos detalhes sobre o caso envolvendo a morte da soldado da Pol\u00edcia Militar Gisele Alves continuam surgindo e ajudando a esclarecer a din\u00e2mica do relacionamento entre a v\u00edtima e o tenente-coronel Geraldo Neto. A investiga\u00e7\u00e3o, conduzida pela Pol\u00edcia Civil, vem analisando mensagens, comportamentos e at\u00e9 pequenos ind\u00edcios que podem revelar o contexto do crime.<\/p>\n<p>Um dos pontos que mais chamou a aten\u00e7\u00e3o dos investigadores foi a forma como o oficial havia salvo o n\u00famero da esposa em seu celular.<\/p>\n<h2>Contato salvo como \u201cAmor\u201d<\/h2>\n<p>De acordo com as apura\u00e7\u00f5es, o n\u00famero de Gisele estava registrado como \u201cAmor\u201d. \u00c0 primeira vista, o termo indicaria uma rela\u00e7\u00e3o afetuosa e est\u00e1vel. No entanto, conforme os investigadores avan\u00e7aram na an\u00e1lise das conversas entre o casal, o cen\u00e1rio encontrado foi bastante diferente.<\/p>\n<p>As mensagens trocadas revelam um relacionamento marcado por conflitos frequentes, discuss\u00f5es e sinais claros de desgaste emocional.<\/p>\n<h2>Conversas indicam rela\u00e7\u00e3o conturbada<\/h2>\n<p>Segundo informa\u00e7\u00f5es levantadas pela Pol\u00edcia Civil, Gisele demonstrava insatisfa\u00e7\u00e3o com o comportamento do marido em diversas ocasi\u00f5es. Em alguns trechos das conversas, a soldado chegou a mencionar o desejo de encerrar o relacionamento.<\/p>\n<p>A an\u00e1lise do conte\u00fado aponta para um ambiente de tens\u00e3o constante, com epis\u00f3dios de controle e diverg\u00eancias entre o casal.<\/p>\n<p>Dias antes do crime, a v\u00edtima teria afirmado que j\u00e1 se considerava praticamente solteira. Em resposta, o tenente-coronel teria reagido de forma firme, indicando que n\u00e3o aceitava o fim do casamento.<\/p>\n<h2>Investiga\u00e7\u00e3o aponta poss\u00edvel motiva\u00e7\u00e3o<\/h2>\n<p>A hip\u00f3tese principal trabalhada pelas autoridades \u00e9 que a n\u00e3o aceita\u00e7\u00e3o do t\u00e9rmino do relacionamento pode ter sido um fator determinante para o desfecho tr\u00e1gico.<\/p>\n<p>O caso est\u00e1 sendo tratado como feminic\u00eddio, quando o crime \u00e9 motivado por quest\u00f5es relacionadas ao g\u00eanero e ao contexto de viol\u00eancia dom\u00e9stica.<\/p>\n<p>A an\u00e1lise de elementos aparentemente simples \u2014 como o nome salvo no celular \u2014 contribui para montar o quebra-cabe\u00e7a da rela\u00e7\u00e3o e entender o comportamento do suspeito.<\/p>\n<h2>Tenente-coronel foi preso<\/h2>\n<p>Geraldo Neto foi preso na quarta-feira (18) e segue \u00e0 disposi\u00e7\u00e3o da Justi\u00e7a. Ele responde por feminic\u00eddio e tamb\u00e9m por fraude processual.<\/p>\n<p>As investiga\u00e7\u00f5es continuam em andamento, e novas informa\u00e7\u00f5es podem surgir \u00e0 medida que os peritos aprofundam a an\u00e1lise de provas, incluindo registros digitais e depoimentos.<\/p>\n<h2>Caso segue em apura\u00e7\u00e3o<\/h2>\n<p>O caso da soldado Gisele Alves refor\u00e7a a import\u00e2ncia de observar sinais de relacionamentos abusivos e situa\u00e7\u00f5es de risco. A apura\u00e7\u00e3o segue sob responsabilidade das autoridades, que buscam esclarecer todos os detalhes e circunst\u00e2ncias do crime.<\/p>\n<p>A expectativa \u00e9 que, com o avan\u00e7o das investiga\u00e7\u00f5es, novos elementos ajudem a consolidar o entendimento sobre o que levou ao ocorrido.<\/p>\n","protected":false},"excerpt":{"rendered":"<p>Este \u00e9 o valor corrigido que filha da PM Gisele receber\u00e1 de pens\u00e3o; primeiro pagamento j\u00e1 foi realizado A filha da policial militar Gisele Alves Santana come\u00e7ou a receber a pens\u00e3o por morte decorrente do falecimento da m\u00e3e. O primeiro dep\u00f3sito foi efetuado nesta semana, cerca de 49 dias ap\u00f3s o crime que chocou o &hellip;<\/p>\n","protected":false},"author":1,"featured_media":457154,"comment_status":"open","ping_status":"open","sticky":false,"template":"","format":"standard","meta":{"_jetpack_memberships_contains_paid_content":false,"footnotes":""},"categories":[3,12225,4],"tags":[14307,14590,14591,14595,14594,14592,14593],"class_list":["post-459929","post","type-post","status-publish","format-standard","has-post-thumbnail","hentry","category-esportes1","category-noticias","category-servicos","tag-caso-pm-gisele","tag-feminicidio-brasil","tag-geraldo-neto-pm","tag-noticias-2026","tag-policia-militar-sp","tag-tribunal-do-juri","tag-violencia-contra-mulher"],"yoast_head":"<!-- This site is optimized with the Yoast SEO plugin v27.4 - https:\/\/yoast.com\/product\/yoast-seo-wordpress\/ -->\n<title>Este \u00e9 o valor corrigido que filha da PM Gisele receber\u00e1 de pens\u00e3o; primeiro pagamento j\u00e1 foi realizado<\/title>\n<meta name=\"robots\" content=\"index, follow, max-snippet:-1, max-image-preview:large, max-video-preview:-1\" \/>\n<link rel=\"canonical\" href=\"https:\/\/mrnews.com.br\/index.php\/2026\/04\/27\/este-e-o-valor-corrigido-que-filha-da-pm-gisele-recebera-de-pensao-primeiro-pagamento-ja-foi-realizado\/\" \/>\n<meta property=\"og:locale\" content=\"pt_BR\" \/>\n<meta property=\"og:type\" content=\"article\" \/>\n<meta property=\"og:title\" content=\"Este \u00e9 o valor corrigido que filha da PM Gisele receber\u00e1 de pens\u00e3o; primeiro pagamento j\u00e1 foi realizado\" \/>\n<meta property=\"og:description\" content=\"Este \u00e9 o valor corrigido que filha da PM Gisele receber\u00e1 de pens\u00e3o; primeiro pagamento j\u00e1 foi realizado A filha da policial militar Gisele Alves Santana come\u00e7ou a receber a pens\u00e3o por morte decorrente do falecimento da m\u00e3e. O primeiro dep\u00f3sito foi efetuado nesta semana, cerca de 49 dias ap\u00f3s o crime que chocou o &hellip;\" \/>\n<meta property=\"og:url\" content=\"https:\/\/mrnews.com.br\/index.php\/2026\/04\/27\/este-e-o-valor-corrigido-que-filha-da-pm-gisele-recebera-de-pensao-primeiro-pagamento-ja-foi-realizado\/\" \/>\n<meta property=\"og:site_name\" content=\"MRNews\" \/>\n<meta property=\"article:publisher\" content=\"https:\/\/www.facebook.com\/eaipahpah\/?locale2=pt_BR\" \/>\n<meta property=\"article:published_time\" content=\"2026-04-27T09:39:48+00:00\" \/>\n<meta property=\"article:modified_time\" content=\"2026-04-27T09:42:44+00:00\" \/>\n<meta property=\"og:image\" content=\"https:\/\/mrnews.com.br\/wp-content\/uploads\/2026\/03\/FB_IMG_1773352412674.jpg\" \/>\n\t<meta property=\"og:image:width\" content=\"1638\" \/>\n\t<meta property=\"og:image:height\" content=\"2048\" \/>\n\t<meta property=\"og:image:type\" content=\"image\/jpeg\" \/>\n<meta name=\"author\" content=\"MR News\" \/>\n<meta name=\"twitter:card\" content=\"summary_large_image\" \/>\n<meta name=\"twitter:creator\" content=\"@conspirou\" \/>\n<meta name=\"twitter:site\" content=\"@conspirou\" \/>\n<meta name=\"twitter:label1\" content=\"Escrito por\" \/>\n\t<meta name=\"twitter:data1\" content=\"MR News\" \/>\n\t<meta name=\"twitter:label2\" content=\"Est. tempo de leitura\" \/>\n\t<meta name=\"twitter:data2\" content=\"9 minutos\" \/>\n<script type=\"application\/ld+json\" class=\"yoast-schema-graph\">{\"@context\":\"https:\\\/\\\/schema.org\",\"@graph\":[{\"@type\":\"Article\",\"@id\":\"https:\\\/\\\/mrnews.com.br\\\/index.php\\\/2026\\\/04\\\/27\\\/este-e-o-valor-corrigido-que-filha-da-pm-gisele-recebera-de-pensao-primeiro-pagamento-ja-foi-realizado\\\/#article\",\"isPartOf\":{\"@id\":\"https:\\\/\\\/mrnews.com.br\\\/index.php\\\/2026\\\/04\\\/27\\\/este-e-o-valor-corrigido-que-filha-da-pm-gisele-recebera-de-pensao-primeiro-pagamento-ja-foi-realizado\\\/\"},\"author\":{\"name\":\"MR News\",\"@id\":\"https:\\\/\\\/mrnews.com.br\\\/#\\\/schema\\\/person\\\/be3203154562a9f207407861cef7827b\"},\"headline\":\"Este \u00e9 o valor corrigido que filha da PM Gisele receber\u00e1 de pens\u00e3o; primeiro pagamento j\u00e1 foi realizado\",\"datePublished\":\"2026-04-27T09:39:48+00:00\",\"dateModified\":\"2026-04-27T09:42:44+00:00\",\"mainEntityOfPage\":{\"@id\":\"https:\\\/\\\/mrnews.com.br\\\/index.php\\\/2026\\\/04\\\/27\\\/este-e-o-valor-corrigido-que-filha-da-pm-gisele-recebera-de-pensao-primeiro-pagamento-ja-foi-realizado\\\/\"},\"wordCount\":1600,\"commentCount\":0,\"publisher\":{\"@id\":\"https:\\\/\\\/mrnews.com.br\\\/#organization\"},\"image\":{\"@id\":\"https:\\\/\\\/mrnews.com.br\\\/index.php\\\/2026\\\/04\\\/27\\\/este-e-o-valor-corrigido-que-filha-da-pm-gisele-recebera-de-pensao-primeiro-pagamento-ja-foi-realizado\\\/#primaryimage\"},\"thumbnailUrl\":\"https:\\\/\\\/mrnews.com.br\\\/wp-content\\\/uploads\\\/2026\\\/03\\\/FB_IMG_1773352412674.jpg\",\"keywords\":[\"caso PM Gisele\",\"feminic\u00eddio brasil\",\"geraldo neto pm\",\"not\u00edcias 2026\",\"pol\u00edcia militar sp\",\"tribunal do j\u00fari\",\"viol\u00eancia contra mulher\"],\"articleSection\":[\"ESPORTES\",\"NOTICIAS\",\"SERVI\u00c7OS\"],\"inLanguage\":\"pt-BR\",\"potentialAction\":[{\"@type\":\"CommentAction\",\"name\":\"Comment\",\"target\":[\"https:\\\/\\\/mrnews.com.br\\\/index.php\\\/2026\\\/04\\\/27\\\/este-e-o-valor-corrigido-que-filha-da-pm-gisele-recebera-de-pensao-primeiro-pagamento-ja-foi-realizado\\\/#respond\"]}]},{\"@type\":\"WebPage\",\"@id\":\"https:\\\/\\\/mrnews.com.br\\\/index.php\\\/2026\\\/04\\\/27\\\/este-e-o-valor-corrigido-que-filha-da-pm-gisele-recebera-de-pensao-primeiro-pagamento-ja-foi-realizado\\\/\",\"url\":\"https:\\\/\\\/mrnews.com.br\\\/index.php\\\/2026\\\/04\\\/27\\\/este-e-o-valor-corrigido-que-filha-da-pm-gisele-recebera-de-pensao-primeiro-pagamento-ja-foi-realizado\\\/\",\"name\":\"Este \u00e9 o valor corrigido que filha da PM Gisele receber\u00e1 de pens\u00e3o; primeiro pagamento j\u00e1 foi realizado\",\"isPartOf\":{\"@id\":\"https:\\\/\\\/mrnews.com.br\\\/#website\"},\"primaryImageOfPage\":{\"@id\":\"https:\\\/\\\/mrnews.com.br\\\/index.php\\\/2026\\\/04\\\/27\\\/este-e-o-valor-corrigido-que-filha-da-pm-gisele-recebera-de-pensao-primeiro-pagamento-ja-foi-realizado\\\/#primaryimage\"},\"image\":{\"@id\":\"https:\\\/\\\/mrnews.com.br\\\/index.php\\\/2026\\\/04\\\/27\\\/este-e-o-valor-corrigido-que-filha-da-pm-gisele-recebera-de-pensao-primeiro-pagamento-ja-foi-realizado\\\/#primaryimage\"},\"thumbnailUrl\":\"https:\\\/\\\/mrnews.com.br\\\/wp-content\\\/uploads\\\/2026\\\/03\\\/FB_IMG_1773352412674.jpg\",\"datePublished\":\"2026-04-27T09:39:48+00:00\",\"dateModified\":\"2026-04-27T09:42:44+00:00\",\"breadcrumb\":{\"@id\":\"https:\\\/\\\/mrnews.com.br\\\/index.php\\\/2026\\\/04\\\/27\\\/este-e-o-valor-corrigido-que-filha-da-pm-gisele-recebera-de-pensao-primeiro-pagamento-ja-foi-realizado\\\/#breadcrumb\"},\"inLanguage\":\"pt-BR\",\"potentialAction\":[{\"@type\":\"ReadAction\",\"target\":[\"https:\\\/\\\/mrnews.com.br\\\/index.php\\\/2026\\\/04\\\/27\\\/este-e-o-valor-corrigido-que-filha-da-pm-gisele-recebera-de-pensao-primeiro-pagamento-ja-foi-realizado\\\/\"]}]},{\"@type\":\"ImageObject\",\"inLanguage\":\"pt-BR\",\"@id\":\"https:\\\/\\\/mrnews.com.br\\\/index.php\\\/2026\\\/04\\\/27\\\/este-e-o-valor-corrigido-que-filha-da-pm-gisele-recebera-de-pensao-primeiro-pagamento-ja-foi-realizado\\\/#primaryimage\",\"url\":\"https:\\\/\\\/mrnews.com.br\\\/wp-content\\\/uploads\\\/2026\\\/03\\\/FB_IMG_1773352412674.jpg\",\"contentUrl\":\"https:\\\/\\\/mrnews.com.br\\\/wp-content\\\/uploads\\\/2026\\\/03\\\/FB_IMG_1773352412674.jpg\",\"width\":1638,\"height\":2048},{\"@type\":\"BreadcrumbList\",\"@id\":\"https:\\\/\\\/mrnews.com.br\\\/index.php\\\/2026\\\/04\\\/27\\\/este-e-o-valor-corrigido-que-filha-da-pm-gisele-recebera-de-pensao-primeiro-pagamento-ja-foi-realizado\\\/#breadcrumb\",\"itemListElement\":[{\"@type\":\"ListItem\",\"position\":1,\"name\":\"In\u00edcio\",\"item\":\"https:\\\/\\\/mrnews.com.br\\\/\"},{\"@type\":\"ListItem\",\"position\":2,\"name\":\"Este \u00e9 o valor corrigido que filha da PM Gisele receber\u00e1 de pens\u00e3o; primeiro pagamento j\u00e1 foi realizado\"}]},{\"@type\":\"WebSite\",\"@id\":\"https:\\\/\\\/mrnews.com.br\\\/#website\",\"url\":\"https:\\\/\\\/mrnews.com.br\\\/\",\"name\":\"MRNews\",\"description\":\"MRNews Jogos de hoje da TV, transmiss\u00f5es ao vivo, Not\u00edcias de futebol, Jogos ao vivo, Lives, resumo de novelas, Programa\u00e7\u00e3o da Globo, A Fazenda e BBB\",\"publisher\":{\"@id\":\"https:\\\/\\\/mrnews.com.br\\\/#organization\"},\"potentialAction\":[{\"@type\":\"SearchAction\",\"target\":{\"@type\":\"EntryPoint\",\"urlTemplate\":\"https:\\\/\\\/mrnews.com.br\\\/?s={search_term_string}\"},\"query-input\":{\"@type\":\"PropertyValueSpecification\",\"valueRequired\":true,\"valueName\":\"search_term_string\"}}],\"inLanguage\":\"pt-BR\"},{\"@type\":\"Organization\",\"@id\":\"https:\\\/\\\/mrnews.com.br\\\/#organization\",\"name\":\"MRNews\",\"url\":\"https:\\\/\\\/mrnews.com.br\\\/\",\"logo\":{\"@type\":\"ImageObject\",\"inLanguage\":\"pt-BR\",\"@id\":\"https:\\\/\\\/mrnews.com.br\\\/#\\\/schema\\\/logo\\\/image\\\/\",\"url\":\"https:\\\/\\\/mrnews.com.br\\\/wp-content\\\/uploads\\\/2019\\\/06\\\/MRNewslogo2.png\",\"contentUrl\":\"https:\\\/\\\/mrnews.com.br\\\/wp-content\\\/uploads\\\/2019\\\/06\\\/MRNewslogo2.png\",\"width\":223,\"height\":58,\"caption\":\"MRNews\"},\"image\":{\"@id\":\"https:\\\/\\\/mrnews.com.br\\\/#\\\/schema\\\/logo\\\/image\\\/\"},\"sameAs\":[\"https:\\\/\\\/www.facebook.com\\\/eaipahpah\\\/?locale2=pt_BR\",\"https:\\\/\\\/x.com\\\/conspirou\",\"https:\\\/\\\/www.instagram.com\\\/eai_pahpah\",\"https:\\\/\\\/br.pinterest.com\\\/mrnewsn\\\/boards\\\/\",\"https:\\\/\\\/www.youtube.com\\\/channel\\\/UCacgnpznQ61fifLWr1tQ-vA?view_as=subscriber\"]},{\"@type\":\"Person\",\"@id\":\"https:\\\/\\\/mrnews.com.br\\\/#\\\/schema\\\/person\\\/be3203154562a9f207407861cef7827b\",\"name\":\"MR News\",\"image\":{\"@type\":\"ImageObject\",\"inLanguage\":\"pt-BR\",\"@id\":\"https:\\\/\\\/secure.gravatar.com\\\/avatar\\\/04084e6d73c042b8646e7c17b494073bf0ede3ea13c7105cfc45cbbbc28385a4?s=96&d=monsterid&r=g\",\"url\":\"https:\\\/\\\/secure.gravatar.com\\\/avatar\\\/04084e6d73c042b8646e7c17b494073bf0ede3ea13c7105cfc45cbbbc28385a4?s=96&d=monsterid&r=g\",\"contentUrl\":\"https:\\\/\\\/secure.gravatar.com\\\/avatar\\\/04084e6d73c042b8646e7c17b494073bf0ede3ea13c7105cfc45cbbbc28385a4?s=96&d=monsterid&r=g\",\"caption\":\"MR News\"},\"description\":\"Especializado em jornalismo colaborativo pela FTP em n\u00edvel de p\u00f3s-gradua\u00e7\u00e3o. suporte@oimeliga.combr\",\"sameAs\":[\"HUGO R.\",\"Admin\"],\"url\":\"https:\\\/\\\/mrnews.com.br\\\/index.php\\\/author\\\/admin\\\/\"}]}<\/script>\n<!-- \/ Yoast SEO plugin. -->","yoast_head_json":{"title":"Este \u00e9 o valor corrigido que filha da PM Gisele receber\u00e1 de pens\u00e3o; primeiro pagamento j\u00e1 foi realizado","robots":{"index":"index","follow":"follow","max-snippet":"max-snippet:-1","max-image-preview":"max-image-preview:large","max-video-preview":"max-video-preview:-1"},"canonical":"https:\/\/mrnews.com.br\/index.php\/2026\/04\/27\/este-e-o-valor-corrigido-que-filha-da-pm-gisele-recebera-de-pensao-primeiro-pagamento-ja-foi-realizado\/","og_locale":"pt_BR","og_type":"article","og_title":"Este \u00e9 o valor corrigido que filha da PM Gisele receber\u00e1 de pens\u00e3o; primeiro pagamento j\u00e1 foi realizado","og_description":"Este \u00e9 o valor corrigido que filha da PM Gisele receber\u00e1 de pens\u00e3o; primeiro pagamento j\u00e1 foi realizado A filha da policial militar Gisele Alves Santana come\u00e7ou a receber a pens\u00e3o por morte decorrente do falecimento da m\u00e3e. O primeiro dep\u00f3sito foi efetuado nesta semana, cerca de 49 dias ap\u00f3s o crime que chocou o &hellip;","og_url":"https:\/\/mrnews.com.br\/index.php\/2026\/04\/27\/este-e-o-valor-corrigido-que-filha-da-pm-gisele-recebera-de-pensao-primeiro-pagamento-ja-foi-realizado\/","og_site_name":"MRNews","article_publisher":"https:\/\/www.facebook.com\/eaipahpah\/?locale2=pt_BR","article_published_time":"2026-04-27T09:39:48+00:00","article_modified_time":"2026-04-27T09:42:44+00:00","og_image":[{"width":1638,"height":2048,"url":"https:\/\/mrnews.com.br\/wp-content\/uploads\/2026\/03\/FB_IMG_1773352412674.jpg","type":"image\/jpeg"}],"author":"MR News","twitter_card":"summary_large_image","twitter_creator":"@conspirou","twitter_site":"@conspirou","twitter_misc":{"Escrito por":"MR News","Est. tempo de leitura":"9 minutos"},"schema":{"@context":"https:\/\/schema.org","@graph":[{"@type":"Article","@id":"https:\/\/mrnews.com.br\/index.php\/2026\/04\/27\/este-e-o-valor-corrigido-que-filha-da-pm-gisele-recebera-de-pensao-primeiro-pagamento-ja-foi-realizado\/#article","isPartOf":{"@id":"https:\/\/mrnews.com.br\/index.php\/2026\/04\/27\/este-e-o-valor-corrigido-que-filha-da-pm-gisele-recebera-de-pensao-primeiro-pagamento-ja-foi-realizado\/"},"author":{"name":"MR News","@id":"https:\/\/mrnews.com.br\/#\/schema\/person\/be3203154562a9f207407861cef7827b"},"headline":"Este \u00e9 o valor corrigido que filha da PM Gisele receber\u00e1 de pens\u00e3o; primeiro pagamento j\u00e1 foi realizado","datePublished":"2026-04-27T09:39:48+00:00","dateModified":"2026-04-27T09:42:44+00:00","mainEntityOfPage":{"@id":"https:\/\/mrnews.com.br\/index.php\/2026\/04\/27\/este-e-o-valor-corrigido-que-filha-da-pm-gisele-recebera-de-pensao-primeiro-pagamento-ja-foi-realizado\/"},"wordCount":1600,"commentCount":0,"publisher":{"@id":"https:\/\/mrnews.com.br\/#organization"},"image":{"@id":"https:\/\/mrnews.com.br\/index.php\/2026\/04\/27\/este-e-o-valor-corrigido-que-filha-da-pm-gisele-recebera-de-pensao-primeiro-pagamento-ja-foi-realizado\/#primaryimage"},"thumbnailUrl":"https:\/\/mrnews.com.br\/wp-content\/uploads\/2026\/03\/FB_IMG_1773352412674.jpg","keywords":["caso PM Gisele","feminic\u00eddio brasil","geraldo neto pm","not\u00edcias 2026","pol\u00edcia militar sp","tribunal do j\u00fari","viol\u00eancia contra mulher"],"articleSection":["ESPORTES","NOTICIAS","SERVI\u00c7OS"],"inLanguage":"pt-BR","potentialAction":[{"@type":"CommentAction","name":"Comment","target":["https:\/\/mrnews.com.br\/index.php\/2026\/04\/27\/este-e-o-valor-corrigido-que-filha-da-pm-gisele-recebera-de-pensao-primeiro-pagamento-ja-foi-realizado\/#respond"]}]},{"@type":"WebPage","@id":"https:\/\/mrnews.com.br\/index.php\/2026\/04\/27\/este-e-o-valor-corrigido-que-filha-da-pm-gisele-recebera-de-pensao-primeiro-pagamento-ja-foi-realizado\/","url":"https:\/\/mrnews.com.br\/index.php\/2026\/04\/27\/este-e-o-valor-corrigido-que-filha-da-pm-gisele-recebera-de-pensao-primeiro-pagamento-ja-foi-realizado\/","name":"Este \u00e9 o valor corrigido que filha da PM Gisele receber\u00e1 de pens\u00e3o; primeiro pagamento j\u00e1 foi realizado","isPartOf":{"@id":"https:\/\/mrnews.com.br\/#website"},"primaryImageOfPage":{"@id":"https:\/\/mrnews.com.br\/index.php\/2026\/04\/27\/este-e-o-valor-corrigido-que-filha-da-pm-gisele-recebera-de-pensao-primeiro-pagamento-ja-foi-realizado\/#primaryimage"},"image":{"@id":"https:\/\/mrnews.com.br\/index.php\/2026\/04\/27\/este-e-o-valor-corrigido-que-filha-da-pm-gisele-recebera-de-pensao-primeiro-pagamento-ja-foi-realizado\/#primaryimage"},"thumbnailUrl":"https:\/\/mrnews.com.br\/wp-content\/uploads\/2026\/03\/FB_IMG_1773352412674.jpg","datePublished":"2026-04-27T09:39:48+00:00","dateModified":"2026-04-27T09:42:44+00:00","breadcrumb":{"@id":"https:\/\/mrnews.com.br\/index.php\/2026\/04\/27\/este-e-o-valor-corrigido-que-filha-da-pm-gisele-recebera-de-pensao-primeiro-pagamento-ja-foi-realizado\/#breadcrumb"},"inLanguage":"pt-BR","potentialAction":[{"@type":"ReadAction","target":["https:\/\/mrnews.com.br\/index.php\/2026\/04\/27\/este-e-o-valor-corrigido-que-filha-da-pm-gisele-recebera-de-pensao-primeiro-pagamento-ja-foi-realizado\/"]}]},{"@type":"ImageObject","inLanguage":"pt-BR","@id":"https:\/\/mrnews.com.br\/index.php\/2026\/04\/27\/este-e-o-valor-corrigido-que-filha-da-pm-gisele-recebera-de-pensao-primeiro-pagamento-ja-foi-realizado\/#primaryimage","url":"https:\/\/mrnews.com.br\/wp-content\/uploads\/2026\/03\/FB_IMG_1773352412674.jpg","contentUrl":"https:\/\/mrnews.com.br\/wp-content\/uploads\/2026\/03\/FB_IMG_1773352412674.jpg","width":1638,"height":2048},{"@type":"BreadcrumbList","@id":"https:\/\/mrnews.com.br\/index.php\/2026\/04\/27\/este-e-o-valor-corrigido-que-filha-da-pm-gisele-recebera-de-pensao-primeiro-pagamento-ja-foi-realizado\/#breadcrumb","itemListElement":[{"@type":"ListItem","position":1,"name":"In\u00edcio","item":"https:\/\/mrnews.com.br\/"},{"@type":"ListItem","position":2,"name":"Este \u00e9 o valor corrigido que filha da PM Gisele receber\u00e1 de pens\u00e3o; primeiro pagamento j\u00e1 foi realizado"}]},{"@type":"WebSite","@id":"https:\/\/mrnews.com.br\/#website","url":"https:\/\/mrnews.com.br\/","name":"MRNews","description":"MRNews Jogos de hoje da TV, transmiss\u00f5es ao vivo, Not\u00edcias de futebol, Jogos ao vivo, Lives, resumo de novelas, Programa\u00e7\u00e3o da Globo, A Fazenda e BBB","publisher":{"@id":"https:\/\/mrnews.com.br\/#organization"},"potentialAction":[{"@type":"SearchAction","target":{"@type":"EntryPoint","urlTemplate":"https:\/\/mrnews.com.br\/?s={search_term_string}"},"query-input":{"@type":"PropertyValueSpecification","valueRequired":true,"valueName":"search_term_string"}}],"inLanguage":"pt-BR"},{"@type":"Organization","@id":"https:\/\/mrnews.com.br\/#organization","name":"MRNews","url":"https:\/\/mrnews.com.br\/","logo":{"@type":"ImageObject","inLanguage":"pt-BR","@id":"https:\/\/mrnews.com.br\/#\/schema\/logo\/image\/","url":"https:\/\/mrnews.com.br\/wp-content\/uploads\/2019\/06\/MRNewslogo2.png","contentUrl":"https:\/\/mrnews.com.br\/wp-content\/uploads\/2019\/06\/MRNewslogo2.png","width":223,"height":58,"caption":"MRNews"},"image":{"@id":"https:\/\/mrnews.com.br\/#\/schema\/logo\/image\/"},"sameAs":["https:\/\/www.facebook.com\/eaipahpah\/?locale2=pt_BR","https:\/\/x.com\/conspirou","https:\/\/www.instagram.com\/eai_pahpah","https:\/\/br.pinterest.com\/mrnewsn\/boards\/","https:\/\/www.youtube.com\/channel\/UCacgnpznQ61fifLWr1tQ-vA?view_as=subscriber"]},{"@type":"Person","@id":"https:\/\/mrnews.com.br\/#\/schema\/person\/be3203154562a9f207407861cef7827b","name":"MR News","image":{"@type":"ImageObject","inLanguage":"pt-BR","@id":"https:\/\/secure.gravatar.com\/avatar\/04084e6d73c042b8646e7c17b494073bf0ede3ea13c7105cfc45cbbbc28385a4?s=96&d=monsterid&r=g","url":"https:\/\/secure.gravatar.com\/avatar\/04084e6d73c042b8646e7c17b494073bf0ede3ea13c7105cfc45cbbbc28385a4?s=96&d=monsterid&r=g","contentUrl":"https:\/\/secure.gravatar.com\/avatar\/04084e6d73c042b8646e7c17b494073bf0ede3ea13c7105cfc45cbbbc28385a4?s=96&d=monsterid&r=g","caption":"MR News"},"description":"Especializado em jornalismo colaborativo pela FTP em n\u00edvel de p\u00f3s-gradua\u00e7\u00e3o. suporte@oimeliga.combr","sameAs":["HUGO R.","Admin"],"url":"https:\/\/mrnews.com.br\/index.php\/author\/admin\/"}]}},"jetpack_featured_media_url":"https:\/\/mrnews.com.br\/wp-content\/uploads\/2026\/03\/FB_IMG_1773352412674.jpg","jetpack_sharing_enabled":true,"jetpack_shortlink":"https:\/\/wp.me\/pa2Qf7-1VEd","amp_enabled":true,"_links":{"self":[{"href":"https:\/\/mrnews.com.br\/index.php\/wp-json\/wp\/v2\/posts\/459929","targetHints":{"allow":["GET"]}}],"collection":[{"href":"https:\/\/mrnews.com.br\/index.php\/wp-json\/wp\/v2\/posts"}],"about":[{"href":"https:\/\/mrnews.com.br\/index.php\/wp-json\/wp\/v2\/types\/post"}],"author":[{"embeddable":true,"href":"https:\/\/mrnews.com.br\/index.php\/wp-json\/wp\/v2\/users\/1"}],"replies":[{"embeddable":true,"href":"https:\/\/mrnews.com.br\/index.php\/wp-json\/wp\/v2\/comments?post=459929"}],"version-history":[{"count":2,"href":"https:\/\/mrnews.com.br\/index.php\/wp-json\/wp\/v2\/posts\/459929\/revisions"}],"predecessor-version":[{"id":459931,"href":"https:\/\/mrnews.com.br\/index.php\/wp-json\/wp\/v2\/posts\/459929\/revisions\/459931"}],"wp:featuredmedia":[{"embeddable":true,"href":"https:\/\/mrnews.com.br\/index.php\/wp-json\/wp\/v2\/media\/457154"}],"wp:attachment":[{"href":"https:\/\/mrnews.com.br\/index.php\/wp-json\/wp\/v2\/media?parent=459929"}],"wp:term":[{"taxonomy":"category","embeddable":true,"href":"https:\/\/mrnews.com.br\/index.php\/wp-json\/wp\/v2\/categories?post=459929"},{"taxonomy":"post_tag","embeddable":true,"href":"https:\/\/mrnews.com.br\/index.php\/wp-json\/wp\/v2\/tags?post=459929"}],"curies":[{"name":"wp","href":"https:\/\/api.w.org\/{rel}","templated":true}]}}