{"id":459951,"date":"2026-04-27T11:53:57","date_gmt":"2026-04-27T14:53:57","guid":{"rendered":"https:\/\/mrnews.com.br\/index.php\/2026\/04\/27\/assassinatos-e-casos-de-trabalho-escravo-no-campo-aumentam-no-pais\/"},"modified":"2026-04-27T11:53:57","modified_gmt":"2026-04-27T14:53:57","slug":"assassinatos-e-casos-de-trabalho-escravo-no-campo-aumentam-no-pais","status":"publish","type":"post","link":"https:\/\/mrnews.com.br\/index.php\/2026\/04\/27\/assassinatos-e-casos-de-trabalho-escravo-no-campo-aumentam-no-pais\/","title":{"rendered":"Assassinatos e casos de trabalho escravo no campo aumentam no pa\u00eds"},"content":{"rendered":"<p>Por EBC, <\/p>\n<div>\n<p>A Comiss\u00e3o Pastoral da Terra (CPT) lan\u00e7ou, nesta segunda-feira (27), a 40\u00aa edi\u00e7\u00e3o do relat\u00f3rio <em>Conflitos no Campo Brasil<\/em>. <strong>Houve uma queda de 28% nas ocorr\u00eancias: foram 1.593 em 2025, contra 2.207 em 2024. Por\u00e9m, os assassinatos de trabalhadores e de povos da terra, das \u00e1guas e das florestas dobraram: passaram de 13 para 26 v\u00edtimas no ano passado.<\/strong><\/p>\n<p>\u00a0<\/p>\n<div class=\"dnd-widget-wrapper context-cheio_8colunas type-image\">\n<div class=\"dnd-atom-rendered\"><!-- scald=460588:cheio_8colunas --><\/p>\n<p>    <!-- END scald=460588 --><\/div>\n<p><h6 class=\"meta\">Conflitos no campo no pa\u00eds &#8211; <strong>CPT\/Divulga\u00e7\u00e3o<\/strong><!--END copyright=460588--><\/h6>\n<\/p>\n<\/div>\n<p>A maior parte dos assassinatos aconteceu na Amaz\u00f4nia Legal. <strong>Foram 16 casos, distribu\u00eddos entre os estados do Par\u00e1 (sete), Rond\u00f4nia (sete) e Amazonas (dois)<\/strong>.<\/p>\n<blockquote>\n<p>\u201cEsses n\u00fameros revelam o avan\u00e7o de um projeto hist\u00f3rico de expans\u00e3o colonial e capitalista sobre a Amaz\u00f4nia, que continua atingindo e transformando os povos e territ\u00f3rios inteiros em alvos de expropria\u00e7\u00e3o e exterm\u00ednio\u201d, analisa a integrante da Articula\u00e7\u00e3o das CPTs da Amaz\u00f4nia Larissa Rodrigues.<\/p>\n<\/blockquote>\n<p>Ela tamb\u00e9m atribui esse quadro ao fortalecimento do \u201ccons\u00f3rcio entre grilagem, crime organizado, setores do Estado, al\u00e9m de setores privados, que atuam juntos para atingir terras p\u00fablicas e \u00e1reas protegidas\u201d.<\/p>\n<p><strong>O relat\u00f3rio mostra que os fazendeiros s\u00e3o os principais agentes envolvidos nos assassinatos. Dos 26 casos, eles foram respons\u00e1veis por 20, seja na condi\u00e7\u00e3o de mandantes ou de executores.<\/strong><\/p>\n<p>&gt;&gt; Siga o canal da Ag\u00eancia Brasil no WhatsApp<\/p>\n<p>Outros registros de viol\u00eancia que tamb\u00e9m tiveram crescimento de 2024 para\u00a02025 foram as pris\u00f5es (de 71 para 111), casos de humilha\u00e7\u00e3o (de cinco\u00a0para 142) e c\u00e1rcere privado (de um\u00a0para 105).<\/p>\n<p>\u201cA alta dos casos de humilha\u00e7\u00e3o e c\u00e1rcere, por exemplo, se d\u00e1 pela a\u00e7\u00e3o arbitr\u00e1ria da Pol\u00edcia Militar do estado de Rond\u00f4nia, que, em novembro de 2025, no contexto da Opera\u00e7\u00e3o Godos, interrompeu uma reuni\u00e3o p\u00fablica com cerca de 100 fam\u00edlias sem terra, despejadas de seus acampamentos, e servidores do Minist\u00e9rio do Desenvolvimento Agr\u00e1rio e Agricultura Familiar\u201d, analisa o\u00a0documentalista do Centro de Documenta\u00e7\u00e3o Dom Tom\u00e1s Balduino (Cedoc\/CPT) Gustavo Arruda.<\/p>\n<p>\u201cO aumento dos casos de pris\u00f5es tamb\u00e9m se d\u00e1 por conta de a\u00e7\u00f5es pontuais da for\u00e7a do Estado sobre comunidades. \u00c9 reflexo da pol\u00edcia do estado da Bahia, que prendeu cerca de 24 povos origin\u00e1rios da Terra Ind\u00edgena (TI) Barra Velha; e da Pol\u00edcia Militar de Rond\u00f4nia, que realizou diversas opera\u00e7\u00f5es de persegui\u00e7\u00e3o a integrantes da Liga dos Camponeses Pobres (LCP)\u201d, complementa.<\/p>\n<h2>Viol\u00eancia<\/h2>\n<p>Quando considerados todos os tipos de conflitos, <strong>a\u00a0viol\u00eancia\u00a0por terra tem o maior percentual (75% ou 1.186 casos), seguida\u00a0por conflitos trabalhistas (10% ou 159), conflitos pela \u00e1gua (9% ou 148), e acampamentos, ocupa\u00e7\u00f5es e retomadas (6% ou 100).<\/strong><\/p>\n<p>Os principais casos de viol\u00eancia na\u00a0terra foram: contamina\u00e7\u00e3o por agrot\u00f3xicos (127 casos), invas\u00e3o (193) e pistolagem (113). As principais v\u00edtimas foram os povos ind\u00edgenas (258 ocorr\u00eancias), seguidos por posseiros (248), quilombolas (244) e povos sem-terra (153).<\/p>\n<p>Os fazendeiros representam a categoria que mais causou viol\u00eancia no eixo terra (515 casos), seguidos por empres\u00e1rios (180), governo federal (114) e governos estaduais (85).<\/p>\n<p>Os principais casos de conflito pela \u00e1gua envolveram a resist\u00eancia do povo do campo contra destrui\u00e7\u00e3o ou polui\u00e7\u00e3o (1034), n\u00e3o cumprimento de procedimentos legais (754), diminui\u00e7\u00e3o do acesso \u00e0 \u00e1gua (425) e contamina\u00e7\u00e3o por agrot\u00f3xico (129).<\/p>\n<p>Os ind\u00edgenas foram as principais v\u00edtimas nos conflitos por \u00e1gua (42 ocorr\u00eancias), seguidos dos quilombolas (24), pequenos agricultores (20) e os ribeirinhos (17).<\/p>\n<p>Os principais agentes causadores de viol\u00eancias no eixo \u00e1gua foram: mineradoras (34), empres\u00e1rios (29), garimpeiros (26), fazendeiros (23) e usinas hidrel\u00e9tricas (nove).<\/p>\n<h2>Trabalho escravo<\/h2>\n<p><strong>O relat\u00f3rio da CPT indica que houve aumento de 5% nos casos de trabalho escravo ou an\u00e1logo \u00e0 escravid\u00e3o (foram 159 em 2025) e de 23% no total de trabalhadores resgatados nesta condi\u00e7\u00e3o (1.991).<\/strong><\/p>\n<p>Os pesquisadores destacam a constru\u00e7\u00e3o de uma usina no munic\u00edpio de Porto Alegre do Norte (MT): 586 pessoas foram resgatadas. Elas eram aliciadas nas regi\u00f5es Norte e Nordeste do pa\u00eds, obrigadas a dormir em quartos prec\u00e1rios e superlotados, tinham alimenta\u00e7\u00e3o prec\u00e1ria e sofriam com aus\u00eancia frequente de \u00e1gua e de energia.<\/p>\n<p><strong>As atividades econ\u00f4micas com mais trabalhadores resgatados s\u00e3o: constru\u00e7\u00e3o de usina (586), lavouras (479), cana-de-a\u00e7\u00facar (253), minera\u00e7\u00e3o (170) e pecu\u00e1ria (154). <\/strong>Segundo a CPT, s\u00e3o setores que historicamente concentram os maiores registros de trabalho escravo, com destaque recorrente para as lavouras e a pecu\u00e1ria.<\/p>\n<p>\u00a0<\/p>\n<div class=\"dnd-widget-wrapper context-cheio_8colunas type-image\">\n<div class=\"dnd-atom-rendered\"><!-- scald=460589:cheio_8colunas --><\/p>\n<p>    <!-- END scald=460589 --><\/div>\n<p><h6 class=\"meta\">Trabalho escravo no campo &#8211; <strong>CPT\/Divulga\u00e7\u00e3o<\/strong><!--END copyright=460589--><\/h6>\n<\/p>\n<\/div>\n<h2>Plataforma Socioambiental<\/h2>\n<p><strong>A CPT lan\u00e7ou nesta segunda-feira, em parceria com o Instituto Sociedade, Popula\u00e7\u00e3o e Natureza (ISPN), o Observat\u00f3rio Socioambiental, iniciativa da sociedade civil que re\u00fane dados sistematizados entre 1980 e 2023 sobre viola\u00e7\u00f5es de direitos humanos, desmatamento e expans\u00e3o da agricultura industrial no Brasil.<\/strong><\/p>\n<p>Segundo os organizadores, dados de diferentes fontes estar\u00e3o reunidos, cruzados e disponibilizados em um ambiente digital interativo, que permitir\u00e1 visualizar, de forma segmentada, por estados e munic\u00edpios, a rela\u00e7\u00e3o direta entre o avan\u00e7o da produ\u00e7\u00e3o de <em>commodities <\/em>e os conflitos socioambientais no pa\u00eds.<\/p>\n<p>      <!-- Relacionada --><\/p>\n<p>            <!-- Relacionada -->\n    <\/div>\n","protected":false},"excerpt":{"rendered":"<p>Por EBC, A Comiss\u00e3o Pastoral da Terra (CPT) lan\u00e7ou, nesta segunda-feira (27), a 40\u00aa edi\u00e7\u00e3o do relat\u00f3rio Conflitos no Campo Brasil. Houve uma queda de 28% nas ocorr\u00eancias: foram 1.593 em 2025, contra 2.207 em 2024. Por\u00e9m, os assassinatos de trabalhadores e de povos da terra, das \u00e1guas e das florestas dobraram: passaram de 13 &hellip;<\/p>\n","protected":false},"author":1,"featured_media":0,"comment_status":"open","ping_status":"open","sticky":false,"template":"","format":"standard","meta":{"_jetpack_memberships_contains_paid_content":false,"footnotes":""},"categories":[2,12225,4],"tags":[],"class_list":["post-459951","post","type-post","status-publish","format-standard","hentry","category-entretenimento","category-noticias","category-servicos"],"yoast_head":"<!-- This site is optimized with the Yoast SEO plugin v27.4 - https:\/\/yoast.com\/product\/yoast-seo-wordpress\/ -->\n<title>Assassinatos e casos de trabalho escravo no campo aumentam no pa\u00eds<\/title>\n<meta name=\"robots\" content=\"index, follow, max-snippet:-1, max-image-preview:large, max-video-preview:-1\" \/>\n<link rel=\"canonical\" href=\"https:\/\/agenciabrasil.ebc.com.br\/direitos-humanos\/noticia\/2026-04\/assassinatos-e-casos-de-trabalho-escravo-no-campo-aumentam-no-pais\" \/>\n<meta property=\"og:locale\" content=\"pt_BR\" \/>\n<meta property=\"og:type\" content=\"article\" \/>\n<meta property=\"og:title\" content=\"Assassinatos e casos de trabalho escravo no campo aumentam no pa\u00eds\" \/>\n<meta property=\"og:description\" content=\"Por EBC, A Comiss\u00e3o Pastoral da Terra (CPT) lan\u00e7ou, nesta segunda-feira (27), a 40\u00aa edi\u00e7\u00e3o do relat\u00f3rio Conflitos no Campo Brasil. Houve uma queda de 28% nas ocorr\u00eancias: foram 1.593 em 2025, contra 2.207 em 2024. Por\u00e9m, os assassinatos de trabalhadores e de povos da terra, das \u00e1guas e das florestas dobraram: passaram de 13 &hellip;\" \/>\n<meta property=\"og:url\" content=\"https:\/\/agenciabrasil.ebc.com.br\/direitos-humanos\/noticia\/2026-04\/assassinatos-e-casos-de-trabalho-escravo-no-campo-aumentam-no-pais\" \/>\n<meta property=\"og:site_name\" content=\"MRNews\" \/>\n<meta property=\"article:publisher\" content=\"https:\/\/www.facebook.com\/eaipahpah\/?locale2=pt_BR\" \/>\n<meta property=\"article:published_time\" content=\"2026-04-27T14:53:57+00:00\" \/>\n<meta name=\"author\" content=\"MR News\" \/>\n<meta name=\"twitter:card\" content=\"summary_large_image\" \/>\n<meta name=\"twitter:creator\" content=\"@conspirou\" \/>\n<meta name=\"twitter:site\" content=\"@conspirou\" \/>\n<meta name=\"twitter:label1\" content=\"Escrito por\" \/>\n\t<meta name=\"twitter:data1\" content=\"MR News\" \/>\n\t<meta name=\"twitter:label2\" content=\"Est. tempo de leitura\" \/>\n\t<meta name=\"twitter:data2\" content=\"4 minutos\" \/>\n<script type=\"application\/ld+json\" class=\"yoast-schema-graph\">{\"@context\":\"https:\\\/\\\/schema.org\",\"@graph\":[{\"@type\":\"Article\",\"@id\":\"https:\\\/\\\/agenciabrasil.ebc.com.br\\\/direitos-humanos\\\/noticia\\\/2026-04\\\/assassinatos-e-casos-de-trabalho-escravo-no-campo-aumentam-no-pais#article\",\"isPartOf\":{\"@id\":\"https:\\\/\\\/mrnews.com.br\\\/index.php\\\/2026\\\/04\\\/27\\\/assassinatos-e-casos-de-trabalho-escravo-no-campo-aumentam-no-pais\\\/\"},\"author\":{\"name\":\"MR News\",\"@id\":\"https:\\\/\\\/mrnews.com.br\\\/#\\\/schema\\\/person\\\/be3203154562a9f207407861cef7827b\"},\"headline\":\"Assassinatos e casos de trabalho escravo no campo aumentam no pa\u00eds\",\"datePublished\":\"2026-04-27T14:53:57+00:00\",\"mainEntityOfPage\":{\"@id\":\"https:\\\/\\\/mrnews.com.br\\\/index.php\\\/2026\\\/04\\\/27\\\/assassinatos-e-casos-de-trabalho-escravo-no-campo-aumentam-no-pais\\\/\"},\"wordCount\":845,\"commentCount\":0,\"publisher\":{\"@id\":\"https:\\\/\\\/mrnews.com.br\\\/#organization\"},\"articleSection\":[\"ENTRETENIMENTO\",\"NOTICIAS\",\"SERVI\u00c7OS\"],\"inLanguage\":\"pt-BR\",\"potentialAction\":[{\"@type\":\"CommentAction\",\"name\":\"Comment\",\"target\":[\"https:\\\/\\\/agenciabrasil.ebc.com.br\\\/direitos-humanos\\\/noticia\\\/2026-04\\\/assassinatos-e-casos-de-trabalho-escravo-no-campo-aumentam-no-pais#respond\"]}]},{\"@type\":\"WebPage\",\"@id\":\"https:\\\/\\\/mrnews.com.br\\\/index.php\\\/2026\\\/04\\\/27\\\/assassinatos-e-casos-de-trabalho-escravo-no-campo-aumentam-no-pais\\\/\",\"url\":\"https:\\\/\\\/agenciabrasil.ebc.com.br\\\/direitos-humanos\\\/noticia\\\/2026-04\\\/assassinatos-e-casos-de-trabalho-escravo-no-campo-aumentam-no-pais\",\"name\":\"Assassinatos e casos de trabalho escravo no campo aumentam no pa\u00eds\",\"isPartOf\":{\"@id\":\"https:\\\/\\\/mrnews.com.br\\\/#website\"},\"datePublished\":\"2026-04-27T14:53:57+00:00\",\"breadcrumb\":{\"@id\":\"https:\\\/\\\/agenciabrasil.ebc.com.br\\\/direitos-humanos\\\/noticia\\\/2026-04\\\/assassinatos-e-casos-de-trabalho-escravo-no-campo-aumentam-no-pais#breadcrumb\"},\"inLanguage\":\"pt-BR\",\"potentialAction\":[{\"@type\":\"ReadAction\",\"target\":[\"https:\\\/\\\/agenciabrasil.ebc.com.br\\\/direitos-humanos\\\/noticia\\\/2026-04\\\/assassinatos-e-casos-de-trabalho-escravo-no-campo-aumentam-no-pais\"]}]},{\"@type\":\"BreadcrumbList\",\"@id\":\"https:\\\/\\\/agenciabrasil.ebc.com.br\\\/direitos-humanos\\\/noticia\\\/2026-04\\\/assassinatos-e-casos-de-trabalho-escravo-no-campo-aumentam-no-pais#breadcrumb\",\"itemListElement\":[{\"@type\":\"ListItem\",\"position\":1,\"name\":\"In\u00edcio\",\"item\":\"https:\\\/\\\/mrnews.com.br\\\/\"},{\"@type\":\"ListItem\",\"position\":2,\"name\":\"Assassinatos e casos de trabalho escravo no campo aumentam no pa\u00eds\"}]},{\"@type\":\"WebSite\",\"@id\":\"https:\\\/\\\/mrnews.com.br\\\/#website\",\"url\":\"https:\\\/\\\/mrnews.com.br\\\/\",\"name\":\"MRNews\",\"description\":\"MRNews Jogos de hoje da TV, transmiss\u00f5es ao vivo, Not\u00edcias de futebol, Jogos ao vivo, Lives, resumo de novelas, Programa\u00e7\u00e3o da Globo, A Fazenda e BBB\",\"publisher\":{\"@id\":\"https:\\\/\\\/mrnews.com.br\\\/#organization\"},\"potentialAction\":[{\"@type\":\"SearchAction\",\"target\":{\"@type\":\"EntryPoint\",\"urlTemplate\":\"https:\\\/\\\/mrnews.com.br\\\/?s={search_term_string}\"},\"query-input\":{\"@type\":\"PropertyValueSpecification\",\"valueRequired\":true,\"valueName\":\"search_term_string\"}}],\"inLanguage\":\"pt-BR\"},{\"@type\":\"Organization\",\"@id\":\"https:\\\/\\\/mrnews.com.br\\\/#organization\",\"name\":\"MRNews\",\"url\":\"https:\\\/\\\/mrnews.com.br\\\/\",\"logo\":{\"@type\":\"ImageObject\",\"inLanguage\":\"pt-BR\",\"@id\":\"https:\\\/\\\/mrnews.com.br\\\/#\\\/schema\\\/logo\\\/image\\\/\",\"url\":\"https:\\\/\\\/mrnews.com.br\\\/wp-content\\\/uploads\\\/2019\\\/06\\\/MRNewslogo2.png\",\"contentUrl\":\"https:\\\/\\\/mrnews.com.br\\\/wp-content\\\/uploads\\\/2019\\\/06\\\/MRNewslogo2.png\",\"width\":223,\"height\":58,\"caption\":\"MRNews\"},\"image\":{\"@id\":\"https:\\\/\\\/mrnews.com.br\\\/#\\\/schema\\\/logo\\\/image\\\/\"},\"sameAs\":[\"https:\\\/\\\/www.facebook.com\\\/eaipahpah\\\/?locale2=pt_BR\",\"https:\\\/\\\/x.com\\\/conspirou\",\"https:\\\/\\\/www.instagram.com\\\/eai_pahpah\",\"https:\\\/\\\/br.pinterest.com\\\/mrnewsn\\\/boards\\\/\",\"https:\\\/\\\/www.youtube.com\\\/channel\\\/UCacgnpznQ61fifLWr1tQ-vA?view_as=subscriber\"]},{\"@type\":\"Person\",\"@id\":\"https:\\\/\\\/mrnews.com.br\\\/#\\\/schema\\\/person\\\/be3203154562a9f207407861cef7827b\",\"name\":\"MR News\",\"image\":{\"@type\":\"ImageObject\",\"inLanguage\":\"pt-BR\",\"@id\":\"https:\\\/\\\/secure.gravatar.com\\\/avatar\\\/04084e6d73c042b8646e7c17b494073bf0ede3ea13c7105cfc45cbbbc28385a4?s=96&d=monsterid&r=g\",\"url\":\"https:\\\/\\\/secure.gravatar.com\\\/avatar\\\/04084e6d73c042b8646e7c17b494073bf0ede3ea13c7105cfc45cbbbc28385a4?s=96&d=monsterid&r=g\",\"contentUrl\":\"https:\\\/\\\/secure.gravatar.com\\\/avatar\\\/04084e6d73c042b8646e7c17b494073bf0ede3ea13c7105cfc45cbbbc28385a4?s=96&d=monsterid&r=g\",\"caption\":\"MR News\"},\"description\":\"Especializado em jornalismo colaborativo pela FTP em n\u00edvel de p\u00f3s-gradua\u00e7\u00e3o. suporte@oimeliga.combr\",\"sameAs\":[\"HUGO R.\",\"Admin\"],\"url\":\"https:\\\/\\\/mrnews.com.br\\\/index.php\\\/author\\\/admin\\\/\"}]}<\/script>\n<!-- \/ Yoast SEO plugin. -->","yoast_head_json":{"title":"Assassinatos e casos de trabalho escravo no campo aumentam no pa\u00eds","robots":{"index":"index","follow":"follow","max-snippet":"max-snippet:-1","max-image-preview":"max-image-preview:large","max-video-preview":"max-video-preview:-1"},"canonical":"https:\/\/agenciabrasil.ebc.com.br\/direitos-humanos\/noticia\/2026-04\/assassinatos-e-casos-de-trabalho-escravo-no-campo-aumentam-no-pais","og_locale":"pt_BR","og_type":"article","og_title":"Assassinatos e casos de trabalho escravo no campo aumentam no pa\u00eds","og_description":"Por EBC, A Comiss\u00e3o Pastoral da Terra (CPT) lan\u00e7ou, nesta segunda-feira (27), a 40\u00aa edi\u00e7\u00e3o do relat\u00f3rio Conflitos no Campo Brasil. Houve uma queda de 28% nas ocorr\u00eancias: foram 1.593 em 2025, contra 2.207 em 2024. Por\u00e9m, os assassinatos de trabalhadores e de povos da terra, das \u00e1guas e das florestas dobraram: passaram de 13 &hellip;","og_url":"https:\/\/agenciabrasil.ebc.com.br\/direitos-humanos\/noticia\/2026-04\/assassinatos-e-casos-de-trabalho-escravo-no-campo-aumentam-no-pais","og_site_name":"MRNews","article_publisher":"https:\/\/www.facebook.com\/eaipahpah\/?locale2=pt_BR","article_published_time":"2026-04-27T14:53:57+00:00","author":"MR News","twitter_card":"summary_large_image","twitter_creator":"@conspirou","twitter_site":"@conspirou","twitter_misc":{"Escrito por":"MR News","Est. tempo de leitura":"4 minutos"},"schema":{"@context":"https:\/\/schema.org","@graph":[{"@type":"Article","@id":"https:\/\/agenciabrasil.ebc.com.br\/direitos-humanos\/noticia\/2026-04\/assassinatos-e-casos-de-trabalho-escravo-no-campo-aumentam-no-pais#article","isPartOf":{"@id":"https:\/\/mrnews.com.br\/index.php\/2026\/04\/27\/assassinatos-e-casos-de-trabalho-escravo-no-campo-aumentam-no-pais\/"},"author":{"name":"MR News","@id":"https:\/\/mrnews.com.br\/#\/schema\/person\/be3203154562a9f207407861cef7827b"},"headline":"Assassinatos e casos de trabalho escravo no campo aumentam no pa\u00eds","datePublished":"2026-04-27T14:53:57+00:00","mainEntityOfPage":{"@id":"https:\/\/mrnews.com.br\/index.php\/2026\/04\/27\/assassinatos-e-casos-de-trabalho-escravo-no-campo-aumentam-no-pais\/"},"wordCount":845,"commentCount":0,"publisher":{"@id":"https:\/\/mrnews.com.br\/#organization"},"articleSection":["ENTRETENIMENTO","NOTICIAS","SERVI\u00c7OS"],"inLanguage":"pt-BR","potentialAction":[{"@type":"CommentAction","name":"Comment","target":["https:\/\/agenciabrasil.ebc.com.br\/direitos-humanos\/noticia\/2026-04\/assassinatos-e-casos-de-trabalho-escravo-no-campo-aumentam-no-pais#respond"]}]},{"@type":"WebPage","@id":"https:\/\/mrnews.com.br\/index.php\/2026\/04\/27\/assassinatos-e-casos-de-trabalho-escravo-no-campo-aumentam-no-pais\/","url":"https:\/\/agenciabrasil.ebc.com.br\/direitos-humanos\/noticia\/2026-04\/assassinatos-e-casos-de-trabalho-escravo-no-campo-aumentam-no-pais","name":"Assassinatos e casos de trabalho escravo no campo aumentam no pa\u00eds","isPartOf":{"@id":"https:\/\/mrnews.com.br\/#website"},"datePublished":"2026-04-27T14:53:57+00:00","breadcrumb":{"@id":"https:\/\/agenciabrasil.ebc.com.br\/direitos-humanos\/noticia\/2026-04\/assassinatos-e-casos-de-trabalho-escravo-no-campo-aumentam-no-pais#breadcrumb"},"inLanguage":"pt-BR","potentialAction":[{"@type":"ReadAction","target":["https:\/\/agenciabrasil.ebc.com.br\/direitos-humanos\/noticia\/2026-04\/assassinatos-e-casos-de-trabalho-escravo-no-campo-aumentam-no-pais"]}]},{"@type":"BreadcrumbList","@id":"https:\/\/agenciabrasil.ebc.com.br\/direitos-humanos\/noticia\/2026-04\/assassinatos-e-casos-de-trabalho-escravo-no-campo-aumentam-no-pais#breadcrumb","itemListElement":[{"@type":"ListItem","position":1,"name":"In\u00edcio","item":"https:\/\/mrnews.com.br\/"},{"@type":"ListItem","position":2,"name":"Assassinatos e casos de trabalho escravo no campo aumentam no pa\u00eds"}]},{"@type":"WebSite","@id":"https:\/\/mrnews.com.br\/#website","url":"https:\/\/mrnews.com.br\/","name":"MRNews","description":"MRNews Jogos de hoje da TV, transmiss\u00f5es ao vivo, Not\u00edcias de futebol, Jogos ao vivo, Lives, resumo de novelas, Programa\u00e7\u00e3o da Globo, A Fazenda e BBB","publisher":{"@id":"https:\/\/mrnews.com.br\/#organization"},"potentialAction":[{"@type":"SearchAction","target":{"@type":"EntryPoint","urlTemplate":"https:\/\/mrnews.com.br\/?s={search_term_string}"},"query-input":{"@type":"PropertyValueSpecification","valueRequired":true,"valueName":"search_term_string"}}],"inLanguage":"pt-BR"},{"@type":"Organization","@id":"https:\/\/mrnews.com.br\/#organization","name":"MRNews","url":"https:\/\/mrnews.com.br\/","logo":{"@type":"ImageObject","inLanguage":"pt-BR","@id":"https:\/\/mrnews.com.br\/#\/schema\/logo\/image\/","url":"https:\/\/mrnews.com.br\/wp-content\/uploads\/2019\/06\/MRNewslogo2.png","contentUrl":"https:\/\/mrnews.com.br\/wp-content\/uploads\/2019\/06\/MRNewslogo2.png","width":223,"height":58,"caption":"MRNews"},"image":{"@id":"https:\/\/mrnews.com.br\/#\/schema\/logo\/image\/"},"sameAs":["https:\/\/www.facebook.com\/eaipahpah\/?locale2=pt_BR","https:\/\/x.com\/conspirou","https:\/\/www.instagram.com\/eai_pahpah","https:\/\/br.pinterest.com\/mrnewsn\/boards\/","https:\/\/www.youtube.com\/channel\/UCacgnpznQ61fifLWr1tQ-vA?view_as=subscriber"]},{"@type":"Person","@id":"https:\/\/mrnews.com.br\/#\/schema\/person\/be3203154562a9f207407861cef7827b","name":"MR News","image":{"@type":"ImageObject","inLanguage":"pt-BR","@id":"https:\/\/secure.gravatar.com\/avatar\/04084e6d73c042b8646e7c17b494073bf0ede3ea13c7105cfc45cbbbc28385a4?s=96&d=monsterid&r=g","url":"https:\/\/secure.gravatar.com\/avatar\/04084e6d73c042b8646e7c17b494073bf0ede3ea13c7105cfc45cbbbc28385a4?s=96&d=monsterid&r=g","contentUrl":"https:\/\/secure.gravatar.com\/avatar\/04084e6d73c042b8646e7c17b494073bf0ede3ea13c7105cfc45cbbbc28385a4?s=96&d=monsterid&r=g","caption":"MR News"},"description":"Especializado em jornalismo colaborativo pela FTP em n\u00edvel de p\u00f3s-gradua\u00e7\u00e3o. suporte@oimeliga.combr","sameAs":["HUGO R.","Admin"],"url":"https:\/\/mrnews.com.br\/index.php\/author\/admin\/"}]}},"jetpack_featured_media_url":"","jetpack_sharing_enabled":true,"jetpack_shortlink":"https:\/\/wp.me\/pa2Qf7-1VEz","amp_enabled":true,"_links":{"self":[{"href":"https:\/\/mrnews.com.br\/index.php\/wp-json\/wp\/v2\/posts\/459951","targetHints":{"allow":["GET"]}}],"collection":[{"href":"https:\/\/mrnews.com.br\/index.php\/wp-json\/wp\/v2\/posts"}],"about":[{"href":"https:\/\/mrnews.com.br\/index.php\/wp-json\/wp\/v2\/types\/post"}],"author":[{"embeddable":true,"href":"https:\/\/mrnews.com.br\/index.php\/wp-json\/wp\/v2\/users\/1"}],"replies":[{"embeddable":true,"href":"https:\/\/mrnews.com.br\/index.php\/wp-json\/wp\/v2\/comments?post=459951"}],"version-history":[{"count":0,"href":"https:\/\/mrnews.com.br\/index.php\/wp-json\/wp\/v2\/posts\/459951\/revisions"}],"wp:attachment":[{"href":"https:\/\/mrnews.com.br\/index.php\/wp-json\/wp\/v2\/media?parent=459951"}],"wp:term":[{"taxonomy":"category","embeddable":true,"href":"https:\/\/mrnews.com.br\/index.php\/wp-json\/wp\/v2\/categories?post=459951"},{"taxonomy":"post_tag","embeddable":true,"href":"https:\/\/mrnews.com.br\/index.php\/wp-json\/wp\/v2\/tags?post=459951"}],"curies":[{"name":"wp","href":"https:\/\/api.w.org\/{rel}","templated":true}]}}