{"id":459958,"date":"2026-04-27T16:06:01","date_gmt":"2026-04-27T19:06:01","guid":{"rendered":"https:\/\/mrnews.com.br\/index.php\/2026\/04\/27\/governo-federal-anuncia-recursos-para-o-pronaf-mais-leite\/"},"modified":"2026-04-27T16:06:01","modified_gmt":"2026-04-27T19:06:01","slug":"governo-federal-anuncia-recursos-para-o-pronaf-mais-leite","status":"publish","type":"post","link":"https:\/\/mrnews.com.br\/index.php\/2026\/04\/27\/governo-federal-anuncia-recursos-para-o-pronaf-mais-leite\/","title":{"rendered":"Governo federal anuncia recursos para o Pronaf Mais Leite"},"content":{"rendered":"<p>Por EBC, <\/p>\n<div>\n<p>O governo federal anunciou, nesta segunda-feira (27), em Andradina, no interior de S\u00e3o Paulo, a destina\u00e7\u00e3o de R$ 450 milh\u00f5es em cr\u00e9dito rural subsidiado para o Programa Nacional de Fortalecimento da Agricultura Familiar Mais Leite (Pronaf Mais Leite).\u00a0<\/p>\n<p>O programa \u00e9 uma linha de cr\u00e9dito especial do governo federal focado no aumento da produtividade da pecu\u00e1ria leiteira familiar. O objetivo \u00e9 financiar o melhoramento gen\u00e9tico, com foco na transfer\u00eancia de embri\u00f5es, al\u00e9m de infraestrutura, ordenhadeiras e tanques de resfriamento, visando aumentar a produ\u00e7\u00e3o por animal.<\/p>\n<p><strong>A previs\u00e3o \u00e9 a de financiar at\u00e9 300 mil embri\u00f5es e elevar a produ\u00e7\u00e3o de leite por animal com potencial de 3 a 8 litros por dia para 15 a 30 litros por dia.<\/strong>\u00a0<\/p>\n<p>Devem ser beneficiados cerca de 40 mil produtores familiares que poder\u00e3o utilizar o recurso para comprar matrizes de alto valor gen\u00e9tico, s\u00eamen, \u00f3vulos e embri\u00f5es, servi\u00e7os de insemina\u00e7\u00e3o e FIV (Fertiliza\u00e7\u00e3o in Vitro), ordenhadeiras e tanques de resfriamento, al\u00e9m de investir no manejo, alimenta\u00e7\u00e3o e infraestrutura produtiva.<\/p>\n<p>&gt;&gt; Siga o canal da<strong> Ag\u00eancia Brasil <\/strong>no WhatsApp<\/p>\n<p><strong>Para acessar o cr\u00e9dito, o produtor precisa ter o Cadastro da Agricultura Familiar (CAF) ativo, procurar os agentes financeiros Banco do Brasil, Sicredi, Cresol, Sicoob e Banrisul e apresentar um projeto t\u00e9cnico que demonstre a viabilidade do investimento.<\/strong>\u00a0<\/p>\n<p>O programa tamb\u00e9m inclui apoio da Ag\u00eancia Nacional de Assist\u00eancia T\u00e9cnica e Extens\u00e3o Rural (Anater) para orientar os produtores.\u00a0<\/p>\n<p><strong>Foram disponibilizadas linhas de cr\u00e9dito para as cooperativas da agricultura familiar com taxas de juros de 3% ao ano, e para as demais cooperativas de leite do pa\u00eds, por meio do Programa Renovagro, com juros de 8,5% ao ano.<\/strong><\/p>\n<p>\u201cNo pa\u00eds s\u00e3o 1,150 milh\u00e3o de fam\u00edlias que vivem da produ\u00e7\u00e3o de leite no Brasil. Dessas, 950 mil s\u00e3o fam\u00edlias da agricultura familiar. O leite \u00e9 uma cadeia que \u00e9 constitu\u00edda majoritariamente nas pequenas propriedades, nos assentamentos da reforma agr\u00e1ria, nas propriedades da agricultura familiar. S\u00e3o eles que garantem a produ\u00e7\u00e3o de leite que se transforma na diversidade de produtos que alimenta e leva nutri\u00e7\u00e3o\u201d, disse a ministra do Desenvolvimento Agr\u00e1rio e Agricultura Familiar, Fernanda Machiaveli.<\/p>\n<p><strong>A ministra tamb\u00e9m anunciou a destina\u00e7\u00e3o de R$ 15 milh\u00f5es para a constru\u00e7\u00e3o da primeira f\u00e1brica de leite em p\u00f3 de cooperados no estado de S\u00e3o Paulo<\/strong>, que tamb\u00e9m aumentar\u00e1 a produ\u00e7\u00e3o e a renda para os produtores, e a disponibiliza\u00e7\u00e3o de R$ 28 milh\u00f5es para a assist\u00eancia t\u00e9cnica e extens\u00e3o rural dos produtores com o objetivo de impulsionar a produ\u00e7\u00e3o de leite.\u00a0<\/p>\n<p><strong>\u201cAl\u00e9m disso, no Programa Terra da Gente mais duas \u00e1reas ser\u00e3o desapropriadas pelo governo para o S\u00edtio Boa Vista, em Americana, interior de S\u00e3o Paulo, e a Fazenda Cara\u00fabas, em Santa Quit\u00e9ria, no Cear\u00e1\u201d, anunciou.<\/strong><\/p>\n<p>O vice-presidente da Rep\u00fablica, Geraldo Alckmin, destacou a import\u00e2ncia da agroind\u00fastria e do cooperativismo como agregadores de valor.\u00a0<\/p>\n<p>\u201cTemos que ter a agroind\u00fastria, pegar o produto da terra e fazer manufatura. Aqui ficam duas li\u00e7\u00f5es sobre a import\u00e2ncia do associativismo: quando a gente sonha sozinho \u00e9 s\u00f3 um sonho, mas quando a gente sonha junto \u00e9 o in\u00edcio de uma nova realidade. A outra \u00e9 o cooperativismo, quanto mais abelha mais mel\u201d, disse Alckmin.<\/p>\n<p>      <!-- Relacionada --><\/p>\n<p>            <!-- Relacionada -->\n    <\/div>\n","protected":false},"excerpt":{"rendered":"<p>Por EBC, O governo federal anunciou, nesta segunda-feira (27), em Andradina, no interior de S\u00e3o Paulo, a destina\u00e7\u00e3o de R$ 450 milh\u00f5es em cr\u00e9dito rural subsidiado para o Programa Nacional de Fortalecimento da Agricultura Familiar Mais Leite (Pronaf Mais Leite).\u00a0 O programa \u00e9 uma linha de cr\u00e9dito especial do governo federal focado no aumento da &hellip;<\/p>\n","protected":false},"author":1,"featured_media":0,"comment_status":"open","ping_status":"open","sticky":false,"template":"","format":"standard","meta":{"_jetpack_memberships_contains_paid_content":false,"footnotes":""},"categories":[2,12225,4],"tags":[],"class_list":["post-459958","post","type-post","status-publish","format-standard","hentry","category-entretenimento","category-noticias","category-servicos"],"yoast_head":"<!-- This site is optimized with the Yoast SEO plugin v27.4 - https:\/\/yoast.com\/product\/yoast-seo-wordpress\/ -->\n<title>Governo federal anuncia recursos para o Pronaf Mais Leite<\/title>\n<meta name=\"robots\" content=\"index, follow, max-snippet:-1, max-image-preview:large, max-video-preview:-1\" \/>\n<link rel=\"canonical\" href=\"https:\/\/agenciabrasil.ebc.com.br\/economia\/noticia\/2026-04\/governo-federal-anuncia-recursos-para-o-pronaf-mais-leite\" \/>\n<meta property=\"og:locale\" content=\"pt_BR\" \/>\n<meta property=\"og:type\" content=\"article\" \/>\n<meta property=\"og:title\" content=\"Governo federal anuncia recursos para o Pronaf Mais Leite\" \/>\n<meta property=\"og:description\" content=\"Por EBC, O governo federal anunciou, nesta segunda-feira (27), em Andradina, no interior de S\u00e3o Paulo, a destina\u00e7\u00e3o de R$ 450 milh\u00f5es em cr\u00e9dito rural subsidiado para o Programa Nacional de Fortalecimento da Agricultura Familiar Mais Leite (Pronaf Mais Leite).\u00a0 O programa \u00e9 uma linha de cr\u00e9dito especial do governo federal focado no aumento da &hellip;\" \/>\n<meta property=\"og:url\" content=\"https:\/\/agenciabrasil.ebc.com.br\/economia\/noticia\/2026-04\/governo-federal-anuncia-recursos-para-o-pronaf-mais-leite\" \/>\n<meta property=\"og:site_name\" content=\"MRNews\" \/>\n<meta property=\"article:publisher\" content=\"https:\/\/www.facebook.com\/eaipahpah\/?locale2=pt_BR\" \/>\n<meta property=\"article:published_time\" content=\"2026-04-27T19:06:01+00:00\" \/>\n<meta name=\"author\" content=\"MR News\" \/>\n<meta name=\"twitter:card\" content=\"summary_large_image\" \/>\n<meta name=\"twitter:creator\" content=\"@conspirou\" \/>\n<meta name=\"twitter:site\" content=\"@conspirou\" \/>\n<meta name=\"twitter:label1\" content=\"Escrito por\" \/>\n\t<meta name=\"twitter:data1\" content=\"MR News\" \/>\n\t<meta name=\"twitter:label2\" content=\"Est. tempo de leitura\" \/>\n\t<meta name=\"twitter:data2\" content=\"3 minutos\" \/>\n<script type=\"application\/ld+json\" class=\"yoast-schema-graph\">{\"@context\":\"https:\\\/\\\/schema.org\",\"@graph\":[{\"@type\":\"Article\",\"@id\":\"https:\\\/\\\/agenciabrasil.ebc.com.br\\\/economia\\\/noticia\\\/2026-04\\\/governo-federal-anuncia-recursos-para-o-pronaf-mais-leite#article\",\"isPartOf\":{\"@id\":\"https:\\\/\\\/mrnews.com.br\\\/index.php\\\/2026\\\/04\\\/27\\\/governo-federal-anuncia-recursos-para-o-pronaf-mais-leite\\\/\"},\"author\":{\"name\":\"MR News\",\"@id\":\"https:\\\/\\\/mrnews.com.br\\\/#\\\/schema\\\/person\\\/be3203154562a9f207407861cef7827b\"},\"headline\":\"Governo federal anuncia recursos para o Pronaf Mais Leite\",\"datePublished\":\"2026-04-27T19:06:01+00:00\",\"mainEntityOfPage\":{\"@id\":\"https:\\\/\\\/mrnews.com.br\\\/index.php\\\/2026\\\/04\\\/27\\\/governo-federal-anuncia-recursos-para-o-pronaf-mais-leite\\\/\"},\"wordCount\":582,\"commentCount\":0,\"publisher\":{\"@id\":\"https:\\\/\\\/mrnews.com.br\\\/#organization\"},\"articleSection\":[\"ENTRETENIMENTO\",\"NOTICIAS\",\"SERVI\u00c7OS\"],\"inLanguage\":\"pt-BR\",\"potentialAction\":[{\"@type\":\"CommentAction\",\"name\":\"Comment\",\"target\":[\"https:\\\/\\\/agenciabrasil.ebc.com.br\\\/economia\\\/noticia\\\/2026-04\\\/governo-federal-anuncia-recursos-para-o-pronaf-mais-leite#respond\"]}]},{\"@type\":\"WebPage\",\"@id\":\"https:\\\/\\\/mrnews.com.br\\\/index.php\\\/2026\\\/04\\\/27\\\/governo-federal-anuncia-recursos-para-o-pronaf-mais-leite\\\/\",\"url\":\"https:\\\/\\\/agenciabrasil.ebc.com.br\\\/economia\\\/noticia\\\/2026-04\\\/governo-federal-anuncia-recursos-para-o-pronaf-mais-leite\",\"name\":\"Governo federal anuncia recursos para o Pronaf Mais Leite\",\"isPartOf\":{\"@id\":\"https:\\\/\\\/mrnews.com.br\\\/#website\"},\"datePublished\":\"2026-04-27T19:06:01+00:00\",\"breadcrumb\":{\"@id\":\"https:\\\/\\\/agenciabrasil.ebc.com.br\\\/economia\\\/noticia\\\/2026-04\\\/governo-federal-anuncia-recursos-para-o-pronaf-mais-leite#breadcrumb\"},\"inLanguage\":\"pt-BR\",\"potentialAction\":[{\"@type\":\"ReadAction\",\"target\":[\"https:\\\/\\\/agenciabrasil.ebc.com.br\\\/economia\\\/noticia\\\/2026-04\\\/governo-federal-anuncia-recursos-para-o-pronaf-mais-leite\"]}]},{\"@type\":\"BreadcrumbList\",\"@id\":\"https:\\\/\\\/agenciabrasil.ebc.com.br\\\/economia\\\/noticia\\\/2026-04\\\/governo-federal-anuncia-recursos-para-o-pronaf-mais-leite#breadcrumb\",\"itemListElement\":[{\"@type\":\"ListItem\",\"position\":1,\"name\":\"In\u00edcio\",\"item\":\"https:\\\/\\\/mrnews.com.br\\\/\"},{\"@type\":\"ListItem\",\"position\":2,\"name\":\"Governo federal anuncia recursos para o Pronaf Mais Leite\"}]},{\"@type\":\"WebSite\",\"@id\":\"https:\\\/\\\/mrnews.com.br\\\/#website\",\"url\":\"https:\\\/\\\/mrnews.com.br\\\/\",\"name\":\"MRNews\",\"description\":\"MRNews Jogos de hoje da TV, transmiss\u00f5es ao vivo, Not\u00edcias de futebol, Jogos ao vivo, Lives, resumo de novelas, Programa\u00e7\u00e3o da Globo, A Fazenda e BBB\",\"publisher\":{\"@id\":\"https:\\\/\\\/mrnews.com.br\\\/#organization\"},\"potentialAction\":[{\"@type\":\"SearchAction\",\"target\":{\"@type\":\"EntryPoint\",\"urlTemplate\":\"https:\\\/\\\/mrnews.com.br\\\/?s={search_term_string}\"},\"query-input\":{\"@type\":\"PropertyValueSpecification\",\"valueRequired\":true,\"valueName\":\"search_term_string\"}}],\"inLanguage\":\"pt-BR\"},{\"@type\":\"Organization\",\"@id\":\"https:\\\/\\\/mrnews.com.br\\\/#organization\",\"name\":\"MRNews\",\"url\":\"https:\\\/\\\/mrnews.com.br\\\/\",\"logo\":{\"@type\":\"ImageObject\",\"inLanguage\":\"pt-BR\",\"@id\":\"https:\\\/\\\/mrnews.com.br\\\/#\\\/schema\\\/logo\\\/image\\\/\",\"url\":\"https:\\\/\\\/mrnews.com.br\\\/wp-content\\\/uploads\\\/2019\\\/06\\\/MRNewslogo2.png\",\"contentUrl\":\"https:\\\/\\\/mrnews.com.br\\\/wp-content\\\/uploads\\\/2019\\\/06\\\/MRNewslogo2.png\",\"width\":223,\"height\":58,\"caption\":\"MRNews\"},\"image\":{\"@id\":\"https:\\\/\\\/mrnews.com.br\\\/#\\\/schema\\\/logo\\\/image\\\/\"},\"sameAs\":[\"https:\\\/\\\/www.facebook.com\\\/eaipahpah\\\/?locale2=pt_BR\",\"https:\\\/\\\/x.com\\\/conspirou\",\"https:\\\/\\\/www.instagram.com\\\/eai_pahpah\",\"https:\\\/\\\/br.pinterest.com\\\/mrnewsn\\\/boards\\\/\",\"https:\\\/\\\/www.youtube.com\\\/channel\\\/UCacgnpznQ61fifLWr1tQ-vA?view_as=subscriber\"]},{\"@type\":\"Person\",\"@id\":\"https:\\\/\\\/mrnews.com.br\\\/#\\\/schema\\\/person\\\/be3203154562a9f207407861cef7827b\",\"name\":\"MR News\",\"image\":{\"@type\":\"ImageObject\",\"inLanguage\":\"pt-BR\",\"@id\":\"https:\\\/\\\/secure.gravatar.com\\\/avatar\\\/04084e6d73c042b8646e7c17b494073bf0ede3ea13c7105cfc45cbbbc28385a4?s=96&d=monsterid&r=g\",\"url\":\"https:\\\/\\\/secure.gravatar.com\\\/avatar\\\/04084e6d73c042b8646e7c17b494073bf0ede3ea13c7105cfc45cbbbc28385a4?s=96&d=monsterid&r=g\",\"contentUrl\":\"https:\\\/\\\/secure.gravatar.com\\\/avatar\\\/04084e6d73c042b8646e7c17b494073bf0ede3ea13c7105cfc45cbbbc28385a4?s=96&d=monsterid&r=g\",\"caption\":\"MR News\"},\"description\":\"Especializado em jornalismo colaborativo pela FTP em n\u00edvel de p\u00f3s-gradua\u00e7\u00e3o. suporte@oimeliga.combr\",\"sameAs\":[\"HUGO R.\",\"Admin\"],\"url\":\"https:\\\/\\\/mrnews.com.br\\\/index.php\\\/author\\\/admin\\\/\"}]}<\/script>\n<!-- \/ Yoast SEO plugin. -->","yoast_head_json":{"title":"Governo federal anuncia recursos para o Pronaf Mais Leite","robots":{"index":"index","follow":"follow","max-snippet":"max-snippet:-1","max-image-preview":"max-image-preview:large","max-video-preview":"max-video-preview:-1"},"canonical":"https:\/\/agenciabrasil.ebc.com.br\/economia\/noticia\/2026-04\/governo-federal-anuncia-recursos-para-o-pronaf-mais-leite","og_locale":"pt_BR","og_type":"article","og_title":"Governo federal anuncia recursos para o Pronaf Mais Leite","og_description":"Por EBC, O governo federal anunciou, nesta segunda-feira (27), em Andradina, no interior de S\u00e3o Paulo, a destina\u00e7\u00e3o de R$ 450 milh\u00f5es em cr\u00e9dito rural subsidiado para o Programa Nacional de Fortalecimento da Agricultura Familiar Mais Leite (Pronaf Mais Leite).\u00a0 O programa \u00e9 uma linha de cr\u00e9dito especial do governo federal focado no aumento da &hellip;","og_url":"https:\/\/agenciabrasil.ebc.com.br\/economia\/noticia\/2026-04\/governo-federal-anuncia-recursos-para-o-pronaf-mais-leite","og_site_name":"MRNews","article_publisher":"https:\/\/www.facebook.com\/eaipahpah\/?locale2=pt_BR","article_published_time":"2026-04-27T19:06:01+00:00","author":"MR News","twitter_card":"summary_large_image","twitter_creator":"@conspirou","twitter_site":"@conspirou","twitter_misc":{"Escrito por":"MR News","Est. tempo de leitura":"3 minutos"},"schema":{"@context":"https:\/\/schema.org","@graph":[{"@type":"Article","@id":"https:\/\/agenciabrasil.ebc.com.br\/economia\/noticia\/2026-04\/governo-federal-anuncia-recursos-para-o-pronaf-mais-leite#article","isPartOf":{"@id":"https:\/\/mrnews.com.br\/index.php\/2026\/04\/27\/governo-federal-anuncia-recursos-para-o-pronaf-mais-leite\/"},"author":{"name":"MR News","@id":"https:\/\/mrnews.com.br\/#\/schema\/person\/be3203154562a9f207407861cef7827b"},"headline":"Governo federal anuncia recursos para o Pronaf Mais Leite","datePublished":"2026-04-27T19:06:01+00:00","mainEntityOfPage":{"@id":"https:\/\/mrnews.com.br\/index.php\/2026\/04\/27\/governo-federal-anuncia-recursos-para-o-pronaf-mais-leite\/"},"wordCount":582,"commentCount":0,"publisher":{"@id":"https:\/\/mrnews.com.br\/#organization"},"articleSection":["ENTRETENIMENTO","NOTICIAS","SERVI\u00c7OS"],"inLanguage":"pt-BR","potentialAction":[{"@type":"CommentAction","name":"Comment","target":["https:\/\/agenciabrasil.ebc.com.br\/economia\/noticia\/2026-04\/governo-federal-anuncia-recursos-para-o-pronaf-mais-leite#respond"]}]},{"@type":"WebPage","@id":"https:\/\/mrnews.com.br\/index.php\/2026\/04\/27\/governo-federal-anuncia-recursos-para-o-pronaf-mais-leite\/","url":"https:\/\/agenciabrasil.ebc.com.br\/economia\/noticia\/2026-04\/governo-federal-anuncia-recursos-para-o-pronaf-mais-leite","name":"Governo federal anuncia recursos para o Pronaf Mais Leite","isPartOf":{"@id":"https:\/\/mrnews.com.br\/#website"},"datePublished":"2026-04-27T19:06:01+00:00","breadcrumb":{"@id":"https:\/\/agenciabrasil.ebc.com.br\/economia\/noticia\/2026-04\/governo-federal-anuncia-recursos-para-o-pronaf-mais-leite#breadcrumb"},"inLanguage":"pt-BR","potentialAction":[{"@type":"ReadAction","target":["https:\/\/agenciabrasil.ebc.com.br\/economia\/noticia\/2026-04\/governo-federal-anuncia-recursos-para-o-pronaf-mais-leite"]}]},{"@type":"BreadcrumbList","@id":"https:\/\/agenciabrasil.ebc.com.br\/economia\/noticia\/2026-04\/governo-federal-anuncia-recursos-para-o-pronaf-mais-leite#breadcrumb","itemListElement":[{"@type":"ListItem","position":1,"name":"In\u00edcio","item":"https:\/\/mrnews.com.br\/"},{"@type":"ListItem","position":2,"name":"Governo federal anuncia recursos para o Pronaf Mais Leite"}]},{"@type":"WebSite","@id":"https:\/\/mrnews.com.br\/#website","url":"https:\/\/mrnews.com.br\/","name":"MRNews","description":"MRNews Jogos de hoje da TV, transmiss\u00f5es ao vivo, Not\u00edcias de futebol, Jogos ao vivo, Lives, resumo de novelas, Programa\u00e7\u00e3o da Globo, A Fazenda e BBB","publisher":{"@id":"https:\/\/mrnews.com.br\/#organization"},"potentialAction":[{"@type":"SearchAction","target":{"@type":"EntryPoint","urlTemplate":"https:\/\/mrnews.com.br\/?s={search_term_string}"},"query-input":{"@type":"PropertyValueSpecification","valueRequired":true,"valueName":"search_term_string"}}],"inLanguage":"pt-BR"},{"@type":"Organization","@id":"https:\/\/mrnews.com.br\/#organization","name":"MRNews","url":"https:\/\/mrnews.com.br\/","logo":{"@type":"ImageObject","inLanguage":"pt-BR","@id":"https:\/\/mrnews.com.br\/#\/schema\/logo\/image\/","url":"https:\/\/mrnews.com.br\/wp-content\/uploads\/2019\/06\/MRNewslogo2.png","contentUrl":"https:\/\/mrnews.com.br\/wp-content\/uploads\/2019\/06\/MRNewslogo2.png","width":223,"height":58,"caption":"MRNews"},"image":{"@id":"https:\/\/mrnews.com.br\/#\/schema\/logo\/image\/"},"sameAs":["https:\/\/www.facebook.com\/eaipahpah\/?locale2=pt_BR","https:\/\/x.com\/conspirou","https:\/\/www.instagram.com\/eai_pahpah","https:\/\/br.pinterest.com\/mrnewsn\/boards\/","https:\/\/www.youtube.com\/channel\/UCacgnpznQ61fifLWr1tQ-vA?view_as=subscriber"]},{"@type":"Person","@id":"https:\/\/mrnews.com.br\/#\/schema\/person\/be3203154562a9f207407861cef7827b","name":"MR News","image":{"@type":"ImageObject","inLanguage":"pt-BR","@id":"https:\/\/secure.gravatar.com\/avatar\/04084e6d73c042b8646e7c17b494073bf0ede3ea13c7105cfc45cbbbc28385a4?s=96&d=monsterid&r=g","url":"https:\/\/secure.gravatar.com\/avatar\/04084e6d73c042b8646e7c17b494073bf0ede3ea13c7105cfc45cbbbc28385a4?s=96&d=monsterid&r=g","contentUrl":"https:\/\/secure.gravatar.com\/avatar\/04084e6d73c042b8646e7c17b494073bf0ede3ea13c7105cfc45cbbbc28385a4?s=96&d=monsterid&r=g","caption":"MR News"},"description":"Especializado em jornalismo colaborativo pela FTP em n\u00edvel de p\u00f3s-gradua\u00e7\u00e3o. suporte@oimeliga.combr","sameAs":["HUGO R.","Admin"],"url":"https:\/\/mrnews.com.br\/index.php\/author\/admin\/"}]}},"jetpack_featured_media_url":"","jetpack_sharing_enabled":true,"jetpack_shortlink":"https:\/\/wp.me\/pa2Qf7-1VEG","amp_enabled":true,"_links":{"self":[{"href":"https:\/\/mrnews.com.br\/index.php\/wp-json\/wp\/v2\/posts\/459958","targetHints":{"allow":["GET"]}}],"collection":[{"href":"https:\/\/mrnews.com.br\/index.php\/wp-json\/wp\/v2\/posts"}],"about":[{"href":"https:\/\/mrnews.com.br\/index.php\/wp-json\/wp\/v2\/types\/post"}],"author":[{"embeddable":true,"href":"https:\/\/mrnews.com.br\/index.php\/wp-json\/wp\/v2\/users\/1"}],"replies":[{"embeddable":true,"href":"https:\/\/mrnews.com.br\/index.php\/wp-json\/wp\/v2\/comments?post=459958"}],"version-history":[{"count":0,"href":"https:\/\/mrnews.com.br\/index.php\/wp-json\/wp\/v2\/posts\/459958\/revisions"}],"wp:attachment":[{"href":"https:\/\/mrnews.com.br\/index.php\/wp-json\/wp\/v2\/media?parent=459958"}],"wp:term":[{"taxonomy":"category","embeddable":true,"href":"https:\/\/mrnews.com.br\/index.php\/wp-json\/wp\/v2\/categories?post=459958"},{"taxonomy":"post_tag","embeddable":true,"href":"https:\/\/mrnews.com.br\/index.php\/wp-json\/wp\/v2\/tags?post=459958"}],"curies":[{"name":"wp","href":"https:\/\/api.w.org\/{rel}","templated":true}]}}