{"id":459965,"date":"2026-04-27T19:36:04","date_gmt":"2026-04-27T22:36:04","guid":{"rendered":"https:\/\/mrnews.com.br\/index.php\/2026\/04\/27\/programa-brasil-digital-fortalece-expansao-da-rncp\/"},"modified":"2026-04-27T19:36:04","modified_gmt":"2026-04-27T22:36:04","slug":"programa-brasil-digital-fortalece-expansao-da-rncp","status":"publish","type":"post","link":"https:\/\/mrnews.com.br\/index.php\/2026\/04\/27\/programa-brasil-digital-fortalece-expansao-da-rncp\/","title":{"rendered":"Programa Brasil Digital fortalece expans\u00e3o da RNCP"},"content":{"rendered":"<p>Por EBC, <\/p>\n<div>\n<p>O Minist\u00e9rio das Comunica\u00e7\u00f5es (MCom) incluiu 59 munic\u00edpios em 16 estados na rela\u00e7\u00e3o de selecionados a receberem a implanta\u00e7\u00e3o de esta\u00e7\u00f5es de TV digital para a transmiss\u00e3o da programa\u00e7\u00e3o da Rede Nacional de Comunica\u00e7\u00e3o P\u00fablica (RNCP), gerida pela <strong>Empresa Brasil de Comunica\u00e7\u00e3o (EBC)<\/strong>, e da Rede Legislativa (RL). A lista pode ser conferida clicando aqui.<\/p>\n<p>A medida vai permitir que mais brasileiros possam assistir aos conte\u00fados gerados pela <strong>TV Brasil<\/strong>, <strong>Canal Gov<\/strong>, <strong>Canal Educa\u00e7\u00e3o<\/strong>, <strong>Canal Sa\u00fade<\/strong>, <em>TV C\u00e2mara<\/em>, <em>TV Senado<\/em>, al\u00e9m dos canais das assembleias legislativas estaduais e c\u00e2maras municipais.<\/p>\n<p><strong>A inclus\u00e3o das novas localidades faz parte da estrat\u00e9gia de fortalecimento do programa Brasil Digital, coordenado pelo MCom e executado pela Ag\u00eancia Nacional de Telecomunica\u00e7\u00f5es (Anatel), em parceria com a\u00a0EBC.<\/strong><\/p>\n<p>A pol\u00edtica p\u00fablica seleciona institui\u00e7\u00f5es parceiras para a gest\u00e3o do local de instala\u00e7\u00e3o e da infraestrutura b\u00e1sica necess\u00e1ria para a oferta do servi\u00e7o de televis\u00e3o digital e na aquisi\u00e7\u00e3o e implanta\u00e7\u00e3o de esta\u00e7\u00f5es de televis\u00e3o digital, al\u00e9m de doa\u00e7\u00e3o de equipamentos transmissores para institui\u00e7\u00f5es benefici\u00e1rias.<\/p>\n<p>Para o ministro das Comunica\u00e7\u00f5es, Frederico de Siqueira Filho, o avan\u00e7o do programa refor\u00e7a o compromisso com a democratiza\u00e7\u00e3o do acesso \u00e0 informa\u00e7\u00e3o.<\/p>\n<blockquote>\n<p>\u201cEstamos levando sinal de TV p\u00fablica de qualidade para regi\u00f5es que historicamente n\u00e3o tinham acesso a esse tipo de conte\u00fado. Isso significa mais cidadania, mais transpar\u00eancia e mais oportunidades para a popula\u00e7\u00e3o\u201d, destacou.<\/p>\n<\/blockquote>\n<p>&#8220;A expans\u00e3o da RNCP \u00e9 um objetivo estrat\u00e9gico, mas cumpre uma fun\u00e7\u00e3o adicional, mais importante do que qualquer meta: a de fazer com que o Brasil se reconhe\u00e7a na tela da TV p\u00fablica, gratuita e comprometida com a informa\u00e7\u00e3o e o entretenimento de qualidade&#8221;, afirma o diretor-geral da <strong>EBC<\/strong>, David Butter.<\/p>\n<p><strong>Com o programa Brasil Digital, o governo do Brasil amplia a oferta de radiodifus\u00e3o de sons e imagens digital terrestre e ancilares em munic\u00edpios onde a EBC e a C\u00e2mara dos Deputados n\u00e3o disponham de esta\u00e7\u00e3o licenciada para a execu\u00e7\u00e3o desses servi\u00e7os.<\/strong><\/p>\n<p>Servi\u00e7os ancilares s\u00e3o funcionalidades adicionais da TV digital que ampliam o acesso \u00e0 informa\u00e7\u00e3o, \u00e0 interatividade e \u00e0 acessibilidade, complementando a transmiss\u00e3o de \u00e1udio e v\u00eddeo.<\/p>\n<p>Podem ser institui\u00e7\u00f5es parceiras, \u00f3rg\u00e3o ou entidade da Administra\u00e7\u00e3o P\u00fablica direta ou indireta federal, estadual, distrital ou municipal, inclusive empresas p\u00fablicas, sociedades de economia mista, assembleias legislativas e c\u00e2maras municipais, que disponibilize o local de instala\u00e7\u00e3o e infraestrutura b\u00e1sica, quando dispon\u00edvel, para a implanta\u00e7\u00e3o de esta\u00e7\u00e3o de televis\u00e3o digital.<\/p>\n<p>Al\u00e9m das institui\u00e7\u00f5es parceiras, a <strong>EBC<\/strong> tamb\u00e9m \u00e9 beneficiada no programa Brasil Digital a partir da expans\u00e3o de sua estrutura e canais pr\u00f3prios. Na nova rela\u00e7\u00e3o de selecionados do MCom, por exemplo, a <strong>EBC<\/strong> foi habilitada para operar em munic\u00edpios de Goi\u00e1s, Santa Catarina, S\u00e3o Paulo, Rio Grande do Sul, Paran\u00e1, Pernambuco, Par\u00e1, Mato Grosso do Sul e Minas Gerais.<\/p>\n<p><strong>Com\u00a0a inclus\u00e3o dos novos munic\u00edpios, o Programa Brasil Digital ultrapassa a marca de 1 milh\u00e3o de pessoas beneficiadas com novos canais p\u00fablicos de TV digital.<\/strong> A meta do programa \u00e9 instalar novas esta\u00e7\u00f5es em cerca de 50 munic\u00edpios ainda no primeiro semestre de 2026. Atualmente, estruturas est\u00e3o em fase de implanta\u00e7\u00e3o em aproximadamente 150 cidades brasileiras, com prioridade para regi\u00f5es sem cobertura de TV p\u00fablica e legislativa.<\/p>\n<h2>Sobre a RNCP<\/h2>\n<p>A RNCP \u00e9 a rede que re\u00fane emissoras p\u00fablicas de r\u00e1dio e televis\u00e3o parceiras da <strong>EBC<\/strong> em todo o Brasil. Seu objetivo \u00e9 fortalecer a comunica\u00e7\u00e3o p\u00fablica em escala nacional, garantindo \u00e0 popula\u00e7\u00e3o acesso a conte\u00fados informativos, educativos, culturais e de entretenimento com qualidade e relev\u00e2ncia social.<\/p>\n<p><strong>Ao mesmo tempo em que integra a programa\u00e7\u00e3o nacional, a RNCP valoriza a produ\u00e7\u00e3o regional e estimula a diversidade e a pluralidade de vozes, princ\u00edpios centrais da comunica\u00e7\u00e3o p\u00fablica.<\/strong><\/p>\n<p>Prevista na lei de cria\u00e7\u00e3o da <strong>EBC<\/strong>, a RNCP \u00e9 um instrumento estrat\u00e9gico para ampliar a presen\u00e7a, a coopera\u00e7\u00e3o e o alcance do sistema p\u00fablico de r\u00e1dio e televis\u00e3o no pa\u00eds.<\/p>\n<p>Atualmente, a RNCP \u00e9 formada por 165 emissoras de televis\u00e3o e 168 emissoras de r\u00e1dio.<\/p>\n<p>      <!-- Relacionada --><\/p>\n<p>            <!-- Relacionada -->\n    <\/div>\n","protected":false},"excerpt":{"rendered":"<p>Por EBC, O Minist\u00e9rio das Comunica\u00e7\u00f5es (MCom) incluiu 59 munic\u00edpios em 16 estados na rela\u00e7\u00e3o de selecionados a receberem a implanta\u00e7\u00e3o de esta\u00e7\u00f5es de TV digital para a transmiss\u00e3o da programa\u00e7\u00e3o da Rede Nacional de Comunica\u00e7\u00e3o P\u00fablica (RNCP), gerida pela Empresa Brasil de Comunica\u00e7\u00e3o (EBC), e da Rede Legislativa (RL). A lista pode ser conferida &hellip;<\/p>\n","protected":false},"author":1,"featured_media":0,"comment_status":"open","ping_status":"open","sticky":false,"template":"","format":"standard","meta":{"_jetpack_memberships_contains_paid_content":false,"footnotes":""},"categories":[2,12225,4],"tags":[],"class_list":["post-459965","post","type-post","status-publish","format-standard","hentry","category-entretenimento","category-noticias","category-servicos"],"yoast_head":"<!-- This site is optimized with the Yoast SEO plugin v27.4 - https:\/\/yoast.com\/product\/yoast-seo-wordpress\/ -->\n<title>Programa Brasil Digital fortalece expans\u00e3o da RNCP<\/title>\n<meta name=\"robots\" content=\"index, follow, max-snippet:-1, max-image-preview:large, max-video-preview:-1\" \/>\n<link rel=\"canonical\" href=\"https:\/\/agenciabrasil.ebc.com.br\/cultura\/noticia\/2026-04\/programa-brasil-digital-fortalece-expansao-da-rncp\" \/>\n<meta property=\"og:locale\" content=\"pt_BR\" \/>\n<meta property=\"og:type\" content=\"article\" \/>\n<meta property=\"og:title\" content=\"Programa Brasil Digital fortalece expans\u00e3o da RNCP\" \/>\n<meta property=\"og:description\" content=\"Por EBC, O Minist\u00e9rio das Comunica\u00e7\u00f5es (MCom) incluiu 59 munic\u00edpios em 16 estados na rela\u00e7\u00e3o de selecionados a receberem a implanta\u00e7\u00e3o de esta\u00e7\u00f5es de TV digital para a transmiss\u00e3o da programa\u00e7\u00e3o da Rede Nacional de Comunica\u00e7\u00e3o P\u00fablica (RNCP), gerida pela Empresa Brasil de Comunica\u00e7\u00e3o (EBC), e da Rede Legislativa (RL). A lista pode ser conferida &hellip;\" \/>\n<meta property=\"og:url\" content=\"https:\/\/agenciabrasil.ebc.com.br\/cultura\/noticia\/2026-04\/programa-brasil-digital-fortalece-expansao-da-rncp\" \/>\n<meta property=\"og:site_name\" content=\"MRNews\" \/>\n<meta property=\"article:publisher\" content=\"https:\/\/www.facebook.com\/eaipahpah\/?locale2=pt_BR\" \/>\n<meta property=\"article:published_time\" content=\"2026-04-27T22:36:04+00:00\" \/>\n<meta name=\"author\" content=\"MR News\" \/>\n<meta name=\"twitter:card\" content=\"summary_large_image\" \/>\n<meta name=\"twitter:creator\" content=\"@conspirou\" \/>\n<meta name=\"twitter:site\" content=\"@conspirou\" \/>\n<meta name=\"twitter:label1\" content=\"Escrito por\" \/>\n\t<meta name=\"twitter:data1\" content=\"MR News\" \/>\n\t<meta name=\"twitter:label2\" content=\"Est. tempo de leitura\" \/>\n\t<meta name=\"twitter:data2\" content=\"4 minutos\" \/>\n<script type=\"application\/ld+json\" class=\"yoast-schema-graph\">{\"@context\":\"https:\\\/\\\/schema.org\",\"@graph\":[{\"@type\":\"Article\",\"@id\":\"https:\\\/\\\/agenciabrasil.ebc.com.br\\\/cultura\\\/noticia\\\/2026-04\\\/programa-brasil-digital-fortalece-expansao-da-rncp#article\",\"isPartOf\":{\"@id\":\"https:\\\/\\\/mrnews.com.br\\\/index.php\\\/2026\\\/04\\\/27\\\/programa-brasil-digital-fortalece-expansao-da-rncp\\\/\"},\"author\":{\"name\":\"MR News\",\"@id\":\"https:\\\/\\\/mrnews.com.br\\\/#\\\/schema\\\/person\\\/be3203154562a9f207407861cef7827b\"},\"headline\":\"Programa Brasil Digital fortalece expans\u00e3o da RNCP\",\"datePublished\":\"2026-04-27T22:36:04+00:00\",\"mainEntityOfPage\":{\"@id\":\"https:\\\/\\\/mrnews.com.br\\\/index.php\\\/2026\\\/04\\\/27\\\/programa-brasil-digital-fortalece-expansao-da-rncp\\\/\"},\"wordCount\":755,\"commentCount\":0,\"publisher\":{\"@id\":\"https:\\\/\\\/mrnews.com.br\\\/#organization\"},\"articleSection\":[\"ENTRETENIMENTO\",\"NOTICIAS\",\"SERVI\u00c7OS\"],\"inLanguage\":\"pt-BR\",\"potentialAction\":[{\"@type\":\"CommentAction\",\"name\":\"Comment\",\"target\":[\"https:\\\/\\\/agenciabrasil.ebc.com.br\\\/cultura\\\/noticia\\\/2026-04\\\/programa-brasil-digital-fortalece-expansao-da-rncp#respond\"]}]},{\"@type\":\"WebPage\",\"@id\":\"https:\\\/\\\/mrnews.com.br\\\/index.php\\\/2026\\\/04\\\/27\\\/programa-brasil-digital-fortalece-expansao-da-rncp\\\/\",\"url\":\"https:\\\/\\\/agenciabrasil.ebc.com.br\\\/cultura\\\/noticia\\\/2026-04\\\/programa-brasil-digital-fortalece-expansao-da-rncp\",\"name\":\"Programa Brasil Digital fortalece expans\u00e3o da RNCP\",\"isPartOf\":{\"@id\":\"https:\\\/\\\/mrnews.com.br\\\/#website\"},\"datePublished\":\"2026-04-27T22:36:04+00:00\",\"breadcrumb\":{\"@id\":\"https:\\\/\\\/agenciabrasil.ebc.com.br\\\/cultura\\\/noticia\\\/2026-04\\\/programa-brasil-digital-fortalece-expansao-da-rncp#breadcrumb\"},\"inLanguage\":\"pt-BR\",\"potentialAction\":[{\"@type\":\"ReadAction\",\"target\":[\"https:\\\/\\\/agenciabrasil.ebc.com.br\\\/cultura\\\/noticia\\\/2026-04\\\/programa-brasil-digital-fortalece-expansao-da-rncp\"]}]},{\"@type\":\"BreadcrumbList\",\"@id\":\"https:\\\/\\\/agenciabrasil.ebc.com.br\\\/cultura\\\/noticia\\\/2026-04\\\/programa-brasil-digital-fortalece-expansao-da-rncp#breadcrumb\",\"itemListElement\":[{\"@type\":\"ListItem\",\"position\":1,\"name\":\"In\u00edcio\",\"item\":\"https:\\\/\\\/mrnews.com.br\\\/\"},{\"@type\":\"ListItem\",\"position\":2,\"name\":\"Programa Brasil Digital fortalece expans\u00e3o da RNCP\"}]},{\"@type\":\"WebSite\",\"@id\":\"https:\\\/\\\/mrnews.com.br\\\/#website\",\"url\":\"https:\\\/\\\/mrnews.com.br\\\/\",\"name\":\"MRNews\",\"description\":\"MRNews Jogos de hoje da TV, transmiss\u00f5es ao vivo, Not\u00edcias de futebol, Jogos ao vivo, Lives, resumo de novelas, Programa\u00e7\u00e3o da Globo, A Fazenda e BBB\",\"publisher\":{\"@id\":\"https:\\\/\\\/mrnews.com.br\\\/#organization\"},\"potentialAction\":[{\"@type\":\"SearchAction\",\"target\":{\"@type\":\"EntryPoint\",\"urlTemplate\":\"https:\\\/\\\/mrnews.com.br\\\/?s={search_term_string}\"},\"query-input\":{\"@type\":\"PropertyValueSpecification\",\"valueRequired\":true,\"valueName\":\"search_term_string\"}}],\"inLanguage\":\"pt-BR\"},{\"@type\":\"Organization\",\"@id\":\"https:\\\/\\\/mrnews.com.br\\\/#organization\",\"name\":\"MRNews\",\"url\":\"https:\\\/\\\/mrnews.com.br\\\/\",\"logo\":{\"@type\":\"ImageObject\",\"inLanguage\":\"pt-BR\",\"@id\":\"https:\\\/\\\/mrnews.com.br\\\/#\\\/schema\\\/logo\\\/image\\\/\",\"url\":\"https:\\\/\\\/mrnews.com.br\\\/wp-content\\\/uploads\\\/2019\\\/06\\\/MRNewslogo2.png\",\"contentUrl\":\"https:\\\/\\\/mrnews.com.br\\\/wp-content\\\/uploads\\\/2019\\\/06\\\/MRNewslogo2.png\",\"width\":223,\"height\":58,\"caption\":\"MRNews\"},\"image\":{\"@id\":\"https:\\\/\\\/mrnews.com.br\\\/#\\\/schema\\\/logo\\\/image\\\/\"},\"sameAs\":[\"https:\\\/\\\/www.facebook.com\\\/eaipahpah\\\/?locale2=pt_BR\",\"https:\\\/\\\/x.com\\\/conspirou\",\"https:\\\/\\\/www.instagram.com\\\/eai_pahpah\",\"https:\\\/\\\/br.pinterest.com\\\/mrnewsn\\\/boards\\\/\",\"https:\\\/\\\/www.youtube.com\\\/channel\\\/UCacgnpznQ61fifLWr1tQ-vA?view_as=subscriber\"]},{\"@type\":\"Person\",\"@id\":\"https:\\\/\\\/mrnews.com.br\\\/#\\\/schema\\\/person\\\/be3203154562a9f207407861cef7827b\",\"name\":\"MR News\",\"image\":{\"@type\":\"ImageObject\",\"inLanguage\":\"pt-BR\",\"@id\":\"https:\\\/\\\/secure.gravatar.com\\\/avatar\\\/04084e6d73c042b8646e7c17b494073bf0ede3ea13c7105cfc45cbbbc28385a4?s=96&d=monsterid&r=g\",\"url\":\"https:\\\/\\\/secure.gravatar.com\\\/avatar\\\/04084e6d73c042b8646e7c17b494073bf0ede3ea13c7105cfc45cbbbc28385a4?s=96&d=monsterid&r=g\",\"contentUrl\":\"https:\\\/\\\/secure.gravatar.com\\\/avatar\\\/04084e6d73c042b8646e7c17b494073bf0ede3ea13c7105cfc45cbbbc28385a4?s=96&d=monsterid&r=g\",\"caption\":\"MR News\"},\"description\":\"Especializado em jornalismo colaborativo pela FTP em n\u00edvel de p\u00f3s-gradua\u00e7\u00e3o. suporte@oimeliga.combr\",\"sameAs\":[\"HUGO R.\",\"Admin\"],\"url\":\"https:\\\/\\\/mrnews.com.br\\\/index.php\\\/author\\\/admin\\\/\"}]}<\/script>\n<!-- \/ Yoast SEO plugin. -->","yoast_head_json":{"title":"Programa Brasil Digital fortalece expans\u00e3o da RNCP","robots":{"index":"index","follow":"follow","max-snippet":"max-snippet:-1","max-image-preview":"max-image-preview:large","max-video-preview":"max-video-preview:-1"},"canonical":"https:\/\/agenciabrasil.ebc.com.br\/cultura\/noticia\/2026-04\/programa-brasil-digital-fortalece-expansao-da-rncp","og_locale":"pt_BR","og_type":"article","og_title":"Programa Brasil Digital fortalece expans\u00e3o da RNCP","og_description":"Por EBC, O Minist\u00e9rio das Comunica\u00e7\u00f5es (MCom) incluiu 59 munic\u00edpios em 16 estados na rela\u00e7\u00e3o de selecionados a receberem a implanta\u00e7\u00e3o de esta\u00e7\u00f5es de TV digital para a transmiss\u00e3o da programa\u00e7\u00e3o da Rede Nacional de Comunica\u00e7\u00e3o P\u00fablica (RNCP), gerida pela Empresa Brasil de Comunica\u00e7\u00e3o (EBC), e da Rede Legislativa (RL). A lista pode ser conferida &hellip;","og_url":"https:\/\/agenciabrasil.ebc.com.br\/cultura\/noticia\/2026-04\/programa-brasil-digital-fortalece-expansao-da-rncp","og_site_name":"MRNews","article_publisher":"https:\/\/www.facebook.com\/eaipahpah\/?locale2=pt_BR","article_published_time":"2026-04-27T22:36:04+00:00","author":"MR News","twitter_card":"summary_large_image","twitter_creator":"@conspirou","twitter_site":"@conspirou","twitter_misc":{"Escrito por":"MR News","Est. tempo de leitura":"4 minutos"},"schema":{"@context":"https:\/\/schema.org","@graph":[{"@type":"Article","@id":"https:\/\/agenciabrasil.ebc.com.br\/cultura\/noticia\/2026-04\/programa-brasil-digital-fortalece-expansao-da-rncp#article","isPartOf":{"@id":"https:\/\/mrnews.com.br\/index.php\/2026\/04\/27\/programa-brasil-digital-fortalece-expansao-da-rncp\/"},"author":{"name":"MR News","@id":"https:\/\/mrnews.com.br\/#\/schema\/person\/be3203154562a9f207407861cef7827b"},"headline":"Programa Brasil Digital fortalece expans\u00e3o da RNCP","datePublished":"2026-04-27T22:36:04+00:00","mainEntityOfPage":{"@id":"https:\/\/mrnews.com.br\/index.php\/2026\/04\/27\/programa-brasil-digital-fortalece-expansao-da-rncp\/"},"wordCount":755,"commentCount":0,"publisher":{"@id":"https:\/\/mrnews.com.br\/#organization"},"articleSection":["ENTRETENIMENTO","NOTICIAS","SERVI\u00c7OS"],"inLanguage":"pt-BR","potentialAction":[{"@type":"CommentAction","name":"Comment","target":["https:\/\/agenciabrasil.ebc.com.br\/cultura\/noticia\/2026-04\/programa-brasil-digital-fortalece-expansao-da-rncp#respond"]}]},{"@type":"WebPage","@id":"https:\/\/mrnews.com.br\/index.php\/2026\/04\/27\/programa-brasil-digital-fortalece-expansao-da-rncp\/","url":"https:\/\/agenciabrasil.ebc.com.br\/cultura\/noticia\/2026-04\/programa-brasil-digital-fortalece-expansao-da-rncp","name":"Programa Brasil Digital fortalece expans\u00e3o da RNCP","isPartOf":{"@id":"https:\/\/mrnews.com.br\/#website"},"datePublished":"2026-04-27T22:36:04+00:00","breadcrumb":{"@id":"https:\/\/agenciabrasil.ebc.com.br\/cultura\/noticia\/2026-04\/programa-brasil-digital-fortalece-expansao-da-rncp#breadcrumb"},"inLanguage":"pt-BR","potentialAction":[{"@type":"ReadAction","target":["https:\/\/agenciabrasil.ebc.com.br\/cultura\/noticia\/2026-04\/programa-brasil-digital-fortalece-expansao-da-rncp"]}]},{"@type":"BreadcrumbList","@id":"https:\/\/agenciabrasil.ebc.com.br\/cultura\/noticia\/2026-04\/programa-brasil-digital-fortalece-expansao-da-rncp#breadcrumb","itemListElement":[{"@type":"ListItem","position":1,"name":"In\u00edcio","item":"https:\/\/mrnews.com.br\/"},{"@type":"ListItem","position":2,"name":"Programa Brasil Digital fortalece expans\u00e3o da RNCP"}]},{"@type":"WebSite","@id":"https:\/\/mrnews.com.br\/#website","url":"https:\/\/mrnews.com.br\/","name":"MRNews","description":"MRNews Jogos de hoje da TV, transmiss\u00f5es ao vivo, Not\u00edcias de futebol, Jogos ao vivo, Lives, resumo de novelas, Programa\u00e7\u00e3o da Globo, A Fazenda e BBB","publisher":{"@id":"https:\/\/mrnews.com.br\/#organization"},"potentialAction":[{"@type":"SearchAction","target":{"@type":"EntryPoint","urlTemplate":"https:\/\/mrnews.com.br\/?s={search_term_string}"},"query-input":{"@type":"PropertyValueSpecification","valueRequired":true,"valueName":"search_term_string"}}],"inLanguage":"pt-BR"},{"@type":"Organization","@id":"https:\/\/mrnews.com.br\/#organization","name":"MRNews","url":"https:\/\/mrnews.com.br\/","logo":{"@type":"ImageObject","inLanguage":"pt-BR","@id":"https:\/\/mrnews.com.br\/#\/schema\/logo\/image\/","url":"https:\/\/mrnews.com.br\/wp-content\/uploads\/2019\/06\/MRNewslogo2.png","contentUrl":"https:\/\/mrnews.com.br\/wp-content\/uploads\/2019\/06\/MRNewslogo2.png","width":223,"height":58,"caption":"MRNews"},"image":{"@id":"https:\/\/mrnews.com.br\/#\/schema\/logo\/image\/"},"sameAs":["https:\/\/www.facebook.com\/eaipahpah\/?locale2=pt_BR","https:\/\/x.com\/conspirou","https:\/\/www.instagram.com\/eai_pahpah","https:\/\/br.pinterest.com\/mrnewsn\/boards\/","https:\/\/www.youtube.com\/channel\/UCacgnpznQ61fifLWr1tQ-vA?view_as=subscriber"]},{"@type":"Person","@id":"https:\/\/mrnews.com.br\/#\/schema\/person\/be3203154562a9f207407861cef7827b","name":"MR News","image":{"@type":"ImageObject","inLanguage":"pt-BR","@id":"https:\/\/secure.gravatar.com\/avatar\/04084e6d73c042b8646e7c17b494073bf0ede3ea13c7105cfc45cbbbc28385a4?s=96&d=monsterid&r=g","url":"https:\/\/secure.gravatar.com\/avatar\/04084e6d73c042b8646e7c17b494073bf0ede3ea13c7105cfc45cbbbc28385a4?s=96&d=monsterid&r=g","contentUrl":"https:\/\/secure.gravatar.com\/avatar\/04084e6d73c042b8646e7c17b494073bf0ede3ea13c7105cfc45cbbbc28385a4?s=96&d=monsterid&r=g","caption":"MR News"},"description":"Especializado em jornalismo colaborativo pela FTP em n\u00edvel de p\u00f3s-gradua\u00e7\u00e3o. suporte@oimeliga.combr","sameAs":["HUGO R.","Admin"],"url":"https:\/\/mrnews.com.br\/index.php\/author\/admin\/"}]}},"jetpack_featured_media_url":"","jetpack_sharing_enabled":true,"jetpack_shortlink":"https:\/\/wp.me\/pa2Qf7-1VEN","amp_enabled":true,"_links":{"self":[{"href":"https:\/\/mrnews.com.br\/index.php\/wp-json\/wp\/v2\/posts\/459965","targetHints":{"allow":["GET"]}}],"collection":[{"href":"https:\/\/mrnews.com.br\/index.php\/wp-json\/wp\/v2\/posts"}],"about":[{"href":"https:\/\/mrnews.com.br\/index.php\/wp-json\/wp\/v2\/types\/post"}],"author":[{"embeddable":true,"href":"https:\/\/mrnews.com.br\/index.php\/wp-json\/wp\/v2\/users\/1"}],"replies":[{"embeddable":true,"href":"https:\/\/mrnews.com.br\/index.php\/wp-json\/wp\/v2\/comments?post=459965"}],"version-history":[{"count":0,"href":"https:\/\/mrnews.com.br\/index.php\/wp-json\/wp\/v2\/posts\/459965\/revisions"}],"wp:attachment":[{"href":"https:\/\/mrnews.com.br\/index.php\/wp-json\/wp\/v2\/media?parent=459965"}],"wp:term":[{"taxonomy":"category","embeddable":true,"href":"https:\/\/mrnews.com.br\/index.php\/wp-json\/wp\/v2\/categories?post=459965"},{"taxonomy":"post_tag","embeddable":true,"href":"https:\/\/mrnews.com.br\/index.php\/wp-json\/wp\/v2\/tags?post=459965"}],"curies":[{"name":"wp","href":"https:\/\/api.w.org\/{rel}","templated":true}]}}