{"id":459999,"date":"2026-04-28T09:39:01","date_gmt":"2026-04-28T12:39:01","guid":{"rendered":"https:\/\/mrnews.com.br\/index.php\/2026\/04\/28\/apenas-3-de-presos-provisorios-conseguiram-votar-nas-ultimas-eleicoes\/"},"modified":"2026-04-28T09:39:01","modified_gmt":"2026-04-28T12:39:01","slug":"apenas-3-de-presos-provisorios-conseguiram-votar-nas-ultimas-eleicoes","status":"publish","type":"post","link":"https:\/\/mrnews.com.br\/index.php\/2026\/04\/28\/apenas-3-de-presos-provisorios-conseguiram-votar-nas-ultimas-eleicoes\/","title":{"rendered":"Apenas 3% de presos provis\u00f3rios conseguiram votar nas \u00faltimas elei\u00e7\u00f5es"},"content":{"rendered":"<p>Por EBC, <\/p>\n<div>\n<p>Apesar de o direito ao voto de presos provis\u00f3rios e adolescentes internados estar assegurado pela Constitui\u00e7\u00e3o e a\u00a0Justi\u00e7a Eleitoral, \u00e9 pouco prov\u00e1vel que a maioria consiga exercer esse direito nas elei\u00e7\u00f5es deste ano.<\/p>\n<p><strong>Isso porque h\u00e1 poucas sess\u00f5es eleitorais previstas e instaladas em estabelecimentos prisionais e socioeducativos. Al\u00e9m disso, \u00e9 minorit\u00e1rio o n\u00famero de pessoas em confinamento\u00a0tempor\u00e1rio e adolescentes internados que disp\u00f5em\u00a0de documenta\u00e7\u00e3o completa para o alistamento.<\/strong><\/p>\n<p>Nas elei\u00e7\u00f5es de 2022, segundo relat\u00f3rio da Defensoria P\u00fablica da Uni\u00e3o,\u00a0apenas 3% das pessoas que estavam nessas condi\u00e7\u00f5es exerceram\u00a0o direito de voto.<\/p>\n<h2>Participa\u00e7\u00e3o em queda<\/h2>\n<p>De acordo com o advogado Ariel de Castro Alves, membro da Comiss\u00e3o de Direitos Humanos da Ordem dos Advogados do Brasil (OAB) em\u00a0S\u00e3o Paulo, nas elei\u00e7\u00f5es municipais de 2024 a participa\u00e7\u00e3o foi ainda menor.<\/p>\n<blockquote>\n<p>&#8220;Enquanto em 2022\u00a0t\u00ednhamos quase 13 mil presos aptos a participarem do processo de vota\u00e7\u00e3o, em 2024 esse n\u00famero caiu\u00a0para 6\u00a0mil, mesmo tendo um n\u00famero de mais de 200 mil presos provis\u00f3rios no pa\u00eds&#8221;, disse em entrevista \u00e0\u00a0<em><strong>R\u00e1dio Nacional<\/strong>.<\/em>\u00a0<\/p>\n<\/blockquote>\n<p>Para o especialista, a burocracia impede maior participa\u00e7\u00e3o eleitoral dos presos que aguardam julgamento.<\/p>\n<p>Dados do\u00a0Conselho Nacional de Justi\u00e7a (CNJ) mostram\u00a0que atualmente h\u00e1 no Brasil 200,4 mil (n\u00famero de abril de 2026, do Banco Nacional de Medidas Penais e Pris\u00f5es). Tamb\u00e9m segundo o CNJ, h\u00e1 11.680 adolescentes em meio fechado (interna\u00e7\u00e3o e semiliberdade) no Brasil (informa\u00e7\u00e3o do Painel de Inspe\u00e7\u00f5es no Socioeducativo, de janeiro de 2025).<\/p>\n<p>O prazo para que pessoas presas em regime provis\u00f3rio e adolescentes de 16 anos ou mais internados possam fazer alistamento eleitoral ou solicitar transfer\u00eancia de t\u00edtulo para votar na sess\u00e3o\u00a0onde estejam confinados ou cumprindo medida socioeducativa termina no di 6 de maio.<\/p>\n<p><strong>O direito de essas pessoas votarem est\u00e1 estabelecido na Constitui\u00e7\u00e3o Federal. Segundo o Artigo n\u00ba 15, a cassa\u00e7\u00e3o dos direitos pol\u00edticos ocorre quando h\u00e1 \u201ccondena\u00e7\u00e3o criminal transitada em julgado, enquanto durarem seus efeitos.\u201d<\/strong><\/p>\n<p>O preso provis\u00f3rio \u00e9 a pessoa que n\u00e3o foi condenada, cujo processo n\u00e3o transitou e nem foi julgado. \u00c9 o caso de quem est\u00e1 detido por flagrante, ou cumpre pris\u00e3o tempor\u00e1ria ou preventiva para assegurar o andamento de investiga\u00e7\u00f5es ou processos. Por lei, n\u00e3o devem ficar junto\u00a0com presos j\u00e1 condenados.<\/p>\n<h2>Unanimidade no TSE<\/h2>\n<p><strong>A possibilidade legal de os presos provis\u00f3rios poderem votar foi reafirmada na \u00faltima quinta-feira (23), por unanimidade, pelos\u00a0ministros do Tribunal Superior Eleitoral (TSE).<\/strong><\/p>\n<p>A corte\u00a0foi questionada se as restri\u00e7\u00f5es ao direito dos presos provis\u00f3rios previstas na Lei n\u00ba 15.358\/2026, batizada de\u00a0Lei Raul Jungmann,\u00a0poderiam ser aplicadas nas elei\u00e7\u00f5es de 4 de outubro deste ano (primeiro\u00a0turno).<\/p>\n<p><strong>Apesar de estar em vig\u00eancia, a Lei Raul Jungmann n\u00e3o se aplica \u00e0 pr\u00f3xima elei\u00e7\u00e3o porque n\u00e3o completou um ano em vigor<\/strong>.<\/p>\n<p>Raul Jungmann,\u00a0que morreu\u00a0em janeiro deste ano, era presidente do Instituto Brasileiro de Minera\u00e7\u00e3o (Ibram). Ele iniciou a vida pol\u00edtica no Partido Comunista Brasileiro, foi eleito deputado tr\u00eas vezes e foi ministro nos governos Fernando Henrique Cardoso e Michel Temer. Nesse \u00faltimo, ocupou a pasta de Defesa e Seguran\u00e7a P\u00fablica.<\/p>\n<p>      <!-- Relacionada --><\/p>\n<p>            <!-- Relacionada -->\n    <\/div>\n","protected":false},"excerpt":{"rendered":"<p>Por EBC, Apesar de o direito ao voto de presos provis\u00f3rios e adolescentes internados estar assegurado pela Constitui\u00e7\u00e3o e a\u00a0Justi\u00e7a Eleitoral, \u00e9 pouco prov\u00e1vel que a maioria consiga exercer esse direito nas elei\u00e7\u00f5es deste ano. Isso porque h\u00e1 poucas sess\u00f5es eleitorais previstas e instaladas em estabelecimentos prisionais e socioeducativos. Al\u00e9m disso, \u00e9 minorit\u00e1rio o n\u00famero &hellip;<\/p>\n","protected":false},"author":1,"featured_media":0,"comment_status":"open","ping_status":"open","sticky":false,"template":"","format":"standard","meta":{"_jetpack_memberships_contains_paid_content":false,"footnotes":""},"categories":[2,12225,4],"tags":[],"class_list":["post-459999","post","type-post","status-publish","format-standard","hentry","category-entretenimento","category-noticias","category-servicos"],"yoast_head":"<!-- This site is optimized with the Yoast SEO plugin v27.5 - https:\/\/yoast.com\/product\/yoast-seo-wordpress\/ -->\n<title>Apenas 3% de presos provis\u00f3rios conseguiram votar nas \u00faltimas elei\u00e7\u00f5es<\/title>\n<meta name=\"robots\" content=\"index, follow, max-snippet:-1, max-image-preview:large, max-video-preview:-1\" \/>\n<link rel=\"canonical\" href=\"https:\/\/agenciabrasil.ebc.com.br\/justica\/noticia\/2026-04\/direito-voto-entre-pessoas-reclusas-nao-e-efetivo-no-brasil\" \/>\n<meta property=\"og:locale\" content=\"pt_BR\" \/>\n<meta property=\"og:type\" content=\"article\" \/>\n<meta property=\"og:title\" content=\"Apenas 3% de presos provis\u00f3rios conseguiram votar nas \u00faltimas elei\u00e7\u00f5es\" \/>\n<meta property=\"og:description\" content=\"Por EBC, Apesar de o direito ao voto de presos provis\u00f3rios e adolescentes internados estar assegurado pela Constitui\u00e7\u00e3o e a\u00a0Justi\u00e7a Eleitoral, \u00e9 pouco prov\u00e1vel que a maioria consiga exercer esse direito nas elei\u00e7\u00f5es deste ano. Isso porque h\u00e1 poucas sess\u00f5es eleitorais previstas e instaladas em estabelecimentos prisionais e socioeducativos. Al\u00e9m disso, \u00e9 minorit\u00e1rio o n\u00famero &hellip;\" \/>\n<meta property=\"og:url\" content=\"https:\/\/agenciabrasil.ebc.com.br\/justica\/noticia\/2026-04\/direito-voto-entre-pessoas-reclusas-nao-e-efetivo-no-brasil\" \/>\n<meta property=\"og:site_name\" content=\"MRNews\" \/>\n<meta property=\"article:publisher\" content=\"https:\/\/www.facebook.com\/eaipahpah\/?locale2=pt_BR\" \/>\n<meta property=\"article:published_time\" content=\"2026-04-28T12:39:01+00:00\" \/>\n<meta name=\"author\" content=\"MR News\" \/>\n<meta name=\"twitter:card\" content=\"summary_large_image\" \/>\n<meta name=\"twitter:creator\" content=\"@conspirou\" \/>\n<meta name=\"twitter:site\" content=\"@conspirou\" \/>\n<meta name=\"twitter:label1\" content=\"Escrito por\" \/>\n\t<meta name=\"twitter:data1\" content=\"MR News\" \/>\n\t<meta name=\"twitter:label2\" content=\"Est. tempo de leitura\" \/>\n\t<meta name=\"twitter:data2\" content=\"3 minutos\" \/>\n<script type=\"application\/ld+json\" class=\"yoast-schema-graph\">{\"@context\":\"https:\\\/\\\/schema.org\",\"@graph\":[{\"@type\":\"Article\",\"@id\":\"https:\\\/\\\/agenciabrasil.ebc.com.br\\\/justica\\\/noticia\\\/2026-04\\\/direito-voto-entre-pessoas-reclusas-nao-e-efetivo-no-brasil#article\",\"isPartOf\":{\"@id\":\"https:\\\/\\\/mrnews.com.br\\\/index.php\\\/2026\\\/04\\\/28\\\/apenas-3-de-presos-provisorios-conseguiram-votar-nas-ultimas-eleicoes\\\/\"},\"author\":{\"name\":\"MR News\",\"@id\":\"https:\\\/\\\/mrnews.com.br\\\/#\\\/schema\\\/person\\\/be3203154562a9f207407861cef7827b\"},\"headline\":\"Apenas 3% de presos provis\u00f3rios conseguiram votar nas \u00faltimas elei\u00e7\u00f5es\",\"datePublished\":\"2026-04-28T12:39:01+00:00\",\"mainEntityOfPage\":{\"@id\":\"https:\\\/\\\/mrnews.com.br\\\/index.php\\\/2026\\\/04\\\/28\\\/apenas-3-de-presos-provisorios-conseguiram-votar-nas-ultimas-eleicoes\\\/\"},\"wordCount\":559,\"commentCount\":0,\"publisher\":{\"@id\":\"https:\\\/\\\/mrnews.com.br\\\/#organization\"},\"articleSection\":[\"ENTRETENIMENTO\",\"NOTICIAS\",\"SERVI\u00c7OS\"],\"inLanguage\":\"pt-BR\",\"potentialAction\":[{\"@type\":\"CommentAction\",\"name\":\"Comment\",\"target\":[\"https:\\\/\\\/agenciabrasil.ebc.com.br\\\/justica\\\/noticia\\\/2026-04\\\/direito-voto-entre-pessoas-reclusas-nao-e-efetivo-no-brasil#respond\"]}]},{\"@type\":\"WebPage\",\"@id\":\"https:\\\/\\\/mrnews.com.br\\\/index.php\\\/2026\\\/04\\\/28\\\/apenas-3-de-presos-provisorios-conseguiram-votar-nas-ultimas-eleicoes\\\/\",\"url\":\"https:\\\/\\\/agenciabrasil.ebc.com.br\\\/justica\\\/noticia\\\/2026-04\\\/direito-voto-entre-pessoas-reclusas-nao-e-efetivo-no-brasil\",\"name\":\"Apenas 3% de presos provis\u00f3rios conseguiram votar nas \u00faltimas elei\u00e7\u00f5es\",\"isPartOf\":{\"@id\":\"https:\\\/\\\/mrnews.com.br\\\/#website\"},\"datePublished\":\"2026-04-28T12:39:01+00:00\",\"breadcrumb\":{\"@id\":\"https:\\\/\\\/agenciabrasil.ebc.com.br\\\/justica\\\/noticia\\\/2026-04\\\/direito-voto-entre-pessoas-reclusas-nao-e-efetivo-no-brasil#breadcrumb\"},\"inLanguage\":\"pt-BR\",\"potentialAction\":[{\"@type\":\"ReadAction\",\"target\":[\"https:\\\/\\\/agenciabrasil.ebc.com.br\\\/justica\\\/noticia\\\/2026-04\\\/direito-voto-entre-pessoas-reclusas-nao-e-efetivo-no-brasil\"]}]},{\"@type\":\"BreadcrumbList\",\"@id\":\"https:\\\/\\\/agenciabrasil.ebc.com.br\\\/justica\\\/noticia\\\/2026-04\\\/direito-voto-entre-pessoas-reclusas-nao-e-efetivo-no-brasil#breadcrumb\",\"itemListElement\":[{\"@type\":\"ListItem\",\"position\":1,\"name\":\"In\u00edcio\",\"item\":\"https:\\\/\\\/mrnews.com.br\\\/\"},{\"@type\":\"ListItem\",\"position\":2,\"name\":\"Apenas 3% de presos provis\u00f3rios conseguiram votar nas \u00faltimas elei\u00e7\u00f5es\"}]},{\"@type\":\"WebSite\",\"@id\":\"https:\\\/\\\/mrnews.com.br\\\/#website\",\"url\":\"https:\\\/\\\/mrnews.com.br\\\/\",\"name\":\"MRNews\",\"description\":\"MRNews Jogos de hoje da TV, transmiss\u00f5es ao vivo, Not\u00edcias de futebol, Jogos ao vivo, Lives, resumo de novelas, Programa\u00e7\u00e3o da Globo, A Fazenda e BBB\",\"publisher\":{\"@id\":\"https:\\\/\\\/mrnews.com.br\\\/#organization\"},\"potentialAction\":[{\"@type\":\"SearchAction\",\"target\":{\"@type\":\"EntryPoint\",\"urlTemplate\":\"https:\\\/\\\/mrnews.com.br\\\/?s={search_term_string}\"},\"query-input\":{\"@type\":\"PropertyValueSpecification\",\"valueRequired\":true,\"valueName\":\"search_term_string\"}}],\"inLanguage\":\"pt-BR\"},{\"@type\":\"Organization\",\"@id\":\"https:\\\/\\\/mrnews.com.br\\\/#organization\",\"name\":\"MRNews\",\"url\":\"https:\\\/\\\/mrnews.com.br\\\/\",\"logo\":{\"@type\":\"ImageObject\",\"inLanguage\":\"pt-BR\",\"@id\":\"https:\\\/\\\/mrnews.com.br\\\/#\\\/schema\\\/logo\\\/image\\\/\",\"url\":\"https:\\\/\\\/mrnews.com.br\\\/wp-content\\\/uploads\\\/2019\\\/06\\\/MRNewslogo2.png\",\"contentUrl\":\"https:\\\/\\\/mrnews.com.br\\\/wp-content\\\/uploads\\\/2019\\\/06\\\/MRNewslogo2.png\",\"width\":223,\"height\":58,\"caption\":\"MRNews\"},\"image\":{\"@id\":\"https:\\\/\\\/mrnews.com.br\\\/#\\\/schema\\\/logo\\\/image\\\/\"},\"sameAs\":[\"https:\\\/\\\/www.facebook.com\\\/eaipahpah\\\/?locale2=pt_BR\",\"https:\\\/\\\/x.com\\\/conspirou\",\"https:\\\/\\\/www.instagram.com\\\/eai_pahpah\",\"https:\\\/\\\/br.pinterest.com\\\/mrnewsn\\\/boards\\\/\",\"https:\\\/\\\/www.youtube.com\\\/channel\\\/UCacgnpznQ61fifLWr1tQ-vA?view_as=subscriber\"]},{\"@type\":\"Person\",\"@id\":\"https:\\\/\\\/mrnews.com.br\\\/#\\\/schema\\\/person\\\/be3203154562a9f207407861cef7827b\",\"name\":\"MR News\",\"image\":{\"@type\":\"ImageObject\",\"inLanguage\":\"pt-BR\",\"@id\":\"https:\\\/\\\/secure.gravatar.com\\\/avatar\\\/04084e6d73c042b8646e7c17b494073bf0ede3ea13c7105cfc45cbbbc28385a4?s=96&d=monsterid&r=g\",\"url\":\"https:\\\/\\\/secure.gravatar.com\\\/avatar\\\/04084e6d73c042b8646e7c17b494073bf0ede3ea13c7105cfc45cbbbc28385a4?s=96&d=monsterid&r=g\",\"contentUrl\":\"https:\\\/\\\/secure.gravatar.com\\\/avatar\\\/04084e6d73c042b8646e7c17b494073bf0ede3ea13c7105cfc45cbbbc28385a4?s=96&d=monsterid&r=g\",\"caption\":\"MR News\"},\"description\":\"Especializado em jornalismo colaborativo pela FTP em n\u00edvel de p\u00f3s-gradua\u00e7\u00e3o. suporte@oimeliga.combr\",\"sameAs\":[\"HUGO R.\",\"Admin\"],\"url\":\"https:\\\/\\\/mrnews.com.br\\\/index.php\\\/author\\\/admin\\\/\"}]}<\/script>\n<!-- \/ Yoast SEO plugin. -->","yoast_head_json":{"title":"Apenas 3% de presos provis\u00f3rios conseguiram votar nas \u00faltimas elei\u00e7\u00f5es","robots":{"index":"index","follow":"follow","max-snippet":"max-snippet:-1","max-image-preview":"max-image-preview:large","max-video-preview":"max-video-preview:-1"},"canonical":"https:\/\/agenciabrasil.ebc.com.br\/justica\/noticia\/2026-04\/direito-voto-entre-pessoas-reclusas-nao-e-efetivo-no-brasil","og_locale":"pt_BR","og_type":"article","og_title":"Apenas 3% de presos provis\u00f3rios conseguiram votar nas \u00faltimas elei\u00e7\u00f5es","og_description":"Por EBC, Apesar de o direito ao voto de presos provis\u00f3rios e adolescentes internados estar assegurado pela Constitui\u00e7\u00e3o e a\u00a0Justi\u00e7a Eleitoral, \u00e9 pouco prov\u00e1vel que a maioria consiga exercer esse direito nas elei\u00e7\u00f5es deste ano. Isso porque h\u00e1 poucas sess\u00f5es eleitorais previstas e instaladas em estabelecimentos prisionais e socioeducativos. Al\u00e9m disso, \u00e9 minorit\u00e1rio o n\u00famero &hellip;","og_url":"https:\/\/agenciabrasil.ebc.com.br\/justica\/noticia\/2026-04\/direito-voto-entre-pessoas-reclusas-nao-e-efetivo-no-brasil","og_site_name":"MRNews","article_publisher":"https:\/\/www.facebook.com\/eaipahpah\/?locale2=pt_BR","article_published_time":"2026-04-28T12:39:01+00:00","author":"MR News","twitter_card":"summary_large_image","twitter_creator":"@conspirou","twitter_site":"@conspirou","twitter_misc":{"Escrito por":"MR News","Est. tempo de leitura":"3 minutos"},"schema":{"@context":"https:\/\/schema.org","@graph":[{"@type":"Article","@id":"https:\/\/agenciabrasil.ebc.com.br\/justica\/noticia\/2026-04\/direito-voto-entre-pessoas-reclusas-nao-e-efetivo-no-brasil#article","isPartOf":{"@id":"https:\/\/mrnews.com.br\/index.php\/2026\/04\/28\/apenas-3-de-presos-provisorios-conseguiram-votar-nas-ultimas-eleicoes\/"},"author":{"name":"MR News","@id":"https:\/\/mrnews.com.br\/#\/schema\/person\/be3203154562a9f207407861cef7827b"},"headline":"Apenas 3% de presos provis\u00f3rios conseguiram votar nas \u00faltimas elei\u00e7\u00f5es","datePublished":"2026-04-28T12:39:01+00:00","mainEntityOfPage":{"@id":"https:\/\/mrnews.com.br\/index.php\/2026\/04\/28\/apenas-3-de-presos-provisorios-conseguiram-votar-nas-ultimas-eleicoes\/"},"wordCount":559,"commentCount":0,"publisher":{"@id":"https:\/\/mrnews.com.br\/#organization"},"articleSection":["ENTRETENIMENTO","NOTICIAS","SERVI\u00c7OS"],"inLanguage":"pt-BR","potentialAction":[{"@type":"CommentAction","name":"Comment","target":["https:\/\/agenciabrasil.ebc.com.br\/justica\/noticia\/2026-04\/direito-voto-entre-pessoas-reclusas-nao-e-efetivo-no-brasil#respond"]}]},{"@type":"WebPage","@id":"https:\/\/mrnews.com.br\/index.php\/2026\/04\/28\/apenas-3-de-presos-provisorios-conseguiram-votar-nas-ultimas-eleicoes\/","url":"https:\/\/agenciabrasil.ebc.com.br\/justica\/noticia\/2026-04\/direito-voto-entre-pessoas-reclusas-nao-e-efetivo-no-brasil","name":"Apenas 3% de presos provis\u00f3rios conseguiram votar nas \u00faltimas elei\u00e7\u00f5es","isPartOf":{"@id":"https:\/\/mrnews.com.br\/#website"},"datePublished":"2026-04-28T12:39:01+00:00","breadcrumb":{"@id":"https:\/\/agenciabrasil.ebc.com.br\/justica\/noticia\/2026-04\/direito-voto-entre-pessoas-reclusas-nao-e-efetivo-no-brasil#breadcrumb"},"inLanguage":"pt-BR","potentialAction":[{"@type":"ReadAction","target":["https:\/\/agenciabrasil.ebc.com.br\/justica\/noticia\/2026-04\/direito-voto-entre-pessoas-reclusas-nao-e-efetivo-no-brasil"]}]},{"@type":"BreadcrumbList","@id":"https:\/\/agenciabrasil.ebc.com.br\/justica\/noticia\/2026-04\/direito-voto-entre-pessoas-reclusas-nao-e-efetivo-no-brasil#breadcrumb","itemListElement":[{"@type":"ListItem","position":1,"name":"In\u00edcio","item":"https:\/\/mrnews.com.br\/"},{"@type":"ListItem","position":2,"name":"Apenas 3% de presos provis\u00f3rios conseguiram votar nas \u00faltimas elei\u00e7\u00f5es"}]},{"@type":"WebSite","@id":"https:\/\/mrnews.com.br\/#website","url":"https:\/\/mrnews.com.br\/","name":"MRNews","description":"MRNews Jogos de hoje da TV, transmiss\u00f5es ao vivo, Not\u00edcias de futebol, Jogos ao vivo, Lives, resumo de novelas, Programa\u00e7\u00e3o da Globo, A Fazenda e BBB","publisher":{"@id":"https:\/\/mrnews.com.br\/#organization"},"potentialAction":[{"@type":"SearchAction","target":{"@type":"EntryPoint","urlTemplate":"https:\/\/mrnews.com.br\/?s={search_term_string}"},"query-input":{"@type":"PropertyValueSpecification","valueRequired":true,"valueName":"search_term_string"}}],"inLanguage":"pt-BR"},{"@type":"Organization","@id":"https:\/\/mrnews.com.br\/#organization","name":"MRNews","url":"https:\/\/mrnews.com.br\/","logo":{"@type":"ImageObject","inLanguage":"pt-BR","@id":"https:\/\/mrnews.com.br\/#\/schema\/logo\/image\/","url":"https:\/\/mrnews.com.br\/wp-content\/uploads\/2019\/06\/MRNewslogo2.png","contentUrl":"https:\/\/mrnews.com.br\/wp-content\/uploads\/2019\/06\/MRNewslogo2.png","width":223,"height":58,"caption":"MRNews"},"image":{"@id":"https:\/\/mrnews.com.br\/#\/schema\/logo\/image\/"},"sameAs":["https:\/\/www.facebook.com\/eaipahpah\/?locale2=pt_BR","https:\/\/x.com\/conspirou","https:\/\/www.instagram.com\/eai_pahpah","https:\/\/br.pinterest.com\/mrnewsn\/boards\/","https:\/\/www.youtube.com\/channel\/UCacgnpznQ61fifLWr1tQ-vA?view_as=subscriber"]},{"@type":"Person","@id":"https:\/\/mrnews.com.br\/#\/schema\/person\/be3203154562a9f207407861cef7827b","name":"MR News","image":{"@type":"ImageObject","inLanguage":"pt-BR","@id":"https:\/\/secure.gravatar.com\/avatar\/04084e6d73c042b8646e7c17b494073bf0ede3ea13c7105cfc45cbbbc28385a4?s=96&d=monsterid&r=g","url":"https:\/\/secure.gravatar.com\/avatar\/04084e6d73c042b8646e7c17b494073bf0ede3ea13c7105cfc45cbbbc28385a4?s=96&d=monsterid&r=g","contentUrl":"https:\/\/secure.gravatar.com\/avatar\/04084e6d73c042b8646e7c17b494073bf0ede3ea13c7105cfc45cbbbc28385a4?s=96&d=monsterid&r=g","caption":"MR News"},"description":"Especializado em jornalismo colaborativo pela FTP em n\u00edvel de p\u00f3s-gradua\u00e7\u00e3o. suporte@oimeliga.combr","sameAs":["HUGO R.","Admin"],"url":"https:\/\/mrnews.com.br\/index.php\/author\/admin\/"}]}},"jetpack_featured_media_url":"","jetpack_sharing_enabled":true,"jetpack_shortlink":"https:\/\/wp.me\/pa2Qf7-1VFl","amp_enabled":true,"_links":{"self":[{"href":"https:\/\/mrnews.com.br\/index.php\/wp-json\/wp\/v2\/posts\/459999","targetHints":{"allow":["GET"]}}],"collection":[{"href":"https:\/\/mrnews.com.br\/index.php\/wp-json\/wp\/v2\/posts"}],"about":[{"href":"https:\/\/mrnews.com.br\/index.php\/wp-json\/wp\/v2\/types\/post"}],"author":[{"embeddable":true,"href":"https:\/\/mrnews.com.br\/index.php\/wp-json\/wp\/v2\/users\/1"}],"replies":[{"embeddable":true,"href":"https:\/\/mrnews.com.br\/index.php\/wp-json\/wp\/v2\/comments?post=459999"}],"version-history":[{"count":0,"href":"https:\/\/mrnews.com.br\/index.php\/wp-json\/wp\/v2\/posts\/459999\/revisions"}],"wp:attachment":[{"href":"https:\/\/mrnews.com.br\/index.php\/wp-json\/wp\/v2\/media?parent=459999"}],"wp:term":[{"taxonomy":"category","embeddable":true,"href":"https:\/\/mrnews.com.br\/index.php\/wp-json\/wp\/v2\/categories?post=459999"},{"taxonomy":"post_tag","embeddable":true,"href":"https:\/\/mrnews.com.br\/index.php\/wp-json\/wp\/v2\/tags?post=459999"}],"curies":[{"name":"wp","href":"https:\/\/api.w.org\/{rel}","templated":true}]}}