{"id":460018,"date":"2026-04-28T15:15:59","date_gmt":"2026-04-28T18:15:59","guid":{"rendered":"https:\/\/mrnews.com.br\/index.php\/2026\/04\/28\/lista-de-peixes-e-invertebrados-ameacados-de-extincao-e-atualizada\/"},"modified":"2026-04-28T15:15:59","modified_gmt":"2026-04-28T18:15:59","slug":"lista-de-peixes-e-invertebrados-ameacados-de-extincao-e-atualizada","status":"publish","type":"post","link":"https:\/\/mrnews.com.br\/index.php\/2026\/04\/28\/lista-de-peixes-e-invertebrados-ameacados-de-extincao-e-atualizada\/","title":{"rendered":"Lista de peixes e invertebrados amea\u00e7ados de extin\u00e7\u00e3o \u00e9 atualizada"},"content":{"rendered":"<p>Por EBC, <\/p>\n<div>\n<p><strong>A Lista Nacional Oficial de Esp\u00e9cies da Fauna Amea\u00e7adas de Extin\u00e7\u00e3o para Peixes e Invertebrados Aqu\u00e1ticos foi atualizada nesta ter\u00e7a-feira (28). A revis\u00e3o iniciada em 2024, incluiu novas 100 esp\u00e9cies e excluiu o mesmo n\u00famero, mantendo 490 esp\u00e9cies classificadas.<\/strong><\/p>\n<p>Peixes, arraias, tubar\u00f5es, estrelas-do-mar e mais centenas de esp\u00e9cies que vivem no continente e no mar brasileiro foram analisados em rela\u00e7\u00e3o ao risco de extin\u00e7\u00e3o e, conforme a atual situa\u00e7\u00e3o, foram classificados como Vulner\u00e1vel (VU), Em Perigo (EN) e Criticamente em Perigo (CR).<\/p>\n<p>Segundo o ministro de Meio Ambiente e Mudan\u00e7a do Clima, Jo\u00e3o Paulo Capobianco, a atualiza\u00e7\u00e3o \u00e9 o resultado de uma robusta an\u00e1lise t\u00e9cnica para identificar a efetiva situa\u00e7\u00e3o da fauna brasileira a partir de um esfor\u00e7o conjunto de governos, academia, sociedade civil e setor econ\u00f4mico.<\/p>\n<blockquote>\n<p>\u201cO objetivo, a partir desta iniciativa, \u00e9 mobilizar a\u00e7\u00f5es para que as esp\u00e9cies atualmente pressionadas por diversos fatores tenham suas popula\u00e7\u00f5es recuperadas\u201d, refor\u00e7a.<\/p>\n<\/blockquote>\n<p><strong>A nova lista substitui a vers\u00e3o de 2014 e foi revisada a partir de crit\u00e9rios da Uni\u00e3o Internacional para a Conserva\u00e7\u00e3o da Natureza<\/strong> (IUCN, na sigla em ingl\u00eas), adotados para a avalia\u00e7\u00e3o do tamanho das popula\u00e7\u00f5es, distribui\u00e7\u00e3o geogr\u00e1fica, condi\u00e7\u00f5es de conserva\u00e7\u00e3o dos habitats e press\u00f5es como captura e polui\u00e7\u00e3o.<\/p>\n<p>Al\u00e9m da lista, o Minist\u00e9rio do Meio Ambiente publicou tamb\u00e9m regras e restri\u00e7\u00f5es para prote\u00e7\u00e3o das esp\u00e9cies classificadas e recupera\u00e7\u00e3o de suas popula\u00e7\u00f5es. <strong>S\u00e3o medidas como a proibi\u00e7\u00e3o da captura, transporte, comercializa\u00e7\u00e3o e armazenamento e, ainda, diretrizes para a elabora\u00e7\u00e3o de planos de recupera\u00e7\u00e3o.<\/strong><\/p>\n<h2>Pargo<\/h2>\n<p><strong>De acordo com o Minist\u00e9rio do Meio Ambiente e Mudan\u00e7a do Clima, j\u00e1 est\u00e3o sendo revisados alguns planos de recupera\u00e7\u00e3o de esp\u00e9cies reclassificadas, como o pargo (Lutjanus purpureus), que passou de VU para EN, na lista.<\/strong><\/p>\n<p>Com o novo enquadramento, a esp\u00e9cie ter\u00e1 as medidas de prote\u00e7\u00e3o e manejo intensificadas com o objetivo de reduzir as press\u00f5es causadas pela sobrepesca e captura intensiva de indiv\u00edduos jovens.<\/p>\n<p><strong>Segundo Capobianco, esse \u00e9 um esfor\u00e7o que ter\u00e1 gest\u00e3o compartilhada como o Minist\u00e9rio da Pesca e Aquicultura, objetivando a recomposi\u00e7\u00e3o das popula\u00e7\u00f5es e a continuidade da atividade econ\u00f4mica.<\/strong><\/p>\n<p>\u201cQuando falamos em sustentabilidade na pesca, falamos em garantir equil\u00edbrio: proteger a esp\u00e9cie, respeitar a ci\u00eancia e assegurar que a atividade pesqueira continue gerando alimento, renda e desenvolvimento para o Brasil. O pargo tem grande import\u00e2ncia econ\u00f4mica, mas s\u00f3 haver\u00e1 futuro para essa cadeia se houver responsabilidade no presente\u201d, refor\u00e7a o ministro da Pesca e Aquicultura, Edipo Araujo.<\/p>\n<p>\u00a0<\/p>\n<p>      <!-- Relacionada --><\/p>\n<p>            <!-- Relacionada -->\n    <\/div>\n","protected":false},"excerpt":{"rendered":"<p>Por EBC, A Lista Nacional Oficial de Esp\u00e9cies da Fauna Amea\u00e7adas de Extin\u00e7\u00e3o para Peixes e Invertebrados Aqu\u00e1ticos foi atualizada nesta ter\u00e7a-feira (28). A revis\u00e3o iniciada em 2024, incluiu novas 100 esp\u00e9cies e excluiu o mesmo n\u00famero, mantendo 490 esp\u00e9cies classificadas. Peixes, arraias, tubar\u00f5es, estrelas-do-mar e mais centenas de esp\u00e9cies que vivem no continente e &hellip;<\/p>\n","protected":false},"author":1,"featured_media":0,"comment_status":"open","ping_status":"open","sticky":false,"template":"","format":"standard","meta":{"_jetpack_memberships_contains_paid_content":false,"footnotes":""},"categories":[2,12225,4],"tags":[],"class_list":["post-460018","post","type-post","status-publish","format-standard","hentry","category-entretenimento","category-noticias","category-servicos"],"yoast_head":"<!-- This site is optimized with the Yoast SEO plugin v27.5 - https:\/\/yoast.com\/product\/yoast-seo-wordpress\/ -->\n<title>Lista de peixes e invertebrados amea\u00e7ados de extin\u00e7\u00e3o \u00e9 atualizada<\/title>\n<meta name=\"robots\" content=\"index, follow, max-snippet:-1, max-image-preview:large, max-video-preview:-1\" \/>\n<link rel=\"canonical\" href=\"https:\/\/agenciabrasil.ebc.com.br\/meio-ambiente\/noticia\/2026-04\/lista-de-peixes-e-invertebrados-ameacados-de-extincao-e-atualizada\" \/>\n<meta property=\"og:locale\" content=\"pt_BR\" \/>\n<meta property=\"og:type\" content=\"article\" \/>\n<meta property=\"og:title\" content=\"Lista de peixes e invertebrados amea\u00e7ados de extin\u00e7\u00e3o \u00e9 atualizada\" \/>\n<meta property=\"og:description\" content=\"Por EBC, A Lista Nacional Oficial de Esp\u00e9cies da Fauna Amea\u00e7adas de Extin\u00e7\u00e3o para Peixes e Invertebrados Aqu\u00e1ticos foi atualizada nesta ter\u00e7a-feira (28). A revis\u00e3o iniciada em 2024, incluiu novas 100 esp\u00e9cies e excluiu o mesmo n\u00famero, mantendo 490 esp\u00e9cies classificadas. Peixes, arraias, tubar\u00f5es, estrelas-do-mar e mais centenas de esp\u00e9cies que vivem no continente e &hellip;\" \/>\n<meta property=\"og:url\" content=\"https:\/\/agenciabrasil.ebc.com.br\/meio-ambiente\/noticia\/2026-04\/lista-de-peixes-e-invertebrados-ameacados-de-extincao-e-atualizada\" \/>\n<meta property=\"og:site_name\" content=\"MRNews\" \/>\n<meta property=\"article:publisher\" content=\"https:\/\/www.facebook.com\/eaipahpah\/?locale2=pt_BR\" \/>\n<meta property=\"article:published_time\" content=\"2026-04-28T18:15:59+00:00\" \/>\n<meta name=\"author\" content=\"MR News\" \/>\n<meta name=\"twitter:card\" content=\"summary_large_image\" \/>\n<meta name=\"twitter:creator\" content=\"@conspirou\" \/>\n<meta name=\"twitter:site\" content=\"@conspirou\" \/>\n<meta name=\"twitter:label1\" content=\"Escrito por\" \/>\n\t<meta name=\"twitter:data1\" content=\"MR News\" \/>\n\t<meta name=\"twitter:label2\" content=\"Est. tempo de leitura\" \/>\n\t<meta name=\"twitter:data2\" content=\"2 minutos\" \/>\n<script type=\"application\/ld+json\" class=\"yoast-schema-graph\">{\"@context\":\"https:\\\/\\\/schema.org\",\"@graph\":[{\"@type\":\"Article\",\"@id\":\"https:\\\/\\\/agenciabrasil.ebc.com.br\\\/meio-ambiente\\\/noticia\\\/2026-04\\\/lista-de-peixes-e-invertebrados-ameacados-de-extincao-e-atualizada#article\",\"isPartOf\":{\"@id\":\"https:\\\/\\\/mrnews.com.br\\\/index.php\\\/2026\\\/04\\\/28\\\/lista-de-peixes-e-invertebrados-ameacados-de-extincao-e-atualizada\\\/\"},\"author\":{\"name\":\"MR News\",\"@id\":\"https:\\\/\\\/mrnews.com.br\\\/#\\\/schema\\\/person\\\/be3203154562a9f207407861cef7827b\"},\"headline\":\"Lista de peixes e invertebrados amea\u00e7ados de extin\u00e7\u00e3o \u00e9 atualizada\",\"datePublished\":\"2026-04-28T18:15:59+00:00\",\"mainEntityOfPage\":{\"@id\":\"https:\\\/\\\/mrnews.com.br\\\/index.php\\\/2026\\\/04\\\/28\\\/lista-de-peixes-e-invertebrados-ameacados-de-extincao-e-atualizada\\\/\"},\"wordCount\":475,\"commentCount\":0,\"publisher\":{\"@id\":\"https:\\\/\\\/mrnews.com.br\\\/#organization\"},\"articleSection\":[\"ENTRETENIMENTO\",\"NOTICIAS\",\"SERVI\u00c7OS\"],\"inLanguage\":\"pt-BR\",\"potentialAction\":[{\"@type\":\"CommentAction\",\"name\":\"Comment\",\"target\":[\"https:\\\/\\\/agenciabrasil.ebc.com.br\\\/meio-ambiente\\\/noticia\\\/2026-04\\\/lista-de-peixes-e-invertebrados-ameacados-de-extincao-e-atualizada#respond\"]}]},{\"@type\":\"WebPage\",\"@id\":\"https:\\\/\\\/mrnews.com.br\\\/index.php\\\/2026\\\/04\\\/28\\\/lista-de-peixes-e-invertebrados-ameacados-de-extincao-e-atualizada\\\/\",\"url\":\"https:\\\/\\\/agenciabrasil.ebc.com.br\\\/meio-ambiente\\\/noticia\\\/2026-04\\\/lista-de-peixes-e-invertebrados-ameacados-de-extincao-e-atualizada\",\"name\":\"Lista de peixes e invertebrados amea\u00e7ados de extin\u00e7\u00e3o \u00e9 atualizada\",\"isPartOf\":{\"@id\":\"https:\\\/\\\/mrnews.com.br\\\/#website\"},\"datePublished\":\"2026-04-28T18:15:59+00:00\",\"breadcrumb\":{\"@id\":\"https:\\\/\\\/agenciabrasil.ebc.com.br\\\/meio-ambiente\\\/noticia\\\/2026-04\\\/lista-de-peixes-e-invertebrados-ameacados-de-extincao-e-atualizada#breadcrumb\"},\"inLanguage\":\"pt-BR\",\"potentialAction\":[{\"@type\":\"ReadAction\",\"target\":[\"https:\\\/\\\/agenciabrasil.ebc.com.br\\\/meio-ambiente\\\/noticia\\\/2026-04\\\/lista-de-peixes-e-invertebrados-ameacados-de-extincao-e-atualizada\"]}]},{\"@type\":\"BreadcrumbList\",\"@id\":\"https:\\\/\\\/agenciabrasil.ebc.com.br\\\/meio-ambiente\\\/noticia\\\/2026-04\\\/lista-de-peixes-e-invertebrados-ameacados-de-extincao-e-atualizada#breadcrumb\",\"itemListElement\":[{\"@type\":\"ListItem\",\"position\":1,\"name\":\"In\u00edcio\",\"item\":\"https:\\\/\\\/mrnews.com.br\\\/\"},{\"@type\":\"ListItem\",\"position\":2,\"name\":\"Lista de peixes e invertebrados amea\u00e7ados de extin\u00e7\u00e3o \u00e9 atualizada\"}]},{\"@type\":\"WebSite\",\"@id\":\"https:\\\/\\\/mrnews.com.br\\\/#website\",\"url\":\"https:\\\/\\\/mrnews.com.br\\\/\",\"name\":\"MRNews\",\"description\":\"MRNews Jogos de hoje da TV, transmiss\u00f5es ao vivo, Not\u00edcias de futebol, Jogos ao vivo, Lives, resumo de novelas, Programa\u00e7\u00e3o da Globo, A Fazenda e BBB\",\"publisher\":{\"@id\":\"https:\\\/\\\/mrnews.com.br\\\/#organization\"},\"potentialAction\":[{\"@type\":\"SearchAction\",\"target\":{\"@type\":\"EntryPoint\",\"urlTemplate\":\"https:\\\/\\\/mrnews.com.br\\\/?s={search_term_string}\"},\"query-input\":{\"@type\":\"PropertyValueSpecification\",\"valueRequired\":true,\"valueName\":\"search_term_string\"}}],\"inLanguage\":\"pt-BR\"},{\"@type\":\"Organization\",\"@id\":\"https:\\\/\\\/mrnews.com.br\\\/#organization\",\"name\":\"MRNews\",\"url\":\"https:\\\/\\\/mrnews.com.br\\\/\",\"logo\":{\"@type\":\"ImageObject\",\"inLanguage\":\"pt-BR\",\"@id\":\"https:\\\/\\\/mrnews.com.br\\\/#\\\/schema\\\/logo\\\/image\\\/\",\"url\":\"https:\\\/\\\/mrnews.com.br\\\/wp-content\\\/uploads\\\/2019\\\/06\\\/MRNewslogo2.png\",\"contentUrl\":\"https:\\\/\\\/mrnews.com.br\\\/wp-content\\\/uploads\\\/2019\\\/06\\\/MRNewslogo2.png\",\"width\":223,\"height\":58,\"caption\":\"MRNews\"},\"image\":{\"@id\":\"https:\\\/\\\/mrnews.com.br\\\/#\\\/schema\\\/logo\\\/image\\\/\"},\"sameAs\":[\"https:\\\/\\\/www.facebook.com\\\/eaipahpah\\\/?locale2=pt_BR\",\"https:\\\/\\\/x.com\\\/conspirou\",\"https:\\\/\\\/www.instagram.com\\\/eai_pahpah\",\"https:\\\/\\\/br.pinterest.com\\\/mrnewsn\\\/boards\\\/\",\"https:\\\/\\\/www.youtube.com\\\/channel\\\/UCacgnpznQ61fifLWr1tQ-vA?view_as=subscriber\"]},{\"@type\":\"Person\",\"@id\":\"https:\\\/\\\/mrnews.com.br\\\/#\\\/schema\\\/person\\\/be3203154562a9f207407861cef7827b\",\"name\":\"MR News\",\"image\":{\"@type\":\"ImageObject\",\"inLanguage\":\"pt-BR\",\"@id\":\"https:\\\/\\\/secure.gravatar.com\\\/avatar\\\/04084e6d73c042b8646e7c17b494073bf0ede3ea13c7105cfc45cbbbc28385a4?s=96&d=monsterid&r=g\",\"url\":\"https:\\\/\\\/secure.gravatar.com\\\/avatar\\\/04084e6d73c042b8646e7c17b494073bf0ede3ea13c7105cfc45cbbbc28385a4?s=96&d=monsterid&r=g\",\"contentUrl\":\"https:\\\/\\\/secure.gravatar.com\\\/avatar\\\/04084e6d73c042b8646e7c17b494073bf0ede3ea13c7105cfc45cbbbc28385a4?s=96&d=monsterid&r=g\",\"caption\":\"MR News\"},\"description\":\"Especializado em jornalismo colaborativo pela FTP em n\u00edvel de p\u00f3s-gradua\u00e7\u00e3o. suporte@oimeliga.combr\",\"sameAs\":[\"HUGO R.\",\"Admin\"],\"url\":\"https:\\\/\\\/mrnews.com.br\\\/index.php\\\/author\\\/admin\\\/\"}]}<\/script>\n<!-- \/ Yoast SEO plugin. -->","yoast_head_json":{"title":"Lista de peixes e invertebrados amea\u00e7ados de extin\u00e7\u00e3o \u00e9 atualizada","robots":{"index":"index","follow":"follow","max-snippet":"max-snippet:-1","max-image-preview":"max-image-preview:large","max-video-preview":"max-video-preview:-1"},"canonical":"https:\/\/agenciabrasil.ebc.com.br\/meio-ambiente\/noticia\/2026-04\/lista-de-peixes-e-invertebrados-ameacados-de-extincao-e-atualizada","og_locale":"pt_BR","og_type":"article","og_title":"Lista de peixes e invertebrados amea\u00e7ados de extin\u00e7\u00e3o \u00e9 atualizada","og_description":"Por EBC, A Lista Nacional Oficial de Esp\u00e9cies da Fauna Amea\u00e7adas de Extin\u00e7\u00e3o para Peixes e Invertebrados Aqu\u00e1ticos foi atualizada nesta ter\u00e7a-feira (28). A revis\u00e3o iniciada em 2024, incluiu novas 100 esp\u00e9cies e excluiu o mesmo n\u00famero, mantendo 490 esp\u00e9cies classificadas. Peixes, arraias, tubar\u00f5es, estrelas-do-mar e mais centenas de esp\u00e9cies que vivem no continente e &hellip;","og_url":"https:\/\/agenciabrasil.ebc.com.br\/meio-ambiente\/noticia\/2026-04\/lista-de-peixes-e-invertebrados-ameacados-de-extincao-e-atualizada","og_site_name":"MRNews","article_publisher":"https:\/\/www.facebook.com\/eaipahpah\/?locale2=pt_BR","article_published_time":"2026-04-28T18:15:59+00:00","author":"MR News","twitter_card":"summary_large_image","twitter_creator":"@conspirou","twitter_site":"@conspirou","twitter_misc":{"Escrito por":"MR News","Est. tempo de leitura":"2 minutos"},"schema":{"@context":"https:\/\/schema.org","@graph":[{"@type":"Article","@id":"https:\/\/agenciabrasil.ebc.com.br\/meio-ambiente\/noticia\/2026-04\/lista-de-peixes-e-invertebrados-ameacados-de-extincao-e-atualizada#article","isPartOf":{"@id":"https:\/\/mrnews.com.br\/index.php\/2026\/04\/28\/lista-de-peixes-e-invertebrados-ameacados-de-extincao-e-atualizada\/"},"author":{"name":"MR News","@id":"https:\/\/mrnews.com.br\/#\/schema\/person\/be3203154562a9f207407861cef7827b"},"headline":"Lista de peixes e invertebrados amea\u00e7ados de extin\u00e7\u00e3o \u00e9 atualizada","datePublished":"2026-04-28T18:15:59+00:00","mainEntityOfPage":{"@id":"https:\/\/mrnews.com.br\/index.php\/2026\/04\/28\/lista-de-peixes-e-invertebrados-ameacados-de-extincao-e-atualizada\/"},"wordCount":475,"commentCount":0,"publisher":{"@id":"https:\/\/mrnews.com.br\/#organization"},"articleSection":["ENTRETENIMENTO","NOTICIAS","SERVI\u00c7OS"],"inLanguage":"pt-BR","potentialAction":[{"@type":"CommentAction","name":"Comment","target":["https:\/\/agenciabrasil.ebc.com.br\/meio-ambiente\/noticia\/2026-04\/lista-de-peixes-e-invertebrados-ameacados-de-extincao-e-atualizada#respond"]}]},{"@type":"WebPage","@id":"https:\/\/mrnews.com.br\/index.php\/2026\/04\/28\/lista-de-peixes-e-invertebrados-ameacados-de-extincao-e-atualizada\/","url":"https:\/\/agenciabrasil.ebc.com.br\/meio-ambiente\/noticia\/2026-04\/lista-de-peixes-e-invertebrados-ameacados-de-extincao-e-atualizada","name":"Lista de peixes e invertebrados amea\u00e7ados de extin\u00e7\u00e3o \u00e9 atualizada","isPartOf":{"@id":"https:\/\/mrnews.com.br\/#website"},"datePublished":"2026-04-28T18:15:59+00:00","breadcrumb":{"@id":"https:\/\/agenciabrasil.ebc.com.br\/meio-ambiente\/noticia\/2026-04\/lista-de-peixes-e-invertebrados-ameacados-de-extincao-e-atualizada#breadcrumb"},"inLanguage":"pt-BR","potentialAction":[{"@type":"ReadAction","target":["https:\/\/agenciabrasil.ebc.com.br\/meio-ambiente\/noticia\/2026-04\/lista-de-peixes-e-invertebrados-ameacados-de-extincao-e-atualizada"]}]},{"@type":"BreadcrumbList","@id":"https:\/\/agenciabrasil.ebc.com.br\/meio-ambiente\/noticia\/2026-04\/lista-de-peixes-e-invertebrados-ameacados-de-extincao-e-atualizada#breadcrumb","itemListElement":[{"@type":"ListItem","position":1,"name":"In\u00edcio","item":"https:\/\/mrnews.com.br\/"},{"@type":"ListItem","position":2,"name":"Lista de peixes e invertebrados amea\u00e7ados de extin\u00e7\u00e3o \u00e9 atualizada"}]},{"@type":"WebSite","@id":"https:\/\/mrnews.com.br\/#website","url":"https:\/\/mrnews.com.br\/","name":"MRNews","description":"MRNews Jogos de hoje da TV, transmiss\u00f5es ao vivo, Not\u00edcias de futebol, Jogos ao vivo, Lives, resumo de novelas, Programa\u00e7\u00e3o da Globo, A Fazenda e BBB","publisher":{"@id":"https:\/\/mrnews.com.br\/#organization"},"potentialAction":[{"@type":"SearchAction","target":{"@type":"EntryPoint","urlTemplate":"https:\/\/mrnews.com.br\/?s={search_term_string}"},"query-input":{"@type":"PropertyValueSpecification","valueRequired":true,"valueName":"search_term_string"}}],"inLanguage":"pt-BR"},{"@type":"Organization","@id":"https:\/\/mrnews.com.br\/#organization","name":"MRNews","url":"https:\/\/mrnews.com.br\/","logo":{"@type":"ImageObject","inLanguage":"pt-BR","@id":"https:\/\/mrnews.com.br\/#\/schema\/logo\/image\/","url":"https:\/\/mrnews.com.br\/wp-content\/uploads\/2019\/06\/MRNewslogo2.png","contentUrl":"https:\/\/mrnews.com.br\/wp-content\/uploads\/2019\/06\/MRNewslogo2.png","width":223,"height":58,"caption":"MRNews"},"image":{"@id":"https:\/\/mrnews.com.br\/#\/schema\/logo\/image\/"},"sameAs":["https:\/\/www.facebook.com\/eaipahpah\/?locale2=pt_BR","https:\/\/x.com\/conspirou","https:\/\/www.instagram.com\/eai_pahpah","https:\/\/br.pinterest.com\/mrnewsn\/boards\/","https:\/\/www.youtube.com\/channel\/UCacgnpznQ61fifLWr1tQ-vA?view_as=subscriber"]},{"@type":"Person","@id":"https:\/\/mrnews.com.br\/#\/schema\/person\/be3203154562a9f207407861cef7827b","name":"MR News","image":{"@type":"ImageObject","inLanguage":"pt-BR","@id":"https:\/\/secure.gravatar.com\/avatar\/04084e6d73c042b8646e7c17b494073bf0ede3ea13c7105cfc45cbbbc28385a4?s=96&d=monsterid&r=g","url":"https:\/\/secure.gravatar.com\/avatar\/04084e6d73c042b8646e7c17b494073bf0ede3ea13c7105cfc45cbbbc28385a4?s=96&d=monsterid&r=g","contentUrl":"https:\/\/secure.gravatar.com\/avatar\/04084e6d73c042b8646e7c17b494073bf0ede3ea13c7105cfc45cbbbc28385a4?s=96&d=monsterid&r=g","caption":"MR News"},"description":"Especializado em jornalismo colaborativo pela FTP em n\u00edvel de p\u00f3s-gradua\u00e7\u00e3o. suporte@oimeliga.combr","sameAs":["HUGO R.","Admin"],"url":"https:\/\/mrnews.com.br\/index.php\/author\/admin\/"}]}},"jetpack_featured_media_url":"","jetpack_sharing_enabled":true,"jetpack_shortlink":"https:\/\/wp.me\/pa2Qf7-1VFE","amp_enabled":true,"_links":{"self":[{"href":"https:\/\/mrnews.com.br\/index.php\/wp-json\/wp\/v2\/posts\/460018","targetHints":{"allow":["GET"]}}],"collection":[{"href":"https:\/\/mrnews.com.br\/index.php\/wp-json\/wp\/v2\/posts"}],"about":[{"href":"https:\/\/mrnews.com.br\/index.php\/wp-json\/wp\/v2\/types\/post"}],"author":[{"embeddable":true,"href":"https:\/\/mrnews.com.br\/index.php\/wp-json\/wp\/v2\/users\/1"}],"replies":[{"embeddable":true,"href":"https:\/\/mrnews.com.br\/index.php\/wp-json\/wp\/v2\/comments?post=460018"}],"version-history":[{"count":0,"href":"https:\/\/mrnews.com.br\/index.php\/wp-json\/wp\/v2\/posts\/460018\/revisions"}],"wp:attachment":[{"href":"https:\/\/mrnews.com.br\/index.php\/wp-json\/wp\/v2\/media?parent=460018"}],"wp:term":[{"taxonomy":"category","embeddable":true,"href":"https:\/\/mrnews.com.br\/index.php\/wp-json\/wp\/v2\/categories?post=460018"},{"taxonomy":"post_tag","embeddable":true,"href":"https:\/\/mrnews.com.br\/index.php\/wp-json\/wp\/v2\/tags?post=460018"}],"curies":[{"name":"wp","href":"https:\/\/api.w.org\/{rel}","templated":true}]}}