{"id":460032,"date":"2026-04-28T20:31:49","date_gmt":"2026-04-28T23:31:49","guid":{"rendered":"https:\/\/mrnews.com.br\/?p=460032"},"modified":"2026-04-28T20:31:49","modified_gmt":"2026-04-28T23:31:49","slug":"orem-por-ela-maira-cardi-pede-apoio-apos-internacao-da-filha-nos-estados-unidos","status":"publish","type":"post","link":"https:\/\/mrnews.com.br\/index.php\/2026\/04\/28\/orem-por-ela-maira-cardi-pede-apoio-apos-internacao-da-filha-nos-estados-unidos\/","title":{"rendered":"\u201cOrem por ela\u201d; Ma\u00edra Cardi pede apoio ap\u00f3s interna\u00e7\u00e3o da filha nos Estados Unidos"},"content":{"rendered":"<p>\u201cOrem por ela\u201d: Ma\u00edra Cardi pede apoio ap\u00f3s interna\u00e7\u00e3o da filha nos Estados Unidos<\/p>\n<p>A influenciadora Ma\u00edra Cardi voltou \u00e0s redes sociais ap\u00f3s um per\u00edodo afastada e surpreendeu seus seguidores com um relato delicado. A empres\u00e1ria revelou que sua filha ca\u00e7ula, Eloah, de apenas seis meses, est\u00e1 internada nos Estados Unidos.<\/p>\n<p>O retorno ao Instagram aconteceu no \u00faltimo domingo (26) e teve um motivo urgente: pedir ora\u00e7\u00f5es e apoio diante do quadro de sa\u00fade da beb\u00ea.<\/p>\n<h2>Diagn\u00f3stico preocupa fam\u00edlia<\/h2>\n<p>De acordo com Ma\u00edra, a pequena foi diagnosticada com bronquiolite, uma infec\u00e7\u00e3o viral que afeta principalmente as vias respirat\u00f3rias de crian\u00e7as pequenas.<\/p>\n<p>A condi\u00e7\u00e3o exigiu interna\u00e7\u00e3o hospitalar, especialmente ap\u00f3s uma piora no quadro cl\u00ednico. A influenciadora relatou momentos de apreens\u00e3o, principalmente por estar fora do Brasil.<\/p>\n<p>\u201cEstamos no hospital, longe da nossa casa, da nossa l\u00edngua e dos m\u00e9dicos de confian\u00e7a\u201d, desabafou.<\/p>\n<h2>Situa\u00e7\u00e3o come\u00e7ou com gripe<\/h2>\n<p>Segundo o relato, tanto Eloah quanto a irm\u00e3 mais velha, Sophia, apresentaram sintomas gripais durante a viagem. No entanto, o estado da beb\u00ea evoluiu de forma mais delicada.<\/p>\n<p>Entre os sintomas citados est\u00e3o:<\/p>\n<ul>\n<li>febre;<\/li>\n<li>dificuldade para se alimentar;<\/li>\n<li>piora no quadro respirat\u00f3rio;<\/li>\n<\/ul>\n<p>A situa\u00e7\u00e3o levou a fam\u00edlia a buscar atendimento m\u00e9dico imediato no exterior.<\/p>\n<h2>Atendimento trouxe al\u00edvio<\/h2>\n<p>Apesar do susto, Ma\u00edra informou que conseguiu assist\u00eancia m\u00e9dica adequada. Ap\u00f3s interven\u00e7\u00f5es realizadas por profissionais de sa\u00fade, o quadro da beb\u00ea foi estabilizado.<\/p>\n<p>A influenciadora destacou que, mesmo com a melhora, o momento ainda exige aten\u00e7\u00e3o e cuidados constantes.<\/p>\n<h2>Apelo comove seguidores<\/h2>\n<p>Com mais de milh\u00f5es de seguidores, Ma\u00edra Cardi utilizou sua visibilidade para pedir apoio espiritual. O pedido rapidamente gerou uma onda de mensagens nas redes sociais.<\/p>\n<p>\u201cPe\u00e7o que orem por ela\u201d, escreveu.<\/p>\n<p>N\u00e3o \u00e9 a primeira vez que a influenciadora recorre ao p\u00fablico em momentos delicados envolvendo a fam\u00edlia. Segundo ela, em situa\u00e7\u00f5es anteriores, a mobiliza\u00e7\u00e3o dos seguidores teve impacto positivo.<\/p>\n<h2>Dist\u00e2ncia aumenta a tens\u00e3o<\/h2>\n<p>Al\u00e9m da condi\u00e7\u00e3o de sa\u00fade, outro fator que aumenta a preocupa\u00e7\u00e3o \u00e9 a dist\u00e2ncia do Brasil. Estar fora do pa\u00eds, longe da rede de apoio e de profissionais conhecidos, torna a situa\u00e7\u00e3o ainda mais desafiadora.<\/p>\n<p>Mesmo assim, a empres\u00e1ria refor\u00e7ou que segue confiante na recupera\u00e7\u00e3o da filha.<\/p>\n<h2>O que \u00e9 bronquiolite?<\/h2>\n<p>A bronquiolite \u00e9 uma doen\u00e7a comum em beb\u00eas e costuma ser causada por v\u00edrus. Ela provoca inflama\u00e7\u00e3o nos bronqu\u00edolos, dificultando a respira\u00e7\u00e3o.<\/p>\n<p>Entre os principais sintomas est\u00e3o:<\/p>\n<ul>\n<li>tosse persistente;<\/li>\n<li>chiado no peito;<\/li>\n<li>dificuldade para respirar;<\/li>\n<li>febre;<\/li>\n<\/ul>\n<p>Em casos mais graves, como o relatado, pode ser necess\u00e1ria interna\u00e7\u00e3o para acompanhamento m\u00e9dico.<\/p>\n<h2>Seguidores seguem acompanhando<\/h2>\n<p>O estado de sa\u00fade de Eloah continua sendo acompanhado de perto pelos f\u00e3s e seguidores de Ma\u00edra Cardi. A expectativa agora \u00e9 por novas atualiza\u00e7\u00f5es positivas nos pr\u00f3ximos dias.<\/p>\n<p>Enquanto isso, a influenciadora permanece ao lado da filha, focada na recupera\u00e7\u00e3o e recebendo apoio de milhares de pessoas.<\/p>\n<p><strong>Tags:<\/strong> #MairaCardi #Bronquiolite #Sa\u00fadeInfantil #Famosos #Filhos #Interna\u00e7\u00e3o #EstadosUnidos #Not\u00edcias<\/p>\n","protected":false},"excerpt":{"rendered":"<p>\u201cOrem por ela\u201d: Ma\u00edra Cardi pede apoio ap\u00f3s interna\u00e7\u00e3o da filha nos Estados Unidos A influenciadora Ma\u00edra Cardi voltou \u00e0s redes sociais ap\u00f3s um per\u00edodo afastada e surpreendeu seus seguidores com um relato delicado. A empres\u00e1ria revelou que sua filha ca\u00e7ula, Eloah, de apenas seis meses, est\u00e1 internada nos Estados Unidos. O retorno ao Instagram &hellip;<\/p>\n","protected":false},"author":1,"featured_media":460035,"comment_status":"open","ping_status":"open","sticky":false,"template":"","format":"standard","meta":{"_jetpack_memberships_contains_paid_content":false,"footnotes":""},"categories":[2],"tags":[],"class_list":["post-460032","post","type-post","status-publish","format-standard","has-post-thumbnail","hentry","category-entretenimento"],"yoast_head":"<!-- This site is optimized with the Yoast SEO plugin v27.5 - https:\/\/yoast.com\/product\/yoast-seo-wordpress\/ -->\n<title>\u201cOrem por ela\u201d; Ma\u00edra Cardi pede apoio ap\u00f3s interna\u00e7\u00e3o da filha nos Estados Unidos<\/title>\n<meta name=\"robots\" content=\"index, follow, max-snippet:-1, max-image-preview:large, max-video-preview:-1\" \/>\n<link rel=\"canonical\" href=\"https:\/\/mrnews.com.br\/index.php\/2026\/04\/28\/orem-por-ela-maira-cardi-pede-apoio-apos-internacao-da-filha-nos-estados-unidos\/\" \/>\n<meta property=\"og:locale\" content=\"pt_BR\" \/>\n<meta property=\"og:type\" content=\"article\" \/>\n<meta property=\"og:title\" content=\"\u201cOrem por ela\u201d; Ma\u00edra Cardi pede apoio ap\u00f3s interna\u00e7\u00e3o da filha nos Estados Unidos\" \/>\n<meta property=\"og:description\" content=\"\u201cOrem por ela\u201d: Ma\u00edra Cardi pede apoio ap\u00f3s interna\u00e7\u00e3o da filha nos Estados Unidos A influenciadora Ma\u00edra Cardi voltou \u00e0s redes sociais ap\u00f3s um per\u00edodo afastada e surpreendeu seus seguidores com um relato delicado. A empres\u00e1ria revelou que sua filha ca\u00e7ula, Eloah, de apenas seis meses, est\u00e1 internada nos Estados Unidos. O retorno ao Instagram &hellip;\" \/>\n<meta property=\"og:url\" content=\"https:\/\/mrnews.com.br\/index.php\/2026\/04\/28\/orem-por-ela-maira-cardi-pede-apoio-apos-internacao-da-filha-nos-estados-unidos\/\" \/>\n<meta property=\"og:site_name\" content=\"MRNews\" \/>\n<meta property=\"article:publisher\" content=\"https:\/\/www.facebook.com\/eaipahpah\/?locale2=pt_BR\" \/>\n<meta property=\"article:published_time\" content=\"2026-04-28T23:31:49+00:00\" \/>\n<meta property=\"og:image\" content=\"https:\/\/mrnews.com.br\/wp-content\/uploads\/2026\/04\/FB_IMG_1777418952482.jpg\" \/>\n\t<meta property=\"og:image:width\" content=\"1080\" \/>\n\t<meta property=\"og:image:height\" content=\"1350\" \/>\n\t<meta property=\"og:image:type\" content=\"image\/jpeg\" \/>\n<meta name=\"author\" content=\"MR News\" \/>\n<meta name=\"twitter:card\" content=\"summary_large_image\" \/>\n<meta name=\"twitter:creator\" content=\"@conspirou\" \/>\n<meta name=\"twitter:site\" content=\"@conspirou\" \/>\n<meta name=\"twitter:label1\" content=\"Escrito por\" \/>\n\t<meta name=\"twitter:data1\" content=\"MR News\" \/>\n\t<meta name=\"twitter:label2\" content=\"Est. tempo de leitura\" \/>\n\t<meta name=\"twitter:data2\" content=\"3 minutos\" \/>\n<script type=\"application\/ld+json\" class=\"yoast-schema-graph\">{\"@context\":\"https:\\\/\\\/schema.org\",\"@graph\":[{\"@type\":\"Article\",\"@id\":\"https:\\\/\\\/mrnews.com.br\\\/index.php\\\/2026\\\/04\\\/28\\\/orem-por-ela-maira-cardi-pede-apoio-apos-internacao-da-filha-nos-estados-unidos\\\/#article\",\"isPartOf\":{\"@id\":\"https:\\\/\\\/mrnews.com.br\\\/index.php\\\/2026\\\/04\\\/28\\\/orem-por-ela-maira-cardi-pede-apoio-apos-internacao-da-filha-nos-estados-unidos\\\/\"},\"author\":{\"name\":\"MR News\",\"@id\":\"https:\\\/\\\/mrnews.com.br\\\/#\\\/schema\\\/person\\\/be3203154562a9f207407861cef7827b\"},\"headline\":\"\u201cOrem por ela\u201d; Ma\u00edra Cardi pede apoio ap\u00f3s interna\u00e7\u00e3o da filha nos Estados Unidos\",\"datePublished\":\"2026-04-28T23:31:49+00:00\",\"mainEntityOfPage\":{\"@id\":\"https:\\\/\\\/mrnews.com.br\\\/index.php\\\/2026\\\/04\\\/28\\\/orem-por-ela-maira-cardi-pede-apoio-apos-internacao-da-filha-nos-estados-unidos\\\/\"},\"wordCount\":559,\"commentCount\":0,\"publisher\":{\"@id\":\"https:\\\/\\\/mrnews.com.br\\\/#organization\"},\"image\":{\"@id\":\"https:\\\/\\\/mrnews.com.br\\\/index.php\\\/2026\\\/04\\\/28\\\/orem-por-ela-maira-cardi-pede-apoio-apos-internacao-da-filha-nos-estados-unidos\\\/#primaryimage\"},\"thumbnailUrl\":\"https:\\\/\\\/mrnews.com.br\\\/wp-content\\\/uploads\\\/2026\\\/04\\\/FB_IMG_1777418952482.jpg\",\"articleSection\":[\"ENTRETENIMENTO\"],\"inLanguage\":\"pt-BR\",\"potentialAction\":[{\"@type\":\"CommentAction\",\"name\":\"Comment\",\"target\":[\"https:\\\/\\\/mrnews.com.br\\\/index.php\\\/2026\\\/04\\\/28\\\/orem-por-ela-maira-cardi-pede-apoio-apos-internacao-da-filha-nos-estados-unidos\\\/#respond\"]}]},{\"@type\":\"WebPage\",\"@id\":\"https:\\\/\\\/mrnews.com.br\\\/index.php\\\/2026\\\/04\\\/28\\\/orem-por-ela-maira-cardi-pede-apoio-apos-internacao-da-filha-nos-estados-unidos\\\/\",\"url\":\"https:\\\/\\\/mrnews.com.br\\\/index.php\\\/2026\\\/04\\\/28\\\/orem-por-ela-maira-cardi-pede-apoio-apos-internacao-da-filha-nos-estados-unidos\\\/\",\"name\":\"\u201cOrem por ela\u201d; Ma\u00edra Cardi pede apoio ap\u00f3s interna\u00e7\u00e3o da filha nos Estados Unidos\",\"isPartOf\":{\"@id\":\"https:\\\/\\\/mrnews.com.br\\\/#website\"},\"primaryImageOfPage\":{\"@id\":\"https:\\\/\\\/mrnews.com.br\\\/index.php\\\/2026\\\/04\\\/28\\\/orem-por-ela-maira-cardi-pede-apoio-apos-internacao-da-filha-nos-estados-unidos\\\/#primaryimage\"},\"image\":{\"@id\":\"https:\\\/\\\/mrnews.com.br\\\/index.php\\\/2026\\\/04\\\/28\\\/orem-por-ela-maira-cardi-pede-apoio-apos-internacao-da-filha-nos-estados-unidos\\\/#primaryimage\"},\"thumbnailUrl\":\"https:\\\/\\\/mrnews.com.br\\\/wp-content\\\/uploads\\\/2026\\\/04\\\/FB_IMG_1777418952482.jpg\",\"datePublished\":\"2026-04-28T23:31:49+00:00\",\"breadcrumb\":{\"@id\":\"https:\\\/\\\/mrnews.com.br\\\/index.php\\\/2026\\\/04\\\/28\\\/orem-por-ela-maira-cardi-pede-apoio-apos-internacao-da-filha-nos-estados-unidos\\\/#breadcrumb\"},\"inLanguage\":\"pt-BR\",\"potentialAction\":[{\"@type\":\"ReadAction\",\"target\":[\"https:\\\/\\\/mrnews.com.br\\\/index.php\\\/2026\\\/04\\\/28\\\/orem-por-ela-maira-cardi-pede-apoio-apos-internacao-da-filha-nos-estados-unidos\\\/\"]}]},{\"@type\":\"ImageObject\",\"inLanguage\":\"pt-BR\",\"@id\":\"https:\\\/\\\/mrnews.com.br\\\/index.php\\\/2026\\\/04\\\/28\\\/orem-por-ela-maira-cardi-pede-apoio-apos-internacao-da-filha-nos-estados-unidos\\\/#primaryimage\",\"url\":\"https:\\\/\\\/mrnews.com.br\\\/wp-content\\\/uploads\\\/2026\\\/04\\\/FB_IMG_1777418952482.jpg\",\"contentUrl\":\"https:\\\/\\\/mrnews.com.br\\\/wp-content\\\/uploads\\\/2026\\\/04\\\/FB_IMG_1777418952482.jpg\",\"width\":1080,\"height\":1350},{\"@type\":\"BreadcrumbList\",\"@id\":\"https:\\\/\\\/mrnews.com.br\\\/index.php\\\/2026\\\/04\\\/28\\\/orem-por-ela-maira-cardi-pede-apoio-apos-internacao-da-filha-nos-estados-unidos\\\/#breadcrumb\",\"itemListElement\":[{\"@type\":\"ListItem\",\"position\":1,\"name\":\"In\u00edcio\",\"item\":\"https:\\\/\\\/mrnews.com.br\\\/\"},{\"@type\":\"ListItem\",\"position\":2,\"name\":\"\u201cOrem por ela\u201d; Ma\u00edra Cardi pede apoio ap\u00f3s interna\u00e7\u00e3o da filha nos Estados Unidos\"}]},{\"@type\":\"WebSite\",\"@id\":\"https:\\\/\\\/mrnews.com.br\\\/#website\",\"url\":\"https:\\\/\\\/mrnews.com.br\\\/\",\"name\":\"MRNews\",\"description\":\"MRNews Jogos de hoje da TV, transmiss\u00f5es ao vivo, Not\u00edcias de futebol, Jogos ao vivo, Lives, resumo de novelas, Programa\u00e7\u00e3o da Globo, A Fazenda e BBB\",\"publisher\":{\"@id\":\"https:\\\/\\\/mrnews.com.br\\\/#organization\"},\"potentialAction\":[{\"@type\":\"SearchAction\",\"target\":{\"@type\":\"EntryPoint\",\"urlTemplate\":\"https:\\\/\\\/mrnews.com.br\\\/?s={search_term_string}\"},\"query-input\":{\"@type\":\"PropertyValueSpecification\",\"valueRequired\":true,\"valueName\":\"search_term_string\"}}],\"inLanguage\":\"pt-BR\"},{\"@type\":\"Organization\",\"@id\":\"https:\\\/\\\/mrnews.com.br\\\/#organization\",\"name\":\"MRNews\",\"url\":\"https:\\\/\\\/mrnews.com.br\\\/\",\"logo\":{\"@type\":\"ImageObject\",\"inLanguage\":\"pt-BR\",\"@id\":\"https:\\\/\\\/mrnews.com.br\\\/#\\\/schema\\\/logo\\\/image\\\/\",\"url\":\"https:\\\/\\\/mrnews.com.br\\\/wp-content\\\/uploads\\\/2019\\\/06\\\/MRNewslogo2.png\",\"contentUrl\":\"https:\\\/\\\/mrnews.com.br\\\/wp-content\\\/uploads\\\/2019\\\/06\\\/MRNewslogo2.png\",\"width\":223,\"height\":58,\"caption\":\"MRNews\"},\"image\":{\"@id\":\"https:\\\/\\\/mrnews.com.br\\\/#\\\/schema\\\/logo\\\/image\\\/\"},\"sameAs\":[\"https:\\\/\\\/www.facebook.com\\\/eaipahpah\\\/?locale2=pt_BR\",\"https:\\\/\\\/x.com\\\/conspirou\",\"https:\\\/\\\/www.instagram.com\\\/eai_pahpah\",\"https:\\\/\\\/br.pinterest.com\\\/mrnewsn\\\/boards\\\/\",\"https:\\\/\\\/www.youtube.com\\\/channel\\\/UCacgnpznQ61fifLWr1tQ-vA?view_as=subscriber\"]},{\"@type\":\"Person\",\"@id\":\"https:\\\/\\\/mrnews.com.br\\\/#\\\/schema\\\/person\\\/be3203154562a9f207407861cef7827b\",\"name\":\"MR News\",\"image\":{\"@type\":\"ImageObject\",\"inLanguage\":\"pt-BR\",\"@id\":\"https:\\\/\\\/secure.gravatar.com\\\/avatar\\\/04084e6d73c042b8646e7c17b494073bf0ede3ea13c7105cfc45cbbbc28385a4?s=96&d=monsterid&r=g\",\"url\":\"https:\\\/\\\/secure.gravatar.com\\\/avatar\\\/04084e6d73c042b8646e7c17b494073bf0ede3ea13c7105cfc45cbbbc28385a4?s=96&d=monsterid&r=g\",\"contentUrl\":\"https:\\\/\\\/secure.gravatar.com\\\/avatar\\\/04084e6d73c042b8646e7c17b494073bf0ede3ea13c7105cfc45cbbbc28385a4?s=96&d=monsterid&r=g\",\"caption\":\"MR News\"},\"description\":\"Especializado em jornalismo colaborativo pela FTP em n\u00edvel de p\u00f3s-gradua\u00e7\u00e3o. suporte@oimeliga.combr\",\"sameAs\":[\"HUGO R.\",\"Admin\"],\"url\":\"https:\\\/\\\/mrnews.com.br\\\/index.php\\\/author\\\/admin\\\/\"}]}<\/script>\n<!-- \/ Yoast SEO plugin. -->","yoast_head_json":{"title":"\u201cOrem por ela\u201d; Ma\u00edra Cardi pede apoio ap\u00f3s interna\u00e7\u00e3o da filha nos Estados Unidos","robots":{"index":"index","follow":"follow","max-snippet":"max-snippet:-1","max-image-preview":"max-image-preview:large","max-video-preview":"max-video-preview:-1"},"canonical":"https:\/\/mrnews.com.br\/index.php\/2026\/04\/28\/orem-por-ela-maira-cardi-pede-apoio-apos-internacao-da-filha-nos-estados-unidos\/","og_locale":"pt_BR","og_type":"article","og_title":"\u201cOrem por ela\u201d; Ma\u00edra Cardi pede apoio ap\u00f3s interna\u00e7\u00e3o da filha nos Estados Unidos","og_description":"\u201cOrem por ela\u201d: Ma\u00edra Cardi pede apoio ap\u00f3s interna\u00e7\u00e3o da filha nos Estados Unidos A influenciadora Ma\u00edra Cardi voltou \u00e0s redes sociais ap\u00f3s um per\u00edodo afastada e surpreendeu seus seguidores com um relato delicado. A empres\u00e1ria revelou que sua filha ca\u00e7ula, Eloah, de apenas seis meses, est\u00e1 internada nos Estados Unidos. O retorno ao Instagram &hellip;","og_url":"https:\/\/mrnews.com.br\/index.php\/2026\/04\/28\/orem-por-ela-maira-cardi-pede-apoio-apos-internacao-da-filha-nos-estados-unidos\/","og_site_name":"MRNews","article_publisher":"https:\/\/www.facebook.com\/eaipahpah\/?locale2=pt_BR","article_published_time":"2026-04-28T23:31:49+00:00","og_image":[{"width":1080,"height":1350,"url":"https:\/\/mrnews.com.br\/wp-content\/uploads\/2026\/04\/FB_IMG_1777418952482.jpg","type":"image\/jpeg"}],"author":"MR News","twitter_card":"summary_large_image","twitter_creator":"@conspirou","twitter_site":"@conspirou","twitter_misc":{"Escrito por":"MR News","Est. tempo de leitura":"3 minutos"},"schema":{"@context":"https:\/\/schema.org","@graph":[{"@type":"Article","@id":"https:\/\/mrnews.com.br\/index.php\/2026\/04\/28\/orem-por-ela-maira-cardi-pede-apoio-apos-internacao-da-filha-nos-estados-unidos\/#article","isPartOf":{"@id":"https:\/\/mrnews.com.br\/index.php\/2026\/04\/28\/orem-por-ela-maira-cardi-pede-apoio-apos-internacao-da-filha-nos-estados-unidos\/"},"author":{"name":"MR News","@id":"https:\/\/mrnews.com.br\/#\/schema\/person\/be3203154562a9f207407861cef7827b"},"headline":"\u201cOrem por ela\u201d; Ma\u00edra Cardi pede apoio ap\u00f3s interna\u00e7\u00e3o da filha nos Estados Unidos","datePublished":"2026-04-28T23:31:49+00:00","mainEntityOfPage":{"@id":"https:\/\/mrnews.com.br\/index.php\/2026\/04\/28\/orem-por-ela-maira-cardi-pede-apoio-apos-internacao-da-filha-nos-estados-unidos\/"},"wordCount":559,"commentCount":0,"publisher":{"@id":"https:\/\/mrnews.com.br\/#organization"},"image":{"@id":"https:\/\/mrnews.com.br\/index.php\/2026\/04\/28\/orem-por-ela-maira-cardi-pede-apoio-apos-internacao-da-filha-nos-estados-unidos\/#primaryimage"},"thumbnailUrl":"https:\/\/mrnews.com.br\/wp-content\/uploads\/2026\/04\/FB_IMG_1777418952482.jpg","articleSection":["ENTRETENIMENTO"],"inLanguage":"pt-BR","potentialAction":[{"@type":"CommentAction","name":"Comment","target":["https:\/\/mrnews.com.br\/index.php\/2026\/04\/28\/orem-por-ela-maira-cardi-pede-apoio-apos-internacao-da-filha-nos-estados-unidos\/#respond"]}]},{"@type":"WebPage","@id":"https:\/\/mrnews.com.br\/index.php\/2026\/04\/28\/orem-por-ela-maira-cardi-pede-apoio-apos-internacao-da-filha-nos-estados-unidos\/","url":"https:\/\/mrnews.com.br\/index.php\/2026\/04\/28\/orem-por-ela-maira-cardi-pede-apoio-apos-internacao-da-filha-nos-estados-unidos\/","name":"\u201cOrem por ela\u201d; Ma\u00edra Cardi pede apoio ap\u00f3s interna\u00e7\u00e3o da filha nos Estados Unidos","isPartOf":{"@id":"https:\/\/mrnews.com.br\/#website"},"primaryImageOfPage":{"@id":"https:\/\/mrnews.com.br\/index.php\/2026\/04\/28\/orem-por-ela-maira-cardi-pede-apoio-apos-internacao-da-filha-nos-estados-unidos\/#primaryimage"},"image":{"@id":"https:\/\/mrnews.com.br\/index.php\/2026\/04\/28\/orem-por-ela-maira-cardi-pede-apoio-apos-internacao-da-filha-nos-estados-unidos\/#primaryimage"},"thumbnailUrl":"https:\/\/mrnews.com.br\/wp-content\/uploads\/2026\/04\/FB_IMG_1777418952482.jpg","datePublished":"2026-04-28T23:31:49+00:00","breadcrumb":{"@id":"https:\/\/mrnews.com.br\/index.php\/2026\/04\/28\/orem-por-ela-maira-cardi-pede-apoio-apos-internacao-da-filha-nos-estados-unidos\/#breadcrumb"},"inLanguage":"pt-BR","potentialAction":[{"@type":"ReadAction","target":["https:\/\/mrnews.com.br\/index.php\/2026\/04\/28\/orem-por-ela-maira-cardi-pede-apoio-apos-internacao-da-filha-nos-estados-unidos\/"]}]},{"@type":"ImageObject","inLanguage":"pt-BR","@id":"https:\/\/mrnews.com.br\/index.php\/2026\/04\/28\/orem-por-ela-maira-cardi-pede-apoio-apos-internacao-da-filha-nos-estados-unidos\/#primaryimage","url":"https:\/\/mrnews.com.br\/wp-content\/uploads\/2026\/04\/FB_IMG_1777418952482.jpg","contentUrl":"https:\/\/mrnews.com.br\/wp-content\/uploads\/2026\/04\/FB_IMG_1777418952482.jpg","width":1080,"height":1350},{"@type":"BreadcrumbList","@id":"https:\/\/mrnews.com.br\/index.php\/2026\/04\/28\/orem-por-ela-maira-cardi-pede-apoio-apos-internacao-da-filha-nos-estados-unidos\/#breadcrumb","itemListElement":[{"@type":"ListItem","position":1,"name":"In\u00edcio","item":"https:\/\/mrnews.com.br\/"},{"@type":"ListItem","position":2,"name":"\u201cOrem por ela\u201d; Ma\u00edra Cardi pede apoio ap\u00f3s interna\u00e7\u00e3o da filha nos Estados Unidos"}]},{"@type":"WebSite","@id":"https:\/\/mrnews.com.br\/#website","url":"https:\/\/mrnews.com.br\/","name":"MRNews","description":"MRNews Jogos de hoje da TV, transmiss\u00f5es ao vivo, Not\u00edcias de futebol, Jogos ao vivo, Lives, resumo de novelas, Programa\u00e7\u00e3o da Globo, A Fazenda e BBB","publisher":{"@id":"https:\/\/mrnews.com.br\/#organization"},"potentialAction":[{"@type":"SearchAction","target":{"@type":"EntryPoint","urlTemplate":"https:\/\/mrnews.com.br\/?s={search_term_string}"},"query-input":{"@type":"PropertyValueSpecification","valueRequired":true,"valueName":"search_term_string"}}],"inLanguage":"pt-BR"},{"@type":"Organization","@id":"https:\/\/mrnews.com.br\/#organization","name":"MRNews","url":"https:\/\/mrnews.com.br\/","logo":{"@type":"ImageObject","inLanguage":"pt-BR","@id":"https:\/\/mrnews.com.br\/#\/schema\/logo\/image\/","url":"https:\/\/mrnews.com.br\/wp-content\/uploads\/2019\/06\/MRNewslogo2.png","contentUrl":"https:\/\/mrnews.com.br\/wp-content\/uploads\/2019\/06\/MRNewslogo2.png","width":223,"height":58,"caption":"MRNews"},"image":{"@id":"https:\/\/mrnews.com.br\/#\/schema\/logo\/image\/"},"sameAs":["https:\/\/www.facebook.com\/eaipahpah\/?locale2=pt_BR","https:\/\/x.com\/conspirou","https:\/\/www.instagram.com\/eai_pahpah","https:\/\/br.pinterest.com\/mrnewsn\/boards\/","https:\/\/www.youtube.com\/channel\/UCacgnpznQ61fifLWr1tQ-vA?view_as=subscriber"]},{"@type":"Person","@id":"https:\/\/mrnews.com.br\/#\/schema\/person\/be3203154562a9f207407861cef7827b","name":"MR News","image":{"@type":"ImageObject","inLanguage":"pt-BR","@id":"https:\/\/secure.gravatar.com\/avatar\/04084e6d73c042b8646e7c17b494073bf0ede3ea13c7105cfc45cbbbc28385a4?s=96&d=monsterid&r=g","url":"https:\/\/secure.gravatar.com\/avatar\/04084e6d73c042b8646e7c17b494073bf0ede3ea13c7105cfc45cbbbc28385a4?s=96&d=monsterid&r=g","contentUrl":"https:\/\/secure.gravatar.com\/avatar\/04084e6d73c042b8646e7c17b494073bf0ede3ea13c7105cfc45cbbbc28385a4?s=96&d=monsterid&r=g","caption":"MR News"},"description":"Especializado em jornalismo colaborativo pela FTP em n\u00edvel de p\u00f3s-gradua\u00e7\u00e3o. suporte@oimeliga.combr","sameAs":["HUGO R.","Admin"],"url":"https:\/\/mrnews.com.br\/index.php\/author\/admin\/"}]}},"jetpack_featured_media_url":"https:\/\/mrnews.com.br\/wp-content\/uploads\/2026\/04\/FB_IMG_1777418952482.jpg","jetpack_sharing_enabled":true,"jetpack_shortlink":"https:\/\/wp.me\/pa2Qf7-1VFS","amp_enabled":true,"_links":{"self":[{"href":"https:\/\/mrnews.com.br\/index.php\/wp-json\/wp\/v2\/posts\/460032","targetHints":{"allow":["GET"]}}],"collection":[{"href":"https:\/\/mrnews.com.br\/index.php\/wp-json\/wp\/v2\/posts"}],"about":[{"href":"https:\/\/mrnews.com.br\/index.php\/wp-json\/wp\/v2\/types\/post"}],"author":[{"embeddable":true,"href":"https:\/\/mrnews.com.br\/index.php\/wp-json\/wp\/v2\/users\/1"}],"replies":[{"embeddable":true,"href":"https:\/\/mrnews.com.br\/index.php\/wp-json\/wp\/v2\/comments?post=460032"}],"version-history":[{"count":1,"href":"https:\/\/mrnews.com.br\/index.php\/wp-json\/wp\/v2\/posts\/460032\/revisions"}],"predecessor-version":[{"id":460036,"href":"https:\/\/mrnews.com.br\/index.php\/wp-json\/wp\/v2\/posts\/460032\/revisions\/460036"}],"wp:featuredmedia":[{"embeddable":true,"href":"https:\/\/mrnews.com.br\/index.php\/wp-json\/wp\/v2\/media\/460035"}],"wp:attachment":[{"href":"https:\/\/mrnews.com.br\/index.php\/wp-json\/wp\/v2\/media?parent=460032"}],"wp:term":[{"taxonomy":"category","embeddable":true,"href":"https:\/\/mrnews.com.br\/index.php\/wp-json\/wp\/v2\/categories?post=460032"},{"taxonomy":"post_tag","embeddable":true,"href":"https:\/\/mrnews.com.br\/index.php\/wp-json\/wp\/v2\/tags?post=460032"}],"curies":[{"name":"wp","href":"https:\/\/api.w.org\/{rel}","templated":true}]}}