{"id":460099,"date":"2026-04-29T20:01:00","date_gmt":"2026-04-29T23:01:00","guid":{"rendered":"https:\/\/mrnews.com.br\/index.php\/2026\/04\/29\/senado-rejeita-indicacao-de-messias-para-stf\/"},"modified":"2026-04-29T20:01:00","modified_gmt":"2026-04-29T23:01:00","slug":"senado-rejeita-indicacao-de-messias-para-stf","status":"publish","type":"post","link":"https:\/\/mrnews.com.br\/index.php\/2026\/04\/29\/senado-rejeita-indicacao-de-messias-para-stf\/","title":{"rendered":"Senado rejeita indica\u00e7\u00e3o de Messias para STF"},"content":{"rendered":"<p>Por EBC, <\/p>\n<div>\n<p><strong>Em uma decis\u00e3o in\u00e9dita, o plen\u00e1rio do Senado rejeitou nesta quarta-feira (29) a indica\u00e7\u00e3o de Jorge Messias para o cargo de ministro do Supremo Tribunal Federal (STF).\u00a0Foram 42 votos contr\u00e1rios e 34 favor\u00e1veis. <\/strong><\/p>\n<p>Para que a indica\u00e7\u00e3o de Messias fosse aprovada eram necess\u00e1rios pelo menos 41 votos dos 81 senadores. Com a rejei\u00e7\u00e3o, a indica\u00e7\u00e3o foi arquivada.<\/p>\n<p><strong>Esta \u00e9 a primeira vez em mais de 130 anos que o nome de um indicado a ministro do STF \u00e9 rejeitado. <\/strong><\/p>\n<p>A vota\u00e7\u00e3o da indica\u00e7\u00e3o de Jorge Messias durou pouco mais de sete minutos. Senadores da oposi\u00e7\u00e3o comemoraram a derrota do governo, enquanto parlamentares da base governista estavam sem entender a situa\u00e7\u00e3o.<\/p>\n<p>Ap\u00f3s a rejei\u00e7\u00e3o, o presidente do Senado, Davi Alcolumbre (Uni\u00e3o-AP) encerrou a sess\u00e3o por volta das 19h15.\u00a0<\/p>\n<p>O relator da indica\u00e7\u00e3o de Messias na Comiss\u00e3o de Constitui\u00e7\u00e3o e Justi\u00e7a (CCJ), Weverton Rocha (PDT-MA) chegou a dizer que a avalia\u00e7\u00e3o era de que Messias teria entre 45 e 48 votos pela sua aprova\u00e7\u00e3o.<\/p>\n<p>Antes da vota\u00e7\u00e3o, os senadores aprovaram indica\u00e7\u00f5es para vagas do Conselho Nacional do Minist\u00e9rio P\u00fablico (CNMP) e do Conselho Nacional de Justi\u00e7a. Tamb\u00e9m foram aprovadas as indica\u00e7\u00f5es de Margareth Rodrigues Costa, para ministra do Tribunal Superior do Trabalho (TST) e de Tarcijany\u00a0Linhares Aguiar Machado para o cargo de defensora p\u00fablica-geral federal\u00a0da\u00a0Defensoria P\u00fablica da Uni\u00e3o.<\/p>\n<p><strong>Mais cedo, a CCJ\u00a0havia aprovado o nome de Messias para o cargo de ministro da mais alta corte por 16 votos favor\u00e1veis e 11 contr\u00e1rios.<\/strong><\/p>\n<p>Durante a sabatina, Messias respondeu a perguntas de senadores da base governista e da oposi\u00e7\u00e3o.<\/p>\n<p>A indica\u00e7\u00e3o de Jorge Messias foi anunciada pelo presidente Luiz In\u00e1cio Lula da Silva\u00a0h\u00e1 cerca de cinco meses, mas a mensagem oficial com a indica\u00e7\u00e3o (MSF 7\/2026) s\u00f3\u00a0chegou ao Senado no in\u00edcio de abril.<\/p>\n<p>Ele foi indicado pelo governo federal\u00a0para assumir a vaga deixada pelo ministro Lu\u00eds Roberto Barroso, que anunciou\u00a0aposentadoria\u00a0antecipada da Corte e deixou o tribunal em outubro de 2025.\u00a0<\/p>\n<p>\u00a0<\/p>\n<p>Mat\u00e9ria atualizada \u00e0s 19h31 para acr\u00e9scimo de infoma\u00e7\u00f5es<\/p>\n<p>      <!-- Relacionada --><\/p>\n<p>            <!-- Relacionada -->\n    <\/div>\n","protected":false},"excerpt":{"rendered":"<p>Por EBC, Em uma decis\u00e3o in\u00e9dita, o plen\u00e1rio do Senado rejeitou nesta quarta-feira (29) a indica\u00e7\u00e3o de Jorge Messias para o cargo de ministro do Supremo Tribunal Federal (STF).\u00a0Foram 42 votos contr\u00e1rios e 34 favor\u00e1veis. Para que a indica\u00e7\u00e3o de Messias fosse aprovada eram necess\u00e1rios pelo menos 41 votos dos 81 senadores. Com a rejei\u00e7\u00e3o, &hellip;<\/p>\n","protected":false},"author":1,"featured_media":0,"comment_status":"open","ping_status":"open","sticky":false,"template":"","format":"standard","meta":{"_jetpack_memberships_contains_paid_content":false,"footnotes":""},"categories":[2,12225,4],"tags":[],"class_list":["post-460099","post","type-post","status-publish","format-standard","hentry","category-entretenimento","category-noticias","category-servicos"],"yoast_head":"<!-- This site is optimized with the Yoast SEO plugin v27.5 - https:\/\/yoast.com\/product\/yoast-seo-wordpress\/ -->\n<title>Senado rejeita indica\u00e7\u00e3o de Messias para STF<\/title>\n<meta name=\"robots\" content=\"index, follow, max-snippet:-1, max-image-preview:large, max-video-preview:-1\" \/>\n<link rel=\"canonical\" href=\"https:\/\/agenciabrasil.ebc.com.br\/politica\/noticia\/2026-04\/senado-rejeita-indicacao-de-messias-para-stf\" \/>\n<meta property=\"og:locale\" content=\"pt_BR\" \/>\n<meta property=\"og:type\" content=\"article\" \/>\n<meta property=\"og:title\" content=\"Senado rejeita indica\u00e7\u00e3o de Messias para STF\" \/>\n<meta property=\"og:description\" content=\"Por EBC, Em uma decis\u00e3o in\u00e9dita, o plen\u00e1rio do Senado rejeitou nesta quarta-feira (29) a indica\u00e7\u00e3o de Jorge Messias para o cargo de ministro do Supremo Tribunal Federal (STF).\u00a0Foram 42 votos contr\u00e1rios e 34 favor\u00e1veis. Para que a indica\u00e7\u00e3o de Messias fosse aprovada eram necess\u00e1rios pelo menos 41 votos dos 81 senadores. Com a rejei\u00e7\u00e3o, &hellip;\" \/>\n<meta property=\"og:url\" content=\"https:\/\/agenciabrasil.ebc.com.br\/politica\/noticia\/2026-04\/senado-rejeita-indicacao-de-messias-para-stf\" \/>\n<meta property=\"og:site_name\" content=\"MRNews\" \/>\n<meta property=\"article:publisher\" content=\"https:\/\/www.facebook.com\/eaipahpah\/?locale2=pt_BR\" \/>\n<meta property=\"article:published_time\" content=\"2026-04-29T23:01:00+00:00\" \/>\n<meta name=\"author\" content=\"MR News\" \/>\n<meta name=\"twitter:card\" content=\"summary_large_image\" \/>\n<meta name=\"twitter:creator\" content=\"@conspirou\" \/>\n<meta name=\"twitter:site\" content=\"@conspirou\" \/>\n<meta name=\"twitter:label1\" content=\"Escrito por\" \/>\n\t<meta name=\"twitter:data1\" content=\"MR News\" \/>\n\t<meta name=\"twitter:label2\" content=\"Est. tempo de leitura\" \/>\n\t<meta name=\"twitter:data2\" content=\"2 minutos\" \/>\n<script type=\"application\/ld+json\" class=\"yoast-schema-graph\">{\"@context\":\"https:\\\/\\\/schema.org\",\"@graph\":[{\"@type\":\"Article\",\"@id\":\"https:\\\/\\\/agenciabrasil.ebc.com.br\\\/politica\\\/noticia\\\/2026-04\\\/senado-rejeita-indicacao-de-messias-para-stf#article\",\"isPartOf\":{\"@id\":\"https:\\\/\\\/mrnews.com.br\\\/index.php\\\/2026\\\/04\\\/29\\\/senado-rejeita-indicacao-de-messias-para-stf\\\/\"},\"author\":{\"name\":\"MR News\",\"@id\":\"https:\\\/\\\/mrnews.com.br\\\/#\\\/schema\\\/person\\\/be3203154562a9f207407861cef7827b\"},\"headline\":\"Senado rejeita indica\u00e7\u00e3o de Messias para STF\",\"datePublished\":\"2026-04-29T23:01:00+00:00\",\"mainEntityOfPage\":{\"@id\":\"https:\\\/\\\/mrnews.com.br\\\/index.php\\\/2026\\\/04\\\/29\\\/senado-rejeita-indicacao-de-messias-para-stf\\\/\"},\"wordCount\":376,\"commentCount\":0,\"publisher\":{\"@id\":\"https:\\\/\\\/mrnews.com.br\\\/#organization\"},\"articleSection\":[\"ENTRETENIMENTO\",\"NOTICIAS\",\"SERVI\u00c7OS\"],\"inLanguage\":\"pt-BR\",\"potentialAction\":[{\"@type\":\"CommentAction\",\"name\":\"Comment\",\"target\":[\"https:\\\/\\\/agenciabrasil.ebc.com.br\\\/politica\\\/noticia\\\/2026-04\\\/senado-rejeita-indicacao-de-messias-para-stf#respond\"]}]},{\"@type\":\"WebPage\",\"@id\":\"https:\\\/\\\/mrnews.com.br\\\/index.php\\\/2026\\\/04\\\/29\\\/senado-rejeita-indicacao-de-messias-para-stf\\\/\",\"url\":\"https:\\\/\\\/agenciabrasil.ebc.com.br\\\/politica\\\/noticia\\\/2026-04\\\/senado-rejeita-indicacao-de-messias-para-stf\",\"name\":\"Senado rejeita indica\u00e7\u00e3o de Messias para STF\",\"isPartOf\":{\"@id\":\"https:\\\/\\\/mrnews.com.br\\\/#website\"},\"datePublished\":\"2026-04-29T23:01:00+00:00\",\"breadcrumb\":{\"@id\":\"https:\\\/\\\/agenciabrasil.ebc.com.br\\\/politica\\\/noticia\\\/2026-04\\\/senado-rejeita-indicacao-de-messias-para-stf#breadcrumb\"},\"inLanguage\":\"pt-BR\",\"potentialAction\":[{\"@type\":\"ReadAction\",\"target\":[\"https:\\\/\\\/agenciabrasil.ebc.com.br\\\/politica\\\/noticia\\\/2026-04\\\/senado-rejeita-indicacao-de-messias-para-stf\"]}]},{\"@type\":\"BreadcrumbList\",\"@id\":\"https:\\\/\\\/agenciabrasil.ebc.com.br\\\/politica\\\/noticia\\\/2026-04\\\/senado-rejeita-indicacao-de-messias-para-stf#breadcrumb\",\"itemListElement\":[{\"@type\":\"ListItem\",\"position\":1,\"name\":\"In\u00edcio\",\"item\":\"https:\\\/\\\/mrnews.com.br\\\/\"},{\"@type\":\"ListItem\",\"position\":2,\"name\":\"Senado rejeita indica\u00e7\u00e3o de Messias para STF\"}]},{\"@type\":\"WebSite\",\"@id\":\"https:\\\/\\\/mrnews.com.br\\\/#website\",\"url\":\"https:\\\/\\\/mrnews.com.br\\\/\",\"name\":\"MRNews\",\"description\":\"MRNews Jogos de hoje da TV, transmiss\u00f5es ao vivo, Not\u00edcias de futebol, Jogos ao vivo, Lives, resumo de novelas, Programa\u00e7\u00e3o da Globo, A Fazenda e BBB\",\"publisher\":{\"@id\":\"https:\\\/\\\/mrnews.com.br\\\/#organization\"},\"potentialAction\":[{\"@type\":\"SearchAction\",\"target\":{\"@type\":\"EntryPoint\",\"urlTemplate\":\"https:\\\/\\\/mrnews.com.br\\\/?s={search_term_string}\"},\"query-input\":{\"@type\":\"PropertyValueSpecification\",\"valueRequired\":true,\"valueName\":\"search_term_string\"}}],\"inLanguage\":\"pt-BR\"},{\"@type\":\"Organization\",\"@id\":\"https:\\\/\\\/mrnews.com.br\\\/#organization\",\"name\":\"MRNews\",\"url\":\"https:\\\/\\\/mrnews.com.br\\\/\",\"logo\":{\"@type\":\"ImageObject\",\"inLanguage\":\"pt-BR\",\"@id\":\"https:\\\/\\\/mrnews.com.br\\\/#\\\/schema\\\/logo\\\/image\\\/\",\"url\":\"https:\\\/\\\/mrnews.com.br\\\/wp-content\\\/uploads\\\/2019\\\/06\\\/MRNewslogo2.png\",\"contentUrl\":\"https:\\\/\\\/mrnews.com.br\\\/wp-content\\\/uploads\\\/2019\\\/06\\\/MRNewslogo2.png\",\"width\":223,\"height\":58,\"caption\":\"MRNews\"},\"image\":{\"@id\":\"https:\\\/\\\/mrnews.com.br\\\/#\\\/schema\\\/logo\\\/image\\\/\"},\"sameAs\":[\"https:\\\/\\\/www.facebook.com\\\/eaipahpah\\\/?locale2=pt_BR\",\"https:\\\/\\\/x.com\\\/conspirou\",\"https:\\\/\\\/www.instagram.com\\\/eai_pahpah\",\"https:\\\/\\\/br.pinterest.com\\\/mrnewsn\\\/boards\\\/\",\"https:\\\/\\\/www.youtube.com\\\/channel\\\/UCacgnpznQ61fifLWr1tQ-vA?view_as=subscriber\"]},{\"@type\":\"Person\",\"@id\":\"https:\\\/\\\/mrnews.com.br\\\/#\\\/schema\\\/person\\\/be3203154562a9f207407861cef7827b\",\"name\":\"MR News\",\"image\":{\"@type\":\"ImageObject\",\"inLanguage\":\"pt-BR\",\"@id\":\"https:\\\/\\\/secure.gravatar.com\\\/avatar\\\/04084e6d73c042b8646e7c17b494073bf0ede3ea13c7105cfc45cbbbc28385a4?s=96&d=monsterid&r=g\",\"url\":\"https:\\\/\\\/secure.gravatar.com\\\/avatar\\\/04084e6d73c042b8646e7c17b494073bf0ede3ea13c7105cfc45cbbbc28385a4?s=96&d=monsterid&r=g\",\"contentUrl\":\"https:\\\/\\\/secure.gravatar.com\\\/avatar\\\/04084e6d73c042b8646e7c17b494073bf0ede3ea13c7105cfc45cbbbc28385a4?s=96&d=monsterid&r=g\",\"caption\":\"MR News\"},\"description\":\"Especializado em jornalismo colaborativo pela FTP em n\u00edvel de p\u00f3s-gradua\u00e7\u00e3o. suporte@oimeliga.combr\",\"sameAs\":[\"HUGO R.\",\"Admin\"],\"url\":\"https:\\\/\\\/mrnews.com.br\\\/index.php\\\/author\\\/admin\\\/\"}]}<\/script>\n<!-- \/ Yoast SEO plugin. -->","yoast_head_json":{"title":"Senado rejeita indica\u00e7\u00e3o de Messias para STF","robots":{"index":"index","follow":"follow","max-snippet":"max-snippet:-1","max-image-preview":"max-image-preview:large","max-video-preview":"max-video-preview:-1"},"canonical":"https:\/\/agenciabrasil.ebc.com.br\/politica\/noticia\/2026-04\/senado-rejeita-indicacao-de-messias-para-stf","og_locale":"pt_BR","og_type":"article","og_title":"Senado rejeita indica\u00e7\u00e3o de Messias para STF","og_description":"Por EBC, Em uma decis\u00e3o in\u00e9dita, o plen\u00e1rio do Senado rejeitou nesta quarta-feira (29) a indica\u00e7\u00e3o de Jorge Messias para o cargo de ministro do Supremo Tribunal Federal (STF).\u00a0Foram 42 votos contr\u00e1rios e 34 favor\u00e1veis. Para que a indica\u00e7\u00e3o de Messias fosse aprovada eram necess\u00e1rios pelo menos 41 votos dos 81 senadores. Com a rejei\u00e7\u00e3o, &hellip;","og_url":"https:\/\/agenciabrasil.ebc.com.br\/politica\/noticia\/2026-04\/senado-rejeita-indicacao-de-messias-para-stf","og_site_name":"MRNews","article_publisher":"https:\/\/www.facebook.com\/eaipahpah\/?locale2=pt_BR","article_published_time":"2026-04-29T23:01:00+00:00","author":"MR News","twitter_card":"summary_large_image","twitter_creator":"@conspirou","twitter_site":"@conspirou","twitter_misc":{"Escrito por":"MR News","Est. tempo de leitura":"2 minutos"},"schema":{"@context":"https:\/\/schema.org","@graph":[{"@type":"Article","@id":"https:\/\/agenciabrasil.ebc.com.br\/politica\/noticia\/2026-04\/senado-rejeita-indicacao-de-messias-para-stf#article","isPartOf":{"@id":"https:\/\/mrnews.com.br\/index.php\/2026\/04\/29\/senado-rejeita-indicacao-de-messias-para-stf\/"},"author":{"name":"MR News","@id":"https:\/\/mrnews.com.br\/#\/schema\/person\/be3203154562a9f207407861cef7827b"},"headline":"Senado rejeita indica\u00e7\u00e3o de Messias para STF","datePublished":"2026-04-29T23:01:00+00:00","mainEntityOfPage":{"@id":"https:\/\/mrnews.com.br\/index.php\/2026\/04\/29\/senado-rejeita-indicacao-de-messias-para-stf\/"},"wordCount":376,"commentCount":0,"publisher":{"@id":"https:\/\/mrnews.com.br\/#organization"},"articleSection":["ENTRETENIMENTO","NOTICIAS","SERVI\u00c7OS"],"inLanguage":"pt-BR","potentialAction":[{"@type":"CommentAction","name":"Comment","target":["https:\/\/agenciabrasil.ebc.com.br\/politica\/noticia\/2026-04\/senado-rejeita-indicacao-de-messias-para-stf#respond"]}]},{"@type":"WebPage","@id":"https:\/\/mrnews.com.br\/index.php\/2026\/04\/29\/senado-rejeita-indicacao-de-messias-para-stf\/","url":"https:\/\/agenciabrasil.ebc.com.br\/politica\/noticia\/2026-04\/senado-rejeita-indicacao-de-messias-para-stf","name":"Senado rejeita indica\u00e7\u00e3o de Messias para STF","isPartOf":{"@id":"https:\/\/mrnews.com.br\/#website"},"datePublished":"2026-04-29T23:01:00+00:00","breadcrumb":{"@id":"https:\/\/agenciabrasil.ebc.com.br\/politica\/noticia\/2026-04\/senado-rejeita-indicacao-de-messias-para-stf#breadcrumb"},"inLanguage":"pt-BR","potentialAction":[{"@type":"ReadAction","target":["https:\/\/agenciabrasil.ebc.com.br\/politica\/noticia\/2026-04\/senado-rejeita-indicacao-de-messias-para-stf"]}]},{"@type":"BreadcrumbList","@id":"https:\/\/agenciabrasil.ebc.com.br\/politica\/noticia\/2026-04\/senado-rejeita-indicacao-de-messias-para-stf#breadcrumb","itemListElement":[{"@type":"ListItem","position":1,"name":"In\u00edcio","item":"https:\/\/mrnews.com.br\/"},{"@type":"ListItem","position":2,"name":"Senado rejeita indica\u00e7\u00e3o de Messias para STF"}]},{"@type":"WebSite","@id":"https:\/\/mrnews.com.br\/#website","url":"https:\/\/mrnews.com.br\/","name":"MRNews","description":"MRNews Jogos de hoje da TV, transmiss\u00f5es ao vivo, Not\u00edcias de futebol, Jogos ao vivo, Lives, resumo de novelas, Programa\u00e7\u00e3o da Globo, A Fazenda e BBB","publisher":{"@id":"https:\/\/mrnews.com.br\/#organization"},"potentialAction":[{"@type":"SearchAction","target":{"@type":"EntryPoint","urlTemplate":"https:\/\/mrnews.com.br\/?s={search_term_string}"},"query-input":{"@type":"PropertyValueSpecification","valueRequired":true,"valueName":"search_term_string"}}],"inLanguage":"pt-BR"},{"@type":"Organization","@id":"https:\/\/mrnews.com.br\/#organization","name":"MRNews","url":"https:\/\/mrnews.com.br\/","logo":{"@type":"ImageObject","inLanguage":"pt-BR","@id":"https:\/\/mrnews.com.br\/#\/schema\/logo\/image\/","url":"https:\/\/mrnews.com.br\/wp-content\/uploads\/2019\/06\/MRNewslogo2.png","contentUrl":"https:\/\/mrnews.com.br\/wp-content\/uploads\/2019\/06\/MRNewslogo2.png","width":223,"height":58,"caption":"MRNews"},"image":{"@id":"https:\/\/mrnews.com.br\/#\/schema\/logo\/image\/"},"sameAs":["https:\/\/www.facebook.com\/eaipahpah\/?locale2=pt_BR","https:\/\/x.com\/conspirou","https:\/\/www.instagram.com\/eai_pahpah","https:\/\/br.pinterest.com\/mrnewsn\/boards\/","https:\/\/www.youtube.com\/channel\/UCacgnpznQ61fifLWr1tQ-vA?view_as=subscriber"]},{"@type":"Person","@id":"https:\/\/mrnews.com.br\/#\/schema\/person\/be3203154562a9f207407861cef7827b","name":"MR News","image":{"@type":"ImageObject","inLanguage":"pt-BR","@id":"https:\/\/secure.gravatar.com\/avatar\/04084e6d73c042b8646e7c17b494073bf0ede3ea13c7105cfc45cbbbc28385a4?s=96&d=monsterid&r=g","url":"https:\/\/secure.gravatar.com\/avatar\/04084e6d73c042b8646e7c17b494073bf0ede3ea13c7105cfc45cbbbc28385a4?s=96&d=monsterid&r=g","contentUrl":"https:\/\/secure.gravatar.com\/avatar\/04084e6d73c042b8646e7c17b494073bf0ede3ea13c7105cfc45cbbbc28385a4?s=96&d=monsterid&r=g","caption":"MR News"},"description":"Especializado em jornalismo colaborativo pela FTP em n\u00edvel de p\u00f3s-gradua\u00e7\u00e3o. suporte@oimeliga.combr","sameAs":["HUGO R.","Admin"],"url":"https:\/\/mrnews.com.br\/index.php\/author\/admin\/"}]}},"jetpack_featured_media_url":"","jetpack_sharing_enabled":true,"jetpack_shortlink":"https:\/\/wp.me\/pa2Qf7-1VGX","amp_enabled":true,"_links":{"self":[{"href":"https:\/\/mrnews.com.br\/index.php\/wp-json\/wp\/v2\/posts\/460099","targetHints":{"allow":["GET"]}}],"collection":[{"href":"https:\/\/mrnews.com.br\/index.php\/wp-json\/wp\/v2\/posts"}],"about":[{"href":"https:\/\/mrnews.com.br\/index.php\/wp-json\/wp\/v2\/types\/post"}],"author":[{"embeddable":true,"href":"https:\/\/mrnews.com.br\/index.php\/wp-json\/wp\/v2\/users\/1"}],"replies":[{"embeddable":true,"href":"https:\/\/mrnews.com.br\/index.php\/wp-json\/wp\/v2\/comments?post=460099"}],"version-history":[{"count":0,"href":"https:\/\/mrnews.com.br\/index.php\/wp-json\/wp\/v2\/posts\/460099\/revisions"}],"wp:attachment":[{"href":"https:\/\/mrnews.com.br\/index.php\/wp-json\/wp\/v2\/media?parent=460099"}],"wp:term":[{"taxonomy":"category","embeddable":true,"href":"https:\/\/mrnews.com.br\/index.php\/wp-json\/wp\/v2\/categories?post=460099"},{"taxonomy":"post_tag","embeddable":true,"href":"https:\/\/mrnews.com.br\/index.php\/wp-json\/wp\/v2\/tags?post=460099"}],"curies":[{"name":"wp","href":"https:\/\/api.w.org\/{rel}","templated":true}]}}