{"id":460102,"date":"2026-04-29T20:47:05","date_gmt":"2026-04-29T23:47:05","guid":{"rendered":"https:\/\/mrnews.com.br\/?p=460102"},"modified":"2026-04-29T20:47:05","modified_gmt":"2026-04-29T23:47:05","slug":"juliano-cazarre-relata-sequelas-da-filha-e-faz-comovente-desabafo","status":"publish","type":"post","link":"https:\/\/mrnews.com.br\/index.php\/2026\/04\/29\/juliano-cazarre-relata-sequelas-da-filha-e-faz-comovente-desabafo\/","title":{"rendered":"Juliano Cazarr\u00e9 relata sequelas da filha e faz comovente desabafo"},"content":{"rendered":"<p>Juliano Cazarr\u00e9 relata sequelas da filha e faz comovente desabafo: \u2018\u00c9 dif\u00edcil ver o seu filho sofrer\u2019<\/p>\n<p>Publicado em 27 de dezembro de 2025<\/p>\n<p>O ator Juliano Cazarr\u00e9 emocionou o p\u00fablico ao abrir o cora\u00e7\u00e3o sobre a sa\u00fade de sua filha, Maria Guilhermina, de apenas 3 anos e meio. Em entrevista ao portal Extra, ele falou com sinceridade sobre os desafios enfrentados pela fam\u00edlia desde o nascimento da menina, diagnosticada com uma condi\u00e7\u00e3o card\u00edaca rara.<\/p>\n<h2>Filha enfrenta condi\u00e7\u00e3o rara desde o nascimento<\/h2>\n<p>Maria Guilhermina \u00e9 fruto do relacionamento do ator com Let\u00edcia Cazarr\u00e9 e nasceu com anomalia de Ebstein, uma cardiopatia cong\u00eanita que exige cuidados m\u00e9dicos constantes.<\/p>\n<p>Nos primeiros meses de vida, a crian\u00e7a permaneceu internada por cerca de sete meses em um hospital de S\u00e3o Paulo. Desde ent\u00e3o, segue em tratamento cont\u00ednuo em casa, com acompanhamento frequente e uma rotina delicada.<\/p>\n<p>Atualmente, Maria Guilhermina utiliza traqueostomia e precisa ir ao hospital mensalmente para a troca da c\u00e2nula, um procedimento essencial para sua respira\u00e7\u00e3o.<\/p>\n<h2>Sequelas e desafios no desenvolvimento<\/h2>\n<p>Durante a entrevista, Cazarr\u00e9 revelou que a filha ainda enfrenta sequelas importantes decorrentes do per\u00edodo cr\u00edtico vivido no in\u00edcio da vida.<\/p>\n<p>Entre os principais desafios est\u00e3o:<\/p>\n<ul>\n<li>Atraso no desenvolvimento motor<\/li>\n<li>Atraso cognitivo<\/li>\n<li>Dificuldade na fala, devido \u00e0 condi\u00e7\u00e3o respirat\u00f3ria<\/li>\n<\/ul>\n<p>Mesmo com todas as limita\u00e7\u00f5es, a fam\u00edlia segue firme no tratamento, buscando evolu\u00e7\u00e3o gradual no quadro da crian\u00e7a.<\/p>\n<h2>Desabafo comovente do ator<\/h2>\n<p>Visivelmente emocionado, o ator n\u00e3o escondeu a dor ao falar sobre o sofrimento da filha. Em um dos momentos mais marcantes da entrevista, ele declarou:<\/p>\n<blockquote><p>\u201c\u00c9 dif\u00edcil ver o seu filho sofrer.\u201d<\/p><\/blockquote>\n<p>Cazarr\u00e9 relembrou os momentos mais dif\u00edceis, incluindo procedimentos invasivos e cirurgias delicadas.<\/p>\n<blockquote><p>\u201cEra muita inje\u00e7\u00e3o, tubo, opera\u00e7\u00e3o de peito aberto\u2026\u201d<\/p><\/blockquote>\n<p>O relato tocou profundamente os f\u00e3s, que acompanham a trajet\u00f3ria da fam\u00edlia desde o nascimento da menina.<\/p>\n<h2>Esperan\u00e7as para o futuro<\/h2>\n<p>Apesar dos desafios, o ator tamb\u00e9m compartilhou seus sonhos para o futuro da filha.<\/p>\n<p>Entre os principais objetivos para os pr\u00f3ximos anos est\u00e3o:<\/p>\n<ul>\n<li>Retirar o uso do respirador<\/li>\n<li>Permitir que a crian\u00e7a se alimente normalmente<\/li>\n<li>Melhorar a qualidade de vida de forma geral<\/li>\n<\/ul>\n<p>Atualmente, Maria Guilhermina ainda se alimenta por meio de f\u00f3rmula, o que refor\u00e7a o desejo da fam\u00edlia de alcan\u00e7ar avan\u00e7os significativos.<\/p>\n<h2>F\u00e9 e for\u00e7a nos momentos dif\u00edceis<\/h2>\n<p>Cazarr\u00e9 destacou que a f\u00e9 tem sido um dos pilares fundamentais para enfrentar a situa\u00e7\u00e3o. Segundo ele, mesmo diante de momentos extremamente dolorosos, a espiritualidade ajudou a manter a esperan\u00e7a.<\/p>\n<p>O ator tamb\u00e9m afirmou que, em alguns momentos, desafios pessoais chegaram a ser t\u00e3o dif\u00edceis quanto a pr\u00f3pria luta da filha pela vida.<\/p>\n<h2>Reflex\u00f5es sobre a paternidade<\/h2>\n<p>Pai de seis filhos, Juliano Cazarr\u00e9 aproveitou a entrevista para refletir sobre o papel de ser pai.<\/p>\n<p>Segundo ele, a paternidade vai muito al\u00e9m de prover financeiramente. Envolve:<\/p>\n<ul>\n<li>Doa\u00e7\u00e3o constante<\/li>\n<li>Paci\u00eancia<\/li>\n<li>Presen\u00e7a ativa<\/li>\n<li>Amor incondicional<\/li>\n<\/ul>\n<p>Mesmo diante do cansa\u00e7o e das dificuldades, o ator refor\u00e7ou que ser pai \u00e9 uma miss\u00e3o que d\u00e1 sentido \u00e0 sua vida.<\/p>\n<h2>Repercuss\u00e3o entre f\u00e3s<\/h2>\n<p>O relato comovente gerou grande repercuss\u00e3o nas redes sociais, com mensagens de apoio, carinho e solidariedade \u00e0 fam\u00edlia.<\/p>\n<p>Muitos seguidores destacaram a for\u00e7a do casal e a coragem em compartilhar um momento t\u00e3o \u00edntimo e delicado.<\/p>\n<h2>Conclus\u00e3o<\/h2>\n<p>A hist\u00f3ria de Juliano Cazarr\u00e9 e sua fam\u00edlia \u00e9 um retrato real de amor, resili\u00eancia e supera\u00e7\u00e3o. Entre desafios m\u00e9dicos, incertezas e esperan\u00e7a, o ator segue enfrentando a rotina com coragem, sempre colocando a filha no centro de suas prioridades.<\/p>\n<p>O desabafo sincero refor\u00e7a uma realidade que muitas fam\u00edlias vivem diariamente \u2014 e que, muitas vezes, permanece invis\u00edvel.<\/p>\n<hr \/>\n<p><strong>Tags:<\/strong> Juliano Cazarr\u00e9, Maria Guilhermina, sa\u00fade infantil, celebridades, cardiopatia cong\u00eanita, anomalia de Ebstein, fam\u00edlia, paternidade<\/p>\n","protected":false},"excerpt":{"rendered":"<p>Juliano Cazarr\u00e9 relata sequelas da filha e faz comovente desabafo: \u2018\u00c9 dif\u00edcil ver o seu filho sofrer\u2019 Publicado em 27 de dezembro de 2025 O ator Juliano Cazarr\u00e9 emocionou o p\u00fablico ao abrir o cora\u00e7\u00e3o sobre a sa\u00fade de sua filha, Maria Guilhermina, de apenas 3 anos e meio. Em entrevista ao portal Extra, ele &hellip;<\/p>\n","protected":false},"author":1,"featured_media":460103,"comment_status":"open","ping_status":"open","sticky":false,"template":"","format":"standard","meta":{"_jetpack_memberships_contains_paid_content":false,"footnotes":""},"categories":[2],"tags":[],"class_list":["post-460102","post","type-post","status-publish","format-standard","has-post-thumbnail","hentry","category-entretenimento"],"yoast_head":"<!-- This site is optimized with the Yoast SEO plugin v27.5 - https:\/\/yoast.com\/product\/yoast-seo-wordpress\/ -->\n<title>Juliano Cazarr\u00e9 relata sequelas da filha e faz comovente desabafo<\/title>\n<meta name=\"robots\" content=\"index, follow, max-snippet:-1, max-image-preview:large, max-video-preview:-1\" \/>\n<link rel=\"canonical\" href=\"https:\/\/mrnews.com.br\/index.php\/2026\/04\/29\/juliano-cazarre-relata-sequelas-da-filha-e-faz-comovente-desabafo\/\" \/>\n<meta property=\"og:locale\" content=\"pt_BR\" \/>\n<meta property=\"og:type\" content=\"article\" \/>\n<meta property=\"og:title\" content=\"Juliano Cazarr\u00e9 relata sequelas da filha e faz comovente desabafo\" \/>\n<meta property=\"og:description\" content=\"Juliano Cazarr\u00e9 relata sequelas da filha e faz comovente desabafo: \u2018\u00c9 dif\u00edcil ver o seu filho sofrer\u2019 Publicado em 27 de dezembro de 2025 O ator Juliano Cazarr\u00e9 emocionou o p\u00fablico ao abrir o cora\u00e7\u00e3o sobre a sa\u00fade de sua filha, Maria Guilhermina, de apenas 3 anos e meio. Em entrevista ao portal Extra, ele &hellip;\" \/>\n<meta property=\"og:url\" content=\"https:\/\/mrnews.com.br\/index.php\/2026\/04\/29\/juliano-cazarre-relata-sequelas-da-filha-e-faz-comovente-desabafo\/\" \/>\n<meta property=\"og:site_name\" content=\"MRNews\" \/>\n<meta property=\"article:publisher\" content=\"https:\/\/www.facebook.com\/eaipahpah\/?locale2=pt_BR\" \/>\n<meta property=\"article:published_time\" content=\"2026-04-29T23:47:05+00:00\" \/>\n<meta property=\"og:image\" content=\"https:\/\/mrnews.com.br\/wp-content\/uploads\/2026\/04\/FB_IMG_1777506256262.jpg\" \/>\n\t<meta property=\"og:image:width\" content=\"728\" \/>\n\t<meta property=\"og:image:height\" content=\"910\" \/>\n\t<meta property=\"og:image:type\" content=\"image\/jpeg\" \/>\n<meta name=\"author\" content=\"MR News\" \/>\n<meta name=\"twitter:card\" content=\"summary_large_image\" \/>\n<meta name=\"twitter:creator\" content=\"@conspirou\" \/>\n<meta name=\"twitter:site\" content=\"@conspirou\" \/>\n<meta name=\"twitter:label1\" content=\"Escrito por\" \/>\n\t<meta name=\"twitter:data1\" content=\"MR News\" \/>\n\t<meta name=\"twitter:label2\" content=\"Est. tempo de leitura\" \/>\n\t<meta name=\"twitter:data2\" content=\"4 minutos\" \/>\n<script type=\"application\/ld+json\" class=\"yoast-schema-graph\">{\"@context\":\"https:\\\/\\\/schema.org\",\"@graph\":[{\"@type\":\"Article\",\"@id\":\"https:\\\/\\\/mrnews.com.br\\\/index.php\\\/2026\\\/04\\\/29\\\/juliano-cazarre-relata-sequelas-da-filha-e-faz-comovente-desabafo\\\/#article\",\"isPartOf\":{\"@id\":\"https:\\\/\\\/mrnews.com.br\\\/index.php\\\/2026\\\/04\\\/29\\\/juliano-cazarre-relata-sequelas-da-filha-e-faz-comovente-desabafo\\\/\"},\"author\":{\"name\":\"MR News\",\"@id\":\"https:\\\/\\\/mrnews.com.br\\\/#\\\/schema\\\/person\\\/be3203154562a9f207407861cef7827b\"},\"headline\":\"Juliano Cazarr\u00e9 relata sequelas da filha e faz comovente desabafo\",\"datePublished\":\"2026-04-29T23:47:05+00:00\",\"mainEntityOfPage\":{\"@id\":\"https:\\\/\\\/mrnews.com.br\\\/index.php\\\/2026\\\/04\\\/29\\\/juliano-cazarre-relata-sequelas-da-filha-e-faz-comovente-desabafo\\\/\"},\"wordCount\":678,\"commentCount\":0,\"publisher\":{\"@id\":\"https:\\\/\\\/mrnews.com.br\\\/#organization\"},\"image\":{\"@id\":\"https:\\\/\\\/mrnews.com.br\\\/index.php\\\/2026\\\/04\\\/29\\\/juliano-cazarre-relata-sequelas-da-filha-e-faz-comovente-desabafo\\\/#primaryimage\"},\"thumbnailUrl\":\"https:\\\/\\\/mrnews.com.br\\\/wp-content\\\/uploads\\\/2026\\\/04\\\/FB_IMG_1777506256262.jpg\",\"articleSection\":[\"ENTRETENIMENTO\"],\"inLanguage\":\"pt-BR\",\"potentialAction\":[{\"@type\":\"CommentAction\",\"name\":\"Comment\",\"target\":[\"https:\\\/\\\/mrnews.com.br\\\/index.php\\\/2026\\\/04\\\/29\\\/juliano-cazarre-relata-sequelas-da-filha-e-faz-comovente-desabafo\\\/#respond\"]}]},{\"@type\":\"WebPage\",\"@id\":\"https:\\\/\\\/mrnews.com.br\\\/index.php\\\/2026\\\/04\\\/29\\\/juliano-cazarre-relata-sequelas-da-filha-e-faz-comovente-desabafo\\\/\",\"url\":\"https:\\\/\\\/mrnews.com.br\\\/index.php\\\/2026\\\/04\\\/29\\\/juliano-cazarre-relata-sequelas-da-filha-e-faz-comovente-desabafo\\\/\",\"name\":\"Juliano Cazarr\u00e9 relata sequelas da filha e faz comovente desabafo\",\"isPartOf\":{\"@id\":\"https:\\\/\\\/mrnews.com.br\\\/#website\"},\"primaryImageOfPage\":{\"@id\":\"https:\\\/\\\/mrnews.com.br\\\/index.php\\\/2026\\\/04\\\/29\\\/juliano-cazarre-relata-sequelas-da-filha-e-faz-comovente-desabafo\\\/#primaryimage\"},\"image\":{\"@id\":\"https:\\\/\\\/mrnews.com.br\\\/index.php\\\/2026\\\/04\\\/29\\\/juliano-cazarre-relata-sequelas-da-filha-e-faz-comovente-desabafo\\\/#primaryimage\"},\"thumbnailUrl\":\"https:\\\/\\\/mrnews.com.br\\\/wp-content\\\/uploads\\\/2026\\\/04\\\/FB_IMG_1777506256262.jpg\",\"datePublished\":\"2026-04-29T23:47:05+00:00\",\"breadcrumb\":{\"@id\":\"https:\\\/\\\/mrnews.com.br\\\/index.php\\\/2026\\\/04\\\/29\\\/juliano-cazarre-relata-sequelas-da-filha-e-faz-comovente-desabafo\\\/#breadcrumb\"},\"inLanguage\":\"pt-BR\",\"potentialAction\":[{\"@type\":\"ReadAction\",\"target\":[\"https:\\\/\\\/mrnews.com.br\\\/index.php\\\/2026\\\/04\\\/29\\\/juliano-cazarre-relata-sequelas-da-filha-e-faz-comovente-desabafo\\\/\"]}]},{\"@type\":\"ImageObject\",\"inLanguage\":\"pt-BR\",\"@id\":\"https:\\\/\\\/mrnews.com.br\\\/index.php\\\/2026\\\/04\\\/29\\\/juliano-cazarre-relata-sequelas-da-filha-e-faz-comovente-desabafo\\\/#primaryimage\",\"url\":\"https:\\\/\\\/mrnews.com.br\\\/wp-content\\\/uploads\\\/2026\\\/04\\\/FB_IMG_1777506256262.jpg\",\"contentUrl\":\"https:\\\/\\\/mrnews.com.br\\\/wp-content\\\/uploads\\\/2026\\\/04\\\/FB_IMG_1777506256262.jpg\",\"width\":728,\"height\":910},{\"@type\":\"BreadcrumbList\",\"@id\":\"https:\\\/\\\/mrnews.com.br\\\/index.php\\\/2026\\\/04\\\/29\\\/juliano-cazarre-relata-sequelas-da-filha-e-faz-comovente-desabafo\\\/#breadcrumb\",\"itemListElement\":[{\"@type\":\"ListItem\",\"position\":1,\"name\":\"In\u00edcio\",\"item\":\"https:\\\/\\\/mrnews.com.br\\\/\"},{\"@type\":\"ListItem\",\"position\":2,\"name\":\"Juliano Cazarr\u00e9 relata sequelas da filha e faz comovente desabafo\"}]},{\"@type\":\"WebSite\",\"@id\":\"https:\\\/\\\/mrnews.com.br\\\/#website\",\"url\":\"https:\\\/\\\/mrnews.com.br\\\/\",\"name\":\"MRNews\",\"description\":\"MRNews Jogos de hoje da TV, transmiss\u00f5es ao vivo, Not\u00edcias de futebol, Jogos ao vivo, Lives, resumo de novelas, Programa\u00e7\u00e3o da Globo, A Fazenda e BBB\",\"publisher\":{\"@id\":\"https:\\\/\\\/mrnews.com.br\\\/#organization\"},\"potentialAction\":[{\"@type\":\"SearchAction\",\"target\":{\"@type\":\"EntryPoint\",\"urlTemplate\":\"https:\\\/\\\/mrnews.com.br\\\/?s={search_term_string}\"},\"query-input\":{\"@type\":\"PropertyValueSpecification\",\"valueRequired\":true,\"valueName\":\"search_term_string\"}}],\"inLanguage\":\"pt-BR\"},{\"@type\":\"Organization\",\"@id\":\"https:\\\/\\\/mrnews.com.br\\\/#organization\",\"name\":\"MRNews\",\"url\":\"https:\\\/\\\/mrnews.com.br\\\/\",\"logo\":{\"@type\":\"ImageObject\",\"inLanguage\":\"pt-BR\",\"@id\":\"https:\\\/\\\/mrnews.com.br\\\/#\\\/schema\\\/logo\\\/image\\\/\",\"url\":\"https:\\\/\\\/mrnews.com.br\\\/wp-content\\\/uploads\\\/2019\\\/06\\\/MRNewslogo2.png\",\"contentUrl\":\"https:\\\/\\\/mrnews.com.br\\\/wp-content\\\/uploads\\\/2019\\\/06\\\/MRNewslogo2.png\",\"width\":223,\"height\":58,\"caption\":\"MRNews\"},\"image\":{\"@id\":\"https:\\\/\\\/mrnews.com.br\\\/#\\\/schema\\\/logo\\\/image\\\/\"},\"sameAs\":[\"https:\\\/\\\/www.facebook.com\\\/eaipahpah\\\/?locale2=pt_BR\",\"https:\\\/\\\/x.com\\\/conspirou\",\"https:\\\/\\\/www.instagram.com\\\/eai_pahpah\",\"https:\\\/\\\/br.pinterest.com\\\/mrnewsn\\\/boards\\\/\",\"https:\\\/\\\/www.youtube.com\\\/channel\\\/UCacgnpznQ61fifLWr1tQ-vA?view_as=subscriber\"]},{\"@type\":\"Person\",\"@id\":\"https:\\\/\\\/mrnews.com.br\\\/#\\\/schema\\\/person\\\/be3203154562a9f207407861cef7827b\",\"name\":\"MR News\",\"image\":{\"@type\":\"ImageObject\",\"inLanguage\":\"pt-BR\",\"@id\":\"https:\\\/\\\/secure.gravatar.com\\\/avatar\\\/04084e6d73c042b8646e7c17b494073bf0ede3ea13c7105cfc45cbbbc28385a4?s=96&d=monsterid&r=g\",\"url\":\"https:\\\/\\\/secure.gravatar.com\\\/avatar\\\/04084e6d73c042b8646e7c17b494073bf0ede3ea13c7105cfc45cbbbc28385a4?s=96&d=monsterid&r=g\",\"contentUrl\":\"https:\\\/\\\/secure.gravatar.com\\\/avatar\\\/04084e6d73c042b8646e7c17b494073bf0ede3ea13c7105cfc45cbbbc28385a4?s=96&d=monsterid&r=g\",\"caption\":\"MR News\"},\"description\":\"Especializado em jornalismo colaborativo pela FTP em n\u00edvel de p\u00f3s-gradua\u00e7\u00e3o. suporte@oimeliga.combr\",\"sameAs\":[\"HUGO R.\",\"Admin\"],\"url\":\"https:\\\/\\\/mrnews.com.br\\\/index.php\\\/author\\\/admin\\\/\"}]}<\/script>\n<!-- \/ Yoast SEO plugin. -->","yoast_head_json":{"title":"Juliano Cazarr\u00e9 relata sequelas da filha e faz comovente desabafo","robots":{"index":"index","follow":"follow","max-snippet":"max-snippet:-1","max-image-preview":"max-image-preview:large","max-video-preview":"max-video-preview:-1"},"canonical":"https:\/\/mrnews.com.br\/index.php\/2026\/04\/29\/juliano-cazarre-relata-sequelas-da-filha-e-faz-comovente-desabafo\/","og_locale":"pt_BR","og_type":"article","og_title":"Juliano Cazarr\u00e9 relata sequelas da filha e faz comovente desabafo","og_description":"Juliano Cazarr\u00e9 relata sequelas da filha e faz comovente desabafo: \u2018\u00c9 dif\u00edcil ver o seu filho sofrer\u2019 Publicado em 27 de dezembro de 2025 O ator Juliano Cazarr\u00e9 emocionou o p\u00fablico ao abrir o cora\u00e7\u00e3o sobre a sa\u00fade de sua filha, Maria Guilhermina, de apenas 3 anos e meio. Em entrevista ao portal Extra, ele &hellip;","og_url":"https:\/\/mrnews.com.br\/index.php\/2026\/04\/29\/juliano-cazarre-relata-sequelas-da-filha-e-faz-comovente-desabafo\/","og_site_name":"MRNews","article_publisher":"https:\/\/www.facebook.com\/eaipahpah\/?locale2=pt_BR","article_published_time":"2026-04-29T23:47:05+00:00","og_image":[{"width":728,"height":910,"url":"https:\/\/mrnews.com.br\/wp-content\/uploads\/2026\/04\/FB_IMG_1777506256262.jpg","type":"image\/jpeg"}],"author":"MR News","twitter_card":"summary_large_image","twitter_creator":"@conspirou","twitter_site":"@conspirou","twitter_misc":{"Escrito por":"MR News","Est. tempo de leitura":"4 minutos"},"schema":{"@context":"https:\/\/schema.org","@graph":[{"@type":"Article","@id":"https:\/\/mrnews.com.br\/index.php\/2026\/04\/29\/juliano-cazarre-relata-sequelas-da-filha-e-faz-comovente-desabafo\/#article","isPartOf":{"@id":"https:\/\/mrnews.com.br\/index.php\/2026\/04\/29\/juliano-cazarre-relata-sequelas-da-filha-e-faz-comovente-desabafo\/"},"author":{"name":"MR News","@id":"https:\/\/mrnews.com.br\/#\/schema\/person\/be3203154562a9f207407861cef7827b"},"headline":"Juliano Cazarr\u00e9 relata sequelas da filha e faz comovente desabafo","datePublished":"2026-04-29T23:47:05+00:00","mainEntityOfPage":{"@id":"https:\/\/mrnews.com.br\/index.php\/2026\/04\/29\/juliano-cazarre-relata-sequelas-da-filha-e-faz-comovente-desabafo\/"},"wordCount":678,"commentCount":0,"publisher":{"@id":"https:\/\/mrnews.com.br\/#organization"},"image":{"@id":"https:\/\/mrnews.com.br\/index.php\/2026\/04\/29\/juliano-cazarre-relata-sequelas-da-filha-e-faz-comovente-desabafo\/#primaryimage"},"thumbnailUrl":"https:\/\/mrnews.com.br\/wp-content\/uploads\/2026\/04\/FB_IMG_1777506256262.jpg","articleSection":["ENTRETENIMENTO"],"inLanguage":"pt-BR","potentialAction":[{"@type":"CommentAction","name":"Comment","target":["https:\/\/mrnews.com.br\/index.php\/2026\/04\/29\/juliano-cazarre-relata-sequelas-da-filha-e-faz-comovente-desabafo\/#respond"]}]},{"@type":"WebPage","@id":"https:\/\/mrnews.com.br\/index.php\/2026\/04\/29\/juliano-cazarre-relata-sequelas-da-filha-e-faz-comovente-desabafo\/","url":"https:\/\/mrnews.com.br\/index.php\/2026\/04\/29\/juliano-cazarre-relata-sequelas-da-filha-e-faz-comovente-desabafo\/","name":"Juliano Cazarr\u00e9 relata sequelas da filha e faz comovente desabafo","isPartOf":{"@id":"https:\/\/mrnews.com.br\/#website"},"primaryImageOfPage":{"@id":"https:\/\/mrnews.com.br\/index.php\/2026\/04\/29\/juliano-cazarre-relata-sequelas-da-filha-e-faz-comovente-desabafo\/#primaryimage"},"image":{"@id":"https:\/\/mrnews.com.br\/index.php\/2026\/04\/29\/juliano-cazarre-relata-sequelas-da-filha-e-faz-comovente-desabafo\/#primaryimage"},"thumbnailUrl":"https:\/\/mrnews.com.br\/wp-content\/uploads\/2026\/04\/FB_IMG_1777506256262.jpg","datePublished":"2026-04-29T23:47:05+00:00","breadcrumb":{"@id":"https:\/\/mrnews.com.br\/index.php\/2026\/04\/29\/juliano-cazarre-relata-sequelas-da-filha-e-faz-comovente-desabafo\/#breadcrumb"},"inLanguage":"pt-BR","potentialAction":[{"@type":"ReadAction","target":["https:\/\/mrnews.com.br\/index.php\/2026\/04\/29\/juliano-cazarre-relata-sequelas-da-filha-e-faz-comovente-desabafo\/"]}]},{"@type":"ImageObject","inLanguage":"pt-BR","@id":"https:\/\/mrnews.com.br\/index.php\/2026\/04\/29\/juliano-cazarre-relata-sequelas-da-filha-e-faz-comovente-desabafo\/#primaryimage","url":"https:\/\/mrnews.com.br\/wp-content\/uploads\/2026\/04\/FB_IMG_1777506256262.jpg","contentUrl":"https:\/\/mrnews.com.br\/wp-content\/uploads\/2026\/04\/FB_IMG_1777506256262.jpg","width":728,"height":910},{"@type":"BreadcrumbList","@id":"https:\/\/mrnews.com.br\/index.php\/2026\/04\/29\/juliano-cazarre-relata-sequelas-da-filha-e-faz-comovente-desabafo\/#breadcrumb","itemListElement":[{"@type":"ListItem","position":1,"name":"In\u00edcio","item":"https:\/\/mrnews.com.br\/"},{"@type":"ListItem","position":2,"name":"Juliano Cazarr\u00e9 relata sequelas da filha e faz comovente desabafo"}]},{"@type":"WebSite","@id":"https:\/\/mrnews.com.br\/#website","url":"https:\/\/mrnews.com.br\/","name":"MRNews","description":"MRNews Jogos de hoje da TV, transmiss\u00f5es ao vivo, Not\u00edcias de futebol, Jogos ao vivo, Lives, resumo de novelas, Programa\u00e7\u00e3o da Globo, A Fazenda e BBB","publisher":{"@id":"https:\/\/mrnews.com.br\/#organization"},"potentialAction":[{"@type":"SearchAction","target":{"@type":"EntryPoint","urlTemplate":"https:\/\/mrnews.com.br\/?s={search_term_string}"},"query-input":{"@type":"PropertyValueSpecification","valueRequired":true,"valueName":"search_term_string"}}],"inLanguage":"pt-BR"},{"@type":"Organization","@id":"https:\/\/mrnews.com.br\/#organization","name":"MRNews","url":"https:\/\/mrnews.com.br\/","logo":{"@type":"ImageObject","inLanguage":"pt-BR","@id":"https:\/\/mrnews.com.br\/#\/schema\/logo\/image\/","url":"https:\/\/mrnews.com.br\/wp-content\/uploads\/2019\/06\/MRNewslogo2.png","contentUrl":"https:\/\/mrnews.com.br\/wp-content\/uploads\/2019\/06\/MRNewslogo2.png","width":223,"height":58,"caption":"MRNews"},"image":{"@id":"https:\/\/mrnews.com.br\/#\/schema\/logo\/image\/"},"sameAs":["https:\/\/www.facebook.com\/eaipahpah\/?locale2=pt_BR","https:\/\/x.com\/conspirou","https:\/\/www.instagram.com\/eai_pahpah","https:\/\/br.pinterest.com\/mrnewsn\/boards\/","https:\/\/www.youtube.com\/channel\/UCacgnpznQ61fifLWr1tQ-vA?view_as=subscriber"]},{"@type":"Person","@id":"https:\/\/mrnews.com.br\/#\/schema\/person\/be3203154562a9f207407861cef7827b","name":"MR News","image":{"@type":"ImageObject","inLanguage":"pt-BR","@id":"https:\/\/secure.gravatar.com\/avatar\/04084e6d73c042b8646e7c17b494073bf0ede3ea13c7105cfc45cbbbc28385a4?s=96&d=monsterid&r=g","url":"https:\/\/secure.gravatar.com\/avatar\/04084e6d73c042b8646e7c17b494073bf0ede3ea13c7105cfc45cbbbc28385a4?s=96&d=monsterid&r=g","contentUrl":"https:\/\/secure.gravatar.com\/avatar\/04084e6d73c042b8646e7c17b494073bf0ede3ea13c7105cfc45cbbbc28385a4?s=96&d=monsterid&r=g","caption":"MR News"},"description":"Especializado em jornalismo colaborativo pela FTP em n\u00edvel de p\u00f3s-gradua\u00e7\u00e3o. suporte@oimeliga.combr","sameAs":["HUGO R.","Admin"],"url":"https:\/\/mrnews.com.br\/index.php\/author\/admin\/"}]}},"jetpack_featured_media_url":"https:\/\/mrnews.com.br\/wp-content\/uploads\/2026\/04\/FB_IMG_1777506256262.jpg","jetpack_sharing_enabled":true,"jetpack_shortlink":"https:\/\/wp.me\/pa2Qf7-1VH0","amp_enabled":true,"_links":{"self":[{"href":"https:\/\/mrnews.com.br\/index.php\/wp-json\/wp\/v2\/posts\/460102","targetHints":{"allow":["GET"]}}],"collection":[{"href":"https:\/\/mrnews.com.br\/index.php\/wp-json\/wp\/v2\/posts"}],"about":[{"href":"https:\/\/mrnews.com.br\/index.php\/wp-json\/wp\/v2\/types\/post"}],"author":[{"embeddable":true,"href":"https:\/\/mrnews.com.br\/index.php\/wp-json\/wp\/v2\/users\/1"}],"replies":[{"embeddable":true,"href":"https:\/\/mrnews.com.br\/index.php\/wp-json\/wp\/v2\/comments?post=460102"}],"version-history":[{"count":1,"href":"https:\/\/mrnews.com.br\/index.php\/wp-json\/wp\/v2\/posts\/460102\/revisions"}],"predecessor-version":[{"id":460104,"href":"https:\/\/mrnews.com.br\/index.php\/wp-json\/wp\/v2\/posts\/460102\/revisions\/460104"}],"wp:featuredmedia":[{"embeddable":true,"href":"https:\/\/mrnews.com.br\/index.php\/wp-json\/wp\/v2\/media\/460103"}],"wp:attachment":[{"href":"https:\/\/mrnews.com.br\/index.php\/wp-json\/wp\/v2\/media?parent=460102"}],"wp:term":[{"taxonomy":"category","embeddable":true,"href":"https:\/\/mrnews.com.br\/index.php\/wp-json\/wp\/v2\/categories?post=460102"},{"taxonomy":"post_tag","embeddable":true,"href":"https:\/\/mrnews.com.br\/index.php\/wp-json\/wp\/v2\/tags?post=460102"}],"curies":[{"name":"wp","href":"https:\/\/api.w.org\/{rel}","templated":true}]}}