{"id":460142,"date":"2026-04-30T12:08:32","date_gmt":"2026-04-30T15:08:32","guid":{"rendered":"https:\/\/mrnews.com.br\/index.php\/2026\/04\/30\/liberdade-de-imprensa-esta-em-queda-nas-democracias-alerta-rsf\/"},"modified":"2026-04-30T12:08:32","modified_gmt":"2026-04-30T15:08:32","slug":"liberdade-de-imprensa-esta-em-queda-nas-democracias-alerta-rsf","status":"publish","type":"post","link":"https:\/\/mrnews.com.br\/index.php\/2026\/04\/30\/liberdade-de-imprensa-esta-em-queda-nas-democracias-alerta-rsf\/","title":{"rendered":"Liberdade de imprensa est\u00e1 em queda nas democracias, alerta RSF"},"content":{"rendered":"<p>Por EBC, <\/p>\n<div>\n<p><strong>Relat\u00f3rio sobre o ranking da liberdade de imprensa no mundo\u00a0divulgado nesta quinta (30), pela organiza\u00e7\u00e3o n\u00e3o governamental Rep\u00f3rteres Sem Fronteiras, mostra que a pontua\u00e7\u00e3o m\u00e9dia de todos os pa\u00edses juntos\u00a0\u00e9 a mais baixa dos \u00faltimos 25 anos.<\/strong><\/p>\n<p><strong>Segundo o diretor da entidade para a Am\u00e9rica Latina, Artur Romeu, a liberdade de imprensa teve queda expressiva tamb\u00e9m em\u00a0Estados democr\u00e1ticos.<\/strong><\/p>\n<p>No levantamento, o Brasil \u00e9 uma das exce\u00e7\u00f5es \u00e0 regra. Subiu 58 posi\u00e7\u00f5es desde o ano de 2022. No entanto, a maior parte do mundo enfrenta cen\u00e1rio de dificuldade.<\/p>\n<p>O representante da entidade defende que os estados democr\u00e1ticos precisam garantir a imprensa livre e plural para assegurar informa\u00e7\u00e3o de qualidade \u00e0 sociedade.<\/p>\n<p><strong>Leia abaixo os principais trechos da entrevista com Artur Romeu:<\/strong><\/p>\n<p><strong>Ag\u00eancia Brasil &#8211; <\/strong>A que se deve essa queda generalizada de liberdade de imprensa?<\/p>\n<p><strong>Artur Romeu &#8211;<\/strong> A pontua\u00e7\u00e3o m\u00e9dia de todos os pa\u00edses do mundo juntos \u00e9 a mais baixa desses 25 anos. Mas isso n\u00e3o significa que a pontua\u00e7\u00e3o tenha piorado muito do ano passado para c\u00e1. Quando voc\u00ea olha a curva da pontua\u00e7\u00e3o, voc\u00ea v\u00ea que essa queda no \u00edndice \u00e9 algo constante.<\/p>\n<p>Estamos em uma tend\u00eancia de queda e, neste ano em particular, foi registrado o n\u00famero mais baixo da s\u00e9rie hist\u00f3rica. \u00c9 um cen\u00e1rio muito ruim que mostra deteriora\u00e7\u00e3o global das condi\u00e7\u00f5es para o exerc\u00edcio do jornalismo.<\/p>\n<p><strong>Ag\u00eancia Brasil &#8211; <\/strong>Quais s\u00e3o os principais fatores?<\/p>\n<p><strong>Artur Romeu &#8211;<\/strong> \u00c9 um conjunto de crises. Isso \u00e9 uma crise das democracias no mundo. Se em algum momento da hist\u00f3ria estivesse mais claro que a liberdade de imprensa estava amea\u00e7ada em pa\u00edses que eram abertamente autorit\u00e1rios, o que a gente v\u00ea agora \u00e9 que, mesmo em democracias, h\u00e1 pr\u00e1ticas que minam o direito da liberdade de imprensa mais do que antes. Essas pr\u00e1ticas t\u00eam a ver com ass\u00e9dio e de hostiliza\u00e7\u00f5es.<\/p>\n<p>Essa identifica\u00e7\u00e3o do jornalista e dos meios de comunica\u00e7\u00e3o como inimigos p\u00fablicos a serem combatidos vai fincando ra\u00edzes, contaminando e contagiando um n\u00famero maior de pa\u00edses, inclusive democracias. A gente v\u00ea um cen\u00e1rio de desinforma\u00e7\u00e3o maior. E esse conjunto de fatores vai criando uma percep\u00e7\u00e3o geral de que est\u00e1 mais dif\u00edcil ser jornalista.<\/p>\n<p><strong>Ag\u00eancia Brasil &#8211; <\/strong>Como a sociedade deve entender a import\u00e2ncia da liberdade de imp<strong>rensa?<\/strong><\/p>\n<p><strong>Artur Romeu &#8211; <\/strong>Muitas vezes, a gente entende a liberdade de imprensa como um direito que pertence a jornalistas e meios de comunica\u00e7\u00e3o. Mas \u00e9 fundamental a gente deslocar essa ideia.<\/p>\n<p>A gente tem que valorizar a dimens\u00e3o coletiva e a dimens\u00e3o social do direito \u00e0 liberdade de imprensa, na medida em que eu, como cidad\u00e3o, preciso de informa\u00e7\u00f5es de confian\u00e7a, livres, independentes, \u00edntegras, para tomar decis\u00f5es importantes para mim, para as minhas escolhas.<\/p>\n<p>Nesse sentido, o direito a uma informa\u00e7\u00e3o livre, plural, independente, \u00e9 um direito que pertence \u00e0 sociedade como um todo. Todos n\u00f3s precisamos dessa informa\u00e7\u00e3o. Como direito \u00e0 sa\u00fade, direito \u00e0 moradia adequada, direito ao trabalho. \u00c9 um direito vital para nossa participa\u00e7\u00e3o na vida p\u00fablica.<\/p>\n<p><strong>Ag\u00eancia Brasil &#8211; <\/strong>Nas Am\u00e9ricas, vivemos em cen\u00e1rios m\u00faltiplos tamb\u00e9m, com crises de diferentes caracter\u00edsticas, certo?<\/p>\n<p><strong>Artur Romeu &#8211;<\/strong> O continente americano tem tido uma deteriora\u00e7\u00e3o muito significativa. Al\u00e9m de Estados Unidos e Argentina, Peru e Equador s\u00e3o outros pa\u00edses em que a situa\u00e7\u00e3o piorou muito nos \u00faltimos anos. Os discursos p\u00fablicos de Javier Milei [presidente da Argentina] e tamb\u00e9m as a\u00e7\u00f5es dele, como o fechamento da ag\u00eancia Telan, que era uma das maiores ag\u00eancias p\u00fablicas de not\u00edcias da Am\u00e9rica Latina mostram isso. Ele fechou, na semana passada, a Casa Rosada para jornalistas.<\/p>\n<p>No Equador e no Peru, houve jornalistas assassinados no ano passado. No Equador, tamb\u00e9m h\u00e1 um momento de instabilidade pol\u00edtica com declara\u00e7\u00f5es sucessivas de estados de exce\u00e7\u00e3o e toques de recolher. O M\u00e9xico \u00e9 o pa\u00eds mais violento. \u00c9 o pa\u00eds onde mais se matou jornalistas na Am\u00e9rica nos \u00faltimos 20 anos. Mais de 150 jornalistas assassinados desde 2010. \u00c9 um pa\u00eds que segue baixo no ranking por conta de um cen\u00e1rio de viol\u00eancia extrema contra a imprensa em muitos estados mexicanos, mas que n\u00e3o teve grandes varia\u00e7\u00f5es.<\/p>\n<p><strong>Ag\u00eancia Brasil &#8211; <\/strong>A Rep\u00f3rteres Sem Fronteiras faz recomenda\u00e7\u00f5es para reverter essa tend\u00eancia de queda na liberdade de imprensa?<\/p>\n<p><strong>Artur Romeu &#8211;<\/strong> \u00c9 fundamental que haja uma valoriza\u00e7\u00e3o do trabalho jornal\u00edstico do ponto de vista realmente dos governos. O ranking n\u00e3o \u00e9 uma avalia\u00e7\u00e3o de governos, mas sim das condi\u00e7\u00f5es que est\u00e3o colocadas, nas quais os governos t\u00eam um papel tamb\u00e9m fundamental.<\/p>\n<p>O ponto central aqui em termos de recomenda\u00e7\u00e3o \u00e9 que, durante muito tempo, alguns atores entenderam que a garantia da liberdade de imprensa se d\u00e1 apenas pela aus\u00eancia de inger\u00eancia ou de interfer\u00eancia de governos.<\/p>\n<p>O ponto \u00e9 que isso n\u00e3o \u00e9 suficiente. O governo n\u00e3o deve somente se abster de interferir como agentes de censura. Eles t\u00eam que proativamente agir para garantir um ambiente mais favor\u00e1vel ao jornalismo. Isso significa desenvolver pol\u00edticas p\u00fablicas e regula\u00e7\u00f5es que v\u00e3o fortalecer essa possibilidade.<\/p>\n<p>A gente precisa de novas legisla\u00e7\u00f5es de regula\u00e7\u00e3o das plataformas e da intelig\u00eancia artificial. A gente precisa de mecanismos de prote\u00e7\u00e3o. \u00c9 necess\u00e1rio um conjunto de leis de fomento ao jornalismo com mais pluralismo e diversidade na m\u00eddia e com leis de incentivos<\/p>\n<p>      <!-- Relacionada --><\/p>\n<p>            <!-- Relacionada -->\n    <\/div>\n","protected":false},"excerpt":{"rendered":"<p>Por EBC, Relat\u00f3rio sobre o ranking da liberdade de imprensa no mundo\u00a0divulgado nesta quinta (30), pela organiza\u00e7\u00e3o n\u00e3o governamental Rep\u00f3rteres Sem Fronteiras, mostra que a pontua\u00e7\u00e3o m\u00e9dia de todos os pa\u00edses juntos\u00a0\u00e9 a mais baixa dos \u00faltimos 25 anos. Segundo o diretor da entidade para a Am\u00e9rica Latina, Artur Romeu, a liberdade de imprensa teve &hellip;<\/p>\n","protected":false},"author":1,"featured_media":0,"comment_status":"open","ping_status":"open","sticky":false,"template":"","format":"standard","meta":{"_jetpack_memberships_contains_paid_content":false,"footnotes":""},"categories":[2,12225,4],"tags":[],"class_list":["post-460142","post","type-post","status-publish","format-standard","hentry","category-entretenimento","category-noticias","category-servicos"],"yoast_head":"<!-- This site is optimized with the Yoast SEO plugin v27.5 - https:\/\/yoast.com\/product\/yoast-seo-wordpress\/ -->\n<title>Liberdade de imprensa est\u00e1 em queda nas democracias, alerta RSF<\/title>\n<meta name=\"robots\" content=\"index, follow, max-snippet:-1, max-image-preview:large, max-video-preview:-1\" \/>\n<link rel=\"canonical\" href=\"https:\/\/agenciabrasil.ebc.com.br\/direitos-humanos\/noticia\/2026-04\/liberdade-de-imprensa-esta-em-queda-nas-democracias-alerta-rsf\" \/>\n<meta property=\"og:locale\" content=\"pt_BR\" \/>\n<meta property=\"og:type\" content=\"article\" \/>\n<meta property=\"og:title\" content=\"Liberdade de imprensa est\u00e1 em queda nas democracias, alerta RSF\" \/>\n<meta property=\"og:description\" content=\"Por EBC, Relat\u00f3rio sobre o ranking da liberdade de imprensa no mundo\u00a0divulgado nesta quinta (30), pela organiza\u00e7\u00e3o n\u00e3o governamental Rep\u00f3rteres Sem Fronteiras, mostra que a pontua\u00e7\u00e3o m\u00e9dia de todos os pa\u00edses juntos\u00a0\u00e9 a mais baixa dos \u00faltimos 25 anos. Segundo o diretor da entidade para a Am\u00e9rica Latina, Artur Romeu, a liberdade de imprensa teve &hellip;\" \/>\n<meta property=\"og:url\" content=\"https:\/\/agenciabrasil.ebc.com.br\/direitos-humanos\/noticia\/2026-04\/liberdade-de-imprensa-esta-em-queda-nas-democracias-alerta-rsf\" \/>\n<meta property=\"og:site_name\" content=\"MRNews\" \/>\n<meta property=\"article:publisher\" content=\"https:\/\/www.facebook.com\/eaipahpah\/?locale2=pt_BR\" \/>\n<meta property=\"article:published_time\" content=\"2026-04-30T15:08:32+00:00\" \/>\n<meta name=\"author\" content=\"MR News\" \/>\n<meta name=\"twitter:card\" content=\"summary_large_image\" \/>\n<meta name=\"twitter:creator\" content=\"@conspirou\" \/>\n<meta name=\"twitter:site\" content=\"@conspirou\" \/>\n<meta name=\"twitter:label1\" content=\"Escrito por\" \/>\n\t<meta name=\"twitter:data1\" content=\"MR News\" \/>\n\t<meta name=\"twitter:label2\" content=\"Est. tempo de leitura\" \/>\n\t<meta name=\"twitter:data2\" content=\"5 minutos\" \/>\n<script type=\"application\/ld+json\" class=\"yoast-schema-graph\">{\"@context\":\"https:\\\/\\\/schema.org\",\"@graph\":[{\"@type\":\"Article\",\"@id\":\"https:\\\/\\\/agenciabrasil.ebc.com.br\\\/direitos-humanos\\\/noticia\\\/2026-04\\\/liberdade-de-imprensa-esta-em-queda-nas-democracias-alerta-rsf#article\",\"isPartOf\":{\"@id\":\"https:\\\/\\\/mrnews.com.br\\\/index.php\\\/2026\\\/04\\\/30\\\/liberdade-de-imprensa-esta-em-queda-nas-democracias-alerta-rsf\\\/\"},\"author\":{\"name\":\"MR News\",\"@id\":\"https:\\\/\\\/mrnews.com.br\\\/#\\\/schema\\\/person\\\/be3203154562a9f207407861cef7827b\"},\"headline\":\"Liberdade de imprensa est\u00e1 em queda nas democracias, alerta RSF\",\"datePublished\":\"2026-04-30T15:08:32+00:00\",\"mainEntityOfPage\":{\"@id\":\"https:\\\/\\\/mrnews.com.br\\\/index.php\\\/2026\\\/04\\\/30\\\/liberdade-de-imprensa-esta-em-queda-nas-democracias-alerta-rsf\\\/\"},\"wordCount\":966,\"commentCount\":0,\"publisher\":{\"@id\":\"https:\\\/\\\/mrnews.com.br\\\/#organization\"},\"articleSection\":[\"ENTRETENIMENTO\",\"NOTICIAS\",\"SERVI\u00c7OS\"],\"inLanguage\":\"pt-BR\",\"potentialAction\":[{\"@type\":\"CommentAction\",\"name\":\"Comment\",\"target\":[\"https:\\\/\\\/agenciabrasil.ebc.com.br\\\/direitos-humanos\\\/noticia\\\/2026-04\\\/liberdade-de-imprensa-esta-em-queda-nas-democracias-alerta-rsf#respond\"]}]},{\"@type\":\"WebPage\",\"@id\":\"https:\\\/\\\/mrnews.com.br\\\/index.php\\\/2026\\\/04\\\/30\\\/liberdade-de-imprensa-esta-em-queda-nas-democracias-alerta-rsf\\\/\",\"url\":\"https:\\\/\\\/agenciabrasil.ebc.com.br\\\/direitos-humanos\\\/noticia\\\/2026-04\\\/liberdade-de-imprensa-esta-em-queda-nas-democracias-alerta-rsf\",\"name\":\"Liberdade de imprensa est\u00e1 em queda nas democracias, alerta RSF\",\"isPartOf\":{\"@id\":\"https:\\\/\\\/mrnews.com.br\\\/#website\"},\"datePublished\":\"2026-04-30T15:08:32+00:00\",\"breadcrumb\":{\"@id\":\"https:\\\/\\\/agenciabrasil.ebc.com.br\\\/direitos-humanos\\\/noticia\\\/2026-04\\\/liberdade-de-imprensa-esta-em-queda-nas-democracias-alerta-rsf#breadcrumb\"},\"inLanguage\":\"pt-BR\",\"potentialAction\":[{\"@type\":\"ReadAction\",\"target\":[\"https:\\\/\\\/agenciabrasil.ebc.com.br\\\/direitos-humanos\\\/noticia\\\/2026-04\\\/liberdade-de-imprensa-esta-em-queda-nas-democracias-alerta-rsf\"]}]},{\"@type\":\"BreadcrumbList\",\"@id\":\"https:\\\/\\\/agenciabrasil.ebc.com.br\\\/direitos-humanos\\\/noticia\\\/2026-04\\\/liberdade-de-imprensa-esta-em-queda-nas-democracias-alerta-rsf#breadcrumb\",\"itemListElement\":[{\"@type\":\"ListItem\",\"position\":1,\"name\":\"In\u00edcio\",\"item\":\"https:\\\/\\\/mrnews.com.br\\\/\"},{\"@type\":\"ListItem\",\"position\":2,\"name\":\"Liberdade de imprensa est\u00e1 em queda nas democracias, alerta RSF\"}]},{\"@type\":\"WebSite\",\"@id\":\"https:\\\/\\\/mrnews.com.br\\\/#website\",\"url\":\"https:\\\/\\\/mrnews.com.br\\\/\",\"name\":\"MRNews\",\"description\":\"MRNews Jogos de hoje da TV, transmiss\u00f5es ao vivo, Not\u00edcias de futebol, Jogos ao vivo, Lives, resumo de novelas, Programa\u00e7\u00e3o da Globo, A Fazenda e BBB\",\"publisher\":{\"@id\":\"https:\\\/\\\/mrnews.com.br\\\/#organization\"},\"potentialAction\":[{\"@type\":\"SearchAction\",\"target\":{\"@type\":\"EntryPoint\",\"urlTemplate\":\"https:\\\/\\\/mrnews.com.br\\\/?s={search_term_string}\"},\"query-input\":{\"@type\":\"PropertyValueSpecification\",\"valueRequired\":true,\"valueName\":\"search_term_string\"}}],\"inLanguage\":\"pt-BR\"},{\"@type\":\"Organization\",\"@id\":\"https:\\\/\\\/mrnews.com.br\\\/#organization\",\"name\":\"MRNews\",\"url\":\"https:\\\/\\\/mrnews.com.br\\\/\",\"logo\":{\"@type\":\"ImageObject\",\"inLanguage\":\"pt-BR\",\"@id\":\"https:\\\/\\\/mrnews.com.br\\\/#\\\/schema\\\/logo\\\/image\\\/\",\"url\":\"https:\\\/\\\/mrnews.com.br\\\/wp-content\\\/uploads\\\/2019\\\/06\\\/MRNewslogo2.png\",\"contentUrl\":\"https:\\\/\\\/mrnews.com.br\\\/wp-content\\\/uploads\\\/2019\\\/06\\\/MRNewslogo2.png\",\"width\":223,\"height\":58,\"caption\":\"MRNews\"},\"image\":{\"@id\":\"https:\\\/\\\/mrnews.com.br\\\/#\\\/schema\\\/logo\\\/image\\\/\"},\"sameAs\":[\"https:\\\/\\\/www.facebook.com\\\/eaipahpah\\\/?locale2=pt_BR\",\"https:\\\/\\\/x.com\\\/conspirou\",\"https:\\\/\\\/www.instagram.com\\\/eai_pahpah\",\"https:\\\/\\\/br.pinterest.com\\\/mrnewsn\\\/boards\\\/\",\"https:\\\/\\\/www.youtube.com\\\/channel\\\/UCacgnpznQ61fifLWr1tQ-vA?view_as=subscriber\"]},{\"@type\":\"Person\",\"@id\":\"https:\\\/\\\/mrnews.com.br\\\/#\\\/schema\\\/person\\\/be3203154562a9f207407861cef7827b\",\"name\":\"MR News\",\"image\":{\"@type\":\"ImageObject\",\"inLanguage\":\"pt-BR\",\"@id\":\"https:\\\/\\\/secure.gravatar.com\\\/avatar\\\/04084e6d73c042b8646e7c17b494073bf0ede3ea13c7105cfc45cbbbc28385a4?s=96&d=monsterid&r=g\",\"url\":\"https:\\\/\\\/secure.gravatar.com\\\/avatar\\\/04084e6d73c042b8646e7c17b494073bf0ede3ea13c7105cfc45cbbbc28385a4?s=96&d=monsterid&r=g\",\"contentUrl\":\"https:\\\/\\\/secure.gravatar.com\\\/avatar\\\/04084e6d73c042b8646e7c17b494073bf0ede3ea13c7105cfc45cbbbc28385a4?s=96&d=monsterid&r=g\",\"caption\":\"MR News\"},\"description\":\"Especializado em jornalismo colaborativo pela FTP em n\u00edvel de p\u00f3s-gradua\u00e7\u00e3o. suporte@oimeliga.combr\",\"sameAs\":[\"HUGO R.\",\"Admin\"],\"url\":\"https:\\\/\\\/mrnews.com.br\\\/index.php\\\/author\\\/admin\\\/\"}]}<\/script>\n<!-- \/ Yoast SEO plugin. -->","yoast_head_json":{"title":"Liberdade de imprensa est\u00e1 em queda nas democracias, alerta RSF","robots":{"index":"index","follow":"follow","max-snippet":"max-snippet:-1","max-image-preview":"max-image-preview:large","max-video-preview":"max-video-preview:-1"},"canonical":"https:\/\/agenciabrasil.ebc.com.br\/direitos-humanos\/noticia\/2026-04\/liberdade-de-imprensa-esta-em-queda-nas-democracias-alerta-rsf","og_locale":"pt_BR","og_type":"article","og_title":"Liberdade de imprensa est\u00e1 em queda nas democracias, alerta RSF","og_description":"Por EBC, Relat\u00f3rio sobre o ranking da liberdade de imprensa no mundo\u00a0divulgado nesta quinta (30), pela organiza\u00e7\u00e3o n\u00e3o governamental Rep\u00f3rteres Sem Fronteiras, mostra que a pontua\u00e7\u00e3o m\u00e9dia de todos os pa\u00edses juntos\u00a0\u00e9 a mais baixa dos \u00faltimos 25 anos. Segundo o diretor da entidade para a Am\u00e9rica Latina, Artur Romeu, a liberdade de imprensa teve &hellip;","og_url":"https:\/\/agenciabrasil.ebc.com.br\/direitos-humanos\/noticia\/2026-04\/liberdade-de-imprensa-esta-em-queda-nas-democracias-alerta-rsf","og_site_name":"MRNews","article_publisher":"https:\/\/www.facebook.com\/eaipahpah\/?locale2=pt_BR","article_published_time":"2026-04-30T15:08:32+00:00","author":"MR News","twitter_card":"summary_large_image","twitter_creator":"@conspirou","twitter_site":"@conspirou","twitter_misc":{"Escrito por":"MR News","Est. tempo de leitura":"5 minutos"},"schema":{"@context":"https:\/\/schema.org","@graph":[{"@type":"Article","@id":"https:\/\/agenciabrasil.ebc.com.br\/direitos-humanos\/noticia\/2026-04\/liberdade-de-imprensa-esta-em-queda-nas-democracias-alerta-rsf#article","isPartOf":{"@id":"https:\/\/mrnews.com.br\/index.php\/2026\/04\/30\/liberdade-de-imprensa-esta-em-queda-nas-democracias-alerta-rsf\/"},"author":{"name":"MR News","@id":"https:\/\/mrnews.com.br\/#\/schema\/person\/be3203154562a9f207407861cef7827b"},"headline":"Liberdade de imprensa est\u00e1 em queda nas democracias, alerta RSF","datePublished":"2026-04-30T15:08:32+00:00","mainEntityOfPage":{"@id":"https:\/\/mrnews.com.br\/index.php\/2026\/04\/30\/liberdade-de-imprensa-esta-em-queda-nas-democracias-alerta-rsf\/"},"wordCount":966,"commentCount":0,"publisher":{"@id":"https:\/\/mrnews.com.br\/#organization"},"articleSection":["ENTRETENIMENTO","NOTICIAS","SERVI\u00c7OS"],"inLanguage":"pt-BR","potentialAction":[{"@type":"CommentAction","name":"Comment","target":["https:\/\/agenciabrasil.ebc.com.br\/direitos-humanos\/noticia\/2026-04\/liberdade-de-imprensa-esta-em-queda-nas-democracias-alerta-rsf#respond"]}]},{"@type":"WebPage","@id":"https:\/\/mrnews.com.br\/index.php\/2026\/04\/30\/liberdade-de-imprensa-esta-em-queda-nas-democracias-alerta-rsf\/","url":"https:\/\/agenciabrasil.ebc.com.br\/direitos-humanos\/noticia\/2026-04\/liberdade-de-imprensa-esta-em-queda-nas-democracias-alerta-rsf","name":"Liberdade de imprensa est\u00e1 em queda nas democracias, alerta RSF","isPartOf":{"@id":"https:\/\/mrnews.com.br\/#website"},"datePublished":"2026-04-30T15:08:32+00:00","breadcrumb":{"@id":"https:\/\/agenciabrasil.ebc.com.br\/direitos-humanos\/noticia\/2026-04\/liberdade-de-imprensa-esta-em-queda-nas-democracias-alerta-rsf#breadcrumb"},"inLanguage":"pt-BR","potentialAction":[{"@type":"ReadAction","target":["https:\/\/agenciabrasil.ebc.com.br\/direitos-humanos\/noticia\/2026-04\/liberdade-de-imprensa-esta-em-queda-nas-democracias-alerta-rsf"]}]},{"@type":"BreadcrumbList","@id":"https:\/\/agenciabrasil.ebc.com.br\/direitos-humanos\/noticia\/2026-04\/liberdade-de-imprensa-esta-em-queda-nas-democracias-alerta-rsf#breadcrumb","itemListElement":[{"@type":"ListItem","position":1,"name":"In\u00edcio","item":"https:\/\/mrnews.com.br\/"},{"@type":"ListItem","position":2,"name":"Liberdade de imprensa est\u00e1 em queda nas democracias, alerta RSF"}]},{"@type":"WebSite","@id":"https:\/\/mrnews.com.br\/#website","url":"https:\/\/mrnews.com.br\/","name":"MRNews","description":"MRNews Jogos de hoje da TV, transmiss\u00f5es ao vivo, Not\u00edcias de futebol, Jogos ao vivo, Lives, resumo de novelas, Programa\u00e7\u00e3o da Globo, A Fazenda e BBB","publisher":{"@id":"https:\/\/mrnews.com.br\/#organization"},"potentialAction":[{"@type":"SearchAction","target":{"@type":"EntryPoint","urlTemplate":"https:\/\/mrnews.com.br\/?s={search_term_string}"},"query-input":{"@type":"PropertyValueSpecification","valueRequired":true,"valueName":"search_term_string"}}],"inLanguage":"pt-BR"},{"@type":"Organization","@id":"https:\/\/mrnews.com.br\/#organization","name":"MRNews","url":"https:\/\/mrnews.com.br\/","logo":{"@type":"ImageObject","inLanguage":"pt-BR","@id":"https:\/\/mrnews.com.br\/#\/schema\/logo\/image\/","url":"https:\/\/mrnews.com.br\/wp-content\/uploads\/2019\/06\/MRNewslogo2.png","contentUrl":"https:\/\/mrnews.com.br\/wp-content\/uploads\/2019\/06\/MRNewslogo2.png","width":223,"height":58,"caption":"MRNews"},"image":{"@id":"https:\/\/mrnews.com.br\/#\/schema\/logo\/image\/"},"sameAs":["https:\/\/www.facebook.com\/eaipahpah\/?locale2=pt_BR","https:\/\/x.com\/conspirou","https:\/\/www.instagram.com\/eai_pahpah","https:\/\/br.pinterest.com\/mrnewsn\/boards\/","https:\/\/www.youtube.com\/channel\/UCacgnpznQ61fifLWr1tQ-vA?view_as=subscriber"]},{"@type":"Person","@id":"https:\/\/mrnews.com.br\/#\/schema\/person\/be3203154562a9f207407861cef7827b","name":"MR News","image":{"@type":"ImageObject","inLanguage":"pt-BR","@id":"https:\/\/secure.gravatar.com\/avatar\/04084e6d73c042b8646e7c17b494073bf0ede3ea13c7105cfc45cbbbc28385a4?s=96&d=monsterid&r=g","url":"https:\/\/secure.gravatar.com\/avatar\/04084e6d73c042b8646e7c17b494073bf0ede3ea13c7105cfc45cbbbc28385a4?s=96&d=monsterid&r=g","contentUrl":"https:\/\/secure.gravatar.com\/avatar\/04084e6d73c042b8646e7c17b494073bf0ede3ea13c7105cfc45cbbbc28385a4?s=96&d=monsterid&r=g","caption":"MR News"},"description":"Especializado em jornalismo colaborativo pela FTP em n\u00edvel de p\u00f3s-gradua\u00e7\u00e3o. suporte@oimeliga.combr","sameAs":["HUGO R.","Admin"],"url":"https:\/\/mrnews.com.br\/index.php\/author\/admin\/"}]}},"jetpack_featured_media_url":"","jetpack_sharing_enabled":true,"jetpack_shortlink":"https:\/\/wp.me\/pa2Qf7-1VHE","amp_enabled":true,"_links":{"self":[{"href":"https:\/\/mrnews.com.br\/index.php\/wp-json\/wp\/v2\/posts\/460142","targetHints":{"allow":["GET"]}}],"collection":[{"href":"https:\/\/mrnews.com.br\/index.php\/wp-json\/wp\/v2\/posts"}],"about":[{"href":"https:\/\/mrnews.com.br\/index.php\/wp-json\/wp\/v2\/types\/post"}],"author":[{"embeddable":true,"href":"https:\/\/mrnews.com.br\/index.php\/wp-json\/wp\/v2\/users\/1"}],"replies":[{"embeddable":true,"href":"https:\/\/mrnews.com.br\/index.php\/wp-json\/wp\/v2\/comments?post=460142"}],"version-history":[{"count":0,"href":"https:\/\/mrnews.com.br\/index.php\/wp-json\/wp\/v2\/posts\/460142\/revisions"}],"wp:attachment":[{"href":"https:\/\/mrnews.com.br\/index.php\/wp-json\/wp\/v2\/media?parent=460142"}],"wp:term":[{"taxonomy":"category","embeddable":true,"href":"https:\/\/mrnews.com.br\/index.php\/wp-json\/wp\/v2\/categories?post=460142"},{"taxonomy":"post_tag","embeddable":true,"href":"https:\/\/mrnews.com.br\/index.php\/wp-json\/wp\/v2\/tags?post=460142"}],"curies":[{"name":"wp","href":"https:\/\/api.w.org\/{rel}","templated":true}]}}