{"id":460152,"date":"2026-04-30T16:19:34","date_gmt":"2026-04-30T19:19:34","guid":{"rendered":"https:\/\/mrnews.com.br\/index.php\/2026\/04\/30\/congresso-derruba-veto-de-lula-e-mantem-pl-da-dosimetria\/"},"modified":"2026-04-30T16:19:34","modified_gmt":"2026-04-30T19:19:34","slug":"congresso-derruba-veto-de-lula-e-mantem-pl-da-dosimetria","status":"publish","type":"post","link":"https:\/\/mrnews.com.br\/index.php\/2026\/04\/30\/congresso-derruba-veto-de-lula-e-mantem-pl-da-dosimetria\/","title":{"rendered":"Congresso derruba veto de Lula e mant\u00e9m PL da Dosimetria"},"content":{"rendered":"<p>Por EBC, <\/p>\n<div>\n<p><strong>O Congresso Nacional derrubou, nesta quinta-feira (30), o veto do presidente Luiz In\u00e1cio Lula da Silva ao projeto de lei (PL) da Dosimetria, que reduz a pena dos condenados por tentativa de golpe de Estado ligados ao 8 de janeiro de 2023. O projeto de lei segue para promulga\u00e7\u00e3o.\u00a0<\/strong><\/p>\n<p>No Senado, foram 49 votos favor\u00e1veis \u00e0 derrubada do veto e 24 contr\u00e1rios Eram necess\u00e1rios 41 senadores para derrubar o veto presidencial.<\/p>\n<p>Na C\u00e2mara dos Deputados, 318 parlamentares votaram para beneficiar os golpistas, enquanto 144 deputados votaram contra e cinco se abstiveram. Eram necess\u00e1rios 257 votos para derrubar o veto. \u00a0<\/p>\n<p>Antes da vota\u00e7\u00e3o, o presidente do Congresso, Davi Alcolumbre (Uni\u00e3o-AP), fatiou a vota\u00e7\u00e3o, excluindo os trechos que beneficiariam criminosos comuns ao reduzir o tempo para progress\u00e3o de pena, mudan\u00e7a prevista no texto aprovado em dezembro de 2025.<\/p>\n<p><strong>O PL 2.162 de 2023 foi inclu\u00eddo como pauta \u00fanica na sess\u00e3o de hoje, entrando na frente de mais de 50 vetos, parciais ou totais, que aguardam na fila para an\u00e1lise do Parlamento.<\/strong><\/p>\n<p>O l\u00edder do governo na C\u00e2mara, deputado Pedro Uczai (PT-SC), pediu quest\u00e3o de ordem contra a vota\u00e7\u00e3o do PL por entender que outros vetos teriam prefer\u00eancia, mas o apelo foi rejeitado por Alcolumbre.<\/p>\n<p>\u201cN\u00f3s estamos votando o tema da democracia e, portanto, o futuro de novas aventuras golpistas se derrubar este veto, uma vez que est\u00e1 defendendo um grupo determinado, que \u00e9 o de Jair Bolsonaro, e os generais golpistas que tentaram implantar golpe no pa\u00eds\u201d, disse a lideran\u00e7a governista.<\/p>\n<p>Uczai lembrou ainda do plano de assassinatos contra o presidente eleito e o vice previsto na trama golpista.<\/p>\n<blockquote>\n<p>\u201cN\u00e3o \u00e9 esquerda ou direita. \u00c9 se n\u00f3s queremos democracia ou golpe ou ditadura, autoritarismo no Brasil. Liberdade, democracia, sim, ditadura nunca mais.\u201d<\/p>\n<\/blockquote>\n<p>A derrubada do veto foi defendida pelo senador Espiridi\u00e3o Amim (PP-SC), relator do PL, que justificou que o julgamento da trama golpista n\u00e3o teria sido justo.<\/p>\n<p>\u201cEu quero, em primeiro lugar, dizer a todos os congressistas que est\u00e3o aqui que este \u00e9 um dia que pode permitir que se galgue ou se supere o primeiro degrau para a justi\u00e7a e para a harmonia pol\u00edtica no Brasil\u201d, disse o parlamentar.<\/p>\n<h2>Raz\u00e3o do veto<\/h2>\n<p><strong>O presidente Luiz In\u00e1cio Lula da Silva vetou o chamado PL da Dosimetria por entender que a proposta \u00e9 inconstitucional e viola o interesse p\u00fablico ao reduzir penas de crimes contra a democracia.<\/strong><\/p>\n<p>\u201c[O PL] daria o cond\u00e3o de aumentar a incid\u00eancia de crimes contra a ordem democr\u00e1tica e indicaria retrocesso no processo hist\u00f3rico de redemocratiza\u00e7\u00e3o que originou a Nova Rep\u00fablica\u201d, justificou o Pal\u00e1cio do Planalto.<\/p>\n<h2>Entenda<\/h2>\n<p><strong>O PL da Dosimetria determina que os crimes de tentativa de acabar com o Estado Democr\u00e1tico de Direito e de golpe de Estado, quando praticados no mesmo contexto, implicar\u00e3o no uso da pena mais grave em vez da soma de ambas as penas.<\/strong><\/p>\n<p>O foco do projeto \u00e9 uma mudan\u00e7a no c\u00e1lculo das penas, \u201ccalibrando a pena m\u00ednima e a pena m\u00e1xima de cada tipo penal, bem como a forma geral de c\u00e1lculo das penas\u201d.<\/p>\n<p>Tais mudan\u00e7as devem beneficiar condenados pelo 8 de janeiro, como o ex-presidente Jair Bolsonaro, al\u00e9m dos militares Almir Garnier, ex-comandante da Marinha; Paulo S\u00e9rgio Nogueira, ex-ministro da Defesa; Walter Braga Netto, ex-ministro da Casa Civil; e Augusto Heleno, ex-chefe do Gabinete de Seguran\u00e7a Institucional (GSI).<\/p>\n<p><em>*Com informa\u00e7\u00f5es de Luciano Nascimento<\/em><\/p>\n<p>      <!-- Relacionada --><\/p>\n<p>            <!-- Relacionada -->\n    <\/div>\n","protected":false},"excerpt":{"rendered":"<p>Por EBC, O Congresso Nacional derrubou, nesta quinta-feira (30), o veto do presidente Luiz In\u00e1cio Lula da Silva ao projeto de lei (PL) da Dosimetria, que reduz a pena dos condenados por tentativa de golpe de Estado ligados ao 8 de janeiro de 2023. O projeto de lei segue para promulga\u00e7\u00e3o.\u00a0 No Senado, foram 49 &hellip;<\/p>\n","protected":false},"author":1,"featured_media":0,"comment_status":"open","ping_status":"open","sticky":false,"template":"","format":"standard","meta":{"_jetpack_memberships_contains_paid_content":false,"footnotes":""},"categories":[2,12225,4],"tags":[],"class_list":["post-460152","post","type-post","status-publish","format-standard","hentry","category-entretenimento","category-noticias","category-servicos"],"yoast_head":"<!-- This site is optimized with the Yoast SEO plugin v27.5 - https:\/\/yoast.com\/product\/yoast-seo-wordpress\/ -->\n<title>Congresso derruba veto de Lula e mant\u00e9m PL da Dosimetria<\/title>\n<meta name=\"robots\" content=\"index, follow, max-snippet:-1, max-image-preview:large, max-video-preview:-1\" \/>\n<link rel=\"canonical\" href=\"https:\/\/agenciabrasil.ebc.com.br\/politica\/noticia\/2026-04\/congresso-derruba-vetod-e-Lula-e-mantem-pl-da-dosimetria\" \/>\n<meta property=\"og:locale\" content=\"pt_BR\" \/>\n<meta property=\"og:type\" content=\"article\" \/>\n<meta property=\"og:title\" content=\"Congresso derruba veto de Lula e mant\u00e9m PL da Dosimetria\" \/>\n<meta property=\"og:description\" content=\"Por EBC, O Congresso Nacional derrubou, nesta quinta-feira (30), o veto do presidente Luiz In\u00e1cio Lula da Silva ao projeto de lei (PL) da Dosimetria, que reduz a pena dos condenados por tentativa de golpe de Estado ligados ao 8 de janeiro de 2023. O projeto de lei segue para promulga\u00e7\u00e3o.\u00a0 No Senado, foram 49 &hellip;\" \/>\n<meta property=\"og:url\" content=\"https:\/\/agenciabrasil.ebc.com.br\/politica\/noticia\/2026-04\/congresso-derruba-vetod-e-Lula-e-mantem-pl-da-dosimetria\" \/>\n<meta property=\"og:site_name\" content=\"MRNews\" \/>\n<meta property=\"article:publisher\" content=\"https:\/\/www.facebook.com\/eaipahpah\/?locale2=pt_BR\" \/>\n<meta property=\"article:published_time\" content=\"2026-04-30T19:19:34+00:00\" \/>\n<meta name=\"author\" content=\"MR News\" \/>\n<meta name=\"twitter:card\" content=\"summary_large_image\" \/>\n<meta name=\"twitter:creator\" content=\"@conspirou\" \/>\n<meta name=\"twitter:site\" content=\"@conspirou\" \/>\n<meta name=\"twitter:label1\" content=\"Escrito por\" \/>\n\t<meta name=\"twitter:data1\" content=\"MR News\" \/>\n\t<meta name=\"twitter:label2\" content=\"Est. tempo de leitura\" \/>\n\t<meta name=\"twitter:data2\" content=\"3 minutos\" \/>\n<script type=\"application\/ld+json\" class=\"yoast-schema-graph\">{\"@context\":\"https:\\\/\\\/schema.org\",\"@graph\":[{\"@type\":\"Article\",\"@id\":\"https:\\\/\\\/agenciabrasil.ebc.com.br\\\/politica\\\/noticia\\\/2026-04\\\/congresso-derruba-vetod-e-Lula-e-mantem-pl-da-dosimetria#article\",\"isPartOf\":{\"@id\":\"https:\\\/\\\/mrnews.com.br\\\/index.php\\\/2026\\\/04\\\/30\\\/congresso-derruba-veto-de-lula-e-mantem-pl-da-dosimetria\\\/\"},\"author\":{\"name\":\"MR News\",\"@id\":\"https:\\\/\\\/mrnews.com.br\\\/#\\\/schema\\\/person\\\/be3203154562a9f207407861cef7827b\"},\"headline\":\"Congresso derruba veto de Lula e mant\u00e9m PL da Dosimetria\",\"datePublished\":\"2026-04-30T19:19:34+00:00\",\"mainEntityOfPage\":{\"@id\":\"https:\\\/\\\/mrnews.com.br\\\/index.php\\\/2026\\\/04\\\/30\\\/congresso-derruba-veto-de-lula-e-mantem-pl-da-dosimetria\\\/\"},\"wordCount\":598,\"commentCount\":0,\"publisher\":{\"@id\":\"https:\\\/\\\/mrnews.com.br\\\/#organization\"},\"articleSection\":[\"ENTRETENIMENTO\",\"NOTICIAS\",\"SERVI\u00c7OS\"],\"inLanguage\":\"pt-BR\",\"potentialAction\":[{\"@type\":\"CommentAction\",\"name\":\"Comment\",\"target\":[\"https:\\\/\\\/agenciabrasil.ebc.com.br\\\/politica\\\/noticia\\\/2026-04\\\/congresso-derruba-vetod-e-Lula-e-mantem-pl-da-dosimetria#respond\"]}]},{\"@type\":\"WebPage\",\"@id\":\"https:\\\/\\\/mrnews.com.br\\\/index.php\\\/2026\\\/04\\\/30\\\/congresso-derruba-veto-de-lula-e-mantem-pl-da-dosimetria\\\/\",\"url\":\"https:\\\/\\\/agenciabrasil.ebc.com.br\\\/politica\\\/noticia\\\/2026-04\\\/congresso-derruba-vetod-e-Lula-e-mantem-pl-da-dosimetria\",\"name\":\"Congresso derruba veto de Lula e mant\u00e9m PL da Dosimetria\",\"isPartOf\":{\"@id\":\"https:\\\/\\\/mrnews.com.br\\\/#website\"},\"datePublished\":\"2026-04-30T19:19:34+00:00\",\"breadcrumb\":{\"@id\":\"https:\\\/\\\/agenciabrasil.ebc.com.br\\\/politica\\\/noticia\\\/2026-04\\\/congresso-derruba-vetod-e-Lula-e-mantem-pl-da-dosimetria#breadcrumb\"},\"inLanguage\":\"pt-BR\",\"potentialAction\":[{\"@type\":\"ReadAction\",\"target\":[\"https:\\\/\\\/agenciabrasil.ebc.com.br\\\/politica\\\/noticia\\\/2026-04\\\/congresso-derruba-vetod-e-Lula-e-mantem-pl-da-dosimetria\"]}]},{\"@type\":\"BreadcrumbList\",\"@id\":\"https:\\\/\\\/agenciabrasil.ebc.com.br\\\/politica\\\/noticia\\\/2026-04\\\/congresso-derruba-vetod-e-Lula-e-mantem-pl-da-dosimetria#breadcrumb\",\"itemListElement\":[{\"@type\":\"ListItem\",\"position\":1,\"name\":\"In\u00edcio\",\"item\":\"https:\\\/\\\/mrnews.com.br\\\/\"},{\"@type\":\"ListItem\",\"position\":2,\"name\":\"Congresso derruba veto de Lula e mant\u00e9m PL da Dosimetria\"}]},{\"@type\":\"WebSite\",\"@id\":\"https:\\\/\\\/mrnews.com.br\\\/#website\",\"url\":\"https:\\\/\\\/mrnews.com.br\\\/\",\"name\":\"MRNews\",\"description\":\"MRNews Jogos de hoje da TV, transmiss\u00f5es ao vivo, Not\u00edcias de futebol, Jogos ao vivo, Lives, resumo de novelas, Programa\u00e7\u00e3o da Globo, A Fazenda e BBB\",\"publisher\":{\"@id\":\"https:\\\/\\\/mrnews.com.br\\\/#organization\"},\"potentialAction\":[{\"@type\":\"SearchAction\",\"target\":{\"@type\":\"EntryPoint\",\"urlTemplate\":\"https:\\\/\\\/mrnews.com.br\\\/?s={search_term_string}\"},\"query-input\":{\"@type\":\"PropertyValueSpecification\",\"valueRequired\":true,\"valueName\":\"search_term_string\"}}],\"inLanguage\":\"pt-BR\"},{\"@type\":\"Organization\",\"@id\":\"https:\\\/\\\/mrnews.com.br\\\/#organization\",\"name\":\"MRNews\",\"url\":\"https:\\\/\\\/mrnews.com.br\\\/\",\"logo\":{\"@type\":\"ImageObject\",\"inLanguage\":\"pt-BR\",\"@id\":\"https:\\\/\\\/mrnews.com.br\\\/#\\\/schema\\\/logo\\\/image\\\/\",\"url\":\"https:\\\/\\\/mrnews.com.br\\\/wp-content\\\/uploads\\\/2019\\\/06\\\/MRNewslogo2.png\",\"contentUrl\":\"https:\\\/\\\/mrnews.com.br\\\/wp-content\\\/uploads\\\/2019\\\/06\\\/MRNewslogo2.png\",\"width\":223,\"height\":58,\"caption\":\"MRNews\"},\"image\":{\"@id\":\"https:\\\/\\\/mrnews.com.br\\\/#\\\/schema\\\/logo\\\/image\\\/\"},\"sameAs\":[\"https:\\\/\\\/www.facebook.com\\\/eaipahpah\\\/?locale2=pt_BR\",\"https:\\\/\\\/x.com\\\/conspirou\",\"https:\\\/\\\/www.instagram.com\\\/eai_pahpah\",\"https:\\\/\\\/br.pinterest.com\\\/mrnewsn\\\/boards\\\/\",\"https:\\\/\\\/www.youtube.com\\\/channel\\\/UCacgnpznQ61fifLWr1tQ-vA?view_as=subscriber\"]},{\"@type\":\"Person\",\"@id\":\"https:\\\/\\\/mrnews.com.br\\\/#\\\/schema\\\/person\\\/be3203154562a9f207407861cef7827b\",\"name\":\"MR News\",\"image\":{\"@type\":\"ImageObject\",\"inLanguage\":\"pt-BR\",\"@id\":\"https:\\\/\\\/secure.gravatar.com\\\/avatar\\\/04084e6d73c042b8646e7c17b494073bf0ede3ea13c7105cfc45cbbbc28385a4?s=96&d=monsterid&r=g\",\"url\":\"https:\\\/\\\/secure.gravatar.com\\\/avatar\\\/04084e6d73c042b8646e7c17b494073bf0ede3ea13c7105cfc45cbbbc28385a4?s=96&d=monsterid&r=g\",\"contentUrl\":\"https:\\\/\\\/secure.gravatar.com\\\/avatar\\\/04084e6d73c042b8646e7c17b494073bf0ede3ea13c7105cfc45cbbbc28385a4?s=96&d=monsterid&r=g\",\"caption\":\"MR News\"},\"description\":\"Especializado em jornalismo colaborativo pela FTP em n\u00edvel de p\u00f3s-gradua\u00e7\u00e3o. suporte@oimeliga.combr\",\"sameAs\":[\"HUGO R.\",\"Admin\"],\"url\":\"https:\\\/\\\/mrnews.com.br\\\/index.php\\\/author\\\/admin\\\/\"}]}<\/script>\n<!-- \/ Yoast SEO plugin. -->","yoast_head_json":{"title":"Congresso derruba veto de Lula e mant\u00e9m PL da Dosimetria","robots":{"index":"index","follow":"follow","max-snippet":"max-snippet:-1","max-image-preview":"max-image-preview:large","max-video-preview":"max-video-preview:-1"},"canonical":"https:\/\/agenciabrasil.ebc.com.br\/politica\/noticia\/2026-04\/congresso-derruba-vetod-e-Lula-e-mantem-pl-da-dosimetria","og_locale":"pt_BR","og_type":"article","og_title":"Congresso derruba veto de Lula e mant\u00e9m PL da Dosimetria","og_description":"Por EBC, O Congresso Nacional derrubou, nesta quinta-feira (30), o veto do presidente Luiz In\u00e1cio Lula da Silva ao projeto de lei (PL) da Dosimetria, que reduz a pena dos condenados por tentativa de golpe de Estado ligados ao 8 de janeiro de 2023. O projeto de lei segue para promulga\u00e7\u00e3o.\u00a0 No Senado, foram 49 &hellip;","og_url":"https:\/\/agenciabrasil.ebc.com.br\/politica\/noticia\/2026-04\/congresso-derruba-vetod-e-Lula-e-mantem-pl-da-dosimetria","og_site_name":"MRNews","article_publisher":"https:\/\/www.facebook.com\/eaipahpah\/?locale2=pt_BR","article_published_time":"2026-04-30T19:19:34+00:00","author":"MR News","twitter_card":"summary_large_image","twitter_creator":"@conspirou","twitter_site":"@conspirou","twitter_misc":{"Escrito por":"MR News","Est. tempo de leitura":"3 minutos"},"schema":{"@context":"https:\/\/schema.org","@graph":[{"@type":"Article","@id":"https:\/\/agenciabrasil.ebc.com.br\/politica\/noticia\/2026-04\/congresso-derruba-vetod-e-Lula-e-mantem-pl-da-dosimetria#article","isPartOf":{"@id":"https:\/\/mrnews.com.br\/index.php\/2026\/04\/30\/congresso-derruba-veto-de-lula-e-mantem-pl-da-dosimetria\/"},"author":{"name":"MR News","@id":"https:\/\/mrnews.com.br\/#\/schema\/person\/be3203154562a9f207407861cef7827b"},"headline":"Congresso derruba veto de Lula e mant\u00e9m PL da Dosimetria","datePublished":"2026-04-30T19:19:34+00:00","mainEntityOfPage":{"@id":"https:\/\/mrnews.com.br\/index.php\/2026\/04\/30\/congresso-derruba-veto-de-lula-e-mantem-pl-da-dosimetria\/"},"wordCount":598,"commentCount":0,"publisher":{"@id":"https:\/\/mrnews.com.br\/#organization"},"articleSection":["ENTRETENIMENTO","NOTICIAS","SERVI\u00c7OS"],"inLanguage":"pt-BR","potentialAction":[{"@type":"CommentAction","name":"Comment","target":["https:\/\/agenciabrasil.ebc.com.br\/politica\/noticia\/2026-04\/congresso-derruba-vetod-e-Lula-e-mantem-pl-da-dosimetria#respond"]}]},{"@type":"WebPage","@id":"https:\/\/mrnews.com.br\/index.php\/2026\/04\/30\/congresso-derruba-veto-de-lula-e-mantem-pl-da-dosimetria\/","url":"https:\/\/agenciabrasil.ebc.com.br\/politica\/noticia\/2026-04\/congresso-derruba-vetod-e-Lula-e-mantem-pl-da-dosimetria","name":"Congresso derruba veto de Lula e mant\u00e9m PL da Dosimetria","isPartOf":{"@id":"https:\/\/mrnews.com.br\/#website"},"datePublished":"2026-04-30T19:19:34+00:00","breadcrumb":{"@id":"https:\/\/agenciabrasil.ebc.com.br\/politica\/noticia\/2026-04\/congresso-derruba-vetod-e-Lula-e-mantem-pl-da-dosimetria#breadcrumb"},"inLanguage":"pt-BR","potentialAction":[{"@type":"ReadAction","target":["https:\/\/agenciabrasil.ebc.com.br\/politica\/noticia\/2026-04\/congresso-derruba-vetod-e-Lula-e-mantem-pl-da-dosimetria"]}]},{"@type":"BreadcrumbList","@id":"https:\/\/agenciabrasil.ebc.com.br\/politica\/noticia\/2026-04\/congresso-derruba-vetod-e-Lula-e-mantem-pl-da-dosimetria#breadcrumb","itemListElement":[{"@type":"ListItem","position":1,"name":"In\u00edcio","item":"https:\/\/mrnews.com.br\/"},{"@type":"ListItem","position":2,"name":"Congresso derruba veto de Lula e mant\u00e9m PL da Dosimetria"}]},{"@type":"WebSite","@id":"https:\/\/mrnews.com.br\/#website","url":"https:\/\/mrnews.com.br\/","name":"MRNews","description":"MRNews Jogos de hoje da TV, transmiss\u00f5es ao vivo, Not\u00edcias de futebol, Jogos ao vivo, Lives, resumo de novelas, Programa\u00e7\u00e3o da Globo, A Fazenda e BBB","publisher":{"@id":"https:\/\/mrnews.com.br\/#organization"},"potentialAction":[{"@type":"SearchAction","target":{"@type":"EntryPoint","urlTemplate":"https:\/\/mrnews.com.br\/?s={search_term_string}"},"query-input":{"@type":"PropertyValueSpecification","valueRequired":true,"valueName":"search_term_string"}}],"inLanguage":"pt-BR"},{"@type":"Organization","@id":"https:\/\/mrnews.com.br\/#organization","name":"MRNews","url":"https:\/\/mrnews.com.br\/","logo":{"@type":"ImageObject","inLanguage":"pt-BR","@id":"https:\/\/mrnews.com.br\/#\/schema\/logo\/image\/","url":"https:\/\/mrnews.com.br\/wp-content\/uploads\/2019\/06\/MRNewslogo2.png","contentUrl":"https:\/\/mrnews.com.br\/wp-content\/uploads\/2019\/06\/MRNewslogo2.png","width":223,"height":58,"caption":"MRNews"},"image":{"@id":"https:\/\/mrnews.com.br\/#\/schema\/logo\/image\/"},"sameAs":["https:\/\/www.facebook.com\/eaipahpah\/?locale2=pt_BR","https:\/\/x.com\/conspirou","https:\/\/www.instagram.com\/eai_pahpah","https:\/\/br.pinterest.com\/mrnewsn\/boards\/","https:\/\/www.youtube.com\/channel\/UCacgnpznQ61fifLWr1tQ-vA?view_as=subscriber"]},{"@type":"Person","@id":"https:\/\/mrnews.com.br\/#\/schema\/person\/be3203154562a9f207407861cef7827b","name":"MR News","image":{"@type":"ImageObject","inLanguage":"pt-BR","@id":"https:\/\/secure.gravatar.com\/avatar\/04084e6d73c042b8646e7c17b494073bf0ede3ea13c7105cfc45cbbbc28385a4?s=96&d=monsterid&r=g","url":"https:\/\/secure.gravatar.com\/avatar\/04084e6d73c042b8646e7c17b494073bf0ede3ea13c7105cfc45cbbbc28385a4?s=96&d=monsterid&r=g","contentUrl":"https:\/\/secure.gravatar.com\/avatar\/04084e6d73c042b8646e7c17b494073bf0ede3ea13c7105cfc45cbbbc28385a4?s=96&d=monsterid&r=g","caption":"MR News"},"description":"Especializado em jornalismo colaborativo pela FTP em n\u00edvel de p\u00f3s-gradua\u00e7\u00e3o. suporte@oimeliga.combr","sameAs":["HUGO R.","Admin"],"url":"https:\/\/mrnews.com.br\/index.php\/author\/admin\/"}]}},"jetpack_featured_media_url":"","jetpack_sharing_enabled":true,"jetpack_shortlink":"https:\/\/wp.me\/pa2Qf7-1VHO","amp_enabled":true,"_links":{"self":[{"href":"https:\/\/mrnews.com.br\/index.php\/wp-json\/wp\/v2\/posts\/460152","targetHints":{"allow":["GET"]}}],"collection":[{"href":"https:\/\/mrnews.com.br\/index.php\/wp-json\/wp\/v2\/posts"}],"about":[{"href":"https:\/\/mrnews.com.br\/index.php\/wp-json\/wp\/v2\/types\/post"}],"author":[{"embeddable":true,"href":"https:\/\/mrnews.com.br\/index.php\/wp-json\/wp\/v2\/users\/1"}],"replies":[{"embeddable":true,"href":"https:\/\/mrnews.com.br\/index.php\/wp-json\/wp\/v2\/comments?post=460152"}],"version-history":[{"count":0,"href":"https:\/\/mrnews.com.br\/index.php\/wp-json\/wp\/v2\/posts\/460152\/revisions"}],"wp:attachment":[{"href":"https:\/\/mrnews.com.br\/index.php\/wp-json\/wp\/v2\/media?parent=460152"}],"wp:term":[{"taxonomy":"category","embeddable":true,"href":"https:\/\/mrnews.com.br\/index.php\/wp-json\/wp\/v2\/categories?post=460152"},{"taxonomy":"post_tag","embeddable":true,"href":"https:\/\/mrnews.com.br\/index.php\/wp-json\/wp\/v2\/tags?post=460152"}],"curies":[{"name":"wp","href":"https:\/\/api.w.org\/{rel}","templated":true}]}}