{"id":460154,"date":"2026-04-30T17:01:33","date_gmt":"2026-04-30T20:01:33","guid":{"rendered":"https:\/\/mrnews.com.br\/index.php\/2026\/04\/30\/festa-do-disco-celebra-marines-e-album-que-marcou-a-historia-do-forro\/"},"modified":"2026-04-30T17:01:33","modified_gmt":"2026-04-30T20:01:33","slug":"festa-do-disco-celebra-marines-e-album-que-marcou-a-historia-do-forro","status":"publish","type":"post","link":"https:\/\/mrnews.com.br\/index.php\/2026\/04\/30\/festa-do-disco-celebra-marines-e-album-que-marcou-a-historia-do-forro\/","title":{"rendered":"Festa do Disco celebra Marin\u00eas e \u00e1lbum que marcou a hist\u00f3ria do forr\u00f3"},"content":{"rendered":"<p>Por EBC, <\/p>\n<div>\n<p><strong>O programa <em>Festa do Disco<\/em>, atra\u00e7\u00e3o da R\u00e1dio Nacional, desta quinta-feira (30) celebra, a partir das 22h, o disco &#8220;O Nordeste e Seu Ritmo&#8221;, de Marin\u00eas e Sua Gente. <\/strong><\/p>\n<p><strong>O m\u00fasico e produtor Marcos Farias, filho de Marin\u00eas, conversa com a apresentadora e jornalista Cibele Ten\u00f3rio sobre a carreira de sua m\u00e3e e sobre o \u00e1lbum lan\u00e7ado em 1961 pela RCA Victor, um dos mais importantes da hist\u00f3ria do forr\u00f3 e do xaxado brasileiro.<\/strong><\/p>\n<p>In\u00eas Caetano de Oliveira, conhecida pelo nome art\u00edstico de Marin\u00eas, nasceu em S\u00e3o Vicente F\u00e9rrer, no Maranh\u00e3o, em 1935, cresceu em Campina Grande, na Para\u00edba e foi a primeira mulher a formar um grupo de forr\u00f3 no Brasil.<\/p>\n<p>Casada com o sanfoneiro Abdias do Acordeon, com quem formou o Casal da Alegria, ela percorreu o interior do Nordeste antes de chegar ao Rio de Janeiro com o apoio de Luiz Gonzaga que lhe deu o t\u00edtulo de Rainha do Xaxado.<\/p>\n<p>Com &#8220;O Nordeste e Seu Ritmo&#8221;, Marin\u00eas entregou um retrato sonoro de uma \u00e9poca e de um povo: xaxado, bai\u00e3o, xote e coco reunidos numa voz inconfund\u00edvel que influenciou gera\u00e7\u00f5es, de Elba Ramalho a Amelinha.<\/p>\n<h2>Sobre o <em>Festa do Disco<\/em><\/h2>\n<p><strong>O programa <em>Festa do Disco <\/em>destaca semanalmente um \u00e1lbum brasileiro emblem\u00e1tico em entrevistas com artistas, produtores e pesquisadores musicais. <\/strong>Os entrevistados s\u00e3o convidados a revelar bastidores, curiosidades, inspira\u00e7\u00f5es, contextos e o processo criativo de cada obra.<\/p>\n<p>Conduzido pela jornalista Cibele Ten\u00f3rio, o bate-papo \u00e9 intercalado pelas faixas do disco para que o ouvinte conhe\u00e7a tamb\u00e9m as can\u00e7\u00f5es de grandes \u00e1lbuns da discografia nacional.<\/p>\n<p>Festa do Disco vai ao ar na R\u00e1dio Nacional \u00e0s quintas-feiras, \u00e0s 22h. \u00c9 poss\u00edvel tamb\u00e9m ouvir o programa pelo aplicativo R\u00e1dios EBC, dispon\u00edvel para download na Apple Store e Google Play. Al\u00e9m disso, os epis\u00f3dios est\u00e3o dispon\u00edveis no site do programa.<\/p>\n<h2>Sobre a R\u00e1dio Nacional<\/h2>\n<p>A marca faz parte da hist\u00f3ria do pa\u00eds e conta, atualmente, com oito emissoras pr\u00f3prias, em diferentes regi\u00f5es do Brasil: R\u00e1dio Nacional do Rio de Janeiro, R\u00e1dio Nacional de S\u00e3o Paulo, R\u00e1dio Nacional de Bras\u00edlia AM e FM, R\u00e1dio Nacional de Recife, R\u00e1dio Nacional de S\u00e3o Lu\u00eds, R\u00e1dio Nacional da Amaz\u00f4nia e R\u00e1dio Nacional do Alto Solim\u00f5es.<\/p>\n<h2>Servi\u00e7o<\/h2>\n<p><strong><em>Festa do Disco <\/em>&#8211; Quinta-feira, dia 30\/4, \u00e0s 22h, na R\u00e1dio Nacional<\/strong><\/p>\n<p>      <!-- Relacionada --><\/p>\n<p>            <!-- Relacionada -->\n    <\/div>\n","protected":false},"excerpt":{"rendered":"<p>Por EBC, O programa Festa do Disco, atra\u00e7\u00e3o da R\u00e1dio Nacional, desta quinta-feira (30) celebra, a partir das 22h, o disco &#8220;O Nordeste e Seu Ritmo&#8221;, de Marin\u00eas e Sua Gente. O m\u00fasico e produtor Marcos Farias, filho de Marin\u00eas, conversa com a apresentadora e jornalista Cibele Ten\u00f3rio sobre a carreira de sua m\u00e3e e &hellip;<\/p>\n","protected":false},"author":1,"featured_media":0,"comment_status":"open","ping_status":"open","sticky":false,"template":"","format":"standard","meta":{"_jetpack_memberships_contains_paid_content":false,"footnotes":""},"categories":[2,12225,4],"tags":[],"class_list":["post-460154","post","type-post","status-publish","format-standard","hentry","category-entretenimento","category-noticias","category-servicos"],"yoast_head":"<!-- This site is optimized with the Yoast SEO plugin v27.5 - https:\/\/yoast.com\/product\/yoast-seo-wordpress\/ -->\n<title>Festa do Disco celebra Marin\u00eas e \u00e1lbum que marcou a hist\u00f3ria do forr\u00f3<\/title>\n<meta name=\"robots\" content=\"index, follow, max-snippet:-1, max-image-preview:large, max-video-preview:-1\" \/>\n<link rel=\"canonical\" href=\"https:\/\/agenciabrasil.ebc.com.br\/cultura\/noticia\/2026-04\/festa-do-disco-celebra-marines-e-album-que-marcou-historia-do-forro\" \/>\n<meta property=\"og:locale\" content=\"pt_BR\" \/>\n<meta property=\"og:type\" content=\"article\" \/>\n<meta property=\"og:title\" content=\"Festa do Disco celebra Marin\u00eas e \u00e1lbum que marcou a hist\u00f3ria do forr\u00f3\" \/>\n<meta property=\"og:description\" content=\"Por EBC, O programa Festa do Disco, atra\u00e7\u00e3o da R\u00e1dio Nacional, desta quinta-feira (30) celebra, a partir das 22h, o disco &#8220;O Nordeste e Seu Ritmo&#8221;, de Marin\u00eas e Sua Gente. O m\u00fasico e produtor Marcos Farias, filho de Marin\u00eas, conversa com a apresentadora e jornalista Cibele Ten\u00f3rio sobre a carreira de sua m\u00e3e e &hellip;\" \/>\n<meta property=\"og:url\" content=\"https:\/\/agenciabrasil.ebc.com.br\/cultura\/noticia\/2026-04\/festa-do-disco-celebra-marines-e-album-que-marcou-historia-do-forro\" \/>\n<meta property=\"og:site_name\" content=\"MRNews\" \/>\n<meta property=\"article:publisher\" content=\"https:\/\/www.facebook.com\/eaipahpah\/?locale2=pt_BR\" \/>\n<meta property=\"article:published_time\" content=\"2026-04-30T20:01:33+00:00\" \/>\n<meta name=\"author\" content=\"MR News\" \/>\n<meta name=\"twitter:card\" content=\"summary_large_image\" \/>\n<meta name=\"twitter:creator\" content=\"@conspirou\" \/>\n<meta name=\"twitter:site\" content=\"@conspirou\" \/>\n<meta name=\"twitter:label1\" content=\"Escrito por\" \/>\n\t<meta name=\"twitter:data1\" content=\"MR News\" \/>\n\t<meta name=\"twitter:label2\" content=\"Est. tempo de leitura\" \/>\n\t<meta name=\"twitter:data2\" content=\"2 minutos\" \/>\n<script type=\"application\/ld+json\" class=\"yoast-schema-graph\">{\"@context\":\"https:\\\/\\\/schema.org\",\"@graph\":[{\"@type\":\"Article\",\"@id\":\"https:\\\/\\\/agenciabrasil.ebc.com.br\\\/cultura\\\/noticia\\\/2026-04\\\/festa-do-disco-celebra-marines-e-album-que-marcou-historia-do-forro#article\",\"isPartOf\":{\"@id\":\"https:\\\/\\\/mrnews.com.br\\\/index.php\\\/2026\\\/04\\\/30\\\/festa-do-disco-celebra-marines-e-album-que-marcou-a-historia-do-forro\\\/\"},\"author\":{\"name\":\"MR News\",\"@id\":\"https:\\\/\\\/mrnews.com.br\\\/#\\\/schema\\\/person\\\/be3203154562a9f207407861cef7827b\"},\"headline\":\"Festa do Disco celebra Marin\u00eas e \u00e1lbum que marcou a hist\u00f3ria do forr\u00f3\",\"datePublished\":\"2026-04-30T20:01:33+00:00\",\"mainEntityOfPage\":{\"@id\":\"https:\\\/\\\/mrnews.com.br\\\/index.php\\\/2026\\\/04\\\/30\\\/festa-do-disco-celebra-marines-e-album-que-marcou-a-historia-do-forro\\\/\"},\"wordCount\":441,\"commentCount\":0,\"publisher\":{\"@id\":\"https:\\\/\\\/mrnews.com.br\\\/#organization\"},\"articleSection\":[\"ENTRETENIMENTO\",\"NOTICIAS\",\"SERVI\u00c7OS\"],\"inLanguage\":\"pt-BR\",\"potentialAction\":[{\"@type\":\"CommentAction\",\"name\":\"Comment\",\"target\":[\"https:\\\/\\\/agenciabrasil.ebc.com.br\\\/cultura\\\/noticia\\\/2026-04\\\/festa-do-disco-celebra-marines-e-album-que-marcou-historia-do-forro#respond\"]}]},{\"@type\":\"WebPage\",\"@id\":\"https:\\\/\\\/mrnews.com.br\\\/index.php\\\/2026\\\/04\\\/30\\\/festa-do-disco-celebra-marines-e-album-que-marcou-a-historia-do-forro\\\/\",\"url\":\"https:\\\/\\\/agenciabrasil.ebc.com.br\\\/cultura\\\/noticia\\\/2026-04\\\/festa-do-disco-celebra-marines-e-album-que-marcou-historia-do-forro\",\"name\":\"Festa do Disco celebra Marin\u00eas e \u00e1lbum que marcou a hist\u00f3ria do forr\u00f3\",\"isPartOf\":{\"@id\":\"https:\\\/\\\/mrnews.com.br\\\/#website\"},\"datePublished\":\"2026-04-30T20:01:33+00:00\",\"breadcrumb\":{\"@id\":\"https:\\\/\\\/agenciabrasil.ebc.com.br\\\/cultura\\\/noticia\\\/2026-04\\\/festa-do-disco-celebra-marines-e-album-que-marcou-historia-do-forro#breadcrumb\"},\"inLanguage\":\"pt-BR\",\"potentialAction\":[{\"@type\":\"ReadAction\",\"target\":[\"https:\\\/\\\/agenciabrasil.ebc.com.br\\\/cultura\\\/noticia\\\/2026-04\\\/festa-do-disco-celebra-marines-e-album-que-marcou-historia-do-forro\"]}]},{\"@type\":\"BreadcrumbList\",\"@id\":\"https:\\\/\\\/agenciabrasil.ebc.com.br\\\/cultura\\\/noticia\\\/2026-04\\\/festa-do-disco-celebra-marines-e-album-que-marcou-historia-do-forro#breadcrumb\",\"itemListElement\":[{\"@type\":\"ListItem\",\"position\":1,\"name\":\"In\u00edcio\",\"item\":\"https:\\\/\\\/mrnews.com.br\\\/\"},{\"@type\":\"ListItem\",\"position\":2,\"name\":\"Festa do Disco celebra Marin\u00eas e \u00e1lbum que marcou a hist\u00f3ria do forr\u00f3\"}]},{\"@type\":\"WebSite\",\"@id\":\"https:\\\/\\\/mrnews.com.br\\\/#website\",\"url\":\"https:\\\/\\\/mrnews.com.br\\\/\",\"name\":\"MRNews\",\"description\":\"MRNews Jogos de hoje da TV, transmiss\u00f5es ao vivo, Not\u00edcias de futebol, Jogos ao vivo, Lives, resumo de novelas, Programa\u00e7\u00e3o da Globo, A Fazenda e BBB\",\"publisher\":{\"@id\":\"https:\\\/\\\/mrnews.com.br\\\/#organization\"},\"potentialAction\":[{\"@type\":\"SearchAction\",\"target\":{\"@type\":\"EntryPoint\",\"urlTemplate\":\"https:\\\/\\\/mrnews.com.br\\\/?s={search_term_string}\"},\"query-input\":{\"@type\":\"PropertyValueSpecification\",\"valueRequired\":true,\"valueName\":\"search_term_string\"}}],\"inLanguage\":\"pt-BR\"},{\"@type\":\"Organization\",\"@id\":\"https:\\\/\\\/mrnews.com.br\\\/#organization\",\"name\":\"MRNews\",\"url\":\"https:\\\/\\\/mrnews.com.br\\\/\",\"logo\":{\"@type\":\"ImageObject\",\"inLanguage\":\"pt-BR\",\"@id\":\"https:\\\/\\\/mrnews.com.br\\\/#\\\/schema\\\/logo\\\/image\\\/\",\"url\":\"https:\\\/\\\/mrnews.com.br\\\/wp-content\\\/uploads\\\/2019\\\/06\\\/MRNewslogo2.png\",\"contentUrl\":\"https:\\\/\\\/mrnews.com.br\\\/wp-content\\\/uploads\\\/2019\\\/06\\\/MRNewslogo2.png\",\"width\":223,\"height\":58,\"caption\":\"MRNews\"},\"image\":{\"@id\":\"https:\\\/\\\/mrnews.com.br\\\/#\\\/schema\\\/logo\\\/image\\\/\"},\"sameAs\":[\"https:\\\/\\\/www.facebook.com\\\/eaipahpah\\\/?locale2=pt_BR\",\"https:\\\/\\\/x.com\\\/conspirou\",\"https:\\\/\\\/www.instagram.com\\\/eai_pahpah\",\"https:\\\/\\\/br.pinterest.com\\\/mrnewsn\\\/boards\\\/\",\"https:\\\/\\\/www.youtube.com\\\/channel\\\/UCacgnpznQ61fifLWr1tQ-vA?view_as=subscriber\"]},{\"@type\":\"Person\",\"@id\":\"https:\\\/\\\/mrnews.com.br\\\/#\\\/schema\\\/person\\\/be3203154562a9f207407861cef7827b\",\"name\":\"MR News\",\"image\":{\"@type\":\"ImageObject\",\"inLanguage\":\"pt-BR\",\"@id\":\"https:\\\/\\\/secure.gravatar.com\\\/avatar\\\/04084e6d73c042b8646e7c17b494073bf0ede3ea13c7105cfc45cbbbc28385a4?s=96&d=monsterid&r=g\",\"url\":\"https:\\\/\\\/secure.gravatar.com\\\/avatar\\\/04084e6d73c042b8646e7c17b494073bf0ede3ea13c7105cfc45cbbbc28385a4?s=96&d=monsterid&r=g\",\"contentUrl\":\"https:\\\/\\\/secure.gravatar.com\\\/avatar\\\/04084e6d73c042b8646e7c17b494073bf0ede3ea13c7105cfc45cbbbc28385a4?s=96&d=monsterid&r=g\",\"caption\":\"MR News\"},\"description\":\"Especializado em jornalismo colaborativo pela FTP em n\u00edvel de p\u00f3s-gradua\u00e7\u00e3o. suporte@oimeliga.combr\",\"sameAs\":[\"HUGO R.\",\"Admin\"],\"url\":\"https:\\\/\\\/mrnews.com.br\\\/index.php\\\/author\\\/admin\\\/\"}]}<\/script>\n<!-- \/ Yoast SEO plugin. -->","yoast_head_json":{"title":"Festa do Disco celebra Marin\u00eas e \u00e1lbum que marcou a hist\u00f3ria do forr\u00f3","robots":{"index":"index","follow":"follow","max-snippet":"max-snippet:-1","max-image-preview":"max-image-preview:large","max-video-preview":"max-video-preview:-1"},"canonical":"https:\/\/agenciabrasil.ebc.com.br\/cultura\/noticia\/2026-04\/festa-do-disco-celebra-marines-e-album-que-marcou-historia-do-forro","og_locale":"pt_BR","og_type":"article","og_title":"Festa do Disco celebra Marin\u00eas e \u00e1lbum que marcou a hist\u00f3ria do forr\u00f3","og_description":"Por EBC, O programa Festa do Disco, atra\u00e7\u00e3o da R\u00e1dio Nacional, desta quinta-feira (30) celebra, a partir das 22h, o disco &#8220;O Nordeste e Seu Ritmo&#8221;, de Marin\u00eas e Sua Gente. O m\u00fasico e produtor Marcos Farias, filho de Marin\u00eas, conversa com a apresentadora e jornalista Cibele Ten\u00f3rio sobre a carreira de sua m\u00e3e e &hellip;","og_url":"https:\/\/agenciabrasil.ebc.com.br\/cultura\/noticia\/2026-04\/festa-do-disco-celebra-marines-e-album-que-marcou-historia-do-forro","og_site_name":"MRNews","article_publisher":"https:\/\/www.facebook.com\/eaipahpah\/?locale2=pt_BR","article_published_time":"2026-04-30T20:01:33+00:00","author":"MR News","twitter_card":"summary_large_image","twitter_creator":"@conspirou","twitter_site":"@conspirou","twitter_misc":{"Escrito por":"MR News","Est. tempo de leitura":"2 minutos"},"schema":{"@context":"https:\/\/schema.org","@graph":[{"@type":"Article","@id":"https:\/\/agenciabrasil.ebc.com.br\/cultura\/noticia\/2026-04\/festa-do-disco-celebra-marines-e-album-que-marcou-historia-do-forro#article","isPartOf":{"@id":"https:\/\/mrnews.com.br\/index.php\/2026\/04\/30\/festa-do-disco-celebra-marines-e-album-que-marcou-a-historia-do-forro\/"},"author":{"name":"MR News","@id":"https:\/\/mrnews.com.br\/#\/schema\/person\/be3203154562a9f207407861cef7827b"},"headline":"Festa do Disco celebra Marin\u00eas e \u00e1lbum que marcou a hist\u00f3ria do forr\u00f3","datePublished":"2026-04-30T20:01:33+00:00","mainEntityOfPage":{"@id":"https:\/\/mrnews.com.br\/index.php\/2026\/04\/30\/festa-do-disco-celebra-marines-e-album-que-marcou-a-historia-do-forro\/"},"wordCount":441,"commentCount":0,"publisher":{"@id":"https:\/\/mrnews.com.br\/#organization"},"articleSection":["ENTRETENIMENTO","NOTICIAS","SERVI\u00c7OS"],"inLanguage":"pt-BR","potentialAction":[{"@type":"CommentAction","name":"Comment","target":["https:\/\/agenciabrasil.ebc.com.br\/cultura\/noticia\/2026-04\/festa-do-disco-celebra-marines-e-album-que-marcou-historia-do-forro#respond"]}]},{"@type":"WebPage","@id":"https:\/\/mrnews.com.br\/index.php\/2026\/04\/30\/festa-do-disco-celebra-marines-e-album-que-marcou-a-historia-do-forro\/","url":"https:\/\/agenciabrasil.ebc.com.br\/cultura\/noticia\/2026-04\/festa-do-disco-celebra-marines-e-album-que-marcou-historia-do-forro","name":"Festa do Disco celebra Marin\u00eas e \u00e1lbum que marcou a hist\u00f3ria do forr\u00f3","isPartOf":{"@id":"https:\/\/mrnews.com.br\/#website"},"datePublished":"2026-04-30T20:01:33+00:00","breadcrumb":{"@id":"https:\/\/agenciabrasil.ebc.com.br\/cultura\/noticia\/2026-04\/festa-do-disco-celebra-marines-e-album-que-marcou-historia-do-forro#breadcrumb"},"inLanguage":"pt-BR","potentialAction":[{"@type":"ReadAction","target":["https:\/\/agenciabrasil.ebc.com.br\/cultura\/noticia\/2026-04\/festa-do-disco-celebra-marines-e-album-que-marcou-historia-do-forro"]}]},{"@type":"BreadcrumbList","@id":"https:\/\/agenciabrasil.ebc.com.br\/cultura\/noticia\/2026-04\/festa-do-disco-celebra-marines-e-album-que-marcou-historia-do-forro#breadcrumb","itemListElement":[{"@type":"ListItem","position":1,"name":"In\u00edcio","item":"https:\/\/mrnews.com.br\/"},{"@type":"ListItem","position":2,"name":"Festa do Disco celebra Marin\u00eas e \u00e1lbum que marcou a hist\u00f3ria do forr\u00f3"}]},{"@type":"WebSite","@id":"https:\/\/mrnews.com.br\/#website","url":"https:\/\/mrnews.com.br\/","name":"MRNews","description":"MRNews Jogos de hoje da TV, transmiss\u00f5es ao vivo, Not\u00edcias de futebol, Jogos ao vivo, Lives, resumo de novelas, Programa\u00e7\u00e3o da Globo, A Fazenda e BBB","publisher":{"@id":"https:\/\/mrnews.com.br\/#organization"},"potentialAction":[{"@type":"SearchAction","target":{"@type":"EntryPoint","urlTemplate":"https:\/\/mrnews.com.br\/?s={search_term_string}"},"query-input":{"@type":"PropertyValueSpecification","valueRequired":true,"valueName":"search_term_string"}}],"inLanguage":"pt-BR"},{"@type":"Organization","@id":"https:\/\/mrnews.com.br\/#organization","name":"MRNews","url":"https:\/\/mrnews.com.br\/","logo":{"@type":"ImageObject","inLanguage":"pt-BR","@id":"https:\/\/mrnews.com.br\/#\/schema\/logo\/image\/","url":"https:\/\/mrnews.com.br\/wp-content\/uploads\/2019\/06\/MRNewslogo2.png","contentUrl":"https:\/\/mrnews.com.br\/wp-content\/uploads\/2019\/06\/MRNewslogo2.png","width":223,"height":58,"caption":"MRNews"},"image":{"@id":"https:\/\/mrnews.com.br\/#\/schema\/logo\/image\/"},"sameAs":["https:\/\/www.facebook.com\/eaipahpah\/?locale2=pt_BR","https:\/\/x.com\/conspirou","https:\/\/www.instagram.com\/eai_pahpah","https:\/\/br.pinterest.com\/mrnewsn\/boards\/","https:\/\/www.youtube.com\/channel\/UCacgnpznQ61fifLWr1tQ-vA?view_as=subscriber"]},{"@type":"Person","@id":"https:\/\/mrnews.com.br\/#\/schema\/person\/be3203154562a9f207407861cef7827b","name":"MR News","image":{"@type":"ImageObject","inLanguage":"pt-BR","@id":"https:\/\/secure.gravatar.com\/avatar\/04084e6d73c042b8646e7c17b494073bf0ede3ea13c7105cfc45cbbbc28385a4?s=96&d=monsterid&r=g","url":"https:\/\/secure.gravatar.com\/avatar\/04084e6d73c042b8646e7c17b494073bf0ede3ea13c7105cfc45cbbbc28385a4?s=96&d=monsterid&r=g","contentUrl":"https:\/\/secure.gravatar.com\/avatar\/04084e6d73c042b8646e7c17b494073bf0ede3ea13c7105cfc45cbbbc28385a4?s=96&d=monsterid&r=g","caption":"MR News"},"description":"Especializado em jornalismo colaborativo pela FTP em n\u00edvel de p\u00f3s-gradua\u00e7\u00e3o. suporte@oimeliga.combr","sameAs":["HUGO R.","Admin"],"url":"https:\/\/mrnews.com.br\/index.php\/author\/admin\/"}]}},"jetpack_featured_media_url":"","jetpack_sharing_enabled":true,"jetpack_shortlink":"https:\/\/wp.me\/pa2Qf7-1VHQ","amp_enabled":true,"_links":{"self":[{"href":"https:\/\/mrnews.com.br\/index.php\/wp-json\/wp\/v2\/posts\/460154","targetHints":{"allow":["GET"]}}],"collection":[{"href":"https:\/\/mrnews.com.br\/index.php\/wp-json\/wp\/v2\/posts"}],"about":[{"href":"https:\/\/mrnews.com.br\/index.php\/wp-json\/wp\/v2\/types\/post"}],"author":[{"embeddable":true,"href":"https:\/\/mrnews.com.br\/index.php\/wp-json\/wp\/v2\/users\/1"}],"replies":[{"embeddable":true,"href":"https:\/\/mrnews.com.br\/index.php\/wp-json\/wp\/v2\/comments?post=460154"}],"version-history":[{"count":0,"href":"https:\/\/mrnews.com.br\/index.php\/wp-json\/wp\/v2\/posts\/460154\/revisions"}],"wp:attachment":[{"href":"https:\/\/mrnews.com.br\/index.php\/wp-json\/wp\/v2\/media?parent=460154"}],"wp:term":[{"taxonomy":"category","embeddable":true,"href":"https:\/\/mrnews.com.br\/index.php\/wp-json\/wp\/v2\/categories?post=460154"},{"taxonomy":"post_tag","embeddable":true,"href":"https:\/\/mrnews.com.br\/index.php\/wp-json\/wp\/v2\/tags?post=460154"}],"curies":[{"name":"wp","href":"https:\/\/api.w.org\/{rel}","templated":true}]}}