{"id":460160,"date":"2026-04-30T17:43:32","date_gmt":"2026-04-30T20:43:32","guid":{"rendered":"https:\/\/mrnews.com.br\/index.php\/2026\/04\/30\/brasil-abriga-mais-de-2-milhoes-de-imigrantes-refugiados\/"},"modified":"2026-04-30T17:43:32","modified_gmt":"2026-04-30T20:43:32","slug":"brasil-abriga-mais-de-2-milhoes-de-imigrantes-refugiados","status":"publish","type":"post","link":"https:\/\/mrnews.com.br\/index.php\/2026\/04\/30\/brasil-abriga-mais-de-2-milhoes-de-imigrantes-refugiados\/","title":{"rendered":"Brasil abriga mais de 2 milh\u00f5es de imigrantes, refugiados"},"content":{"rendered":"<p>Por EBC, <\/p>\n<div>\n<p><strong>O Brasil abriga pouco mais de 2 milh\u00f5es de imigrantes internacionais entre residentes, tempor\u00e1rios, refugiados e solicitantes de reconhecimento da condi\u00e7\u00e3o de refugiado, de 200 nacionalidades diferentes, presentes em todas as unidades da federa\u00e7\u00e3o.<\/strong> Venezuelanos, haitianos, cubanos e angolanos s\u00e3o os grupos em destaque. <strong>Estima-se a resid\u00eancia de 680 mil venezuelanos no Brasil no in\u00edcio de 2026, com participa\u00e7\u00e3o em maior n\u00famero de mulheres e crian\u00e7as (0 a 14 anos).<\/strong><\/p>\n<p>Os dados constam no 12\u00ba Relat\u00f3rio Anual do Observat\u00f3rio das Migra\u00e7\u00f5es Internacionais (OBMigra) \u2013 &#8220;Pol\u00edtica Migrat\u00f3ria no Brasil: evid\u00eancias para gest\u00e3o de fluxos e pol\u00edticas setoriais&#8221;. O documento foi apresentado nesta quinta-feira (30) pelo Minist\u00e9rio da Justi\u00e7a e Seguran\u00e7a P\u00fablica (MJSP), em Bras\u00edlia, traz diversas recomenda\u00e7\u00f5es para a efetiva integra\u00e7\u00e3o destes\u00a0p\u00fablicos \u00e0 sociedade brasileira.<\/p>\n<p><strong>O levantamento tem o objetivo de subsidiar a implementa\u00e7\u00e3o da nova Pol\u00edtica Nacional de Migra\u00e7\u00f5es, Ref\u00fagio e Apatridia (PNMRA), editada no fim do ano passado (decreto n\u00ba 12.657\/2025), que substituiu a Lei de Migra\u00e7\u00e3o de 2017.<\/strong><\/p>\n<p>As an\u00e1lises inclu\u00edram aspectos em rela\u00e7\u00e3o \u00e0 evolu\u00e7\u00e3o na intensidade dos fluxos migrat\u00f3rios, pontos de entrada no Brasil, composi\u00e7\u00e3o por sexo e idade, distribui\u00e7\u00e3o espacial nas unidades da federa\u00e7\u00e3o e a estrat\u00e9gia de regulariza\u00e7\u00e3o desses grupos no pa\u00eds.<\/p>\n<p>Os resultados tamb\u00e9m analisaram a situa\u00e7\u00e3o de migrantes, refugiados e ap\u00e1tridas sob os seguintes eixos: trabalho, educa\u00e7\u00e3o, prote\u00e7\u00e3o social e governan\u00e7a local.<\/p>\n<h2>Pol\u00edtica brasileira acolhedora<\/h2>\n<p>O atual representante da Ag\u00eancia da Organiza\u00e7\u00e3o das Na\u00e7\u00f5es Unidas (ONU) para Refugiados (Acnur) no Brasil, Davide Torzilli, afirma que os dados p\u00fablicos atualizados ajudam a enfrentar desafios mundiais e regionais desta tem\u00e1tica.<\/p>\n<blockquote>\n<p>\u201cQuero destacar o compromisso [do Brasil] em fortalecer continuamente sua base de dados p\u00fablicos como forma de garantir que informa\u00e7\u00f5es qualificadas, transparentes sobre refugiados ou pessoas deslocadas \u00e0 for\u00e7a e ap\u00e1tridas para que sejam mantidos e aprimorados. Dados confi\u00e1veis nos ajudam a responder ao desafio contempor\u00e2neo da mobilidade humana.\u201d\u00a0\u00a0\u00a0<\/p>\n<\/blockquote>\n<p><strong>Davide Torzilli refor\u00e7ou que a nova pol\u00edtica nacional \u00e9 \u00fanica no mundo e que o Brasil tem,\u00a0de maneira consistente, afirmado seu compromisso com a governan\u00e7a do sistema de prote\u00e7\u00e3o social baseado em direitos humanos, coopera\u00e7\u00e3o internacional e responsabilidades compartilhadas.<\/strong><\/p>\n<p>A apresenta\u00e7\u00e3o deste relat\u00f3rio antecede a participa\u00e7\u00e3o da delega\u00e7\u00e3o brasileira na reuni\u00e3o agendada pelas Na\u00e7\u00f5es Unidas, em Nova York (EUA), na pr\u00f3xima semana, no para debater o Pacto Global para a Migra\u00e7\u00e3o Segura, Ordenada e Regular.<\/p>\n<p>O diretor do departamento de Migra\u00e7\u00f5es do Minist\u00e9rio da Justi\u00e7a e Seguran\u00e7a P\u00fablica, Victor Semple, afirmou que o governo federal recentemente\u00a0formulou o Plano Nacional de Imigra\u00e7\u00e3o Ref\u00fagio, e Apatridia, previsto na nova pol\u00edtica nacional.<\/p>\n<blockquote>\n<p>\u201cO governo federal reafirma o compromisso do governo com essa pauta e a voca\u00e7\u00e3o do Brasil, enquanto pa\u00eds acolhedor. Tamb\u00e9m confirma a perspectiva de inclus\u00e3o nas pol\u00edticas de governo.\u201d<\/p>\n<\/blockquote>\n<h2>Trabalho e renda<\/h2>\n<p>No lan\u00e7amento do relat\u00f3rio, o ministro do Trabalho e Emprego, Luiz Marinho, enfatizou que a busca por trabalho \u00e9 o principal motor da migra\u00e7\u00e3o global e o vetor essencial para a integra\u00e7\u00e3o do estrangeiro na sociedade.<\/p>\n<div class=\"dnd-widget-wrapper context-grande_6colunas type-image atom-align-left\">\n<div class=\"dnd-atom-rendered\"><!-- scald=449299:grande_6colunas {\"additionalClasses\":\"\"} --><\/p>\n<p>    <!-- END scald=449299 --><\/div>\n<p><h6 class=\"meta\">Ministro do Trabalho e Emprego, Luiz Marinho Foto:\u00a0<strong>Fabio Rodrigues-Pozzebom\/Ag\u00eancia Brasil<\/strong><!--END copyright=449299--><\/h6>\n<\/p>\n<\/div>\n<blockquote>\n<p>\u201cO trabalho n\u00e3o \u00e9 apenas fonte de renda; \u00e9 o que permite ao migrante construir v\u00ednculos e exercer plenamente sua cidadania\u201d, disse o ministro.<\/p>\n<\/blockquote>\n<p>O 12\u00ba Relat\u00f3rio Anual do OBMigra aponta que o fluxo de trabalhadores migrantes no mercado de trabalho formal no Brasil aumentou 54%, entre 2023 e 2025. O n\u00famero de trabalhadores imigrantes com carteira assinada superou os 414,96 mil v\u00ednculos, em 2025.<\/p>\n<p>Neste universo, 43% est\u00e3o concentrados na produ\u00e7\u00e3o industrial (especialmente no setor de abate de animais na regi\u00e3o Sul).<\/p>\n<p><strong>Na compara\u00e7\u00e3o com pedidos de resid\u00eancia para trabalhar no Brasil, entre 2022 e 2024, o aumento foi de 68%, indicando mais oportunidades de trabalho no pa\u00eds.<\/strong><\/p>\n<blockquote>\n<p>\u201cIsso se deve a maior demanda por m\u00e3o de obra de migrantes no Brasil, j\u00e1 que o pa\u00eds vive hoje um contexto de pleno emprego\u201d, afirmou o Minist\u00e9rio da Justi\u00e7a e Seguran\u00e7a P\u00fablica (MJSP).<\/p>\n<\/blockquote>\n<p>Sobre as principais nacionalidades, em 2025, o mercado formal de trabalho brasileiro contava com mais de 201 mil trabalhadores venezuelanos. Os haitianos vieram em seguida, com um crescimento de 20,4% entre 2023 e 2025, com o total de 51,2 mil haitianos formalmente contratados, no ano passado. J\u00e1 os cubanos, aparecem na terceira posi\u00e7\u00e3o com 30,7 mil trabalhadores formais.<\/p>\n<p>Por\u00e9m, o documento destaca que muitos imigrantes com ensino superior sofrem com a inconsist\u00eancia de status e ocupam cargos de baixa qualifica\u00e7\u00e3o e renda e, consequentemente, com menores rendimentos.<\/p>\n<p>Frente \u00e0 situa\u00e7\u00e3o, o relat\u00f3rio recomenda ao poder p\u00fablico, entre outros, a promo\u00e7\u00e3o do reconhecimento de diplomas, a intermedia\u00e7\u00e3o de m\u00e3o de obra qualificada e a redu\u00e7\u00e3o de barreiras institucionais e educacionais com o objetivo de melhorar a aloca\u00e7\u00e3o ocupacional.<\/p>\n<p>As informa\u00e7\u00f5es do panorama atualizado das migra\u00e7\u00f5es internacionais tamb\u00e9m mostram que a maioria absoluta dos trabalhadores dom\u00e9sticos migrantes est\u00e1 na informalidade, ou seja, sem carteira assinada. <strong>Em 2024, 78,8% dos trabalhadores dom\u00e9sticos estavam sem carteira (1.184), enquanto apenas 21,2% tinham carteira assinada (318).<\/strong><\/p>\n<p>O estudo usou a base de dados da Rela\u00e7\u00e3o Anual de Informa\u00e7\u00f5es Sociais (RAIS) do Minist\u00e9rio do Trabalho e Emprego (MTE) e os dados da Coordena\u00e7\u00e3o de Imigra\u00e7\u00e3o Laboral (CGIL) do MJSP.<\/p>\n<p>O ministro Luiz Marinho alertou que a falta de organiza\u00e7\u00e3o nessa inser\u00e7\u00e3o pode gerar riscos elevados de explora\u00e7\u00e3o e trabalho an\u00e1logo \u00e0 escravid\u00e3o, o que prejudica todo o mercado ao permitir a concorr\u00eancia baseada na redu\u00e7\u00e3o de direitos. Para acompanhamento destas situa\u00e7\u00f5es, o titular da pasta lembrou da retomada do Conselho Nacional de Imigra\u00e7\u00e3o e combate \u00e0 explora\u00e7\u00e3o laboral, na atual gest\u00e3o federal.<\/p>\n<p><strong>Marinho pontuou ainda que a estrat\u00e9gia de interioriza\u00e7\u00e3o de migrantes no pa\u00eds somente ser\u00e1 bem-sucedida, se for acompanhada de qualifica\u00e7\u00e3o. <\/strong><\/p>\n<blockquote>\n<p>&#8220;Interiorizar com trabalho prec\u00e1rio n\u00e3o resolve o problema, apenas o desloca. Interiorizar com qualifica\u00e7\u00e3o inclus\u00e3o produtiva ao contr\u00e1rio: gera desenvolvimento local, fortalece as economias regionais e promove a integra\u00e7\u00e3o social.\u201d<\/p>\n<\/blockquote>\n<h2>Prote\u00e7\u00e3o social<\/h2>\n<p>No campo da prote\u00e7\u00e3o social, o relat\u00f3rio evidencia a rela\u00e7\u00e3o entre mobilidade internacional e vulnerabilidade socioecon\u00f4mica.<\/p>\n<p><strong>O documento constata o aumento expressivo de migrantes inscritos no Cadastro \u00danico para Programas Sociais do governo federal, entre 2023 e 2024. O n\u00famero de migrantes cadastrados no Cad\u00danico cresceu de 562.687 para 650.683, no per\u00edodo.<\/strong><\/p>\n<p><strong>No perfil sociodemogr\u00e1fico da popula\u00e7\u00e3o migrante cadastrada, a predomin\u00e2ncia \u00e9 feminina (55,6%, em 2024).<\/strong><\/p>\n<p>Com rela\u00e7\u00e3o \u00e0 idade, os dados do Cad\u00danico indicam crescimento mais acentuado no n\u00famero de migrantes crian\u00e7as e adolescentes de 0 a 17 anos que passou de 159.011, em 2023, para 188.531, em 2024. Alta de 18,6%, em apenas um ano.<\/p>\n<p>Esse resultado evidencia a amplia\u00e7\u00e3o de fam\u00edlias migrantes com crian\u00e7as no sistema de assist\u00eancia social. O relat\u00f3rio refor\u00e7a \u201ca necessidade de articula\u00e7\u00e3o entre pol\u00edticas de assist\u00eancia social, educa\u00e7\u00e3o e prote\u00e7\u00e3o \u00e0 inf\u00e2ncia.<\/p>\n<p><strong>O relat\u00f3rio indica maior acesso a programas sociais, como Bolsa Fam\u00edlia. Em 2023, do total de 562.687 migrantes cadastrados no Cad\u00danico, 302.497 eram benefici\u00e1rios do Bolsa Fam\u00edlia, enquanto 260.190 n\u00e3o recebiam o benef\u00edcio.<\/strong><\/p>\n<p>Por isso, o relat\u00f3rio recomenda:<\/p>\n<p>\u00b7\u00a0 reduzir o tempo entre cadastramento e acesso a benef\u00edcios, por meio da amplia\u00e7\u00e3o da transpar\u00eancia e comunica\u00e7\u00e3o sobre crit\u00e9rios e etapas;<\/p>\n<p>\u00b7\u00a0 aperfei\u00e7oar mecanismos de monitoramento e gest\u00e3o das filas de acesso a programas sociais.<\/p>\n<h2>Localiza\u00e7\u00e3o<\/h2>\n<p>Os dados do Cad\u00danico evidenciam uma forte concentra\u00e7\u00e3o da popula\u00e7\u00e3o migrante cadastrada em um conjunto reduzido de unidades da federa\u00e7\u00e3o, com destaque para grandes centros econ\u00f4micos e estados estrat\u00e9gicos do ponto de vista migrat\u00f3rio.<\/p>\n<p>Tr\u00eas estados concentram parcela expressiva do total de migrantes registrados no pa\u00eds. <strong>Em 2024, S\u00e3o Paulo manteve-se como o estado com o maior n\u00famero de migrantes cadastrados, totalizando 140.033 registros, seguido por Paran\u00e1 (102.046) e Roraima (86.845).<\/strong><\/p>\n<p>Tamb\u00e9m se destacaram, em 2024, como polos de atra\u00e7\u00e3o econ\u00f4mica e perman\u00eancia da popula\u00e7\u00e3o migrante os estados de Santa Catarina (71.055) e Rio Grande do Sul (61.386).<\/p>\n<h2>Educa\u00e7\u00e3o<\/h2>\n<p>O eixo dedicado \u00e0 educa\u00e7\u00e3o, o estudo confirma o crescimento consistente das matr\u00edculas de estudantes imigrantes na educa\u00e7\u00e3o b\u00e1sica entre 2010 e 2024 e evidencia a amplia\u00e7\u00e3o do acesso ao direito \u00e0 educa\u00e7\u00e3o.<\/p>\n<p><strong>No per\u00edodo, o n\u00famero de matriculados nas tr\u00eas etapas da educa\u00e7\u00e3o b\u00e1sica, somado ao n\u00famero de imigrantes nas modalidades educa\u00e7\u00e3o profissional t\u00e9cnica de n\u00edvel m\u00e9dio e na Educa\u00e7\u00e3o de Jovens e Adultos (EJA), passou de 41.916 para 224.924 estudantes, resultando em um aumento de 437%.<\/strong><\/p>\n<p>Desde 2010, o n\u00famero de migrantes em institui\u00e7\u00f5es de ensino superior cresceu 77,5%. Saltou de 16.696, em 2010, para 29.635 pessoas matriculadas, em 2023.<\/p>\n<p>No entanto, mesmo com a consolida\u00e7\u00e3o da presen\u00e7a migrante nas pol\u00edticas p\u00fablicas de educa\u00e7\u00e3o, o estudo conclui que existem desafios relativos \u00e0 inclus\u00e3o lingu\u00edstica, \u00e0 adapta\u00e7\u00e3o pedag\u00f3gica e \u00e0 capacidade institucional dos sistemas educacionais locais.<\/p>\n<p><strong>E mesmo a escola sendo considerada um espa\u00e7o central de socializa\u00e7\u00e3o e mobilidade social, tamb\u00e9m \u00e9 local de reprodu\u00e7\u00e3o de desigualdades estruturais.<\/strong><\/p>\n<p>Diante dos fatos, o estudo recomenda que as institui\u00e7\u00f5es educacionais, sejam elas de ensino b\u00e1sico ou superior, propiciem \u201cespa\u00e7os de di\u00e1logos, viv\u00eancias e aprendizagem ancorados no respeito \u00e0 dignidade humana.\u201d<\/p>\n<p>E nas escolas p\u00fablicas municipais e estaduais, deve-se garantir a cobertura suficiente para a incorpora\u00e7\u00e3o do p\u00fablico migrante, adequada \u00e0s demandas locais.<\/p>\n<p>J\u00e1 na educa\u00e7\u00e3o superior, devem ser considerados aspectos como alimenta\u00e7\u00e3o, moradia, sa\u00fade e trabalho para promover o acesso e perman\u00eancia dos estudantes imigrantes, refugiados e ap\u00e1tridas.<\/p>\n<h2>Governan\u00e7a local<\/h2>\n<p>No Brasil, a pol\u00edtica migrat\u00f3ria \u00e9 de responsabilidade da Uni\u00e3o, mas, em grande parte quem oferece os servi\u00e7os p\u00fablicos (escolas, postos de sa\u00fade, assist\u00eancia social), s\u00e3o as gest\u00f5es estaduais e municipais.<\/p>\n<p>Por isso, o relat\u00f3rio tamb\u00e9m foca nos maiores desafios da gest\u00e3o p\u00fablica de melhorar o atendimento real na ponta, sobretudo, no munic\u00edpio onde o migrante vive.<\/p>\n<p>O documento prop\u00f5e que haja uma colabora\u00e7\u00e3o t\u00e9cnica e financeira mais clara entre os tr\u00eas n\u00edveis de governo (federal, estadual e municipal) para que sejam criadas estruturas permanentes e preparadas para atender a popula\u00e7\u00e3o migrante, refugiada e solicitante de ref\u00fagio no pa\u00eds, de forma justa em todo o territ\u00f3rio nacional.<\/p>\n<p><strong>\u201cA consolida\u00e7\u00e3o da pol\u00edtica migrat\u00f3ria nacional, especialmente no eixo da integra\u00e7\u00e3o, depende do fortalecimento do pacto federativo, da governan\u00e7a local, da institucionaliza\u00e7\u00e3o das respostas municipais e da constru\u00e7\u00e3o de mecanismos que garantam sustentabilidade, equidade territorial e efetividade no acesso a direitos para migrantes e refugiados no Brasil\u201d, conclui o relat\u00f3rio.<\/strong><\/p>\n<p>O texto do relat\u00f3rio recomenda a amplia\u00e7\u00e3o das pol\u00edticas de acolhimento e interioriza\u00e7\u00e3o de migrantes para al\u00e9m de Roraima, ponto de entrada de pessoas vindas da Venezuela.<\/p>\n<p>Conhe\u00e7a os relat\u00f3rios anuais do OBMigra aqui.<\/p>\n<p>\u00a0<\/p>\n<p>      <!-- Relacionada --><\/p>\n<p>            <!-- Relacionada -->\n    <\/div>\n","protected":false},"excerpt":{"rendered":"<p>Por EBC, O Brasil abriga pouco mais de 2 milh\u00f5es de imigrantes internacionais entre residentes, tempor\u00e1rios, refugiados e solicitantes de reconhecimento da condi\u00e7\u00e3o de refugiado, de 200 nacionalidades diferentes, presentes em todas as unidades da federa\u00e7\u00e3o. Venezuelanos, haitianos, cubanos e angolanos s\u00e3o os grupos em destaque. Estima-se a resid\u00eancia de 680 mil venezuelanos no Brasil &hellip;<\/p>\n","protected":false},"author":1,"featured_media":0,"comment_status":"open","ping_status":"open","sticky":false,"template":"","format":"standard","meta":{"_jetpack_memberships_contains_paid_content":false,"footnotes":""},"categories":[2,12225,4],"tags":[],"class_list":["post-460160","post","type-post","status-publish","format-standard","hentry","category-entretenimento","category-noticias","category-servicos"],"yoast_head":"<!-- This site is optimized with the Yoast SEO plugin v27.5 - https:\/\/yoast.com\/product\/yoast-seo-wordpress\/ -->\n<title>Brasil abriga mais de 2 milh\u00f5es de imigrantes, refugiados<\/title>\n<meta name=\"robots\" content=\"index, follow, max-snippet:-1, max-image-preview:large, max-video-preview:-1\" \/>\n<link rel=\"canonical\" href=\"https:\/\/agenciabrasil.ebc.com.br\/direitos-humanos\/noticia\/2026-04\/brasil-abriga-mais-de-2-milhoes-de-imigrantes-refugiados\" \/>\n<meta property=\"og:locale\" content=\"pt_BR\" \/>\n<meta property=\"og:type\" content=\"article\" \/>\n<meta property=\"og:title\" content=\"Brasil abriga mais de 2 milh\u00f5es de imigrantes, refugiados\" \/>\n<meta property=\"og:description\" content=\"Por EBC, O Brasil abriga pouco mais de 2 milh\u00f5es de imigrantes internacionais entre residentes, tempor\u00e1rios, refugiados e solicitantes de reconhecimento da condi\u00e7\u00e3o de refugiado, de 200 nacionalidades diferentes, presentes em todas as unidades da federa\u00e7\u00e3o. Venezuelanos, haitianos, cubanos e angolanos s\u00e3o os grupos em destaque. Estima-se a resid\u00eancia de 680 mil venezuelanos no Brasil &hellip;\" \/>\n<meta property=\"og:url\" content=\"https:\/\/agenciabrasil.ebc.com.br\/direitos-humanos\/noticia\/2026-04\/brasil-abriga-mais-de-2-milhoes-de-imigrantes-refugiados\" \/>\n<meta property=\"og:site_name\" content=\"MRNews\" \/>\n<meta property=\"article:publisher\" content=\"https:\/\/www.facebook.com\/eaipahpah\/?locale2=pt_BR\" \/>\n<meta property=\"article:published_time\" content=\"2026-04-30T20:43:32+00:00\" \/>\n<meta name=\"author\" content=\"MR News\" \/>\n<meta name=\"twitter:card\" content=\"summary_large_image\" \/>\n<meta name=\"twitter:creator\" content=\"@conspirou\" \/>\n<meta name=\"twitter:site\" content=\"@conspirou\" \/>\n<meta name=\"twitter:label1\" content=\"Escrito por\" \/>\n\t<meta name=\"twitter:data1\" content=\"MR News\" \/>\n\t<meta name=\"twitter:label2\" content=\"Est. tempo de leitura\" \/>\n\t<meta name=\"twitter:data2\" content=\"10 minutos\" \/>\n<script type=\"application\/ld+json\" class=\"yoast-schema-graph\">{\"@context\":\"https:\\\/\\\/schema.org\",\"@graph\":[{\"@type\":\"Article\",\"@id\":\"https:\\\/\\\/agenciabrasil.ebc.com.br\\\/direitos-humanos\\\/noticia\\\/2026-04\\\/brasil-abriga-mais-de-2-milhoes-de-imigrantes-refugiados#article\",\"isPartOf\":{\"@id\":\"https:\\\/\\\/mrnews.com.br\\\/index.php\\\/2026\\\/04\\\/30\\\/brasil-abriga-mais-de-2-milhoes-de-imigrantes-refugiados\\\/\"},\"author\":{\"name\":\"MR News\",\"@id\":\"https:\\\/\\\/mrnews.com.br\\\/#\\\/schema\\\/person\\\/be3203154562a9f207407861cef7827b\"},\"headline\":\"Brasil abriga mais de 2 milh\u00f5es de imigrantes, refugiados\",\"datePublished\":\"2026-04-30T20:43:32+00:00\",\"mainEntityOfPage\":{\"@id\":\"https:\\\/\\\/mrnews.com.br\\\/index.php\\\/2026\\\/04\\\/30\\\/brasil-abriga-mais-de-2-milhoes-de-imigrantes-refugiados\\\/\"},\"wordCount\":1915,\"commentCount\":0,\"publisher\":{\"@id\":\"https:\\\/\\\/mrnews.com.br\\\/#organization\"},\"articleSection\":[\"ENTRETENIMENTO\",\"NOTICIAS\",\"SERVI\u00c7OS\"],\"inLanguage\":\"pt-BR\",\"potentialAction\":[{\"@type\":\"CommentAction\",\"name\":\"Comment\",\"target\":[\"https:\\\/\\\/agenciabrasil.ebc.com.br\\\/direitos-humanos\\\/noticia\\\/2026-04\\\/brasil-abriga-mais-de-2-milhoes-de-imigrantes-refugiados#respond\"]}]},{\"@type\":\"WebPage\",\"@id\":\"https:\\\/\\\/mrnews.com.br\\\/index.php\\\/2026\\\/04\\\/30\\\/brasil-abriga-mais-de-2-milhoes-de-imigrantes-refugiados\\\/\",\"url\":\"https:\\\/\\\/agenciabrasil.ebc.com.br\\\/direitos-humanos\\\/noticia\\\/2026-04\\\/brasil-abriga-mais-de-2-milhoes-de-imigrantes-refugiados\",\"name\":\"Brasil abriga mais de 2 milh\u00f5es de imigrantes, refugiados\",\"isPartOf\":{\"@id\":\"https:\\\/\\\/mrnews.com.br\\\/#website\"},\"datePublished\":\"2026-04-30T20:43:32+00:00\",\"breadcrumb\":{\"@id\":\"https:\\\/\\\/agenciabrasil.ebc.com.br\\\/direitos-humanos\\\/noticia\\\/2026-04\\\/brasil-abriga-mais-de-2-milhoes-de-imigrantes-refugiados#breadcrumb\"},\"inLanguage\":\"pt-BR\",\"potentialAction\":[{\"@type\":\"ReadAction\",\"target\":[\"https:\\\/\\\/agenciabrasil.ebc.com.br\\\/direitos-humanos\\\/noticia\\\/2026-04\\\/brasil-abriga-mais-de-2-milhoes-de-imigrantes-refugiados\"]}]},{\"@type\":\"BreadcrumbList\",\"@id\":\"https:\\\/\\\/agenciabrasil.ebc.com.br\\\/direitos-humanos\\\/noticia\\\/2026-04\\\/brasil-abriga-mais-de-2-milhoes-de-imigrantes-refugiados#breadcrumb\",\"itemListElement\":[{\"@type\":\"ListItem\",\"position\":1,\"name\":\"In\u00edcio\",\"item\":\"https:\\\/\\\/mrnews.com.br\\\/\"},{\"@type\":\"ListItem\",\"position\":2,\"name\":\"Brasil abriga mais de 2 milh\u00f5es de imigrantes, refugiados\"}]},{\"@type\":\"WebSite\",\"@id\":\"https:\\\/\\\/mrnews.com.br\\\/#website\",\"url\":\"https:\\\/\\\/mrnews.com.br\\\/\",\"name\":\"MRNews\",\"description\":\"MRNews Jogos de hoje da TV, transmiss\u00f5es ao vivo, Not\u00edcias de futebol, Jogos ao vivo, Lives, resumo de novelas, Programa\u00e7\u00e3o da Globo, A Fazenda e BBB\",\"publisher\":{\"@id\":\"https:\\\/\\\/mrnews.com.br\\\/#organization\"},\"potentialAction\":[{\"@type\":\"SearchAction\",\"target\":{\"@type\":\"EntryPoint\",\"urlTemplate\":\"https:\\\/\\\/mrnews.com.br\\\/?s={search_term_string}\"},\"query-input\":{\"@type\":\"PropertyValueSpecification\",\"valueRequired\":true,\"valueName\":\"search_term_string\"}}],\"inLanguage\":\"pt-BR\"},{\"@type\":\"Organization\",\"@id\":\"https:\\\/\\\/mrnews.com.br\\\/#organization\",\"name\":\"MRNews\",\"url\":\"https:\\\/\\\/mrnews.com.br\\\/\",\"logo\":{\"@type\":\"ImageObject\",\"inLanguage\":\"pt-BR\",\"@id\":\"https:\\\/\\\/mrnews.com.br\\\/#\\\/schema\\\/logo\\\/image\\\/\",\"url\":\"https:\\\/\\\/mrnews.com.br\\\/wp-content\\\/uploads\\\/2019\\\/06\\\/MRNewslogo2.png\",\"contentUrl\":\"https:\\\/\\\/mrnews.com.br\\\/wp-content\\\/uploads\\\/2019\\\/06\\\/MRNewslogo2.png\",\"width\":223,\"height\":58,\"caption\":\"MRNews\"},\"image\":{\"@id\":\"https:\\\/\\\/mrnews.com.br\\\/#\\\/schema\\\/logo\\\/image\\\/\"},\"sameAs\":[\"https:\\\/\\\/www.facebook.com\\\/eaipahpah\\\/?locale2=pt_BR\",\"https:\\\/\\\/x.com\\\/conspirou\",\"https:\\\/\\\/www.instagram.com\\\/eai_pahpah\",\"https:\\\/\\\/br.pinterest.com\\\/mrnewsn\\\/boards\\\/\",\"https:\\\/\\\/www.youtube.com\\\/channel\\\/UCacgnpznQ61fifLWr1tQ-vA?view_as=subscriber\"]},{\"@type\":\"Person\",\"@id\":\"https:\\\/\\\/mrnews.com.br\\\/#\\\/schema\\\/person\\\/be3203154562a9f207407861cef7827b\",\"name\":\"MR News\",\"image\":{\"@type\":\"ImageObject\",\"inLanguage\":\"pt-BR\",\"@id\":\"https:\\\/\\\/secure.gravatar.com\\\/avatar\\\/04084e6d73c042b8646e7c17b494073bf0ede3ea13c7105cfc45cbbbc28385a4?s=96&d=monsterid&r=g\",\"url\":\"https:\\\/\\\/secure.gravatar.com\\\/avatar\\\/04084e6d73c042b8646e7c17b494073bf0ede3ea13c7105cfc45cbbbc28385a4?s=96&d=monsterid&r=g\",\"contentUrl\":\"https:\\\/\\\/secure.gravatar.com\\\/avatar\\\/04084e6d73c042b8646e7c17b494073bf0ede3ea13c7105cfc45cbbbc28385a4?s=96&d=monsterid&r=g\",\"caption\":\"MR News\"},\"description\":\"Especializado em jornalismo colaborativo pela FTP em n\u00edvel de p\u00f3s-gradua\u00e7\u00e3o. suporte@oimeliga.combr\",\"sameAs\":[\"HUGO R.\",\"Admin\"],\"url\":\"https:\\\/\\\/mrnews.com.br\\\/index.php\\\/author\\\/admin\\\/\"}]}<\/script>\n<!-- \/ Yoast SEO plugin. -->","yoast_head_json":{"title":"Brasil abriga mais de 2 milh\u00f5es de imigrantes, refugiados","robots":{"index":"index","follow":"follow","max-snippet":"max-snippet:-1","max-image-preview":"max-image-preview:large","max-video-preview":"max-video-preview:-1"},"canonical":"https:\/\/agenciabrasil.ebc.com.br\/direitos-humanos\/noticia\/2026-04\/brasil-abriga-mais-de-2-milhoes-de-imigrantes-refugiados","og_locale":"pt_BR","og_type":"article","og_title":"Brasil abriga mais de 2 milh\u00f5es de imigrantes, refugiados","og_description":"Por EBC, O Brasil abriga pouco mais de 2 milh\u00f5es de imigrantes internacionais entre residentes, tempor\u00e1rios, refugiados e solicitantes de reconhecimento da condi\u00e7\u00e3o de refugiado, de 200 nacionalidades diferentes, presentes em todas as unidades da federa\u00e7\u00e3o. Venezuelanos, haitianos, cubanos e angolanos s\u00e3o os grupos em destaque. Estima-se a resid\u00eancia de 680 mil venezuelanos no Brasil &hellip;","og_url":"https:\/\/agenciabrasil.ebc.com.br\/direitos-humanos\/noticia\/2026-04\/brasil-abriga-mais-de-2-milhoes-de-imigrantes-refugiados","og_site_name":"MRNews","article_publisher":"https:\/\/www.facebook.com\/eaipahpah\/?locale2=pt_BR","article_published_time":"2026-04-30T20:43:32+00:00","author":"MR News","twitter_card":"summary_large_image","twitter_creator":"@conspirou","twitter_site":"@conspirou","twitter_misc":{"Escrito por":"MR News","Est. tempo de leitura":"10 minutos"},"schema":{"@context":"https:\/\/schema.org","@graph":[{"@type":"Article","@id":"https:\/\/agenciabrasil.ebc.com.br\/direitos-humanos\/noticia\/2026-04\/brasil-abriga-mais-de-2-milhoes-de-imigrantes-refugiados#article","isPartOf":{"@id":"https:\/\/mrnews.com.br\/index.php\/2026\/04\/30\/brasil-abriga-mais-de-2-milhoes-de-imigrantes-refugiados\/"},"author":{"name":"MR News","@id":"https:\/\/mrnews.com.br\/#\/schema\/person\/be3203154562a9f207407861cef7827b"},"headline":"Brasil abriga mais de 2 milh\u00f5es de imigrantes, refugiados","datePublished":"2026-04-30T20:43:32+00:00","mainEntityOfPage":{"@id":"https:\/\/mrnews.com.br\/index.php\/2026\/04\/30\/brasil-abriga-mais-de-2-milhoes-de-imigrantes-refugiados\/"},"wordCount":1915,"commentCount":0,"publisher":{"@id":"https:\/\/mrnews.com.br\/#organization"},"articleSection":["ENTRETENIMENTO","NOTICIAS","SERVI\u00c7OS"],"inLanguage":"pt-BR","potentialAction":[{"@type":"CommentAction","name":"Comment","target":["https:\/\/agenciabrasil.ebc.com.br\/direitos-humanos\/noticia\/2026-04\/brasil-abriga-mais-de-2-milhoes-de-imigrantes-refugiados#respond"]}]},{"@type":"WebPage","@id":"https:\/\/mrnews.com.br\/index.php\/2026\/04\/30\/brasil-abriga-mais-de-2-milhoes-de-imigrantes-refugiados\/","url":"https:\/\/agenciabrasil.ebc.com.br\/direitos-humanos\/noticia\/2026-04\/brasil-abriga-mais-de-2-milhoes-de-imigrantes-refugiados","name":"Brasil abriga mais de 2 milh\u00f5es de imigrantes, refugiados","isPartOf":{"@id":"https:\/\/mrnews.com.br\/#website"},"datePublished":"2026-04-30T20:43:32+00:00","breadcrumb":{"@id":"https:\/\/agenciabrasil.ebc.com.br\/direitos-humanos\/noticia\/2026-04\/brasil-abriga-mais-de-2-milhoes-de-imigrantes-refugiados#breadcrumb"},"inLanguage":"pt-BR","potentialAction":[{"@type":"ReadAction","target":["https:\/\/agenciabrasil.ebc.com.br\/direitos-humanos\/noticia\/2026-04\/brasil-abriga-mais-de-2-milhoes-de-imigrantes-refugiados"]}]},{"@type":"BreadcrumbList","@id":"https:\/\/agenciabrasil.ebc.com.br\/direitos-humanos\/noticia\/2026-04\/brasil-abriga-mais-de-2-milhoes-de-imigrantes-refugiados#breadcrumb","itemListElement":[{"@type":"ListItem","position":1,"name":"In\u00edcio","item":"https:\/\/mrnews.com.br\/"},{"@type":"ListItem","position":2,"name":"Brasil abriga mais de 2 milh\u00f5es de imigrantes, refugiados"}]},{"@type":"WebSite","@id":"https:\/\/mrnews.com.br\/#website","url":"https:\/\/mrnews.com.br\/","name":"MRNews","description":"MRNews Jogos de hoje da TV, transmiss\u00f5es ao vivo, Not\u00edcias de futebol, Jogos ao vivo, Lives, resumo de novelas, Programa\u00e7\u00e3o da Globo, A Fazenda e BBB","publisher":{"@id":"https:\/\/mrnews.com.br\/#organization"},"potentialAction":[{"@type":"SearchAction","target":{"@type":"EntryPoint","urlTemplate":"https:\/\/mrnews.com.br\/?s={search_term_string}"},"query-input":{"@type":"PropertyValueSpecification","valueRequired":true,"valueName":"search_term_string"}}],"inLanguage":"pt-BR"},{"@type":"Organization","@id":"https:\/\/mrnews.com.br\/#organization","name":"MRNews","url":"https:\/\/mrnews.com.br\/","logo":{"@type":"ImageObject","inLanguage":"pt-BR","@id":"https:\/\/mrnews.com.br\/#\/schema\/logo\/image\/","url":"https:\/\/mrnews.com.br\/wp-content\/uploads\/2019\/06\/MRNewslogo2.png","contentUrl":"https:\/\/mrnews.com.br\/wp-content\/uploads\/2019\/06\/MRNewslogo2.png","width":223,"height":58,"caption":"MRNews"},"image":{"@id":"https:\/\/mrnews.com.br\/#\/schema\/logo\/image\/"},"sameAs":["https:\/\/www.facebook.com\/eaipahpah\/?locale2=pt_BR","https:\/\/x.com\/conspirou","https:\/\/www.instagram.com\/eai_pahpah","https:\/\/br.pinterest.com\/mrnewsn\/boards\/","https:\/\/www.youtube.com\/channel\/UCacgnpznQ61fifLWr1tQ-vA?view_as=subscriber"]},{"@type":"Person","@id":"https:\/\/mrnews.com.br\/#\/schema\/person\/be3203154562a9f207407861cef7827b","name":"MR News","image":{"@type":"ImageObject","inLanguage":"pt-BR","@id":"https:\/\/secure.gravatar.com\/avatar\/04084e6d73c042b8646e7c17b494073bf0ede3ea13c7105cfc45cbbbc28385a4?s=96&d=monsterid&r=g","url":"https:\/\/secure.gravatar.com\/avatar\/04084e6d73c042b8646e7c17b494073bf0ede3ea13c7105cfc45cbbbc28385a4?s=96&d=monsterid&r=g","contentUrl":"https:\/\/secure.gravatar.com\/avatar\/04084e6d73c042b8646e7c17b494073bf0ede3ea13c7105cfc45cbbbc28385a4?s=96&d=monsterid&r=g","caption":"MR News"},"description":"Especializado em jornalismo colaborativo pela FTP em n\u00edvel de p\u00f3s-gradua\u00e7\u00e3o. suporte@oimeliga.combr","sameAs":["HUGO R.","Admin"],"url":"https:\/\/mrnews.com.br\/index.php\/author\/admin\/"}]}},"jetpack_featured_media_url":"","jetpack_sharing_enabled":true,"jetpack_shortlink":"https:\/\/wp.me\/pa2Qf7-1VHW","amp_enabled":true,"_links":{"self":[{"href":"https:\/\/mrnews.com.br\/index.php\/wp-json\/wp\/v2\/posts\/460160","targetHints":{"allow":["GET"]}}],"collection":[{"href":"https:\/\/mrnews.com.br\/index.php\/wp-json\/wp\/v2\/posts"}],"about":[{"href":"https:\/\/mrnews.com.br\/index.php\/wp-json\/wp\/v2\/types\/post"}],"author":[{"embeddable":true,"href":"https:\/\/mrnews.com.br\/index.php\/wp-json\/wp\/v2\/users\/1"}],"replies":[{"embeddable":true,"href":"https:\/\/mrnews.com.br\/index.php\/wp-json\/wp\/v2\/comments?post=460160"}],"version-history":[{"count":0,"href":"https:\/\/mrnews.com.br\/index.php\/wp-json\/wp\/v2\/posts\/460160\/revisions"}],"wp:attachment":[{"href":"https:\/\/mrnews.com.br\/index.php\/wp-json\/wp\/v2\/media?parent=460160"}],"wp:term":[{"taxonomy":"category","embeddable":true,"href":"https:\/\/mrnews.com.br\/index.php\/wp-json\/wp\/v2\/categories?post=460160"},{"taxonomy":"post_tag","embeddable":true,"href":"https:\/\/mrnews.com.br\/index.php\/wp-json\/wp\/v2\/tags?post=460160"}],"curies":[{"name":"wp","href":"https:\/\/api.w.org\/{rel}","templated":true}]}}