{"id":460161,"date":"2026-04-30T18:25:31","date_gmt":"2026-04-30T21:25:31","guid":{"rendered":"https:\/\/mrnews.com.br\/index.php\/2026\/04\/30\/instituicoes-repudiam-agressao-a-reporter-heloisa-vilella-na-camara\/"},"modified":"2026-04-30T18:25:31","modified_gmt":"2026-04-30T21:25:31","slug":"instituicoes-repudiam-agressao-a-reporter-heloisa-vilella-na-camara","status":"publish","type":"post","link":"https:\/\/mrnews.com.br\/index.php\/2026\/04\/30\/instituicoes-repudiam-agressao-a-reporter-heloisa-vilella-na-camara\/","title":{"rendered":"Institui\u00e7\u00f5es repudiam agress\u00e3o \u00e0 rep\u00f3rter Helo\u00edsa Vilella na C\u00e2mara"},"content":{"rendered":"<p>Por EBC, <\/p>\n<div>\n<p>A Federa\u00e7\u00e3o Nacional de Jornalistas (Fenaj) e o\u00a0Sindicato de Jornalistas Profissionais do Distrito Federal (SJPDF) manifestaram rep\u00fadio \u00e0 agress\u00e3o sofrida pela rep\u00f3rter Helo\u00edsa Vilella, do ve\u00edculo ICL Not\u00edcias, no Sal\u00e3o Verde da C\u00e2mara dos Deputados, na manh\u00e3 desta quinta-feira (30).<\/p>\n<p>Durante uma transmiss\u00e3o ao vivo, uma militante bolsonarista interrompeu a rep\u00f3rter, \u201cdesrespeitando n\u00e3o apenas a profissional, mas toda a imprensa livre\u201d.<\/p>\n<p>O SJPDF e a FENAJ defenderam Helo\u00edsa Vilella: \u201cJornalista de trajet\u00f3ria exemplar: correspondente internacional por quase duas d\u00e9cadas nos Estados Unidos, cobrindo os atentados de 11 de setembro de 2001, o furac\u00e3o Katrina, o terremoto do Haiti, elei\u00e7\u00f5es presidenciais americanas e, recentemente, o conflito na Cisjord\u00e2nia.&#8221;<\/p>\n<blockquote>\n<p>&#8220;Sua compet\u00eancia e coragem sempre foram marcas de uma carreira dedicada \u00e0 verdade.\u201d<\/p>\n<\/blockquote>\n<p>Helo\u00edsa foi v\u00edtima de outros ataques anteriores, lembraram as institui\u00e7\u00f5es. Em 2022, em Nova York, foi hostilizada por um bolsonarista que gritou \u201cLixo! Lixo!\u201d durante sua transmiss\u00e3o ao vivo da Assembleia Geral da Organiza\u00e7\u00e3o das Na\u00e7\u00f5es Unidas (ONU).<\/p>\n<p>Em 2024, foi alvo de campanha de \u00f3dio e misoginia orquestrada por aliados do bolsonarismo ap\u00f3s defender a colega Juliana Dal Piva.<\/p>\n<p>\u201cRepudiamos com for\u00e7a esse novo epis\u00f3dio de viol\u00eancia contra a imprensa. Exigimos das autoridades da C\u00e2mara dos Deputados e das for\u00e7as de seguran\u00e7a a imediata identifica\u00e7\u00e3o e responsabiliza\u00e7\u00e3o da agressora.\u201d diz nota das institui\u00e7\u00f5es.<\/p>\n<p>As organiza\u00e7\u00f5es sindicais se solidarizaram com a jornalista, colocando-se \u00e0 disposi\u00e7\u00e3o de Helo\u00edsa Vilella no que for necess\u00e1rio.<\/p>\n<p>\u201cA liberdade de imprensa n\u00e3o se negocia \u2013 e jornalista agredida \u00e9 democracia ferida\u201d, destacaram o SJPDF e a FENAJ.<\/p>\n<p>\u00a0<\/p>\n<p>      <!-- Relacionada --><br \/>\n            <!-- Relacionada -->\n    <\/div>\n","protected":false},"excerpt":{"rendered":"<p>Por EBC, A Federa\u00e7\u00e3o Nacional de Jornalistas (Fenaj) e o\u00a0Sindicato de Jornalistas Profissionais do Distrito Federal (SJPDF) manifestaram rep\u00fadio \u00e0 agress\u00e3o sofrida pela rep\u00f3rter Helo\u00edsa Vilella, do ve\u00edculo ICL Not\u00edcias, no Sal\u00e3o Verde da C\u00e2mara dos Deputados, na manh\u00e3 desta quinta-feira (30). Durante uma transmiss\u00e3o ao vivo, uma militante bolsonarista interrompeu a rep\u00f3rter, \u201cdesrespeitando n\u00e3o &hellip;<\/p>\n","protected":false},"author":1,"featured_media":0,"comment_status":"open","ping_status":"open","sticky":false,"template":"","format":"standard","meta":{"_jetpack_memberships_contains_paid_content":false,"footnotes":""},"categories":[2,12225,4],"tags":[],"class_list":["post-460161","post","type-post","status-publish","format-standard","hentry","category-entretenimento","category-noticias","category-servicos"],"yoast_head":"<!-- This site is optimized with the Yoast SEO plugin v27.5 - https:\/\/yoast.com\/product\/yoast-seo-wordpress\/ -->\n<title>Institui\u00e7\u00f5es repudiam agress\u00e3o \u00e0 rep\u00f3rter Helo\u00edsa Vilella na C\u00e2mara<\/title>\n<meta name=\"robots\" content=\"index, follow, max-snippet:-1, max-image-preview:large, max-video-preview:-1\" \/>\n<link rel=\"canonical\" href=\"https:\/\/agenciabrasil.ebc.com.br\/direitos-humanos\/noticia\/2026-04\/instituicoes-repudiam-agressao-reporter-heloisa-vilella-na-camara\" \/>\n<meta property=\"og:locale\" content=\"pt_BR\" \/>\n<meta property=\"og:type\" content=\"article\" \/>\n<meta property=\"og:title\" content=\"Institui\u00e7\u00f5es repudiam agress\u00e3o \u00e0 rep\u00f3rter Helo\u00edsa Vilella na C\u00e2mara\" \/>\n<meta property=\"og:description\" content=\"Por EBC, A Federa\u00e7\u00e3o Nacional de Jornalistas (Fenaj) e o\u00a0Sindicato de Jornalistas Profissionais do Distrito Federal (SJPDF) manifestaram rep\u00fadio \u00e0 agress\u00e3o sofrida pela rep\u00f3rter Helo\u00edsa Vilella, do ve\u00edculo ICL Not\u00edcias, no Sal\u00e3o Verde da C\u00e2mara dos Deputados, na manh\u00e3 desta quinta-feira (30). Durante uma transmiss\u00e3o ao vivo, uma militante bolsonarista interrompeu a rep\u00f3rter, \u201cdesrespeitando n\u00e3o &hellip;\" \/>\n<meta property=\"og:url\" content=\"https:\/\/agenciabrasil.ebc.com.br\/direitos-humanos\/noticia\/2026-04\/instituicoes-repudiam-agressao-reporter-heloisa-vilella-na-camara\" \/>\n<meta property=\"og:site_name\" content=\"MRNews\" \/>\n<meta property=\"article:publisher\" content=\"https:\/\/www.facebook.com\/eaipahpah\/?locale2=pt_BR\" \/>\n<meta property=\"article:published_time\" content=\"2026-04-30T21:25:31+00:00\" \/>\n<meta name=\"author\" content=\"MR News\" \/>\n<meta name=\"twitter:card\" content=\"summary_large_image\" \/>\n<meta name=\"twitter:creator\" content=\"@conspirou\" \/>\n<meta name=\"twitter:site\" content=\"@conspirou\" \/>\n<meta name=\"twitter:label1\" content=\"Escrito por\" \/>\n\t<meta name=\"twitter:data1\" content=\"MR News\" \/>\n\t<meta name=\"twitter:label2\" content=\"Est. tempo de leitura\" \/>\n\t<meta name=\"twitter:data2\" content=\"1 minuto\" \/>\n<script type=\"application\/ld+json\" class=\"yoast-schema-graph\">{\"@context\":\"https:\\\/\\\/schema.org\",\"@graph\":[{\"@type\":\"Article\",\"@id\":\"https:\\\/\\\/agenciabrasil.ebc.com.br\\\/direitos-humanos\\\/noticia\\\/2026-04\\\/instituicoes-repudiam-agressao-reporter-heloisa-vilella-na-camara#article\",\"isPartOf\":{\"@id\":\"https:\\\/\\\/mrnews.com.br\\\/index.php\\\/2026\\\/04\\\/30\\\/instituicoes-repudiam-agressao-a-reporter-heloisa-vilella-na-camara\\\/\"},\"author\":{\"name\":\"MR News\",\"@id\":\"https:\\\/\\\/mrnews.com.br\\\/#\\\/schema\\\/person\\\/be3203154562a9f207407861cef7827b\"},\"headline\":\"Institui\u00e7\u00f5es repudiam agress\u00e3o \u00e0 rep\u00f3rter Helo\u00edsa Vilella na C\u00e2mara\",\"datePublished\":\"2026-04-30T21:25:31+00:00\",\"mainEntityOfPage\":{\"@id\":\"https:\\\/\\\/mrnews.com.br\\\/index.php\\\/2026\\\/04\\\/30\\\/instituicoes-repudiam-agressao-a-reporter-heloisa-vilella-na-camara\\\/\"},\"wordCount\":298,\"commentCount\":0,\"publisher\":{\"@id\":\"https:\\\/\\\/mrnews.com.br\\\/#organization\"},\"articleSection\":[\"ENTRETENIMENTO\",\"NOTICIAS\",\"SERVI\u00c7OS\"],\"inLanguage\":\"pt-BR\",\"potentialAction\":[{\"@type\":\"CommentAction\",\"name\":\"Comment\",\"target\":[\"https:\\\/\\\/agenciabrasil.ebc.com.br\\\/direitos-humanos\\\/noticia\\\/2026-04\\\/instituicoes-repudiam-agressao-reporter-heloisa-vilella-na-camara#respond\"]}]},{\"@type\":\"WebPage\",\"@id\":\"https:\\\/\\\/mrnews.com.br\\\/index.php\\\/2026\\\/04\\\/30\\\/instituicoes-repudiam-agressao-a-reporter-heloisa-vilella-na-camara\\\/\",\"url\":\"https:\\\/\\\/agenciabrasil.ebc.com.br\\\/direitos-humanos\\\/noticia\\\/2026-04\\\/instituicoes-repudiam-agressao-reporter-heloisa-vilella-na-camara\",\"name\":\"Institui\u00e7\u00f5es repudiam agress\u00e3o \u00e0 rep\u00f3rter Helo\u00edsa Vilella na C\u00e2mara\",\"isPartOf\":{\"@id\":\"https:\\\/\\\/mrnews.com.br\\\/#website\"},\"datePublished\":\"2026-04-30T21:25:31+00:00\",\"breadcrumb\":{\"@id\":\"https:\\\/\\\/agenciabrasil.ebc.com.br\\\/direitos-humanos\\\/noticia\\\/2026-04\\\/instituicoes-repudiam-agressao-reporter-heloisa-vilella-na-camara#breadcrumb\"},\"inLanguage\":\"pt-BR\",\"potentialAction\":[{\"@type\":\"ReadAction\",\"target\":[\"https:\\\/\\\/agenciabrasil.ebc.com.br\\\/direitos-humanos\\\/noticia\\\/2026-04\\\/instituicoes-repudiam-agressao-reporter-heloisa-vilella-na-camara\"]}]},{\"@type\":\"BreadcrumbList\",\"@id\":\"https:\\\/\\\/agenciabrasil.ebc.com.br\\\/direitos-humanos\\\/noticia\\\/2026-04\\\/instituicoes-repudiam-agressao-reporter-heloisa-vilella-na-camara#breadcrumb\",\"itemListElement\":[{\"@type\":\"ListItem\",\"position\":1,\"name\":\"In\u00edcio\",\"item\":\"https:\\\/\\\/mrnews.com.br\\\/\"},{\"@type\":\"ListItem\",\"position\":2,\"name\":\"Institui\u00e7\u00f5es repudiam agress\u00e3o \u00e0 rep\u00f3rter Helo\u00edsa Vilella na C\u00e2mara\"}]},{\"@type\":\"WebSite\",\"@id\":\"https:\\\/\\\/mrnews.com.br\\\/#website\",\"url\":\"https:\\\/\\\/mrnews.com.br\\\/\",\"name\":\"MRNews\",\"description\":\"MRNews Jogos de hoje da TV, transmiss\u00f5es ao vivo, Not\u00edcias de futebol, Jogos ao vivo, Lives, resumo de novelas, Programa\u00e7\u00e3o da Globo, A Fazenda e BBB\",\"publisher\":{\"@id\":\"https:\\\/\\\/mrnews.com.br\\\/#organization\"},\"potentialAction\":[{\"@type\":\"SearchAction\",\"target\":{\"@type\":\"EntryPoint\",\"urlTemplate\":\"https:\\\/\\\/mrnews.com.br\\\/?s={search_term_string}\"},\"query-input\":{\"@type\":\"PropertyValueSpecification\",\"valueRequired\":true,\"valueName\":\"search_term_string\"}}],\"inLanguage\":\"pt-BR\"},{\"@type\":\"Organization\",\"@id\":\"https:\\\/\\\/mrnews.com.br\\\/#organization\",\"name\":\"MRNews\",\"url\":\"https:\\\/\\\/mrnews.com.br\\\/\",\"logo\":{\"@type\":\"ImageObject\",\"inLanguage\":\"pt-BR\",\"@id\":\"https:\\\/\\\/mrnews.com.br\\\/#\\\/schema\\\/logo\\\/image\\\/\",\"url\":\"https:\\\/\\\/mrnews.com.br\\\/wp-content\\\/uploads\\\/2019\\\/06\\\/MRNewslogo2.png\",\"contentUrl\":\"https:\\\/\\\/mrnews.com.br\\\/wp-content\\\/uploads\\\/2019\\\/06\\\/MRNewslogo2.png\",\"width\":223,\"height\":58,\"caption\":\"MRNews\"},\"image\":{\"@id\":\"https:\\\/\\\/mrnews.com.br\\\/#\\\/schema\\\/logo\\\/image\\\/\"},\"sameAs\":[\"https:\\\/\\\/www.facebook.com\\\/eaipahpah\\\/?locale2=pt_BR\",\"https:\\\/\\\/x.com\\\/conspirou\",\"https:\\\/\\\/www.instagram.com\\\/eai_pahpah\",\"https:\\\/\\\/br.pinterest.com\\\/mrnewsn\\\/boards\\\/\",\"https:\\\/\\\/www.youtube.com\\\/channel\\\/UCacgnpznQ61fifLWr1tQ-vA?view_as=subscriber\"]},{\"@type\":\"Person\",\"@id\":\"https:\\\/\\\/mrnews.com.br\\\/#\\\/schema\\\/person\\\/be3203154562a9f207407861cef7827b\",\"name\":\"MR News\",\"image\":{\"@type\":\"ImageObject\",\"inLanguage\":\"pt-BR\",\"@id\":\"https:\\\/\\\/secure.gravatar.com\\\/avatar\\\/04084e6d73c042b8646e7c17b494073bf0ede3ea13c7105cfc45cbbbc28385a4?s=96&d=monsterid&r=g\",\"url\":\"https:\\\/\\\/secure.gravatar.com\\\/avatar\\\/04084e6d73c042b8646e7c17b494073bf0ede3ea13c7105cfc45cbbbc28385a4?s=96&d=monsterid&r=g\",\"contentUrl\":\"https:\\\/\\\/secure.gravatar.com\\\/avatar\\\/04084e6d73c042b8646e7c17b494073bf0ede3ea13c7105cfc45cbbbc28385a4?s=96&d=monsterid&r=g\",\"caption\":\"MR News\"},\"description\":\"Especializado em jornalismo colaborativo pela FTP em n\u00edvel de p\u00f3s-gradua\u00e7\u00e3o. suporte@oimeliga.combr\",\"sameAs\":[\"HUGO R.\",\"Admin\"],\"url\":\"https:\\\/\\\/mrnews.com.br\\\/index.php\\\/author\\\/admin\\\/\"}]}<\/script>\n<!-- \/ Yoast SEO plugin. -->","yoast_head_json":{"title":"Institui\u00e7\u00f5es repudiam agress\u00e3o \u00e0 rep\u00f3rter Helo\u00edsa Vilella na C\u00e2mara","robots":{"index":"index","follow":"follow","max-snippet":"max-snippet:-1","max-image-preview":"max-image-preview:large","max-video-preview":"max-video-preview:-1"},"canonical":"https:\/\/agenciabrasil.ebc.com.br\/direitos-humanos\/noticia\/2026-04\/instituicoes-repudiam-agressao-reporter-heloisa-vilella-na-camara","og_locale":"pt_BR","og_type":"article","og_title":"Institui\u00e7\u00f5es repudiam agress\u00e3o \u00e0 rep\u00f3rter Helo\u00edsa Vilella na C\u00e2mara","og_description":"Por EBC, A Federa\u00e7\u00e3o Nacional de Jornalistas (Fenaj) e o\u00a0Sindicato de Jornalistas Profissionais do Distrito Federal (SJPDF) manifestaram rep\u00fadio \u00e0 agress\u00e3o sofrida pela rep\u00f3rter Helo\u00edsa Vilella, do ve\u00edculo ICL Not\u00edcias, no Sal\u00e3o Verde da C\u00e2mara dos Deputados, na manh\u00e3 desta quinta-feira (30). Durante uma transmiss\u00e3o ao vivo, uma militante bolsonarista interrompeu a rep\u00f3rter, \u201cdesrespeitando n\u00e3o &hellip;","og_url":"https:\/\/agenciabrasil.ebc.com.br\/direitos-humanos\/noticia\/2026-04\/instituicoes-repudiam-agressao-reporter-heloisa-vilella-na-camara","og_site_name":"MRNews","article_publisher":"https:\/\/www.facebook.com\/eaipahpah\/?locale2=pt_BR","article_published_time":"2026-04-30T21:25:31+00:00","author":"MR News","twitter_card":"summary_large_image","twitter_creator":"@conspirou","twitter_site":"@conspirou","twitter_misc":{"Escrito por":"MR News","Est. tempo de leitura":"1 minuto"},"schema":{"@context":"https:\/\/schema.org","@graph":[{"@type":"Article","@id":"https:\/\/agenciabrasil.ebc.com.br\/direitos-humanos\/noticia\/2026-04\/instituicoes-repudiam-agressao-reporter-heloisa-vilella-na-camara#article","isPartOf":{"@id":"https:\/\/mrnews.com.br\/index.php\/2026\/04\/30\/instituicoes-repudiam-agressao-a-reporter-heloisa-vilella-na-camara\/"},"author":{"name":"MR News","@id":"https:\/\/mrnews.com.br\/#\/schema\/person\/be3203154562a9f207407861cef7827b"},"headline":"Institui\u00e7\u00f5es repudiam agress\u00e3o \u00e0 rep\u00f3rter Helo\u00edsa Vilella na C\u00e2mara","datePublished":"2026-04-30T21:25:31+00:00","mainEntityOfPage":{"@id":"https:\/\/mrnews.com.br\/index.php\/2026\/04\/30\/instituicoes-repudiam-agressao-a-reporter-heloisa-vilella-na-camara\/"},"wordCount":298,"commentCount":0,"publisher":{"@id":"https:\/\/mrnews.com.br\/#organization"},"articleSection":["ENTRETENIMENTO","NOTICIAS","SERVI\u00c7OS"],"inLanguage":"pt-BR","potentialAction":[{"@type":"CommentAction","name":"Comment","target":["https:\/\/agenciabrasil.ebc.com.br\/direitos-humanos\/noticia\/2026-04\/instituicoes-repudiam-agressao-reporter-heloisa-vilella-na-camara#respond"]}]},{"@type":"WebPage","@id":"https:\/\/mrnews.com.br\/index.php\/2026\/04\/30\/instituicoes-repudiam-agressao-a-reporter-heloisa-vilella-na-camara\/","url":"https:\/\/agenciabrasil.ebc.com.br\/direitos-humanos\/noticia\/2026-04\/instituicoes-repudiam-agressao-reporter-heloisa-vilella-na-camara","name":"Institui\u00e7\u00f5es repudiam agress\u00e3o \u00e0 rep\u00f3rter Helo\u00edsa Vilella na C\u00e2mara","isPartOf":{"@id":"https:\/\/mrnews.com.br\/#website"},"datePublished":"2026-04-30T21:25:31+00:00","breadcrumb":{"@id":"https:\/\/agenciabrasil.ebc.com.br\/direitos-humanos\/noticia\/2026-04\/instituicoes-repudiam-agressao-reporter-heloisa-vilella-na-camara#breadcrumb"},"inLanguage":"pt-BR","potentialAction":[{"@type":"ReadAction","target":["https:\/\/agenciabrasil.ebc.com.br\/direitos-humanos\/noticia\/2026-04\/instituicoes-repudiam-agressao-reporter-heloisa-vilella-na-camara"]}]},{"@type":"BreadcrumbList","@id":"https:\/\/agenciabrasil.ebc.com.br\/direitos-humanos\/noticia\/2026-04\/instituicoes-repudiam-agressao-reporter-heloisa-vilella-na-camara#breadcrumb","itemListElement":[{"@type":"ListItem","position":1,"name":"In\u00edcio","item":"https:\/\/mrnews.com.br\/"},{"@type":"ListItem","position":2,"name":"Institui\u00e7\u00f5es repudiam agress\u00e3o \u00e0 rep\u00f3rter Helo\u00edsa Vilella na C\u00e2mara"}]},{"@type":"WebSite","@id":"https:\/\/mrnews.com.br\/#website","url":"https:\/\/mrnews.com.br\/","name":"MRNews","description":"MRNews Jogos de hoje da TV, transmiss\u00f5es ao vivo, Not\u00edcias de futebol, Jogos ao vivo, Lives, resumo de novelas, Programa\u00e7\u00e3o da Globo, A Fazenda e BBB","publisher":{"@id":"https:\/\/mrnews.com.br\/#organization"},"potentialAction":[{"@type":"SearchAction","target":{"@type":"EntryPoint","urlTemplate":"https:\/\/mrnews.com.br\/?s={search_term_string}"},"query-input":{"@type":"PropertyValueSpecification","valueRequired":true,"valueName":"search_term_string"}}],"inLanguage":"pt-BR"},{"@type":"Organization","@id":"https:\/\/mrnews.com.br\/#organization","name":"MRNews","url":"https:\/\/mrnews.com.br\/","logo":{"@type":"ImageObject","inLanguage":"pt-BR","@id":"https:\/\/mrnews.com.br\/#\/schema\/logo\/image\/","url":"https:\/\/mrnews.com.br\/wp-content\/uploads\/2019\/06\/MRNewslogo2.png","contentUrl":"https:\/\/mrnews.com.br\/wp-content\/uploads\/2019\/06\/MRNewslogo2.png","width":223,"height":58,"caption":"MRNews"},"image":{"@id":"https:\/\/mrnews.com.br\/#\/schema\/logo\/image\/"},"sameAs":["https:\/\/www.facebook.com\/eaipahpah\/?locale2=pt_BR","https:\/\/x.com\/conspirou","https:\/\/www.instagram.com\/eai_pahpah","https:\/\/br.pinterest.com\/mrnewsn\/boards\/","https:\/\/www.youtube.com\/channel\/UCacgnpznQ61fifLWr1tQ-vA?view_as=subscriber"]},{"@type":"Person","@id":"https:\/\/mrnews.com.br\/#\/schema\/person\/be3203154562a9f207407861cef7827b","name":"MR News","image":{"@type":"ImageObject","inLanguage":"pt-BR","@id":"https:\/\/secure.gravatar.com\/avatar\/04084e6d73c042b8646e7c17b494073bf0ede3ea13c7105cfc45cbbbc28385a4?s=96&d=monsterid&r=g","url":"https:\/\/secure.gravatar.com\/avatar\/04084e6d73c042b8646e7c17b494073bf0ede3ea13c7105cfc45cbbbc28385a4?s=96&d=monsterid&r=g","contentUrl":"https:\/\/secure.gravatar.com\/avatar\/04084e6d73c042b8646e7c17b494073bf0ede3ea13c7105cfc45cbbbc28385a4?s=96&d=monsterid&r=g","caption":"MR News"},"description":"Especializado em jornalismo colaborativo pela FTP em n\u00edvel de p\u00f3s-gradua\u00e7\u00e3o. suporte@oimeliga.combr","sameAs":["HUGO R.","Admin"],"url":"https:\/\/mrnews.com.br\/index.php\/author\/admin\/"}]}},"jetpack_featured_media_url":"","jetpack_sharing_enabled":true,"jetpack_shortlink":"https:\/\/wp.me\/pa2Qf7-1VHX","amp_enabled":true,"_links":{"self":[{"href":"https:\/\/mrnews.com.br\/index.php\/wp-json\/wp\/v2\/posts\/460161","targetHints":{"allow":["GET"]}}],"collection":[{"href":"https:\/\/mrnews.com.br\/index.php\/wp-json\/wp\/v2\/posts"}],"about":[{"href":"https:\/\/mrnews.com.br\/index.php\/wp-json\/wp\/v2\/types\/post"}],"author":[{"embeddable":true,"href":"https:\/\/mrnews.com.br\/index.php\/wp-json\/wp\/v2\/users\/1"}],"replies":[{"embeddable":true,"href":"https:\/\/mrnews.com.br\/index.php\/wp-json\/wp\/v2\/comments?post=460161"}],"version-history":[{"count":0,"href":"https:\/\/mrnews.com.br\/index.php\/wp-json\/wp\/v2\/posts\/460161\/revisions"}],"wp:attachment":[{"href":"https:\/\/mrnews.com.br\/index.php\/wp-json\/wp\/v2\/media?parent=460161"}],"wp:term":[{"taxonomy":"category","embeddable":true,"href":"https:\/\/mrnews.com.br\/index.php\/wp-json\/wp\/v2\/categories?post=460161"},{"taxonomy":"post_tag","embeddable":true,"href":"https:\/\/mrnews.com.br\/index.php\/wp-json\/wp\/v2\/tags?post=460161"}],"curies":[{"name":"wp","href":"https:\/\/api.w.org\/{rel}","templated":true}]}}