{"id":460182,"date":"2026-05-01T09:06:32","date_gmt":"2026-05-01T12:06:32","guid":{"rendered":"https:\/\/mrnews.com.br\/index.php\/2026\/05\/01\/com-fim-da-escala-6x1-mulher-tem-mais-acesso-a-trabalho-diz-ministra\/"},"modified":"2026-05-01T09:06:32","modified_gmt":"2026-05-01T12:06:32","slug":"com-fim-da-escala-6x1-mulher-tem-mais-acesso-a-trabalho-diz-ministra","status":"publish","type":"post","link":"https:\/\/mrnews.com.br\/index.php\/2026\/05\/01\/com-fim-da-escala-6x1-mulher-tem-mais-acesso-a-trabalho-diz-ministra\/","title":{"rendered":"Com fim da escala 6&#215;1, mulher tem mais acesso a trabalho, diz ministra"},"content":{"rendered":"<p>Por EBC, <\/p>\n<div>\n<p><strong>A ministra das Mulheres, M\u00e1rcia Lopes, considera que o fim da escala de trabalho de apenas uma folga na semana, chamada de 6&#215;1, \u00e9 uma \u201cexig\u00eancia do nosso tempo\u201d e que vai permitir que as mulheres tenham mais acesso ao mercado de trabalho.<\/strong><\/p>\n<blockquote>\n<p>\u201cElas v\u00e3o cuidar melhor da sa\u00fade, das rela\u00e7\u00f5es familiares, territoriais. Eu n\u00e3o tenho d\u00favida que \u00e9 uma exig\u00eancia do nosso tempo o fim da escala 6&#215;1\u201d, disse.<\/p>\n<\/blockquote>\n<p><strong>O fim da escala 6&#215;1 \u00e9 a principal bandeira a ser ostentada pelas manifesta\u00e7\u00f5es de trabalhadores neste feriado de 1\u00ba de Maio.\u00a0<\/strong><\/p>\n<p>M\u00e1rcia Lopes conversou com exclusividade com a <strong>Ag\u00eancia Brasil<\/strong>, na \u00faltima quarta-feira (29), ap\u00f3s participar de um evento na sede do Banco Nacional de Desenvolvimento Econ\u00f4mico e Social (BNDES), no Rio de Janeiro.<\/p>\n<p>Os coment\u00e1rios sobre a mudan\u00e7a na jornada de trabalho acontecem no momento em que o Congresso Nacional analisa o Projeto de Lei (PL) 1838\/2026, de iniciativa do governo federal, que reduz o limite m\u00e1ximo da jornada de trabalho de 44 para 40 horas semanais, garantindo dois dias de descanso remunerado semanal sem redu\u00e7\u00e3o salarial.\u00a0<\/p>\n<p><strong>O governo Lula pediu regime de urg\u00eancia na tramita\u00e7\u00e3o do PL, que at\u00e9 a tarde de quinta-feira (30) ainda aguardava despacho do presidente da C\u00e2mara dos Deputados, Hugo Motta (Republicanos-PB), para ser analisado pela Casa.<\/strong><\/p>\n<p>Tramitam ainda na C\u00e2mara duas Propostas de Emenda \u00e0 Constitui\u00e7\u00e3o (PEC), PEC 221\/19 e PEC 8\/25, que tamb\u00e9m tratam do fim da escala 6&#215;1. Na \u00faltima quarta-feira (29) a Casa legislativa instaurou uma comiss\u00e3o especial para analisar as mat\u00e9rias.\u00a0<\/p>\n<h2>Prejudicadas pela 6&#215;1<\/h2>\n<p><strong>Ao defender a vis\u00e3o favor\u00e1vel ao fim da escala 6&#215;1, a ministra M\u00e1rcia Lopes \u00e9 categ\u00f3rica ao afirmar que as mulheres s\u00e3o as principais prejudicadas pela escala atual de trabalho.<\/strong><\/p>\n<blockquote>\n<p>\u201cN\u00e3o h\u00e1 d\u00favida disso\u201d, afirma.<\/p>\n<\/blockquote>\n<p>A ministra aponta que as mulheres sempre se sentiram sobrecarregadas, entre outros motivos, pela caracter\u00edstica \u201cmachista\u201d da sociedade.<\/p>\n<blockquote>\n<p>\u201c\u00c0s mulheres, historicamente, foi imputado a elas, dupla, tripla jornadas de trabalho. A elas sempre coube, al\u00e9m do trabalho remunerado, uma grande parte do seu tempo com trabalho n\u00e3o remunerado\u201d, explica.<\/p>\n<\/blockquote>\n<p><strong>\u201cQuando elas terminam uma etapa do dia de trabalho, apesar do cansa\u00e7o, elas d\u00e3o in\u00edcio a outras etapas, seja estudando, cuidando das suas casas, dos filhos, dos afazeres\u201d, completa.<\/strong><\/p>\n<p>Mais do que colaborar para combater a sobrecarga de trabalho das mulheres, M\u00e1rcia Lopes acredita que o fim da escala 6&#215;1 \u00e9 uma forma de melhorar a empregabilidade das mulheres e reduzir a desigualdade de g\u00eanero no mundo do trabalho.<\/p>\n<blockquote>\n<p>\u201cAo alcan\u00e7ar o fim da escala 6&#215;1 e trabalhar pela igualdade salarial, as mulheres v\u00e3o tendo muito mais chance de acessar o trabalho e de conquistar espa\u00e7os e condi\u00e7\u00f5es de trabalho melhores\u201d, diz ela, enfatizando entre as beneficiadas as mulheres perif\u00e9ricas e negras.<\/p>\n<\/blockquote>\n<h2>Desigualdade salarial<\/h2>\n<p>Dados do 5\u00ba Relat\u00f3rio de Transpar\u00eancia Salarial e de Crit\u00e9rios Remunerat\u00f3rios, divulgado pelo Minist\u00e9rio do Trabalho e Emprego, na \u00faltima segunda-feira (27), revelou que as brasileiras recebem, em m\u00e9dia, 21,3% a menos que os homens no setor privado com 100 ou mais empregados. Ou seja, para cada R$ 1000 de sal\u00e1rio de um homem, a mulher recebe R$ 787.<\/p>\n<p><strong>A Lei n\u00ba 14.611, de julho de 2023, refor\u00e7a a igualdade salarial entre homens e mulheres para mesma fun\u00e7\u00e3o. Empresas com 100 ou mais empregados devem adotar medidas para garantir essa igualdade, incluindo a divulga\u00e7\u00e3o dos sal\u00e1rios.<\/strong><\/p>\n<h2>Reflexos positivos<\/h2>\n<p>Para a ministra das Mulheres, o fim da escala de apenas um dia de descanso na semana resultar\u00e1 em efeitos positivos para as pr\u00f3prias empresas, como a redu\u00e7\u00e3o do absente\u00edsmo (faltas, atrasos e sa\u00eddas antecipadas), e para a economia do pa\u00eds.<\/p>\n<blockquote>\n<p>\u201cTraz muito mais dignidade, traz tempo livre que ser\u00e1 utilizado para, inclusive, ir ao cinema, visitar museu, poder se alimentar melhor, organizar a sua comunidade, o seu territ\u00f3rio, de poder empreender\u201d, lista.<\/p>\n<\/blockquote>\n<h2>Estudos sobre impacto<\/h2>\n<p>Diversos estudos\u00a0tentam estimar os efeitos da redu\u00e7\u00e3o de jornada de trabalho no pa\u00eds. A Confedera\u00e7\u00e3o Nacional da Ind\u00fastria (CNI) aponta preju\u00edzo para a competitividade do setor e calcula uma perda de R$ 76 bilh\u00f5es no Produto Interno Bruto (PIB, conjunto de bens e servi\u00e7os produzidos no pa\u00eds e altas nos pre\u00e7os de 6,2%, em m\u00e9dia.\u00a0<\/p>\n<p>A Confedera\u00e7\u00e3o Nacional do Com\u00e9rcio de Bens, Servi\u00e7os e Turismo (CNC) assinala que a redu\u00e7\u00e3o da jornada aumentaria os custos sobre a folha salarial em 21% e press\u00e3o inflacion\u00e1ria, com o repasse de pre\u00e7os ao consumidor chegando a 13%.\u00a0<\/p>\n<p>Um levantamento do Instituto de Pesquisa Econ\u00f4mica Aplicada (Ipea), institui\u00e7\u00e3o do Minist\u00e9rio do Planejamento e Or\u00e7amento, defende que os custos de uma eventual redu\u00e7\u00e3o da jornada para 40 horas semanais seriam similares aos impactos observados em reajustes hist\u00f3ricos do sal\u00e1rio m\u00ednimo, o que indica uma capacidade de absor\u00e7\u00e3o da medida pelo mercado de trabalho.\u00a0<\/p>\n<h2>Press\u00e3o popular<\/h2>\n<p>A ministra M\u00e1rcia Lopes, que tamb\u00e9m preside o Conselho Nacional de Direito da Mulher \u2013 f\u00f3rum que leva a participa\u00e7\u00e3o da sociedade civil para dentro do governo \u2013 relatou \u00e0 <strong>Ag\u00eancia Brasil <\/strong>que grupos de mulheres j\u00e1 buscaram articula\u00e7\u00e3o com os presidentes Hugo Motta,\u00a0da C\u00e2mara, e Davi Alcolumbre,\u00a0do Senado,\u00a0para pressionar pela aprova\u00e7\u00e3o do fim da escala 6&#215;1.\u201c<\/p>\n<blockquote>\n<p>As mulheres s\u00e3o fortes, s\u00e3o mobilizadas e j\u00e1 est\u00e3o fazendo isso\u201d, disse.<\/p>\n<\/blockquote>\n<p>\u201cClaro que tem posicionamentos contr\u00e1rios, isso faz parte da democracia, mas eu tenho impress\u00e3o que, muito em breve, vamos conquistar mais esse direito no Brasil\u201d, conclui.<\/p>\n<p><strong>As declara\u00e7\u00f5es da ministra foram depois da participa\u00e7\u00e3o em um evento, no qual o BNDES anunciou R$ 80 milh\u00f5es para iniciativas que beneficiam mulheres empreendedoras e o \u201ctrabalho do cuidado\u201d nas periferias.<\/strong><\/p>\n<p>S\u00e3o exemplos de iniciativas de cuidado as cozinhas comunit\u00e1rias, lavanderias p\u00fablicas e cuidadotecas.<\/p>\n<p><strong>Para a diretora Socioambiental do BNDES, Tereza Campello, que tamb\u00e9m esteve no encontro, o fim da escala 6&#215;1 \u00e9 intimamente ligado \u00e0 melhoria da condi\u00e7\u00e3o de vida das mulheres.<\/strong><\/p>\n<blockquote>\n<p>\u201cA luta para que a gente mude essa situa\u00e7\u00e3o da escala 6&#215;1 \u00e9 exatamente ter direito a se cuidar, ter direito ao fim de semana, ao autocuidado\u201d, disse.<\/p>\n<\/blockquote>\n<p>\u00a0<\/p>\n<p>      <!-- Relacionada --><\/p>\n<p>            <!-- Relacionada -->\n    <\/div>\n","protected":false},"excerpt":{"rendered":"<p>Por EBC, A ministra das Mulheres, M\u00e1rcia Lopes, considera que o fim da escala de trabalho de apenas uma folga na semana, chamada de 6&#215;1, \u00e9 uma \u201cexig\u00eancia do nosso tempo\u201d e que vai permitir que as mulheres tenham mais acesso ao mercado de trabalho. \u201cElas v\u00e3o cuidar melhor da sa\u00fade, das rela\u00e7\u00f5es familiares, territoriais. &hellip;<\/p>\n","protected":false},"author":1,"featured_media":0,"comment_status":"open","ping_status":"open","sticky":false,"template":"","format":"standard","meta":{"_jetpack_memberships_contains_paid_content":false,"footnotes":""},"categories":[2,12225,4],"tags":[],"class_list":["post-460182","post","type-post","status-publish","format-standard","hentry","category-entretenimento","category-noticias","category-servicos"],"yoast_head":"<!-- This site is optimized with the Yoast SEO plugin v27.5 - https:\/\/yoast.com\/product\/yoast-seo-wordpress\/ -->\n<title>Com fim da escala 6x1, mulher tem mais acesso a trabalho, diz ministra<\/title>\n<meta name=\"robots\" content=\"index, follow, max-snippet:-1, max-image-preview:large, max-video-preview:-1\" \/>\n<link rel=\"canonical\" href=\"https:\/\/agenciabrasil.ebc.com.br\/economia\/noticia\/2026-04\/com-fim-da-escala-6x1-mulher-tem-mais-acesso-trabalho-diz-ministra\" \/>\n<meta property=\"og:locale\" content=\"pt_BR\" \/>\n<meta property=\"og:type\" content=\"article\" \/>\n<meta property=\"og:title\" content=\"Com fim da escala 6x1, mulher tem mais acesso a trabalho, diz ministra\" \/>\n<meta property=\"og:description\" content=\"Por EBC, A ministra das Mulheres, M\u00e1rcia Lopes, considera que o fim da escala de trabalho de apenas uma folga na semana, chamada de 6&#215;1, \u00e9 uma \u201cexig\u00eancia do nosso tempo\u201d e que vai permitir que as mulheres tenham mais acesso ao mercado de trabalho. \u201cElas v\u00e3o cuidar melhor da sa\u00fade, das rela\u00e7\u00f5es familiares, territoriais. &hellip;\" \/>\n<meta property=\"og:url\" content=\"https:\/\/agenciabrasil.ebc.com.br\/economia\/noticia\/2026-04\/com-fim-da-escala-6x1-mulher-tem-mais-acesso-trabalho-diz-ministra\" \/>\n<meta property=\"og:site_name\" content=\"MRNews\" \/>\n<meta property=\"article:publisher\" content=\"https:\/\/www.facebook.com\/eaipahpah\/?locale2=pt_BR\" \/>\n<meta property=\"article:published_time\" content=\"2026-05-01T12:06:32+00:00\" \/>\n<meta name=\"author\" content=\"MR News\" \/>\n<meta name=\"twitter:card\" content=\"summary_large_image\" \/>\n<meta name=\"twitter:creator\" content=\"@conspirou\" \/>\n<meta name=\"twitter:site\" content=\"@conspirou\" \/>\n<meta name=\"twitter:label1\" content=\"Escrito por\" \/>\n\t<meta name=\"twitter:data1\" content=\"MR News\" \/>\n\t<meta name=\"twitter:label2\" content=\"Est. tempo de leitura\" \/>\n\t<meta name=\"twitter:data2\" content=\"5 minutos\" \/>\n<script type=\"application\/ld+json\" class=\"yoast-schema-graph\">{\"@context\":\"https:\\\/\\\/schema.org\",\"@graph\":[{\"@type\":\"Article\",\"@id\":\"https:\\\/\\\/agenciabrasil.ebc.com.br\\\/economia\\\/noticia\\\/2026-04\\\/com-fim-da-escala-6x1-mulher-tem-mais-acesso-trabalho-diz-ministra#article\",\"isPartOf\":{\"@id\":\"https:\\\/\\\/mrnews.com.br\\\/index.php\\\/2026\\\/05\\\/01\\\/com-fim-da-escala-6x1-mulher-tem-mais-acesso-a-trabalho-diz-ministra\\\/\"},\"author\":{\"name\":\"MR News\",\"@id\":\"https:\\\/\\\/mrnews.com.br\\\/#\\\/schema\\\/person\\\/be3203154562a9f207407861cef7827b\"},\"headline\":\"Com fim da escala 6&#215;1, mulher tem mais acesso a trabalho, diz ministra\",\"datePublished\":\"2026-05-01T12:06:32+00:00\",\"mainEntityOfPage\":{\"@id\":\"https:\\\/\\\/mrnews.com.br\\\/index.php\\\/2026\\\/05\\\/01\\\/com-fim-da-escala-6x1-mulher-tem-mais-acesso-a-trabalho-diz-ministra\\\/\"},\"wordCount\":1069,\"commentCount\":0,\"publisher\":{\"@id\":\"https:\\\/\\\/mrnews.com.br\\\/#organization\"},\"articleSection\":[\"ENTRETENIMENTO\",\"NOTICIAS\",\"SERVI\u00c7OS\"],\"inLanguage\":\"pt-BR\",\"potentialAction\":[{\"@type\":\"CommentAction\",\"name\":\"Comment\",\"target\":[\"https:\\\/\\\/agenciabrasil.ebc.com.br\\\/economia\\\/noticia\\\/2026-04\\\/com-fim-da-escala-6x1-mulher-tem-mais-acesso-trabalho-diz-ministra#respond\"]}]},{\"@type\":\"WebPage\",\"@id\":\"https:\\\/\\\/mrnews.com.br\\\/index.php\\\/2026\\\/05\\\/01\\\/com-fim-da-escala-6x1-mulher-tem-mais-acesso-a-trabalho-diz-ministra\\\/\",\"url\":\"https:\\\/\\\/agenciabrasil.ebc.com.br\\\/economia\\\/noticia\\\/2026-04\\\/com-fim-da-escala-6x1-mulher-tem-mais-acesso-trabalho-diz-ministra\",\"name\":\"Com fim da escala 6x1, mulher tem mais acesso a trabalho, diz ministra\",\"isPartOf\":{\"@id\":\"https:\\\/\\\/mrnews.com.br\\\/#website\"},\"datePublished\":\"2026-05-01T12:06:32+00:00\",\"breadcrumb\":{\"@id\":\"https:\\\/\\\/agenciabrasil.ebc.com.br\\\/economia\\\/noticia\\\/2026-04\\\/com-fim-da-escala-6x1-mulher-tem-mais-acesso-trabalho-diz-ministra#breadcrumb\"},\"inLanguage\":\"pt-BR\",\"potentialAction\":[{\"@type\":\"ReadAction\",\"target\":[\"https:\\\/\\\/agenciabrasil.ebc.com.br\\\/economia\\\/noticia\\\/2026-04\\\/com-fim-da-escala-6x1-mulher-tem-mais-acesso-trabalho-diz-ministra\"]}]},{\"@type\":\"BreadcrumbList\",\"@id\":\"https:\\\/\\\/agenciabrasil.ebc.com.br\\\/economia\\\/noticia\\\/2026-04\\\/com-fim-da-escala-6x1-mulher-tem-mais-acesso-trabalho-diz-ministra#breadcrumb\",\"itemListElement\":[{\"@type\":\"ListItem\",\"position\":1,\"name\":\"In\u00edcio\",\"item\":\"https:\\\/\\\/mrnews.com.br\\\/\"},{\"@type\":\"ListItem\",\"position\":2,\"name\":\"Com fim da escala 6&#215;1, mulher tem mais acesso a trabalho, diz ministra\"}]},{\"@type\":\"WebSite\",\"@id\":\"https:\\\/\\\/mrnews.com.br\\\/#website\",\"url\":\"https:\\\/\\\/mrnews.com.br\\\/\",\"name\":\"MRNews\",\"description\":\"MRNews Jogos de hoje da TV, transmiss\u00f5es ao vivo, Not\u00edcias de futebol, Jogos ao vivo, Lives, resumo de novelas, Programa\u00e7\u00e3o da Globo, A Fazenda e BBB\",\"publisher\":{\"@id\":\"https:\\\/\\\/mrnews.com.br\\\/#organization\"},\"potentialAction\":[{\"@type\":\"SearchAction\",\"target\":{\"@type\":\"EntryPoint\",\"urlTemplate\":\"https:\\\/\\\/mrnews.com.br\\\/?s={search_term_string}\"},\"query-input\":{\"@type\":\"PropertyValueSpecification\",\"valueRequired\":true,\"valueName\":\"search_term_string\"}}],\"inLanguage\":\"pt-BR\"},{\"@type\":\"Organization\",\"@id\":\"https:\\\/\\\/mrnews.com.br\\\/#organization\",\"name\":\"MRNews\",\"url\":\"https:\\\/\\\/mrnews.com.br\\\/\",\"logo\":{\"@type\":\"ImageObject\",\"inLanguage\":\"pt-BR\",\"@id\":\"https:\\\/\\\/mrnews.com.br\\\/#\\\/schema\\\/logo\\\/image\\\/\",\"url\":\"https:\\\/\\\/mrnews.com.br\\\/wp-content\\\/uploads\\\/2019\\\/06\\\/MRNewslogo2.png\",\"contentUrl\":\"https:\\\/\\\/mrnews.com.br\\\/wp-content\\\/uploads\\\/2019\\\/06\\\/MRNewslogo2.png\",\"width\":223,\"height\":58,\"caption\":\"MRNews\"},\"image\":{\"@id\":\"https:\\\/\\\/mrnews.com.br\\\/#\\\/schema\\\/logo\\\/image\\\/\"},\"sameAs\":[\"https:\\\/\\\/www.facebook.com\\\/eaipahpah\\\/?locale2=pt_BR\",\"https:\\\/\\\/x.com\\\/conspirou\",\"https:\\\/\\\/www.instagram.com\\\/eai_pahpah\",\"https:\\\/\\\/br.pinterest.com\\\/mrnewsn\\\/boards\\\/\",\"https:\\\/\\\/www.youtube.com\\\/channel\\\/UCacgnpznQ61fifLWr1tQ-vA?view_as=subscriber\"]},{\"@type\":\"Person\",\"@id\":\"https:\\\/\\\/mrnews.com.br\\\/#\\\/schema\\\/person\\\/be3203154562a9f207407861cef7827b\",\"name\":\"MR News\",\"image\":{\"@type\":\"ImageObject\",\"inLanguage\":\"pt-BR\",\"@id\":\"https:\\\/\\\/secure.gravatar.com\\\/avatar\\\/04084e6d73c042b8646e7c17b494073bf0ede3ea13c7105cfc45cbbbc28385a4?s=96&d=monsterid&r=g\",\"url\":\"https:\\\/\\\/secure.gravatar.com\\\/avatar\\\/04084e6d73c042b8646e7c17b494073bf0ede3ea13c7105cfc45cbbbc28385a4?s=96&d=monsterid&r=g\",\"contentUrl\":\"https:\\\/\\\/secure.gravatar.com\\\/avatar\\\/04084e6d73c042b8646e7c17b494073bf0ede3ea13c7105cfc45cbbbc28385a4?s=96&d=monsterid&r=g\",\"caption\":\"MR News\"},\"description\":\"Especializado em jornalismo colaborativo pela FTP em n\u00edvel de p\u00f3s-gradua\u00e7\u00e3o. suporte@oimeliga.combr\",\"sameAs\":[\"HUGO R.\",\"Admin\"],\"url\":\"https:\\\/\\\/mrnews.com.br\\\/index.php\\\/author\\\/admin\\\/\"}]}<\/script>\n<!-- \/ Yoast SEO plugin. -->","yoast_head_json":{"title":"Com fim da escala 6x1, mulher tem mais acesso a trabalho, diz ministra","robots":{"index":"index","follow":"follow","max-snippet":"max-snippet:-1","max-image-preview":"max-image-preview:large","max-video-preview":"max-video-preview:-1"},"canonical":"https:\/\/agenciabrasil.ebc.com.br\/economia\/noticia\/2026-04\/com-fim-da-escala-6x1-mulher-tem-mais-acesso-trabalho-diz-ministra","og_locale":"pt_BR","og_type":"article","og_title":"Com fim da escala 6x1, mulher tem mais acesso a trabalho, diz ministra","og_description":"Por EBC, A ministra das Mulheres, M\u00e1rcia Lopes, considera que o fim da escala de trabalho de apenas uma folga na semana, chamada de 6&#215;1, \u00e9 uma \u201cexig\u00eancia do nosso tempo\u201d e que vai permitir que as mulheres tenham mais acesso ao mercado de trabalho. \u201cElas v\u00e3o cuidar melhor da sa\u00fade, das rela\u00e7\u00f5es familiares, territoriais. &hellip;","og_url":"https:\/\/agenciabrasil.ebc.com.br\/economia\/noticia\/2026-04\/com-fim-da-escala-6x1-mulher-tem-mais-acesso-trabalho-diz-ministra","og_site_name":"MRNews","article_publisher":"https:\/\/www.facebook.com\/eaipahpah\/?locale2=pt_BR","article_published_time":"2026-05-01T12:06:32+00:00","author":"MR News","twitter_card":"summary_large_image","twitter_creator":"@conspirou","twitter_site":"@conspirou","twitter_misc":{"Escrito por":"MR News","Est. tempo de leitura":"5 minutos"},"schema":{"@context":"https:\/\/schema.org","@graph":[{"@type":"Article","@id":"https:\/\/agenciabrasil.ebc.com.br\/economia\/noticia\/2026-04\/com-fim-da-escala-6x1-mulher-tem-mais-acesso-trabalho-diz-ministra#article","isPartOf":{"@id":"https:\/\/mrnews.com.br\/index.php\/2026\/05\/01\/com-fim-da-escala-6x1-mulher-tem-mais-acesso-a-trabalho-diz-ministra\/"},"author":{"name":"MR News","@id":"https:\/\/mrnews.com.br\/#\/schema\/person\/be3203154562a9f207407861cef7827b"},"headline":"Com fim da escala 6&#215;1, mulher tem mais acesso a trabalho, diz ministra","datePublished":"2026-05-01T12:06:32+00:00","mainEntityOfPage":{"@id":"https:\/\/mrnews.com.br\/index.php\/2026\/05\/01\/com-fim-da-escala-6x1-mulher-tem-mais-acesso-a-trabalho-diz-ministra\/"},"wordCount":1069,"commentCount":0,"publisher":{"@id":"https:\/\/mrnews.com.br\/#organization"},"articleSection":["ENTRETENIMENTO","NOTICIAS","SERVI\u00c7OS"],"inLanguage":"pt-BR","potentialAction":[{"@type":"CommentAction","name":"Comment","target":["https:\/\/agenciabrasil.ebc.com.br\/economia\/noticia\/2026-04\/com-fim-da-escala-6x1-mulher-tem-mais-acesso-trabalho-diz-ministra#respond"]}]},{"@type":"WebPage","@id":"https:\/\/mrnews.com.br\/index.php\/2026\/05\/01\/com-fim-da-escala-6x1-mulher-tem-mais-acesso-a-trabalho-diz-ministra\/","url":"https:\/\/agenciabrasil.ebc.com.br\/economia\/noticia\/2026-04\/com-fim-da-escala-6x1-mulher-tem-mais-acesso-trabalho-diz-ministra","name":"Com fim da escala 6x1, mulher tem mais acesso a trabalho, diz ministra","isPartOf":{"@id":"https:\/\/mrnews.com.br\/#website"},"datePublished":"2026-05-01T12:06:32+00:00","breadcrumb":{"@id":"https:\/\/agenciabrasil.ebc.com.br\/economia\/noticia\/2026-04\/com-fim-da-escala-6x1-mulher-tem-mais-acesso-trabalho-diz-ministra#breadcrumb"},"inLanguage":"pt-BR","potentialAction":[{"@type":"ReadAction","target":["https:\/\/agenciabrasil.ebc.com.br\/economia\/noticia\/2026-04\/com-fim-da-escala-6x1-mulher-tem-mais-acesso-trabalho-diz-ministra"]}]},{"@type":"BreadcrumbList","@id":"https:\/\/agenciabrasil.ebc.com.br\/economia\/noticia\/2026-04\/com-fim-da-escala-6x1-mulher-tem-mais-acesso-trabalho-diz-ministra#breadcrumb","itemListElement":[{"@type":"ListItem","position":1,"name":"In\u00edcio","item":"https:\/\/mrnews.com.br\/"},{"@type":"ListItem","position":2,"name":"Com fim da escala 6&#215;1, mulher tem mais acesso a trabalho, diz ministra"}]},{"@type":"WebSite","@id":"https:\/\/mrnews.com.br\/#website","url":"https:\/\/mrnews.com.br\/","name":"MRNews","description":"MRNews Jogos de hoje da TV, transmiss\u00f5es ao vivo, Not\u00edcias de futebol, Jogos ao vivo, Lives, resumo de novelas, Programa\u00e7\u00e3o da Globo, A Fazenda e BBB","publisher":{"@id":"https:\/\/mrnews.com.br\/#organization"},"potentialAction":[{"@type":"SearchAction","target":{"@type":"EntryPoint","urlTemplate":"https:\/\/mrnews.com.br\/?s={search_term_string}"},"query-input":{"@type":"PropertyValueSpecification","valueRequired":true,"valueName":"search_term_string"}}],"inLanguage":"pt-BR"},{"@type":"Organization","@id":"https:\/\/mrnews.com.br\/#organization","name":"MRNews","url":"https:\/\/mrnews.com.br\/","logo":{"@type":"ImageObject","inLanguage":"pt-BR","@id":"https:\/\/mrnews.com.br\/#\/schema\/logo\/image\/","url":"https:\/\/mrnews.com.br\/wp-content\/uploads\/2019\/06\/MRNewslogo2.png","contentUrl":"https:\/\/mrnews.com.br\/wp-content\/uploads\/2019\/06\/MRNewslogo2.png","width":223,"height":58,"caption":"MRNews"},"image":{"@id":"https:\/\/mrnews.com.br\/#\/schema\/logo\/image\/"},"sameAs":["https:\/\/www.facebook.com\/eaipahpah\/?locale2=pt_BR","https:\/\/x.com\/conspirou","https:\/\/www.instagram.com\/eai_pahpah","https:\/\/br.pinterest.com\/mrnewsn\/boards\/","https:\/\/www.youtube.com\/channel\/UCacgnpznQ61fifLWr1tQ-vA?view_as=subscriber"]},{"@type":"Person","@id":"https:\/\/mrnews.com.br\/#\/schema\/person\/be3203154562a9f207407861cef7827b","name":"MR News","image":{"@type":"ImageObject","inLanguage":"pt-BR","@id":"https:\/\/secure.gravatar.com\/avatar\/04084e6d73c042b8646e7c17b494073bf0ede3ea13c7105cfc45cbbbc28385a4?s=96&d=monsterid&r=g","url":"https:\/\/secure.gravatar.com\/avatar\/04084e6d73c042b8646e7c17b494073bf0ede3ea13c7105cfc45cbbbc28385a4?s=96&d=monsterid&r=g","contentUrl":"https:\/\/secure.gravatar.com\/avatar\/04084e6d73c042b8646e7c17b494073bf0ede3ea13c7105cfc45cbbbc28385a4?s=96&d=monsterid&r=g","caption":"MR News"},"description":"Especializado em jornalismo colaborativo pela FTP em n\u00edvel de p\u00f3s-gradua\u00e7\u00e3o. suporte@oimeliga.combr","sameAs":["HUGO R.","Admin"],"url":"https:\/\/mrnews.com.br\/index.php\/author\/admin\/"}]}},"jetpack_featured_media_url":"","jetpack_sharing_enabled":true,"jetpack_shortlink":"https:\/\/wp.me\/pa2Qf7-1VIi","amp_enabled":true,"_links":{"self":[{"href":"https:\/\/mrnews.com.br\/index.php\/wp-json\/wp\/v2\/posts\/460182","targetHints":{"allow":["GET"]}}],"collection":[{"href":"https:\/\/mrnews.com.br\/index.php\/wp-json\/wp\/v2\/posts"}],"about":[{"href":"https:\/\/mrnews.com.br\/index.php\/wp-json\/wp\/v2\/types\/post"}],"author":[{"embeddable":true,"href":"https:\/\/mrnews.com.br\/index.php\/wp-json\/wp\/v2\/users\/1"}],"replies":[{"embeddable":true,"href":"https:\/\/mrnews.com.br\/index.php\/wp-json\/wp\/v2\/comments?post=460182"}],"version-history":[{"count":0,"href":"https:\/\/mrnews.com.br\/index.php\/wp-json\/wp\/v2\/posts\/460182\/revisions"}],"wp:attachment":[{"href":"https:\/\/mrnews.com.br\/index.php\/wp-json\/wp\/v2\/media?parent=460182"}],"wp:term":[{"taxonomy":"category","embeddable":true,"href":"https:\/\/mrnews.com.br\/index.php\/wp-json\/wp\/v2\/categories?post=460182"},{"taxonomy":"post_tag","embeddable":true,"href":"https:\/\/mrnews.com.br\/index.php\/wp-json\/wp\/v2\/tags?post=460182"}],"curies":[{"name":"wp","href":"https:\/\/api.w.org\/{rel}","templated":true}]}}