{"id":460207,"date":"2026-05-01T16:48:33","date_gmt":"2026-05-01T19:48:33","guid":{"rendered":"https:\/\/mrnews.com.br\/index.php\/2026\/05\/01\/governo-trump-diz-que-cessar-fogo-suspendeu-prazo-de-60-dias-da-guerra\/"},"modified":"2026-05-01T16:48:33","modified_gmt":"2026-05-01T19:48:33","slug":"governo-trump-diz-que-cessar-fogo-suspendeu-prazo-de-60-dias-da-guerra","status":"publish","type":"post","link":"https:\/\/mrnews.com.br\/index.php\/2026\/05\/01\/governo-trump-diz-que-cessar-fogo-suspendeu-prazo-de-60-dias-da-guerra\/","title":{"rendered":"Governo Trump diz que cessar-fogo suspendeu prazo de 60 dias da guerra"},"content":{"rendered":"<p>Por EBC, <\/p>\n<div>\n<p>O prazo de 60 dias para promover uma guerra sem autoriza\u00e7\u00e3o do Congresso dos Estados Unidos (EUA) termina nesta sexta-feira (1) e o governo de Donald Trump alega que o conflito com o Ir\u00e3 est\u00e1 suspenso, uma vez que foi negociado um cessar-fogo no dia 7 de abril.<\/p>\n<p>A explica\u00e7\u00e3o \u00e9 do secret\u00e1rio de Defesa do pa\u00eds, Pete Hegseth, em audi\u00eancia no Comit\u00ea de Servi\u00e7os Armados do Senado, onde o representante da Casa Branca compareceu nesta quinta-feira (30).<\/p>\n<p>\u201cEstamos em um cessar-fogo neste momento, o que, segundo nosso entendimento, significa que o prazo de 60 dias fica suspenso ou interrompido durante um cessar-fogo\u201d, disse Hegseth.<\/p>\n<p>O prazo de 60 dias que termina hoje pode ser prorrogado por mais 30 dias, caso o presidente certifique o Legislativo por escrito que h\u00e1 uma \u201cnecessidade militar inevit\u00e1vel em rela\u00e7\u00e3o \u00e0 seguran\u00e7a das For\u00e7as Armadas dos EUA\u201d, segundo a Resolu\u00e7\u00e3o dos Poderes de Guerra dos EUA, de 1973.<\/p>\n<p><strong>O senador democrata Tim Kaine, da Virg\u00ednia, questionou o argumento da Casa Branca, dizendo que o prazo termina nesta sexta-feira. \u00a0<\/strong><\/p>\n<p>\u201cPenso que o prazo de 60 dias termina na sexta, e isso vai representar uma quest\u00e3o jur\u00eddica muito importante para o governo\u201d, respondeu o senador da oposi\u00e7\u00e3o.<\/p>\n<p>Os parlamentares democratas, e alguns republicanos, t\u00eam cobrado que o governo pe\u00e7a a prorroga\u00e7\u00e3o da guerra e justifique esse pedido.<\/p>\n<p><strong>Pelo menos seis tentativas de barrar o conflito foram rejeitadas no Congresso pela maioria republicana, que segue dando cobertura para guerra de Trump no Oriente M\u00e9dio.<\/strong><\/p>\n<p>O presidente da C\u00e2mara dos Representantes, Mike Johnson (republicano da Louisiana), afirmou na quinta-feira que os EUA &#8220;n\u00e3o est\u00e3o em guerra&#8221; com o Ir\u00e3.<\/p>\n<blockquote>\n<p>\u201cN\u00e3o creio que tenhamos um bombardeio militar ativo, disparos ou algo do g\u00eanero. No momento, estamos tentando negociar a paz\u201d, disse Johnson \u00e0 emissora NBC News.<\/p>\n<\/blockquote>\n<h2>Judicializa\u00e7\u00e3o<\/h2>\n<p>O professor de hist\u00f3ria da Universidade de Brown, dos EUA, James N. Green, disse \u00e0 <strong>Ag\u00eancia Brasil<\/strong> que v\u00e1rios juristas questionam essa interpreta\u00e7\u00e3o do governo e que a quest\u00e3o deve ser judicializada at\u00e9 chegar \u00e0 Suprema Corte, de maioria conservadora.<\/p>\n<blockquote>\n<p>\u201cPode ser que a Suprema Corte decida a favor do Trump, mas isso, mais uma vez, fortalece o sentimento antiguerra, que \u00e9 a bandeira dos democratas, e refor\u00e7a suas possibilidades de vit\u00f3rias maci\u00e7as nas elei\u00e7\u00f5es de novembro\u201d, disse o especialista.<\/p>\n<\/blockquote>\n<p><strong>Os EUA v\u00e3o \u00e0s urnas em novembro para eleger uma nova C\u00e2mara e parte do Senado, o que pode tirar a pequena maioria que Trump mant\u00e9m hoje nas duas casas.<\/strong><\/p>\n<p>O professor Green acrescentou que, apesar dos republicanos seguirem dando apoio \u00e0 Trump, cresce a insatisfa\u00e7\u00e3o dentro do partido do presidente devido \u00e0 impopularidade da guerra e ao aumento do pre\u00e7o dos combust\u00edveis, motivado pelo fechamento do Estreito de Ormuz pelo Ir\u00e3.<\/p>\n<p>\u201cA senadora republicana Susan Collins mudou de opini\u00e3o e votou agora a favor dessa restri\u00e7\u00e3o dos poderes presidenciais porque ela tem medo de perder as elei\u00e7\u00f5es em Maine, para o Senado, em novembro\u201d, destacou o historiador, que tamb\u00e9m preside o Washington Brazil Office (WBO).<\/p>\n<p>Na sess\u00e3o do Senado desta quinta-feira \u2013 que rejeitou mais uma tentativa de bloquear os poderes de guerra de Trump \u2013, Collins juntou-se ao senador republicano Rand Paulo, do Kentucky, divergindo da lideran\u00e7a do partido de Trump. A resolu\u00e7\u00e3o, por\u00e9m, foi rejeitada por 50 votos contra 47.<\/p>\n<p><strong>Na audi\u00eancia com o secret\u00e1rio de defesa, Pete Hegseth, a senadora Collins afirmou que n\u00e3o h\u00e1 evid\u00eancias de que os EUA est\u00e3o sob amea\u00e7a do Ir\u00e3 ou que est\u00e3o mais seguros por causa da guerra.<\/strong><\/p>\n<blockquote>\n<p>\u201cN\u00e3o t\u00ednhamos nenhuma prova de que o Ir\u00e3 pretendesse atacar este pa\u00eds iminentemente, de qualquer forma. Portanto, discordo da sua avalia\u00e7\u00e3o de que estamos sob amea\u00e7a\u201d, disse a senadora republicana.<\/p>\n<\/blockquote>\n<h2>Opini\u00e3o p\u00fablica<\/h2>\n<p>Pesquisas de opini\u00e3o dos EUA estimam que mais de 60% da popula\u00e7\u00e3o \u00e9 contra a guerra no Ir\u00e3. O professor James N. Green explicou que as pessoas est\u00e3o \u201capavoradas\u201d com o pre\u00e7o dos combust\u00edveis.<\/p>\n<p>\u201cA sociedade americana, infelizmente, depende do carro, e muitas pessoas, inclusive trabalhadores, trabalham longe do seu emprego e precisam de carro para chegar e est\u00e3o gastando uma fortuna para encher um tanque de gasolina nesse momento\u201d, apontou.<\/p>\n<p>A m\u00e9dia do pre\u00e7o do gal\u00e3o nos EUA estava em US$ 4,39 nesta sexta-feira, segundo o portal especializado AAA Fuel Prices. O valor representa aumento de 34% em rela\u00e7\u00e3o ao mesmo per\u00edodo do ano passado, com o gal\u00e3o chegando a cusar US$ 6,06 na Calif\u00f3rnia. \u00a0<\/p>\n<p>\u201cOs pre\u00e7os da gasolina atingiram seu n\u00edvel mais alto em quatro anos, visto pela \u00faltima vez no final de julho de 2022\u201d, diz a publica\u00e7\u00e3o estadunidense.<\/p>\n<p>\u00a0<\/p>\n<p>      <!-- Relacionada --><\/p>\n<p>            <!-- Relacionada -->\n    <\/div>\n","protected":false},"excerpt":{"rendered":"<p>Por EBC, O prazo de 60 dias para promover uma guerra sem autoriza\u00e7\u00e3o do Congresso dos Estados Unidos (EUA) termina nesta sexta-feira (1) e o governo de Donald Trump alega que o conflito com o Ir\u00e3 est\u00e1 suspenso, uma vez que foi negociado um cessar-fogo no dia 7 de abril. A explica\u00e7\u00e3o \u00e9 do secret\u00e1rio &hellip;<\/p>\n","protected":false},"author":1,"featured_media":0,"comment_status":"open","ping_status":"open","sticky":false,"template":"","format":"standard","meta":{"_jetpack_memberships_contains_paid_content":false,"footnotes":""},"categories":[2,12225,4],"tags":[],"class_list":["post-460207","post","type-post","status-publish","format-standard","hentry","category-entretenimento","category-noticias","category-servicos"],"yoast_head":"<!-- This site is optimized with the Yoast SEO plugin v27.5 - https:\/\/yoast.com\/product\/yoast-seo-wordpress\/ -->\n<title>Governo Trump diz que cessar-fogo suspendeu prazo de 60 dias da guerra<\/title>\n<meta name=\"robots\" content=\"index, follow, max-snippet:-1, max-image-preview:large, max-video-preview:-1\" \/>\n<link rel=\"canonical\" href=\"https:\/\/agenciabrasil.ebc.com.br\/internacional\/noticia\/2026-05\/governo-trump-diz-que-cessar-fogo-suspendeu-prazo-de-60-dias-da-guerra\" \/>\n<meta property=\"og:locale\" content=\"pt_BR\" \/>\n<meta property=\"og:type\" content=\"article\" \/>\n<meta property=\"og:title\" content=\"Governo Trump diz que cessar-fogo suspendeu prazo de 60 dias da guerra\" \/>\n<meta property=\"og:description\" content=\"Por EBC, O prazo de 60 dias para promover uma guerra sem autoriza\u00e7\u00e3o do Congresso dos Estados Unidos (EUA) termina nesta sexta-feira (1) e o governo de Donald Trump alega que o conflito com o Ir\u00e3 est\u00e1 suspenso, uma vez que foi negociado um cessar-fogo no dia 7 de abril. A explica\u00e7\u00e3o \u00e9 do secret\u00e1rio &hellip;\" \/>\n<meta property=\"og:url\" content=\"https:\/\/agenciabrasil.ebc.com.br\/internacional\/noticia\/2026-05\/governo-trump-diz-que-cessar-fogo-suspendeu-prazo-de-60-dias-da-guerra\" \/>\n<meta property=\"og:site_name\" content=\"MRNews\" \/>\n<meta property=\"article:publisher\" content=\"https:\/\/www.facebook.com\/eaipahpah\/?locale2=pt_BR\" \/>\n<meta property=\"article:published_time\" content=\"2026-05-01T19:48:33+00:00\" \/>\n<meta name=\"author\" content=\"MR News\" \/>\n<meta name=\"twitter:card\" content=\"summary_large_image\" \/>\n<meta name=\"twitter:creator\" content=\"@conspirou\" \/>\n<meta name=\"twitter:site\" content=\"@conspirou\" \/>\n<meta name=\"twitter:label1\" content=\"Escrito por\" \/>\n\t<meta name=\"twitter:data1\" content=\"MR News\" \/>\n\t<meta name=\"twitter:label2\" content=\"Est. tempo de leitura\" \/>\n\t<meta name=\"twitter:data2\" content=\"4 minutos\" \/>\n<script type=\"application\/ld+json\" class=\"yoast-schema-graph\">{\"@context\":\"https:\\\/\\\/schema.org\",\"@graph\":[{\"@type\":\"Article\",\"@id\":\"https:\\\/\\\/agenciabrasil.ebc.com.br\\\/internacional\\\/noticia\\\/2026-05\\\/governo-trump-diz-que-cessar-fogo-suspendeu-prazo-de-60-dias-da-guerra#article\",\"isPartOf\":{\"@id\":\"https:\\\/\\\/mrnews.com.br\\\/index.php\\\/2026\\\/05\\\/01\\\/governo-trump-diz-que-cessar-fogo-suspendeu-prazo-de-60-dias-da-guerra\\\/\"},\"author\":{\"name\":\"MR News\",\"@id\":\"https:\\\/\\\/mrnews.com.br\\\/#\\\/schema\\\/person\\\/be3203154562a9f207407861cef7827b\"},\"headline\":\"Governo Trump diz que cessar-fogo suspendeu prazo de 60 dias da guerra\",\"datePublished\":\"2026-05-01T19:48:33+00:00\",\"mainEntityOfPage\":{\"@id\":\"https:\\\/\\\/mrnews.com.br\\\/index.php\\\/2026\\\/05\\\/01\\\/governo-trump-diz-que-cessar-fogo-suspendeu-prazo-de-60-dias-da-guerra\\\/\"},\"wordCount\":814,\"commentCount\":0,\"publisher\":{\"@id\":\"https:\\\/\\\/mrnews.com.br\\\/#organization\"},\"articleSection\":[\"ENTRETENIMENTO\",\"NOTICIAS\",\"SERVI\u00c7OS\"],\"inLanguage\":\"pt-BR\",\"potentialAction\":[{\"@type\":\"CommentAction\",\"name\":\"Comment\",\"target\":[\"https:\\\/\\\/agenciabrasil.ebc.com.br\\\/internacional\\\/noticia\\\/2026-05\\\/governo-trump-diz-que-cessar-fogo-suspendeu-prazo-de-60-dias-da-guerra#respond\"]}]},{\"@type\":\"WebPage\",\"@id\":\"https:\\\/\\\/mrnews.com.br\\\/index.php\\\/2026\\\/05\\\/01\\\/governo-trump-diz-que-cessar-fogo-suspendeu-prazo-de-60-dias-da-guerra\\\/\",\"url\":\"https:\\\/\\\/agenciabrasil.ebc.com.br\\\/internacional\\\/noticia\\\/2026-05\\\/governo-trump-diz-que-cessar-fogo-suspendeu-prazo-de-60-dias-da-guerra\",\"name\":\"Governo Trump diz que cessar-fogo suspendeu prazo de 60 dias da guerra\",\"isPartOf\":{\"@id\":\"https:\\\/\\\/mrnews.com.br\\\/#website\"},\"datePublished\":\"2026-05-01T19:48:33+00:00\",\"breadcrumb\":{\"@id\":\"https:\\\/\\\/agenciabrasil.ebc.com.br\\\/internacional\\\/noticia\\\/2026-05\\\/governo-trump-diz-que-cessar-fogo-suspendeu-prazo-de-60-dias-da-guerra#breadcrumb\"},\"inLanguage\":\"pt-BR\",\"potentialAction\":[{\"@type\":\"ReadAction\",\"target\":[\"https:\\\/\\\/agenciabrasil.ebc.com.br\\\/internacional\\\/noticia\\\/2026-05\\\/governo-trump-diz-que-cessar-fogo-suspendeu-prazo-de-60-dias-da-guerra\"]}]},{\"@type\":\"BreadcrumbList\",\"@id\":\"https:\\\/\\\/agenciabrasil.ebc.com.br\\\/internacional\\\/noticia\\\/2026-05\\\/governo-trump-diz-que-cessar-fogo-suspendeu-prazo-de-60-dias-da-guerra#breadcrumb\",\"itemListElement\":[{\"@type\":\"ListItem\",\"position\":1,\"name\":\"In\u00edcio\",\"item\":\"https:\\\/\\\/mrnews.com.br\\\/\"},{\"@type\":\"ListItem\",\"position\":2,\"name\":\"Governo Trump diz que cessar-fogo suspendeu prazo de 60 dias da guerra\"}]},{\"@type\":\"WebSite\",\"@id\":\"https:\\\/\\\/mrnews.com.br\\\/#website\",\"url\":\"https:\\\/\\\/mrnews.com.br\\\/\",\"name\":\"MRNews\",\"description\":\"MRNews Jogos de hoje da TV, transmiss\u00f5es ao vivo, Not\u00edcias de futebol, Jogos ao vivo, Lives, resumo de novelas, Programa\u00e7\u00e3o da Globo, A Fazenda e BBB\",\"publisher\":{\"@id\":\"https:\\\/\\\/mrnews.com.br\\\/#organization\"},\"potentialAction\":[{\"@type\":\"SearchAction\",\"target\":{\"@type\":\"EntryPoint\",\"urlTemplate\":\"https:\\\/\\\/mrnews.com.br\\\/?s={search_term_string}\"},\"query-input\":{\"@type\":\"PropertyValueSpecification\",\"valueRequired\":true,\"valueName\":\"search_term_string\"}}],\"inLanguage\":\"pt-BR\"},{\"@type\":\"Organization\",\"@id\":\"https:\\\/\\\/mrnews.com.br\\\/#organization\",\"name\":\"MRNews\",\"url\":\"https:\\\/\\\/mrnews.com.br\\\/\",\"logo\":{\"@type\":\"ImageObject\",\"inLanguage\":\"pt-BR\",\"@id\":\"https:\\\/\\\/mrnews.com.br\\\/#\\\/schema\\\/logo\\\/image\\\/\",\"url\":\"https:\\\/\\\/mrnews.com.br\\\/wp-content\\\/uploads\\\/2019\\\/06\\\/MRNewslogo2.png\",\"contentUrl\":\"https:\\\/\\\/mrnews.com.br\\\/wp-content\\\/uploads\\\/2019\\\/06\\\/MRNewslogo2.png\",\"width\":223,\"height\":58,\"caption\":\"MRNews\"},\"image\":{\"@id\":\"https:\\\/\\\/mrnews.com.br\\\/#\\\/schema\\\/logo\\\/image\\\/\"},\"sameAs\":[\"https:\\\/\\\/www.facebook.com\\\/eaipahpah\\\/?locale2=pt_BR\",\"https:\\\/\\\/x.com\\\/conspirou\",\"https:\\\/\\\/www.instagram.com\\\/eai_pahpah\",\"https:\\\/\\\/br.pinterest.com\\\/mrnewsn\\\/boards\\\/\",\"https:\\\/\\\/www.youtube.com\\\/channel\\\/UCacgnpznQ61fifLWr1tQ-vA?view_as=subscriber\"]},{\"@type\":\"Person\",\"@id\":\"https:\\\/\\\/mrnews.com.br\\\/#\\\/schema\\\/person\\\/be3203154562a9f207407861cef7827b\",\"name\":\"MR News\",\"image\":{\"@type\":\"ImageObject\",\"inLanguage\":\"pt-BR\",\"@id\":\"https:\\\/\\\/secure.gravatar.com\\\/avatar\\\/04084e6d73c042b8646e7c17b494073bf0ede3ea13c7105cfc45cbbbc28385a4?s=96&d=monsterid&r=g\",\"url\":\"https:\\\/\\\/secure.gravatar.com\\\/avatar\\\/04084e6d73c042b8646e7c17b494073bf0ede3ea13c7105cfc45cbbbc28385a4?s=96&d=monsterid&r=g\",\"contentUrl\":\"https:\\\/\\\/secure.gravatar.com\\\/avatar\\\/04084e6d73c042b8646e7c17b494073bf0ede3ea13c7105cfc45cbbbc28385a4?s=96&d=monsterid&r=g\",\"caption\":\"MR News\"},\"description\":\"Especializado em jornalismo colaborativo pela FTP em n\u00edvel de p\u00f3s-gradua\u00e7\u00e3o. suporte@oimeliga.combr\",\"sameAs\":[\"HUGO R.\",\"Admin\"],\"url\":\"https:\\\/\\\/mrnews.com.br\\\/index.php\\\/author\\\/admin\\\/\"}]}<\/script>\n<!-- \/ Yoast SEO plugin. -->","yoast_head_json":{"title":"Governo Trump diz que cessar-fogo suspendeu prazo de 60 dias da guerra","robots":{"index":"index","follow":"follow","max-snippet":"max-snippet:-1","max-image-preview":"max-image-preview:large","max-video-preview":"max-video-preview:-1"},"canonical":"https:\/\/agenciabrasil.ebc.com.br\/internacional\/noticia\/2026-05\/governo-trump-diz-que-cessar-fogo-suspendeu-prazo-de-60-dias-da-guerra","og_locale":"pt_BR","og_type":"article","og_title":"Governo Trump diz que cessar-fogo suspendeu prazo de 60 dias da guerra","og_description":"Por EBC, O prazo de 60 dias para promover uma guerra sem autoriza\u00e7\u00e3o do Congresso dos Estados Unidos (EUA) termina nesta sexta-feira (1) e o governo de Donald Trump alega que o conflito com o Ir\u00e3 est\u00e1 suspenso, uma vez que foi negociado um cessar-fogo no dia 7 de abril. A explica\u00e7\u00e3o \u00e9 do secret\u00e1rio &hellip;","og_url":"https:\/\/agenciabrasil.ebc.com.br\/internacional\/noticia\/2026-05\/governo-trump-diz-que-cessar-fogo-suspendeu-prazo-de-60-dias-da-guerra","og_site_name":"MRNews","article_publisher":"https:\/\/www.facebook.com\/eaipahpah\/?locale2=pt_BR","article_published_time":"2026-05-01T19:48:33+00:00","author":"MR News","twitter_card":"summary_large_image","twitter_creator":"@conspirou","twitter_site":"@conspirou","twitter_misc":{"Escrito por":"MR News","Est. tempo de leitura":"4 minutos"},"schema":{"@context":"https:\/\/schema.org","@graph":[{"@type":"Article","@id":"https:\/\/agenciabrasil.ebc.com.br\/internacional\/noticia\/2026-05\/governo-trump-diz-que-cessar-fogo-suspendeu-prazo-de-60-dias-da-guerra#article","isPartOf":{"@id":"https:\/\/mrnews.com.br\/index.php\/2026\/05\/01\/governo-trump-diz-que-cessar-fogo-suspendeu-prazo-de-60-dias-da-guerra\/"},"author":{"name":"MR News","@id":"https:\/\/mrnews.com.br\/#\/schema\/person\/be3203154562a9f207407861cef7827b"},"headline":"Governo Trump diz que cessar-fogo suspendeu prazo de 60 dias da guerra","datePublished":"2026-05-01T19:48:33+00:00","mainEntityOfPage":{"@id":"https:\/\/mrnews.com.br\/index.php\/2026\/05\/01\/governo-trump-diz-que-cessar-fogo-suspendeu-prazo-de-60-dias-da-guerra\/"},"wordCount":814,"commentCount":0,"publisher":{"@id":"https:\/\/mrnews.com.br\/#organization"},"articleSection":["ENTRETENIMENTO","NOTICIAS","SERVI\u00c7OS"],"inLanguage":"pt-BR","potentialAction":[{"@type":"CommentAction","name":"Comment","target":["https:\/\/agenciabrasil.ebc.com.br\/internacional\/noticia\/2026-05\/governo-trump-diz-que-cessar-fogo-suspendeu-prazo-de-60-dias-da-guerra#respond"]}]},{"@type":"WebPage","@id":"https:\/\/mrnews.com.br\/index.php\/2026\/05\/01\/governo-trump-diz-que-cessar-fogo-suspendeu-prazo-de-60-dias-da-guerra\/","url":"https:\/\/agenciabrasil.ebc.com.br\/internacional\/noticia\/2026-05\/governo-trump-diz-que-cessar-fogo-suspendeu-prazo-de-60-dias-da-guerra","name":"Governo Trump diz que cessar-fogo suspendeu prazo de 60 dias da guerra","isPartOf":{"@id":"https:\/\/mrnews.com.br\/#website"},"datePublished":"2026-05-01T19:48:33+00:00","breadcrumb":{"@id":"https:\/\/agenciabrasil.ebc.com.br\/internacional\/noticia\/2026-05\/governo-trump-diz-que-cessar-fogo-suspendeu-prazo-de-60-dias-da-guerra#breadcrumb"},"inLanguage":"pt-BR","potentialAction":[{"@type":"ReadAction","target":["https:\/\/agenciabrasil.ebc.com.br\/internacional\/noticia\/2026-05\/governo-trump-diz-que-cessar-fogo-suspendeu-prazo-de-60-dias-da-guerra"]}]},{"@type":"BreadcrumbList","@id":"https:\/\/agenciabrasil.ebc.com.br\/internacional\/noticia\/2026-05\/governo-trump-diz-que-cessar-fogo-suspendeu-prazo-de-60-dias-da-guerra#breadcrumb","itemListElement":[{"@type":"ListItem","position":1,"name":"In\u00edcio","item":"https:\/\/mrnews.com.br\/"},{"@type":"ListItem","position":2,"name":"Governo Trump diz que cessar-fogo suspendeu prazo de 60 dias da guerra"}]},{"@type":"WebSite","@id":"https:\/\/mrnews.com.br\/#website","url":"https:\/\/mrnews.com.br\/","name":"MRNews","description":"MRNews Jogos de hoje da TV, transmiss\u00f5es ao vivo, Not\u00edcias de futebol, Jogos ao vivo, Lives, resumo de novelas, Programa\u00e7\u00e3o da Globo, A Fazenda e BBB","publisher":{"@id":"https:\/\/mrnews.com.br\/#organization"},"potentialAction":[{"@type":"SearchAction","target":{"@type":"EntryPoint","urlTemplate":"https:\/\/mrnews.com.br\/?s={search_term_string}"},"query-input":{"@type":"PropertyValueSpecification","valueRequired":true,"valueName":"search_term_string"}}],"inLanguage":"pt-BR"},{"@type":"Organization","@id":"https:\/\/mrnews.com.br\/#organization","name":"MRNews","url":"https:\/\/mrnews.com.br\/","logo":{"@type":"ImageObject","inLanguage":"pt-BR","@id":"https:\/\/mrnews.com.br\/#\/schema\/logo\/image\/","url":"https:\/\/mrnews.com.br\/wp-content\/uploads\/2019\/06\/MRNewslogo2.png","contentUrl":"https:\/\/mrnews.com.br\/wp-content\/uploads\/2019\/06\/MRNewslogo2.png","width":223,"height":58,"caption":"MRNews"},"image":{"@id":"https:\/\/mrnews.com.br\/#\/schema\/logo\/image\/"},"sameAs":["https:\/\/www.facebook.com\/eaipahpah\/?locale2=pt_BR","https:\/\/x.com\/conspirou","https:\/\/www.instagram.com\/eai_pahpah","https:\/\/br.pinterest.com\/mrnewsn\/boards\/","https:\/\/www.youtube.com\/channel\/UCacgnpznQ61fifLWr1tQ-vA?view_as=subscriber"]},{"@type":"Person","@id":"https:\/\/mrnews.com.br\/#\/schema\/person\/be3203154562a9f207407861cef7827b","name":"MR News","image":{"@type":"ImageObject","inLanguage":"pt-BR","@id":"https:\/\/secure.gravatar.com\/avatar\/04084e6d73c042b8646e7c17b494073bf0ede3ea13c7105cfc45cbbbc28385a4?s=96&d=monsterid&r=g","url":"https:\/\/secure.gravatar.com\/avatar\/04084e6d73c042b8646e7c17b494073bf0ede3ea13c7105cfc45cbbbc28385a4?s=96&d=monsterid&r=g","contentUrl":"https:\/\/secure.gravatar.com\/avatar\/04084e6d73c042b8646e7c17b494073bf0ede3ea13c7105cfc45cbbbc28385a4?s=96&d=monsterid&r=g","caption":"MR News"},"description":"Especializado em jornalismo colaborativo pela FTP em n\u00edvel de p\u00f3s-gradua\u00e7\u00e3o. suporte@oimeliga.combr","sameAs":["HUGO R.","Admin"],"url":"https:\/\/mrnews.com.br\/index.php\/author\/admin\/"}]}},"jetpack_featured_media_url":"","jetpack_sharing_enabled":true,"jetpack_shortlink":"https:\/\/wp.me\/pa2Qf7-1VIH","amp_enabled":true,"_links":{"self":[{"href":"https:\/\/mrnews.com.br\/index.php\/wp-json\/wp\/v2\/posts\/460207","targetHints":{"allow":["GET"]}}],"collection":[{"href":"https:\/\/mrnews.com.br\/index.php\/wp-json\/wp\/v2\/posts"}],"about":[{"href":"https:\/\/mrnews.com.br\/index.php\/wp-json\/wp\/v2\/types\/post"}],"author":[{"embeddable":true,"href":"https:\/\/mrnews.com.br\/index.php\/wp-json\/wp\/v2\/users\/1"}],"replies":[{"embeddable":true,"href":"https:\/\/mrnews.com.br\/index.php\/wp-json\/wp\/v2\/comments?post=460207"}],"version-history":[{"count":0,"href":"https:\/\/mrnews.com.br\/index.php\/wp-json\/wp\/v2\/posts\/460207\/revisions"}],"wp:attachment":[{"href":"https:\/\/mrnews.com.br\/index.php\/wp-json\/wp\/v2\/media?parent=460207"}],"wp:term":[{"taxonomy":"category","embeddable":true,"href":"https:\/\/mrnews.com.br\/index.php\/wp-json\/wp\/v2\/categories?post=460207"},{"taxonomy":"post_tag","embeddable":true,"href":"https:\/\/mrnews.com.br\/index.php\/wp-json\/wp\/v2\/tags?post=460207"}],"curies":[{"name":"wp","href":"https:\/\/api.w.org\/{rel}","templated":true}]}}