{"id":460216,"date":"2026-05-01T20:18:31","date_gmt":"2026-05-01T23:18:31","guid":{"rendered":"https:\/\/mrnews.com.br\/index.php\/2026\/05\/01\/ato-em-sao-bernardo-mobiliza-sindicatos-e-pede-fim-da-escala-6x1\/"},"modified":"2026-05-01T20:18:31","modified_gmt":"2026-05-01T23:18:31","slug":"ato-em-sao-bernardo-mobiliza-sindicatos-e-pede-fim-da-escala-6x1","status":"publish","type":"post","link":"https:\/\/mrnews.com.br\/index.php\/2026\/05\/01\/ato-em-sao-bernardo-mobiliza-sindicatos-e-pede-fim-da-escala-6x1\/","title":{"rendered":"Ato em S\u00e3o Bernardo mobiliza sindicatos e pede fim da escala 6&#215;1"},"content":{"rendered":"<p>Por EBC, <\/p>\n<div>\n<p><strong>Alguns milhares de trabalhadores e moradores da regi\u00e3o do ABC paulista se reuniram, neste 1\u00b0 de maio, no Pa\u00e7o Municipal de S\u00e3o Bernardo do Campo, onde acompanharam a festa promovida pelos sindicatos da regi\u00e3o, em comemora\u00e7\u00e3o ao Dia do Trabalhador.<\/strong><\/p>\n<p>As 26 agremia\u00e7\u00f5es, filiadas \u00e0 Central \u00danica dos Trabalhadores (CUT), se revezaram em discursos e programa\u00e7\u00e3o musical.<\/p>\n<p><strong>As principais pautas pediam o fim da escala de seis dias de trabalho para um de descanso (6&#215;1) e a expans\u00e3o das pol\u00edticas de combate ao feminic\u00eddio, com falas que discutiam a necessidade da participa\u00e7\u00e3o popular para superar o machismo.<\/strong><\/p>\n<p>O evento contou com a participa\u00e7\u00e3o de tr\u00eas ministros do governo federal: Luiz Marinho (Minist\u00e9rio do Trabalho e Emprego), Alexandre Padilha (da Sa\u00fade) e Leonardo Sarchini (da Educa\u00e7\u00e3o).\u00a0<\/p>\n<p>\u201cToda vez que o presidente Lula governa o pa\u00eds, o 1\u00b0 de maio costuma ser o dia da celebra\u00e7\u00e3o mas tamb\u00e9m \u00e9 o dia da consci\u00eancia do trabalhador e da trabalhadora em rela\u00e7\u00e3o ao que falta fazer. A batalha do ano \u00e9 fazer o Congresso aprovar, antes das elei\u00e7\u00f5es [de outubro], a revis\u00e3o da jornada 6&#215;1\u201d, discursou Fernando Haddad, ex-ministro da Fazenda.<\/p>\n<p><strong>Haddad falou ainda sobre a import\u00e2ncia da participa\u00e7\u00e3o popular para a conquista de outros avan\u00e7os, como a isen\u00e7\u00e3o do Imposto de Renda nas participa\u00e7\u00f5es de lucros (PLR).<\/strong><\/p>\n<p>Representando o Sindicato dos Metal\u00fargicos do ABC, o presidente da entidade Mois\u00e9s Selerges comemorou o bom momento para a categoria.<\/p>\n<blockquote>\n<p>\u201cTivemos conquistas e hoje as taxas de desemprego s\u00e3o as melhores da hist\u00f3ria. Essas conquistas ser\u00e3o importantes porque somos os trabalhadores e trabalhadoras que produzem a riqueza do nosso pa\u00eds. Agora queremos, precisamos reduzir a jornada de trabalho. A nossa miss\u00e3o \u00e9 pressionar, l\u00e1 em Bras\u00edlia, pra acabar com a jornada 6&#215;1.\u201d<\/p>\n<\/blockquote>\n<h2>M\u00fasica ao vivo<\/h2>\n<p>A programa\u00e7\u00e3o da festa contou com apresenta\u00e7\u00f5es musicais desde a manh\u00e3 dessa sexta-feira. Os destaques foram o MC IG e Gl\u00f3ria Groove, que se apresentaram no come\u00e7o da noite.\u00a0<\/p>\n<h2>Seguran\u00e7a\u00a0<\/h2>\n<div class=\"dnd-widget-wrapper context-medio_4colunas type-image atom-align-left\">\n<div class=\"dnd-atom-rendered\"><!-- scald=461444:medio_4colunas {\"additionalClasses\":\"\"} --><\/p>\n<p>    <!-- END scald=461444 --><\/div>\n<p><h6 class=\"meta\">Guarda Civil de S\u00e3o Bernardo durante ato em comemora\u00e7\u00e3o ao Dia do Trabalhador &#8211; <strong>Paulo Pinto\/Ag\u00eancia Brasil<\/strong><!--END copyright=461444--><\/h6>\n<\/p>\n<\/div>\n<p>A Guarda Municipal de S\u00e3o Bernardo fez a seguran\u00e7a do evento, a partir de sua base no pr\u00f3prio Pa\u00e7o. Por volta das 16h interferiu em um confronto localizado, \u00e0 esquerda do palco, removendo um homem a quem atribu\u00edram ter iniciado uma confus\u00e3o. No processo afastaram com viol\u00eancia o fot\u00f3grafo da <strong>Ag\u00eancia Brasil<\/strong>, Paulo Pinto.<\/p>\n<p>\u00a0<\/p>\n<p>      <!-- Relacionada --><\/p>\n<p>            <!-- Relacionada -->\n    <\/div>\n","protected":false},"excerpt":{"rendered":"<p>Por EBC, Alguns milhares de trabalhadores e moradores da regi\u00e3o do ABC paulista se reuniram, neste 1\u00b0 de maio, no Pa\u00e7o Municipal de S\u00e3o Bernardo do Campo, onde acompanharam a festa promovida pelos sindicatos da regi\u00e3o, em comemora\u00e7\u00e3o ao Dia do Trabalhador. As 26 agremia\u00e7\u00f5es, filiadas \u00e0 Central \u00danica dos Trabalhadores (CUT), se revezaram em &hellip;<\/p>\n","protected":false},"author":1,"featured_media":0,"comment_status":"open","ping_status":"open","sticky":false,"template":"","format":"standard","meta":{"_jetpack_memberships_contains_paid_content":false,"footnotes":""},"categories":[2,12225,4],"tags":[],"class_list":["post-460216","post","type-post","status-publish","format-standard","hentry","category-entretenimento","category-noticias","category-servicos"],"yoast_head":"<!-- This site is optimized with the Yoast SEO plugin v27.5 - https:\/\/yoast.com\/product\/yoast-seo-wordpress\/ -->\n<title>Ato em S\u00e3o Bernardo mobiliza sindicatos e pede fim da escala 6x1<\/title>\n<meta name=\"robots\" content=\"index, follow, max-snippet:-1, max-image-preview:large, max-video-preview:-1\" \/>\n<link rel=\"canonical\" href=\"https:\/\/agenciabrasil.ebc.com.br\/geral\/noticia\/2026-05\/ato-em-sao-bernardo-mobiliza-sindicatos-e-pede-fim-da-escala-6x1\" \/>\n<meta property=\"og:locale\" content=\"pt_BR\" \/>\n<meta property=\"og:type\" content=\"article\" \/>\n<meta property=\"og:title\" content=\"Ato em S\u00e3o Bernardo mobiliza sindicatos e pede fim da escala 6x1\" \/>\n<meta property=\"og:description\" content=\"Por EBC, Alguns milhares de trabalhadores e moradores da regi\u00e3o do ABC paulista se reuniram, neste 1\u00b0 de maio, no Pa\u00e7o Municipal de S\u00e3o Bernardo do Campo, onde acompanharam a festa promovida pelos sindicatos da regi\u00e3o, em comemora\u00e7\u00e3o ao Dia do Trabalhador. As 26 agremia\u00e7\u00f5es, filiadas \u00e0 Central \u00danica dos Trabalhadores (CUT), se revezaram em &hellip;\" \/>\n<meta property=\"og:url\" content=\"https:\/\/agenciabrasil.ebc.com.br\/geral\/noticia\/2026-05\/ato-em-sao-bernardo-mobiliza-sindicatos-e-pede-fim-da-escala-6x1\" \/>\n<meta property=\"og:site_name\" content=\"MRNews\" \/>\n<meta property=\"article:publisher\" content=\"https:\/\/www.facebook.com\/eaipahpah\/?locale2=pt_BR\" \/>\n<meta property=\"article:published_time\" content=\"2026-05-01T23:18:31+00:00\" \/>\n<meta name=\"author\" content=\"MR News\" \/>\n<meta name=\"twitter:card\" content=\"summary_large_image\" \/>\n<meta name=\"twitter:creator\" content=\"@conspirou\" \/>\n<meta name=\"twitter:site\" content=\"@conspirou\" \/>\n<meta name=\"twitter:label1\" content=\"Escrito por\" \/>\n\t<meta name=\"twitter:data1\" content=\"MR News\" \/>\n\t<meta name=\"twitter:label2\" content=\"Est. tempo de leitura\" \/>\n\t<meta name=\"twitter:data2\" content=\"2 minutos\" \/>\n<script type=\"application\/ld+json\" class=\"yoast-schema-graph\">{\"@context\":\"https:\\\/\\\/schema.org\",\"@graph\":[{\"@type\":\"Article\",\"@id\":\"https:\\\/\\\/agenciabrasil.ebc.com.br\\\/geral\\\/noticia\\\/2026-05\\\/ato-em-sao-bernardo-mobiliza-sindicatos-e-pede-fim-da-escala-6x1#article\",\"isPartOf\":{\"@id\":\"https:\\\/\\\/mrnews.com.br\\\/index.php\\\/2026\\\/05\\\/01\\\/ato-em-sao-bernardo-mobiliza-sindicatos-e-pede-fim-da-escala-6x1\\\/\"},\"author\":{\"name\":\"MR News\",\"@id\":\"https:\\\/\\\/mrnews.com.br\\\/#\\\/schema\\\/person\\\/be3203154562a9f207407861cef7827b\"},\"headline\":\"Ato em S\u00e3o Bernardo mobiliza sindicatos e pede fim da escala 6&#215;1\",\"datePublished\":\"2026-05-01T23:18:31+00:00\",\"mainEntityOfPage\":{\"@id\":\"https:\\\/\\\/mrnews.com.br\\\/index.php\\\/2026\\\/05\\\/01\\\/ato-em-sao-bernardo-mobiliza-sindicatos-e-pede-fim-da-escala-6x1\\\/\"},\"wordCount\":452,\"commentCount\":0,\"publisher\":{\"@id\":\"https:\\\/\\\/mrnews.com.br\\\/#organization\"},\"articleSection\":[\"ENTRETENIMENTO\",\"NOTICIAS\",\"SERVI\u00c7OS\"],\"inLanguage\":\"pt-BR\",\"potentialAction\":[{\"@type\":\"CommentAction\",\"name\":\"Comment\",\"target\":[\"https:\\\/\\\/agenciabrasil.ebc.com.br\\\/geral\\\/noticia\\\/2026-05\\\/ato-em-sao-bernardo-mobiliza-sindicatos-e-pede-fim-da-escala-6x1#respond\"]}]},{\"@type\":\"WebPage\",\"@id\":\"https:\\\/\\\/mrnews.com.br\\\/index.php\\\/2026\\\/05\\\/01\\\/ato-em-sao-bernardo-mobiliza-sindicatos-e-pede-fim-da-escala-6x1\\\/\",\"url\":\"https:\\\/\\\/agenciabrasil.ebc.com.br\\\/geral\\\/noticia\\\/2026-05\\\/ato-em-sao-bernardo-mobiliza-sindicatos-e-pede-fim-da-escala-6x1\",\"name\":\"Ato em S\u00e3o Bernardo mobiliza sindicatos e pede fim da escala 6x1\",\"isPartOf\":{\"@id\":\"https:\\\/\\\/mrnews.com.br\\\/#website\"},\"datePublished\":\"2026-05-01T23:18:31+00:00\",\"breadcrumb\":{\"@id\":\"https:\\\/\\\/agenciabrasil.ebc.com.br\\\/geral\\\/noticia\\\/2026-05\\\/ato-em-sao-bernardo-mobiliza-sindicatos-e-pede-fim-da-escala-6x1#breadcrumb\"},\"inLanguage\":\"pt-BR\",\"potentialAction\":[{\"@type\":\"ReadAction\",\"target\":[\"https:\\\/\\\/agenciabrasil.ebc.com.br\\\/geral\\\/noticia\\\/2026-05\\\/ato-em-sao-bernardo-mobiliza-sindicatos-e-pede-fim-da-escala-6x1\"]}]},{\"@type\":\"BreadcrumbList\",\"@id\":\"https:\\\/\\\/agenciabrasil.ebc.com.br\\\/geral\\\/noticia\\\/2026-05\\\/ato-em-sao-bernardo-mobiliza-sindicatos-e-pede-fim-da-escala-6x1#breadcrumb\",\"itemListElement\":[{\"@type\":\"ListItem\",\"position\":1,\"name\":\"In\u00edcio\",\"item\":\"https:\\\/\\\/mrnews.com.br\\\/\"},{\"@type\":\"ListItem\",\"position\":2,\"name\":\"Ato em S\u00e3o Bernardo mobiliza sindicatos e pede fim da escala 6&#215;1\"}]},{\"@type\":\"WebSite\",\"@id\":\"https:\\\/\\\/mrnews.com.br\\\/#website\",\"url\":\"https:\\\/\\\/mrnews.com.br\\\/\",\"name\":\"MRNews\",\"description\":\"MRNews Jogos de hoje da TV, transmiss\u00f5es ao vivo, Not\u00edcias de futebol, Jogos ao vivo, Lives, resumo de novelas, Programa\u00e7\u00e3o da Globo, A Fazenda e BBB\",\"publisher\":{\"@id\":\"https:\\\/\\\/mrnews.com.br\\\/#organization\"},\"potentialAction\":[{\"@type\":\"SearchAction\",\"target\":{\"@type\":\"EntryPoint\",\"urlTemplate\":\"https:\\\/\\\/mrnews.com.br\\\/?s={search_term_string}\"},\"query-input\":{\"@type\":\"PropertyValueSpecification\",\"valueRequired\":true,\"valueName\":\"search_term_string\"}}],\"inLanguage\":\"pt-BR\"},{\"@type\":\"Organization\",\"@id\":\"https:\\\/\\\/mrnews.com.br\\\/#organization\",\"name\":\"MRNews\",\"url\":\"https:\\\/\\\/mrnews.com.br\\\/\",\"logo\":{\"@type\":\"ImageObject\",\"inLanguage\":\"pt-BR\",\"@id\":\"https:\\\/\\\/mrnews.com.br\\\/#\\\/schema\\\/logo\\\/image\\\/\",\"url\":\"https:\\\/\\\/mrnews.com.br\\\/wp-content\\\/uploads\\\/2019\\\/06\\\/MRNewslogo2.png\",\"contentUrl\":\"https:\\\/\\\/mrnews.com.br\\\/wp-content\\\/uploads\\\/2019\\\/06\\\/MRNewslogo2.png\",\"width\":223,\"height\":58,\"caption\":\"MRNews\"},\"image\":{\"@id\":\"https:\\\/\\\/mrnews.com.br\\\/#\\\/schema\\\/logo\\\/image\\\/\"},\"sameAs\":[\"https:\\\/\\\/www.facebook.com\\\/eaipahpah\\\/?locale2=pt_BR\",\"https:\\\/\\\/x.com\\\/conspirou\",\"https:\\\/\\\/www.instagram.com\\\/eai_pahpah\",\"https:\\\/\\\/br.pinterest.com\\\/mrnewsn\\\/boards\\\/\",\"https:\\\/\\\/www.youtube.com\\\/channel\\\/UCacgnpznQ61fifLWr1tQ-vA?view_as=subscriber\"]},{\"@type\":\"Person\",\"@id\":\"https:\\\/\\\/mrnews.com.br\\\/#\\\/schema\\\/person\\\/be3203154562a9f207407861cef7827b\",\"name\":\"MR News\",\"image\":{\"@type\":\"ImageObject\",\"inLanguage\":\"pt-BR\",\"@id\":\"https:\\\/\\\/secure.gravatar.com\\\/avatar\\\/04084e6d73c042b8646e7c17b494073bf0ede3ea13c7105cfc45cbbbc28385a4?s=96&d=monsterid&r=g\",\"url\":\"https:\\\/\\\/secure.gravatar.com\\\/avatar\\\/04084e6d73c042b8646e7c17b494073bf0ede3ea13c7105cfc45cbbbc28385a4?s=96&d=monsterid&r=g\",\"contentUrl\":\"https:\\\/\\\/secure.gravatar.com\\\/avatar\\\/04084e6d73c042b8646e7c17b494073bf0ede3ea13c7105cfc45cbbbc28385a4?s=96&d=monsterid&r=g\",\"caption\":\"MR News\"},\"description\":\"Especializado em jornalismo colaborativo pela FTP em n\u00edvel de p\u00f3s-gradua\u00e7\u00e3o. suporte@oimeliga.combr\",\"sameAs\":[\"HUGO R.\",\"Admin\"],\"url\":\"https:\\\/\\\/mrnews.com.br\\\/index.php\\\/author\\\/admin\\\/\"}]}<\/script>\n<!-- \/ Yoast SEO plugin. -->","yoast_head_json":{"title":"Ato em S\u00e3o Bernardo mobiliza sindicatos e pede fim da escala 6x1","robots":{"index":"index","follow":"follow","max-snippet":"max-snippet:-1","max-image-preview":"max-image-preview:large","max-video-preview":"max-video-preview:-1"},"canonical":"https:\/\/agenciabrasil.ebc.com.br\/geral\/noticia\/2026-05\/ato-em-sao-bernardo-mobiliza-sindicatos-e-pede-fim-da-escala-6x1","og_locale":"pt_BR","og_type":"article","og_title":"Ato em S\u00e3o Bernardo mobiliza sindicatos e pede fim da escala 6x1","og_description":"Por EBC, Alguns milhares de trabalhadores e moradores da regi\u00e3o do ABC paulista se reuniram, neste 1\u00b0 de maio, no Pa\u00e7o Municipal de S\u00e3o Bernardo do Campo, onde acompanharam a festa promovida pelos sindicatos da regi\u00e3o, em comemora\u00e7\u00e3o ao Dia do Trabalhador. As 26 agremia\u00e7\u00f5es, filiadas \u00e0 Central \u00danica dos Trabalhadores (CUT), se revezaram em &hellip;","og_url":"https:\/\/agenciabrasil.ebc.com.br\/geral\/noticia\/2026-05\/ato-em-sao-bernardo-mobiliza-sindicatos-e-pede-fim-da-escala-6x1","og_site_name":"MRNews","article_publisher":"https:\/\/www.facebook.com\/eaipahpah\/?locale2=pt_BR","article_published_time":"2026-05-01T23:18:31+00:00","author":"MR News","twitter_card":"summary_large_image","twitter_creator":"@conspirou","twitter_site":"@conspirou","twitter_misc":{"Escrito por":"MR News","Est. tempo de leitura":"2 minutos"},"schema":{"@context":"https:\/\/schema.org","@graph":[{"@type":"Article","@id":"https:\/\/agenciabrasil.ebc.com.br\/geral\/noticia\/2026-05\/ato-em-sao-bernardo-mobiliza-sindicatos-e-pede-fim-da-escala-6x1#article","isPartOf":{"@id":"https:\/\/mrnews.com.br\/index.php\/2026\/05\/01\/ato-em-sao-bernardo-mobiliza-sindicatos-e-pede-fim-da-escala-6x1\/"},"author":{"name":"MR News","@id":"https:\/\/mrnews.com.br\/#\/schema\/person\/be3203154562a9f207407861cef7827b"},"headline":"Ato em S\u00e3o Bernardo mobiliza sindicatos e pede fim da escala 6&#215;1","datePublished":"2026-05-01T23:18:31+00:00","mainEntityOfPage":{"@id":"https:\/\/mrnews.com.br\/index.php\/2026\/05\/01\/ato-em-sao-bernardo-mobiliza-sindicatos-e-pede-fim-da-escala-6x1\/"},"wordCount":452,"commentCount":0,"publisher":{"@id":"https:\/\/mrnews.com.br\/#organization"},"articleSection":["ENTRETENIMENTO","NOTICIAS","SERVI\u00c7OS"],"inLanguage":"pt-BR","potentialAction":[{"@type":"CommentAction","name":"Comment","target":["https:\/\/agenciabrasil.ebc.com.br\/geral\/noticia\/2026-05\/ato-em-sao-bernardo-mobiliza-sindicatos-e-pede-fim-da-escala-6x1#respond"]}]},{"@type":"WebPage","@id":"https:\/\/mrnews.com.br\/index.php\/2026\/05\/01\/ato-em-sao-bernardo-mobiliza-sindicatos-e-pede-fim-da-escala-6x1\/","url":"https:\/\/agenciabrasil.ebc.com.br\/geral\/noticia\/2026-05\/ato-em-sao-bernardo-mobiliza-sindicatos-e-pede-fim-da-escala-6x1","name":"Ato em S\u00e3o Bernardo mobiliza sindicatos e pede fim da escala 6x1","isPartOf":{"@id":"https:\/\/mrnews.com.br\/#website"},"datePublished":"2026-05-01T23:18:31+00:00","breadcrumb":{"@id":"https:\/\/agenciabrasil.ebc.com.br\/geral\/noticia\/2026-05\/ato-em-sao-bernardo-mobiliza-sindicatos-e-pede-fim-da-escala-6x1#breadcrumb"},"inLanguage":"pt-BR","potentialAction":[{"@type":"ReadAction","target":["https:\/\/agenciabrasil.ebc.com.br\/geral\/noticia\/2026-05\/ato-em-sao-bernardo-mobiliza-sindicatos-e-pede-fim-da-escala-6x1"]}]},{"@type":"BreadcrumbList","@id":"https:\/\/agenciabrasil.ebc.com.br\/geral\/noticia\/2026-05\/ato-em-sao-bernardo-mobiliza-sindicatos-e-pede-fim-da-escala-6x1#breadcrumb","itemListElement":[{"@type":"ListItem","position":1,"name":"In\u00edcio","item":"https:\/\/mrnews.com.br\/"},{"@type":"ListItem","position":2,"name":"Ato em S\u00e3o Bernardo mobiliza sindicatos e pede fim da escala 6&#215;1"}]},{"@type":"WebSite","@id":"https:\/\/mrnews.com.br\/#website","url":"https:\/\/mrnews.com.br\/","name":"MRNews","description":"MRNews Jogos de hoje da TV, transmiss\u00f5es ao vivo, Not\u00edcias de futebol, Jogos ao vivo, Lives, resumo de novelas, Programa\u00e7\u00e3o da Globo, A Fazenda e BBB","publisher":{"@id":"https:\/\/mrnews.com.br\/#organization"},"potentialAction":[{"@type":"SearchAction","target":{"@type":"EntryPoint","urlTemplate":"https:\/\/mrnews.com.br\/?s={search_term_string}"},"query-input":{"@type":"PropertyValueSpecification","valueRequired":true,"valueName":"search_term_string"}}],"inLanguage":"pt-BR"},{"@type":"Organization","@id":"https:\/\/mrnews.com.br\/#organization","name":"MRNews","url":"https:\/\/mrnews.com.br\/","logo":{"@type":"ImageObject","inLanguage":"pt-BR","@id":"https:\/\/mrnews.com.br\/#\/schema\/logo\/image\/","url":"https:\/\/mrnews.com.br\/wp-content\/uploads\/2019\/06\/MRNewslogo2.png","contentUrl":"https:\/\/mrnews.com.br\/wp-content\/uploads\/2019\/06\/MRNewslogo2.png","width":223,"height":58,"caption":"MRNews"},"image":{"@id":"https:\/\/mrnews.com.br\/#\/schema\/logo\/image\/"},"sameAs":["https:\/\/www.facebook.com\/eaipahpah\/?locale2=pt_BR","https:\/\/x.com\/conspirou","https:\/\/www.instagram.com\/eai_pahpah","https:\/\/br.pinterest.com\/mrnewsn\/boards\/","https:\/\/www.youtube.com\/channel\/UCacgnpznQ61fifLWr1tQ-vA?view_as=subscriber"]},{"@type":"Person","@id":"https:\/\/mrnews.com.br\/#\/schema\/person\/be3203154562a9f207407861cef7827b","name":"MR News","image":{"@type":"ImageObject","inLanguage":"pt-BR","@id":"https:\/\/secure.gravatar.com\/avatar\/04084e6d73c042b8646e7c17b494073bf0ede3ea13c7105cfc45cbbbc28385a4?s=96&d=monsterid&r=g","url":"https:\/\/secure.gravatar.com\/avatar\/04084e6d73c042b8646e7c17b494073bf0ede3ea13c7105cfc45cbbbc28385a4?s=96&d=monsterid&r=g","contentUrl":"https:\/\/secure.gravatar.com\/avatar\/04084e6d73c042b8646e7c17b494073bf0ede3ea13c7105cfc45cbbbc28385a4?s=96&d=monsterid&r=g","caption":"MR News"},"description":"Especializado em jornalismo colaborativo pela FTP em n\u00edvel de p\u00f3s-gradua\u00e7\u00e3o. suporte@oimeliga.combr","sameAs":["HUGO R.","Admin"],"url":"https:\/\/mrnews.com.br\/index.php\/author\/admin\/"}]}},"jetpack_featured_media_url":"","jetpack_sharing_enabled":true,"jetpack_shortlink":"https:\/\/wp.me\/pa2Qf7-1VIQ","amp_enabled":true,"_links":{"self":[{"href":"https:\/\/mrnews.com.br\/index.php\/wp-json\/wp\/v2\/posts\/460216","targetHints":{"allow":["GET"]}}],"collection":[{"href":"https:\/\/mrnews.com.br\/index.php\/wp-json\/wp\/v2\/posts"}],"about":[{"href":"https:\/\/mrnews.com.br\/index.php\/wp-json\/wp\/v2\/types\/post"}],"author":[{"embeddable":true,"href":"https:\/\/mrnews.com.br\/index.php\/wp-json\/wp\/v2\/users\/1"}],"replies":[{"embeddable":true,"href":"https:\/\/mrnews.com.br\/index.php\/wp-json\/wp\/v2\/comments?post=460216"}],"version-history":[{"count":0,"href":"https:\/\/mrnews.com.br\/index.php\/wp-json\/wp\/v2\/posts\/460216\/revisions"}],"wp:attachment":[{"href":"https:\/\/mrnews.com.br\/index.php\/wp-json\/wp\/v2\/media?parent=460216"}],"wp:term":[{"taxonomy":"category","embeddable":true,"href":"https:\/\/mrnews.com.br\/index.php\/wp-json\/wp\/v2\/categories?post=460216"},{"taxonomy":"post_tag","embeddable":true,"href":"https:\/\/mrnews.com.br\/index.php\/wp-json\/wp\/v2\/tags?post=460216"}],"curies":[{"name":"wp","href":"https:\/\/api.w.org\/{rel}","templated":true}]}}