{"id":460218,"date":"2026-05-01T21:08:32","date_gmt":"2026-05-02T00:08:32","guid":{"rendered":"https:\/\/mrnews.com.br\/index.php\/2026\/05\/01\/mec-autoriza-aquisicao-de-predio-do-campus-diadema-ifsp\/"},"modified":"2026-05-01T21:08:32","modified_gmt":"2026-05-02T00:08:32","slug":"mec-autoriza-aquisicao-de-predio-do-campus-diadema-ifsp","status":"publish","type":"post","link":"https:\/\/mrnews.com.br\/index.php\/2026\/05\/01\/mec-autoriza-aquisicao-de-predio-do-campus-diadema-ifsp\/","title":{"rendered":"MEC autoriza aquisi\u00e7\u00e3o de pr\u00e9dio do Campus Diadema\u00a0 &#8211; IFSP"},"content":{"rendered":"<p><\/p>\n<div>\n<div class=\"subtitle\">\n<p><span data-contrast=\"auto\">Assinatura do termo ocorreu durante visita do ministro Leonardo\u00a0Barchini\u00a0\u00e0 nova\u00a0reitoria do\u00a0IFSP<\/span><\/p>\n<\/div>\n<p><!-- fim .content-header-options-1 --><\/p>\n<p><span data-contrast=\"auto\">O Instituto Federal de Educa\u00e7\u00e3o, Ci\u00eancia e Tecnologia de S\u00e3o Paulo (IFSP) recebeu, nesta quinta-feira (30), a visita do ministro da Educa\u00e7\u00e3o, Leonardo\u00a0Barchini, e de uma equipe do Minist\u00e9rio da Educa\u00e7\u00e3o (MEC). Na ocasi\u00e3o, o ministro conheceu a nova sede da reitoria da institui\u00e7\u00e3o e tamb\u00e9m assinou o termo de aquisi\u00e7\u00e3o do pr\u00e9dio que abrigar\u00e1 o Campus Diadema, viabilizado com recursos da ordem de R$ 25 milh\u00f5es de reais, provenientes do Novo Programa de Acelera\u00e7\u00e3o do Crescimento (Novo PAC).\u00a0<\/span><span data-ccp-props=\"{}\">\u00a0<\/span><\/p>\n<p><span data-contrast=\"auto\">O im\u00f3vel\u00a0do\u00a0Campus Diadema\u00a0tem\u00a0\u00e1rea privativa de 4.421,15\u00a0m2\u00a0e \u00e1rea total de 24.352,35\u00a0m2.\u00a0A unidade\u00a0\u00e9 composta\u00a0por pr\u00e9dios, pra\u00e7as, \u00e1reas de lazer e arruamentos,\u00a0com\u00a0espa\u00e7os como\u00a0salas de aula,\u00a0sal\u00e3o de eventos com capacidade para 1,5\u00a0mil\u00a0pessoas, museu,\u00a0lanchonete, refeit\u00f3rio,\u00a0quadra de t\u00eanis, quadra poliesportiva,\u00a0pista\u00a0de atletismo, \u00e1rea de piscina com vesti\u00e1rios, jardim japon\u00eas com lago,\u00a0playground\u00a0e estacionamento para 200 carros,\u00a0al\u00e9m de\u00a0outras \u00e1reas comuns.\u00a0A estrutura passar\u00e1 por reforma, e os projetos para sua adequa\u00e7\u00e3o j\u00e1 est\u00e3o em elabora\u00e7\u00e3o.\u00a0O novo campus ofertar\u00e1 cursos t\u00e9cnicos alinhados \u00e0s voca\u00e7\u00f5es produtivas do territ\u00f3rio do Grande ABC, regi\u00e3o historicamente marcada pela forte presen\u00e7a da ind\u00fastria, especialmente nos setores metalmec\u00e2nico, automotivo e de tecnologia.<\/span><span data-ccp-props=\"{}\">\u00a0<\/span><\/p>\n<p><span data-ccp-props=\"{}\"><span class=\"embed-youtube\" style=\"text-align:center; display: block;\"><iframe loading=\"lazy\" class=\"youtube-player\" width=\"640\" height=\"360\" src=\"https:\/\/www.youtube.com\/embed\/_NHf27aAN5c?version=3&#038;rel=1&#038;showsearch=0&#038;showinfo=1&#038;iv_load_policy=1&#038;fs=1&#038;hl=pt-BR&#038;autohide=2&#038;wmode=transparent\" allowfullscreen=\"true\" style=\"border:0;\" sandbox=\"allow-scripts allow-same-origin allow-popups allow-presentation allow-popups-to-escape-sandbox\"><\/iframe><\/span><\/span><\/p>\n<p><span data-contrast=\"auto\">A\u00a0visita do ministro teve in\u00edcio no Campus S\u00e3o Paulo do IFSP, onde ele e sua comitiva visitaram projetos desenvolvidos nos laborat\u00f3rios da unidade. Em seguida, conheceram as instala\u00e7\u00f5es da nova sede da reitoria. Constru\u00eddo em uma \u00e1rea de 2.749,43 m\u00b2, o pr\u00e9dio est\u00e1 localizado ao lado da portaria B do Campus S\u00e3o Paulo e conta com quatro pavimentos, que abrigam as cinco\u00a0pr\u00f3-reitorias\u00a0e as diretorias institucionais.\u00a0A nova reitoria do IFSP\u00a0recebeu aproximadamente R$ 17,5 milh\u00f5es\u00a0por meio do Novo\u00a0PAC\u00a0e foi inaugurada\u00a0durante evento em mar\u00e7o,\u00a0no qual o presidente da rep\u00fablica, Luiz In\u00e1cio Lula da Silva, que entregou\u00a0mais de 100 obras para a educa\u00e7\u00e3o.\u00a0<\/span><span data-ccp-props=\"{}\">\u00a0<\/span><\/p>\n<p><span data-contrast=\"auto\">\u201cCom essa entrega, os\u00a0servidores da reitoria que trabalhavam em lugares improvisados\u00a0ter\u00e3o mais dignidade\u00a0e\u00a0mais conforto.\u00a0V\u00e1rias salas n\u00e3o tinham nem janelas, por isso, nosso sonho era construir essa reitoria\u201d, contou\u00a0Silm\u00e1rio Batista dos Santos, reitor do IFSP.\u00a0\u201cO IF de S\u00e3o Paulo era um dos que n\u00e3o tinha sede pr\u00f3pria\u00a0e,\u00a0hoje,\u00a0n\u00f3s sa\u00edmos dessa fila e\u00a0os que\u00a0ainda n\u00e3o\u00a0a\u00a0t\u00eam\u00a0tamb\u00e9m j\u00e1 est\u00e3o saindo. Essa \u00e9 mais uma a\u00e7\u00e3o\u00a0do MEC\u00a0para nos dar condi\u00e7\u00f5es de fazer o que fazemos de melhor: entregar um ensino p\u00fablico, gratuito e de qualidade\u201d, completou.\u00a0<\/span><span data-ccp-props=\"{}\">\u00a0<\/span><\/p>\n<p><span data-contrast=\"auto\">O ministro da Educa\u00e7\u00e3o, Leonardo\u00a0Barchini, afirmou que, para o atual governo, nada \u00e9 mais importante do que formar os jovens\u00a0e que a\u00a0partir do momento que\u00a0o Brasil passou\u00a0a investir na educa\u00e7\u00e3o p\u00fablica, os jovens brasileiros responderam esse investimento alcan\u00e7ando n\u00edveis internacionais de qualidade da educa\u00e7\u00e3o, se equiparando aos pa\u00edses com os melhores \u00edndices de educa\u00e7\u00e3o do mundo.\u00a0Ele afirmou que o IFSP \u00e9 um modelo a ser seguido por todo o Brasil.<\/span><span data-ccp-props=\"{}\">\u00a0<\/span><\/p>\n<p><span data-contrast=\"auto\">\u201cEu vi o instituto federal, dos anos 2000 para c\u00e1, sair de tr\u00eas unidades aqui em S\u00e3o Paulo para 41. Agora n\u00f3s vamos chegar a 57\u00a0e nosso alvo \u00e9 chegar a 100\u201d, comemorou.\u00a0Segundo\u00a0eo\u00a0ministro,\u00a0a expans\u00e3o\u00a0garantiu tamb\u00e9m a qualidade das infraestruturas, de forma que\u00a0as unidades do IFSP\u00a0podem ser consideradas um\u00a0modelo\u00a0para toda a educa\u00e7\u00e3o p\u00fablica.\u00a0<\/span><\/p>\n<blockquote>\n<p><span data-contrast=\"auto\">\u201cNosso sonho \u00e9 que toda a educa\u00e7\u00e3o brasileira tenha\u00a0um\u00a0padr\u00e3o de qualidade similar ao deste instituto federal\u00a0\u2013\u00a0isso aqui \u00e9 um exemplo para n\u00f3s. O presidente Lula falou\u00a0pra\u00a0mim:\u00a0\u2018eu quero que toda escola brasileira seja parecida\u00a0com o\u00a0modelo\u00a0dos institutos federais que a gente inaugurou\u2019. E esse \u00e9 o desafio que\u00a0estamos encarando\u00a0na constru\u00e7\u00e3o de um plano para\u00a0a\u00a0infraestrutura da educa\u00e7\u00e3o b\u00e1sica, que ser\u00e1 apresentado para a sociedade\u201d, afirmou o ministro<\/span><span data-ccp-props=\"{}\">\u00a0Leonardo\u00a0Barchini.<\/span><\/p>\n<\/blockquote>\n<p><span data-contrast=\"auto\">A\u00a0estudante de engenharia de controle e automa\u00e7\u00e3o do IFSP, Rafaela Ruiz,\u00a0celebrou os investimentos na institui\u00e7\u00e3o, afirmando que\u00a0eles promovem\u00a0a inova\u00e7\u00e3o tecnol\u00f3gica nacional e, acima de tudo,\u00a0a inclus\u00e3o.\u00a0\u201cEu sou mulher e estudante de um curso que, historicamente, possui desafios\u00a0na\u00a0representatividade feminina. Estar aqui,\u00a0hoje,\u00a0refor\u00e7a o quanto o IFSP tem um papel fundamental\u00a0na amplia\u00e7\u00e3o de oportunidades, incentivando mulheres a ocuparem lugares de lideran\u00e7a na ci\u00eancia e na engenharia.\u00a0E eu tenho certeza de que essa viv\u00eancia n\u00e3o \u00e9 s\u00f3 minha, mas compartilhada por milhares de estudantes do estado de S\u00e3o Paulo, que estou aqui representando\u201d,\u00a0disse.\u00a0\u00a0<\/span><span data-ccp-props=\"{}\">\u00a0<\/span><\/p>\n<p><span data-contrast=\"auto\">Denilza\u00a0Frade, diretora-geral do Campus Jardim \u00c2ngela, falou em nome dos servidores do IFSP e disse que a presen\u00e7a do ministro da Educa\u00e7\u00e3o no IFSP reafirma o compromisso com uma gest\u00e3o p\u00fablica pr\u00f3xima dos territ\u00f3rios, atenta \u00e0s realidades locais e aos desafios enfrentados pela educa\u00e7\u00e3o p\u00fablica\u00a0no estado.<\/span><span data-ccp-props=\"{}\">\u00a0<\/span><\/p>\n<p><span data-contrast=\"auto\">\u201cO IFSP \u00e9 o maior instituto federal em estrutura f\u00edsica e de servidores de todo o Brasil. E esse tamanho n\u00e3o \u00e9 um trof\u00e9u \u2014 \u00e9 tamb\u00e9m um peso de grande monta. \u00c9 uma responsabilidade institucional imensa: a de garantir ensino p\u00fablico, gratuito e de qualidade, voltado especialmente \u00e0 forma\u00e7\u00e3o t\u00e9cnica e profissional dos trabalhadores e de seus filhos, contribuindo para o desenvolvimento social e econ\u00f4mico do Brasil\u201d, afirmou.<\/span><span data-ccp-props=\"{}\">\u00a0<\/span><\/p>\n<p><span data-contrast=\"auto\">Denilza\u00a0destacou a confian\u00e7a no trabalho conjunto entre o IFSP e o governo Federal para a consolida\u00e7\u00e3o de pol\u00edticas p\u00fablicas que promovam acesso, oportunidades e dignidade \u00e0 popula\u00e7\u00e3o que mais necessita. E refor\u00e7ou o compromisso da institui\u00e7\u00e3o em fortalecer a educa\u00e7\u00e3o profissional, cient\u00edfica e tecnol\u00f3gica como instrumento de inclus\u00e3o e transforma\u00e7\u00e3o social.<\/span><span data-ccp-props=\"{&quot;134233117&quot;:false,&quot;134233118&quot;:false,&quot;201341983&quot;:0,&quot;335551550&quot;:1,&quot;335551620&quot;:1,&quot;335559685&quot;:0,&quot;335559737&quot;:0,&quot;335559738&quot;:0,&quot;335559739&quot;:160,&quot;335559740&quot;:279}\">\u00a0<\/span><\/p>\n<p><strong>Expans\u00e3o\u00a0<\/strong><\/p>\n<p><span data-contrast=\"auto\">\u00a0No Instituto Federal de S\u00e3o Paulo,\u00a0que atualmente conta com 41 campi e um polo de inova\u00e7\u00e3o, est\u00e3o sendo investidos R$ 391,2 milh\u00f5es para a constru\u00e7\u00e3o de 16 novos campi: Carapicu\u00edba; Cotia; Diadema; Franco da Rocha; Guaruj\u00e1; Mau\u00e1; Osasco; Ribeir\u00e3o Preto; Santos; S\u00e3o Bernardo do Campo; S\u00e3o Paulo \u2013 Cidade Tiradentes; S\u00e3o Paulo \u2013 Ja\u00e7an\u00e3; S\u00e3o Paulo \u2013 Jardim \u00c2ngela; S\u00e3o Vicente; Serrana; Sumar\u00e9.\u00a0<\/span><span data-ccp-props=\"{&quot;134233117&quot;:false,&quot;134233118&quot;:false,&quot;201341983&quot;:0,&quot;335551550&quot;:1,&quot;335551620&quot;:1,&quot;335559685&quot;:0,&quot;335559737&quot;:0,&quot;335559738&quot;:0,&quot;335559739&quot;:160,&quot;335559740&quot;:279}\">\u00a0<\/span><\/p>\n<p><span data-contrast=\"auto\">O Novo PAC tamb\u00e9m prev\u00ea recursos para a consolida\u00e7\u00e3o dos institutos federais. Essa a\u00e7\u00e3o visa\u00a0aos campi que ainda n\u00e3o t\u00eam infraestrutura completa. A prioridade do investimento\u00a0\u00e9 a\u00a0constru\u00e7\u00e3o de restaurantes estudantis, bibliotecas, blocos de salas de aula,\u00a0laborat\u00f3rios, quadras poliesportivas e unidades em sedes pr\u00f3prias. Para o IFSP, s\u00e3o R$\u202f165,8\u202fmilh\u00f5es de investimentos na a\u00e7\u00e3o de consolida\u00e7\u00e3o. No per\u00edodo de 2023 a 2025, foram repassados R$\u202f152,5\u202fmilh\u00f5es, incluindo aditivos. Ainda est\u00e3o previstos outros R$\u202f36,2\u202fmilh\u00f5es.\u00a0\u00a0<\/span><span data-ccp-props=\"{}\">\u00a0<\/span><\/p>\n<p><span data-contrast=\"auto\">O IFSP oferta 660 cursos com 39,8 mil vagas anuais e 67,8 mil estudantes matriculados. O quadro de pessoal \u00e9 composto por 2,6 mil docentes e 2,1 mil t\u00e9cnicos\u00a0administrativos em educa\u00e7\u00e3o.<\/span><span data-ccp-props=\"{}\">\u00a0<\/span><\/p>\n<p><span data-ccp-props=\"{}\">Acesse aqui o \u00e1lbum com as fotos do evento.<\/span><\/p>\n<p>*Com informa\u00e7\u00f5es da Assessoria de Comunica\u00e7\u00e3o do Minist\u00e9rio da Educa\u00e7\u00e3o\u00a0<\/p>\n<\/div>\n","protected":false},"excerpt":{"rendered":"<p>Assinatura do termo ocorreu durante visita do ministro Leonardo\u00a0Barchini\u00a0\u00e0 nova\u00a0reitoria do\u00a0IFSP O Instituto Federal de Educa\u00e7\u00e3o, Ci\u00eancia e Tecnologia de S\u00e3o Paulo (IFSP) recebeu, nesta quinta-feira (30), a visita do ministro da Educa\u00e7\u00e3o, Leonardo\u00a0Barchini, e de uma equipe do Minist\u00e9rio da Educa\u00e7\u00e3o (MEC). Na ocasi\u00e3o, o ministro conheceu a nova sede da reitoria da institui\u00e7\u00e3o &hellip;<\/p>\n","protected":false},"author":1,"featured_media":0,"comment_status":"open","ping_status":"open","sticky":false,"template":"","format":"standard","meta":{"_jetpack_memberships_contains_paid_content":false,"footnotes":""},"categories":[4],"tags":[],"class_list":["post-460218","post","type-post","status-publish","format-standard","hentry","category-servicos"],"yoast_head":"<!-- This site is optimized with the Yoast SEO plugin v27.5 - https:\/\/yoast.com\/product\/yoast-seo-wordpress\/ -->\n<title>MEC autoriza aquisi\u00e7\u00e3o de pr\u00e9dio do Campus Diadema\u00a0 - IFSP<\/title>\n<meta name=\"robots\" content=\"index, follow, max-snippet:-1, max-image-preview:large, max-video-preview:-1\" \/>\n<link rel=\"canonical\" href=\"https:\/\/www.ifsp.edu.br\/index.php\/ultimas-noticias\/5840-mec-autoriza-aquisicao-de-predio-do-campus-diadema\" \/>\n<meta property=\"og:locale\" content=\"pt_BR\" \/>\n<meta property=\"og:type\" content=\"article\" \/>\n<meta property=\"og:title\" content=\"MEC autoriza aquisi\u00e7\u00e3o de pr\u00e9dio do Campus Diadema\u00a0 - IFSP\" \/>\n<meta property=\"og:description\" content=\"Assinatura do termo ocorreu durante visita do ministro Leonardo\u00a0Barchini\u00a0\u00e0 nova\u00a0reitoria do\u00a0IFSP O Instituto Federal de Educa\u00e7\u00e3o, Ci\u00eancia e Tecnologia de S\u00e3o Paulo (IFSP) recebeu, nesta quinta-feira (30), a visita do ministro da Educa\u00e7\u00e3o, Leonardo\u00a0Barchini, e de uma equipe do Minist\u00e9rio da Educa\u00e7\u00e3o (MEC). Na ocasi\u00e3o, o ministro conheceu a nova sede da reitoria da institui\u00e7\u00e3o &hellip;\" \/>\n<meta property=\"og:url\" content=\"https:\/\/www.ifsp.edu.br\/index.php\/ultimas-noticias\/5840-mec-autoriza-aquisicao-de-predio-do-campus-diadema\" \/>\n<meta property=\"og:site_name\" content=\"MRNews\" \/>\n<meta property=\"article:publisher\" content=\"https:\/\/www.facebook.com\/eaipahpah\/?locale2=pt_BR\" \/>\n<meta property=\"article:published_time\" content=\"2026-05-02T00:08:32+00:00\" \/>\n<meta name=\"author\" content=\"MR News\" \/>\n<meta name=\"twitter:card\" content=\"summary_large_image\" \/>\n<meta name=\"twitter:creator\" content=\"@conspirou\" \/>\n<meta name=\"twitter:site\" content=\"@conspirou\" \/>\n<meta name=\"twitter:label1\" content=\"Escrito por\" \/>\n\t<meta name=\"twitter:data1\" content=\"MR News\" \/>\n\t<meta name=\"twitter:label2\" content=\"Est. tempo de leitura\" \/>\n\t<meta name=\"twitter:data2\" content=\"6 minutos\" \/>\n<script type=\"application\/ld+json\" class=\"yoast-schema-graph\">{\"@context\":\"https:\\\/\\\/schema.org\",\"@graph\":[{\"@type\":\"Article\",\"@id\":\"https:\\\/\\\/www.ifsp.edu.br\\\/index.php\\\/ultimas-noticias\\\/5840-mec-autoriza-aquisicao-de-predio-do-campus-diadema#article\",\"isPartOf\":{\"@id\":\"https:\\\/\\\/mrnews.com.br\\\/index.php\\\/2026\\\/05\\\/01\\\/mec-autoriza-aquisicao-de-predio-do-campus-diadema-ifsp\\\/\"},\"author\":{\"name\":\"MR News\",\"@id\":\"https:\\\/\\\/mrnews.com.br\\\/#\\\/schema\\\/person\\\/be3203154562a9f207407861cef7827b\"},\"headline\":\"MEC autoriza aquisi\u00e7\u00e3o de pr\u00e9dio do Campus Diadema\u00a0 &#8211; IFSP\",\"datePublished\":\"2026-05-02T00:08:32+00:00\",\"mainEntityOfPage\":{\"@id\":\"https:\\\/\\\/mrnews.com.br\\\/index.php\\\/2026\\\/05\\\/01\\\/mec-autoriza-aquisicao-de-predio-do-campus-diadema-ifsp\\\/\"},\"wordCount\":1241,\"commentCount\":0,\"publisher\":{\"@id\":\"https:\\\/\\\/mrnews.com.br\\\/#organization\"},\"articleSection\":[\"SERVI\u00c7OS\"],\"inLanguage\":\"pt-BR\",\"potentialAction\":[{\"@type\":\"CommentAction\",\"name\":\"Comment\",\"target\":[\"https:\\\/\\\/www.ifsp.edu.br\\\/index.php\\\/ultimas-noticias\\\/5840-mec-autoriza-aquisicao-de-predio-do-campus-diadema#respond\"]}]},{\"@type\":\"WebPage\",\"@id\":\"https:\\\/\\\/mrnews.com.br\\\/index.php\\\/2026\\\/05\\\/01\\\/mec-autoriza-aquisicao-de-predio-do-campus-diadema-ifsp\\\/\",\"url\":\"https:\\\/\\\/www.ifsp.edu.br\\\/index.php\\\/ultimas-noticias\\\/5840-mec-autoriza-aquisicao-de-predio-do-campus-diadema\",\"name\":\"MEC autoriza aquisi\u00e7\u00e3o de pr\u00e9dio do Campus Diadema\u00a0 - IFSP\",\"isPartOf\":{\"@id\":\"https:\\\/\\\/mrnews.com.br\\\/#website\"},\"datePublished\":\"2026-05-02T00:08:32+00:00\",\"breadcrumb\":{\"@id\":\"https:\\\/\\\/www.ifsp.edu.br\\\/index.php\\\/ultimas-noticias\\\/5840-mec-autoriza-aquisicao-de-predio-do-campus-diadema#breadcrumb\"},\"inLanguage\":\"pt-BR\",\"potentialAction\":[{\"@type\":\"ReadAction\",\"target\":[\"https:\\\/\\\/www.ifsp.edu.br\\\/index.php\\\/ultimas-noticias\\\/5840-mec-autoriza-aquisicao-de-predio-do-campus-diadema\"]}]},{\"@type\":\"BreadcrumbList\",\"@id\":\"https:\\\/\\\/www.ifsp.edu.br\\\/index.php\\\/ultimas-noticias\\\/5840-mec-autoriza-aquisicao-de-predio-do-campus-diadema#breadcrumb\",\"itemListElement\":[{\"@type\":\"ListItem\",\"position\":1,\"name\":\"In\u00edcio\",\"item\":\"https:\\\/\\\/mrnews.com.br\\\/\"},{\"@type\":\"ListItem\",\"position\":2,\"name\":\"MEC autoriza aquisi\u00e7\u00e3o de pr\u00e9dio do Campus Diadema\u00a0 &#8211; IFSP\"}]},{\"@type\":\"WebSite\",\"@id\":\"https:\\\/\\\/mrnews.com.br\\\/#website\",\"url\":\"https:\\\/\\\/mrnews.com.br\\\/\",\"name\":\"MRNews\",\"description\":\"MRNews Jogos de hoje da TV, transmiss\u00f5es ao vivo, Not\u00edcias de futebol, Jogos ao vivo, Lives, resumo de novelas, Programa\u00e7\u00e3o da Globo, A Fazenda e BBB\",\"publisher\":{\"@id\":\"https:\\\/\\\/mrnews.com.br\\\/#organization\"},\"potentialAction\":[{\"@type\":\"SearchAction\",\"target\":{\"@type\":\"EntryPoint\",\"urlTemplate\":\"https:\\\/\\\/mrnews.com.br\\\/?s={search_term_string}\"},\"query-input\":{\"@type\":\"PropertyValueSpecification\",\"valueRequired\":true,\"valueName\":\"search_term_string\"}}],\"inLanguage\":\"pt-BR\"},{\"@type\":\"Organization\",\"@id\":\"https:\\\/\\\/mrnews.com.br\\\/#organization\",\"name\":\"MRNews\",\"url\":\"https:\\\/\\\/mrnews.com.br\\\/\",\"logo\":{\"@type\":\"ImageObject\",\"inLanguage\":\"pt-BR\",\"@id\":\"https:\\\/\\\/mrnews.com.br\\\/#\\\/schema\\\/logo\\\/image\\\/\",\"url\":\"https:\\\/\\\/mrnews.com.br\\\/wp-content\\\/uploads\\\/2019\\\/06\\\/MRNewslogo2.png\",\"contentUrl\":\"https:\\\/\\\/mrnews.com.br\\\/wp-content\\\/uploads\\\/2019\\\/06\\\/MRNewslogo2.png\",\"width\":223,\"height\":58,\"caption\":\"MRNews\"},\"image\":{\"@id\":\"https:\\\/\\\/mrnews.com.br\\\/#\\\/schema\\\/logo\\\/image\\\/\"},\"sameAs\":[\"https:\\\/\\\/www.facebook.com\\\/eaipahpah\\\/?locale2=pt_BR\",\"https:\\\/\\\/x.com\\\/conspirou\",\"https:\\\/\\\/www.instagram.com\\\/eai_pahpah\",\"https:\\\/\\\/br.pinterest.com\\\/mrnewsn\\\/boards\\\/\",\"https:\\\/\\\/www.youtube.com\\\/channel\\\/UCacgnpznQ61fifLWr1tQ-vA?view_as=subscriber\"]},{\"@type\":\"Person\",\"@id\":\"https:\\\/\\\/mrnews.com.br\\\/#\\\/schema\\\/person\\\/be3203154562a9f207407861cef7827b\",\"name\":\"MR News\",\"image\":{\"@type\":\"ImageObject\",\"inLanguage\":\"pt-BR\",\"@id\":\"https:\\\/\\\/secure.gravatar.com\\\/avatar\\\/04084e6d73c042b8646e7c17b494073bf0ede3ea13c7105cfc45cbbbc28385a4?s=96&d=monsterid&r=g\",\"url\":\"https:\\\/\\\/secure.gravatar.com\\\/avatar\\\/04084e6d73c042b8646e7c17b494073bf0ede3ea13c7105cfc45cbbbc28385a4?s=96&d=monsterid&r=g\",\"contentUrl\":\"https:\\\/\\\/secure.gravatar.com\\\/avatar\\\/04084e6d73c042b8646e7c17b494073bf0ede3ea13c7105cfc45cbbbc28385a4?s=96&d=monsterid&r=g\",\"caption\":\"MR News\"},\"description\":\"Especializado em jornalismo colaborativo pela FTP em n\u00edvel de p\u00f3s-gradua\u00e7\u00e3o. suporte@oimeliga.combr\",\"sameAs\":[\"HUGO R.\",\"Admin\"],\"url\":\"https:\\\/\\\/mrnews.com.br\\\/index.php\\\/author\\\/admin\\\/\"}]}<\/script>\n<!-- \/ Yoast SEO plugin. -->","yoast_head_json":{"title":"MEC autoriza aquisi\u00e7\u00e3o de pr\u00e9dio do Campus Diadema\u00a0 - IFSP","robots":{"index":"index","follow":"follow","max-snippet":"max-snippet:-1","max-image-preview":"max-image-preview:large","max-video-preview":"max-video-preview:-1"},"canonical":"https:\/\/www.ifsp.edu.br\/index.php\/ultimas-noticias\/5840-mec-autoriza-aquisicao-de-predio-do-campus-diadema","og_locale":"pt_BR","og_type":"article","og_title":"MEC autoriza aquisi\u00e7\u00e3o de pr\u00e9dio do Campus Diadema\u00a0 - IFSP","og_description":"Assinatura do termo ocorreu durante visita do ministro Leonardo\u00a0Barchini\u00a0\u00e0 nova\u00a0reitoria do\u00a0IFSP O Instituto Federal de Educa\u00e7\u00e3o, Ci\u00eancia e Tecnologia de S\u00e3o Paulo (IFSP) recebeu, nesta quinta-feira (30), a visita do ministro da Educa\u00e7\u00e3o, Leonardo\u00a0Barchini, e de uma equipe do Minist\u00e9rio da Educa\u00e7\u00e3o (MEC). Na ocasi\u00e3o, o ministro conheceu a nova sede da reitoria da institui\u00e7\u00e3o &hellip;","og_url":"https:\/\/www.ifsp.edu.br\/index.php\/ultimas-noticias\/5840-mec-autoriza-aquisicao-de-predio-do-campus-diadema","og_site_name":"MRNews","article_publisher":"https:\/\/www.facebook.com\/eaipahpah\/?locale2=pt_BR","article_published_time":"2026-05-02T00:08:32+00:00","author":"MR News","twitter_card":"summary_large_image","twitter_creator":"@conspirou","twitter_site":"@conspirou","twitter_misc":{"Escrito por":"MR News","Est. tempo de leitura":"6 minutos"},"schema":{"@context":"https:\/\/schema.org","@graph":[{"@type":"Article","@id":"https:\/\/www.ifsp.edu.br\/index.php\/ultimas-noticias\/5840-mec-autoriza-aquisicao-de-predio-do-campus-diadema#article","isPartOf":{"@id":"https:\/\/mrnews.com.br\/index.php\/2026\/05\/01\/mec-autoriza-aquisicao-de-predio-do-campus-diadema-ifsp\/"},"author":{"name":"MR News","@id":"https:\/\/mrnews.com.br\/#\/schema\/person\/be3203154562a9f207407861cef7827b"},"headline":"MEC autoriza aquisi\u00e7\u00e3o de pr\u00e9dio do Campus Diadema\u00a0 &#8211; IFSP","datePublished":"2026-05-02T00:08:32+00:00","mainEntityOfPage":{"@id":"https:\/\/mrnews.com.br\/index.php\/2026\/05\/01\/mec-autoriza-aquisicao-de-predio-do-campus-diadema-ifsp\/"},"wordCount":1241,"commentCount":0,"publisher":{"@id":"https:\/\/mrnews.com.br\/#organization"},"articleSection":["SERVI\u00c7OS"],"inLanguage":"pt-BR","potentialAction":[{"@type":"CommentAction","name":"Comment","target":["https:\/\/www.ifsp.edu.br\/index.php\/ultimas-noticias\/5840-mec-autoriza-aquisicao-de-predio-do-campus-diadema#respond"]}]},{"@type":"WebPage","@id":"https:\/\/mrnews.com.br\/index.php\/2026\/05\/01\/mec-autoriza-aquisicao-de-predio-do-campus-diadema-ifsp\/","url":"https:\/\/www.ifsp.edu.br\/index.php\/ultimas-noticias\/5840-mec-autoriza-aquisicao-de-predio-do-campus-diadema","name":"MEC autoriza aquisi\u00e7\u00e3o de pr\u00e9dio do Campus Diadema\u00a0 - IFSP","isPartOf":{"@id":"https:\/\/mrnews.com.br\/#website"},"datePublished":"2026-05-02T00:08:32+00:00","breadcrumb":{"@id":"https:\/\/www.ifsp.edu.br\/index.php\/ultimas-noticias\/5840-mec-autoriza-aquisicao-de-predio-do-campus-diadema#breadcrumb"},"inLanguage":"pt-BR","potentialAction":[{"@type":"ReadAction","target":["https:\/\/www.ifsp.edu.br\/index.php\/ultimas-noticias\/5840-mec-autoriza-aquisicao-de-predio-do-campus-diadema"]}]},{"@type":"BreadcrumbList","@id":"https:\/\/www.ifsp.edu.br\/index.php\/ultimas-noticias\/5840-mec-autoriza-aquisicao-de-predio-do-campus-diadema#breadcrumb","itemListElement":[{"@type":"ListItem","position":1,"name":"In\u00edcio","item":"https:\/\/mrnews.com.br\/"},{"@type":"ListItem","position":2,"name":"MEC autoriza aquisi\u00e7\u00e3o de pr\u00e9dio do Campus Diadema\u00a0 &#8211; IFSP"}]},{"@type":"WebSite","@id":"https:\/\/mrnews.com.br\/#website","url":"https:\/\/mrnews.com.br\/","name":"MRNews","description":"MRNews Jogos de hoje da TV, transmiss\u00f5es ao vivo, Not\u00edcias de futebol, Jogos ao vivo, Lives, resumo de novelas, Programa\u00e7\u00e3o da Globo, A Fazenda e BBB","publisher":{"@id":"https:\/\/mrnews.com.br\/#organization"},"potentialAction":[{"@type":"SearchAction","target":{"@type":"EntryPoint","urlTemplate":"https:\/\/mrnews.com.br\/?s={search_term_string}"},"query-input":{"@type":"PropertyValueSpecification","valueRequired":true,"valueName":"search_term_string"}}],"inLanguage":"pt-BR"},{"@type":"Organization","@id":"https:\/\/mrnews.com.br\/#organization","name":"MRNews","url":"https:\/\/mrnews.com.br\/","logo":{"@type":"ImageObject","inLanguage":"pt-BR","@id":"https:\/\/mrnews.com.br\/#\/schema\/logo\/image\/","url":"https:\/\/mrnews.com.br\/wp-content\/uploads\/2019\/06\/MRNewslogo2.png","contentUrl":"https:\/\/mrnews.com.br\/wp-content\/uploads\/2019\/06\/MRNewslogo2.png","width":223,"height":58,"caption":"MRNews"},"image":{"@id":"https:\/\/mrnews.com.br\/#\/schema\/logo\/image\/"},"sameAs":["https:\/\/www.facebook.com\/eaipahpah\/?locale2=pt_BR","https:\/\/x.com\/conspirou","https:\/\/www.instagram.com\/eai_pahpah","https:\/\/br.pinterest.com\/mrnewsn\/boards\/","https:\/\/www.youtube.com\/channel\/UCacgnpznQ61fifLWr1tQ-vA?view_as=subscriber"]},{"@type":"Person","@id":"https:\/\/mrnews.com.br\/#\/schema\/person\/be3203154562a9f207407861cef7827b","name":"MR News","image":{"@type":"ImageObject","inLanguage":"pt-BR","@id":"https:\/\/secure.gravatar.com\/avatar\/04084e6d73c042b8646e7c17b494073bf0ede3ea13c7105cfc45cbbbc28385a4?s=96&d=monsterid&r=g","url":"https:\/\/secure.gravatar.com\/avatar\/04084e6d73c042b8646e7c17b494073bf0ede3ea13c7105cfc45cbbbc28385a4?s=96&d=monsterid&r=g","contentUrl":"https:\/\/secure.gravatar.com\/avatar\/04084e6d73c042b8646e7c17b494073bf0ede3ea13c7105cfc45cbbbc28385a4?s=96&d=monsterid&r=g","caption":"MR News"},"description":"Especializado em jornalismo colaborativo pela FTP em n\u00edvel de p\u00f3s-gradua\u00e7\u00e3o. suporte@oimeliga.combr","sameAs":["HUGO R.","Admin"],"url":"https:\/\/mrnews.com.br\/index.php\/author\/admin\/"}]}},"jetpack_featured_media_url":"","jetpack_sharing_enabled":true,"jetpack_shortlink":"https:\/\/wp.me\/pa2Qf7-1VIS","amp_enabled":true,"_links":{"self":[{"href":"https:\/\/mrnews.com.br\/index.php\/wp-json\/wp\/v2\/posts\/460218","targetHints":{"allow":["GET"]}}],"collection":[{"href":"https:\/\/mrnews.com.br\/index.php\/wp-json\/wp\/v2\/posts"}],"about":[{"href":"https:\/\/mrnews.com.br\/index.php\/wp-json\/wp\/v2\/types\/post"}],"author":[{"embeddable":true,"href":"https:\/\/mrnews.com.br\/index.php\/wp-json\/wp\/v2\/users\/1"}],"replies":[{"embeddable":true,"href":"https:\/\/mrnews.com.br\/index.php\/wp-json\/wp\/v2\/comments?post=460218"}],"version-history":[{"count":0,"href":"https:\/\/mrnews.com.br\/index.php\/wp-json\/wp\/v2\/posts\/460218\/revisions"}],"wp:attachment":[{"href":"https:\/\/mrnews.com.br\/index.php\/wp-json\/wp\/v2\/media?parent=460218"}],"wp:term":[{"taxonomy":"category","embeddable":true,"href":"https:\/\/mrnews.com.br\/index.php\/wp-json\/wp\/v2\/categories?post=460218"},{"taxonomy":"post_tag","embeddable":true,"href":"https:\/\/mrnews.com.br\/index.php\/wp-json\/wp\/v2\/tags?post=460218"}],"curies":[{"name":"wp","href":"https:\/\/api.w.org\/{rel}","templated":true}]}}