{"id":461613,"date":"2026-05-30T01:19:27","date_gmt":"2026-05-30T04:19:27","guid":{"rendered":"https:\/\/mrnews.com.br\/index.php\/2026\/05\/30\/prefeita-anuncia-novos-titulares-da-sisep-e-selc-cgnoticias\/"},"modified":"2026-05-30T01:19:27","modified_gmt":"2026-05-30T04:19:27","slug":"prefeita-anuncia-novos-titulares-da-sisep-e-selc-cgnoticias","status":"publish","type":"post","link":"https:\/\/mrnews.com.br\/index.php\/2026\/05\/30\/prefeita-anuncia-novos-titulares-da-sisep-e-selc-cgnoticias\/","title":{"rendered":"Prefeita anuncia novos titulares da\u00a0Sisep\u00a0e\u00a0Selc\u00a0 \u2013 CGNot\u00edcias"},"content":{"rendered":"<p><\/p>\n<div>\n<p>A prefeita de Campo Grande, Adriane Lopes, promoveu duas mudan\u00e7as no primeiro escal\u00e3o da administra\u00e7\u00e3o municipal nesta sexta-feira (29). Andr\u00e9 de Moura Brand\u00e3o deixa a\u00a0Selc\u00a0(Secretaria Especial de Licita\u00e7\u00f5es e Contratos) para assumir a\u00a0Sisep\u00a0(Secretaria Municipal de Infraestrutura e Servi\u00e7os P\u00fablicos), sendo substitu\u00eddo por\u00a0Gracieth\u00a0Abrah\u00e3o Costa Santos.\u00a0<\/p>\n<p>Natural de Dourados (MS), Andr\u00e9 \u00e9 profissional da \u00e1rea de contabilidade, graduando em Administra\u00e7\u00e3o de Empresas pela Faculdade Est\u00e1cio de S\u00e1 e\u00a0Leader\u00a0Coach Training \u2013 LCT pelo Instituto Brasileiro de Coaching. Foi vereador em Itapor\u00e3 (2013\/2016) e Superintendente do Sistema de Registro de Pre\u00e7os da Prefeitura Municipal de Campo Grande (2018\/2023) antes de chefiar a\u00a0Selc.\u00a0<\/p>\n<p>A advogada\u00a0Gracieth\u00a0Abrah\u00e3o Costa Santos tem mais de 25 anos de experi\u00eancia jur\u00eddica na Administra\u00e7\u00e3o P\u00fablica, com atua\u00e7\u00e3o consolidada em Direito P\u00fablico, licita\u00e7\u00f5es e contratos administrativos. Exercia o cargo de chefe da Assessoria Jur\u00eddica da SELC.\u00a0\u00a0<\/p>\n<p>Tamb\u00e9m atuou como superintendente jur\u00eddica de Licita\u00e7\u00f5es e Contratos no Munic\u00edpio de Campo Grande, al\u00e9m de ter sido procuradora-geral do Munic\u00edpio de Navira\u00ed (MS). Graduada em Direito pela Universidade da Grande Dourados (Unigran), possui especializa\u00e7\u00f5es nas \u00e1reas de Licita\u00e7\u00f5es e Contratos, Direito P\u00fablico e Direito Constitucional.\u00a0<\/p>\n<p>As mudan\u00e7as est\u00e3o sendo formalizadas em edi\u00e7\u00e3o extra do Di\u00e1rio Oficial de Campo Grande desta sexta-feira.\u00a0<\/p>\n<\/div>\n<p><script async defer async defer src=\"https:\/\/connect.facebook.net\/en_US\/sdk.js?ver=1#xfbml=1&amp;version=v3.2\" id=\"prefeitura-campogrande-script-facebook-sdk-js\"><\/script><\/p>\n","protected":false},"excerpt":{"rendered":"<p>A prefeita de Campo Grande, Adriane Lopes, promoveu duas mudan\u00e7as no primeiro escal\u00e3o da administra\u00e7\u00e3o municipal nesta sexta-feira (29). Andr\u00e9 de Moura Brand\u00e3o deixa a\u00a0Selc\u00a0(Secretaria Especial de Licita\u00e7\u00f5es e Contratos) para assumir a\u00a0Sisep\u00a0(Secretaria Municipal de Infraestrutura e Servi\u00e7os P\u00fablicos), sendo substitu\u00eddo por\u00a0Gracieth\u00a0Abrah\u00e3o Costa Santos.\u00a0 Natural de Dourados (MS), Andr\u00e9 \u00e9 profissional da \u00e1rea de contabilidade, &hellip;<\/p>\n","protected":false},"author":1,"featured_media":0,"comment_status":"open","ping_status":"open","sticky":false,"template":"","format":"standard","meta":{"_jetpack_newsletter_access":"","_jetpack_dont_email_post_to_subs":false,"_jetpack_newsletter_tier_id":0,"_jetpack_memberships_contains_paywalled_content":false,"_jetpack_feature_clip_id":0,"_jetpack_memberships_contains_paid_content":false,"footnotes":"","jetpack_post_was_ever_published":false},"categories":[12410],"tags":[],"class_list":["post-461613","post","type-post","status-publish","format-standard","hentry","category-ms"],"yoast_head":"<!-- This site is optimized with the Yoast SEO plugin v28.3 - https:\/\/yoast.com\/product\/yoast-seo-wordpress\/ -->\n<title>Prefeita anuncia novos titulares da\u00a0Sisep\u00a0e\u00a0Selc\u00a0 \u2013 CGNot\u00edcias<\/title>\n<meta name=\"robots\" content=\"index, follow, max-snippet:-1, max-image-preview:large, max-video-preview:-1\" \/>\n<link rel=\"canonical\" href=\"https:\/\/www.campogrande.ms.gov.br\/cgnoticias\/noticia\/prefeita-anuncia-novos-titulares-da-sisep-e-selc\/\" \/>\n<meta property=\"og:locale\" content=\"pt_BR\" \/>\n<meta property=\"og:type\" content=\"article\" \/>\n<meta property=\"og:title\" content=\"Prefeita anuncia novos titulares da\u00a0Sisep\u00a0e\u00a0Selc\u00a0 \u2013 CGNot\u00edcias\" \/>\n<meta property=\"og:description\" content=\"A prefeita de Campo Grande, Adriane Lopes, promoveu duas mudan\u00e7as no primeiro escal\u00e3o da administra\u00e7\u00e3o municipal nesta sexta-feira (29). Andr\u00e9 de Moura Brand\u00e3o deixa a\u00a0Selc\u00a0(Secretaria Especial de Licita\u00e7\u00f5es e Contratos) para assumir a\u00a0Sisep\u00a0(Secretaria Municipal de Infraestrutura e Servi\u00e7os P\u00fablicos), sendo substitu\u00eddo por\u00a0Gracieth\u00a0Abrah\u00e3o Costa Santos.\u00a0 Natural de Dourados (MS), Andr\u00e9 \u00e9 profissional da \u00e1rea de contabilidade, &hellip;\" \/>\n<meta property=\"og:url\" content=\"https:\/\/www.campogrande.ms.gov.br\/cgnoticias\/noticia\/prefeita-anuncia-novos-titulares-da-sisep-e-selc\/\" \/>\n<meta property=\"og:site_name\" content=\"MRNews\" \/>\n<meta property=\"article:publisher\" content=\"https:\/\/www.facebook.com\/eaipahpah\/?locale2=pt_BR\" \/>\n<meta property=\"article:published_time\" content=\"2026-05-30T04:19:27+00:00\" \/>\n<meta name=\"author\" content=\"MR News\" \/>\n<meta name=\"twitter:card\" content=\"summary_large_image\" \/>\n<meta name=\"twitter:creator\" content=\"@conspirou\" \/>\n<meta name=\"twitter:site\" content=\"@conspirou\" \/>\n<meta name=\"twitter:label1\" content=\"Escrito por\" \/>\n\t<meta name=\"twitter:data1\" content=\"MR News\" \/>\n\t<meta name=\"twitter:label2\" content=\"Est. tempo de leitura\" \/>\n\t<meta name=\"twitter:data2\" content=\"1 minuto\" \/>\n<script type=\"application\/ld+json\" class=\"yoast-schema-graph\">{\"@context\":\"https:\\\/\\\/schema.org\",\"@graph\":[{\"@type\":\"Article\",\"@id\":\"https:\\\/\\\/www.campogrande.ms.gov.br\\\/cgnoticias\\\/noticia\\\/prefeita-anuncia-novos-titulares-da-sisep-e-selc\\\/#article\",\"isPartOf\":{\"@id\":\"https:\\\/\\\/mrnews.com.br\\\/index.php\\\/2026\\\/05\\\/30\\\/prefeita-anuncia-novos-titulares-da-sisep-e-selc-cgnoticias\\\/\"},\"author\":{\"name\":\"MR News\",\"@id\":\"https:\\\/\\\/mrnews.com.br\\\/#\\\/schema\\\/person\\\/be3203154562a9f207407861cef7827b\"},\"headline\":\"Prefeita anuncia novos titulares da\u00a0Sisep\u00a0e\u00a0Selc\u00a0 \u2013 CGNot\u00edcias\",\"datePublished\":\"2026-05-30T04:19:27+00:00\",\"mainEntityOfPage\":{\"@id\":\"https:\\\/\\\/mrnews.com.br\\\/index.php\\\/2026\\\/05\\\/30\\\/prefeita-anuncia-novos-titulares-da-sisep-e-selc-cgnoticias\\\/\"},\"wordCount\":244,\"commentCount\":0,\"publisher\":{\"@id\":\"https:\\\/\\\/mrnews.com.br\\\/#organization\"},\"articleSection\":[\"Mato Grosso do Sul\"],\"inLanguage\":\"pt-BR\",\"potentialAction\":[{\"@type\":\"CommentAction\",\"name\":\"Comment\",\"target\":[\"https:\\\/\\\/www.campogrande.ms.gov.br\\\/cgnoticias\\\/noticia\\\/prefeita-anuncia-novos-titulares-da-sisep-e-selc\\\/#respond\"]}]},{\"@type\":\"WebPage\",\"@id\":\"https:\\\/\\\/mrnews.com.br\\\/index.php\\\/2026\\\/05\\\/30\\\/prefeita-anuncia-novos-titulares-da-sisep-e-selc-cgnoticias\\\/\",\"url\":\"https:\\\/\\\/www.campogrande.ms.gov.br\\\/cgnoticias\\\/noticia\\\/prefeita-anuncia-novos-titulares-da-sisep-e-selc\\\/\",\"name\":\"Prefeita anuncia novos titulares da\u00a0Sisep\u00a0e\u00a0Selc\u00a0 \u2013 CGNot\u00edcias\",\"isPartOf\":{\"@id\":\"https:\\\/\\\/mrnews.com.br\\\/#website\"},\"datePublished\":\"2026-05-30T04:19:27+00:00\",\"breadcrumb\":{\"@id\":\"https:\\\/\\\/www.campogrande.ms.gov.br\\\/cgnoticias\\\/noticia\\\/prefeita-anuncia-novos-titulares-da-sisep-e-selc\\\/#breadcrumb\"},\"inLanguage\":\"pt-BR\",\"potentialAction\":[{\"@type\":\"ReadAction\",\"target\":[\"https:\\\/\\\/www.campogrande.ms.gov.br\\\/cgnoticias\\\/noticia\\\/prefeita-anuncia-novos-titulares-da-sisep-e-selc\\\/\"]}]},{\"@type\":\"BreadcrumbList\",\"@id\":\"https:\\\/\\\/www.campogrande.ms.gov.br\\\/cgnoticias\\\/noticia\\\/prefeita-anuncia-novos-titulares-da-sisep-e-selc\\\/#breadcrumb\",\"itemListElement\":[{\"@type\":\"ListItem\",\"position\":1,\"name\":\"In\u00edcio\",\"item\":\"https:\\\/\\\/mrnews.com.br\\\/\"},{\"@type\":\"ListItem\",\"position\":2,\"name\":\"Prefeita anuncia novos titulares da\u00a0Sisep\u00a0e\u00a0Selc\u00a0 \u2013 CGNot\u00edcias\"}]},{\"@type\":\"WebSite\",\"@id\":\"https:\\\/\\\/mrnews.com.br\\\/#website\",\"url\":\"https:\\\/\\\/mrnews.com.br\\\/\",\"name\":\"MRNews\",\"description\":\"MRNews Jogos de hoje da TV, transmiss\u00f5es ao vivo, Not\u00edcias de futebol, Jogos ao vivo, Lives, resumo de novelas, Programa\u00e7\u00e3o da Globo, A Fazenda e BBB\",\"publisher\":{\"@id\":\"https:\\\/\\\/mrnews.com.br\\\/#organization\"},\"potentialAction\":[{\"@type\":\"SearchAction\",\"target\":{\"@type\":\"EntryPoint\",\"urlTemplate\":\"https:\\\/\\\/mrnews.com.br\\\/?s={search_term_string}\"},\"query-input\":{\"@type\":\"PropertyValueSpecification\",\"valueRequired\":true,\"valueName\":\"search_term_string\"}}],\"inLanguage\":\"pt-BR\"},{\"@type\":\"Organization\",\"@id\":\"https:\\\/\\\/mrnews.com.br\\\/#organization\",\"name\":\"MRNews\",\"url\":\"https:\\\/\\\/mrnews.com.br\\\/\",\"logo\":{\"@type\":\"ImageObject\",\"inLanguage\":\"pt-BR\",\"@id\":\"https:\\\/\\\/mrnews.com.br\\\/#\\\/schema\\\/logo\\\/image\\\/\",\"url\":\"https:\\\/\\\/mrnews.com.br\\\/wp-content\\\/uploads\\\/2026\\\/08\\\/MRNEws.png\",\"contentUrl\":\"https:\\\/\\\/mrnews.com.br\\\/wp-content\\\/uploads\\\/2026\\\/08\\\/MRNEws.png\",\"width\":1254,\"height\":1254,\"caption\":\"MRNews\"},\"image\":{\"@id\":\"https:\\\/\\\/mrnews.com.br\\\/#\\\/schema\\\/logo\\\/image\\\/\"},\"sameAs\":[\"https:\\\/\\\/www.facebook.com\\\/eaipahpah\\\/?locale2=pt_BR\",\"https:\\\/\\\/x.com\\\/conspirou\",\"https:\\\/\\\/www.instagram.com\\\/eai_pahpah\",\"https:\\\/\\\/br.pinterest.com\\\/mrnewsn\\\/boards\\\/\",\"https:\\\/\\\/www.youtube.com\\\/channel\\\/UCacgnpznQ61fifLWr1tQ-vA?view_as=subscriber\"]},{\"@type\":\"Person\",\"@id\":\"https:\\\/\\\/mrnews.com.br\\\/#\\\/schema\\\/person\\\/be3203154562a9f207407861cef7827b\",\"name\":\"MR News\",\"image\":{\"@type\":\"ImageObject\",\"inLanguage\":\"pt-BR\",\"@id\":\"https:\\\/\\\/secure.gravatar.com\\\/avatar\\\/04084e6d73c042b8646e7c17b494073bf0ede3ea13c7105cfc45cbbbc28385a4?s=96&d=monsterid&r=g\",\"url\":\"https:\\\/\\\/secure.gravatar.com\\\/avatar\\\/04084e6d73c042b8646e7c17b494073bf0ede3ea13c7105cfc45cbbbc28385a4?s=96&d=monsterid&r=g\",\"contentUrl\":\"https:\\\/\\\/secure.gravatar.com\\\/avatar\\\/04084e6d73c042b8646e7c17b494073bf0ede3ea13c7105cfc45cbbbc28385a4?s=96&d=monsterid&r=g\",\"caption\":\"MR News\"},\"description\":\"Especializado em jornalismo colaborativo pela FTP em n\u00edvel de p\u00f3s-gradua\u00e7\u00e3o. suporte@oimeliga.combr\",\"sameAs\":[\"HUGO R.\",\"Admin\"],\"url\":\"https:\\\/\\\/mrnews.com.br\\\/index.php\\\/author\\\/admin\\\/\"}]}<\/script>\n<!-- \/ Yoast SEO plugin. -->","yoast_head_json":{"title":"Prefeita anuncia novos titulares da\u00a0Sisep\u00a0e\u00a0Selc\u00a0 \u2013 CGNot\u00edcias","robots":{"index":"index","follow":"follow","max-snippet":"max-snippet:-1","max-image-preview":"max-image-preview:large","max-video-preview":"max-video-preview:-1"},"canonical":"https:\/\/www.campogrande.ms.gov.br\/cgnoticias\/noticia\/prefeita-anuncia-novos-titulares-da-sisep-e-selc\/","og_locale":"pt_BR","og_type":"article","og_title":"Prefeita anuncia novos titulares da\u00a0Sisep\u00a0e\u00a0Selc\u00a0 \u2013 CGNot\u00edcias","og_description":"A prefeita de Campo Grande, Adriane Lopes, promoveu duas mudan\u00e7as no primeiro escal\u00e3o da administra\u00e7\u00e3o municipal nesta sexta-feira (29). Andr\u00e9 de Moura Brand\u00e3o deixa a\u00a0Selc\u00a0(Secretaria Especial de Licita\u00e7\u00f5es e Contratos) para assumir a\u00a0Sisep\u00a0(Secretaria Municipal de Infraestrutura e Servi\u00e7os P\u00fablicos), sendo substitu\u00eddo por\u00a0Gracieth\u00a0Abrah\u00e3o Costa Santos.\u00a0 Natural de Dourados (MS), Andr\u00e9 \u00e9 profissional da \u00e1rea de contabilidade, &hellip;","og_url":"https:\/\/www.campogrande.ms.gov.br\/cgnoticias\/noticia\/prefeita-anuncia-novos-titulares-da-sisep-e-selc\/","og_site_name":"MRNews","article_publisher":"https:\/\/www.facebook.com\/eaipahpah\/?locale2=pt_BR","article_published_time":"2026-05-30T04:19:27+00:00","author":"MR News","twitter_card":"summary_large_image","twitter_creator":"@conspirou","twitter_site":"@conspirou","twitter_misc":{"Escrito por":"MR News","Est. tempo de leitura":"1 minuto"},"schema":{"@context":"https:\/\/schema.org","@graph":[{"@type":"Article","@id":"https:\/\/www.campogrande.ms.gov.br\/cgnoticias\/noticia\/prefeita-anuncia-novos-titulares-da-sisep-e-selc\/#article","isPartOf":{"@id":"https:\/\/mrnews.com.br\/index.php\/2026\/05\/30\/prefeita-anuncia-novos-titulares-da-sisep-e-selc-cgnoticias\/"},"author":{"name":"MR News","@id":"https:\/\/mrnews.com.br\/#\/schema\/person\/be3203154562a9f207407861cef7827b"},"headline":"Prefeita anuncia novos titulares da\u00a0Sisep\u00a0e\u00a0Selc\u00a0 \u2013 CGNot\u00edcias","datePublished":"2026-05-30T04:19:27+00:00","mainEntityOfPage":{"@id":"https:\/\/mrnews.com.br\/index.php\/2026\/05\/30\/prefeita-anuncia-novos-titulares-da-sisep-e-selc-cgnoticias\/"},"wordCount":244,"commentCount":0,"publisher":{"@id":"https:\/\/mrnews.com.br\/#organization"},"articleSection":["Mato Grosso do Sul"],"inLanguage":"pt-BR","potentialAction":[{"@type":"CommentAction","name":"Comment","target":["https:\/\/www.campogrande.ms.gov.br\/cgnoticias\/noticia\/prefeita-anuncia-novos-titulares-da-sisep-e-selc\/#respond"]}]},{"@type":"WebPage","@id":"https:\/\/mrnews.com.br\/index.php\/2026\/05\/30\/prefeita-anuncia-novos-titulares-da-sisep-e-selc-cgnoticias\/","url":"https:\/\/www.campogrande.ms.gov.br\/cgnoticias\/noticia\/prefeita-anuncia-novos-titulares-da-sisep-e-selc\/","name":"Prefeita anuncia novos titulares da\u00a0Sisep\u00a0e\u00a0Selc\u00a0 \u2013 CGNot\u00edcias","isPartOf":{"@id":"https:\/\/mrnews.com.br\/#website"},"datePublished":"2026-05-30T04:19:27+00:00","breadcrumb":{"@id":"https:\/\/www.campogrande.ms.gov.br\/cgnoticias\/noticia\/prefeita-anuncia-novos-titulares-da-sisep-e-selc\/#breadcrumb"},"inLanguage":"pt-BR","potentialAction":[{"@type":"ReadAction","target":["https:\/\/www.campogrande.ms.gov.br\/cgnoticias\/noticia\/prefeita-anuncia-novos-titulares-da-sisep-e-selc\/"]}]},{"@type":"BreadcrumbList","@id":"https:\/\/www.campogrande.ms.gov.br\/cgnoticias\/noticia\/prefeita-anuncia-novos-titulares-da-sisep-e-selc\/#breadcrumb","itemListElement":[{"@type":"ListItem","position":1,"name":"In\u00edcio","item":"https:\/\/mrnews.com.br\/"},{"@type":"ListItem","position":2,"name":"Prefeita anuncia novos titulares da\u00a0Sisep\u00a0e\u00a0Selc\u00a0 \u2013 CGNot\u00edcias"}]},{"@type":"WebSite","@id":"https:\/\/mrnews.com.br\/#website","url":"https:\/\/mrnews.com.br\/","name":"MRNews","description":"MRNews Jogos de hoje da TV, transmiss\u00f5es ao vivo, Not\u00edcias de futebol, Jogos ao vivo, Lives, resumo de novelas, Programa\u00e7\u00e3o da Globo, A Fazenda e BBB","publisher":{"@id":"https:\/\/mrnews.com.br\/#organization"},"potentialAction":[{"@type":"SearchAction","target":{"@type":"EntryPoint","urlTemplate":"https:\/\/mrnews.com.br\/?s={search_term_string}"},"query-input":{"@type":"PropertyValueSpecification","valueRequired":true,"valueName":"search_term_string"}}],"inLanguage":"pt-BR"},{"@type":"Organization","@id":"https:\/\/mrnews.com.br\/#organization","name":"MRNews","url":"https:\/\/mrnews.com.br\/","logo":{"@type":"ImageObject","inLanguage":"pt-BR","@id":"https:\/\/mrnews.com.br\/#\/schema\/logo\/image\/","url":"https:\/\/mrnews.com.br\/wp-content\/uploads\/2026\/08\/MRNEws.png","contentUrl":"https:\/\/mrnews.com.br\/wp-content\/uploads\/2026\/08\/MRNEws.png","width":1254,"height":1254,"caption":"MRNews"},"image":{"@id":"https:\/\/mrnews.com.br\/#\/schema\/logo\/image\/"},"sameAs":["https:\/\/www.facebook.com\/eaipahpah\/?locale2=pt_BR","https:\/\/x.com\/conspirou","https:\/\/www.instagram.com\/eai_pahpah","https:\/\/br.pinterest.com\/mrnewsn\/boards\/","https:\/\/www.youtube.com\/channel\/UCacgnpznQ61fifLWr1tQ-vA?view_as=subscriber"]},{"@type":"Person","@id":"https:\/\/mrnews.com.br\/#\/schema\/person\/be3203154562a9f207407861cef7827b","name":"MR News","image":{"@type":"ImageObject","inLanguage":"pt-BR","@id":"https:\/\/secure.gravatar.com\/avatar\/04084e6d73c042b8646e7c17b494073bf0ede3ea13c7105cfc45cbbbc28385a4?s=96&d=monsterid&r=g","url":"https:\/\/secure.gravatar.com\/avatar\/04084e6d73c042b8646e7c17b494073bf0ede3ea13c7105cfc45cbbbc28385a4?s=96&d=monsterid&r=g","contentUrl":"https:\/\/secure.gravatar.com\/avatar\/04084e6d73c042b8646e7c17b494073bf0ede3ea13c7105cfc45cbbbc28385a4?s=96&d=monsterid&r=g","caption":"MR News"},"description":"Especializado em jornalismo colaborativo pela FTP em n\u00edvel de p\u00f3s-gradua\u00e7\u00e3o. suporte@oimeliga.combr","sameAs":["HUGO R.","Admin"],"url":"https:\/\/mrnews.com.br\/index.php\/author\/admin\/"}]}},"jetpack_sharing_enabled":true,"jetpack_shortlink":"https:\/\/wp.me\/pa2Qf7-1W5n","amp_enabled":true,"jetpack_featured_media_url":"","_links":{"self":[{"href":"https:\/\/mrnews.com.br\/index.php\/wp-json\/wp\/v2\/posts\/461613","targetHints":{"allow":["GET"]}}],"collection":[{"href":"https:\/\/mrnews.com.br\/index.php\/wp-json\/wp\/v2\/posts"}],"about":[{"href":"https:\/\/mrnews.com.br\/index.php\/wp-json\/wp\/v2\/types\/post"}],"author":[{"embeddable":true,"href":"https:\/\/mrnews.com.br\/index.php\/wp-json\/wp\/v2\/users\/1"}],"replies":[{"embeddable":true,"href":"https:\/\/mrnews.com.br\/index.php\/wp-json\/wp\/v2\/comments?post=461613"}],"version-history":[{"count":0,"href":"https:\/\/mrnews.com.br\/index.php\/wp-json\/wp\/v2\/posts\/461613\/revisions"}],"wp:attachment":[{"href":"https:\/\/mrnews.com.br\/index.php\/wp-json\/wp\/v2\/media?parent=461613"}],"wp:term":[{"taxonomy":"category","embeddable":true,"href":"https:\/\/mrnews.com.br\/index.php\/wp-json\/wp\/v2\/categories?post=461613"},{"taxonomy":"post_tag","embeddable":true,"href":"https:\/\/mrnews.com.br\/index.php\/wp-json\/wp\/v2\/tags?post=461613"}],"curies":[{"name":"wp","href":"https:\/\/api.w.org\/{rel}","templated":true}]}}