{"id":461631,"date":"2026-05-30T12:33:24","date_gmt":"2026-05-30T15:33:24","guid":{"rendered":"https:\/\/mrnews.com.br\/index.php\/2026\/05\/30\/tv-brasil-exibe-programa-sobre-plantas-alimenticias-nao-convencionais\/"},"modified":"2026-05-30T12:33:24","modified_gmt":"2026-05-30T15:33:24","slug":"tv-brasil-exibe-programa-sobre-plantas-alimenticias-nao-convencionais","status":"publish","type":"post","link":"https:\/\/mrnews.com.br\/index.php\/2026\/05\/30\/tv-brasil-exibe-programa-sobre-plantas-alimenticias-nao-convencionais\/","title":{"rendered":"TV Brasil exibe programa sobre plantas aliment\u00edcias n\u00e3o convencionais"},"content":{"rendered":"<p>Por EBC, <\/p>\n<div>\n<p>A\u00a0<strong>TV Brasil<\/strong>\u00a0apresenta o segundo programa do seriado independente\u00a0<em>Amaz\u00f4nia PANC<\/em>\u00a0neste s\u00e1bado (30), \u00e0<strong>s 12h30. O novo conte\u00fado in\u00e9dito da produ\u00e7\u00e3o documental sobre plantas aliment\u00edcias n\u00e3o convencionais foi gravado em Bel\u00e9m com receitas locais destaca o potencial do ari\u00e1 e do uxi.<\/strong><\/p>\n<p><strong>O epis\u00f3dio feito na capital paraense une a experi\u00eancia do saber popular com a pesquisa acad\u00eamica.<\/strong> A s\u00e9rie valoriza as redes de produ\u00e7\u00e3o local e a culin\u00e1ria do estado para refor\u00e7ar o valor dos ingredientes que nascem na floresta. A obra foi desenvolvida pela produtora Jubarte Audiovisual por meio do Prodav TVs P\u00fablicas.<\/p>\n<div class=\"dnd-widget-wrapper context-cheio_8colunas type-image\">\n<div class=\"dnd-atom-rendered\"><!-- scald=464581:cheio_8colunas --><\/p>\n<p>    <!-- END scald=464581 --><\/div>\n<p><h6 class=\"meta\">TV Brasil exibe epis\u00f3dio in\u00e9dito de s\u00e9rie sobre plantas aliment\u00edcias n\u00e3o convencionais gravado em Bel\u00e9m &#8211; <strong>Jubarte Audivisual<\/strong><!--END copyright=464581--><\/h6>\n<\/p>\n<\/div>\n<p><strong>No restaurante Tor\u00f3, o chef Wagner Vieira e Susane Rabelo resgatam a mem\u00f3ria alimentar amaz\u00f4nica com o preparo da batata ari\u00e1 flambada.<\/strong> Com um ambiente que cativa os clientes, a proposta do estabelecimento \u00e9 fomentar a gastronomia sustent\u00e1vel<\/p>\n<p>O pesquisador D\u00e9lio de Aquino apresenta o cultivo de PANC em sua casa e na escola onde leciona, enquanto Noel Gonzaga e Ra\u00edsa Martins, do coletivo GRUCA, mostram sua planta\u00e7\u00e3o e percorrem a regi\u00e3o na Anarkombi\u00a0para distribuir alimentos agroecol\u00f3gicos.<\/p>\n<div class=\"dnd-widget-wrapper context-cheio_8colunas type-image\">\n<div class=\"dnd-atom-rendered\"><!-- scald=464577:cheio_8colunas --><\/p>\n<p>    <!-- END scald=464577 --><\/div>\n<p><h6 class=\"meta\">TV Brasil exibe epis\u00f3dio in\u00e9dito de s\u00e9rie sobre plantas aliment\u00edcias n\u00e3o convencionais gravado em Bel\u00e9m\u00a0&#8211; <strong>Jubarte Audivisual<\/strong><!--END copyright=464577--><\/h6>\n<\/p>\n<\/div>\n<h2>Sobre a s\u00e9rie<\/h2>\n<p>A s\u00e9rie documental\u00a0Amaz\u00f4nia PANC, obra independente sobre plantas aliment\u00edcias n\u00e3o convencionais, tem janela semanal aos s\u00e1bados, \u00e0s 12h30. Em busca de receitas que utilizem essas plantas como ingredientes principais, a produ\u00e7\u00e3o in\u00e9dita visita cinco cidades da Amaz\u00f4nia brasileira: Mazag\u00e3o e Macap\u00e1 (Amap\u00e1), Bel\u00e9m (Par\u00e1), Rio Branco (Acre) e Manaus (Amazonas).<\/p>\n<p>A produ\u00e7\u00e3o do canal p\u00fablico realizada pela produtora\u00a0Jubarte Audiovisual\u00a0entrevista chefs, cozinheiras tradicionais e agricultores urbanos para identificar plantas comest\u00edveis. As esp\u00e9cies s\u00e3o analisadas em seus detalhes morfol\u00f3gicos, informa\u00e7\u00f5es nutricionais e suas rela\u00e7\u00f5es ecol\u00f3gicas. A s\u00e9rie ainda ensina a fazer receitas saborosas com esses ingredientes.<\/p>\n<p>A atra\u00e7\u00e3o independente investiga assuntos como soberania e seguran\u00e7a alimentar. O seriado destaca os poss\u00edveis impactos econ\u00f4micos e sociais da populariza\u00e7\u00e3o desses alimentos que crescem espontaneamente nas ruas, quintais e terrenos baldios das cidades.<\/p>\n<h2>Sess\u00e3o com produ\u00e7\u00f5es de culin\u00e1ria<\/h2>\n<p>O programa\u00a0<em>Amaz\u00f4nia PANC<\/em>\u00a0abre uma faixa de conte\u00fados gastron\u00f4micos na telinha da emissora \u00e0s 12h30. Em seguida, o\u00a0Xod\u00f3 de Cozinha\u00a0\u00e9 exibido \u00e0s 13h. Logo depois, \u00e0s 13h30, a s\u00e9rie documental\u00a0Chefs do Brasil\u00a0entra no ar na telinha. As duas obras est\u00e3o dispon\u00edveis no app\u00a0<strong>TV Brasil Play<\/strong>.<\/p>\n<p>Formato original da emissora p\u00fablica, o\u00a0<em>Xod\u00f3 de Cozinha<\/em>\u00a0\u00e9 apresentado pela chef\u00a0Regina Tchelly. O programa recebe convidados para preparar receitas e conversar sobre alimenta\u00e7\u00e3o saud\u00e1vel e sustent\u00e1vel, com uso integral dos alimentos.<\/p>\n<p>J\u00e1 o seriado\u00a0<em>Chefs do Brasil<\/em>\u00a0revela os bastidores do trabalho na cozinha de personalidades da gastronomia nacional. O conte\u00fado\u00a0mostra a riqueza de sabores da culin\u00e1ria do pa\u00eds. A atra\u00e7\u00e3o aborda os desafios de profissionais que transformam ingredientes locais em experi\u00eancias gustativas.<\/p>\n<h2>Valoriza\u00e7\u00e3o do conte\u00fado independente<\/h2>\n<p>A\u00a0TV Brasil\u00a0exibe a s\u00e9rie documental\u00a0<em>Amaz\u00f4nia PANC<\/em>\u00a0na faixa de produ\u00e7\u00f5es de culin\u00e1ria aos s\u00e1bados. O novo conte\u00fado \u00e9 apena uma das diversas produ\u00e7\u00f5es audiovisuais selecionadas pela linha de fomento do Fundo Setorial do Audiovisual (FSA\/Ancine), atrav\u00e9s do Prodav TVs P\u00fablicas.<\/p>\n<p>Apoiadora da produ\u00e7\u00e3o independente, a\u00a0<strong>TV Brasi<\/strong>l\u00a0\u00e9 um dos canais que mais exibe conte\u00fado nacional dessa natureza. Com tradi\u00e7\u00e3o em valorizar novos realizadores, a emissora busca abrir espa\u00e7o para novos conte\u00fados e promove o fomento ao mercado audiovisual do pa\u00eds.<\/p>\n<p>      <!-- Relacionada --><\/p>\n<p>            <!-- Relacionada -->\n    <\/div>\n","protected":false},"excerpt":{"rendered":"<p>Por EBC, A\u00a0TV Brasil\u00a0apresenta o segundo programa do seriado independente\u00a0Amaz\u00f4nia PANC\u00a0neste s\u00e1bado (30), \u00e0s 12h30. O novo conte\u00fado in\u00e9dito da produ\u00e7\u00e3o documental sobre plantas aliment\u00edcias n\u00e3o convencionais foi gravado em Bel\u00e9m com receitas locais destaca o potencial do ari\u00e1 e do uxi. O epis\u00f3dio feito na capital paraense une a experi\u00eancia do saber popular com &hellip;<\/p>\n","protected":false},"author":1,"featured_media":0,"comment_status":"open","ping_status":"open","sticky":false,"template":"","format":"standard","meta":{"_jetpack_newsletter_access":"","_jetpack_dont_email_post_to_subs":false,"_jetpack_newsletter_tier_id":0,"_jetpack_memberships_contains_paywalled_content":false,"_jetpack_feature_clip_id":0,"_jetpack_memberships_contains_paid_content":false,"footnotes":"","jetpack_post_was_ever_published":false},"categories":[2,12225,4],"tags":[],"class_list":["post-461631","post","type-post","status-publish","format-standard","hentry","category-entretenimento","category-noticias","category-servicos"],"yoast_head":"<!-- This site is optimized with the Yoast SEO plugin v28.4 - https:\/\/yoast.com\/product\/yoast-seo-wordpress\/ -->\n<title>TV Brasil exibe programa sobre plantas aliment\u00edcias n\u00e3o convencionais<\/title>\n<meta name=\"robots\" content=\"index, follow, max-snippet:-1, max-image-preview:large, max-video-preview:-1\" \/>\n<link rel=\"canonical\" href=\"https:\/\/agenciabrasil.ebc.com.br\/cultura\/noticia\/2026-05\/tv-brasil-exibe-programa-sobre-plantas-alimenticias-nao-convencionais\" \/>\n<meta property=\"og:locale\" content=\"pt_BR\" \/>\n<meta property=\"og:type\" content=\"article\" \/>\n<meta property=\"og:title\" content=\"TV Brasil exibe programa sobre plantas aliment\u00edcias n\u00e3o convencionais\" \/>\n<meta property=\"og:description\" content=\"Por EBC, A\u00a0TV Brasil\u00a0apresenta o segundo programa do seriado independente\u00a0Amaz\u00f4nia PANC\u00a0neste s\u00e1bado (30), \u00e0s 12h30. O novo conte\u00fado in\u00e9dito da produ\u00e7\u00e3o documental sobre plantas aliment\u00edcias n\u00e3o convencionais foi gravado em Bel\u00e9m com receitas locais destaca o potencial do ari\u00e1 e do uxi. O epis\u00f3dio feito na capital paraense une a experi\u00eancia do saber popular com &hellip;\" \/>\n<meta property=\"og:url\" content=\"https:\/\/agenciabrasil.ebc.com.br\/cultura\/noticia\/2026-05\/tv-brasil-exibe-programa-sobre-plantas-alimenticias-nao-convencionais\" \/>\n<meta property=\"og:site_name\" content=\"MRNews\" \/>\n<meta property=\"article:publisher\" content=\"https:\/\/www.facebook.com\/eaipahpah\/?locale2=pt_BR\" \/>\n<meta property=\"article:published_time\" content=\"2026-05-30T15:33:24+00:00\" \/>\n<meta name=\"author\" content=\"MR News\" \/>\n<meta name=\"twitter:card\" content=\"summary_large_image\" \/>\n<meta name=\"twitter:creator\" content=\"@conspirou\" \/>\n<meta name=\"twitter:site\" content=\"@conspirou\" \/>\n<meta name=\"twitter:label1\" content=\"Escrito por\" \/>\n\t<meta name=\"twitter:data1\" content=\"MR News\" \/>\n\t<meta name=\"twitter:label2\" content=\"Est. tempo de leitura\" \/>\n\t<meta name=\"twitter:data2\" content=\"3 minutos\" \/>\n<script type=\"application\/ld+json\" class=\"yoast-schema-graph\">{\"@context\":\"https:\\\/\\\/schema.org\",\"@graph\":[{\"@type\":\"Article\",\"@id\":\"https:\\\/\\\/agenciabrasil.ebc.com.br\\\/cultura\\\/noticia\\\/2026-05\\\/tv-brasil-exibe-programa-sobre-plantas-alimenticias-nao-convencionais#article\",\"isPartOf\":{\"@id\":\"https:\\\/\\\/mrnews.com.br\\\/index.php\\\/2026\\\/05\\\/30\\\/tv-brasil-exibe-programa-sobre-plantas-alimenticias-nao-convencionais\\\/\"},\"author\":{\"name\":\"MR News\",\"@id\":\"https:\\\/\\\/mrnews.com.br\\\/#\\\/schema\\\/person\\\/be3203154562a9f207407861cef7827b\"},\"headline\":\"TV Brasil exibe programa sobre plantas aliment\u00edcias n\u00e3o convencionais\",\"datePublished\":\"2026-05-30T15:33:24+00:00\",\"mainEntityOfPage\":{\"@id\":\"https:\\\/\\\/mrnews.com.br\\\/index.php\\\/2026\\\/05\\\/30\\\/tv-brasil-exibe-programa-sobre-plantas-alimenticias-nao-convencionais\\\/\"},\"wordCount\":671,\"commentCount\":0,\"publisher\":{\"@id\":\"https:\\\/\\\/mrnews.com.br\\\/#organization\"},\"articleSection\":[\"ENTRETENIMENTO\",\"NOTICIAS\",\"SERVI\u00c7OS\"],\"inLanguage\":\"pt-BR\",\"potentialAction\":[{\"@type\":\"CommentAction\",\"name\":\"Comment\",\"target\":[\"https:\\\/\\\/agenciabrasil.ebc.com.br\\\/cultura\\\/noticia\\\/2026-05\\\/tv-brasil-exibe-programa-sobre-plantas-alimenticias-nao-convencionais#respond\"]}]},{\"@type\":\"WebPage\",\"@id\":\"https:\\\/\\\/mrnews.com.br\\\/index.php\\\/2026\\\/05\\\/30\\\/tv-brasil-exibe-programa-sobre-plantas-alimenticias-nao-convencionais\\\/\",\"url\":\"https:\\\/\\\/agenciabrasil.ebc.com.br\\\/cultura\\\/noticia\\\/2026-05\\\/tv-brasil-exibe-programa-sobre-plantas-alimenticias-nao-convencionais\",\"name\":\"TV Brasil exibe programa sobre plantas aliment\u00edcias n\u00e3o convencionais\",\"isPartOf\":{\"@id\":\"https:\\\/\\\/mrnews.com.br\\\/#website\"},\"datePublished\":\"2026-05-30T15:33:24+00:00\",\"breadcrumb\":{\"@id\":\"https:\\\/\\\/agenciabrasil.ebc.com.br\\\/cultura\\\/noticia\\\/2026-05\\\/tv-brasil-exibe-programa-sobre-plantas-alimenticias-nao-convencionais#breadcrumb\"},\"inLanguage\":\"pt-BR\",\"potentialAction\":[{\"@type\":\"ReadAction\",\"target\":[\"https:\\\/\\\/agenciabrasil.ebc.com.br\\\/cultura\\\/noticia\\\/2026-05\\\/tv-brasil-exibe-programa-sobre-plantas-alimenticias-nao-convencionais\"]}]},{\"@type\":\"BreadcrumbList\",\"@id\":\"https:\\\/\\\/agenciabrasil.ebc.com.br\\\/cultura\\\/noticia\\\/2026-05\\\/tv-brasil-exibe-programa-sobre-plantas-alimenticias-nao-convencionais#breadcrumb\",\"itemListElement\":[{\"@type\":\"ListItem\",\"position\":1,\"name\":\"In\u00edcio\",\"item\":\"https:\\\/\\\/mrnews.com.br\\\/\"},{\"@type\":\"ListItem\",\"position\":2,\"name\":\"TV Brasil exibe programa sobre plantas aliment\u00edcias n\u00e3o convencionais\"}]},{\"@type\":\"WebSite\",\"@id\":\"https:\\\/\\\/mrnews.com.br\\\/#website\",\"url\":\"https:\\\/\\\/mrnews.com.br\\\/\",\"name\":\"MRNews\",\"description\":\"MRNews Jogos de hoje da TV, transmiss\u00f5es ao vivo, Not\u00edcias de futebol, Jogos ao vivo, Lives, resumo de novelas, Programa\u00e7\u00e3o da Globo, A Fazenda e BBB\",\"publisher\":{\"@id\":\"https:\\\/\\\/mrnews.com.br\\\/#organization\"},\"potentialAction\":[{\"@type\":\"SearchAction\",\"target\":{\"@type\":\"EntryPoint\",\"urlTemplate\":\"https:\\\/\\\/mrnews.com.br\\\/?s={search_term_string}\"},\"query-input\":{\"@type\":\"PropertyValueSpecification\",\"valueRequired\":true,\"valueName\":\"search_term_string\"}}],\"inLanguage\":\"pt-BR\"},{\"@type\":\"Organization\",\"@id\":\"https:\\\/\\\/mrnews.com.br\\\/#organization\",\"name\":\"MRNews\",\"url\":\"https:\\\/\\\/mrnews.com.br\\\/\",\"logo\":{\"@type\":\"ImageObject\",\"inLanguage\":\"pt-BR\",\"@id\":\"https:\\\/\\\/mrnews.com.br\\\/#\\\/schema\\\/logo\\\/image\\\/\",\"url\":\"https:\\\/\\\/mrnews.com.br\\\/wp-content\\\/uploads\\\/2026\\\/08\\\/MRNEws.png\",\"contentUrl\":\"https:\\\/\\\/mrnews.com.br\\\/wp-content\\\/uploads\\\/2026\\\/08\\\/MRNEws.png\",\"width\":1254,\"height\":1254,\"caption\":\"MRNews\"},\"image\":{\"@id\":\"https:\\\/\\\/mrnews.com.br\\\/#\\\/schema\\\/logo\\\/image\\\/\"},\"sameAs\":[\"https:\\\/\\\/www.facebook.com\\\/eaipahpah\\\/?locale2=pt_BR\",\"https:\\\/\\\/x.com\\\/conspirou\",\"https:\\\/\\\/www.instagram.com\\\/eai_pahpah\",\"https:\\\/\\\/br.pinterest.com\\\/mrnewsn\\\/boards\\\/\",\"https:\\\/\\\/www.youtube.com\\\/channel\\\/UCacgnpznQ61fifLWr1tQ-vA?view_as=subscriber\"]},{\"@type\":\"Person\",\"@id\":\"https:\\\/\\\/mrnews.com.br\\\/#\\\/schema\\\/person\\\/be3203154562a9f207407861cef7827b\",\"name\":\"MR News\",\"image\":{\"@type\":\"ImageObject\",\"inLanguage\":\"pt-BR\",\"@id\":\"https:\\\/\\\/secure.gravatar.com\\\/avatar\\\/04084e6d73c042b8646e7c17b494073bf0ede3ea13c7105cfc45cbbbc28385a4?s=96&d=monsterid&r=g\",\"url\":\"https:\\\/\\\/secure.gravatar.com\\\/avatar\\\/04084e6d73c042b8646e7c17b494073bf0ede3ea13c7105cfc45cbbbc28385a4?s=96&d=monsterid&r=g\",\"contentUrl\":\"https:\\\/\\\/secure.gravatar.com\\\/avatar\\\/04084e6d73c042b8646e7c17b494073bf0ede3ea13c7105cfc45cbbbc28385a4?s=96&d=monsterid&r=g\",\"caption\":\"MR News\"},\"description\":\"Especializado em jornalismo colaborativo pela FTP em n\u00edvel de p\u00f3s-gradua\u00e7\u00e3o. suporte@oimeliga.combr\",\"sameAs\":[\"HUGO R.\",\"Admin\"],\"url\":\"https:\\\/\\\/mrnews.com.br\\\/index.php\\\/author\\\/admin\\\/\"}]}<\/script>\n<!-- \/ Yoast SEO plugin. -->","yoast_head_json":{"title":"TV Brasil exibe programa sobre plantas aliment\u00edcias n\u00e3o convencionais","robots":{"index":"index","follow":"follow","max-snippet":"max-snippet:-1","max-image-preview":"max-image-preview:large","max-video-preview":"max-video-preview:-1"},"canonical":"https:\/\/agenciabrasil.ebc.com.br\/cultura\/noticia\/2026-05\/tv-brasil-exibe-programa-sobre-plantas-alimenticias-nao-convencionais","og_locale":"pt_BR","og_type":"article","og_title":"TV Brasil exibe programa sobre plantas aliment\u00edcias n\u00e3o convencionais","og_description":"Por EBC, A\u00a0TV Brasil\u00a0apresenta o segundo programa do seriado independente\u00a0Amaz\u00f4nia PANC\u00a0neste s\u00e1bado (30), \u00e0s 12h30. O novo conte\u00fado in\u00e9dito da produ\u00e7\u00e3o documental sobre plantas aliment\u00edcias n\u00e3o convencionais foi gravado em Bel\u00e9m com receitas locais destaca o potencial do ari\u00e1 e do uxi. O epis\u00f3dio feito na capital paraense une a experi\u00eancia do saber popular com &hellip;","og_url":"https:\/\/agenciabrasil.ebc.com.br\/cultura\/noticia\/2026-05\/tv-brasil-exibe-programa-sobre-plantas-alimenticias-nao-convencionais","og_site_name":"MRNews","article_publisher":"https:\/\/www.facebook.com\/eaipahpah\/?locale2=pt_BR","article_published_time":"2026-05-30T15:33:24+00:00","author":"MR News","twitter_card":"summary_large_image","twitter_creator":"@conspirou","twitter_site":"@conspirou","twitter_misc":{"Escrito por":"MR News","Est. tempo de leitura":"3 minutos"},"schema":{"@context":"https:\/\/schema.org","@graph":[{"@type":"Article","@id":"https:\/\/agenciabrasil.ebc.com.br\/cultura\/noticia\/2026-05\/tv-brasil-exibe-programa-sobre-plantas-alimenticias-nao-convencionais#article","isPartOf":{"@id":"https:\/\/mrnews.com.br\/index.php\/2026\/05\/30\/tv-brasil-exibe-programa-sobre-plantas-alimenticias-nao-convencionais\/"},"author":{"name":"MR News","@id":"https:\/\/mrnews.com.br\/#\/schema\/person\/be3203154562a9f207407861cef7827b"},"headline":"TV Brasil exibe programa sobre plantas aliment\u00edcias n\u00e3o convencionais","datePublished":"2026-05-30T15:33:24+00:00","mainEntityOfPage":{"@id":"https:\/\/mrnews.com.br\/index.php\/2026\/05\/30\/tv-brasil-exibe-programa-sobre-plantas-alimenticias-nao-convencionais\/"},"wordCount":671,"commentCount":0,"publisher":{"@id":"https:\/\/mrnews.com.br\/#organization"},"articleSection":["ENTRETENIMENTO","NOTICIAS","SERVI\u00c7OS"],"inLanguage":"pt-BR","potentialAction":[{"@type":"CommentAction","name":"Comment","target":["https:\/\/agenciabrasil.ebc.com.br\/cultura\/noticia\/2026-05\/tv-brasil-exibe-programa-sobre-plantas-alimenticias-nao-convencionais#respond"]}]},{"@type":"WebPage","@id":"https:\/\/mrnews.com.br\/index.php\/2026\/05\/30\/tv-brasil-exibe-programa-sobre-plantas-alimenticias-nao-convencionais\/","url":"https:\/\/agenciabrasil.ebc.com.br\/cultura\/noticia\/2026-05\/tv-brasil-exibe-programa-sobre-plantas-alimenticias-nao-convencionais","name":"TV Brasil exibe programa sobre plantas aliment\u00edcias n\u00e3o convencionais","isPartOf":{"@id":"https:\/\/mrnews.com.br\/#website"},"datePublished":"2026-05-30T15:33:24+00:00","breadcrumb":{"@id":"https:\/\/agenciabrasil.ebc.com.br\/cultura\/noticia\/2026-05\/tv-brasil-exibe-programa-sobre-plantas-alimenticias-nao-convencionais#breadcrumb"},"inLanguage":"pt-BR","potentialAction":[{"@type":"ReadAction","target":["https:\/\/agenciabrasil.ebc.com.br\/cultura\/noticia\/2026-05\/tv-brasil-exibe-programa-sobre-plantas-alimenticias-nao-convencionais"]}]},{"@type":"BreadcrumbList","@id":"https:\/\/agenciabrasil.ebc.com.br\/cultura\/noticia\/2026-05\/tv-brasil-exibe-programa-sobre-plantas-alimenticias-nao-convencionais#breadcrumb","itemListElement":[{"@type":"ListItem","position":1,"name":"In\u00edcio","item":"https:\/\/mrnews.com.br\/"},{"@type":"ListItem","position":2,"name":"TV Brasil exibe programa sobre plantas aliment\u00edcias n\u00e3o convencionais"}]},{"@type":"WebSite","@id":"https:\/\/mrnews.com.br\/#website","url":"https:\/\/mrnews.com.br\/","name":"MRNews","description":"MRNews Jogos de hoje da TV, transmiss\u00f5es ao vivo, Not\u00edcias de futebol, Jogos ao vivo, Lives, resumo de novelas, Programa\u00e7\u00e3o da Globo, A Fazenda e BBB","publisher":{"@id":"https:\/\/mrnews.com.br\/#organization"},"potentialAction":[{"@type":"SearchAction","target":{"@type":"EntryPoint","urlTemplate":"https:\/\/mrnews.com.br\/?s={search_term_string}"},"query-input":{"@type":"PropertyValueSpecification","valueRequired":true,"valueName":"search_term_string"}}],"inLanguage":"pt-BR"},{"@type":"Organization","@id":"https:\/\/mrnews.com.br\/#organization","name":"MRNews","url":"https:\/\/mrnews.com.br\/","logo":{"@type":"ImageObject","inLanguage":"pt-BR","@id":"https:\/\/mrnews.com.br\/#\/schema\/logo\/image\/","url":"https:\/\/mrnews.com.br\/wp-content\/uploads\/2026\/08\/MRNEws.png","contentUrl":"https:\/\/mrnews.com.br\/wp-content\/uploads\/2026\/08\/MRNEws.png","width":1254,"height":1254,"caption":"MRNews"},"image":{"@id":"https:\/\/mrnews.com.br\/#\/schema\/logo\/image\/"},"sameAs":["https:\/\/www.facebook.com\/eaipahpah\/?locale2=pt_BR","https:\/\/x.com\/conspirou","https:\/\/www.instagram.com\/eai_pahpah","https:\/\/br.pinterest.com\/mrnewsn\/boards\/","https:\/\/www.youtube.com\/channel\/UCacgnpznQ61fifLWr1tQ-vA?view_as=subscriber"]},{"@type":"Person","@id":"https:\/\/mrnews.com.br\/#\/schema\/person\/be3203154562a9f207407861cef7827b","name":"MR News","image":{"@type":"ImageObject","inLanguage":"pt-BR","@id":"https:\/\/secure.gravatar.com\/avatar\/04084e6d73c042b8646e7c17b494073bf0ede3ea13c7105cfc45cbbbc28385a4?s=96&d=monsterid&r=g","url":"https:\/\/secure.gravatar.com\/avatar\/04084e6d73c042b8646e7c17b494073bf0ede3ea13c7105cfc45cbbbc28385a4?s=96&d=monsterid&r=g","contentUrl":"https:\/\/secure.gravatar.com\/avatar\/04084e6d73c042b8646e7c17b494073bf0ede3ea13c7105cfc45cbbbc28385a4?s=96&d=monsterid&r=g","caption":"MR News"},"description":"Especializado em jornalismo colaborativo pela FTP em n\u00edvel de p\u00f3s-gradua\u00e7\u00e3o. suporte@oimeliga.combr","sameAs":["HUGO R.","Admin"],"url":"https:\/\/mrnews.com.br\/index.php\/author\/admin\/"}]}},"jetpack_sharing_enabled":true,"jetpack_shortlink":"https:\/\/wp.me\/pa2Qf7-1W5F","amp_enabled":true,"jetpack_featured_media_url":"","_links":{"self":[{"href":"https:\/\/mrnews.com.br\/index.php\/wp-json\/wp\/v2\/posts\/461631","targetHints":{"allow":["GET"]}}],"collection":[{"href":"https:\/\/mrnews.com.br\/index.php\/wp-json\/wp\/v2\/posts"}],"about":[{"href":"https:\/\/mrnews.com.br\/index.php\/wp-json\/wp\/v2\/types\/post"}],"author":[{"embeddable":true,"href":"https:\/\/mrnews.com.br\/index.php\/wp-json\/wp\/v2\/users\/1"}],"replies":[{"embeddable":true,"href":"https:\/\/mrnews.com.br\/index.php\/wp-json\/wp\/v2\/comments?post=461631"}],"version-history":[{"count":0,"href":"https:\/\/mrnews.com.br\/index.php\/wp-json\/wp\/v2\/posts\/461631\/revisions"}],"wp:attachment":[{"href":"https:\/\/mrnews.com.br\/index.php\/wp-json\/wp\/v2\/media?parent=461631"}],"wp:term":[{"taxonomy":"category","embeddable":true,"href":"https:\/\/mrnews.com.br\/index.php\/wp-json\/wp\/v2\/categories?post=461631"},{"taxonomy":"post_tag","embeddable":true,"href":"https:\/\/mrnews.com.br\/index.php\/wp-json\/wp\/v2\/tags?post=461631"}],"curies":[{"name":"wp","href":"https:\/\/api.w.org\/{rel}","templated":true}]}}