{"id":461669,"date":"2026-05-31T15:51:24","date_gmt":"2026-05-31T18:51:24","guid":{"rendered":"https:\/\/mrnews.com.br\/index.php\/2026\/05\/31\/brasil-no-mundo-discute-impacto-de-decisao-dos-eua-sobre-faccoes\/"},"modified":"2026-05-31T15:51:24","modified_gmt":"2026-05-31T18:51:24","slug":"brasil-no-mundo-discute-impacto-de-decisao-dos-eua-sobre-faccoes","status":"publish","type":"post","link":"https:\/\/mrnews.com.br\/index.php\/2026\/05\/31\/brasil-no-mundo-discute-impacto-de-decisao-dos-eua-sobre-faccoes\/","title":{"rendered":"Brasil no Mundo discute impacto de decis\u00e3o dos EUA sobre fac\u00e7\u00f5es"},"content":{"rendered":"<p>Por EBC, <\/p>\n<div>\n<p><strong>A TV Brasil exibe neste domingo (31), \u00e0s 19h30, uma edi\u00e7\u00e3o in\u00e9dita do programa <em>Brasil no Mundo<\/em>, atra\u00e7\u00e3o que analisa os principais acontecimentos internacionais e seus impactos no pa\u00eds.<\/strong> <strong>Neste epis\u00f3dio, Cristina Serra, Jamil Chade e Yan Boechat recebem a professora de\u00a0hist\u00f3ria comparada da Universidade Federal do Rio de Janeiro (UFRJ)\u00a0Beatriz Bissio, para comentar a designa\u00e7\u00e3o de fac\u00e7\u00f5es criminosas como terroristas pelos Estados Unidos e as implica\u00e7\u00f5es dessa mudan\u00e7a para o Brasil e Am\u00e9rica Latina.<\/strong><\/p>\n<p>Al\u00e9m disso, o <em>Brasil no Mundo<\/em> desta semana analisa como a desconfian\u00e7a na condu\u00e7\u00e3o dos Estados Unidos vem estimulando uma reorganiza\u00e7\u00e3o de acordos econ\u00f4micos entre os diferentes atores globais. A produ\u00e7\u00e3o da <strong>TV Brasil<\/strong> tamb\u00e9m discute a situa\u00e7\u00e3o da Ucr\u00e2nia, com a recente intensifica\u00e7\u00e3o dos ataques russos a\u00a0Kiev.<\/p>\n<p>A convidada do programa semanal \u00e9 especialista com doutorado sobre a civiliza\u00e7\u00e3o \u00e1rabe-isl\u00e2mica cl\u00e1ssica que resultou no livro <em>O Mundo Falava \u00c1rabe<\/em>. No curr\u00edculo, Beatriz Bissio acumula tamb\u00e9m o per\u00edodo que trabalhou como correspondente internacional de v\u00e1rios ve\u00edculos de comunica\u00e7\u00e3o latino-americanos e foi criadora da revista <em>Cadernos do Terceiro Mundo<\/em>.<\/p>\n<h2>Sobre a produ\u00e7\u00e3o<\/h2>\n<p>O Brasil no Mundo se dedica a discutir, com profundidade e clareza, os grandes acontecimentos internacionais que moldam a pol\u00edtica, a economia e a vida cotidiana. Conduzido por Cristina Serra, Jamil Chade e Yan Boechat, o programa combina an\u00e1lises de contexto, explica\u00e7\u00f5es acess\u00edveis e entrevistas com especialistas que ajudam a iluminar os reflexos do cen\u00e1rio global no Brasil.<\/p>\n<p>Cristina Serra atua como jornalista h\u00e1 cerca de 40 anos, tendo trabalhado na Globo por 26 anos, como correspondente em Nova York, entre outras fun\u00e7\u00f5es.<\/p>\n<p>O jornalista Jamil Chade trabalha h\u00e1 duas d\u00e9cadas como correspondente de diversos ve\u00edculos no escrit\u00f3rio da Organiza\u00e7\u00e3o das Na\u00e7\u00f5es Unidas em Genebra, per\u00edodo em que contribuiu com BBC, CNN, <em>Guardian<\/em> e ve\u00edculos brasileiros.<\/p>\n<p>J\u00e1 Yan Boechat cobre conflitos internacionais h\u00e1 20 anos para diversos ve\u00edculos, como <em>Folha de S.Paulo<\/em> e <em>O Estado de S. Paulo<\/em>. J\u00e1 fez reportagens<em> in loco<\/em> na \u00c1frica, Oriente M\u00e9dio, R\u00fassia e Am\u00e9rica Latina.<\/p>\n<p>O programa j\u00e1 recebeu personalidades como a ent\u00e3o ministra do Meio Ambiente e Mudan\u00e7a do Cima Marina Silva; o embaixador Andr\u00e9 Corr\u00eaa do Lago, presidente da Confer\u00eancia das Na\u00e7\u00f5es Unidas sobre Mudan\u00e7a\u00a0do Clima de 2025 (COP30); o ge\u00f3grafo Elias Jabbour\u00a0e a economista Juliana Furno.<\/p>\n<h2>Ao vivo e on demand<\/h2>\n<p>Acompanhe a programa\u00e7\u00e3o da<strong> TV Brasil<\/strong> pelo canal aberto, TV por assinatura e parab\u00f3lica. Sintonize: https:\/\/tvbrasil.ebc.com.br\/comosintonizar.<\/p>\n<p>Seus programas favoritos est\u00e3o no TV Brasil Play, pelo<em> site<\/em> http:\/\/tvbrasilplay.com.br ou por aplicativo no <em>smartphone<\/em>. O app pode ser baixado gratuitamente e est\u00e1 dispon\u00edvel para Android e iOS. Assista tamb\u00e9m pela WebTV: https:\/\/tvbrasil.ebc.com.br\/webtv.<\/p>\n<p><strong>Servi\u00e7o<\/strong><\/p>\n<p><em>Brasil no Mundo <\/em>\u2013 Domingo (31),\u00a0\u00e0s 19h30, na <strong>TV Brasil<\/strong><br \/><em>Brasil no Mundo<\/em> \u2013 Segunda (1\u00ba), \u00e0s 2h, na <strong>TV Brasil<\/strong><\/p>\n<h2>TV Brasil na internet e nas redes sociais<\/h2>\n<p>Site \u2013 https:\/\/tvbrasil.ebc.com.br<br \/>Instagram \u2013 https:\/\/www.instagram.com\/tvbrasil<br \/>YouTube \u2013 https:\/\/www.youtube.com\/tvbrasil<br \/>X \u2013 https:\/\/x.com\/TVBrasil<br \/>Facebook \u2013 https:\/\/www.facebook.com\/tvbrasil<br \/>TikTok \u2013 https:\/\/www.tiktok.com\/@tvbrasil<br \/>TV Brasil Play &#8211; http:\/\/tvbrasilplay.com.br<\/p>\n<p>      <!-- Relacionada --><\/p>\n<p>            <!-- Relacionada -->\n    <\/div>\n<p><script async src=\"\/\/www.instagram.com\/embed.js\"><\/script><script async src=\"\/\/www.tiktok.com\/embed.js\"><\/script><\/p>\n","protected":false},"excerpt":{"rendered":"<p>Por EBC, A TV Brasil exibe neste domingo (31), \u00e0s 19h30, uma edi\u00e7\u00e3o in\u00e9dita do programa Brasil no Mundo, atra\u00e7\u00e3o que analisa os principais acontecimentos internacionais e seus impactos no pa\u00eds. Neste epis\u00f3dio, Cristina Serra, Jamil Chade e Yan Boechat recebem a professora de\u00a0hist\u00f3ria comparada da Universidade Federal do Rio de Janeiro (UFRJ)\u00a0Beatriz Bissio, para &hellip;<\/p>\n","protected":false},"author":1,"featured_media":0,"comment_status":"open","ping_status":"open","sticky":false,"template":"","format":"standard","meta":{"_jetpack_newsletter_access":"","_jetpack_dont_email_post_to_subs":false,"_jetpack_newsletter_tier_id":0,"_jetpack_memberships_contains_paywalled_content":false,"_jetpack_feature_clip_id":0,"_jetpack_memberships_contains_paid_content":false,"footnotes":"","jetpack_post_was_ever_published":false},"categories":[2,12225,4],"tags":[],"class_list":["post-461669","post","type-post","status-publish","format-standard","hentry","category-entretenimento","category-noticias","category-servicos"],"yoast_head":"<!-- This site is optimized with the Yoast SEO plugin v28.3 - https:\/\/yoast.com\/product\/yoast-seo-wordpress\/ -->\n<title>Brasil no Mundo discute impacto de decis\u00e3o dos EUA sobre fac\u00e7\u00f5es<\/title>\n<meta name=\"robots\" content=\"index, follow, max-snippet:-1, max-image-preview:large, max-video-preview:-1\" \/>\n<link rel=\"canonical\" href=\"https:\/\/agenciabrasil.ebc.com.br\/internacional\/noticia\/2026-05\/brasil-no-mundo-discute-impacto-de-decisao-dos-eua-sobre-faccoes\" \/>\n<meta property=\"og:locale\" content=\"pt_BR\" \/>\n<meta property=\"og:type\" content=\"article\" \/>\n<meta property=\"og:title\" content=\"Brasil no Mundo discute impacto de decis\u00e3o dos EUA sobre fac\u00e7\u00f5es\" \/>\n<meta property=\"og:description\" content=\"Por EBC, A TV Brasil exibe neste domingo (31), \u00e0s 19h30, uma edi\u00e7\u00e3o in\u00e9dita do programa Brasil no Mundo, atra\u00e7\u00e3o que analisa os principais acontecimentos internacionais e seus impactos no pa\u00eds. Neste epis\u00f3dio, Cristina Serra, Jamil Chade e Yan Boechat recebem a professora de\u00a0hist\u00f3ria comparada da Universidade Federal do Rio de Janeiro (UFRJ)\u00a0Beatriz Bissio, para &hellip;\" \/>\n<meta property=\"og:url\" content=\"https:\/\/agenciabrasil.ebc.com.br\/internacional\/noticia\/2026-05\/brasil-no-mundo-discute-impacto-de-decisao-dos-eua-sobre-faccoes\" \/>\n<meta property=\"og:site_name\" content=\"MRNews\" \/>\n<meta property=\"article:publisher\" content=\"https:\/\/www.facebook.com\/eaipahpah\/?locale2=pt_BR\" \/>\n<meta property=\"article:published_time\" content=\"2026-05-31T18:51:24+00:00\" \/>\n<meta name=\"author\" content=\"MR News\" \/>\n<meta name=\"twitter:card\" content=\"summary_large_image\" \/>\n<meta name=\"twitter:creator\" content=\"@conspirou\" \/>\n<meta name=\"twitter:site\" content=\"@conspirou\" \/>\n<meta name=\"twitter:label1\" content=\"Escrito por\" \/>\n\t<meta name=\"twitter:data1\" content=\"MR News\" \/>\n\t<meta name=\"twitter:label2\" content=\"Est. tempo de leitura\" \/>\n\t<meta name=\"twitter:data2\" content=\"3 minutos\" \/>\n<script type=\"application\/ld+json\" class=\"yoast-schema-graph\">{\"@context\":\"https:\\\/\\\/schema.org\",\"@graph\":[{\"@type\":\"Article\",\"@id\":\"https:\\\/\\\/agenciabrasil.ebc.com.br\\\/internacional\\\/noticia\\\/2026-05\\\/brasil-no-mundo-discute-impacto-de-decisao-dos-eua-sobre-faccoes#article\",\"isPartOf\":{\"@id\":\"https:\\\/\\\/mrnews.com.br\\\/index.php\\\/2026\\\/05\\\/31\\\/brasil-no-mundo-discute-impacto-de-decisao-dos-eua-sobre-faccoes\\\/\"},\"author\":{\"name\":\"MR News\",\"@id\":\"https:\\\/\\\/mrnews.com.br\\\/#\\\/schema\\\/person\\\/be3203154562a9f207407861cef7827b\"},\"headline\":\"Brasil no Mundo discute impacto de decis\u00e3o dos EUA sobre fac\u00e7\u00f5es\",\"datePublished\":\"2026-05-31T18:51:24+00:00\",\"mainEntityOfPage\":{\"@id\":\"https:\\\/\\\/mrnews.com.br\\\/index.php\\\/2026\\\/05\\\/31\\\/brasil-no-mundo-discute-impacto-de-decisao-dos-eua-sobre-faccoes\\\/\"},\"wordCount\":579,\"commentCount\":0,\"publisher\":{\"@id\":\"https:\\\/\\\/mrnews.com.br\\\/#organization\"},\"articleSection\":[\"ENTRETENIMENTO\",\"NOTICIAS\",\"SERVI\u00c7OS\"],\"inLanguage\":\"pt-BR\",\"potentialAction\":[{\"@type\":\"CommentAction\",\"name\":\"Comment\",\"target\":[\"https:\\\/\\\/agenciabrasil.ebc.com.br\\\/internacional\\\/noticia\\\/2026-05\\\/brasil-no-mundo-discute-impacto-de-decisao-dos-eua-sobre-faccoes#respond\"]}]},{\"@type\":\"WebPage\",\"@id\":\"https:\\\/\\\/mrnews.com.br\\\/index.php\\\/2026\\\/05\\\/31\\\/brasil-no-mundo-discute-impacto-de-decisao-dos-eua-sobre-faccoes\\\/\",\"url\":\"https:\\\/\\\/agenciabrasil.ebc.com.br\\\/internacional\\\/noticia\\\/2026-05\\\/brasil-no-mundo-discute-impacto-de-decisao-dos-eua-sobre-faccoes\",\"name\":\"Brasil no Mundo discute impacto de decis\u00e3o dos EUA sobre fac\u00e7\u00f5es\",\"isPartOf\":{\"@id\":\"https:\\\/\\\/mrnews.com.br\\\/#website\"},\"datePublished\":\"2026-05-31T18:51:24+00:00\",\"breadcrumb\":{\"@id\":\"https:\\\/\\\/agenciabrasil.ebc.com.br\\\/internacional\\\/noticia\\\/2026-05\\\/brasil-no-mundo-discute-impacto-de-decisao-dos-eua-sobre-faccoes#breadcrumb\"},\"inLanguage\":\"pt-BR\",\"potentialAction\":[{\"@type\":\"ReadAction\",\"target\":[\"https:\\\/\\\/agenciabrasil.ebc.com.br\\\/internacional\\\/noticia\\\/2026-05\\\/brasil-no-mundo-discute-impacto-de-decisao-dos-eua-sobre-faccoes\"]}]},{\"@type\":\"BreadcrumbList\",\"@id\":\"https:\\\/\\\/agenciabrasil.ebc.com.br\\\/internacional\\\/noticia\\\/2026-05\\\/brasil-no-mundo-discute-impacto-de-decisao-dos-eua-sobre-faccoes#breadcrumb\",\"itemListElement\":[{\"@type\":\"ListItem\",\"position\":1,\"name\":\"In\u00edcio\",\"item\":\"https:\\\/\\\/mrnews.com.br\\\/\"},{\"@type\":\"ListItem\",\"position\":2,\"name\":\"Brasil no Mundo discute impacto de decis\u00e3o dos EUA sobre fac\u00e7\u00f5es\"}]},{\"@type\":\"WebSite\",\"@id\":\"https:\\\/\\\/mrnews.com.br\\\/#website\",\"url\":\"https:\\\/\\\/mrnews.com.br\\\/\",\"name\":\"MRNews\",\"description\":\"MRNews Jogos de hoje da TV, transmiss\u00f5es ao vivo, Not\u00edcias de futebol, Jogos ao vivo, Lives, resumo de novelas, Programa\u00e7\u00e3o da Globo, A Fazenda e BBB\",\"publisher\":{\"@id\":\"https:\\\/\\\/mrnews.com.br\\\/#organization\"},\"potentialAction\":[{\"@type\":\"SearchAction\",\"target\":{\"@type\":\"EntryPoint\",\"urlTemplate\":\"https:\\\/\\\/mrnews.com.br\\\/?s={search_term_string}\"},\"query-input\":{\"@type\":\"PropertyValueSpecification\",\"valueRequired\":true,\"valueName\":\"search_term_string\"}}],\"inLanguage\":\"pt-BR\"},{\"@type\":\"Organization\",\"@id\":\"https:\\\/\\\/mrnews.com.br\\\/#organization\",\"name\":\"MRNews\",\"url\":\"https:\\\/\\\/mrnews.com.br\\\/\",\"logo\":{\"@type\":\"ImageObject\",\"inLanguage\":\"pt-BR\",\"@id\":\"https:\\\/\\\/mrnews.com.br\\\/#\\\/schema\\\/logo\\\/image\\\/\",\"url\":\"https:\\\/\\\/mrnews.com.br\\\/wp-content\\\/uploads\\\/2026\\\/08\\\/MRNEws.png\",\"contentUrl\":\"https:\\\/\\\/mrnews.com.br\\\/wp-content\\\/uploads\\\/2026\\\/08\\\/MRNEws.png\",\"width\":1254,\"height\":1254,\"caption\":\"MRNews\"},\"image\":{\"@id\":\"https:\\\/\\\/mrnews.com.br\\\/#\\\/schema\\\/logo\\\/image\\\/\"},\"sameAs\":[\"https:\\\/\\\/www.facebook.com\\\/eaipahpah\\\/?locale2=pt_BR\",\"https:\\\/\\\/x.com\\\/conspirou\",\"https:\\\/\\\/www.instagram.com\\\/eai_pahpah\",\"https:\\\/\\\/br.pinterest.com\\\/mrnewsn\\\/boards\\\/\",\"https:\\\/\\\/www.youtube.com\\\/channel\\\/UCacgnpznQ61fifLWr1tQ-vA?view_as=subscriber\"]},{\"@type\":\"Person\",\"@id\":\"https:\\\/\\\/mrnews.com.br\\\/#\\\/schema\\\/person\\\/be3203154562a9f207407861cef7827b\",\"name\":\"MR News\",\"image\":{\"@type\":\"ImageObject\",\"inLanguage\":\"pt-BR\",\"@id\":\"https:\\\/\\\/secure.gravatar.com\\\/avatar\\\/04084e6d73c042b8646e7c17b494073bf0ede3ea13c7105cfc45cbbbc28385a4?s=96&d=monsterid&r=g\",\"url\":\"https:\\\/\\\/secure.gravatar.com\\\/avatar\\\/04084e6d73c042b8646e7c17b494073bf0ede3ea13c7105cfc45cbbbc28385a4?s=96&d=monsterid&r=g\",\"contentUrl\":\"https:\\\/\\\/secure.gravatar.com\\\/avatar\\\/04084e6d73c042b8646e7c17b494073bf0ede3ea13c7105cfc45cbbbc28385a4?s=96&d=monsterid&r=g\",\"caption\":\"MR News\"},\"description\":\"Especializado em jornalismo colaborativo pela FTP em n\u00edvel de p\u00f3s-gradua\u00e7\u00e3o. suporte@oimeliga.combr\",\"sameAs\":[\"HUGO R.\",\"Admin\"],\"url\":\"https:\\\/\\\/mrnews.com.br\\\/index.php\\\/author\\\/admin\\\/\"}]}<\/script>\n<!-- \/ Yoast SEO plugin. -->","yoast_head_json":{"title":"Brasil no Mundo discute impacto de decis\u00e3o dos EUA sobre fac\u00e7\u00f5es","robots":{"index":"index","follow":"follow","max-snippet":"max-snippet:-1","max-image-preview":"max-image-preview:large","max-video-preview":"max-video-preview:-1"},"canonical":"https:\/\/agenciabrasil.ebc.com.br\/internacional\/noticia\/2026-05\/brasil-no-mundo-discute-impacto-de-decisao-dos-eua-sobre-faccoes","og_locale":"pt_BR","og_type":"article","og_title":"Brasil no Mundo discute impacto de decis\u00e3o dos EUA sobre fac\u00e7\u00f5es","og_description":"Por EBC, A TV Brasil exibe neste domingo (31), \u00e0s 19h30, uma edi\u00e7\u00e3o in\u00e9dita do programa Brasil no Mundo, atra\u00e7\u00e3o que analisa os principais acontecimentos internacionais e seus impactos no pa\u00eds. Neste epis\u00f3dio, Cristina Serra, Jamil Chade e Yan Boechat recebem a professora de\u00a0hist\u00f3ria comparada da Universidade Federal do Rio de Janeiro (UFRJ)\u00a0Beatriz Bissio, para &hellip;","og_url":"https:\/\/agenciabrasil.ebc.com.br\/internacional\/noticia\/2026-05\/brasil-no-mundo-discute-impacto-de-decisao-dos-eua-sobre-faccoes","og_site_name":"MRNews","article_publisher":"https:\/\/www.facebook.com\/eaipahpah\/?locale2=pt_BR","article_published_time":"2026-05-31T18:51:24+00:00","author":"MR News","twitter_card":"summary_large_image","twitter_creator":"@conspirou","twitter_site":"@conspirou","twitter_misc":{"Escrito por":"MR News","Est. tempo de leitura":"3 minutos"},"schema":{"@context":"https:\/\/schema.org","@graph":[{"@type":"Article","@id":"https:\/\/agenciabrasil.ebc.com.br\/internacional\/noticia\/2026-05\/brasil-no-mundo-discute-impacto-de-decisao-dos-eua-sobre-faccoes#article","isPartOf":{"@id":"https:\/\/mrnews.com.br\/index.php\/2026\/05\/31\/brasil-no-mundo-discute-impacto-de-decisao-dos-eua-sobre-faccoes\/"},"author":{"name":"MR News","@id":"https:\/\/mrnews.com.br\/#\/schema\/person\/be3203154562a9f207407861cef7827b"},"headline":"Brasil no Mundo discute impacto de decis\u00e3o dos EUA sobre fac\u00e7\u00f5es","datePublished":"2026-05-31T18:51:24+00:00","mainEntityOfPage":{"@id":"https:\/\/mrnews.com.br\/index.php\/2026\/05\/31\/brasil-no-mundo-discute-impacto-de-decisao-dos-eua-sobre-faccoes\/"},"wordCount":579,"commentCount":0,"publisher":{"@id":"https:\/\/mrnews.com.br\/#organization"},"articleSection":["ENTRETENIMENTO","NOTICIAS","SERVI\u00c7OS"],"inLanguage":"pt-BR","potentialAction":[{"@type":"CommentAction","name":"Comment","target":["https:\/\/agenciabrasil.ebc.com.br\/internacional\/noticia\/2026-05\/brasil-no-mundo-discute-impacto-de-decisao-dos-eua-sobre-faccoes#respond"]}]},{"@type":"WebPage","@id":"https:\/\/mrnews.com.br\/index.php\/2026\/05\/31\/brasil-no-mundo-discute-impacto-de-decisao-dos-eua-sobre-faccoes\/","url":"https:\/\/agenciabrasil.ebc.com.br\/internacional\/noticia\/2026-05\/brasil-no-mundo-discute-impacto-de-decisao-dos-eua-sobre-faccoes","name":"Brasil no Mundo discute impacto de decis\u00e3o dos EUA sobre fac\u00e7\u00f5es","isPartOf":{"@id":"https:\/\/mrnews.com.br\/#website"},"datePublished":"2026-05-31T18:51:24+00:00","breadcrumb":{"@id":"https:\/\/agenciabrasil.ebc.com.br\/internacional\/noticia\/2026-05\/brasil-no-mundo-discute-impacto-de-decisao-dos-eua-sobre-faccoes#breadcrumb"},"inLanguage":"pt-BR","potentialAction":[{"@type":"ReadAction","target":["https:\/\/agenciabrasil.ebc.com.br\/internacional\/noticia\/2026-05\/brasil-no-mundo-discute-impacto-de-decisao-dos-eua-sobre-faccoes"]}]},{"@type":"BreadcrumbList","@id":"https:\/\/agenciabrasil.ebc.com.br\/internacional\/noticia\/2026-05\/brasil-no-mundo-discute-impacto-de-decisao-dos-eua-sobre-faccoes#breadcrumb","itemListElement":[{"@type":"ListItem","position":1,"name":"In\u00edcio","item":"https:\/\/mrnews.com.br\/"},{"@type":"ListItem","position":2,"name":"Brasil no Mundo discute impacto de decis\u00e3o dos EUA sobre fac\u00e7\u00f5es"}]},{"@type":"WebSite","@id":"https:\/\/mrnews.com.br\/#website","url":"https:\/\/mrnews.com.br\/","name":"MRNews","description":"MRNews Jogos de hoje da TV, transmiss\u00f5es ao vivo, Not\u00edcias de futebol, Jogos ao vivo, Lives, resumo de novelas, Programa\u00e7\u00e3o da Globo, A Fazenda e BBB","publisher":{"@id":"https:\/\/mrnews.com.br\/#organization"},"potentialAction":[{"@type":"SearchAction","target":{"@type":"EntryPoint","urlTemplate":"https:\/\/mrnews.com.br\/?s={search_term_string}"},"query-input":{"@type":"PropertyValueSpecification","valueRequired":true,"valueName":"search_term_string"}}],"inLanguage":"pt-BR"},{"@type":"Organization","@id":"https:\/\/mrnews.com.br\/#organization","name":"MRNews","url":"https:\/\/mrnews.com.br\/","logo":{"@type":"ImageObject","inLanguage":"pt-BR","@id":"https:\/\/mrnews.com.br\/#\/schema\/logo\/image\/","url":"https:\/\/mrnews.com.br\/wp-content\/uploads\/2026\/08\/MRNEws.png","contentUrl":"https:\/\/mrnews.com.br\/wp-content\/uploads\/2026\/08\/MRNEws.png","width":1254,"height":1254,"caption":"MRNews"},"image":{"@id":"https:\/\/mrnews.com.br\/#\/schema\/logo\/image\/"},"sameAs":["https:\/\/www.facebook.com\/eaipahpah\/?locale2=pt_BR","https:\/\/x.com\/conspirou","https:\/\/www.instagram.com\/eai_pahpah","https:\/\/br.pinterest.com\/mrnewsn\/boards\/","https:\/\/www.youtube.com\/channel\/UCacgnpznQ61fifLWr1tQ-vA?view_as=subscriber"]},{"@type":"Person","@id":"https:\/\/mrnews.com.br\/#\/schema\/person\/be3203154562a9f207407861cef7827b","name":"MR News","image":{"@type":"ImageObject","inLanguage":"pt-BR","@id":"https:\/\/secure.gravatar.com\/avatar\/04084e6d73c042b8646e7c17b494073bf0ede3ea13c7105cfc45cbbbc28385a4?s=96&d=monsterid&r=g","url":"https:\/\/secure.gravatar.com\/avatar\/04084e6d73c042b8646e7c17b494073bf0ede3ea13c7105cfc45cbbbc28385a4?s=96&d=monsterid&r=g","contentUrl":"https:\/\/secure.gravatar.com\/avatar\/04084e6d73c042b8646e7c17b494073bf0ede3ea13c7105cfc45cbbbc28385a4?s=96&d=monsterid&r=g","caption":"MR News"},"description":"Especializado em jornalismo colaborativo pela FTP em n\u00edvel de p\u00f3s-gradua\u00e7\u00e3o. suporte@oimeliga.combr","sameAs":["HUGO R.","Admin"],"url":"https:\/\/mrnews.com.br\/index.php\/author\/admin\/"}]}},"jetpack_sharing_enabled":true,"jetpack_shortlink":"https:\/\/wp.me\/pa2Qf7-1W6h","amp_enabled":true,"jetpack_featured_media_url":"","_links":{"self":[{"href":"https:\/\/mrnews.com.br\/index.php\/wp-json\/wp\/v2\/posts\/461669","targetHints":{"allow":["GET"]}}],"collection":[{"href":"https:\/\/mrnews.com.br\/index.php\/wp-json\/wp\/v2\/posts"}],"about":[{"href":"https:\/\/mrnews.com.br\/index.php\/wp-json\/wp\/v2\/types\/post"}],"author":[{"embeddable":true,"href":"https:\/\/mrnews.com.br\/index.php\/wp-json\/wp\/v2\/users\/1"}],"replies":[{"embeddable":true,"href":"https:\/\/mrnews.com.br\/index.php\/wp-json\/wp\/v2\/comments?post=461669"}],"version-history":[{"count":0,"href":"https:\/\/mrnews.com.br\/index.php\/wp-json\/wp\/v2\/posts\/461669\/revisions"}],"wp:attachment":[{"href":"https:\/\/mrnews.com.br\/index.php\/wp-json\/wp\/v2\/media?parent=461669"}],"wp:term":[{"taxonomy":"category","embeddable":true,"href":"https:\/\/mrnews.com.br\/index.php\/wp-json\/wp\/v2\/categories?post=461669"},{"taxonomy":"post_tag","embeddable":true,"href":"https:\/\/mrnews.com.br\/index.php\/wp-json\/wp\/v2\/tags?post=461669"}],"curies":[{"name":"wp","href":"https:\/\/api.w.org\/{rel}","templated":true}]}}