{"id":461673,"date":"2026-05-31T16:34:25","date_gmt":"2026-05-31T19:34:25","guid":{"rendered":"https:\/\/mrnews.com.br\/index.php\/2026\/05\/31\/rio-belga-testa-positivo-para-malaria-mas-fiocruz-nao-descarta-ebola\/"},"modified":"2026-05-31T16:34:25","modified_gmt":"2026-05-31T19:34:25","slug":"rio-belga-testa-positivo-para-malaria-mas-fiocruz-nao-descarta-ebola","status":"publish","type":"post","link":"https:\/\/mrnews.com.br\/index.php\/2026\/05\/31\/rio-belga-testa-positivo-para-malaria-mas-fiocruz-nao-descarta-ebola\/","title":{"rendered":"Rio: belga testa positivo para mal\u00e1ria, mas Fiocruz n\u00e3o descarta ebola"},"content":{"rendered":"<p>Por EBC, <\/p>\n<div>\n<p><strong>O Instituto Nacional de Infectologia Evandro Chagas, da Funda\u00e7\u00e3o Oswaldo Cruz (Fiocruz), investiga desde s\u00e1bado (30) o caso de um viajante belga que veio de Uganda, na \u00c1frica, para o Rio de Janeiro com sintomas virais. O resultado do exame de sangue do paciente n\u00e3o foi conclu\u00eddo, mas as primeiras amostras biol\u00f3gicas deram positivo somente para mal\u00e1ria.<\/strong><\/p>\n<p>Assim que o homem chegou ao Instituto Evandro Chagas com tosse, calafrios e diarreia, a Fiocruz acionou o protocolo para atendimento especializado. <strong>O paciente ficar\u00e1 isolado at\u00e9 o diagn\u00f3stico conclusivo, considerando que Uganda, o pa\u00eds de origem dele, tem registros de casos de ebola.<\/strong> &#8220;A medida \u00e9 de precau\u00e7\u00e3o, considerando o hist\u00f3rico de viagem do paciente&#8221;, informou a Fiocruz, em nota \u00e0 imprensa neste domingo (31).<\/p>\n<p>Os primeiros diagn\u00f3sticos baseados em amostras de saliva e urina, no pr\u00f3prio s\u00e1bado, confirmaram a mal\u00e1ria. Nelas, as an\u00e1lises deram negativo para o ebola. <strong>O teste diagn\u00f3stico referente \u00e0 amostra de sangue segue em an\u00e1lise. A Fiocruz n\u00e3o informou quando o resultado deve ficar pronto.<\/strong><\/p>\n<p>Al\u00e9m do paciente, est\u00e3o sendo monitoradas pessoas que tiveram contato com ele, com apoio das secretarias municipal e estadual de Sa\u00fade, que acompanham o caso. Mesmo assim,<strong> a Fiocruz reitera que o v\u00edrus n\u00e3o \u00e9 transmitido por via respirat\u00f3ria<\/strong>, como a gripe, mas somente por contato direto com sangue, tecidos ou fluidos corporais de indiv\u00edduos e\/ou animais infectados.<\/p>\n<p>No momento, h\u00e1 um surto de ebola em pa\u00edses da \u00c1frica Central, com o epicentro no Congo e casos registrados em Uganda. O v\u00edrus provoca febre hemorr\u00e1gica e apresenta alta letalidade.<\/p>\n<p>A Fiocruz \u00e9 refer\u00eancia para tratar casos suspeitos de ebola com atendimento m\u00e9dico e testagem diagn\u00f3stica no Brasil e informa que o risco de transmiss\u00e3o no pa\u00eds \u00e9 baixo.<\/p>\n<p>      <!-- Relacionada --><\/p>\n<p>            <!-- Relacionada -->\n    <\/div>\n","protected":false},"excerpt":{"rendered":"<p>Por EBC, O Instituto Nacional de Infectologia Evandro Chagas, da Funda\u00e7\u00e3o Oswaldo Cruz (Fiocruz), investiga desde s\u00e1bado (30) o caso de um viajante belga que veio de Uganda, na \u00c1frica, para o Rio de Janeiro com sintomas virais. O resultado do exame de sangue do paciente n\u00e3o foi conclu\u00eddo, mas as primeiras amostras biol\u00f3gicas deram &hellip;<\/p>\n","protected":false},"author":1,"featured_media":0,"comment_status":"open","ping_status":"open","sticky":false,"template":"","format":"standard","meta":{"_jetpack_newsletter_access":"","_jetpack_dont_email_post_to_subs":false,"_jetpack_newsletter_tier_id":0,"_jetpack_memberships_contains_paywalled_content":false,"_jetpack_feature_clip_id":0,"_jetpack_memberships_contains_paid_content":false,"footnotes":"","jetpack_post_was_ever_published":false},"categories":[2,12225,4],"tags":[],"class_list":["post-461673","post","type-post","status-publish","format-standard","hentry","category-entretenimento","category-noticias","category-servicos"],"yoast_head":"<!-- This site is optimized with the Yoast SEO plugin v28.3 - https:\/\/yoast.com\/product\/yoast-seo-wordpress\/ -->\n<title>Rio: belga testa positivo para mal\u00e1ria, mas Fiocruz n\u00e3o descarta ebola<\/title>\n<meta name=\"robots\" content=\"index, follow, max-snippet:-1, max-image-preview:large, max-video-preview:-1\" \/>\n<link rel=\"canonical\" href=\"https:\/\/agenciabrasil.ebc.com.br\/saude\/noticia\/2026-05\/rio-belga-testa-positivo-para-malaria-mas-fiocruz-nao-descarta-ebola\" \/>\n<meta property=\"og:locale\" content=\"pt_BR\" \/>\n<meta property=\"og:type\" content=\"article\" \/>\n<meta property=\"og:title\" content=\"Rio: belga testa positivo para mal\u00e1ria, mas Fiocruz n\u00e3o descarta ebola\" \/>\n<meta property=\"og:description\" content=\"Por EBC, O Instituto Nacional de Infectologia Evandro Chagas, da Funda\u00e7\u00e3o Oswaldo Cruz (Fiocruz), investiga desde s\u00e1bado (30) o caso de um viajante belga que veio de Uganda, na \u00c1frica, para o Rio de Janeiro com sintomas virais. O resultado do exame de sangue do paciente n\u00e3o foi conclu\u00eddo, mas as primeiras amostras biol\u00f3gicas deram &hellip;\" \/>\n<meta property=\"og:url\" content=\"https:\/\/agenciabrasil.ebc.com.br\/saude\/noticia\/2026-05\/rio-belga-testa-positivo-para-malaria-mas-fiocruz-nao-descarta-ebola\" \/>\n<meta property=\"og:site_name\" content=\"MRNews\" \/>\n<meta property=\"article:publisher\" content=\"https:\/\/www.facebook.com\/eaipahpah\/?locale2=pt_BR\" \/>\n<meta property=\"article:published_time\" content=\"2026-05-31T19:34:25+00:00\" \/>\n<meta name=\"author\" content=\"MR News\" \/>\n<meta name=\"twitter:card\" content=\"summary_large_image\" \/>\n<meta name=\"twitter:creator\" content=\"@conspirou\" \/>\n<meta name=\"twitter:site\" content=\"@conspirou\" \/>\n<meta name=\"twitter:label1\" content=\"Escrito por\" \/>\n\t<meta name=\"twitter:data1\" content=\"MR News\" \/>\n\t<meta name=\"twitter:label2\" content=\"Est. tempo de leitura\" \/>\n\t<meta name=\"twitter:data2\" content=\"2 minutos\" \/>\n<script type=\"application\/ld+json\" class=\"yoast-schema-graph\">{\"@context\":\"https:\\\/\\\/schema.org\",\"@graph\":[{\"@type\":\"Article\",\"@id\":\"https:\\\/\\\/agenciabrasil.ebc.com.br\\\/saude\\\/noticia\\\/2026-05\\\/rio-belga-testa-positivo-para-malaria-mas-fiocruz-nao-descarta-ebola#article\",\"isPartOf\":{\"@id\":\"https:\\\/\\\/mrnews.com.br\\\/index.php\\\/2026\\\/05\\\/31\\\/rio-belga-testa-positivo-para-malaria-mas-fiocruz-nao-descarta-ebola\\\/\"},\"author\":{\"name\":\"MR News\",\"@id\":\"https:\\\/\\\/mrnews.com.br\\\/#\\\/schema\\\/person\\\/be3203154562a9f207407861cef7827b\"},\"headline\":\"Rio: belga testa positivo para mal\u00e1ria, mas Fiocruz n\u00e3o descarta ebola\",\"datePublished\":\"2026-05-31T19:34:25+00:00\",\"mainEntityOfPage\":{\"@id\":\"https:\\\/\\\/mrnews.com.br\\\/index.php\\\/2026\\\/05\\\/31\\\/rio-belga-testa-positivo-para-malaria-mas-fiocruz-nao-descarta-ebola\\\/\"},\"wordCount\":327,\"commentCount\":0,\"publisher\":{\"@id\":\"https:\\\/\\\/mrnews.com.br\\\/#organization\"},\"articleSection\":[\"ENTRETENIMENTO\",\"NOTICIAS\",\"SERVI\u00c7OS\"],\"inLanguage\":\"pt-BR\",\"potentialAction\":[{\"@type\":\"CommentAction\",\"name\":\"Comment\",\"target\":[\"https:\\\/\\\/agenciabrasil.ebc.com.br\\\/saude\\\/noticia\\\/2026-05\\\/rio-belga-testa-positivo-para-malaria-mas-fiocruz-nao-descarta-ebola#respond\"]}]},{\"@type\":\"WebPage\",\"@id\":\"https:\\\/\\\/mrnews.com.br\\\/index.php\\\/2026\\\/05\\\/31\\\/rio-belga-testa-positivo-para-malaria-mas-fiocruz-nao-descarta-ebola\\\/\",\"url\":\"https:\\\/\\\/agenciabrasil.ebc.com.br\\\/saude\\\/noticia\\\/2026-05\\\/rio-belga-testa-positivo-para-malaria-mas-fiocruz-nao-descarta-ebola\",\"name\":\"Rio: belga testa positivo para mal\u00e1ria, mas Fiocruz n\u00e3o descarta ebola\",\"isPartOf\":{\"@id\":\"https:\\\/\\\/mrnews.com.br\\\/#website\"},\"datePublished\":\"2026-05-31T19:34:25+00:00\",\"breadcrumb\":{\"@id\":\"https:\\\/\\\/agenciabrasil.ebc.com.br\\\/saude\\\/noticia\\\/2026-05\\\/rio-belga-testa-positivo-para-malaria-mas-fiocruz-nao-descarta-ebola#breadcrumb\"},\"inLanguage\":\"pt-BR\",\"potentialAction\":[{\"@type\":\"ReadAction\",\"target\":[\"https:\\\/\\\/agenciabrasil.ebc.com.br\\\/saude\\\/noticia\\\/2026-05\\\/rio-belga-testa-positivo-para-malaria-mas-fiocruz-nao-descarta-ebola\"]}]},{\"@type\":\"BreadcrumbList\",\"@id\":\"https:\\\/\\\/agenciabrasil.ebc.com.br\\\/saude\\\/noticia\\\/2026-05\\\/rio-belga-testa-positivo-para-malaria-mas-fiocruz-nao-descarta-ebola#breadcrumb\",\"itemListElement\":[{\"@type\":\"ListItem\",\"position\":1,\"name\":\"In\u00edcio\",\"item\":\"https:\\\/\\\/mrnews.com.br\\\/\"},{\"@type\":\"ListItem\",\"position\":2,\"name\":\"Rio: belga testa positivo para mal\u00e1ria, mas Fiocruz n\u00e3o descarta ebola\"}]},{\"@type\":\"WebSite\",\"@id\":\"https:\\\/\\\/mrnews.com.br\\\/#website\",\"url\":\"https:\\\/\\\/mrnews.com.br\\\/\",\"name\":\"MRNews\",\"description\":\"MRNews Jogos de hoje da TV, transmiss\u00f5es ao vivo, Not\u00edcias de futebol, Jogos ao vivo, Lives, resumo de novelas, Programa\u00e7\u00e3o da Globo, A Fazenda e BBB\",\"publisher\":{\"@id\":\"https:\\\/\\\/mrnews.com.br\\\/#organization\"},\"potentialAction\":[{\"@type\":\"SearchAction\",\"target\":{\"@type\":\"EntryPoint\",\"urlTemplate\":\"https:\\\/\\\/mrnews.com.br\\\/?s={search_term_string}\"},\"query-input\":{\"@type\":\"PropertyValueSpecification\",\"valueRequired\":true,\"valueName\":\"search_term_string\"}}],\"inLanguage\":\"pt-BR\"},{\"@type\":\"Organization\",\"@id\":\"https:\\\/\\\/mrnews.com.br\\\/#organization\",\"name\":\"MRNews\",\"url\":\"https:\\\/\\\/mrnews.com.br\\\/\",\"logo\":{\"@type\":\"ImageObject\",\"inLanguage\":\"pt-BR\",\"@id\":\"https:\\\/\\\/mrnews.com.br\\\/#\\\/schema\\\/logo\\\/image\\\/\",\"url\":\"https:\\\/\\\/mrnews.com.br\\\/wp-content\\\/uploads\\\/2026\\\/08\\\/MRNEws.png\",\"contentUrl\":\"https:\\\/\\\/mrnews.com.br\\\/wp-content\\\/uploads\\\/2026\\\/08\\\/MRNEws.png\",\"width\":1254,\"height\":1254,\"caption\":\"MRNews\"},\"image\":{\"@id\":\"https:\\\/\\\/mrnews.com.br\\\/#\\\/schema\\\/logo\\\/image\\\/\"},\"sameAs\":[\"https:\\\/\\\/www.facebook.com\\\/eaipahpah\\\/?locale2=pt_BR\",\"https:\\\/\\\/x.com\\\/conspirou\",\"https:\\\/\\\/www.instagram.com\\\/eai_pahpah\",\"https:\\\/\\\/br.pinterest.com\\\/mrnewsn\\\/boards\\\/\",\"https:\\\/\\\/www.youtube.com\\\/channel\\\/UCacgnpznQ61fifLWr1tQ-vA?view_as=subscriber\"]},{\"@type\":\"Person\",\"@id\":\"https:\\\/\\\/mrnews.com.br\\\/#\\\/schema\\\/person\\\/be3203154562a9f207407861cef7827b\",\"name\":\"MR News\",\"image\":{\"@type\":\"ImageObject\",\"inLanguage\":\"pt-BR\",\"@id\":\"https:\\\/\\\/secure.gravatar.com\\\/avatar\\\/04084e6d73c042b8646e7c17b494073bf0ede3ea13c7105cfc45cbbbc28385a4?s=96&d=monsterid&r=g\",\"url\":\"https:\\\/\\\/secure.gravatar.com\\\/avatar\\\/04084e6d73c042b8646e7c17b494073bf0ede3ea13c7105cfc45cbbbc28385a4?s=96&d=monsterid&r=g\",\"contentUrl\":\"https:\\\/\\\/secure.gravatar.com\\\/avatar\\\/04084e6d73c042b8646e7c17b494073bf0ede3ea13c7105cfc45cbbbc28385a4?s=96&d=monsterid&r=g\",\"caption\":\"MR News\"},\"description\":\"Especializado em jornalismo colaborativo pela FTP em n\u00edvel de p\u00f3s-gradua\u00e7\u00e3o. suporte@oimeliga.combr\",\"sameAs\":[\"HUGO R.\",\"Admin\"],\"url\":\"https:\\\/\\\/mrnews.com.br\\\/index.php\\\/author\\\/admin\\\/\"}]}<\/script>\n<!-- \/ Yoast SEO plugin. -->","yoast_head_json":{"title":"Rio: belga testa positivo para mal\u00e1ria, mas Fiocruz n\u00e3o descarta ebola","robots":{"index":"index","follow":"follow","max-snippet":"max-snippet:-1","max-image-preview":"max-image-preview:large","max-video-preview":"max-video-preview:-1"},"canonical":"https:\/\/agenciabrasil.ebc.com.br\/saude\/noticia\/2026-05\/rio-belga-testa-positivo-para-malaria-mas-fiocruz-nao-descarta-ebola","og_locale":"pt_BR","og_type":"article","og_title":"Rio: belga testa positivo para mal\u00e1ria, mas Fiocruz n\u00e3o descarta ebola","og_description":"Por EBC, O Instituto Nacional de Infectologia Evandro Chagas, da Funda\u00e7\u00e3o Oswaldo Cruz (Fiocruz), investiga desde s\u00e1bado (30) o caso de um viajante belga que veio de Uganda, na \u00c1frica, para o Rio de Janeiro com sintomas virais. O resultado do exame de sangue do paciente n\u00e3o foi conclu\u00eddo, mas as primeiras amostras biol\u00f3gicas deram &hellip;","og_url":"https:\/\/agenciabrasil.ebc.com.br\/saude\/noticia\/2026-05\/rio-belga-testa-positivo-para-malaria-mas-fiocruz-nao-descarta-ebola","og_site_name":"MRNews","article_publisher":"https:\/\/www.facebook.com\/eaipahpah\/?locale2=pt_BR","article_published_time":"2026-05-31T19:34:25+00:00","author":"MR News","twitter_card":"summary_large_image","twitter_creator":"@conspirou","twitter_site":"@conspirou","twitter_misc":{"Escrito por":"MR News","Est. tempo de leitura":"2 minutos"},"schema":{"@context":"https:\/\/schema.org","@graph":[{"@type":"Article","@id":"https:\/\/agenciabrasil.ebc.com.br\/saude\/noticia\/2026-05\/rio-belga-testa-positivo-para-malaria-mas-fiocruz-nao-descarta-ebola#article","isPartOf":{"@id":"https:\/\/mrnews.com.br\/index.php\/2026\/05\/31\/rio-belga-testa-positivo-para-malaria-mas-fiocruz-nao-descarta-ebola\/"},"author":{"name":"MR News","@id":"https:\/\/mrnews.com.br\/#\/schema\/person\/be3203154562a9f207407861cef7827b"},"headline":"Rio: belga testa positivo para mal\u00e1ria, mas Fiocruz n\u00e3o descarta ebola","datePublished":"2026-05-31T19:34:25+00:00","mainEntityOfPage":{"@id":"https:\/\/mrnews.com.br\/index.php\/2026\/05\/31\/rio-belga-testa-positivo-para-malaria-mas-fiocruz-nao-descarta-ebola\/"},"wordCount":327,"commentCount":0,"publisher":{"@id":"https:\/\/mrnews.com.br\/#organization"},"articleSection":["ENTRETENIMENTO","NOTICIAS","SERVI\u00c7OS"],"inLanguage":"pt-BR","potentialAction":[{"@type":"CommentAction","name":"Comment","target":["https:\/\/agenciabrasil.ebc.com.br\/saude\/noticia\/2026-05\/rio-belga-testa-positivo-para-malaria-mas-fiocruz-nao-descarta-ebola#respond"]}]},{"@type":"WebPage","@id":"https:\/\/mrnews.com.br\/index.php\/2026\/05\/31\/rio-belga-testa-positivo-para-malaria-mas-fiocruz-nao-descarta-ebola\/","url":"https:\/\/agenciabrasil.ebc.com.br\/saude\/noticia\/2026-05\/rio-belga-testa-positivo-para-malaria-mas-fiocruz-nao-descarta-ebola","name":"Rio: belga testa positivo para mal\u00e1ria, mas Fiocruz n\u00e3o descarta ebola","isPartOf":{"@id":"https:\/\/mrnews.com.br\/#website"},"datePublished":"2026-05-31T19:34:25+00:00","breadcrumb":{"@id":"https:\/\/agenciabrasil.ebc.com.br\/saude\/noticia\/2026-05\/rio-belga-testa-positivo-para-malaria-mas-fiocruz-nao-descarta-ebola#breadcrumb"},"inLanguage":"pt-BR","potentialAction":[{"@type":"ReadAction","target":["https:\/\/agenciabrasil.ebc.com.br\/saude\/noticia\/2026-05\/rio-belga-testa-positivo-para-malaria-mas-fiocruz-nao-descarta-ebola"]}]},{"@type":"BreadcrumbList","@id":"https:\/\/agenciabrasil.ebc.com.br\/saude\/noticia\/2026-05\/rio-belga-testa-positivo-para-malaria-mas-fiocruz-nao-descarta-ebola#breadcrumb","itemListElement":[{"@type":"ListItem","position":1,"name":"In\u00edcio","item":"https:\/\/mrnews.com.br\/"},{"@type":"ListItem","position":2,"name":"Rio: belga testa positivo para mal\u00e1ria, mas Fiocruz n\u00e3o descarta ebola"}]},{"@type":"WebSite","@id":"https:\/\/mrnews.com.br\/#website","url":"https:\/\/mrnews.com.br\/","name":"MRNews","description":"MRNews Jogos de hoje da TV, transmiss\u00f5es ao vivo, Not\u00edcias de futebol, Jogos ao vivo, Lives, resumo de novelas, Programa\u00e7\u00e3o da Globo, A Fazenda e BBB","publisher":{"@id":"https:\/\/mrnews.com.br\/#organization"},"potentialAction":[{"@type":"SearchAction","target":{"@type":"EntryPoint","urlTemplate":"https:\/\/mrnews.com.br\/?s={search_term_string}"},"query-input":{"@type":"PropertyValueSpecification","valueRequired":true,"valueName":"search_term_string"}}],"inLanguage":"pt-BR"},{"@type":"Organization","@id":"https:\/\/mrnews.com.br\/#organization","name":"MRNews","url":"https:\/\/mrnews.com.br\/","logo":{"@type":"ImageObject","inLanguage":"pt-BR","@id":"https:\/\/mrnews.com.br\/#\/schema\/logo\/image\/","url":"https:\/\/mrnews.com.br\/wp-content\/uploads\/2026\/08\/MRNEws.png","contentUrl":"https:\/\/mrnews.com.br\/wp-content\/uploads\/2026\/08\/MRNEws.png","width":1254,"height":1254,"caption":"MRNews"},"image":{"@id":"https:\/\/mrnews.com.br\/#\/schema\/logo\/image\/"},"sameAs":["https:\/\/www.facebook.com\/eaipahpah\/?locale2=pt_BR","https:\/\/x.com\/conspirou","https:\/\/www.instagram.com\/eai_pahpah","https:\/\/br.pinterest.com\/mrnewsn\/boards\/","https:\/\/www.youtube.com\/channel\/UCacgnpznQ61fifLWr1tQ-vA?view_as=subscriber"]},{"@type":"Person","@id":"https:\/\/mrnews.com.br\/#\/schema\/person\/be3203154562a9f207407861cef7827b","name":"MR News","image":{"@type":"ImageObject","inLanguage":"pt-BR","@id":"https:\/\/secure.gravatar.com\/avatar\/04084e6d73c042b8646e7c17b494073bf0ede3ea13c7105cfc45cbbbc28385a4?s=96&d=monsterid&r=g","url":"https:\/\/secure.gravatar.com\/avatar\/04084e6d73c042b8646e7c17b494073bf0ede3ea13c7105cfc45cbbbc28385a4?s=96&d=monsterid&r=g","contentUrl":"https:\/\/secure.gravatar.com\/avatar\/04084e6d73c042b8646e7c17b494073bf0ede3ea13c7105cfc45cbbbc28385a4?s=96&d=monsterid&r=g","caption":"MR News"},"description":"Especializado em jornalismo colaborativo pela FTP em n\u00edvel de p\u00f3s-gradua\u00e7\u00e3o. suporte@oimeliga.combr","sameAs":["HUGO R.","Admin"],"url":"https:\/\/mrnews.com.br\/index.php\/author\/admin\/"}]}},"jetpack_sharing_enabled":true,"jetpack_shortlink":"https:\/\/wp.me\/pa2Qf7-1W6l","amp_enabled":true,"jetpack_featured_media_url":"","_links":{"self":[{"href":"https:\/\/mrnews.com.br\/index.php\/wp-json\/wp\/v2\/posts\/461673","targetHints":{"allow":["GET"]}}],"collection":[{"href":"https:\/\/mrnews.com.br\/index.php\/wp-json\/wp\/v2\/posts"}],"about":[{"href":"https:\/\/mrnews.com.br\/index.php\/wp-json\/wp\/v2\/types\/post"}],"author":[{"embeddable":true,"href":"https:\/\/mrnews.com.br\/index.php\/wp-json\/wp\/v2\/users\/1"}],"replies":[{"embeddable":true,"href":"https:\/\/mrnews.com.br\/index.php\/wp-json\/wp\/v2\/comments?post=461673"}],"version-history":[{"count":0,"href":"https:\/\/mrnews.com.br\/index.php\/wp-json\/wp\/v2\/posts\/461673\/revisions"}],"wp:attachment":[{"href":"https:\/\/mrnews.com.br\/index.php\/wp-json\/wp\/v2\/media?parent=461673"}],"wp:term":[{"taxonomy":"category","embeddable":true,"href":"https:\/\/mrnews.com.br\/index.php\/wp-json\/wp\/v2\/categories?post=461673"},{"taxonomy":"post_tag","embeddable":true,"href":"https:\/\/mrnews.com.br\/index.php\/wp-json\/wp\/v2\/tags?post=461673"}],"curies":[{"name":"wp","href":"https:\/\/api.w.org\/{rel}","templated":true}]}}