{"id":461696,"date":"2026-06-01T11:54:04","date_gmt":"2026-06-01T14:54:04","guid":{"rendered":"https:\/\/mrnews.com.br\/?p=461696"},"modified":"2026-06-01T11:54:04","modified_gmt":"2026-06-01T14:54:04","slug":"tragedia-na-br-116-16-pessoas-da-mesma-familia-morrem-apos-retorno-de-festa-de-aniversario","status":"publish","type":"post","link":"https:\/\/mrnews.com.br\/index.php\/2026\/06\/01\/tragedia-na-br-116-16-pessoas-da-mesma-familia-morrem-apos-retorno-de-festa-de-aniversario\/","title":{"rendered":"Trag\u00e9dia na BR-116; 16 pessoas da mesma fam\u00edlia morrem ap\u00f3s retorno de festa de anivers\u00e1rio"},"content":{"rendered":"<h1>Trag\u00e9dia na BR-116: 16 pessoas da mesma fam\u00edlia morrem ap\u00f3s retorno de festa de anivers\u00e1rio na Bahia<\/h1>\n<p>Uma trag\u00e9dia de grandes propor\u00e7\u00f5es abalou a Bahia na tarde deste domingo (31). Dezesseis pessoas morreram ap\u00f3s uma violenta colis\u00e3o frontal entre uma van e um caminh\u00e3o na BR-116, em um trecho localizado no munic\u00edpio de Santa Terezinha, a cerca de 109 quil\u00f4metros de Feira de Santana.<\/p>\n<p>Segundo informa\u00e7\u00f5es confirmadas pela Pol\u00edcia Rodovi\u00e1ria Federal (PRF), o acidente aconteceu por volta das 16h40, no km 506 da rodovia. Equipes de resgate, policiais e peritos foram mobilizados para atender a ocorr\u00eancia, considerada uma das mais graves registradas na regi\u00e3o nos \u00faltimos anos.<\/p>\n<h2>Fam\u00edlia retornava de comemora\u00e7\u00e3o<\/h2>\n<p>As informa\u00e7\u00f5es preliminares apontam que a maioria das v\u00edtimas pertencia \u00e0 mesma fam\u00edlia e retornava de uma festa de anivers\u00e1rio quando ocorreu a colis\u00e3o.<\/p>\n<p>A not\u00edcia causou forte como\u00e7\u00e3o entre moradores da regi\u00e3o e nas redes sociais, onde amigos e familiares passaram a prestar homenagens \u00e0s v\u00edtimas. At\u00e9 o in\u00edcio da noite, as identidades dos ocupantes da van ainda n\u00e3o haviam sido oficialmente divulgadas pelas autoridades.<\/p>\n<h2>Rodovia foi totalmente interditada<\/h2>\n<p>A colis\u00e3o aconteceu em um trecho de pista simples da BR-116. Com o impacto, a rodovia precisou ser completamente interditada para o trabalho das equipes de resgate, remo\u00e7\u00e3o dos ve\u00edculos e realiza\u00e7\u00e3o da per\u00edcia t\u00e9cnica.<\/p>\n<p>Imagens divulgadas por ve\u00edculos locais mostram a destrui\u00e7\u00e3o causada pela batida. Os ve\u00edculos ficaram severamente danificados, evidenciando a viol\u00eancia do acidente.<\/p>\n<p>O Departamento de Pol\u00edcia T\u00e9cnica (DPT) de Santo Ant\u00f4nio de Jesus foi acionado para realizar os procedimentos periciais e a remo\u00e7\u00e3o dos corpos.<\/p>\n<h2>Investiga\u00e7\u00f5es continuam<\/h2>\n<p>As circunst\u00e2ncias que levaram ao acidente ainda est\u00e3o sendo investigadas. A Pol\u00edcia Rodovi\u00e1ria Federal trabalha para esclarecer as causas da colis\u00e3o e determinar a din\u00e2mica do ocorrido.<\/p>\n<p>At\u00e9 o momento, n\u00e3o foram divulgadas informa\u00e7\u00f5es oficiais sobre poss\u00edveis fatores que possam ter contribu\u00eddo para a trag\u00e9dia.<\/p>\n<h2>Como\u00e7\u00e3o em toda a Bahia<\/h2>\n<p>A not\u00edcia rapidamente ganhou repercuss\u00e3o em diversas cidades baianas. Santa Terezinha, Feira de Santana e munic\u00edpios vizinhos acompanharam com tristeza as informa\u00e7\u00f5es sobre o acidente.<\/p>\n<p>Moradores da regi\u00e3o destacaram o impacto emocional provocado pela perda de tantas vidas de uma mesma fam\u00edlia em um \u00fanico epis\u00f3dio.<\/p>\n<p>A BR-116 \u00e9 uma das rodovias mais movimentadas do pa\u00eds e frequentemente registra acidentes graves devido ao intenso fluxo de ve\u00edculos de carga e passageiros.<\/p>\n<p>As autoridades seguem no local acompanhando a ocorr\u00eancia e prestando apoio aos familiares das v\u00edtimas.<\/p>\n<p><strong>Tags:<\/strong> BR-116, Santa Terezinha, acidente na Bahia, trag\u00e9dia na BR-116, Feira de Santana, Pol\u00edcia Rodovi\u00e1ria Federal, van e caminh\u00e3o, v\u00edtimas da mesma fam\u00edlia, tr\u00e2nsito, Bahia.<\/p>\n","protected":false},"excerpt":{"rendered":"<p>Trag\u00e9dia na BR-116: 16 pessoas da mesma fam\u00edlia morrem ap\u00f3s retorno de festa de anivers\u00e1rio na Bahia Uma trag\u00e9dia de grandes propor\u00e7\u00f5es abalou a Bahia na tarde deste domingo (31). Dezesseis pessoas morreram ap\u00f3s uma violenta colis\u00e3o frontal entre uma van e um caminh\u00e3o na BR-116, em um trecho localizado no munic\u00edpio de Santa Terezinha, &hellip;<\/p>\n","protected":false},"author":1,"featured_media":358368,"comment_status":"open","ping_status":"open","sticky":false,"template":"","format":"standard","meta":{"_jetpack_newsletter_access":"","_jetpack_dont_email_post_to_subs":false,"_jetpack_newsletter_tier_id":0,"_jetpack_memberships_contains_paywalled_content":false,"_jetpack_feature_clip_id":0,"_jetpack_memberships_contains_paid_content":false,"footnotes":"","jetpack_post_was_ever_published":false},"categories":[2],"tags":[15575,13321,15573,15577,15578,15574,15576,15581,15579,15580],"class_list":["post-461696","post","type-post","status-publish","format-standard","has-post-thumbnail","hentry","category-entretenimento","tag-acidente-na-bahia","tag-bahia","tag-br-116","tag-feira-de-santana","tag-policia-rodoviaria-federal","tag-santa-terezinha","tag-tragedia-na-br-116","tag-transito","tag-van-e-caminhao","tag-vitimas-da-mesma-familia"],"yoast_head":"<!-- This site is optimized with the Yoast SEO plugin v28.4 - https:\/\/yoast.com\/product\/yoast-seo-wordpress\/ -->\n<title>Trag\u00e9dia na BR-116; 16 pessoas da mesma fam\u00edlia morrem ap\u00f3s retorno de festa de anivers\u00e1rio<\/title>\n<meta name=\"robots\" content=\"index, follow, max-snippet:-1, max-image-preview:large, max-video-preview:-1\" \/>\n<link rel=\"canonical\" href=\"https:\/\/mrnews.com.br\/index.php\/2026\/06\/01\/tragedia-na-br-116-16-pessoas-da-mesma-familia-morrem-apos-retorno-de-festa-de-aniversario\/\" \/>\n<meta property=\"og:locale\" content=\"pt_BR\" \/>\n<meta property=\"og:type\" content=\"article\" \/>\n<meta property=\"og:title\" content=\"Trag\u00e9dia na BR-116; 16 pessoas da mesma fam\u00edlia morrem ap\u00f3s retorno de festa de anivers\u00e1rio\" \/>\n<meta property=\"og:description\" content=\"Trag\u00e9dia na BR-116: 16 pessoas da mesma fam\u00edlia morrem ap\u00f3s retorno de festa de anivers\u00e1rio na Bahia Uma trag\u00e9dia de grandes propor\u00e7\u00f5es abalou a Bahia na tarde deste domingo (31). Dezesseis pessoas morreram ap\u00f3s uma violenta colis\u00e3o frontal entre uma van e um caminh\u00e3o na BR-116, em um trecho localizado no munic\u00edpio de Santa Terezinha, &hellip;\" \/>\n<meta property=\"og:url\" content=\"https:\/\/mrnews.com.br\/index.php\/2026\/06\/01\/tragedia-na-br-116-16-pessoas-da-mesma-familia-morrem-apos-retorno-de-festa-de-aniversario\/\" \/>\n<meta property=\"og:site_name\" content=\"MRNews\" \/>\n<meta property=\"article:publisher\" content=\"https:\/\/www.facebook.com\/eaipahpah\/?locale2=pt_BR\" \/>\n<meta property=\"article:published_time\" content=\"2026-06-01T14:54:04+00:00\" \/>\n<meta property=\"og:image\" content=\"https:\/\/mrnews.com.br\/wp-content\/uploads\/2022\/07\/LUTO-GLOBO.jpeg\" \/>\n\t<meta property=\"og:image:width\" content=\"696\" \/>\n\t<meta property=\"og:image:height\" content=\"365\" \/>\n\t<meta property=\"og:image:type\" content=\"image\/jpeg\" \/>\n<meta name=\"author\" content=\"MR News\" \/>\n<meta name=\"twitter:card\" content=\"summary_large_image\" \/>\n<meta name=\"twitter:creator\" content=\"@conspirou\" \/>\n<meta name=\"twitter:site\" content=\"@conspirou\" \/>\n<meta name=\"twitter:label1\" content=\"Escrito por\" \/>\n\t<meta name=\"twitter:data1\" content=\"MR News\" \/>\n\t<meta name=\"twitter:label2\" content=\"Est. tempo de leitura\" \/>\n\t<meta name=\"twitter:data2\" content=\"3 minutos\" \/>\n<script type=\"application\/ld+json\" class=\"yoast-schema-graph\">{\"@context\":\"https:\\\/\\\/schema.org\",\"@graph\":[{\"@type\":\"Article\",\"@id\":\"https:\\\/\\\/mrnews.com.br\\\/index.php\\\/2026\\\/06\\\/01\\\/tragedia-na-br-116-16-pessoas-da-mesma-familia-morrem-apos-retorno-de-festa-de-aniversario\\\/#article\",\"isPartOf\":{\"@id\":\"https:\\\/\\\/mrnews.com.br\\\/index.php\\\/2026\\\/06\\\/01\\\/tragedia-na-br-116-16-pessoas-da-mesma-familia-morrem-apos-retorno-de-festa-de-aniversario\\\/\"},\"author\":{\"name\":\"MR News\",\"@id\":\"https:\\\/\\\/mrnews.com.br\\\/#\\\/schema\\\/person\\\/be3203154562a9f207407861cef7827b\"},\"headline\":\"Trag\u00e9dia na BR-116; 16 pessoas da mesma fam\u00edlia morrem ap\u00f3s retorno de festa de anivers\u00e1rio\",\"datePublished\":\"2026-06-01T14:54:04+00:00\",\"mainEntityOfPage\":{\"@id\":\"https:\\\/\\\/mrnews.com.br\\\/index.php\\\/2026\\\/06\\\/01\\\/tragedia-na-br-116-16-pessoas-da-mesma-familia-morrem-apos-retorno-de-festa-de-aniversario\\\/\"},\"wordCount\":509,\"commentCount\":0,\"publisher\":{\"@id\":\"https:\\\/\\\/mrnews.com.br\\\/#organization\"},\"image\":{\"@id\":\"https:\\\/\\\/mrnews.com.br\\\/index.php\\\/2026\\\/06\\\/01\\\/tragedia-na-br-116-16-pessoas-da-mesma-familia-morrem-apos-retorno-de-festa-de-aniversario\\\/#primaryimage\"},\"thumbnailUrl\":\"https:\\\/\\\/mrnews.com.br\\\/wp-content\\\/uploads\\\/2022\\\/07\\\/LUTO-GLOBO.jpeg\",\"keywords\":[\"acidente na Bahia\",\"bahia\",\"BR-116\",\"Feira de Santana\",\"Pol\u00edcia Rodovi\u00e1ria Federal\",\"Santa Terezinha\",\"trag\u00e9dia na BR-116\",\"tr\u00e2nsito\",\"van e caminh\u00e3o\",\"v\u00edtimas da mesma fam\u00edlia\"],\"articleSection\":[\"ENTRETENIMENTO\"],\"inLanguage\":\"pt-BR\",\"potentialAction\":[{\"@type\":\"CommentAction\",\"name\":\"Comment\",\"target\":[\"https:\\\/\\\/mrnews.com.br\\\/index.php\\\/2026\\\/06\\\/01\\\/tragedia-na-br-116-16-pessoas-da-mesma-familia-morrem-apos-retorno-de-festa-de-aniversario\\\/#respond\"]}]},{\"@type\":\"WebPage\",\"@id\":\"https:\\\/\\\/mrnews.com.br\\\/index.php\\\/2026\\\/06\\\/01\\\/tragedia-na-br-116-16-pessoas-da-mesma-familia-morrem-apos-retorno-de-festa-de-aniversario\\\/\",\"url\":\"https:\\\/\\\/mrnews.com.br\\\/index.php\\\/2026\\\/06\\\/01\\\/tragedia-na-br-116-16-pessoas-da-mesma-familia-morrem-apos-retorno-de-festa-de-aniversario\\\/\",\"name\":\"Trag\u00e9dia na BR-116; 16 pessoas da mesma fam\u00edlia morrem ap\u00f3s retorno de festa de anivers\u00e1rio\",\"isPartOf\":{\"@id\":\"https:\\\/\\\/mrnews.com.br\\\/#website\"},\"primaryImageOfPage\":{\"@id\":\"https:\\\/\\\/mrnews.com.br\\\/index.php\\\/2026\\\/06\\\/01\\\/tragedia-na-br-116-16-pessoas-da-mesma-familia-morrem-apos-retorno-de-festa-de-aniversario\\\/#primaryimage\"},\"image\":{\"@id\":\"https:\\\/\\\/mrnews.com.br\\\/index.php\\\/2026\\\/06\\\/01\\\/tragedia-na-br-116-16-pessoas-da-mesma-familia-morrem-apos-retorno-de-festa-de-aniversario\\\/#primaryimage\"},\"thumbnailUrl\":\"https:\\\/\\\/mrnews.com.br\\\/wp-content\\\/uploads\\\/2022\\\/07\\\/LUTO-GLOBO.jpeg\",\"datePublished\":\"2026-06-01T14:54:04+00:00\",\"breadcrumb\":{\"@id\":\"https:\\\/\\\/mrnews.com.br\\\/index.php\\\/2026\\\/06\\\/01\\\/tragedia-na-br-116-16-pessoas-da-mesma-familia-morrem-apos-retorno-de-festa-de-aniversario\\\/#breadcrumb\"},\"inLanguage\":\"pt-BR\",\"potentialAction\":[{\"@type\":\"ReadAction\",\"target\":[\"https:\\\/\\\/mrnews.com.br\\\/index.php\\\/2026\\\/06\\\/01\\\/tragedia-na-br-116-16-pessoas-da-mesma-familia-morrem-apos-retorno-de-festa-de-aniversario\\\/\"]}]},{\"@type\":\"ImageObject\",\"inLanguage\":\"pt-BR\",\"@id\":\"https:\\\/\\\/mrnews.com.br\\\/index.php\\\/2026\\\/06\\\/01\\\/tragedia-na-br-116-16-pessoas-da-mesma-familia-morrem-apos-retorno-de-festa-de-aniversario\\\/#primaryimage\",\"url\":\"https:\\\/\\\/mrnews.com.br\\\/wp-content\\\/uploads\\\/2022\\\/07\\\/LUTO-GLOBO.jpeg\",\"contentUrl\":\"https:\\\/\\\/mrnews.com.br\\\/wp-content\\\/uploads\\\/2022\\\/07\\\/LUTO-GLOBO.jpeg\",\"width\":696,\"height\":365},{\"@type\":\"BreadcrumbList\",\"@id\":\"https:\\\/\\\/mrnews.com.br\\\/index.php\\\/2026\\\/06\\\/01\\\/tragedia-na-br-116-16-pessoas-da-mesma-familia-morrem-apos-retorno-de-festa-de-aniversario\\\/#breadcrumb\",\"itemListElement\":[{\"@type\":\"ListItem\",\"position\":1,\"name\":\"In\u00edcio\",\"item\":\"https:\\\/\\\/mrnews.com.br\\\/\"},{\"@type\":\"ListItem\",\"position\":2,\"name\":\"Trag\u00e9dia na BR-116; 16 pessoas da mesma fam\u00edlia morrem ap\u00f3s retorno de festa de anivers\u00e1rio\"}]},{\"@type\":\"WebSite\",\"@id\":\"https:\\\/\\\/mrnews.com.br\\\/#website\",\"url\":\"https:\\\/\\\/mrnews.com.br\\\/\",\"name\":\"MRNews\",\"description\":\"MRNews Jogos de hoje da TV, transmiss\u00f5es ao vivo, Not\u00edcias de futebol, Jogos ao vivo, Lives, resumo de novelas, Programa\u00e7\u00e3o da Globo, A Fazenda e BBB\",\"publisher\":{\"@id\":\"https:\\\/\\\/mrnews.com.br\\\/#organization\"},\"potentialAction\":[{\"@type\":\"SearchAction\",\"target\":{\"@type\":\"EntryPoint\",\"urlTemplate\":\"https:\\\/\\\/mrnews.com.br\\\/?s={search_term_string}\"},\"query-input\":{\"@type\":\"PropertyValueSpecification\",\"valueRequired\":true,\"valueName\":\"search_term_string\"}}],\"inLanguage\":\"pt-BR\"},{\"@type\":\"Organization\",\"@id\":\"https:\\\/\\\/mrnews.com.br\\\/#organization\",\"name\":\"MRNews\",\"url\":\"https:\\\/\\\/mrnews.com.br\\\/\",\"logo\":{\"@type\":\"ImageObject\",\"inLanguage\":\"pt-BR\",\"@id\":\"https:\\\/\\\/mrnews.com.br\\\/#\\\/schema\\\/logo\\\/image\\\/\",\"url\":\"https:\\\/\\\/mrnews.com.br\\\/wp-content\\\/uploads\\\/2026\\\/08\\\/MRNEws.png\",\"contentUrl\":\"https:\\\/\\\/mrnews.com.br\\\/wp-content\\\/uploads\\\/2026\\\/08\\\/MRNEws.png\",\"width\":1254,\"height\":1254,\"caption\":\"MRNews\"},\"image\":{\"@id\":\"https:\\\/\\\/mrnews.com.br\\\/#\\\/schema\\\/logo\\\/image\\\/\"},\"sameAs\":[\"https:\\\/\\\/www.facebook.com\\\/eaipahpah\\\/?locale2=pt_BR\",\"https:\\\/\\\/x.com\\\/conspirou\",\"https:\\\/\\\/www.instagram.com\\\/eai_pahpah\",\"https:\\\/\\\/br.pinterest.com\\\/mrnewsn\\\/boards\\\/\",\"https:\\\/\\\/www.youtube.com\\\/channel\\\/UCacgnpznQ61fifLWr1tQ-vA?view_as=subscriber\"]},{\"@type\":\"Person\",\"@id\":\"https:\\\/\\\/mrnews.com.br\\\/#\\\/schema\\\/person\\\/be3203154562a9f207407861cef7827b\",\"name\":\"MR News\",\"image\":{\"@type\":\"ImageObject\",\"inLanguage\":\"pt-BR\",\"@id\":\"https:\\\/\\\/secure.gravatar.com\\\/avatar\\\/04084e6d73c042b8646e7c17b494073bf0ede3ea13c7105cfc45cbbbc28385a4?s=96&d=monsterid&r=g\",\"url\":\"https:\\\/\\\/secure.gravatar.com\\\/avatar\\\/04084e6d73c042b8646e7c17b494073bf0ede3ea13c7105cfc45cbbbc28385a4?s=96&d=monsterid&r=g\",\"contentUrl\":\"https:\\\/\\\/secure.gravatar.com\\\/avatar\\\/04084e6d73c042b8646e7c17b494073bf0ede3ea13c7105cfc45cbbbc28385a4?s=96&d=monsterid&r=g\",\"caption\":\"MR News\"},\"description\":\"Especializado em jornalismo colaborativo pela FTP em n\u00edvel de p\u00f3s-gradua\u00e7\u00e3o. suporte@oimeliga.combr\",\"sameAs\":[\"HUGO R.\",\"Admin\"],\"url\":\"https:\\\/\\\/mrnews.com.br\\\/index.php\\\/author\\\/admin\\\/\"}]}<\/script>\n<!-- \/ Yoast SEO plugin. -->","yoast_head_json":{"title":"Trag\u00e9dia na BR-116; 16 pessoas da mesma fam\u00edlia morrem ap\u00f3s retorno de festa de anivers\u00e1rio","robots":{"index":"index","follow":"follow","max-snippet":"max-snippet:-1","max-image-preview":"max-image-preview:large","max-video-preview":"max-video-preview:-1"},"canonical":"https:\/\/mrnews.com.br\/index.php\/2026\/06\/01\/tragedia-na-br-116-16-pessoas-da-mesma-familia-morrem-apos-retorno-de-festa-de-aniversario\/","og_locale":"pt_BR","og_type":"article","og_title":"Trag\u00e9dia na BR-116; 16 pessoas da mesma fam\u00edlia morrem ap\u00f3s retorno de festa de anivers\u00e1rio","og_description":"Trag\u00e9dia na BR-116: 16 pessoas da mesma fam\u00edlia morrem ap\u00f3s retorno de festa de anivers\u00e1rio na Bahia Uma trag\u00e9dia de grandes propor\u00e7\u00f5es abalou a Bahia na tarde deste domingo (31). Dezesseis pessoas morreram ap\u00f3s uma violenta colis\u00e3o frontal entre uma van e um caminh\u00e3o na BR-116, em um trecho localizado no munic\u00edpio de Santa Terezinha, &hellip;","og_url":"https:\/\/mrnews.com.br\/index.php\/2026\/06\/01\/tragedia-na-br-116-16-pessoas-da-mesma-familia-morrem-apos-retorno-de-festa-de-aniversario\/","og_site_name":"MRNews","article_publisher":"https:\/\/www.facebook.com\/eaipahpah\/?locale2=pt_BR","article_published_time":"2026-06-01T14:54:04+00:00","og_image":[{"width":696,"height":365,"url":"https:\/\/mrnews.com.br\/wp-content\/uploads\/2022\/07\/LUTO-GLOBO.jpeg","type":"image\/jpeg"}],"author":"MR News","twitter_card":"summary_large_image","twitter_creator":"@conspirou","twitter_site":"@conspirou","twitter_misc":{"Escrito por":"MR News","Est. tempo de leitura":"3 minutos"},"schema":{"@context":"https:\/\/schema.org","@graph":[{"@type":"Article","@id":"https:\/\/mrnews.com.br\/index.php\/2026\/06\/01\/tragedia-na-br-116-16-pessoas-da-mesma-familia-morrem-apos-retorno-de-festa-de-aniversario\/#article","isPartOf":{"@id":"https:\/\/mrnews.com.br\/index.php\/2026\/06\/01\/tragedia-na-br-116-16-pessoas-da-mesma-familia-morrem-apos-retorno-de-festa-de-aniversario\/"},"author":{"name":"MR News","@id":"https:\/\/mrnews.com.br\/#\/schema\/person\/be3203154562a9f207407861cef7827b"},"headline":"Trag\u00e9dia na BR-116; 16 pessoas da mesma fam\u00edlia morrem ap\u00f3s retorno de festa de anivers\u00e1rio","datePublished":"2026-06-01T14:54:04+00:00","mainEntityOfPage":{"@id":"https:\/\/mrnews.com.br\/index.php\/2026\/06\/01\/tragedia-na-br-116-16-pessoas-da-mesma-familia-morrem-apos-retorno-de-festa-de-aniversario\/"},"wordCount":509,"commentCount":0,"publisher":{"@id":"https:\/\/mrnews.com.br\/#organization"},"image":{"@id":"https:\/\/mrnews.com.br\/index.php\/2026\/06\/01\/tragedia-na-br-116-16-pessoas-da-mesma-familia-morrem-apos-retorno-de-festa-de-aniversario\/#primaryimage"},"thumbnailUrl":"https:\/\/mrnews.com.br\/wp-content\/uploads\/2022\/07\/LUTO-GLOBO.jpeg","keywords":["acidente na Bahia","bahia","BR-116","Feira de Santana","Pol\u00edcia Rodovi\u00e1ria Federal","Santa Terezinha","trag\u00e9dia na BR-116","tr\u00e2nsito","van e caminh\u00e3o","v\u00edtimas da mesma fam\u00edlia"],"articleSection":["ENTRETENIMENTO"],"inLanguage":"pt-BR","potentialAction":[{"@type":"CommentAction","name":"Comment","target":["https:\/\/mrnews.com.br\/index.php\/2026\/06\/01\/tragedia-na-br-116-16-pessoas-da-mesma-familia-morrem-apos-retorno-de-festa-de-aniversario\/#respond"]}]},{"@type":"WebPage","@id":"https:\/\/mrnews.com.br\/index.php\/2026\/06\/01\/tragedia-na-br-116-16-pessoas-da-mesma-familia-morrem-apos-retorno-de-festa-de-aniversario\/","url":"https:\/\/mrnews.com.br\/index.php\/2026\/06\/01\/tragedia-na-br-116-16-pessoas-da-mesma-familia-morrem-apos-retorno-de-festa-de-aniversario\/","name":"Trag\u00e9dia na BR-116; 16 pessoas da mesma fam\u00edlia morrem ap\u00f3s retorno de festa de anivers\u00e1rio","isPartOf":{"@id":"https:\/\/mrnews.com.br\/#website"},"primaryImageOfPage":{"@id":"https:\/\/mrnews.com.br\/index.php\/2026\/06\/01\/tragedia-na-br-116-16-pessoas-da-mesma-familia-morrem-apos-retorno-de-festa-de-aniversario\/#primaryimage"},"image":{"@id":"https:\/\/mrnews.com.br\/index.php\/2026\/06\/01\/tragedia-na-br-116-16-pessoas-da-mesma-familia-morrem-apos-retorno-de-festa-de-aniversario\/#primaryimage"},"thumbnailUrl":"https:\/\/mrnews.com.br\/wp-content\/uploads\/2022\/07\/LUTO-GLOBO.jpeg","datePublished":"2026-06-01T14:54:04+00:00","breadcrumb":{"@id":"https:\/\/mrnews.com.br\/index.php\/2026\/06\/01\/tragedia-na-br-116-16-pessoas-da-mesma-familia-morrem-apos-retorno-de-festa-de-aniversario\/#breadcrumb"},"inLanguage":"pt-BR","potentialAction":[{"@type":"ReadAction","target":["https:\/\/mrnews.com.br\/index.php\/2026\/06\/01\/tragedia-na-br-116-16-pessoas-da-mesma-familia-morrem-apos-retorno-de-festa-de-aniversario\/"]}]},{"@type":"ImageObject","inLanguage":"pt-BR","@id":"https:\/\/mrnews.com.br\/index.php\/2026\/06\/01\/tragedia-na-br-116-16-pessoas-da-mesma-familia-morrem-apos-retorno-de-festa-de-aniversario\/#primaryimage","url":"https:\/\/mrnews.com.br\/wp-content\/uploads\/2022\/07\/LUTO-GLOBO.jpeg","contentUrl":"https:\/\/mrnews.com.br\/wp-content\/uploads\/2022\/07\/LUTO-GLOBO.jpeg","width":696,"height":365},{"@type":"BreadcrumbList","@id":"https:\/\/mrnews.com.br\/index.php\/2026\/06\/01\/tragedia-na-br-116-16-pessoas-da-mesma-familia-morrem-apos-retorno-de-festa-de-aniversario\/#breadcrumb","itemListElement":[{"@type":"ListItem","position":1,"name":"In\u00edcio","item":"https:\/\/mrnews.com.br\/"},{"@type":"ListItem","position":2,"name":"Trag\u00e9dia na BR-116; 16 pessoas da mesma fam\u00edlia morrem ap\u00f3s retorno de festa de anivers\u00e1rio"}]},{"@type":"WebSite","@id":"https:\/\/mrnews.com.br\/#website","url":"https:\/\/mrnews.com.br\/","name":"MRNews","description":"MRNews Jogos de hoje da TV, transmiss\u00f5es ao vivo, Not\u00edcias de futebol, Jogos ao vivo, Lives, resumo de novelas, Programa\u00e7\u00e3o da Globo, A Fazenda e BBB","publisher":{"@id":"https:\/\/mrnews.com.br\/#organization"},"potentialAction":[{"@type":"SearchAction","target":{"@type":"EntryPoint","urlTemplate":"https:\/\/mrnews.com.br\/?s={search_term_string}"},"query-input":{"@type":"PropertyValueSpecification","valueRequired":true,"valueName":"search_term_string"}}],"inLanguage":"pt-BR"},{"@type":"Organization","@id":"https:\/\/mrnews.com.br\/#organization","name":"MRNews","url":"https:\/\/mrnews.com.br\/","logo":{"@type":"ImageObject","inLanguage":"pt-BR","@id":"https:\/\/mrnews.com.br\/#\/schema\/logo\/image\/","url":"https:\/\/mrnews.com.br\/wp-content\/uploads\/2026\/08\/MRNEws.png","contentUrl":"https:\/\/mrnews.com.br\/wp-content\/uploads\/2026\/08\/MRNEws.png","width":1254,"height":1254,"caption":"MRNews"},"image":{"@id":"https:\/\/mrnews.com.br\/#\/schema\/logo\/image\/"},"sameAs":["https:\/\/www.facebook.com\/eaipahpah\/?locale2=pt_BR","https:\/\/x.com\/conspirou","https:\/\/www.instagram.com\/eai_pahpah","https:\/\/br.pinterest.com\/mrnewsn\/boards\/","https:\/\/www.youtube.com\/channel\/UCacgnpznQ61fifLWr1tQ-vA?view_as=subscriber"]},{"@type":"Person","@id":"https:\/\/mrnews.com.br\/#\/schema\/person\/be3203154562a9f207407861cef7827b","name":"MR News","image":{"@type":"ImageObject","inLanguage":"pt-BR","@id":"https:\/\/secure.gravatar.com\/avatar\/04084e6d73c042b8646e7c17b494073bf0ede3ea13c7105cfc45cbbbc28385a4?s=96&d=monsterid&r=g","url":"https:\/\/secure.gravatar.com\/avatar\/04084e6d73c042b8646e7c17b494073bf0ede3ea13c7105cfc45cbbbc28385a4?s=96&d=monsterid&r=g","contentUrl":"https:\/\/secure.gravatar.com\/avatar\/04084e6d73c042b8646e7c17b494073bf0ede3ea13c7105cfc45cbbbc28385a4?s=96&d=monsterid&r=g","caption":"MR News"},"description":"Especializado em jornalismo colaborativo pela FTP em n\u00edvel de p\u00f3s-gradua\u00e7\u00e3o. suporte@oimeliga.combr","sameAs":["HUGO R.","Admin"],"url":"https:\/\/mrnews.com.br\/index.php\/author\/admin\/"}]}},"jetpack_sharing_enabled":true,"jetpack_shortlink":"https:\/\/wp.me\/pa2Qf7-1W6I","amp_enabled":true,"jetpack_featured_media_url":"https:\/\/mrnews.com.br\/wp-content\/uploads\/2022\/07\/LUTO-GLOBO.jpeg","_links":{"self":[{"href":"https:\/\/mrnews.com.br\/index.php\/wp-json\/wp\/v2\/posts\/461696","targetHints":{"allow":["GET"]}}],"collection":[{"href":"https:\/\/mrnews.com.br\/index.php\/wp-json\/wp\/v2\/posts"}],"about":[{"href":"https:\/\/mrnews.com.br\/index.php\/wp-json\/wp\/v2\/types\/post"}],"author":[{"embeddable":true,"href":"https:\/\/mrnews.com.br\/index.php\/wp-json\/wp\/v2\/users\/1"}],"replies":[{"embeddable":true,"href":"https:\/\/mrnews.com.br\/index.php\/wp-json\/wp\/v2\/comments?post=461696"}],"version-history":[{"count":1,"href":"https:\/\/mrnews.com.br\/index.php\/wp-json\/wp\/v2\/posts\/461696\/revisions"}],"predecessor-version":[{"id":461697,"href":"https:\/\/mrnews.com.br\/index.php\/wp-json\/wp\/v2\/posts\/461696\/revisions\/461697"}],"wp:featuredmedia":[{"embeddable":true,"href":"https:\/\/mrnews.com.br\/index.php\/wp-json\/wp\/v2\/media\/358368"}],"wp:attachment":[{"href":"https:\/\/mrnews.com.br\/index.php\/wp-json\/wp\/v2\/media?parent=461696"}],"wp:term":[{"taxonomy":"category","embeddable":true,"href":"https:\/\/mrnews.com.br\/index.php\/wp-json\/wp\/v2\/categories?post=461696"},{"taxonomy":"post_tag","embeddable":true,"href":"https:\/\/mrnews.com.br\/index.php\/wp-json\/wp\/v2\/tags?post=461696"}],"curies":[{"name":"wp","href":"https:\/\/api.w.org\/{rel}","templated":true}]}}