{"id":461728,"date":"2026-06-01T23:22:24","date_gmt":"2026-06-02T02:22:24","guid":{"rendered":"https:\/\/mrnews.com.br\/index.php\/2026\/06\/01\/cancelada-a-marcha-do-orgulho-trans-em-sao-paulo\/"},"modified":"2026-06-01T23:22:24","modified_gmt":"2026-06-02T02:22:24","slug":"cancelada-a-marcha-do-orgulho-trans-em-sao-paulo","status":"publish","type":"post","link":"https:\/\/mrnews.com.br\/index.php\/2026\/06\/01\/cancelada-a-marcha-do-orgulho-trans-em-sao-paulo\/","title":{"rendered":"Cancelada a Marcha do Orgulho Trans em S\u00e3o Paulo"},"content":{"rendered":"<p>Por EBC, <\/p>\n<div>\n<p>A Marcha do Orgulho Trans, que ocorre anualmente desde 2018 no centro da capital paulista, n\u00e3o vai ocorrer neste ano de 2026.<\/p>\n<p>Em comunicado \u00e0 imprensa divulgado na \u00faltima sexta-feira (31), o Instituto SSEX BBOX informou que deixar\u00e1 a organiza\u00e7\u00e3o do evento.\u00a0<\/p>\n<p>\u201cA decis\u00e3o de n\u00e3o mais organizar a Marcha do Orgulho Trans de S\u00e3o Paulo representa um momento decisivo de transforma\u00e7\u00e3o para a institui\u00e7\u00e3o. O cen\u00e1rio da comunidade trans mudou significativamente nos \u00faltimos nove anos \u2013 e suas necessidades e desejos, assim como os do Instituto [SSEX BBOX], tamb\u00e9m evolu\u00edram.&#8221;<\/p>\n<p>O evento era realizado na mesma semana da Parada do Orgulho LGBT+, que neste ano ocorrer\u00e1 no pr\u00f3ximo domingo (7).<\/p>\n<p>No comunicado \u00e0 imprensa, o Instituto\u00a0informou ainda que vai abrir inscri\u00e7\u00f5es para que outros grupos possam assumir a organiza\u00e7\u00e3o do evento nos pr\u00f3ximos anos.\u00a0<\/p>\n<p>&#8220;Se antes a Marcha ocupava um lugar central e impulsionador, hoje ela coexiste com diversos outros eventos liderados por pessoas trans, igualmente potentes na celebra\u00e7\u00e3o da nossa comunidade em toda a sua diversidade.\u201d<\/p>\n<h2>Patroc\u00ednio<\/h2>\n<p>Na semana passada, o fundador do SSEX BBOX, Lyon Adryan Ror, disse \u00e0 colunista M\u00f4nica Bergamo, do jornal <em>Folha de S.Paulo<\/em>, que o evento enfrentava dificuldades com a diminui\u00e7\u00e3o de patroc\u00ednios. Segundo ele, incentivos de empresas norte-americanas a eventos LGBTQIA+ ca\u00edram desde que Donald Trump assumiu a presid\u00eancia dos Estados Unidos.<\/p>\n<p>&#8220;Esse ecossistema de investimento e patroc\u00ednio ligado \u00e0s iniciativas LGBTQIA+ mudou consideravelmente nos \u00faltimos anos. Isso teve impacto direto em muitas organiza\u00e7\u00f5es, projetos culturais e iniciativas independentes \u2014 e n\u00f3s n\u00e3o somos diferentes&#8221;, disse ele \u00e0 colunista.<\/p>\n<p>A diminui\u00e7\u00e3o de patroc\u00ednios tamb\u00e9m atingiu a Parada do Orgulho LGBT+ neste ano. Em entrevista \u00e0 <strong>Ag\u00eancia Brasil<\/strong>, o presidente da Associa\u00e7\u00e3o da Parada do Orgulho LGBT de S\u00e3o Paulo (APOLGBT-SP), Nelson Matias Pereira, disse que houve uma redu\u00e7\u00e3o de 60% na receita com patrocinadores neste ano, o que afetou n\u00e3o somente a organiza\u00e7\u00e3o da Parada, como tamb\u00e9m as a\u00e7\u00f5es sociais e culturais promovidas pela associa\u00e7\u00e3o.<\/p>\n<p>\u201cSe voc\u00ea observar, eu vou ter s\u00f3 dois patrocinadores na Parada, e j\u00e1 tivemos seis grandes empresas [patrocinando]. Eu sei que \u00e9 um ano dif\u00edcil, \u00e9 um ano em que a gente vai ter Copa, \u00e9 um ano pol\u00edtico, mas essa redu\u00e7\u00e3o j\u00e1 vem se desenhando h\u00e1 um tempo\u201d, afirmou Pereira.<\/p>\n<p>Na edi\u00e7\u00e3o deste ano foram confirmadas as presen\u00e7as de artistas como Gloria Groove, Pepita, Diego Martins e Melody, entre outros. Alguns dos artistas anunciaram que v\u00e3o abrir m\u00e3o de seus cach\u00eas para fortalecer a manifesta\u00e7\u00e3o.\u00a0<\/p>\n<p>Com o tema 30 Anos Parada SP: A Rua Convoca, a Urna Confirma, a edi\u00e7\u00e3o deste ano prop\u00f5e uma reflex\u00e3o sobre mobiliza\u00e7\u00e3o popular, participa\u00e7\u00e3o pol\u00edtica e a perman\u00eancia da ocupa\u00e7\u00e3o das ruas como espa\u00e7o democr\u00e1tico de cidadania, diversidade e visibilidade LGBT+.<\/p>\n<p>\u00a0<\/p>\n<p>      <!-- Relacionada --><\/p>\n<p>            <!-- Relacionada -->\n    <\/div>\n","protected":false},"excerpt":{"rendered":"<p>Por EBC, A Marcha do Orgulho Trans, que ocorre anualmente desde 2018 no centro da capital paulista, n\u00e3o vai ocorrer neste ano de 2026. Em comunicado \u00e0 imprensa divulgado na \u00faltima sexta-feira (31), o Instituto SSEX BBOX informou que deixar\u00e1 a organiza\u00e7\u00e3o do evento.\u00a0 \u201cA decis\u00e3o de n\u00e3o mais organizar a Marcha do Orgulho Trans &hellip;<\/p>\n","protected":false},"author":1,"featured_media":0,"comment_status":"open","ping_status":"open","sticky":false,"template":"","format":"standard","meta":{"_jetpack_newsletter_access":"","_jetpack_dont_email_post_to_subs":false,"_jetpack_newsletter_tier_id":0,"_jetpack_memberships_contains_paywalled_content":false,"_jetpack_feature_clip_id":0,"_jetpack_memberships_contains_paid_content":false,"footnotes":"","jetpack_post_was_ever_published":false},"categories":[2,12225,4],"tags":[],"class_list":["post-461728","post","type-post","status-publish","format-standard","hentry","category-entretenimento","category-noticias","category-servicos"],"yoast_head":"<!-- This site is optimized with the Yoast SEO plugin v28.4 - https:\/\/yoast.com\/product\/yoast-seo-wordpress\/ -->\n<title>Cancelada a Marcha do Orgulho Trans em S\u00e3o Paulo<\/title>\n<meta name=\"robots\" content=\"index, follow, max-snippet:-1, max-image-preview:large, max-video-preview:-1\" \/>\n<link rel=\"canonical\" href=\"https:\/\/agenciabrasil.ebc.com.br\/direitos-humanos\/noticia\/2026-06\/cancelada-marcha-do-orgulho-trans-em-sao-paulo\" \/>\n<meta property=\"og:locale\" content=\"pt_BR\" \/>\n<meta property=\"og:type\" content=\"article\" \/>\n<meta property=\"og:title\" content=\"Cancelada a Marcha do Orgulho Trans em S\u00e3o Paulo\" \/>\n<meta property=\"og:description\" content=\"Por EBC, A Marcha do Orgulho Trans, que ocorre anualmente desde 2018 no centro da capital paulista, n\u00e3o vai ocorrer neste ano de 2026. Em comunicado \u00e0 imprensa divulgado na \u00faltima sexta-feira (31), o Instituto SSEX BBOX informou que deixar\u00e1 a organiza\u00e7\u00e3o do evento.\u00a0 \u201cA decis\u00e3o de n\u00e3o mais organizar a Marcha do Orgulho Trans &hellip;\" \/>\n<meta property=\"og:url\" content=\"https:\/\/agenciabrasil.ebc.com.br\/direitos-humanos\/noticia\/2026-06\/cancelada-marcha-do-orgulho-trans-em-sao-paulo\" \/>\n<meta property=\"og:site_name\" content=\"MRNews\" \/>\n<meta property=\"article:publisher\" content=\"https:\/\/www.facebook.com\/eaipahpah\/?locale2=pt_BR\" \/>\n<meta property=\"article:published_time\" content=\"2026-06-02T02:22:24+00:00\" \/>\n<meta name=\"author\" content=\"MR News\" \/>\n<meta name=\"twitter:card\" content=\"summary_large_image\" \/>\n<meta name=\"twitter:creator\" content=\"@conspirou\" \/>\n<meta name=\"twitter:site\" content=\"@conspirou\" \/>\n<meta name=\"twitter:label1\" content=\"Escrito por\" \/>\n\t<meta name=\"twitter:data1\" content=\"MR News\" \/>\n\t<meta name=\"twitter:label2\" content=\"Est. tempo de leitura\" \/>\n\t<meta name=\"twitter:data2\" content=\"2 minutos\" \/>\n<script type=\"application\/ld+json\" class=\"yoast-schema-graph\">{\"@context\":\"https:\\\/\\\/schema.org\",\"@graph\":[{\"@type\":\"Article\",\"@id\":\"https:\\\/\\\/agenciabrasil.ebc.com.br\\\/direitos-humanos\\\/noticia\\\/2026-06\\\/cancelada-marcha-do-orgulho-trans-em-sao-paulo#article\",\"isPartOf\":{\"@id\":\"https:\\\/\\\/mrnews.com.br\\\/index.php\\\/2026\\\/06\\\/01\\\/cancelada-a-marcha-do-orgulho-trans-em-sao-paulo\\\/\"},\"author\":{\"name\":\"MR News\",\"@id\":\"https:\\\/\\\/mrnews.com.br\\\/#\\\/schema\\\/person\\\/be3203154562a9f207407861cef7827b\"},\"headline\":\"Cancelada a Marcha do Orgulho Trans em S\u00e3o Paulo\",\"datePublished\":\"2026-06-02T02:22:24+00:00\",\"mainEntityOfPage\":{\"@id\":\"https:\\\/\\\/mrnews.com.br\\\/index.php\\\/2026\\\/06\\\/01\\\/cancelada-a-marcha-do-orgulho-trans-em-sao-paulo\\\/\"},\"wordCount\":504,\"commentCount\":0,\"publisher\":{\"@id\":\"https:\\\/\\\/mrnews.com.br\\\/#organization\"},\"articleSection\":[\"ENTRETENIMENTO\",\"NOTICIAS\",\"SERVI\u00c7OS\"],\"inLanguage\":\"pt-BR\",\"potentialAction\":[{\"@type\":\"CommentAction\",\"name\":\"Comment\",\"target\":[\"https:\\\/\\\/agenciabrasil.ebc.com.br\\\/direitos-humanos\\\/noticia\\\/2026-06\\\/cancelada-marcha-do-orgulho-trans-em-sao-paulo#respond\"]}]},{\"@type\":\"WebPage\",\"@id\":\"https:\\\/\\\/mrnews.com.br\\\/index.php\\\/2026\\\/06\\\/01\\\/cancelada-a-marcha-do-orgulho-trans-em-sao-paulo\\\/\",\"url\":\"https:\\\/\\\/agenciabrasil.ebc.com.br\\\/direitos-humanos\\\/noticia\\\/2026-06\\\/cancelada-marcha-do-orgulho-trans-em-sao-paulo\",\"name\":\"Cancelada a Marcha do Orgulho Trans em S\u00e3o Paulo\",\"isPartOf\":{\"@id\":\"https:\\\/\\\/mrnews.com.br\\\/#website\"},\"datePublished\":\"2026-06-02T02:22:24+00:00\",\"breadcrumb\":{\"@id\":\"https:\\\/\\\/agenciabrasil.ebc.com.br\\\/direitos-humanos\\\/noticia\\\/2026-06\\\/cancelada-marcha-do-orgulho-trans-em-sao-paulo#breadcrumb\"},\"inLanguage\":\"pt-BR\",\"potentialAction\":[{\"@type\":\"ReadAction\",\"target\":[\"https:\\\/\\\/agenciabrasil.ebc.com.br\\\/direitos-humanos\\\/noticia\\\/2026-06\\\/cancelada-marcha-do-orgulho-trans-em-sao-paulo\"]}]},{\"@type\":\"BreadcrumbList\",\"@id\":\"https:\\\/\\\/agenciabrasil.ebc.com.br\\\/direitos-humanos\\\/noticia\\\/2026-06\\\/cancelada-marcha-do-orgulho-trans-em-sao-paulo#breadcrumb\",\"itemListElement\":[{\"@type\":\"ListItem\",\"position\":1,\"name\":\"In\u00edcio\",\"item\":\"https:\\\/\\\/mrnews.com.br\\\/\"},{\"@type\":\"ListItem\",\"position\":2,\"name\":\"Cancelada a Marcha do Orgulho Trans em S\u00e3o Paulo\"}]},{\"@type\":\"WebSite\",\"@id\":\"https:\\\/\\\/mrnews.com.br\\\/#website\",\"url\":\"https:\\\/\\\/mrnews.com.br\\\/\",\"name\":\"MRNews\",\"description\":\"MRNews Jogos de hoje da TV, transmiss\u00f5es ao vivo, Not\u00edcias de futebol, Jogos ao vivo, Lives, resumo de novelas, Programa\u00e7\u00e3o da Globo, A Fazenda e BBB\",\"publisher\":{\"@id\":\"https:\\\/\\\/mrnews.com.br\\\/#organization\"},\"potentialAction\":[{\"@type\":\"SearchAction\",\"target\":{\"@type\":\"EntryPoint\",\"urlTemplate\":\"https:\\\/\\\/mrnews.com.br\\\/?s={search_term_string}\"},\"query-input\":{\"@type\":\"PropertyValueSpecification\",\"valueRequired\":true,\"valueName\":\"search_term_string\"}}],\"inLanguage\":\"pt-BR\"},{\"@type\":\"Organization\",\"@id\":\"https:\\\/\\\/mrnews.com.br\\\/#organization\",\"name\":\"MRNews\",\"url\":\"https:\\\/\\\/mrnews.com.br\\\/\",\"logo\":{\"@type\":\"ImageObject\",\"inLanguage\":\"pt-BR\",\"@id\":\"https:\\\/\\\/mrnews.com.br\\\/#\\\/schema\\\/logo\\\/image\\\/\",\"url\":\"https:\\\/\\\/mrnews.com.br\\\/wp-content\\\/uploads\\\/2026\\\/08\\\/MRNEws.png\",\"contentUrl\":\"https:\\\/\\\/mrnews.com.br\\\/wp-content\\\/uploads\\\/2026\\\/08\\\/MRNEws.png\",\"width\":1254,\"height\":1254,\"caption\":\"MRNews\"},\"image\":{\"@id\":\"https:\\\/\\\/mrnews.com.br\\\/#\\\/schema\\\/logo\\\/image\\\/\"},\"sameAs\":[\"https:\\\/\\\/www.facebook.com\\\/eaipahpah\\\/?locale2=pt_BR\",\"https:\\\/\\\/x.com\\\/conspirou\",\"https:\\\/\\\/www.instagram.com\\\/eai_pahpah\",\"https:\\\/\\\/br.pinterest.com\\\/mrnewsn\\\/boards\\\/\",\"https:\\\/\\\/www.youtube.com\\\/channel\\\/UCacgnpznQ61fifLWr1tQ-vA?view_as=subscriber\"]},{\"@type\":\"Person\",\"@id\":\"https:\\\/\\\/mrnews.com.br\\\/#\\\/schema\\\/person\\\/be3203154562a9f207407861cef7827b\",\"name\":\"MR News\",\"image\":{\"@type\":\"ImageObject\",\"inLanguage\":\"pt-BR\",\"@id\":\"https:\\\/\\\/secure.gravatar.com\\\/avatar\\\/04084e6d73c042b8646e7c17b494073bf0ede3ea13c7105cfc45cbbbc28385a4?s=96&d=monsterid&r=g\",\"url\":\"https:\\\/\\\/secure.gravatar.com\\\/avatar\\\/04084e6d73c042b8646e7c17b494073bf0ede3ea13c7105cfc45cbbbc28385a4?s=96&d=monsterid&r=g\",\"contentUrl\":\"https:\\\/\\\/secure.gravatar.com\\\/avatar\\\/04084e6d73c042b8646e7c17b494073bf0ede3ea13c7105cfc45cbbbc28385a4?s=96&d=monsterid&r=g\",\"caption\":\"MR News\"},\"description\":\"Especializado em jornalismo colaborativo pela FTP em n\u00edvel de p\u00f3s-gradua\u00e7\u00e3o. suporte@oimeliga.combr\",\"sameAs\":[\"HUGO R.\",\"Admin\"],\"url\":\"https:\\\/\\\/mrnews.com.br\\\/index.php\\\/author\\\/admin\\\/\"}]}<\/script>\n<!-- \/ Yoast SEO plugin. -->","yoast_head_json":{"title":"Cancelada a Marcha do Orgulho Trans em S\u00e3o Paulo","robots":{"index":"index","follow":"follow","max-snippet":"max-snippet:-1","max-image-preview":"max-image-preview:large","max-video-preview":"max-video-preview:-1"},"canonical":"https:\/\/agenciabrasil.ebc.com.br\/direitos-humanos\/noticia\/2026-06\/cancelada-marcha-do-orgulho-trans-em-sao-paulo","og_locale":"pt_BR","og_type":"article","og_title":"Cancelada a Marcha do Orgulho Trans em S\u00e3o Paulo","og_description":"Por EBC, A Marcha do Orgulho Trans, que ocorre anualmente desde 2018 no centro da capital paulista, n\u00e3o vai ocorrer neste ano de 2026. Em comunicado \u00e0 imprensa divulgado na \u00faltima sexta-feira (31), o Instituto SSEX BBOX informou que deixar\u00e1 a organiza\u00e7\u00e3o do evento.\u00a0 \u201cA decis\u00e3o de n\u00e3o mais organizar a Marcha do Orgulho Trans &hellip;","og_url":"https:\/\/agenciabrasil.ebc.com.br\/direitos-humanos\/noticia\/2026-06\/cancelada-marcha-do-orgulho-trans-em-sao-paulo","og_site_name":"MRNews","article_publisher":"https:\/\/www.facebook.com\/eaipahpah\/?locale2=pt_BR","article_published_time":"2026-06-02T02:22:24+00:00","author":"MR News","twitter_card":"summary_large_image","twitter_creator":"@conspirou","twitter_site":"@conspirou","twitter_misc":{"Escrito por":"MR News","Est. tempo de leitura":"2 minutos"},"schema":{"@context":"https:\/\/schema.org","@graph":[{"@type":"Article","@id":"https:\/\/agenciabrasil.ebc.com.br\/direitos-humanos\/noticia\/2026-06\/cancelada-marcha-do-orgulho-trans-em-sao-paulo#article","isPartOf":{"@id":"https:\/\/mrnews.com.br\/index.php\/2026\/06\/01\/cancelada-a-marcha-do-orgulho-trans-em-sao-paulo\/"},"author":{"name":"MR News","@id":"https:\/\/mrnews.com.br\/#\/schema\/person\/be3203154562a9f207407861cef7827b"},"headline":"Cancelada a Marcha do Orgulho Trans em S\u00e3o Paulo","datePublished":"2026-06-02T02:22:24+00:00","mainEntityOfPage":{"@id":"https:\/\/mrnews.com.br\/index.php\/2026\/06\/01\/cancelada-a-marcha-do-orgulho-trans-em-sao-paulo\/"},"wordCount":504,"commentCount":0,"publisher":{"@id":"https:\/\/mrnews.com.br\/#organization"},"articleSection":["ENTRETENIMENTO","NOTICIAS","SERVI\u00c7OS"],"inLanguage":"pt-BR","potentialAction":[{"@type":"CommentAction","name":"Comment","target":["https:\/\/agenciabrasil.ebc.com.br\/direitos-humanos\/noticia\/2026-06\/cancelada-marcha-do-orgulho-trans-em-sao-paulo#respond"]}]},{"@type":"WebPage","@id":"https:\/\/mrnews.com.br\/index.php\/2026\/06\/01\/cancelada-a-marcha-do-orgulho-trans-em-sao-paulo\/","url":"https:\/\/agenciabrasil.ebc.com.br\/direitos-humanos\/noticia\/2026-06\/cancelada-marcha-do-orgulho-trans-em-sao-paulo","name":"Cancelada a Marcha do Orgulho Trans em S\u00e3o Paulo","isPartOf":{"@id":"https:\/\/mrnews.com.br\/#website"},"datePublished":"2026-06-02T02:22:24+00:00","breadcrumb":{"@id":"https:\/\/agenciabrasil.ebc.com.br\/direitos-humanos\/noticia\/2026-06\/cancelada-marcha-do-orgulho-trans-em-sao-paulo#breadcrumb"},"inLanguage":"pt-BR","potentialAction":[{"@type":"ReadAction","target":["https:\/\/agenciabrasil.ebc.com.br\/direitos-humanos\/noticia\/2026-06\/cancelada-marcha-do-orgulho-trans-em-sao-paulo"]}]},{"@type":"BreadcrumbList","@id":"https:\/\/agenciabrasil.ebc.com.br\/direitos-humanos\/noticia\/2026-06\/cancelada-marcha-do-orgulho-trans-em-sao-paulo#breadcrumb","itemListElement":[{"@type":"ListItem","position":1,"name":"In\u00edcio","item":"https:\/\/mrnews.com.br\/"},{"@type":"ListItem","position":2,"name":"Cancelada a Marcha do Orgulho Trans em S\u00e3o Paulo"}]},{"@type":"WebSite","@id":"https:\/\/mrnews.com.br\/#website","url":"https:\/\/mrnews.com.br\/","name":"MRNews","description":"MRNews Jogos de hoje da TV, transmiss\u00f5es ao vivo, Not\u00edcias de futebol, Jogos ao vivo, Lives, resumo de novelas, Programa\u00e7\u00e3o da Globo, A Fazenda e BBB","publisher":{"@id":"https:\/\/mrnews.com.br\/#organization"},"potentialAction":[{"@type":"SearchAction","target":{"@type":"EntryPoint","urlTemplate":"https:\/\/mrnews.com.br\/?s={search_term_string}"},"query-input":{"@type":"PropertyValueSpecification","valueRequired":true,"valueName":"search_term_string"}}],"inLanguage":"pt-BR"},{"@type":"Organization","@id":"https:\/\/mrnews.com.br\/#organization","name":"MRNews","url":"https:\/\/mrnews.com.br\/","logo":{"@type":"ImageObject","inLanguage":"pt-BR","@id":"https:\/\/mrnews.com.br\/#\/schema\/logo\/image\/","url":"https:\/\/mrnews.com.br\/wp-content\/uploads\/2026\/08\/MRNEws.png","contentUrl":"https:\/\/mrnews.com.br\/wp-content\/uploads\/2026\/08\/MRNEws.png","width":1254,"height":1254,"caption":"MRNews"},"image":{"@id":"https:\/\/mrnews.com.br\/#\/schema\/logo\/image\/"},"sameAs":["https:\/\/www.facebook.com\/eaipahpah\/?locale2=pt_BR","https:\/\/x.com\/conspirou","https:\/\/www.instagram.com\/eai_pahpah","https:\/\/br.pinterest.com\/mrnewsn\/boards\/","https:\/\/www.youtube.com\/channel\/UCacgnpznQ61fifLWr1tQ-vA?view_as=subscriber"]},{"@type":"Person","@id":"https:\/\/mrnews.com.br\/#\/schema\/person\/be3203154562a9f207407861cef7827b","name":"MR News","image":{"@type":"ImageObject","inLanguage":"pt-BR","@id":"https:\/\/secure.gravatar.com\/avatar\/04084e6d73c042b8646e7c17b494073bf0ede3ea13c7105cfc45cbbbc28385a4?s=96&d=monsterid&r=g","url":"https:\/\/secure.gravatar.com\/avatar\/04084e6d73c042b8646e7c17b494073bf0ede3ea13c7105cfc45cbbbc28385a4?s=96&d=monsterid&r=g","contentUrl":"https:\/\/secure.gravatar.com\/avatar\/04084e6d73c042b8646e7c17b494073bf0ede3ea13c7105cfc45cbbbc28385a4?s=96&d=monsterid&r=g","caption":"MR News"},"description":"Especializado em jornalismo colaborativo pela FTP em n\u00edvel de p\u00f3s-gradua\u00e7\u00e3o. suporte@oimeliga.combr","sameAs":["HUGO R.","Admin"],"url":"https:\/\/mrnews.com.br\/index.php\/author\/admin\/"}]}},"jetpack_sharing_enabled":true,"jetpack_shortlink":"https:\/\/wp.me\/pa2Qf7-1W7e","amp_enabled":true,"jetpack_featured_media_url":"","_links":{"self":[{"href":"https:\/\/mrnews.com.br\/index.php\/wp-json\/wp\/v2\/posts\/461728","targetHints":{"allow":["GET"]}}],"collection":[{"href":"https:\/\/mrnews.com.br\/index.php\/wp-json\/wp\/v2\/posts"}],"about":[{"href":"https:\/\/mrnews.com.br\/index.php\/wp-json\/wp\/v2\/types\/post"}],"author":[{"embeddable":true,"href":"https:\/\/mrnews.com.br\/index.php\/wp-json\/wp\/v2\/users\/1"}],"replies":[{"embeddable":true,"href":"https:\/\/mrnews.com.br\/index.php\/wp-json\/wp\/v2\/comments?post=461728"}],"version-history":[{"count":0,"href":"https:\/\/mrnews.com.br\/index.php\/wp-json\/wp\/v2\/posts\/461728\/revisions"}],"wp:attachment":[{"href":"https:\/\/mrnews.com.br\/index.php\/wp-json\/wp\/v2\/media?parent=461728"}],"wp:term":[{"taxonomy":"category","embeddable":true,"href":"https:\/\/mrnews.com.br\/index.php\/wp-json\/wp\/v2\/categories?post=461728"},{"taxonomy":"post_tag","embeddable":true,"href":"https:\/\/mrnews.com.br\/index.php\/wp-json\/wp\/v2\/tags?post=461728"}],"curies":[{"name":"wp","href":"https:\/\/api.w.org\/{rel}","templated":true}]}}